{"id":172295,"date":"2012-01-16T19:09:00","date_gmt":"2012-01-16T19:09:00","guid":{"rendered":"https:\/\/www.webdo.tn\/fr\/blog\/bhiri-et-la-polemique-du-frere-pedophile\/172295\/"},"modified":"2012-01-16T19:09:00","modified_gmt":"2012-01-16T19:09:00","slug":"bhiri-et-la-polemique-du-frere-pedophile","status":"publish","type":"post","link":"https:\/\/www.webdo.tn\/fr\/actualite\/national\/bhiri-et-la-polemique-du-frere-pedophile\/172295\/","title":{"rendered":"Bhiri et la pol\u00e9mique du fr\u00e8re p\u00e9dophile !"},"content":{"rendered":"<p>Le ministre de la justice, Noureddine Bhiri, et par sa d\u00e9cision de faire b\u00e9n\u00e9ficier 3.868 d\u00e9tenus de l\u2019amnistie sp\u00e9ciale en annulant ou en r\u00e9duisant leurs peines et en faisant b\u00e9n\u00e9ficier quelques 4.976 autres de la libert\u00e9 conditionnelle, \u00e0 l\u2019occasion de la c\u00e9l\u00e9bration du premier anniversaire de la libert\u00e9 et de la dignit\u00e9, ne pensait pas devenir l&rsquo;objet de toutes les critiques et provoquer l\u2019acharnement des internautes. \u00ab Oubliez les droits des enfants, concentrez-vous sur les droits des p\u00e9dophiles \u00bb pouvons-nous lire sur Twitter ou dans les commentaires sur la page Facebook de Noureddine Bhiri. Il y a m\u00eame eu la cr\u00e9ation de la page \u00ab\u00a0Pour la castration chimique du fr\u00e8re p\u00e9dophile de Bhiri\u00a0\u00bb.<\/p>\n<p>La raison de ces reproches : le fr\u00e8re de l\u2019actuel ministre de la Justice figurait parmi les d\u00e9tenus ayant b\u00e9n\u00e9fici\u00e9 de l\u2019amnistie. Il encourt une peine qui remonte \u00e0 onze ans. Pire, son frangin serait inculp\u00e9 puis emprisonn\u00e9 pour p\u00e9dophilie. Bhiri, dans son intervention sur les ondes de Mosaique ou sur la page d\u2019\u00ab Al Oula \u00bb n\u2019a pas \u00e9voqu\u00e9 les all\u00e9gations dont son fr\u00e8re avait fait objet, mais a annonc\u00e9 que son \u00e9gal a b\u00e9n\u00e9fici\u00e9 comme tant d\u2019autres de cette amnistie puisqu\u2019il r\u00e9pond aux conditions requises pour sortir apr\u00e8s 4 ans de prison.<\/p>\n<p>Les internautes n\u2019\u00e9taient pas les seuls \u00e0 contester cette d\u00e9cision. Puisque toute la r\u00e9gion de la ville de J\u00e9b\u00e9niana, dont sont originaires Noureddine Bhiri et a fortiori son fr\u00e8re N\u00e9ji Bhiri, a manifest\u00e9 contre cette d\u00e9cision, mais aussi pour exprimer son m\u00e9contentement vis-\u00e0-vis de l\u2019attitude du nouveau gouvernement qui peine \u00e0 r\u00e9pondre aux demandes incessantes des jeunes ch\u00f4meurs.<\/p>\n<p>Nous avons essay\u00e9 \u00e0 maintes reprises de contacter le ministre de la justice, en vain. Ce qui est sur, c&rsquo;est qu&rsquo;un minimum de transparence est exig\u00e9 dans des affaires pareilles. Et comme il a \u00e9t\u00e9 bien dit dans un Tweet \u00ab\u00a0Les ministres devraient d\u00e9clarer combien de proches ils ont en prison \u00e0 part leur bien\u00a0\u00bb.<\/p>\n","protected":false},"excerpt":{"rendered":"<p>Bhiri et la pol\u00e9mique du fr\u00e8re p\u00e9dophile !<\/p>\n","protected":false},"author":3222,"featured_media":333829,"comment_status":"open","ping_status":"closed","sticky":false,"template":"","format":"standard","meta":{"footnotes":""},"categories":[44],"tags":[2600],"class_list":["post-172295","post","type-post","status-publish","format-standard","has-post-thumbnail","hentry","category-national","tag-guerre"],"yoast_head":"<!-- This site is optimized with the Yoast SEO Premium plugin v27.5 (Yoast SEO v27.5) - https:\/\/yoast.com\/product\/yoast-seo-premium-wordpress\/ -->\n<title>Bhiri et la pol\u00e9mique du fr\u00e8re p\u00e9dophile !<\/title>\n<meta name=\"description\" content=\"Bhiri et la pol\u00e9mique du fr\u00e8re p\u00e9dophile !\" \/>\n<link rel=\"canonical\" href=\"https:\/\/www.webdo.tn\/fr\/actualite\/national-45\/bhiri-et-la-polemique-du-frere-pedophile\/172295\/\" \/>\n<meta property=\"og:locale\" content=\"fr_FR\" \/>\n<meta property=\"og:type\" content=\"article\" \/>\n<meta property=\"og:title\" content=\"Bhiri et la pol\u00e9mique du fr\u00e8re p\u00e9dophile !\" \/>\n<meta property=\"og:description\" content=\"Bhiri et la pol\u00e9mique du fr\u00e8re p\u00e9dophile !\" \/>\n<meta property=\"og:url\" content=\"https:\/\/www.webdo.tn\/fr\/actualite\/national-45\/bhiri-et-la-polemique-du-frere-pedophile\/172295\/\" \/>\n<meta property=\"og:site_name\" content=\"webdo\" \/>\n<meta property=\"article:publisher\" content=\"https:\/\/www.facebook.com\/webdotn\" \/>\n<meta property=\"article:published_time\" content=\"2012-01-16T19:09:00+00:00\" \/>\n<meta property=\"og:image\" content=\"https:\/\/www.webdo.tn\/fr\/wp-content\/uploads\/2012\/01\/Nourdinne-Bhiri1.jpg\" \/>\n\t<meta property=\"og:image:width\" content=\"225\" \/>\n\t<meta property=\"og:image:height\" content=\"224\" \/>\n\t<meta property=\"og:image:type\" content=\"image\/jpeg\" \/>\n<meta name=\"author\" content=\"webdo.tn\" \/>\n<meta name=\"twitter:card\" content=\"summary_large_image\" \/>\n<meta name=\"twitter:creator\" content=\"@webdo_tn\" \/>\n<meta name=\"twitter:site\" content=\"@webdo_tn\" \/>\n<meta name=\"twitter:label1\" content=\"\u00c9crit par\" \/>\n\t<meta name=\"twitter:data1\" content=\"webdo.tn\" \/>\n\t<meta name=\"twitter:label2\" content=\"Dur\u00e9e de lecture estim\u00e9e\" \/>\n\t<meta name=\"twitter:data2\" content=\"2 minutes\" \/>\n<script type=\"application\/ld+json\" class=\"yoast-schema-graph\">{\"@context\":\"https:\\\/\\\/schema.org\",\"@graph\":[{\"@type\":\"NewsArticle\",\"@id\":\"https:\\\/\\\/www.webdo.tn\\\/fr\\\/actualite\\\/national-45\\\/bhiri-et-la-polemique-du-frere-pedophile\\\/172295\\\/#article\",\"isPartOf\":{\"@id\":\"https:\\\/\\\/www.webdo.tn\\\/fr\\\/actualite\\\/national-45\\\/bhiri-et-la-polemique-du-frere-pedophile\\\/172295\\\/\"},\"author\":{\"name\":\"webdo.tn\",\"@id\":\"https:\\\/\\\/www.webdo.tn\\\/fr\\\/#\\\/schema\\\/person\\\/9a9c6118d687c117df8ef3cc36a4d175\"},\"headline\":\"Bhiri et la pol\u00e9mique du fr\u00e8re p\u00e9dophile !\",\"datePublished\":\"2012-01-16T19:09:00+00:00\",\"mainEntityOfPage\":{\"@id\":\"https:\\\/\\\/www.webdo.tn\\\/fr\\\/actualite\\\/national-45\\\/bhiri-et-la-polemique-du-frere-pedophile\\\/172295\\\/\"},\"wordCount\":368,\"commentCount\":0,\"publisher\":{\"@id\":\"https:\\\/\\\/www.webdo.tn\\\/fr\\\/#organization\"},\"image\":{\"@id\":\"https:\\\/\\\/www.webdo.tn\\\/fr\\\/actualite\\\/national-45\\\/bhiri-et-la-polemique-du-frere-pedophile\\\/172295\\\/#primaryimage\"},\"thumbnailUrl\":\"https:\\\/\\\/www.webdo.tn\\\/fr\\\/wp-content\\\/uploads\\\/2012\\\/01\\\/Nourdinne-Bhiri1.jpg\",\"keywords\":[\"guerre\"],\"articleSection\":[\"National\"],\"inLanguage\":\"fr-FR\"},{\"@type\":\"WebPage\",\"@id\":\"https:\\\/\\\/www.webdo.tn\\\/fr\\\/actualite\\\/national-45\\\/bhiri-et-la-polemique-du-frere-pedophile\\\/172295\\\/\",\"url\":\"https:\\\/\\\/www.webdo.tn\\\/fr\\\/actualite\\\/national-45\\\/bhiri-et-la-polemique-du-frere-pedophile\\\/172295\\\/\",\"name\":\"Bhiri et la pol\u00e9mique du fr\u00e8re p\u00e9dophile !\",\"isPartOf\":{\"@id\":\"https:\\\/\\\/www.webdo.tn\\\/fr\\\/#website\"},\"primaryImageOfPage\":{\"@id\":\"https:\\\/\\\/www.webdo.tn\\\/fr\\\/actualite\\\/national-45\\\/bhiri-et-la-polemique-du-frere-pedophile\\\/172295\\\/#primaryimage\"},\"image\":{\"@id\":\"https:\\\/\\\/www.webdo.tn\\\/fr\\\/actualite\\\/national-45\\\/bhiri-et-la-polemique-du-frere-pedophile\\\/172295\\\/#primaryimage\"},\"thumbnailUrl\":\"https:\\\/\\\/www.webdo.tn\\\/fr\\\/wp-content\\\/uploads\\\/2012\\\/01\\\/Nourdinne-Bhiri1.jpg\",\"datePublished\":\"2012-01-16T19:09:00+00:00\",\"description\":\"Bhiri et la pol\u00e9mique du fr\u00e8re p\u00e9dophile !\",\"breadcrumb\":{\"@id\":\"https:\\\/\\\/www.webdo.tn\\\/fr\\\/actualite\\\/national-45\\\/bhiri-et-la-polemique-du-frere-pedophile\\\/172295\\\/#breadcrumb\"},\"inLanguage\":\"fr-FR\",\"potentialAction\":[{\"@type\":\"ReadAction\",\"target\":[\"https:\\\/\\\/www.webdo.tn\\\/fr\\\/actualite\\\/national-45\\\/bhiri-et-la-polemique-du-frere-pedophile\\\/172295\\\/\"]}]},{\"@type\":\"ImageObject\",\"inLanguage\":\"fr-FR\",\"@id\":\"https:\\\/\\\/www.webdo.tn\\\/fr\\\/actualite\\\/national-45\\\/bhiri-et-la-polemique-du-frere-pedophile\\\/172295\\\/#primaryimage\",\"url\":\"https:\\\/\\\/www.webdo.tn\\\/fr\\\/wp-content\\\/uploads\\\/2012\\\/01\\\/Nourdinne-Bhiri1.jpg\",\"contentUrl\":\"https:\\\/\\\/www.webdo.tn\\\/fr\\\/wp-content\\\/uploads\\\/2012\\\/01\\\/Nourdinne-Bhiri1.jpg\",\"width\":225,\"height\":224,\"caption\":\"Bhiri et la pol\u00e9mique du fr\u00e8re p\u00e9dophile !\"},{\"@type\":\"BreadcrumbList\",\"@id\":\"https:\\\/\\\/www.webdo.tn\\\/fr\\\/actualite\\\/national-45\\\/bhiri-et-la-polemique-du-frere-pedophile\\\/172295\\\/#breadcrumb\",\"itemListElement\":[{\"@type\":\"ListItem\",\"position\":1,\"name\":\"Accueil\",\"item\":\"https:\\\/\\\/www.webdo.tn\\\/fr\\\/\"},{\"@type\":\"ListItem\",\"position\":2,\"name\":\"Bhiri et la pol\u00e9mique du fr\u00e8re p\u00e9dophile !\"}]},{\"@type\":\"WebSite\",\"@id\":\"https:\\\/\\\/www.webdo.tn\\\/fr\\\/#website\",\"url\":\"https:\\\/\\\/www.webdo.tn\\\/fr\\\/\",\"name\":\"webdo\",\"description\":\"Tunisie - News en Tunisie et \u00e0 l&#039;international sur Webdo.tn\",\"publisher\":{\"@id\":\"https:\\\/\\\/www.webdo.tn\\\/fr\\\/#organization\"},\"potentialAction\":[{\"@type\":\"SearchAction\",\"target\":{\"@type\":\"EntryPoint\",\"urlTemplate\":\"https:\\\/\\\/www.webdo.tn\\\/fr\\\/?s={search_term_string}\"},\"query-input\":{\"@type\":\"PropertyValueSpecification\",\"valueRequired\":true,\"valueName\":\"search_term_string\"}}],\"inLanguage\":\"fr-FR\"},{\"@type\":\"Organization\",\"@id\":\"https:\\\/\\\/www.webdo.tn\\\/fr\\\/#organization\",\"name\":\"Webdo\",\"alternateName\":\"Webdo.tn\",\"url\":\"https:\\\/\\\/www.webdo.tn\\\/fr\\\/\",\"logo\":{\"@type\":\"ImageObject\",\"inLanguage\":\"fr-FR\",\"@id\":\"https:\\\/\\\/www.webdo.tn\\\/fr\\\/#\\\/schema\\\/logo\\\/image\\\/\",\"url\":\"https:\\\/\\\/www.webdo.tn\\\/fr\\\/wp-content\\\/uploads\\\/2025\\\/06\\\/Webdo-Tunisie_168377.jpg\",\"contentUrl\":\"https:\\\/\\\/www.webdo.tn\\\/fr\\\/wp-content\\\/uploads\\\/2025\\\/06\\\/Webdo-Tunisie_168377.jpg\",\"width\":301,\"height\":301,\"caption\":\"Webdo\"},\"image\":{\"@id\":\"https:\\\/\\\/www.webdo.tn\\\/fr\\\/#\\\/schema\\\/logo\\\/image\\\/\"},\"sameAs\":[\"https:\\\/\\\/www.facebook.com\\\/webdotn\",\"https:\\\/\\\/x.com\\\/webdo_tn\"],\"description\":\"Webdo est un m\u00e9dia num\u00e9rique tunisien fond\u00e9 en 2010, sp\u00e9cialis\u00e9 dans l\u2019actualit\u00e9 nationale et internationale, l\u2019\u00e9conomie, la soci\u00e9t\u00e9 et les analyses politiques. Le site s\u2019adresse \u00e0 un large public francophone et couvre l\u2019information tunisienne en temps r\u00e9el.\",\"email\":\"redac@webdo.tn\",\"legalName\":\"YNJ SARL\",\"foundingDate\":\"2010-09-06\",\"numberOfEmployees\":{\"@type\":\"QuantitativeValue\",\"minValue\":\"11\",\"maxValue\":\"50\"}},{\"@type\":\"Person\",\"@id\":\"https:\\\/\\\/www.webdo.tn\\\/fr\\\/#\\\/schema\\\/person\\\/9a9c6118d687c117df8ef3cc36a4d175\",\"name\":\"webdo.tn\",\"image\":{\"@type\":\"ImageObject\",\"inLanguage\":\"fr-FR\",\"@id\":\"https:\\\/\\\/secure.gravatar.com\\\/avatar\\\/7ce1f28c0c3bbac99ff550b85ef8e44a6950c6ee24514fb6a5489e51d06f0298?s=96&d=mm&r=g\",\"url\":\"https:\\\/\\\/secure.gravatar.com\\\/avatar\\\/7ce1f28c0c3bbac99ff550b85ef8e44a6950c6ee24514fb6a5489e51d06f0298?s=96&d=mm&r=g\",\"contentUrl\":\"https:\\\/\\\/secure.gravatar.com\\\/avatar\\\/7ce1f28c0c3bbac99ff550b85ef8e44a6950c6ee24514fb6a5489e51d06f0298?s=96&d=mm&r=g\",\"caption\":\"webdo.tn\"},\"url\":\"https:\\\/\\\/www.webdo.tn\\\/fr\\\/actualite\\\/author\\\/webdotn\\\/\"}]}<\/script>\n<!-- \/ Yoast SEO Premium plugin. -->","yoast_head_json":{"title":"Bhiri et la pol\u00e9mique du fr\u00e8re p\u00e9dophile !","description":"Bhiri et la pol\u00e9mique du fr\u00e8re p\u00e9dophile !","canonical":"https:\/\/www.webdo.tn\/fr\/actualite\/national-45\/bhiri-et-la-polemique-du-frere-pedophile\/172295\/","og_locale":"fr_FR","og_type":"article","og_title":"Bhiri et la pol\u00e9mique du fr\u00e8re p\u00e9dophile !","og_description":"Bhiri et la pol\u00e9mique du fr\u00e8re p\u00e9dophile !","og_url":"https:\/\/www.webdo.tn\/fr\/actualite\/national-45\/bhiri-et-la-polemique-du-frere-pedophile\/172295\/","og_site_name":"webdo","article_publisher":"https:\/\/www.facebook.com\/webdotn","article_published_time":"2012-01-16T19:09:00+00:00","og_image":[{"width":225,"height":224,"url":"https:\/\/www.webdo.tn\/fr\/wp-content\/uploads\/2012\/01\/Nourdinne-Bhiri1.jpg","type":"image\/jpeg"}],"author":"webdo.tn","twitter_card":"summary_large_image","twitter_creator":"@webdo_tn","twitter_site":"@webdo_tn","twitter_misc":{"\u00c9crit par":"webdo.tn","Dur\u00e9e de lecture estim\u00e9e":"2 minutes"},"schema":{"@context":"https:\/\/schema.org","@graph":[{"@type":"NewsArticle","@id":"https:\/\/www.webdo.tn\/fr\/actualite\/national-45\/bhiri-et-la-polemique-du-frere-pedophile\/172295\/#article","isPartOf":{"@id":"https:\/\/www.webdo.tn\/fr\/actualite\/national-45\/bhiri-et-la-polemique-du-frere-pedophile\/172295\/"},"author":{"name":"webdo.tn","@id":"https:\/\/www.webdo.tn\/fr\/#\/schema\/person\/9a9c6118d687c117df8ef3cc36a4d175"},"headline":"Bhiri et la pol\u00e9mique du fr\u00e8re p\u00e9dophile !","datePublished":"2012-01-16T19:09:00+00:00","mainEntityOfPage":{"@id":"https:\/\/www.webdo.tn\/fr\/actualite\/national-45\/bhiri-et-la-polemique-du-frere-pedophile\/172295\/"},"wordCount":368,"commentCount":0,"publisher":{"@id":"https:\/\/www.webdo.tn\/fr\/#organization"},"image":{"@id":"https:\/\/www.webdo.tn\/fr\/actualite\/national-45\/bhiri-et-la-polemique-du-frere-pedophile\/172295\/#primaryimage"},"thumbnailUrl":"https:\/\/www.webdo.tn\/fr\/wp-content\/uploads\/2012\/01\/Nourdinne-Bhiri1.jpg","keywords":["guerre"],"articleSection":["National"],"inLanguage":"fr-FR"},{"@type":"WebPage","@id":"https:\/\/www.webdo.tn\/fr\/actualite\/national-45\/bhiri-et-la-polemique-du-frere-pedophile\/172295\/","url":"https:\/\/www.webdo.tn\/fr\/actualite\/national-45\/bhiri-et-la-polemique-du-frere-pedophile\/172295\/","name":"Bhiri et la pol\u00e9mique du fr\u00e8re p\u00e9dophile !","isPartOf":{"@id":"https:\/\/www.webdo.tn\/fr\/#website"},"primaryImageOfPage":{"@id":"https:\/\/www.webdo.tn\/fr\/actualite\/national-45\/bhiri-et-la-polemique-du-frere-pedophile\/172295\/#primaryimage"},"image":{"@id":"https:\/\/www.webdo.tn\/fr\/actualite\/national-45\/bhiri-et-la-polemique-du-frere-pedophile\/172295\/#primaryimage"},"thumbnailUrl":"https:\/\/www.webdo.tn\/fr\/wp-content\/uploads\/2012\/01\/Nourdinne-Bhiri1.jpg","datePublished":"2012-01-16T19:09:00+00:00","description":"Bhiri et la pol\u00e9mique du fr\u00e8re p\u00e9dophile !","breadcrumb":{"@id":"https:\/\/www.webdo.tn\/fr\/actualite\/national-45\/bhiri-et-la-polemique-du-frere-pedophile\/172295\/#breadcrumb"},"inLanguage":"fr-FR","potentialAction":[{"@type":"ReadAction","target":["https:\/\/www.webdo.tn\/fr\/actualite\/national-45\/bhiri-et-la-polemique-du-frere-pedophile\/172295\/"]}]},{"@type":"ImageObject","inLanguage":"fr-FR","@id":"https:\/\/www.webdo.tn\/fr\/actualite\/national-45\/bhiri-et-la-polemique-du-frere-pedophile\/172295\/#primaryimage","url":"https:\/\/www.webdo.tn\/fr\/wp-content\/uploads\/2012\/01\/Nourdinne-Bhiri1.jpg","contentUrl":"https:\/\/www.webdo.tn\/fr\/wp-content\/uploads\/2012\/01\/Nourdinne-Bhiri1.jpg","width":225,"height":224,"caption":"Bhiri et la pol\u00e9mique du fr\u00e8re p\u00e9dophile !"},{"@type":"BreadcrumbList","@id":"https:\/\/www.webdo.tn\/fr\/actualite\/national-45\/bhiri-et-la-polemique-du-frere-pedophile\/172295\/#breadcrumb","itemListElement":[{"@type":"ListItem","position":1,"name":"Accueil","item":"https:\/\/www.webdo.tn\/fr\/"},{"@type":"ListItem","position":2,"name":"Bhiri et la pol\u00e9mique du fr\u00e8re p\u00e9dophile !"}]},{"@type":"WebSite","@id":"https:\/\/www.webdo.tn\/fr\/#website","url":"https:\/\/www.webdo.tn\/fr\/","name":"webdo","description":"Tunisie - News en Tunisie et \u00e0 l&#039;international sur Webdo.tn","publisher":{"@id":"https:\/\/www.webdo.tn\/fr\/#organization"},"potentialAction":[{"@type":"SearchAction","target":{"@type":"EntryPoint","urlTemplate":"https:\/\/www.webdo.tn\/fr\/?s={search_term_string}"},"query-input":{"@type":"PropertyValueSpecification","valueRequired":true,"valueName":"search_term_string"}}],"inLanguage":"fr-FR"},{"@type":"Organization","@id":"https:\/\/www.webdo.tn\/fr\/#organization","name":"Webdo","alternateName":"Webdo.tn","url":"https:\/\/www.webdo.tn\/fr\/","logo":{"@type":"ImageObject","inLanguage":"fr-FR","@id":"https:\/\/www.webdo.tn\/fr\/#\/schema\/logo\/image\/","url":"https:\/\/www.webdo.tn\/fr\/wp-content\/uploads\/2025\/06\/Webdo-Tunisie_168377.jpg","contentUrl":"https:\/\/www.webdo.tn\/fr\/wp-content\/uploads\/2025\/06\/Webdo-Tunisie_168377.jpg","width":301,"height":301,"caption":"Webdo"},"image":{"@id":"https:\/\/www.webdo.tn\/fr\/#\/schema\/logo\/image\/"},"sameAs":["https:\/\/www.facebook.com\/webdotn","https:\/\/x.com\/webdo_tn"],"description":"Webdo est un m\u00e9dia num\u00e9rique tunisien fond\u00e9 en 2010, sp\u00e9cialis\u00e9 dans l\u2019actualit\u00e9 nationale et internationale, l\u2019\u00e9conomie, la soci\u00e9t\u00e9 et les analyses politiques. Le site s\u2019adresse \u00e0 un large public francophone et couvre l\u2019information tunisienne en temps r\u00e9el.","email":"redac@webdo.tn","legalName":"YNJ SARL","foundingDate":"2010-09-06","numberOfEmployees":{"@type":"QuantitativeValue","minValue":"11","maxValue":"50"}},{"@type":"Person","@id":"https:\/\/www.webdo.tn\/fr\/#\/schema\/person\/9a9c6118d687c117df8ef3cc36a4d175","name":"webdo.tn","image":{"@type":"ImageObject","inLanguage":"fr-FR","@id":"https:\/\/secure.gravatar.com\/avatar\/7ce1f28c0c3bbac99ff550b85ef8e44a6950c6ee24514fb6a5489e51d06f0298?s=96&d=mm&r=g","url":"https:\/\/secure.gravatar.com\/avatar\/7ce1f28c0c3bbac99ff550b85ef8e44a6950c6ee24514fb6a5489e51d06f0298?s=96&d=mm&r=g","contentUrl":"https:\/\/secure.gravatar.com\/avatar\/7ce1f28c0c3bbac99ff550b85ef8e44a6950c6ee24514fb6a5489e51d06f0298?s=96&d=mm&r=g","caption":"webdo.tn"},"url":"https:\/\/www.webdo.tn\/fr\/actualite\/author\/webdotn\/"}]}},"_links":{"self":[{"href":"https:\/\/www.webdo.tn\/fr\/wp-json\/wp\/v2\/posts\/172295","targetHints":{"allow":["GET"]}}],"collection":[{"href":"https:\/\/www.webdo.tn\/fr\/wp-json\/wp\/v2\/posts"}],"about":[{"href":"https:\/\/www.webdo.tn\/fr\/wp-json\/wp\/v2\/types\/post"}],"author":[{"embeddable":true,"href":"https:\/\/www.webdo.tn\/fr\/wp-json\/wp\/v2\/users\/3222"}],"replies":[{"embeddable":true,"href":"https:\/\/www.webdo.tn\/fr\/wp-json\/wp\/v2\/comments?post=172295"}],"version-history":[{"count":0,"href":"https:\/\/www.webdo.tn\/fr\/wp-json\/wp\/v2\/posts\/172295\/revisions"}],"wp:featuredmedia":[{"embeddable":true,"href":"https:\/\/www.webdo.tn\/fr\/wp-json\/wp\/v2\/media\/333829"}],"wp:attachment":[{"href":"https:\/\/www.webdo.tn\/fr\/wp-json\/wp\/v2\/media?parent=172295"}],"wp:term":[{"taxonomy":"category","embeddable":true,"href":"https:\/\/www.webdo.tn\/fr\/wp-json\/wp\/v2\/categories?post=172295"},{"taxonomy":"post_tag","embeddable":true,"href":"https:\/\/www.webdo.tn\/fr\/wp-json\/wp\/v2\/tags?post=172295"}],"curies":[{"name":"wp","href":"https:\/\/api.w.org\/{rel}","templated":true}]}}