{"id":172292,"date":"2012-01-17T11:13:00","date_gmt":"2012-01-17T11:13:00","guid":{"rendered":"https:\/\/www.webdo.tn\/fr\/blog\/et-ils-declarerent-la-guerre\/172292\/"},"modified":"2012-01-17T11:13:00","modified_gmt":"2012-01-17T11:13:00","slug":"et-ils-declarerent-la-guerre","status":"publish","type":"post","link":"https:\/\/www.webdo.tn\/fr\/actualite\/national\/et-ils-declarerent-la-guerre\/172292\/","title":{"rendered":"Et ils d\u00e9clar\u00e8rent la guerre"},"content":{"rendered":"<p>Ca se passe une ann\u00e9e apr\u00e8s la r\u00e9volution, des Tunisiens habill\u00e9s \u00e0 la mani\u00e8re chiite manifestent devant le si\u00e8ge de la t\u00e9l\u00e9vision nationale. C&rsquo;est un des acquis de la r\u00e9volution que de pouvoir manifester&#8230;sauf que bizarrement on assiste d\u00e9sormais \u00e0 une politique des deux poids deux mesures. Quand il s&rsquo;agit d&rsquo;islamistes, les agents de l&rsquo;ordre font leur travail correctement, ils les observent de loin. Ce qui n&rsquo;est pas toujours le cas quand il s&rsquo;agit des \u00ab s\u00e9firats*\u00bb, des \u00ab z\u00e9ro virgule \u00bb ou encore des \u00ab francophones\u00bb.<\/p>\n<p>Bref, ces nouveaux islamistes, qui s\u2019\u00e9taient bien cach\u00e9s, ces derni\u00e8res ann\u00e9es, par peur de la r\u00e9pression de Ben Ali, ou qui se sont d\u00e9couvert une nouvelle vocation apr\u00e8s la r\u00e9volution, ont manifest\u00e9 pour exprimer leur m\u00e9contentement des m\u00e9dias tunisiens, qui pour eux n\u2019expriment pas \u00ab la volont\u00e9 \u00bb du peuple.<br \/>\nConcept pas encore assez expliqu\u00e9\u2026que devraient faire les m\u00e9dias pour leur plaire ?<\/p>\n<p>Rappeler que nous sommes tous musulmans ???<br \/>\nExpliquer que la majorit\u00e9 des Tunisiens est sunnite et que leurs nouveaux habits sectaires sont \u00e9trangers \u00e0 nos traditions ?<\/p>\n<p>Bref (bis), on voit dans une vid\u00e9o qui circule sur le net, un chiite barbu (car nous ne pouvons l\u2019appeler autrement, vu que cet islamiste post r\u00e9volution et de surcroit inconnu, n\u2019est pas un ancien militant).<\/p>\n<p>En r\u00e9action \u00e0 une chronique de Haythem El Mekki sur un m\u00e9dia, l\u2019islamiste en question affirme que les propos de ce dernier sont une d\u00e9claration de guerre contre l\u2019islam et les musulmans.<\/p>\n<p>Le chroniqueur, connu des blogueurs depuis bien avant la r\u00e9volution, s\u2019\u00e9tait moqu\u00e9 de la nouvelle tendance des pros ennahdha \u00e0 cirer les pompes de leurs dirigeants. Ce fait lui rappelait des souvenirs pas tr\u00e8s anciens ou les pros Ben Ali v\u00e9n\u00e9raient ce dernier. Il insistait sur le fait que les pros Ennahdha sacralisaient presque leurs leaders.<\/p>\n<p>Chronique dr\u00f4le et pertinente que les nouveaux islamistes n\u2019ont vraisemblablement pas trouv\u00e9e \u00e0 leur gout ; mais de l\u00e0 \u00e0 consid\u00e9rer cela comme une d\u00e9claration de guerre\u2026<\/p>\n<p>N. B. Nous ne savons pas si c\u2019est li\u00e9, mais Anonymous a aussi d\u00e9clar\u00e9 la guerre \u00e0 la Tro\u00efka si elle ne travaille pas plus \u00ab s\u00e9rieusement \u00bb<\/p>\n<p>*Mot arabe signifiant pas voil\u00e9 et que les Tunisiens ont appris suite au discours d\u2019investiture de Marzouki<\/p>\n","protected":false},"excerpt":{"rendered":"<p>Et ils d\u00e9clar\u00e8rent la guerre<\/p>\n","protected":false},"author":3222,"featured_media":374554,"comment_status":"open","ping_status":"closed","sticky":false,"template":"","format":"standard","meta":{"footnotes":""},"categories":[44],"tags":[2600],"class_list":["post-172292","post","type-post","status-publish","format-standard","has-post-thumbnail","hentry","category-national","tag-guerre"],"yoast_head":"<!-- This site is optimized with the Yoast SEO Premium plugin v27.4 (Yoast SEO v27.5) - https:\/\/yoast.com\/product\/yoast-seo-premium-wordpress\/ -->\n<title>Et ils d\u00e9clar\u00e8rent la guerre<\/title>\n<meta name=\"description\" content=\"Et ils d\u00e9clar\u00e8rent la guerre\" \/>\n<link rel=\"canonical\" href=\"https:\/\/www.webdo.tn\/fr\/actualite\/national-45\/et-ils-declarerent-la-guerre\/172292\/\" \/>\n<meta property=\"og:locale\" content=\"fr_FR\" \/>\n<meta property=\"og:type\" content=\"article\" \/>\n<meta property=\"og:title\" content=\"Et ils d\u00e9clar\u00e8rent la guerre\" \/>\n<meta property=\"og:description\" content=\"Et ils d\u00e9clar\u00e8rent la guerre\" \/>\n<meta property=\"og:url\" content=\"https:\/\/www.webdo.tn\/fr\/actualite\/national-45\/et-ils-declarerent-la-guerre\/172292\/\" \/>\n<meta property=\"og:site_name\" content=\"webdo\" \/>\n<meta property=\"article:publisher\" content=\"https:\/\/www.facebook.com\/webdotn\" \/>\n<meta property=\"article:published_time\" content=\"2012-01-17T11:13:00+00:00\" \/>\n<meta name=\"author\" content=\"webdo.tn\" \/>\n<meta name=\"twitter:card\" content=\"summary_large_image\" \/>\n<meta name=\"twitter:creator\" content=\"@webdo_tn\" \/>\n<meta name=\"twitter:site\" content=\"@webdo_tn\" \/>\n<meta name=\"twitter:label1\" content=\"\u00c9crit par\" \/>\n\t<meta name=\"twitter:data1\" content=\"webdo.tn\" \/>\n\t<meta name=\"twitter:label2\" content=\"Dur\u00e9e de lecture estim\u00e9e\" \/>\n\t<meta name=\"twitter:data2\" content=\"2 minutes\" \/>\n<script type=\"application\/ld+json\" class=\"yoast-schema-graph\">{\"@context\":\"https:\\\/\\\/schema.org\",\"@graph\":[{\"@type\":\"NewsArticle\",\"@id\":\"https:\\\/\\\/www.webdo.tn\\\/fr\\\/actualite\\\/national-45\\\/et-ils-declarerent-la-guerre\\\/172292\\\/#article\",\"isPartOf\":{\"@id\":\"https:\\\/\\\/www.webdo.tn\\\/fr\\\/actualite\\\/national-45\\\/et-ils-declarerent-la-guerre\\\/172292\\\/\"},\"author\":{\"name\":\"webdo.tn\",\"@id\":\"https:\\\/\\\/www.webdo.tn\\\/fr\\\/#\\\/schema\\\/person\\\/9a9c6118d687c117df8ef3cc36a4d175\"},\"headline\":\"Et ils d\u00e9clar\u00e8rent la guerre\",\"datePublished\":\"2012-01-17T11:13:00+00:00\",\"mainEntityOfPage\":{\"@id\":\"https:\\\/\\\/www.webdo.tn\\\/fr\\\/actualite\\\/national-45\\\/et-ils-declarerent-la-guerre\\\/172292\\\/\"},\"wordCount\":416,\"commentCount\":0,\"publisher\":{\"@id\":\"https:\\\/\\\/www.webdo.tn\\\/fr\\\/#organization\"},\"image\":{\"@id\":\"https:\\\/\\\/www.webdo.tn\\\/fr\\\/actualite\\\/national-45\\\/et-ils-declarerent-la-guerre\\\/172292\\\/#primaryimage\"},\"thumbnailUrl\":\"https:\\\/\\\/www.webdo.tn\\\/fr\\\/wp-content\\\/uploads\\\/2025\\\/06\\\/President-de-Dar-Al-Hadith-Zaitouna_172292.jpg\",\"keywords\":[\"guerre\"],\"articleSection\":[\"National\"],\"inLanguage\":\"fr-FR\"},{\"@type\":\"WebPage\",\"@id\":\"https:\\\/\\\/www.webdo.tn\\\/fr\\\/actualite\\\/national-45\\\/et-ils-declarerent-la-guerre\\\/172292\\\/\",\"url\":\"https:\\\/\\\/www.webdo.tn\\\/fr\\\/actualite\\\/national-45\\\/et-ils-declarerent-la-guerre\\\/172292\\\/\",\"name\":\"Et ils d\u00e9clar\u00e8rent la guerre\",\"isPartOf\":{\"@id\":\"https:\\\/\\\/www.webdo.tn\\\/fr\\\/#website\"},\"primaryImageOfPage\":{\"@id\":\"https:\\\/\\\/www.webdo.tn\\\/fr\\\/actualite\\\/national-45\\\/et-ils-declarerent-la-guerre\\\/172292\\\/#primaryimage\"},\"image\":{\"@id\":\"https:\\\/\\\/www.webdo.tn\\\/fr\\\/actualite\\\/national-45\\\/et-ils-declarerent-la-guerre\\\/172292\\\/#primaryimage\"},\"thumbnailUrl\":\"https:\\\/\\\/www.webdo.tn\\\/fr\\\/wp-content\\\/uploads\\\/2025\\\/06\\\/President-de-Dar-Al-Hadith-Zaitouna_172292.jpg\",\"datePublished\":\"2012-01-17T11:13:00+00:00\",\"description\":\"Et ils d\u00e9clar\u00e8rent la guerre\",\"breadcrumb\":{\"@id\":\"https:\\\/\\\/www.webdo.tn\\\/fr\\\/actualite\\\/national-45\\\/et-ils-declarerent-la-guerre\\\/172292\\\/#breadcrumb\"},\"inLanguage\":\"fr-FR\",\"potentialAction\":[{\"@type\":\"ReadAction\",\"target\":[\"https:\\\/\\\/www.webdo.tn\\\/fr\\\/actualite\\\/national-45\\\/et-ils-declarerent-la-guerre\\\/172292\\\/\"]}]},{\"@type\":\"ImageObject\",\"inLanguage\":\"fr-FR\",\"@id\":\"https:\\\/\\\/www.webdo.tn\\\/fr\\\/actualite\\\/national-45\\\/et-ils-declarerent-la-guerre\\\/172292\\\/#primaryimage\",\"url\":\"https:\\\/\\\/www.webdo.tn\\\/fr\\\/wp-content\\\/uploads\\\/2025\\\/06\\\/President-de-Dar-Al-Hadith-Zaitouna_172292.jpg\",\"contentUrl\":\"https:\\\/\\\/www.webdo.tn\\\/fr\\\/wp-content\\\/uploads\\\/2025\\\/06\\\/President-de-Dar-Al-Hadith-Zaitouna_172292.jpg\",\"width\":296,\"height\":235,\"caption\":\"Et ils d\u00e9clar\u00e8rent la guerre\"},{\"@type\":\"BreadcrumbList\",\"@id\":\"https:\\\/\\\/www.webdo.tn\\\/fr\\\/actualite\\\/national-45\\\/et-ils-declarerent-la-guerre\\\/172292\\\/#breadcrumb\",\"itemListElement\":[{\"@type\":\"ListItem\",\"position\":1,\"name\":\"Accueil\",\"item\":\"https:\\\/\\\/www.webdo.tn\\\/fr\\\/\"},{\"@type\":\"ListItem\",\"position\":2,\"name\":\"Et ils d\u00e9clar\u00e8rent la guerre\"}]},{\"@type\":\"WebSite\",\"@id\":\"https:\\\/\\\/www.webdo.tn\\\/fr\\\/#website\",\"url\":\"https:\\\/\\\/www.webdo.tn\\\/fr\\\/\",\"name\":\"webdo\",\"description\":\"Tunisie - News en Tunisie et \u00e0 l&#039;international sur Webdo.tn\",\"publisher\":{\"@id\":\"https:\\\/\\\/www.webdo.tn\\\/fr\\\/#organization\"},\"potentialAction\":[{\"@type\":\"SearchAction\",\"target\":{\"@type\":\"EntryPoint\",\"urlTemplate\":\"https:\\\/\\\/www.webdo.tn\\\/fr\\\/?s={search_term_string}\"},\"query-input\":{\"@type\":\"PropertyValueSpecification\",\"valueRequired\":true,\"valueName\":\"search_term_string\"}}],\"inLanguage\":\"fr-FR\"},{\"@type\":\"Organization\",\"@id\":\"https:\\\/\\\/www.webdo.tn\\\/fr\\\/#organization\",\"name\":\"Webdo\",\"alternateName\":\"Webdo.tn\",\"url\":\"https:\\\/\\\/www.webdo.tn\\\/fr\\\/\",\"logo\":{\"@type\":\"ImageObject\",\"inLanguage\":\"fr-FR\",\"@id\":\"https:\\\/\\\/www.webdo.tn\\\/fr\\\/#\\\/schema\\\/logo\\\/image\\\/\",\"url\":\"https:\\\/\\\/www.webdo.tn\\\/fr\\\/wp-content\\\/uploads\\\/2025\\\/06\\\/Webdo-Tunisie_168377.jpg\",\"contentUrl\":\"https:\\\/\\\/www.webdo.tn\\\/fr\\\/wp-content\\\/uploads\\\/2025\\\/06\\\/Webdo-Tunisie_168377.jpg\",\"width\":301,\"height\":301,\"caption\":\"Webdo\"},\"image\":{\"@id\":\"https:\\\/\\\/www.webdo.tn\\\/fr\\\/#\\\/schema\\\/logo\\\/image\\\/\"},\"sameAs\":[\"https:\\\/\\\/www.facebook.com\\\/webdotn\",\"https:\\\/\\\/x.com\\\/webdo_tn\"],\"description\":\"Webdo est un m\u00e9dia num\u00e9rique tunisien fond\u00e9 en 2010, sp\u00e9cialis\u00e9 dans l\u2019actualit\u00e9 nationale et internationale, l\u2019\u00e9conomie, la soci\u00e9t\u00e9 et les analyses politiques. Le site s\u2019adresse \u00e0 un large public francophone et couvre l\u2019information tunisienne en temps r\u00e9el.\",\"email\":\"redac@webdo.tn\",\"legalName\":\"YNJ SARL\",\"foundingDate\":\"2010-09-06\",\"numberOfEmployees\":{\"@type\":\"QuantitativeValue\",\"minValue\":\"11\",\"maxValue\":\"50\"}},{\"@type\":\"Person\",\"@id\":\"https:\\\/\\\/www.webdo.tn\\\/fr\\\/#\\\/schema\\\/person\\\/9a9c6118d687c117df8ef3cc36a4d175\",\"name\":\"webdo.tn\",\"image\":{\"@type\":\"ImageObject\",\"inLanguage\":\"fr-FR\",\"@id\":\"https:\\\/\\\/secure.gravatar.com\\\/avatar\\\/7ce1f28c0c3bbac99ff550b85ef8e44a6950c6ee24514fb6a5489e51d06f0298?s=96&d=mm&r=g\",\"url\":\"https:\\\/\\\/secure.gravatar.com\\\/avatar\\\/7ce1f28c0c3bbac99ff550b85ef8e44a6950c6ee24514fb6a5489e51d06f0298?s=96&d=mm&r=g\",\"contentUrl\":\"https:\\\/\\\/secure.gravatar.com\\\/avatar\\\/7ce1f28c0c3bbac99ff550b85ef8e44a6950c6ee24514fb6a5489e51d06f0298?s=96&d=mm&r=g\",\"caption\":\"webdo.tn\"},\"url\":\"https:\\\/\\\/www.webdo.tn\\\/fr\\\/actualite\\\/author\\\/webdotn\\\/\"}]}<\/script>\n<!-- \/ Yoast SEO Premium plugin. -->","yoast_head_json":{"title":"Et ils d\u00e9clar\u00e8rent la guerre","description":"Et ils d\u00e9clar\u00e8rent la guerre","canonical":"https:\/\/www.webdo.tn\/fr\/actualite\/national-45\/et-ils-declarerent-la-guerre\/172292\/","og_locale":"fr_FR","og_type":"article","og_title":"Et ils d\u00e9clar\u00e8rent la guerre","og_description":"Et ils d\u00e9clar\u00e8rent la guerre","og_url":"https:\/\/www.webdo.tn\/fr\/actualite\/national-45\/et-ils-declarerent-la-guerre\/172292\/","og_site_name":"webdo","article_publisher":"https:\/\/www.facebook.com\/webdotn","article_published_time":"2012-01-17T11:13:00+00:00","author":"webdo.tn","twitter_card":"summary_large_image","twitter_creator":"@webdo_tn","twitter_site":"@webdo_tn","twitter_misc":{"\u00c9crit par":"webdo.tn","Dur\u00e9e de lecture estim\u00e9e":"2 minutes"},"schema":{"@context":"https:\/\/schema.org","@graph":[{"@type":"NewsArticle","@id":"https:\/\/www.webdo.tn\/fr\/actualite\/national-45\/et-ils-declarerent-la-guerre\/172292\/#article","isPartOf":{"@id":"https:\/\/www.webdo.tn\/fr\/actualite\/national-45\/et-ils-declarerent-la-guerre\/172292\/"},"author":{"name":"webdo.tn","@id":"https:\/\/www.webdo.tn\/fr\/#\/schema\/person\/9a9c6118d687c117df8ef3cc36a4d175"},"headline":"Et ils d\u00e9clar\u00e8rent la guerre","datePublished":"2012-01-17T11:13:00+00:00","mainEntityOfPage":{"@id":"https:\/\/www.webdo.tn\/fr\/actualite\/national-45\/et-ils-declarerent-la-guerre\/172292\/"},"wordCount":416,"commentCount":0,"publisher":{"@id":"https:\/\/www.webdo.tn\/fr\/#organization"},"image":{"@id":"https:\/\/www.webdo.tn\/fr\/actualite\/national-45\/et-ils-declarerent-la-guerre\/172292\/#primaryimage"},"thumbnailUrl":"https:\/\/www.webdo.tn\/fr\/wp-content\/uploads\/2025\/06\/President-de-Dar-Al-Hadith-Zaitouna_172292.jpg","keywords":["guerre"],"articleSection":["National"],"inLanguage":"fr-FR"},{"@type":"WebPage","@id":"https:\/\/www.webdo.tn\/fr\/actualite\/national-45\/et-ils-declarerent-la-guerre\/172292\/","url":"https:\/\/www.webdo.tn\/fr\/actualite\/national-45\/et-ils-declarerent-la-guerre\/172292\/","name":"Et ils d\u00e9clar\u00e8rent la guerre","isPartOf":{"@id":"https:\/\/www.webdo.tn\/fr\/#website"},"primaryImageOfPage":{"@id":"https:\/\/www.webdo.tn\/fr\/actualite\/national-45\/et-ils-declarerent-la-guerre\/172292\/#primaryimage"},"image":{"@id":"https:\/\/www.webdo.tn\/fr\/actualite\/national-45\/et-ils-declarerent-la-guerre\/172292\/#primaryimage"},"thumbnailUrl":"https:\/\/www.webdo.tn\/fr\/wp-content\/uploads\/2025\/06\/President-de-Dar-Al-Hadith-Zaitouna_172292.jpg","datePublished":"2012-01-17T11:13:00+00:00","description":"Et ils d\u00e9clar\u00e8rent la guerre","breadcrumb":{"@id":"https:\/\/www.webdo.tn\/fr\/actualite\/national-45\/et-ils-declarerent-la-guerre\/172292\/#breadcrumb"},"inLanguage":"fr-FR","potentialAction":[{"@type":"ReadAction","target":["https:\/\/www.webdo.tn\/fr\/actualite\/national-45\/et-ils-declarerent-la-guerre\/172292\/"]}]},{"@type":"ImageObject","inLanguage":"fr-FR","@id":"https:\/\/www.webdo.tn\/fr\/actualite\/national-45\/et-ils-declarerent-la-guerre\/172292\/#primaryimage","url":"https:\/\/www.webdo.tn\/fr\/wp-content\/uploads\/2025\/06\/President-de-Dar-Al-Hadith-Zaitouna_172292.jpg","contentUrl":"https:\/\/www.webdo.tn\/fr\/wp-content\/uploads\/2025\/06\/President-de-Dar-Al-Hadith-Zaitouna_172292.jpg","width":296,"height":235,"caption":"Et ils d\u00e9clar\u00e8rent la guerre"},{"@type":"BreadcrumbList","@id":"https:\/\/www.webdo.tn\/fr\/actualite\/national-45\/et-ils-declarerent-la-guerre\/172292\/#breadcrumb","itemListElement":[{"@type":"ListItem","position":1,"name":"Accueil","item":"https:\/\/www.webdo.tn\/fr\/"},{"@type":"ListItem","position":2,"name":"Et ils d\u00e9clar\u00e8rent la guerre"}]},{"@type":"WebSite","@id":"https:\/\/www.webdo.tn\/fr\/#website","url":"https:\/\/www.webdo.tn\/fr\/","name":"webdo","description":"Tunisie - News en Tunisie et \u00e0 l&#039;international sur Webdo.tn","publisher":{"@id":"https:\/\/www.webdo.tn\/fr\/#organization"},"potentialAction":[{"@type":"SearchAction","target":{"@type":"EntryPoint","urlTemplate":"https:\/\/www.webdo.tn\/fr\/?s={search_term_string}"},"query-input":{"@type":"PropertyValueSpecification","valueRequired":true,"valueName":"search_term_string"}}],"inLanguage":"fr-FR"},{"@type":"Organization","@id":"https:\/\/www.webdo.tn\/fr\/#organization","name":"Webdo","alternateName":"Webdo.tn","url":"https:\/\/www.webdo.tn\/fr\/","logo":{"@type":"ImageObject","inLanguage":"fr-FR","@id":"https:\/\/www.webdo.tn\/fr\/#\/schema\/logo\/image\/","url":"https:\/\/www.webdo.tn\/fr\/wp-content\/uploads\/2025\/06\/Webdo-Tunisie_168377.jpg","contentUrl":"https:\/\/www.webdo.tn\/fr\/wp-content\/uploads\/2025\/06\/Webdo-Tunisie_168377.jpg","width":301,"height":301,"caption":"Webdo"},"image":{"@id":"https:\/\/www.webdo.tn\/fr\/#\/schema\/logo\/image\/"},"sameAs":["https:\/\/www.facebook.com\/webdotn","https:\/\/x.com\/webdo_tn"],"description":"Webdo est un m\u00e9dia num\u00e9rique tunisien fond\u00e9 en 2010, sp\u00e9cialis\u00e9 dans l\u2019actualit\u00e9 nationale et internationale, l\u2019\u00e9conomie, la soci\u00e9t\u00e9 et les analyses politiques. Le site s\u2019adresse \u00e0 un large public francophone et couvre l\u2019information tunisienne en temps r\u00e9el.","email":"redac@webdo.tn","legalName":"YNJ SARL","foundingDate":"2010-09-06","numberOfEmployees":{"@type":"QuantitativeValue","minValue":"11","maxValue":"50"}},{"@type":"Person","@id":"https:\/\/www.webdo.tn\/fr\/#\/schema\/person\/9a9c6118d687c117df8ef3cc36a4d175","name":"webdo.tn","image":{"@type":"ImageObject","inLanguage":"fr-FR","@id":"https:\/\/secure.gravatar.com\/avatar\/7ce1f28c0c3bbac99ff550b85ef8e44a6950c6ee24514fb6a5489e51d06f0298?s=96&d=mm&r=g","url":"https:\/\/secure.gravatar.com\/avatar\/7ce1f28c0c3bbac99ff550b85ef8e44a6950c6ee24514fb6a5489e51d06f0298?s=96&d=mm&r=g","contentUrl":"https:\/\/secure.gravatar.com\/avatar\/7ce1f28c0c3bbac99ff550b85ef8e44a6950c6ee24514fb6a5489e51d06f0298?s=96&d=mm&r=g","caption":"webdo.tn"},"url":"https:\/\/www.webdo.tn\/fr\/actualite\/author\/webdotn\/"}]}},"_links":{"self":[{"href":"https:\/\/www.webdo.tn\/fr\/wp-json\/wp\/v2\/posts\/172292","targetHints":{"allow":["GET"]}}],"collection":[{"href":"https:\/\/www.webdo.tn\/fr\/wp-json\/wp\/v2\/posts"}],"about":[{"href":"https:\/\/www.webdo.tn\/fr\/wp-json\/wp\/v2\/types\/post"}],"author":[{"embeddable":true,"href":"https:\/\/www.webdo.tn\/fr\/wp-json\/wp\/v2\/users\/3222"}],"replies":[{"embeddable":true,"href":"https:\/\/www.webdo.tn\/fr\/wp-json\/wp\/v2\/comments?post=172292"}],"version-history":[{"count":0,"href":"https:\/\/www.webdo.tn\/fr\/wp-json\/wp\/v2\/posts\/172292\/revisions"}],"wp:featuredmedia":[{"embeddable":true,"href":"https:\/\/www.webdo.tn\/fr\/wp-json\/wp\/v2\/media\/374554"}],"wp:attachment":[{"href":"https:\/\/www.webdo.tn\/fr\/wp-json\/wp\/v2\/media?parent=172292"}],"wp:term":[{"taxonomy":"category","embeddable":true,"href":"https:\/\/www.webdo.tn\/fr\/wp-json\/wp\/v2\/categories?post=172292"},{"taxonomy":"post_tag","embeddable":true,"href":"https:\/\/www.webdo.tn\/fr\/wp-json\/wp\/v2\/tags?post=172292"}],"curies":[{"name":"wp","href":"https:\/\/api.w.org\/{rel}","templated":true}]}}