{"id":172289,"date":"2012-01-17T21:01:00","date_gmt":"2012-01-17T21:01:00","guid":{"rendered":"https:\/\/www.webdo.tn\/fr\/blog\/pendant-ce-temps-la-makthar-et-nefza-grondent\/172289\/"},"modified":"2012-01-17T21:01:00","modified_gmt":"2012-01-17T21:01:00","slug":"pendant-ce-temps-la-makthar-et-nefza-grondent","status":"publish","type":"post","link":"https:\/\/www.webdo.tn\/fr\/actualite\/national\/pendant-ce-temps-la-makthar-et-nefza-grondent\/172289\/","title":{"rendered":"Pendant ce temps-l\u00e0, Makthar et Nefza grondent"},"content":{"rendered":"<p>En parall\u00e8le aux f\u00eates du 14 janvier, au probl\u00e8me du niqab \u00e0 Manouba, aux salafistes ou encore \u00e0 l&rsquo;affaire du fr\u00e8re p\u00e9dophile de N. Bhiri, la Tunisie en oublie ses principaux probl\u00e8mes. La col\u00e8re gronde dans plusieurs r\u00e9gions du pays. La passivit\u00e9 du gouvernement \u00e0 trouver rapidement des solutions aux probl\u00e8mes de ch\u00f4mage et de vie pr\u00e9caire, un an apr\u00e8s la fuite de Ben Ali, pousse les habitants de ces r\u00e9gions \u00e0 croire que la r\u00e9volution n&rsquo;a servi \u00e0 rien.<\/p>\n<p>Ainsi, aujourd&rsquo;hui, l&rsquo;arm\u00e9e a \u00e9t\u00e9 d\u00e9ploy\u00e9e \u00e0 Nefza (gouvernorat de B\u00e9ja), apr\u00e8s que les habitants aient manifest\u00e9, assez violemment, pour r\u00e9clamer du d\u00e9veloppement dans la r\u00e9gion et d\u00e9noncer l&rsquo;injustice r\u00e9gionale. La situation est tellement tendue que les \u00e9coles et lyc\u00e9es ont \u00e9t\u00e9 oblig\u00e9s de fermer. Le point de d\u00e9part de ces \u00e9v\u00e8nements serait la fermeture de la route reliant Tabarka \u00e0 Nefza.<\/p>\n<p>\u00c0 Makthar, la situation n&rsquo;est gu\u00e8re mieux. Les manifestants de cette ville du gouvernorat de Siliana en sont \u00e0 leur 5e jour d&rsquo;une gr\u00e8ve g\u00e9n\u00e9rale entam\u00e9e depuis le 13 janvier. Toutes les entr\u00e9es vers Makthar sont ferm\u00e9es, ce qui emp\u00eache la police d&rsquo;y entrer. D&rsquo;o\u00f9 une vague d&rsquo;ins\u00e9curit\u00e9 r\u00e9gnant sur la ville.<\/p>\n<p>Outre un d\u00e9veloppement r\u00e9gional toujours absent et la demande d&rsquo;installation d&rsquo;infrastructures ad\u00e9quates, les habitants de Makthar r\u00e9clament \u00e0 ce que leur ville soit un gouvernorat \u00e0 part enti\u00e8re. Autrement dit, ils demandent \u00e0 ce que Makthar ne soit plus li\u00e9 au gouvernorat de Siliana.<\/p>\n<p>En plus de ces \u00e9v\u00e9nements de protestations \u00e0 Nefza et Makthar, des actes de violence sont enregistr\u00e9s depuis hier \u00e0 Ghardiamou, des manifestations se d\u00e9roulent \u00e0 Jendouba, un sit-in bloquant les bacs d&rsquo;El Jorf a lieu \u00e0 Djerba. \u00c0 Sejnane, des citoyens protestent contre la lenteur dans l&rsquo;ex\u00e9cution du projet d&rsquo;approvisionnement de la zone industrielle en eau potable alors qu&rsquo;\u00e0 El Borma, 56 agents et techniciens sont en gr\u00e8ve ouverte depuis cinq jours au champ p\u00e9trolif\u00e8re.<\/p>\n","protected":false},"excerpt":{"rendered":"<p>Pendant ce temps-l\u00e0, Makthar et Nefza grondent<\/p>\n","protected":false},"author":3222,"featured_media":333834,"comment_status":"open","ping_status":"closed","sticky":false,"template":"","format":"standard","meta":{"footnotes":""},"categories":[44],"tags":[2600],"class_list":["post-172289","post","type-post","status-publish","format-standard","has-post-thumbnail","hentry","category-national","tag-guerre"],"yoast_head":"<!-- This site is optimized with the Yoast SEO Premium plugin v27.5 (Yoast SEO v27.5) - https:\/\/yoast.com\/product\/yoast-seo-premium-wordpress\/ -->\n<title>Pendant ce temps-l\u00e0, Makthar et Nefza grondent<\/title>\n<meta name=\"description\" content=\"Pendant ce temps-l\u00e0, Makthar et Nefza grondent\" \/>\n<link rel=\"canonical\" href=\"https:\/\/www.webdo.tn\/fr\/actualite\/national-45\/pendant-ce-temps-la-makthar-et-nefza-grondent\/172289\/\" \/>\n<meta property=\"og:locale\" content=\"fr_FR\" \/>\n<meta property=\"og:type\" content=\"article\" \/>\n<meta property=\"og:title\" content=\"Pendant ce temps-l\u00e0, Makthar et Nefza grondent\" \/>\n<meta property=\"og:description\" content=\"Pendant ce temps-l\u00e0, Makthar et Nefza grondent\" \/>\n<meta property=\"og:url\" content=\"https:\/\/www.webdo.tn\/fr\/actualite\/national-45\/pendant-ce-temps-la-makthar-et-nefza-grondent\/172289\/\" \/>\n<meta property=\"og:site_name\" content=\"webdo\" \/>\n<meta property=\"article:publisher\" content=\"https:\/\/www.facebook.com\/webdotn\" \/>\n<meta property=\"article:published_time\" content=\"2012-01-17T21:01:00+00:00\" \/>\n<meta property=\"og:image\" content=\"https:\/\/www.webdo.tn\/fr\/wp-content\/uploads\/2012\/01\/CARTE_BEJA_TUNISIE-150x150-1.gif\" \/>\n\t<meta property=\"og:image:width\" content=\"150\" \/>\n\t<meta property=\"og:image:height\" content=\"150\" \/>\n\t<meta property=\"og:image:type\" content=\"image\/gif\" \/>\n<meta name=\"author\" content=\"webdo.tn\" \/>\n<meta name=\"twitter:card\" content=\"summary_large_image\" \/>\n<meta name=\"twitter:creator\" content=\"@webdo_tn\" \/>\n<meta name=\"twitter:site\" content=\"@webdo_tn\" \/>\n<meta name=\"twitter:label1\" content=\"\u00c9crit par\" \/>\n\t<meta name=\"twitter:data1\" content=\"webdo.tn\" \/>\n\t<meta name=\"twitter:label2\" content=\"Dur\u00e9e de lecture estim\u00e9e\" \/>\n\t<meta name=\"twitter:data2\" content=\"2 minutes\" \/>\n<script type=\"application\/ld+json\" class=\"yoast-schema-graph\">{\"@context\":\"https:\\\/\\\/schema.org\",\"@graph\":[{\"@type\":\"NewsArticle\",\"@id\":\"https:\\\/\\\/www.webdo.tn\\\/fr\\\/actualite\\\/national-45\\\/pendant-ce-temps-la-makthar-et-nefza-grondent\\\/172289\\\/#article\",\"isPartOf\":{\"@id\":\"https:\\\/\\\/www.webdo.tn\\\/fr\\\/actualite\\\/national-45\\\/pendant-ce-temps-la-makthar-et-nefza-grondent\\\/172289\\\/\"},\"author\":{\"name\":\"webdo.tn\",\"@id\":\"https:\\\/\\\/www.webdo.tn\\\/fr\\\/#\\\/schema\\\/person\\\/9a9c6118d687c117df8ef3cc36a4d175\"},\"headline\":\"Pendant ce temps-l\u00e0, Makthar et Nefza grondent\",\"datePublished\":\"2012-01-17T21:01:00+00:00\",\"mainEntityOfPage\":{\"@id\":\"https:\\\/\\\/www.webdo.tn\\\/fr\\\/actualite\\\/national-45\\\/pendant-ce-temps-la-makthar-et-nefza-grondent\\\/172289\\\/\"},\"wordCount\":366,\"commentCount\":0,\"publisher\":{\"@id\":\"https:\\\/\\\/www.webdo.tn\\\/fr\\\/#organization\"},\"image\":{\"@id\":\"https:\\\/\\\/www.webdo.tn\\\/fr\\\/actualite\\\/national-45\\\/pendant-ce-temps-la-makthar-et-nefza-grondent\\\/172289\\\/#primaryimage\"},\"thumbnailUrl\":\"https:\\\/\\\/www.webdo.tn\\\/fr\\\/wp-content\\\/uploads\\\/2012\\\/01\\\/CARTE_BEJA_TUNISIE-150x150-1.gif\",\"keywords\":[\"guerre\"],\"articleSection\":[\"National\"],\"inLanguage\":\"fr-FR\"},{\"@type\":\"WebPage\",\"@id\":\"https:\\\/\\\/www.webdo.tn\\\/fr\\\/actualite\\\/national-45\\\/pendant-ce-temps-la-makthar-et-nefza-grondent\\\/172289\\\/\",\"url\":\"https:\\\/\\\/www.webdo.tn\\\/fr\\\/actualite\\\/national-45\\\/pendant-ce-temps-la-makthar-et-nefza-grondent\\\/172289\\\/\",\"name\":\"Pendant ce temps-l\u00e0, Makthar et Nefza grondent\",\"isPartOf\":{\"@id\":\"https:\\\/\\\/www.webdo.tn\\\/fr\\\/#website\"},\"primaryImageOfPage\":{\"@id\":\"https:\\\/\\\/www.webdo.tn\\\/fr\\\/actualite\\\/national-45\\\/pendant-ce-temps-la-makthar-et-nefza-grondent\\\/172289\\\/#primaryimage\"},\"image\":{\"@id\":\"https:\\\/\\\/www.webdo.tn\\\/fr\\\/actualite\\\/national-45\\\/pendant-ce-temps-la-makthar-et-nefza-grondent\\\/172289\\\/#primaryimage\"},\"thumbnailUrl\":\"https:\\\/\\\/www.webdo.tn\\\/fr\\\/wp-content\\\/uploads\\\/2012\\\/01\\\/CARTE_BEJA_TUNISIE-150x150-1.gif\",\"datePublished\":\"2012-01-17T21:01:00+00:00\",\"description\":\"Pendant ce temps-l\u00e0, Makthar et Nefza grondent\",\"breadcrumb\":{\"@id\":\"https:\\\/\\\/www.webdo.tn\\\/fr\\\/actualite\\\/national-45\\\/pendant-ce-temps-la-makthar-et-nefza-grondent\\\/172289\\\/#breadcrumb\"},\"inLanguage\":\"fr-FR\",\"potentialAction\":[{\"@type\":\"ReadAction\",\"target\":[\"https:\\\/\\\/www.webdo.tn\\\/fr\\\/actualite\\\/national-45\\\/pendant-ce-temps-la-makthar-et-nefza-grondent\\\/172289\\\/\"]}]},{\"@type\":\"ImageObject\",\"inLanguage\":\"fr-FR\",\"@id\":\"https:\\\/\\\/www.webdo.tn\\\/fr\\\/actualite\\\/national-45\\\/pendant-ce-temps-la-makthar-et-nefza-grondent\\\/172289\\\/#primaryimage\",\"url\":\"https:\\\/\\\/www.webdo.tn\\\/fr\\\/wp-content\\\/uploads\\\/2012\\\/01\\\/CARTE_BEJA_TUNISIE-150x150-1.gif\",\"contentUrl\":\"https:\\\/\\\/www.webdo.tn\\\/fr\\\/wp-content\\\/uploads\\\/2012\\\/01\\\/CARTE_BEJA_TUNISIE-150x150-1.gif\",\"width\":150,\"height\":150,\"caption\":\"Pendant ce temps-l\u00e0, Makthar et Nefza grondent\"},{\"@type\":\"BreadcrumbList\",\"@id\":\"https:\\\/\\\/www.webdo.tn\\\/fr\\\/actualite\\\/national-45\\\/pendant-ce-temps-la-makthar-et-nefza-grondent\\\/172289\\\/#breadcrumb\",\"itemListElement\":[{\"@type\":\"ListItem\",\"position\":1,\"name\":\"Accueil\",\"item\":\"https:\\\/\\\/www.webdo.tn\\\/fr\\\/\"},{\"@type\":\"ListItem\",\"position\":2,\"name\":\"Pendant ce temps-l\u00e0, Makthar et Nefza grondent\"}]},{\"@type\":\"WebSite\",\"@id\":\"https:\\\/\\\/www.webdo.tn\\\/fr\\\/#website\",\"url\":\"https:\\\/\\\/www.webdo.tn\\\/fr\\\/\",\"name\":\"webdo\",\"description\":\"Tunisie - News en Tunisie et \u00e0 l&#039;international sur Webdo.tn\",\"publisher\":{\"@id\":\"https:\\\/\\\/www.webdo.tn\\\/fr\\\/#organization\"},\"potentialAction\":[{\"@type\":\"SearchAction\",\"target\":{\"@type\":\"EntryPoint\",\"urlTemplate\":\"https:\\\/\\\/www.webdo.tn\\\/fr\\\/?s={search_term_string}\"},\"query-input\":{\"@type\":\"PropertyValueSpecification\",\"valueRequired\":true,\"valueName\":\"search_term_string\"}}],\"inLanguage\":\"fr-FR\"},{\"@type\":\"Organization\",\"@id\":\"https:\\\/\\\/www.webdo.tn\\\/fr\\\/#organization\",\"name\":\"Webdo\",\"alternateName\":\"Webdo.tn\",\"url\":\"https:\\\/\\\/www.webdo.tn\\\/fr\\\/\",\"logo\":{\"@type\":\"ImageObject\",\"inLanguage\":\"fr-FR\",\"@id\":\"https:\\\/\\\/www.webdo.tn\\\/fr\\\/#\\\/schema\\\/logo\\\/image\\\/\",\"url\":\"https:\\\/\\\/www.webdo.tn\\\/fr\\\/wp-content\\\/uploads\\\/2025\\\/06\\\/Webdo-Tunisie_168377.jpg\",\"contentUrl\":\"https:\\\/\\\/www.webdo.tn\\\/fr\\\/wp-content\\\/uploads\\\/2025\\\/06\\\/Webdo-Tunisie_168377.jpg\",\"width\":301,\"height\":301,\"caption\":\"Webdo\"},\"image\":{\"@id\":\"https:\\\/\\\/www.webdo.tn\\\/fr\\\/#\\\/schema\\\/logo\\\/image\\\/\"},\"sameAs\":[\"https:\\\/\\\/www.facebook.com\\\/webdotn\",\"https:\\\/\\\/x.com\\\/webdo_tn\"],\"description\":\"Webdo est un m\u00e9dia num\u00e9rique tunisien fond\u00e9 en 2010, sp\u00e9cialis\u00e9 dans l\u2019actualit\u00e9 nationale et internationale, l\u2019\u00e9conomie, la soci\u00e9t\u00e9 et les analyses politiques. Le site s\u2019adresse \u00e0 un large public francophone et couvre l\u2019information tunisienne en temps r\u00e9el.\",\"email\":\"redac@webdo.tn\",\"legalName\":\"YNJ SARL\",\"foundingDate\":\"2010-09-06\",\"numberOfEmployees\":{\"@type\":\"QuantitativeValue\",\"minValue\":\"11\",\"maxValue\":\"50\"}},{\"@type\":\"Person\",\"@id\":\"https:\\\/\\\/www.webdo.tn\\\/fr\\\/#\\\/schema\\\/person\\\/9a9c6118d687c117df8ef3cc36a4d175\",\"name\":\"webdo.tn\",\"image\":{\"@type\":\"ImageObject\",\"inLanguage\":\"fr-FR\",\"@id\":\"https:\\\/\\\/secure.gravatar.com\\\/avatar\\\/7ce1f28c0c3bbac99ff550b85ef8e44a6950c6ee24514fb6a5489e51d06f0298?s=96&d=mm&r=g\",\"url\":\"https:\\\/\\\/secure.gravatar.com\\\/avatar\\\/7ce1f28c0c3bbac99ff550b85ef8e44a6950c6ee24514fb6a5489e51d06f0298?s=96&d=mm&r=g\",\"contentUrl\":\"https:\\\/\\\/secure.gravatar.com\\\/avatar\\\/7ce1f28c0c3bbac99ff550b85ef8e44a6950c6ee24514fb6a5489e51d06f0298?s=96&d=mm&r=g\",\"caption\":\"webdo.tn\"},\"url\":\"https:\\\/\\\/www.webdo.tn\\\/fr\\\/actualite\\\/author\\\/webdotn\\\/\"}]}<\/script>\n<!-- \/ Yoast SEO Premium plugin. -->","yoast_head_json":{"title":"Pendant ce temps-l\u00e0, Makthar et Nefza grondent","description":"Pendant ce temps-l\u00e0, Makthar et Nefza grondent","canonical":"https:\/\/www.webdo.tn\/fr\/actualite\/national-45\/pendant-ce-temps-la-makthar-et-nefza-grondent\/172289\/","og_locale":"fr_FR","og_type":"article","og_title":"Pendant ce temps-l\u00e0, Makthar et Nefza grondent","og_description":"Pendant ce temps-l\u00e0, Makthar et Nefza grondent","og_url":"https:\/\/www.webdo.tn\/fr\/actualite\/national-45\/pendant-ce-temps-la-makthar-et-nefza-grondent\/172289\/","og_site_name":"webdo","article_publisher":"https:\/\/www.facebook.com\/webdotn","article_published_time":"2012-01-17T21:01:00+00:00","og_image":[{"width":150,"height":150,"url":"https:\/\/www.webdo.tn\/fr\/wp-content\/uploads\/2012\/01\/CARTE_BEJA_TUNISIE-150x150-1.gif","type":"image\/gif"}],"author":"webdo.tn","twitter_card":"summary_large_image","twitter_creator":"@webdo_tn","twitter_site":"@webdo_tn","twitter_misc":{"\u00c9crit par":"webdo.tn","Dur\u00e9e de lecture estim\u00e9e":"2 minutes"},"schema":{"@context":"https:\/\/schema.org","@graph":[{"@type":"NewsArticle","@id":"https:\/\/www.webdo.tn\/fr\/actualite\/national-45\/pendant-ce-temps-la-makthar-et-nefza-grondent\/172289\/#article","isPartOf":{"@id":"https:\/\/www.webdo.tn\/fr\/actualite\/national-45\/pendant-ce-temps-la-makthar-et-nefza-grondent\/172289\/"},"author":{"name":"webdo.tn","@id":"https:\/\/www.webdo.tn\/fr\/#\/schema\/person\/9a9c6118d687c117df8ef3cc36a4d175"},"headline":"Pendant ce temps-l\u00e0, Makthar et Nefza grondent","datePublished":"2012-01-17T21:01:00+00:00","mainEntityOfPage":{"@id":"https:\/\/www.webdo.tn\/fr\/actualite\/national-45\/pendant-ce-temps-la-makthar-et-nefza-grondent\/172289\/"},"wordCount":366,"commentCount":0,"publisher":{"@id":"https:\/\/www.webdo.tn\/fr\/#organization"},"image":{"@id":"https:\/\/www.webdo.tn\/fr\/actualite\/national-45\/pendant-ce-temps-la-makthar-et-nefza-grondent\/172289\/#primaryimage"},"thumbnailUrl":"https:\/\/www.webdo.tn\/fr\/wp-content\/uploads\/2012\/01\/CARTE_BEJA_TUNISIE-150x150-1.gif","keywords":["guerre"],"articleSection":["National"],"inLanguage":"fr-FR"},{"@type":"WebPage","@id":"https:\/\/www.webdo.tn\/fr\/actualite\/national-45\/pendant-ce-temps-la-makthar-et-nefza-grondent\/172289\/","url":"https:\/\/www.webdo.tn\/fr\/actualite\/national-45\/pendant-ce-temps-la-makthar-et-nefza-grondent\/172289\/","name":"Pendant ce temps-l\u00e0, Makthar et Nefza grondent","isPartOf":{"@id":"https:\/\/www.webdo.tn\/fr\/#website"},"primaryImageOfPage":{"@id":"https:\/\/www.webdo.tn\/fr\/actualite\/national-45\/pendant-ce-temps-la-makthar-et-nefza-grondent\/172289\/#primaryimage"},"image":{"@id":"https:\/\/www.webdo.tn\/fr\/actualite\/national-45\/pendant-ce-temps-la-makthar-et-nefza-grondent\/172289\/#primaryimage"},"thumbnailUrl":"https:\/\/www.webdo.tn\/fr\/wp-content\/uploads\/2012\/01\/CARTE_BEJA_TUNISIE-150x150-1.gif","datePublished":"2012-01-17T21:01:00+00:00","description":"Pendant ce temps-l\u00e0, Makthar et Nefza grondent","breadcrumb":{"@id":"https:\/\/www.webdo.tn\/fr\/actualite\/national-45\/pendant-ce-temps-la-makthar-et-nefza-grondent\/172289\/#breadcrumb"},"inLanguage":"fr-FR","potentialAction":[{"@type":"ReadAction","target":["https:\/\/www.webdo.tn\/fr\/actualite\/national-45\/pendant-ce-temps-la-makthar-et-nefza-grondent\/172289\/"]}]},{"@type":"ImageObject","inLanguage":"fr-FR","@id":"https:\/\/www.webdo.tn\/fr\/actualite\/national-45\/pendant-ce-temps-la-makthar-et-nefza-grondent\/172289\/#primaryimage","url":"https:\/\/www.webdo.tn\/fr\/wp-content\/uploads\/2012\/01\/CARTE_BEJA_TUNISIE-150x150-1.gif","contentUrl":"https:\/\/www.webdo.tn\/fr\/wp-content\/uploads\/2012\/01\/CARTE_BEJA_TUNISIE-150x150-1.gif","width":150,"height":150,"caption":"Pendant ce temps-l\u00e0, Makthar et Nefza grondent"},{"@type":"BreadcrumbList","@id":"https:\/\/www.webdo.tn\/fr\/actualite\/national-45\/pendant-ce-temps-la-makthar-et-nefza-grondent\/172289\/#breadcrumb","itemListElement":[{"@type":"ListItem","position":1,"name":"Accueil","item":"https:\/\/www.webdo.tn\/fr\/"},{"@type":"ListItem","position":2,"name":"Pendant ce temps-l\u00e0, Makthar et Nefza grondent"}]},{"@type":"WebSite","@id":"https:\/\/www.webdo.tn\/fr\/#website","url":"https:\/\/www.webdo.tn\/fr\/","name":"webdo","description":"Tunisie - News en Tunisie et \u00e0 l&#039;international sur Webdo.tn","publisher":{"@id":"https:\/\/www.webdo.tn\/fr\/#organization"},"potentialAction":[{"@type":"SearchAction","target":{"@type":"EntryPoint","urlTemplate":"https:\/\/www.webdo.tn\/fr\/?s={search_term_string}"},"query-input":{"@type":"PropertyValueSpecification","valueRequired":true,"valueName":"search_term_string"}}],"inLanguage":"fr-FR"},{"@type":"Organization","@id":"https:\/\/www.webdo.tn\/fr\/#organization","name":"Webdo","alternateName":"Webdo.tn","url":"https:\/\/www.webdo.tn\/fr\/","logo":{"@type":"ImageObject","inLanguage":"fr-FR","@id":"https:\/\/www.webdo.tn\/fr\/#\/schema\/logo\/image\/","url":"https:\/\/www.webdo.tn\/fr\/wp-content\/uploads\/2025\/06\/Webdo-Tunisie_168377.jpg","contentUrl":"https:\/\/www.webdo.tn\/fr\/wp-content\/uploads\/2025\/06\/Webdo-Tunisie_168377.jpg","width":301,"height":301,"caption":"Webdo"},"image":{"@id":"https:\/\/www.webdo.tn\/fr\/#\/schema\/logo\/image\/"},"sameAs":["https:\/\/www.facebook.com\/webdotn","https:\/\/x.com\/webdo_tn"],"description":"Webdo est un m\u00e9dia num\u00e9rique tunisien fond\u00e9 en 2010, sp\u00e9cialis\u00e9 dans l\u2019actualit\u00e9 nationale et internationale, l\u2019\u00e9conomie, la soci\u00e9t\u00e9 et les analyses politiques. Le site s\u2019adresse \u00e0 un large public francophone et couvre l\u2019information tunisienne en temps r\u00e9el.","email":"redac@webdo.tn","legalName":"YNJ SARL","foundingDate":"2010-09-06","numberOfEmployees":{"@type":"QuantitativeValue","minValue":"11","maxValue":"50"}},{"@type":"Person","@id":"https:\/\/www.webdo.tn\/fr\/#\/schema\/person\/9a9c6118d687c117df8ef3cc36a4d175","name":"webdo.tn","image":{"@type":"ImageObject","inLanguage":"fr-FR","@id":"https:\/\/secure.gravatar.com\/avatar\/7ce1f28c0c3bbac99ff550b85ef8e44a6950c6ee24514fb6a5489e51d06f0298?s=96&d=mm&r=g","url":"https:\/\/secure.gravatar.com\/avatar\/7ce1f28c0c3bbac99ff550b85ef8e44a6950c6ee24514fb6a5489e51d06f0298?s=96&d=mm&r=g","contentUrl":"https:\/\/secure.gravatar.com\/avatar\/7ce1f28c0c3bbac99ff550b85ef8e44a6950c6ee24514fb6a5489e51d06f0298?s=96&d=mm&r=g","caption":"webdo.tn"},"url":"https:\/\/www.webdo.tn\/fr\/actualite\/author\/webdotn\/"}]}},"_links":{"self":[{"href":"https:\/\/www.webdo.tn\/fr\/wp-json\/wp\/v2\/posts\/172289","targetHints":{"allow":["GET"]}}],"collection":[{"href":"https:\/\/www.webdo.tn\/fr\/wp-json\/wp\/v2\/posts"}],"about":[{"href":"https:\/\/www.webdo.tn\/fr\/wp-json\/wp\/v2\/types\/post"}],"author":[{"embeddable":true,"href":"https:\/\/www.webdo.tn\/fr\/wp-json\/wp\/v2\/users\/3222"}],"replies":[{"embeddable":true,"href":"https:\/\/www.webdo.tn\/fr\/wp-json\/wp\/v2\/comments?post=172289"}],"version-history":[{"count":0,"href":"https:\/\/www.webdo.tn\/fr\/wp-json\/wp\/v2\/posts\/172289\/revisions"}],"wp:featuredmedia":[{"embeddable":true,"href":"https:\/\/www.webdo.tn\/fr\/wp-json\/wp\/v2\/media\/333834"}],"wp:attachment":[{"href":"https:\/\/www.webdo.tn\/fr\/wp-json\/wp\/v2\/media?parent=172289"}],"wp:term":[{"taxonomy":"category","embeddable":true,"href":"https:\/\/www.webdo.tn\/fr\/wp-json\/wp\/v2\/categories?post=172289"},{"taxonomy":"post_tag","embeddable":true,"href":"https:\/\/www.webdo.tn\/fr\/wp-json\/wp\/v2\/tags?post=172289"}],"curies":[{"name":"wp","href":"https:\/\/api.w.org\/{rel}","templated":true}]}}