{"id":172288,"date":"2012-01-18T10:55:00","date_gmt":"2012-01-18T10:55:00","guid":{"rendered":"https:\/\/www.webdo.tn\/fr\/blog\/33-petits-africains-refugies-en-tunisie-envoyes-en-norvege\/172288\/"},"modified":"2012-01-18T10:55:00","modified_gmt":"2012-01-18T10:55:00","slug":"33-petits-africains-refugies-en-tunisie-envoyes-en-norvege","status":"publish","type":"post","link":"https:\/\/www.webdo.tn\/fr\/actualite\/national\/33-petits-africains-refugies-en-tunisie-envoyes-en-norvege\/172288\/","title":{"rendered":"33 petits Africains r\u00e9fugi\u00e9s en Tunisie envoy\u00e9s en Norv\u00e8ge"},"content":{"rendered":"<p>Apr\u00e8s des malheurs, pourront-ils conna\u00eetre le bonheur ? Trente-trois enfants, seuls, qui avaient trouv\u00e9 refuge au camp de Choucha, dans le sud de la Tunisie apr\u00e8s avoir \u00e9t\u00e9 \u00ab\u00e9ject\u00e9s\u00bb de Libye, ont \u00e9t\u00e9 \u00e9vacu\u00e9s, dimanche dernier, vers la Norv\u00e8ge, \u00e0 la charge du Haut-commissariat des Nations-Unies pour les r\u00e9fugi\u00e9s (HCR), selon un communiqu\u00e9 de ce dernier.<\/p>\n<p>Originaires, entre autres, de Somalie, du Soudan, d\u2019\u00c9rythr\u00e9e ou encore d\u2019\u00c9thiopie, ces gamins, qui au d\u00e9part \u00e9taient au nombre de 90, se sont retrouv\u00e9s chez nous apr\u00e8s avoir fui la Libye et les exactions dont ils ont \u00e9t\u00e9 victimes eux et leurs parents. Certains enfants sont orphelins ; d\u2019autres ont \u00e9t\u00e9 s\u00e9par\u00e9s de leur famille. M\u00eame si la Tunisie est suppos\u00e9e \u00eatre terre d\u2019accueil et de tol\u00e9rance, il n\u2019en reste pas moins que, dans l\u2019\u00e9tat des choses, un certain racisme est apparu vis-\u00e0-vis de cette population, fuyant les malheurs.<\/p>\n<p>Rappelons que 39 gamins \u00e0 l\u2019abandon ont \u00e9t\u00e9 d\u00e9j\u00e0 envoy\u00e9s en Norv\u00e8ge, en Su\u00e8de et au Danemark. Une vingtaine d\u2019autres attendent une solution. Mais, ils ne sont pas les seuls, puisque trois mille r\u00e9fugi\u00e9s attendent une place de r\u00e9installation. Trois mille en Tunisie et 1.400 en \u00c9gypte, \u00abdans le camp de Saloum, proche de la fronti\u00e8re libyenne\u00bb.<\/p>\n<p>Toujours d\u2019apr\u00e8s le HCR, certains pays, dont les \u00c9tats-Unis, le Canada, l\u2019Irlande ou encore l\u2019Australie se sont propos\u00e9s d\u2019accueillir ces r\u00e9fugi\u00e9s. Cependant, \u00abseul un r\u00e9fugi\u00e9 sur cinq a \u00e9t\u00e9 accept\u00e9 par un pays d&rsquo;accueil\u00bb.<\/p>\n","protected":false},"excerpt":{"rendered":"<p>33 petits Africains r\u00e9fugi\u00e9s en Tunisie envoy\u00e9s en Norv\u00e8ge<\/p>\n","protected":false},"author":3222,"featured_media":374651,"comment_status":"open","ping_status":"closed","sticky":false,"template":"","format":"standard","meta":{"footnotes":""},"categories":[44],"tags":[2600],"class_list":["post-172288","post","type-post","status-publish","format-standard","has-post-thumbnail","hentry","category-national","tag-guerre"],"yoast_head":"<!-- This site is optimized with the Yoast SEO Premium plugin v27.5 (Yoast SEO v27.5) - https:\/\/yoast.com\/product\/yoast-seo-premium-wordpress\/ -->\n<title>33 petits Africains r\u00e9fugi\u00e9s en Tunisie envoy\u00e9s en Norv\u00e8ge<\/title>\n<meta name=\"description\" content=\"33 petits Africains r\u00e9fugi\u00e9s en Tunisie envoy\u00e9s en Norv\u00e8ge\" \/>\n<link rel=\"canonical\" href=\"https:\/\/www.webdo.tn\/fr\/actualite\/national-45\/33-petits-africains-refugies-en-tunisie-envoyes-en-norvege\/172288\/\" \/>\n<meta property=\"og:locale\" content=\"fr_FR\" \/>\n<meta property=\"og:type\" content=\"article\" \/>\n<meta property=\"og:title\" content=\"33 petits Africains r\u00e9fugi\u00e9s en Tunisie envoy\u00e9s en Norv\u00e8ge\" \/>\n<meta property=\"og:description\" content=\"33 petits Africains r\u00e9fugi\u00e9s en Tunisie envoy\u00e9s en Norv\u00e8ge\" \/>\n<meta property=\"og:url\" content=\"https:\/\/www.webdo.tn\/fr\/actualite\/national-45\/33-petits-africains-refugies-en-tunisie-envoyes-en-norvege\/172288\/\" \/>\n<meta property=\"og:site_name\" content=\"webdo\" \/>\n<meta property=\"article:publisher\" content=\"https:\/\/www.facebook.com\/webdotn\" \/>\n<meta property=\"article:published_time\" content=\"2012-01-18T10:55:00+00:00\" \/>\n<meta name=\"author\" content=\"webdo.tn\" \/>\n<meta name=\"twitter:card\" content=\"summary_large_image\" \/>\n<meta name=\"twitter:creator\" content=\"@webdo_tn\" \/>\n<meta name=\"twitter:site\" content=\"@webdo_tn\" \/>\n<meta name=\"twitter:label1\" content=\"\u00c9crit par\" \/>\n\t<meta name=\"twitter:data1\" content=\"webdo.tn\" \/>\n\t<meta name=\"twitter:label2\" content=\"Dur\u00e9e de lecture estim\u00e9e\" \/>\n\t<meta name=\"twitter:data2\" content=\"1 minute\" \/>\n<script type=\"application\/ld+json\" class=\"yoast-schema-graph\">{\"@context\":\"https:\\\/\\\/schema.org\",\"@graph\":[{\"@type\":\"NewsArticle\",\"@id\":\"https:\\\/\\\/www.webdo.tn\\\/fr\\\/actualite\\\/national-45\\\/33-petits-africains-refugies-en-tunisie-envoyes-en-norvege\\\/172288\\\/#article\",\"isPartOf\":{\"@id\":\"https:\\\/\\\/www.webdo.tn\\\/fr\\\/actualite\\\/national-45\\\/33-petits-africains-refugies-en-tunisie-envoyes-en-norvege\\\/172288\\\/\"},\"author\":{\"name\":\"webdo.tn\",\"@id\":\"https:\\\/\\\/www.webdo.tn\\\/fr\\\/#\\\/schema\\\/person\\\/9a9c6118d687c117df8ef3cc36a4d175\"},\"headline\":\"33 petits Africains r\u00e9fugi\u00e9s en Tunisie envoy\u00e9s en Norv\u00e8ge\",\"datePublished\":\"2012-01-18T10:55:00+00:00\",\"mainEntityOfPage\":{\"@id\":\"https:\\\/\\\/www.webdo.tn\\\/fr\\\/actualite\\\/national-45\\\/33-petits-africains-refugies-en-tunisie-envoyes-en-norvege\\\/172288\\\/\"},\"wordCount\":285,\"commentCount\":0,\"publisher\":{\"@id\":\"https:\\\/\\\/www.webdo.tn\\\/fr\\\/#organization\"},\"image\":{\"@id\":\"https:\\\/\\\/www.webdo.tn\\\/fr\\\/actualite\\\/national-45\\\/33-petits-africains-refugies-en-tunisie-envoyes-en-norvege\\\/172288\\\/#primaryimage\"},\"thumbnailUrl\":\"https:\\\/\\\/www.webdo.tn\\\/fr\\\/wp-content\\\/uploads\\\/2025\\\/06\\\/Des-jeunes-ethiopiens-camp-de-Choucha-Tunisie-photo-unhcr.fr_1_172288.jpg\",\"keywords\":[\"guerre\"],\"articleSection\":[\"National\"],\"inLanguage\":\"fr-FR\"},{\"@type\":\"WebPage\",\"@id\":\"https:\\\/\\\/www.webdo.tn\\\/fr\\\/actualite\\\/national-45\\\/33-petits-africains-refugies-en-tunisie-envoyes-en-norvege\\\/172288\\\/\",\"url\":\"https:\\\/\\\/www.webdo.tn\\\/fr\\\/actualite\\\/national-45\\\/33-petits-africains-refugies-en-tunisie-envoyes-en-norvege\\\/172288\\\/\",\"name\":\"33 petits Africains r\u00e9fugi\u00e9s en Tunisie envoy\u00e9s en Norv\u00e8ge\",\"isPartOf\":{\"@id\":\"https:\\\/\\\/www.webdo.tn\\\/fr\\\/#website\"},\"primaryImageOfPage\":{\"@id\":\"https:\\\/\\\/www.webdo.tn\\\/fr\\\/actualite\\\/national-45\\\/33-petits-africains-refugies-en-tunisie-envoyes-en-norvege\\\/172288\\\/#primaryimage\"},\"image\":{\"@id\":\"https:\\\/\\\/www.webdo.tn\\\/fr\\\/actualite\\\/national-45\\\/33-petits-africains-refugies-en-tunisie-envoyes-en-norvege\\\/172288\\\/#primaryimage\"},\"thumbnailUrl\":\"https:\\\/\\\/www.webdo.tn\\\/fr\\\/wp-content\\\/uploads\\\/2025\\\/06\\\/Des-jeunes-ethiopiens-camp-de-Choucha-Tunisie-photo-unhcr.fr_1_172288.jpg\",\"datePublished\":\"2012-01-18T10:55:00+00:00\",\"description\":\"33 petits Africains r\u00e9fugi\u00e9s en Tunisie envoy\u00e9s en Norv\u00e8ge\",\"breadcrumb\":{\"@id\":\"https:\\\/\\\/www.webdo.tn\\\/fr\\\/actualite\\\/national-45\\\/33-petits-africains-refugies-en-tunisie-envoyes-en-norvege\\\/172288\\\/#breadcrumb\"},\"inLanguage\":\"fr-FR\",\"potentialAction\":[{\"@type\":\"ReadAction\",\"target\":[\"https:\\\/\\\/www.webdo.tn\\\/fr\\\/actualite\\\/national-45\\\/33-petits-africains-refugies-en-tunisie-envoyes-en-norvege\\\/172288\\\/\"]}]},{\"@type\":\"ImageObject\",\"inLanguage\":\"fr-FR\",\"@id\":\"https:\\\/\\\/www.webdo.tn\\\/fr\\\/actualite\\\/national-45\\\/33-petits-africains-refugies-en-tunisie-envoyes-en-norvege\\\/172288\\\/#primaryimage\",\"url\":\"https:\\\/\\\/www.webdo.tn\\\/fr\\\/wp-content\\\/uploads\\\/2025\\\/06\\\/Des-jeunes-ethiopiens-camp-de-Choucha-Tunisie-photo-unhcr.fr_1_172288.jpg\",\"contentUrl\":\"https:\\\/\\\/www.webdo.tn\\\/fr\\\/wp-content\\\/uploads\\\/2025\\\/06\\\/Des-jeunes-ethiopiens-camp-de-Choucha-Tunisie-photo-unhcr.fr_1_172288.jpg\",\"width\":325,\"height\":244,\"caption\":\"33 petits Africains r\u00e9fugi\u00e9s en Tunisie envoy\u00e9s en Norv\u00e8ge\"},{\"@type\":\"BreadcrumbList\",\"@id\":\"https:\\\/\\\/www.webdo.tn\\\/fr\\\/actualite\\\/national-45\\\/33-petits-africains-refugies-en-tunisie-envoyes-en-norvege\\\/172288\\\/#breadcrumb\",\"itemListElement\":[{\"@type\":\"ListItem\",\"position\":1,\"name\":\"Accueil\",\"item\":\"https:\\\/\\\/www.webdo.tn\\\/fr\\\/\"},{\"@type\":\"ListItem\",\"position\":2,\"name\":\"33 petits Africains r\u00e9fugi\u00e9s en Tunisie envoy\u00e9s en Norv\u00e8ge\"}]},{\"@type\":\"WebSite\",\"@id\":\"https:\\\/\\\/www.webdo.tn\\\/fr\\\/#website\",\"url\":\"https:\\\/\\\/www.webdo.tn\\\/fr\\\/\",\"name\":\"webdo\",\"description\":\"Tunisie - News en Tunisie et \u00e0 l&#039;international sur Webdo.tn\",\"publisher\":{\"@id\":\"https:\\\/\\\/www.webdo.tn\\\/fr\\\/#organization\"},\"potentialAction\":[{\"@type\":\"SearchAction\",\"target\":{\"@type\":\"EntryPoint\",\"urlTemplate\":\"https:\\\/\\\/www.webdo.tn\\\/fr\\\/?s={search_term_string}\"},\"query-input\":{\"@type\":\"PropertyValueSpecification\",\"valueRequired\":true,\"valueName\":\"search_term_string\"}}],\"inLanguage\":\"fr-FR\"},{\"@type\":\"Organization\",\"@id\":\"https:\\\/\\\/www.webdo.tn\\\/fr\\\/#organization\",\"name\":\"Webdo\",\"alternateName\":\"Webdo.tn\",\"url\":\"https:\\\/\\\/www.webdo.tn\\\/fr\\\/\",\"logo\":{\"@type\":\"ImageObject\",\"inLanguage\":\"fr-FR\",\"@id\":\"https:\\\/\\\/www.webdo.tn\\\/fr\\\/#\\\/schema\\\/logo\\\/image\\\/\",\"url\":\"https:\\\/\\\/www.webdo.tn\\\/fr\\\/wp-content\\\/uploads\\\/2025\\\/06\\\/Webdo-Tunisie_168377.jpg\",\"contentUrl\":\"https:\\\/\\\/www.webdo.tn\\\/fr\\\/wp-content\\\/uploads\\\/2025\\\/06\\\/Webdo-Tunisie_168377.jpg\",\"width\":301,\"height\":301,\"caption\":\"Webdo\"},\"image\":{\"@id\":\"https:\\\/\\\/www.webdo.tn\\\/fr\\\/#\\\/schema\\\/logo\\\/image\\\/\"},\"sameAs\":[\"https:\\\/\\\/www.facebook.com\\\/webdotn\",\"https:\\\/\\\/x.com\\\/webdo_tn\"],\"description\":\"Webdo est un m\u00e9dia num\u00e9rique tunisien fond\u00e9 en 2010, sp\u00e9cialis\u00e9 dans l\u2019actualit\u00e9 nationale et internationale, l\u2019\u00e9conomie, la soci\u00e9t\u00e9 et les analyses politiques. Le site s\u2019adresse \u00e0 un large public francophone et couvre l\u2019information tunisienne en temps r\u00e9el.\",\"email\":\"redac@webdo.tn\",\"legalName\":\"YNJ SARL\",\"foundingDate\":\"2010-09-06\",\"numberOfEmployees\":{\"@type\":\"QuantitativeValue\",\"minValue\":\"11\",\"maxValue\":\"50\"}},{\"@type\":\"Person\",\"@id\":\"https:\\\/\\\/www.webdo.tn\\\/fr\\\/#\\\/schema\\\/person\\\/9a9c6118d687c117df8ef3cc36a4d175\",\"name\":\"webdo.tn\",\"image\":{\"@type\":\"ImageObject\",\"inLanguage\":\"fr-FR\",\"@id\":\"https:\\\/\\\/secure.gravatar.com\\\/avatar\\\/7ce1f28c0c3bbac99ff550b85ef8e44a6950c6ee24514fb6a5489e51d06f0298?s=96&d=mm&r=g\",\"url\":\"https:\\\/\\\/secure.gravatar.com\\\/avatar\\\/7ce1f28c0c3bbac99ff550b85ef8e44a6950c6ee24514fb6a5489e51d06f0298?s=96&d=mm&r=g\",\"contentUrl\":\"https:\\\/\\\/secure.gravatar.com\\\/avatar\\\/7ce1f28c0c3bbac99ff550b85ef8e44a6950c6ee24514fb6a5489e51d06f0298?s=96&d=mm&r=g\",\"caption\":\"webdo.tn\"},\"url\":\"https:\\\/\\\/www.webdo.tn\\\/fr\\\/actualite\\\/author\\\/webdotn\\\/\"}]}<\/script>\n<!-- \/ Yoast SEO Premium plugin. -->","yoast_head_json":{"title":"33 petits Africains r\u00e9fugi\u00e9s en Tunisie envoy\u00e9s en Norv\u00e8ge","description":"33 petits Africains r\u00e9fugi\u00e9s en Tunisie envoy\u00e9s en Norv\u00e8ge","canonical":"https:\/\/www.webdo.tn\/fr\/actualite\/national-45\/33-petits-africains-refugies-en-tunisie-envoyes-en-norvege\/172288\/","og_locale":"fr_FR","og_type":"article","og_title":"33 petits Africains r\u00e9fugi\u00e9s en Tunisie envoy\u00e9s en Norv\u00e8ge","og_description":"33 petits Africains r\u00e9fugi\u00e9s en Tunisie envoy\u00e9s en Norv\u00e8ge","og_url":"https:\/\/www.webdo.tn\/fr\/actualite\/national-45\/33-petits-africains-refugies-en-tunisie-envoyes-en-norvege\/172288\/","og_site_name":"webdo","article_publisher":"https:\/\/www.facebook.com\/webdotn","article_published_time":"2012-01-18T10:55:00+00:00","author":"webdo.tn","twitter_card":"summary_large_image","twitter_creator":"@webdo_tn","twitter_site":"@webdo_tn","twitter_misc":{"\u00c9crit par":"webdo.tn","Dur\u00e9e de lecture estim\u00e9e":"1 minute"},"schema":{"@context":"https:\/\/schema.org","@graph":[{"@type":"NewsArticle","@id":"https:\/\/www.webdo.tn\/fr\/actualite\/national-45\/33-petits-africains-refugies-en-tunisie-envoyes-en-norvege\/172288\/#article","isPartOf":{"@id":"https:\/\/www.webdo.tn\/fr\/actualite\/national-45\/33-petits-africains-refugies-en-tunisie-envoyes-en-norvege\/172288\/"},"author":{"name":"webdo.tn","@id":"https:\/\/www.webdo.tn\/fr\/#\/schema\/person\/9a9c6118d687c117df8ef3cc36a4d175"},"headline":"33 petits Africains r\u00e9fugi\u00e9s en Tunisie envoy\u00e9s en Norv\u00e8ge","datePublished":"2012-01-18T10:55:00+00:00","mainEntityOfPage":{"@id":"https:\/\/www.webdo.tn\/fr\/actualite\/national-45\/33-petits-africains-refugies-en-tunisie-envoyes-en-norvege\/172288\/"},"wordCount":285,"commentCount":0,"publisher":{"@id":"https:\/\/www.webdo.tn\/fr\/#organization"},"image":{"@id":"https:\/\/www.webdo.tn\/fr\/actualite\/national-45\/33-petits-africains-refugies-en-tunisie-envoyes-en-norvege\/172288\/#primaryimage"},"thumbnailUrl":"https:\/\/www.webdo.tn\/fr\/wp-content\/uploads\/2025\/06\/Des-jeunes-ethiopiens-camp-de-Choucha-Tunisie-photo-unhcr.fr_1_172288.jpg","keywords":["guerre"],"articleSection":["National"],"inLanguage":"fr-FR"},{"@type":"WebPage","@id":"https:\/\/www.webdo.tn\/fr\/actualite\/national-45\/33-petits-africains-refugies-en-tunisie-envoyes-en-norvege\/172288\/","url":"https:\/\/www.webdo.tn\/fr\/actualite\/national-45\/33-petits-africains-refugies-en-tunisie-envoyes-en-norvege\/172288\/","name":"33 petits Africains r\u00e9fugi\u00e9s en Tunisie envoy\u00e9s en Norv\u00e8ge","isPartOf":{"@id":"https:\/\/www.webdo.tn\/fr\/#website"},"primaryImageOfPage":{"@id":"https:\/\/www.webdo.tn\/fr\/actualite\/national-45\/33-petits-africains-refugies-en-tunisie-envoyes-en-norvege\/172288\/#primaryimage"},"image":{"@id":"https:\/\/www.webdo.tn\/fr\/actualite\/national-45\/33-petits-africains-refugies-en-tunisie-envoyes-en-norvege\/172288\/#primaryimage"},"thumbnailUrl":"https:\/\/www.webdo.tn\/fr\/wp-content\/uploads\/2025\/06\/Des-jeunes-ethiopiens-camp-de-Choucha-Tunisie-photo-unhcr.fr_1_172288.jpg","datePublished":"2012-01-18T10:55:00+00:00","description":"33 petits Africains r\u00e9fugi\u00e9s en Tunisie envoy\u00e9s en Norv\u00e8ge","breadcrumb":{"@id":"https:\/\/www.webdo.tn\/fr\/actualite\/national-45\/33-petits-africains-refugies-en-tunisie-envoyes-en-norvege\/172288\/#breadcrumb"},"inLanguage":"fr-FR","potentialAction":[{"@type":"ReadAction","target":["https:\/\/www.webdo.tn\/fr\/actualite\/national-45\/33-petits-africains-refugies-en-tunisie-envoyes-en-norvege\/172288\/"]}]},{"@type":"ImageObject","inLanguage":"fr-FR","@id":"https:\/\/www.webdo.tn\/fr\/actualite\/national-45\/33-petits-africains-refugies-en-tunisie-envoyes-en-norvege\/172288\/#primaryimage","url":"https:\/\/www.webdo.tn\/fr\/wp-content\/uploads\/2025\/06\/Des-jeunes-ethiopiens-camp-de-Choucha-Tunisie-photo-unhcr.fr_1_172288.jpg","contentUrl":"https:\/\/www.webdo.tn\/fr\/wp-content\/uploads\/2025\/06\/Des-jeunes-ethiopiens-camp-de-Choucha-Tunisie-photo-unhcr.fr_1_172288.jpg","width":325,"height":244,"caption":"33 petits Africains r\u00e9fugi\u00e9s en Tunisie envoy\u00e9s en Norv\u00e8ge"},{"@type":"BreadcrumbList","@id":"https:\/\/www.webdo.tn\/fr\/actualite\/national-45\/33-petits-africains-refugies-en-tunisie-envoyes-en-norvege\/172288\/#breadcrumb","itemListElement":[{"@type":"ListItem","position":1,"name":"Accueil","item":"https:\/\/www.webdo.tn\/fr\/"},{"@type":"ListItem","position":2,"name":"33 petits Africains r\u00e9fugi\u00e9s en Tunisie envoy\u00e9s en Norv\u00e8ge"}]},{"@type":"WebSite","@id":"https:\/\/www.webdo.tn\/fr\/#website","url":"https:\/\/www.webdo.tn\/fr\/","name":"webdo","description":"Tunisie - News en Tunisie et \u00e0 l&#039;international sur Webdo.tn","publisher":{"@id":"https:\/\/www.webdo.tn\/fr\/#organization"},"potentialAction":[{"@type":"SearchAction","target":{"@type":"EntryPoint","urlTemplate":"https:\/\/www.webdo.tn\/fr\/?s={search_term_string}"},"query-input":{"@type":"PropertyValueSpecification","valueRequired":true,"valueName":"search_term_string"}}],"inLanguage":"fr-FR"},{"@type":"Organization","@id":"https:\/\/www.webdo.tn\/fr\/#organization","name":"Webdo","alternateName":"Webdo.tn","url":"https:\/\/www.webdo.tn\/fr\/","logo":{"@type":"ImageObject","inLanguage":"fr-FR","@id":"https:\/\/www.webdo.tn\/fr\/#\/schema\/logo\/image\/","url":"https:\/\/www.webdo.tn\/fr\/wp-content\/uploads\/2025\/06\/Webdo-Tunisie_168377.jpg","contentUrl":"https:\/\/www.webdo.tn\/fr\/wp-content\/uploads\/2025\/06\/Webdo-Tunisie_168377.jpg","width":301,"height":301,"caption":"Webdo"},"image":{"@id":"https:\/\/www.webdo.tn\/fr\/#\/schema\/logo\/image\/"},"sameAs":["https:\/\/www.facebook.com\/webdotn","https:\/\/x.com\/webdo_tn"],"description":"Webdo est un m\u00e9dia num\u00e9rique tunisien fond\u00e9 en 2010, sp\u00e9cialis\u00e9 dans l\u2019actualit\u00e9 nationale et internationale, l\u2019\u00e9conomie, la soci\u00e9t\u00e9 et les analyses politiques. Le site s\u2019adresse \u00e0 un large public francophone et couvre l\u2019information tunisienne en temps r\u00e9el.","email":"redac@webdo.tn","legalName":"YNJ SARL","foundingDate":"2010-09-06","numberOfEmployees":{"@type":"QuantitativeValue","minValue":"11","maxValue":"50"}},{"@type":"Person","@id":"https:\/\/www.webdo.tn\/fr\/#\/schema\/person\/9a9c6118d687c117df8ef3cc36a4d175","name":"webdo.tn","image":{"@type":"ImageObject","inLanguage":"fr-FR","@id":"https:\/\/secure.gravatar.com\/avatar\/7ce1f28c0c3bbac99ff550b85ef8e44a6950c6ee24514fb6a5489e51d06f0298?s=96&d=mm&r=g","url":"https:\/\/secure.gravatar.com\/avatar\/7ce1f28c0c3bbac99ff550b85ef8e44a6950c6ee24514fb6a5489e51d06f0298?s=96&d=mm&r=g","contentUrl":"https:\/\/secure.gravatar.com\/avatar\/7ce1f28c0c3bbac99ff550b85ef8e44a6950c6ee24514fb6a5489e51d06f0298?s=96&d=mm&r=g","caption":"webdo.tn"},"url":"https:\/\/www.webdo.tn\/fr\/actualite\/author\/webdotn\/"}]}},"_links":{"self":[{"href":"https:\/\/www.webdo.tn\/fr\/wp-json\/wp\/v2\/posts\/172288","targetHints":{"allow":["GET"]}}],"collection":[{"href":"https:\/\/www.webdo.tn\/fr\/wp-json\/wp\/v2\/posts"}],"about":[{"href":"https:\/\/www.webdo.tn\/fr\/wp-json\/wp\/v2\/types\/post"}],"author":[{"embeddable":true,"href":"https:\/\/www.webdo.tn\/fr\/wp-json\/wp\/v2\/users\/3222"}],"replies":[{"embeddable":true,"href":"https:\/\/www.webdo.tn\/fr\/wp-json\/wp\/v2\/comments?post=172288"}],"version-history":[{"count":0,"href":"https:\/\/www.webdo.tn\/fr\/wp-json\/wp\/v2\/posts\/172288\/revisions"}],"wp:featuredmedia":[{"embeddable":true,"href":"https:\/\/www.webdo.tn\/fr\/wp-json\/wp\/v2\/media\/374651"}],"wp:attachment":[{"href":"https:\/\/www.webdo.tn\/fr\/wp-json\/wp\/v2\/media?parent=172288"}],"wp:term":[{"taxonomy":"category","embeddable":true,"href":"https:\/\/www.webdo.tn\/fr\/wp-json\/wp\/v2\/categories?post=172288"},{"taxonomy":"post_tag","embeddable":true,"href":"https:\/\/www.webdo.tn\/fr\/wp-json\/wp\/v2\/tags?post=172288"}],"curies":[{"name":"wp","href":"https:\/\/api.w.org\/{rel}","templated":true}]}}