{"id":172287,"date":"2012-01-18T12:14:00","date_gmt":"2012-01-18T12:14:00","guid":{"rendered":"https:\/\/www.webdo.tn\/fr\/blog\/apres-laffaire-de-limogeage-de-moncef-laajimi-un-mandat-d-arret-a-son-encontre\/172287\/"},"modified":"2012-01-18T12:14:00","modified_gmt":"2012-01-18T12:14:00","slug":"apres-laffaire-de-limogeage-de-moncef-laajimi-un-mandat-d-arret-a-son-encontre","status":"publish","type":"post","link":"https:\/\/www.webdo.tn\/fr\/actualite\/national\/apres-laffaire-de-limogeage-de-moncef-laajimi-un-mandat-d-arret-a-son-encontre\/172287\/","title":{"rendered":"Apr\u00e8s l&rsquo;affaire de limogeage de Moncef La\u00e2jimi, un mandat d\u2019amener \u00e0 son encontre"},"content":{"rendered":"<p>Un mandat d&rsquo;amener a \u00e9t\u00e9 \u00e9mis aujourd&rsquo;hui \u00e0 l&rsquo;encontre de l&rsquo;ancien directeur g\u00e9n\u00e9ral des brigades d\u2019intervention, Moncef La\u00e2jimi, dans l\u2019affaire des martyrs de Thala et de Kasserine, rapporte Mosaique FM.<\/p>\n<p>Le 10 janvier dernier, Moncef La\u00e2jimi a \u00e9t\u00e9 \u00ab\u00a0limog\u00e9\u00a0\u00bb de ses fonctions par Ali La\u00e2rayedh, le ministre de l&rsquo;Int\u00e9rieur. Officiellement, pour r\u00e9organiser les forces de l&rsquo;ordre, mais officieusement, Moncef La\u00e2jimi serait impliqu\u00e9 dans les \u00e9v\u00e9nements de Thala et Kasserine. Ce qui avait provoqu\u00e9 un sit-in des forces de l\u2019ordre, d\u00e9non\u00e7ant une telle d\u00e9cision, car ils estimaient \u00ab qu&rsquo;ils ont prot\u00e9g\u00e9 la r\u00e9volution \u00bb.<\/p>\n<p>En parall\u00e8le, une autre manifestation contre le sit-in des forces de l&rsquo;ordre avait eu lieu pour soutenir la dite d\u00e9cision du ministre. Bref, une affaire qui a fait beaucoup de bruit \u00e0 coups de vid\u00e9os sur Facebook et de d\u00e9clarations du syndicat des fonctionnaires de la direction g\u00e9n\u00e9rale des brigades d&rsquo;intervention. Finalement, pour apaiser la tension, M. L\u00e2ajimi avait \u00e9t\u00e9 \u00ab\u00a0nomm\u00e9\u00a0\u00bb charg\u00e9 de fonction aupr\u00e8s du ministre de l&rsquo;Int\u00e9rieur.<\/p>\n<p>Or, apparemment, selon certains, c&rsquo;\u00e9tait une d\u00e9cision pour pr\u00e9parer le terrain \u00e0 ce mandat d&rsquo;amener et on ne risque pas, cette fois, d&rsquo;assister \u00e0 de nouvelles manifestations soutenant M. L\u00e2ajimi, vu que des promotions ont eu lieu dans le corps des forces de l&rsquo;ordre.<\/p>\n<p>En plus de M. L\u00e2ajimi, deux autres mandats d&rsquo;amener ont \u00e9t\u00e9 \u00e9mis, \u00e0 l&rsquo;encontre du directeur de la s\u00e9curit\u00e9 pr\u00e9sidentielle, Moncef Krifa, et du directeur de la lutte antiterroriste, Khaled Ben Sa\u00efd. Ces derniers \u00e9taient absents hier, au proc\u00e8s des martyrs de Thala et de Kasserine, apr\u00e8s avoir, les deux, pr\u00e9sent\u00e9 pour excuse, un certificat m\u00e9dical.<\/p>\n","protected":false},"excerpt":{"rendered":"<p>Apr\u00e8s l&rsquo;affaire de limogeage de Moncef La\u00e2jimi, un mandat d\u2019amener \u00e0 son encontre<\/p>\n","protected":false},"author":3222,"featured_media":374650,"comment_status":"open","ping_status":"closed","sticky":false,"template":"","format":"standard","meta":{"footnotes":""},"categories":[44],"tags":[2600],"class_list":["post-172287","post","type-post","status-publish","format-standard","has-post-thumbnail","hentry","category-national","tag-guerre"],"yoast_head":"<!-- This site is optimized with the Yoast SEO Premium plugin v27.5 (Yoast SEO v27.5) - https:\/\/yoast.com\/product\/yoast-seo-premium-wordpress\/ -->\n<title>Apr\u00e8s l&#039;affaire de limogeage de Moncef La\u00e2jimi, un mandat d\u2019amener \u00e0 son encontre<\/title>\n<meta name=\"description\" content=\"Apr\u00e8s l&#039;affaire de limogeage de Moncef La\u00e2jimi, un mandat d\u2019amener \u00e0 son encontre\" \/>\n<link rel=\"canonical\" href=\"https:\/\/www.webdo.tn\/fr\/actualite\/national-45\/apres-laffaire-de-limogeage-de-moncef-laajimi-un-mandat-d-arret-a-son-encontre\/172287\/\" \/>\n<meta property=\"og:locale\" content=\"fr_FR\" \/>\n<meta property=\"og:type\" content=\"article\" \/>\n<meta property=\"og:title\" content=\"Apr\u00e8s l&#039;affaire de limogeage de Moncef La\u00e2jimi, un mandat d\u2019amener \u00e0 son encontre\" \/>\n<meta property=\"og:description\" content=\"Apr\u00e8s l&#039;affaire de limogeage de Moncef La\u00e2jimi, un mandat d\u2019amener \u00e0 son encontre\" \/>\n<meta property=\"og:url\" content=\"https:\/\/www.webdo.tn\/fr\/actualite\/national-45\/apres-laffaire-de-limogeage-de-moncef-laajimi-un-mandat-d-arret-a-son-encontre\/172287\/\" \/>\n<meta property=\"og:site_name\" content=\"webdo\" \/>\n<meta property=\"article:publisher\" content=\"https:\/\/www.facebook.com\/webdotn\" \/>\n<meta property=\"article:published_time\" content=\"2012-01-18T12:14:00+00:00\" \/>\n<meta name=\"author\" content=\"webdo.tn\" \/>\n<meta name=\"twitter:card\" content=\"summary_large_image\" \/>\n<meta name=\"twitter:creator\" content=\"@webdo_tn\" \/>\n<meta name=\"twitter:site\" content=\"@webdo_tn\" \/>\n<meta name=\"twitter:label1\" content=\"\u00c9crit par\" \/>\n\t<meta name=\"twitter:data1\" content=\"webdo.tn\" \/>\n\t<meta name=\"twitter:label2\" content=\"Dur\u00e9e de lecture estim\u00e9e\" \/>\n\t<meta name=\"twitter:data2\" content=\"1 minute\" \/>\n<script type=\"application\/ld+json\" class=\"yoast-schema-graph\">{\"@context\":\"https:\\\/\\\/schema.org\",\"@graph\":[{\"@type\":\"NewsArticle\",\"@id\":\"https:\\\/\\\/www.webdo.tn\\\/fr\\\/actualite\\\/national-45\\\/apres-laffaire-de-limogeage-de-moncef-laajimi-un-mandat-d-arret-a-son-encontre\\\/172287\\\/#article\",\"isPartOf\":{\"@id\":\"https:\\\/\\\/www.webdo.tn\\\/fr\\\/actualite\\\/national-45\\\/apres-laffaire-de-limogeage-de-moncef-laajimi-un-mandat-d-arret-a-son-encontre\\\/172287\\\/\"},\"author\":{\"name\":\"webdo.tn\",\"@id\":\"https:\\\/\\\/www.webdo.tn\\\/fr\\\/#\\\/schema\\\/person\\\/9a9c6118d687c117df8ef3cc36a4d175\"},\"headline\":\"Apr\u00e8s l&rsquo;affaire de limogeage de Moncef La\u00e2jimi, un mandat d\u2019amener \u00e0 son encontre\",\"datePublished\":\"2012-01-18T12:14:00+00:00\",\"mainEntityOfPage\":{\"@id\":\"https:\\\/\\\/www.webdo.tn\\\/fr\\\/actualite\\\/national-45\\\/apres-laffaire-de-limogeage-de-moncef-laajimi-un-mandat-d-arret-a-son-encontre\\\/172287\\\/\"},\"wordCount\":323,\"commentCount\":0,\"publisher\":{\"@id\":\"https:\\\/\\\/www.webdo.tn\\\/fr\\\/#organization\"},\"image\":{\"@id\":\"https:\\\/\\\/www.webdo.tn\\\/fr\\\/actualite\\\/national-45\\\/apres-laffaire-de-limogeage-de-moncef-laajimi-un-mandat-d-arret-a-son-encontre\\\/172287\\\/#primaryimage\"},\"thumbnailUrl\":\"https:\\\/\\\/www.webdo.tn\\\/fr\\\/wp-content\\\/uploads\\\/2025\\\/06\\\/Moncef-Laajimi_172287.jpg\",\"keywords\":[\"guerre\"],\"articleSection\":[\"National\"],\"inLanguage\":\"fr-FR\"},{\"@type\":\"WebPage\",\"@id\":\"https:\\\/\\\/www.webdo.tn\\\/fr\\\/actualite\\\/national-45\\\/apres-laffaire-de-limogeage-de-moncef-laajimi-un-mandat-d-arret-a-son-encontre\\\/172287\\\/\",\"url\":\"https:\\\/\\\/www.webdo.tn\\\/fr\\\/actualite\\\/national-45\\\/apres-laffaire-de-limogeage-de-moncef-laajimi-un-mandat-d-arret-a-son-encontre\\\/172287\\\/\",\"name\":\"Apr\u00e8s l'affaire de limogeage de Moncef La\u00e2jimi, un mandat d\u2019amener \u00e0 son encontre\",\"isPartOf\":{\"@id\":\"https:\\\/\\\/www.webdo.tn\\\/fr\\\/#website\"},\"primaryImageOfPage\":{\"@id\":\"https:\\\/\\\/www.webdo.tn\\\/fr\\\/actualite\\\/national-45\\\/apres-laffaire-de-limogeage-de-moncef-laajimi-un-mandat-d-arret-a-son-encontre\\\/172287\\\/#primaryimage\"},\"image\":{\"@id\":\"https:\\\/\\\/www.webdo.tn\\\/fr\\\/actualite\\\/national-45\\\/apres-laffaire-de-limogeage-de-moncef-laajimi-un-mandat-d-arret-a-son-encontre\\\/172287\\\/#primaryimage\"},\"thumbnailUrl\":\"https:\\\/\\\/www.webdo.tn\\\/fr\\\/wp-content\\\/uploads\\\/2025\\\/06\\\/Moncef-Laajimi_172287.jpg\",\"datePublished\":\"2012-01-18T12:14:00+00:00\",\"description\":\"Apr\u00e8s l'affaire de limogeage de Moncef La\u00e2jimi, un mandat d\u2019amener \u00e0 son encontre\",\"breadcrumb\":{\"@id\":\"https:\\\/\\\/www.webdo.tn\\\/fr\\\/actualite\\\/national-45\\\/apres-laffaire-de-limogeage-de-moncef-laajimi-un-mandat-d-arret-a-son-encontre\\\/172287\\\/#breadcrumb\"},\"inLanguage\":\"fr-FR\",\"potentialAction\":[{\"@type\":\"ReadAction\",\"target\":[\"https:\\\/\\\/www.webdo.tn\\\/fr\\\/actualite\\\/national-45\\\/apres-laffaire-de-limogeage-de-moncef-laajimi-un-mandat-d-arret-a-son-encontre\\\/172287\\\/\"]}]},{\"@type\":\"ImageObject\",\"inLanguage\":\"fr-FR\",\"@id\":\"https:\\\/\\\/www.webdo.tn\\\/fr\\\/actualite\\\/national-45\\\/apres-laffaire-de-limogeage-de-moncef-laajimi-un-mandat-d-arret-a-son-encontre\\\/172287\\\/#primaryimage\",\"url\":\"https:\\\/\\\/www.webdo.tn\\\/fr\\\/wp-content\\\/uploads\\\/2025\\\/06\\\/Moncef-Laajimi_172287.jpg\",\"contentUrl\":\"https:\\\/\\\/www.webdo.tn\\\/fr\\\/wp-content\\\/uploads\\\/2025\\\/06\\\/Moncef-Laajimi_172287.jpg\",\"width\":184,\"height\":229,\"caption\":\"Apr\u00e8s l'affaire de limogeage de Moncef La\u00e2jimi, un mandat d\u2019amener \u00e0 son encontre\"},{\"@type\":\"BreadcrumbList\",\"@id\":\"https:\\\/\\\/www.webdo.tn\\\/fr\\\/actualite\\\/national-45\\\/apres-laffaire-de-limogeage-de-moncef-laajimi-un-mandat-d-arret-a-son-encontre\\\/172287\\\/#breadcrumb\",\"itemListElement\":[{\"@type\":\"ListItem\",\"position\":1,\"name\":\"Accueil\",\"item\":\"https:\\\/\\\/www.webdo.tn\\\/fr\\\/\"},{\"@type\":\"ListItem\",\"position\":2,\"name\":\"Apr\u00e8s l&rsquo;affaire de limogeage de Moncef La\u00e2jimi, un mandat d\u2019amener \u00e0 son encontre\"}]},{\"@type\":\"WebSite\",\"@id\":\"https:\\\/\\\/www.webdo.tn\\\/fr\\\/#website\",\"url\":\"https:\\\/\\\/www.webdo.tn\\\/fr\\\/\",\"name\":\"webdo\",\"description\":\"Tunisie - News en Tunisie et \u00e0 l&#039;international sur Webdo.tn\",\"publisher\":{\"@id\":\"https:\\\/\\\/www.webdo.tn\\\/fr\\\/#organization\"},\"potentialAction\":[{\"@type\":\"SearchAction\",\"target\":{\"@type\":\"EntryPoint\",\"urlTemplate\":\"https:\\\/\\\/www.webdo.tn\\\/fr\\\/?s={search_term_string}\"},\"query-input\":{\"@type\":\"PropertyValueSpecification\",\"valueRequired\":true,\"valueName\":\"search_term_string\"}}],\"inLanguage\":\"fr-FR\"},{\"@type\":\"Organization\",\"@id\":\"https:\\\/\\\/www.webdo.tn\\\/fr\\\/#organization\",\"name\":\"Webdo\",\"alternateName\":\"Webdo.tn\",\"url\":\"https:\\\/\\\/www.webdo.tn\\\/fr\\\/\",\"logo\":{\"@type\":\"ImageObject\",\"inLanguage\":\"fr-FR\",\"@id\":\"https:\\\/\\\/www.webdo.tn\\\/fr\\\/#\\\/schema\\\/logo\\\/image\\\/\",\"url\":\"https:\\\/\\\/www.webdo.tn\\\/fr\\\/wp-content\\\/uploads\\\/2025\\\/06\\\/Webdo-Tunisie_168377.jpg\",\"contentUrl\":\"https:\\\/\\\/www.webdo.tn\\\/fr\\\/wp-content\\\/uploads\\\/2025\\\/06\\\/Webdo-Tunisie_168377.jpg\",\"width\":301,\"height\":301,\"caption\":\"Webdo\"},\"image\":{\"@id\":\"https:\\\/\\\/www.webdo.tn\\\/fr\\\/#\\\/schema\\\/logo\\\/image\\\/\"},\"sameAs\":[\"https:\\\/\\\/www.facebook.com\\\/webdotn\",\"https:\\\/\\\/x.com\\\/webdo_tn\"],\"description\":\"Webdo est un m\u00e9dia num\u00e9rique tunisien fond\u00e9 en 2010, sp\u00e9cialis\u00e9 dans l\u2019actualit\u00e9 nationale et internationale, l\u2019\u00e9conomie, la soci\u00e9t\u00e9 et les analyses politiques. Le site s\u2019adresse \u00e0 un large public francophone et couvre l\u2019information tunisienne en temps r\u00e9el.\",\"email\":\"redac@webdo.tn\",\"legalName\":\"YNJ SARL\",\"foundingDate\":\"2010-09-06\",\"numberOfEmployees\":{\"@type\":\"QuantitativeValue\",\"minValue\":\"11\",\"maxValue\":\"50\"}},{\"@type\":\"Person\",\"@id\":\"https:\\\/\\\/www.webdo.tn\\\/fr\\\/#\\\/schema\\\/person\\\/9a9c6118d687c117df8ef3cc36a4d175\",\"name\":\"webdo.tn\",\"image\":{\"@type\":\"ImageObject\",\"inLanguage\":\"fr-FR\",\"@id\":\"https:\\\/\\\/secure.gravatar.com\\\/avatar\\\/7ce1f28c0c3bbac99ff550b85ef8e44a6950c6ee24514fb6a5489e51d06f0298?s=96&d=mm&r=g\",\"url\":\"https:\\\/\\\/secure.gravatar.com\\\/avatar\\\/7ce1f28c0c3bbac99ff550b85ef8e44a6950c6ee24514fb6a5489e51d06f0298?s=96&d=mm&r=g\",\"contentUrl\":\"https:\\\/\\\/secure.gravatar.com\\\/avatar\\\/7ce1f28c0c3bbac99ff550b85ef8e44a6950c6ee24514fb6a5489e51d06f0298?s=96&d=mm&r=g\",\"caption\":\"webdo.tn\"},\"url\":\"https:\\\/\\\/www.webdo.tn\\\/fr\\\/actualite\\\/author\\\/webdotn\\\/\"}]}<\/script>\n<!-- \/ Yoast SEO Premium plugin. -->","yoast_head_json":{"title":"Apr\u00e8s l'affaire de limogeage de Moncef La\u00e2jimi, un mandat d\u2019amener \u00e0 son encontre","description":"Apr\u00e8s l'affaire de limogeage de Moncef La\u00e2jimi, un mandat d\u2019amener \u00e0 son encontre","canonical":"https:\/\/www.webdo.tn\/fr\/actualite\/national-45\/apres-laffaire-de-limogeage-de-moncef-laajimi-un-mandat-d-arret-a-son-encontre\/172287\/","og_locale":"fr_FR","og_type":"article","og_title":"Apr\u00e8s l'affaire de limogeage de Moncef La\u00e2jimi, un mandat d\u2019amener \u00e0 son encontre","og_description":"Apr\u00e8s l'affaire de limogeage de Moncef La\u00e2jimi, un mandat d\u2019amener \u00e0 son encontre","og_url":"https:\/\/www.webdo.tn\/fr\/actualite\/national-45\/apres-laffaire-de-limogeage-de-moncef-laajimi-un-mandat-d-arret-a-son-encontre\/172287\/","og_site_name":"webdo","article_publisher":"https:\/\/www.facebook.com\/webdotn","article_published_time":"2012-01-18T12:14:00+00:00","author":"webdo.tn","twitter_card":"summary_large_image","twitter_creator":"@webdo_tn","twitter_site":"@webdo_tn","twitter_misc":{"\u00c9crit par":"webdo.tn","Dur\u00e9e de lecture estim\u00e9e":"1 minute"},"schema":{"@context":"https:\/\/schema.org","@graph":[{"@type":"NewsArticle","@id":"https:\/\/www.webdo.tn\/fr\/actualite\/national-45\/apres-laffaire-de-limogeage-de-moncef-laajimi-un-mandat-d-arret-a-son-encontre\/172287\/#article","isPartOf":{"@id":"https:\/\/www.webdo.tn\/fr\/actualite\/national-45\/apres-laffaire-de-limogeage-de-moncef-laajimi-un-mandat-d-arret-a-son-encontre\/172287\/"},"author":{"name":"webdo.tn","@id":"https:\/\/www.webdo.tn\/fr\/#\/schema\/person\/9a9c6118d687c117df8ef3cc36a4d175"},"headline":"Apr\u00e8s l&rsquo;affaire de limogeage de Moncef La\u00e2jimi, un mandat d\u2019amener \u00e0 son encontre","datePublished":"2012-01-18T12:14:00+00:00","mainEntityOfPage":{"@id":"https:\/\/www.webdo.tn\/fr\/actualite\/national-45\/apres-laffaire-de-limogeage-de-moncef-laajimi-un-mandat-d-arret-a-son-encontre\/172287\/"},"wordCount":323,"commentCount":0,"publisher":{"@id":"https:\/\/www.webdo.tn\/fr\/#organization"},"image":{"@id":"https:\/\/www.webdo.tn\/fr\/actualite\/national-45\/apres-laffaire-de-limogeage-de-moncef-laajimi-un-mandat-d-arret-a-son-encontre\/172287\/#primaryimage"},"thumbnailUrl":"https:\/\/www.webdo.tn\/fr\/wp-content\/uploads\/2025\/06\/Moncef-Laajimi_172287.jpg","keywords":["guerre"],"articleSection":["National"],"inLanguage":"fr-FR"},{"@type":"WebPage","@id":"https:\/\/www.webdo.tn\/fr\/actualite\/national-45\/apres-laffaire-de-limogeage-de-moncef-laajimi-un-mandat-d-arret-a-son-encontre\/172287\/","url":"https:\/\/www.webdo.tn\/fr\/actualite\/national-45\/apres-laffaire-de-limogeage-de-moncef-laajimi-un-mandat-d-arret-a-son-encontre\/172287\/","name":"Apr\u00e8s l'affaire de limogeage de Moncef La\u00e2jimi, un mandat d\u2019amener \u00e0 son encontre","isPartOf":{"@id":"https:\/\/www.webdo.tn\/fr\/#website"},"primaryImageOfPage":{"@id":"https:\/\/www.webdo.tn\/fr\/actualite\/national-45\/apres-laffaire-de-limogeage-de-moncef-laajimi-un-mandat-d-arret-a-son-encontre\/172287\/#primaryimage"},"image":{"@id":"https:\/\/www.webdo.tn\/fr\/actualite\/national-45\/apres-laffaire-de-limogeage-de-moncef-laajimi-un-mandat-d-arret-a-son-encontre\/172287\/#primaryimage"},"thumbnailUrl":"https:\/\/www.webdo.tn\/fr\/wp-content\/uploads\/2025\/06\/Moncef-Laajimi_172287.jpg","datePublished":"2012-01-18T12:14:00+00:00","description":"Apr\u00e8s l'affaire de limogeage de Moncef La\u00e2jimi, un mandat d\u2019amener \u00e0 son encontre","breadcrumb":{"@id":"https:\/\/www.webdo.tn\/fr\/actualite\/national-45\/apres-laffaire-de-limogeage-de-moncef-laajimi-un-mandat-d-arret-a-son-encontre\/172287\/#breadcrumb"},"inLanguage":"fr-FR","potentialAction":[{"@type":"ReadAction","target":["https:\/\/www.webdo.tn\/fr\/actualite\/national-45\/apres-laffaire-de-limogeage-de-moncef-laajimi-un-mandat-d-arret-a-son-encontre\/172287\/"]}]},{"@type":"ImageObject","inLanguage":"fr-FR","@id":"https:\/\/www.webdo.tn\/fr\/actualite\/national-45\/apres-laffaire-de-limogeage-de-moncef-laajimi-un-mandat-d-arret-a-son-encontre\/172287\/#primaryimage","url":"https:\/\/www.webdo.tn\/fr\/wp-content\/uploads\/2025\/06\/Moncef-Laajimi_172287.jpg","contentUrl":"https:\/\/www.webdo.tn\/fr\/wp-content\/uploads\/2025\/06\/Moncef-Laajimi_172287.jpg","width":184,"height":229,"caption":"Apr\u00e8s l'affaire de limogeage de Moncef La\u00e2jimi, un mandat d\u2019amener \u00e0 son encontre"},{"@type":"BreadcrumbList","@id":"https:\/\/www.webdo.tn\/fr\/actualite\/national-45\/apres-laffaire-de-limogeage-de-moncef-laajimi-un-mandat-d-arret-a-son-encontre\/172287\/#breadcrumb","itemListElement":[{"@type":"ListItem","position":1,"name":"Accueil","item":"https:\/\/www.webdo.tn\/fr\/"},{"@type":"ListItem","position":2,"name":"Apr\u00e8s l&rsquo;affaire de limogeage de Moncef La\u00e2jimi, un mandat d\u2019amener \u00e0 son encontre"}]},{"@type":"WebSite","@id":"https:\/\/www.webdo.tn\/fr\/#website","url":"https:\/\/www.webdo.tn\/fr\/","name":"webdo","description":"Tunisie - News en Tunisie et \u00e0 l&#039;international sur Webdo.tn","publisher":{"@id":"https:\/\/www.webdo.tn\/fr\/#organization"},"potentialAction":[{"@type":"SearchAction","target":{"@type":"EntryPoint","urlTemplate":"https:\/\/www.webdo.tn\/fr\/?s={search_term_string}"},"query-input":{"@type":"PropertyValueSpecification","valueRequired":true,"valueName":"search_term_string"}}],"inLanguage":"fr-FR"},{"@type":"Organization","@id":"https:\/\/www.webdo.tn\/fr\/#organization","name":"Webdo","alternateName":"Webdo.tn","url":"https:\/\/www.webdo.tn\/fr\/","logo":{"@type":"ImageObject","inLanguage":"fr-FR","@id":"https:\/\/www.webdo.tn\/fr\/#\/schema\/logo\/image\/","url":"https:\/\/www.webdo.tn\/fr\/wp-content\/uploads\/2025\/06\/Webdo-Tunisie_168377.jpg","contentUrl":"https:\/\/www.webdo.tn\/fr\/wp-content\/uploads\/2025\/06\/Webdo-Tunisie_168377.jpg","width":301,"height":301,"caption":"Webdo"},"image":{"@id":"https:\/\/www.webdo.tn\/fr\/#\/schema\/logo\/image\/"},"sameAs":["https:\/\/www.facebook.com\/webdotn","https:\/\/x.com\/webdo_tn"],"description":"Webdo est un m\u00e9dia num\u00e9rique tunisien fond\u00e9 en 2010, sp\u00e9cialis\u00e9 dans l\u2019actualit\u00e9 nationale et internationale, l\u2019\u00e9conomie, la soci\u00e9t\u00e9 et les analyses politiques. Le site s\u2019adresse \u00e0 un large public francophone et couvre l\u2019information tunisienne en temps r\u00e9el.","email":"redac@webdo.tn","legalName":"YNJ SARL","foundingDate":"2010-09-06","numberOfEmployees":{"@type":"QuantitativeValue","minValue":"11","maxValue":"50"}},{"@type":"Person","@id":"https:\/\/www.webdo.tn\/fr\/#\/schema\/person\/9a9c6118d687c117df8ef3cc36a4d175","name":"webdo.tn","image":{"@type":"ImageObject","inLanguage":"fr-FR","@id":"https:\/\/secure.gravatar.com\/avatar\/7ce1f28c0c3bbac99ff550b85ef8e44a6950c6ee24514fb6a5489e51d06f0298?s=96&d=mm&r=g","url":"https:\/\/secure.gravatar.com\/avatar\/7ce1f28c0c3bbac99ff550b85ef8e44a6950c6ee24514fb6a5489e51d06f0298?s=96&d=mm&r=g","contentUrl":"https:\/\/secure.gravatar.com\/avatar\/7ce1f28c0c3bbac99ff550b85ef8e44a6950c6ee24514fb6a5489e51d06f0298?s=96&d=mm&r=g","caption":"webdo.tn"},"url":"https:\/\/www.webdo.tn\/fr\/actualite\/author\/webdotn\/"}]}},"_links":{"self":[{"href":"https:\/\/www.webdo.tn\/fr\/wp-json\/wp\/v2\/posts\/172287","targetHints":{"allow":["GET"]}}],"collection":[{"href":"https:\/\/www.webdo.tn\/fr\/wp-json\/wp\/v2\/posts"}],"about":[{"href":"https:\/\/www.webdo.tn\/fr\/wp-json\/wp\/v2\/types\/post"}],"author":[{"embeddable":true,"href":"https:\/\/www.webdo.tn\/fr\/wp-json\/wp\/v2\/users\/3222"}],"replies":[{"embeddable":true,"href":"https:\/\/www.webdo.tn\/fr\/wp-json\/wp\/v2\/comments?post=172287"}],"version-history":[{"count":0,"href":"https:\/\/www.webdo.tn\/fr\/wp-json\/wp\/v2\/posts\/172287\/revisions"}],"wp:featuredmedia":[{"embeddable":true,"href":"https:\/\/www.webdo.tn\/fr\/wp-json\/wp\/v2\/media\/374650"}],"wp:attachment":[{"href":"https:\/\/www.webdo.tn\/fr\/wp-json\/wp\/v2\/media?parent=172287"}],"wp:term":[{"taxonomy":"category","embeddable":true,"href":"https:\/\/www.webdo.tn\/fr\/wp-json\/wp\/v2\/categories?post=172287"},{"taxonomy":"post_tag","embeddable":true,"href":"https:\/\/www.webdo.tn\/fr\/wp-json\/wp\/v2\/tags?post=172287"}],"curies":[{"name":"wp","href":"https:\/\/api.w.org\/{rel}","templated":true}]}}