{"id":172286,"date":"2012-01-18T14:36:00","date_gmt":"2012-01-18T14:36:00","guid":{"rendered":"https:\/\/www.webdo.tn\/fr\/blog\/un-pedophile-amnistie-poignarde-par-sa-victime\/172286\/"},"modified":"2012-01-18T14:36:00","modified_gmt":"2012-01-18T14:36:00","slug":"un-pedophile-amnistie-poignarde-par-sa-victime","status":"publish","type":"post","link":"https:\/\/www.webdo.tn\/fr\/actualite\/national\/un-pedophile-amnistie-poignarde-par-sa-victime\/172286\/","title":{"rendered":"Un p\u00e9dophile amnisti\u00e9 poignard\u00e9 par sa victime"},"content":{"rendered":"<p>L\u2019amnistie de 9000 prisonniers, d\u00e9cid\u00e9e le 14 janvier dernier a permis \u00e0 un homme de Ksibet El Mediouni, \u00e0 Monastir, de retrouver sa libert\u00e9 apr\u00e8s huit ann\u00e9es de prison. Il avait \u00e9t\u00e9 condamn\u00e9 pour avoir viol\u00e9 un enfant de la r\u00e9gion.<\/p>\n<p>Apr\u00e8s avoir appris la lib\u00e9ration de son bourreau, cet enfant, devenu adolescent, s&rsquo;est rendu au domicile de l&rsquo;ex-prisonnier et l&rsquo;a poignard\u00e9 dans le dos. N&rsquo;ayant jamais pu dig\u00e9rer ce qui lui est arriv\u00e9, il mourrait d&rsquo;envie de se venger, nous apprend la radio Jawhara Fm.<\/p>\n<p>Touch\u00e9 au poumon, l&rsquo;homme en question a \u00e9t\u00e9 transport\u00e9 \u00e0 l&rsquo;h\u00f4pital militaire de Monastir, et se trouve dans un \u00e9tat critique. L&rsquo;agresseur, quant \u00e0 lui, a \u00e9t\u00e9 arr\u00eat\u00e9 par la police, par qui il est actuellement interrog\u00e9, ajoute la m\u00eame source.<\/p>\n<p>Depuis l&rsquo;annonce de l\u2019amnistie spectaculaire du 14 janvier 2012, la toile tunisienne est sens dessus dessous. En d\u00e9but de semaine, il \u00e9tait question du fr\u00e8re de Bhiri, dont la rumeur l\u2019accusait \u00e0 tort ou \u00e0 raison de p\u00e9dophilie, et maintenant, cette agression, qui relance plus que jamais le d\u00e9bat sur la question de l\u2019amnistie des p\u00e9dophiles. Une page question sur Facebook a m\u00eame \u00e9t\u00e9 cr\u00e9\u00e9e pour sonder l&rsquo;opinion publique sur la remise en libert\u00e9 des p\u00e9dophiles&#8230;<\/p>\n","protected":false},"excerpt":{"rendered":"<p>Un p\u00e9dophile amnisti\u00e9 poignard\u00e9 par sa victime<\/p>\n","protected":false},"author":3222,"featured_media":374652,"comment_status":"open","ping_status":"closed","sticky":false,"template":"","format":"standard","meta":{"footnotes":""},"categories":[44],"tags":[2600],"class_list":["post-172286","post","type-post","status-publish","format-standard","has-post-thumbnail","hentry","category-national","tag-guerre"],"yoast_head":"<!-- This site is optimized with the Yoast SEO Premium plugin v27.5 (Yoast SEO v27.5) - https:\/\/yoast.com\/product\/yoast-seo-premium-wordpress\/ -->\n<title>Un p\u00e9dophile amnisti\u00e9 poignard\u00e9 par sa victime<\/title>\n<meta name=\"description\" content=\"Un p\u00e9dophile amnisti\u00e9 poignard\u00e9 par sa victime\" \/>\n<link rel=\"canonical\" href=\"https:\/\/www.webdo.tn\/fr\/actualite\/national-45\/un-pedophile-amnistie-poignarde-par-sa-victime\/172286\/\" \/>\n<meta property=\"og:locale\" content=\"fr_FR\" \/>\n<meta property=\"og:type\" content=\"article\" \/>\n<meta property=\"og:title\" content=\"Un p\u00e9dophile amnisti\u00e9 poignard\u00e9 par sa victime\" \/>\n<meta property=\"og:description\" content=\"Un p\u00e9dophile amnisti\u00e9 poignard\u00e9 par sa victime\" \/>\n<meta property=\"og:url\" content=\"https:\/\/www.webdo.tn\/fr\/actualite\/national-45\/un-pedophile-amnistie-poignarde-par-sa-victime\/172286\/\" \/>\n<meta property=\"og:site_name\" content=\"webdo\" \/>\n<meta property=\"article:publisher\" content=\"https:\/\/www.facebook.com\/webdotn\" \/>\n<meta property=\"article:published_time\" content=\"2012-01-18T14:36:00+00:00\" \/>\n<meta name=\"author\" content=\"webdo.tn\" \/>\n<meta name=\"twitter:card\" content=\"summary_large_image\" \/>\n<meta name=\"twitter:creator\" content=\"@webdo_tn\" \/>\n<meta name=\"twitter:site\" content=\"@webdo_tn\" \/>\n<meta name=\"twitter:label1\" content=\"\u00c9crit par\" \/>\n\t<meta name=\"twitter:data1\" content=\"webdo.tn\" \/>\n\t<meta name=\"twitter:label2\" content=\"Dur\u00e9e de lecture estim\u00e9e\" \/>\n\t<meta name=\"twitter:data2\" content=\"1 minute\" \/>\n<script type=\"application\/ld+json\" class=\"yoast-schema-graph\">{\"@context\":\"https:\\\/\\\/schema.org\",\"@graph\":[{\"@type\":\"NewsArticle\",\"@id\":\"https:\\\/\\\/www.webdo.tn\\\/fr\\\/actualite\\\/national-45\\\/un-pedophile-amnistie-poignarde-par-sa-victime\\\/172286\\\/#article\",\"isPartOf\":{\"@id\":\"https:\\\/\\\/www.webdo.tn\\\/fr\\\/actualite\\\/national-45\\\/un-pedophile-amnistie-poignarde-par-sa-victime\\\/172286\\\/\"},\"author\":{\"name\":\"webdo.tn\",\"@id\":\"https:\\\/\\\/www.webdo.tn\\\/fr\\\/#\\\/schema\\\/person\\\/9a9c6118d687c117df8ef3cc36a4d175\"},\"headline\":\"Un p\u00e9dophile amnisti\u00e9 poignard\u00e9 par sa victime\",\"datePublished\":\"2012-01-18T14:36:00+00:00\",\"mainEntityOfPage\":{\"@id\":\"https:\\\/\\\/www.webdo.tn\\\/fr\\\/actualite\\\/national-45\\\/un-pedophile-amnistie-poignarde-par-sa-victime\\\/172286\\\/\"},\"wordCount\":234,\"commentCount\":0,\"publisher\":{\"@id\":\"https:\\\/\\\/www.webdo.tn\\\/fr\\\/#organization\"},\"image\":{\"@id\":\"https:\\\/\\\/www.webdo.tn\\\/fr\\\/actualite\\\/national-45\\\/un-pedophile-amnistie-poignarde-par-sa-victime\\\/172286\\\/#primaryimage\"},\"thumbnailUrl\":\"https:\\\/\\\/www.webdo.tn\\\/fr\\\/wp-content\\\/uploads\\\/2025\\\/06\\\/La-castration-chimique-une-solution-anti-pedophile-photo-vieactuelle.fr__172286.jpg\",\"keywords\":[\"guerre\"],\"articleSection\":[\"National\"],\"inLanguage\":\"fr-FR\"},{\"@type\":\"WebPage\",\"@id\":\"https:\\\/\\\/www.webdo.tn\\\/fr\\\/actualite\\\/national-45\\\/un-pedophile-amnistie-poignarde-par-sa-victime\\\/172286\\\/\",\"url\":\"https:\\\/\\\/www.webdo.tn\\\/fr\\\/actualite\\\/national-45\\\/un-pedophile-amnistie-poignarde-par-sa-victime\\\/172286\\\/\",\"name\":\"Un p\u00e9dophile amnisti\u00e9 poignard\u00e9 par sa victime\",\"isPartOf\":{\"@id\":\"https:\\\/\\\/www.webdo.tn\\\/fr\\\/#website\"},\"primaryImageOfPage\":{\"@id\":\"https:\\\/\\\/www.webdo.tn\\\/fr\\\/actualite\\\/national-45\\\/un-pedophile-amnistie-poignarde-par-sa-victime\\\/172286\\\/#primaryimage\"},\"image\":{\"@id\":\"https:\\\/\\\/www.webdo.tn\\\/fr\\\/actualite\\\/national-45\\\/un-pedophile-amnistie-poignarde-par-sa-victime\\\/172286\\\/#primaryimage\"},\"thumbnailUrl\":\"https:\\\/\\\/www.webdo.tn\\\/fr\\\/wp-content\\\/uploads\\\/2025\\\/06\\\/La-castration-chimique-une-solution-anti-pedophile-photo-vieactuelle.fr__172286.jpg\",\"datePublished\":\"2012-01-18T14:36:00+00:00\",\"description\":\"Un p\u00e9dophile amnisti\u00e9 poignard\u00e9 par sa victime\",\"breadcrumb\":{\"@id\":\"https:\\\/\\\/www.webdo.tn\\\/fr\\\/actualite\\\/national-45\\\/un-pedophile-amnistie-poignarde-par-sa-victime\\\/172286\\\/#breadcrumb\"},\"inLanguage\":\"fr-FR\",\"potentialAction\":[{\"@type\":\"ReadAction\",\"target\":[\"https:\\\/\\\/www.webdo.tn\\\/fr\\\/actualite\\\/national-45\\\/un-pedophile-amnistie-poignarde-par-sa-victime\\\/172286\\\/\"]}]},{\"@type\":\"ImageObject\",\"inLanguage\":\"fr-FR\",\"@id\":\"https:\\\/\\\/www.webdo.tn\\\/fr\\\/actualite\\\/national-45\\\/un-pedophile-amnistie-poignarde-par-sa-victime\\\/172286\\\/#primaryimage\",\"url\":\"https:\\\/\\\/www.webdo.tn\\\/fr\\\/wp-content\\\/uploads\\\/2025\\\/06\\\/La-castration-chimique-une-solution-anti-pedophile-photo-vieactuelle.fr__172286.jpg\",\"contentUrl\":\"https:\\\/\\\/www.webdo.tn\\\/fr\\\/wp-content\\\/uploads\\\/2025\\\/06\\\/La-castration-chimique-une-solution-anti-pedophile-photo-vieactuelle.fr__172286.jpg\",\"width\":302,\"height\":295,\"caption\":\"Un p\u00e9dophile amnisti\u00e9 poignard\u00e9 par sa victime\"},{\"@type\":\"BreadcrumbList\",\"@id\":\"https:\\\/\\\/www.webdo.tn\\\/fr\\\/actualite\\\/national-45\\\/un-pedophile-amnistie-poignarde-par-sa-victime\\\/172286\\\/#breadcrumb\",\"itemListElement\":[{\"@type\":\"ListItem\",\"position\":1,\"name\":\"Accueil\",\"item\":\"https:\\\/\\\/www.webdo.tn\\\/fr\\\/\"},{\"@type\":\"ListItem\",\"position\":2,\"name\":\"Un p\u00e9dophile amnisti\u00e9 poignard\u00e9 par sa victime\"}]},{\"@type\":\"WebSite\",\"@id\":\"https:\\\/\\\/www.webdo.tn\\\/fr\\\/#website\",\"url\":\"https:\\\/\\\/www.webdo.tn\\\/fr\\\/\",\"name\":\"webdo\",\"description\":\"Tunisie - News en Tunisie et \u00e0 l&#039;international sur Webdo.tn\",\"publisher\":{\"@id\":\"https:\\\/\\\/www.webdo.tn\\\/fr\\\/#organization\"},\"potentialAction\":[{\"@type\":\"SearchAction\",\"target\":{\"@type\":\"EntryPoint\",\"urlTemplate\":\"https:\\\/\\\/www.webdo.tn\\\/fr\\\/?s={search_term_string}\"},\"query-input\":{\"@type\":\"PropertyValueSpecification\",\"valueRequired\":true,\"valueName\":\"search_term_string\"}}],\"inLanguage\":\"fr-FR\"},{\"@type\":\"Organization\",\"@id\":\"https:\\\/\\\/www.webdo.tn\\\/fr\\\/#organization\",\"name\":\"Webdo\",\"alternateName\":\"Webdo.tn\",\"url\":\"https:\\\/\\\/www.webdo.tn\\\/fr\\\/\",\"logo\":{\"@type\":\"ImageObject\",\"inLanguage\":\"fr-FR\",\"@id\":\"https:\\\/\\\/www.webdo.tn\\\/fr\\\/#\\\/schema\\\/logo\\\/image\\\/\",\"url\":\"https:\\\/\\\/www.webdo.tn\\\/fr\\\/wp-content\\\/uploads\\\/2025\\\/06\\\/Webdo-Tunisie_168377.jpg\",\"contentUrl\":\"https:\\\/\\\/www.webdo.tn\\\/fr\\\/wp-content\\\/uploads\\\/2025\\\/06\\\/Webdo-Tunisie_168377.jpg\",\"width\":301,\"height\":301,\"caption\":\"Webdo\"},\"image\":{\"@id\":\"https:\\\/\\\/www.webdo.tn\\\/fr\\\/#\\\/schema\\\/logo\\\/image\\\/\"},\"sameAs\":[\"https:\\\/\\\/www.facebook.com\\\/webdotn\",\"https:\\\/\\\/x.com\\\/webdo_tn\"],\"description\":\"Webdo est un m\u00e9dia num\u00e9rique tunisien fond\u00e9 en 2010, sp\u00e9cialis\u00e9 dans l\u2019actualit\u00e9 nationale et internationale, l\u2019\u00e9conomie, la soci\u00e9t\u00e9 et les analyses politiques. Le site s\u2019adresse \u00e0 un large public francophone et couvre l\u2019information tunisienne en temps r\u00e9el.\",\"email\":\"redac@webdo.tn\",\"legalName\":\"YNJ SARL\",\"foundingDate\":\"2010-09-06\",\"numberOfEmployees\":{\"@type\":\"QuantitativeValue\",\"minValue\":\"11\",\"maxValue\":\"50\"}},{\"@type\":\"Person\",\"@id\":\"https:\\\/\\\/www.webdo.tn\\\/fr\\\/#\\\/schema\\\/person\\\/9a9c6118d687c117df8ef3cc36a4d175\",\"name\":\"webdo.tn\",\"image\":{\"@type\":\"ImageObject\",\"inLanguage\":\"fr-FR\",\"@id\":\"https:\\\/\\\/secure.gravatar.com\\\/avatar\\\/7ce1f28c0c3bbac99ff550b85ef8e44a6950c6ee24514fb6a5489e51d06f0298?s=96&d=mm&r=g\",\"url\":\"https:\\\/\\\/secure.gravatar.com\\\/avatar\\\/7ce1f28c0c3bbac99ff550b85ef8e44a6950c6ee24514fb6a5489e51d06f0298?s=96&d=mm&r=g\",\"contentUrl\":\"https:\\\/\\\/secure.gravatar.com\\\/avatar\\\/7ce1f28c0c3bbac99ff550b85ef8e44a6950c6ee24514fb6a5489e51d06f0298?s=96&d=mm&r=g\",\"caption\":\"webdo.tn\"},\"url\":\"https:\\\/\\\/www.webdo.tn\\\/fr\\\/actualite\\\/author\\\/webdotn\\\/\"}]}<\/script>\n<!-- \/ Yoast SEO Premium plugin. -->","yoast_head_json":{"title":"Un p\u00e9dophile amnisti\u00e9 poignard\u00e9 par sa victime","description":"Un p\u00e9dophile amnisti\u00e9 poignard\u00e9 par sa victime","canonical":"https:\/\/www.webdo.tn\/fr\/actualite\/national-45\/un-pedophile-amnistie-poignarde-par-sa-victime\/172286\/","og_locale":"fr_FR","og_type":"article","og_title":"Un p\u00e9dophile amnisti\u00e9 poignard\u00e9 par sa victime","og_description":"Un p\u00e9dophile amnisti\u00e9 poignard\u00e9 par sa victime","og_url":"https:\/\/www.webdo.tn\/fr\/actualite\/national-45\/un-pedophile-amnistie-poignarde-par-sa-victime\/172286\/","og_site_name":"webdo","article_publisher":"https:\/\/www.facebook.com\/webdotn","article_published_time":"2012-01-18T14:36:00+00:00","author":"webdo.tn","twitter_card":"summary_large_image","twitter_creator":"@webdo_tn","twitter_site":"@webdo_tn","twitter_misc":{"\u00c9crit par":"webdo.tn","Dur\u00e9e de lecture estim\u00e9e":"1 minute"},"schema":{"@context":"https:\/\/schema.org","@graph":[{"@type":"NewsArticle","@id":"https:\/\/www.webdo.tn\/fr\/actualite\/national-45\/un-pedophile-amnistie-poignarde-par-sa-victime\/172286\/#article","isPartOf":{"@id":"https:\/\/www.webdo.tn\/fr\/actualite\/national-45\/un-pedophile-amnistie-poignarde-par-sa-victime\/172286\/"},"author":{"name":"webdo.tn","@id":"https:\/\/www.webdo.tn\/fr\/#\/schema\/person\/9a9c6118d687c117df8ef3cc36a4d175"},"headline":"Un p\u00e9dophile amnisti\u00e9 poignard\u00e9 par sa victime","datePublished":"2012-01-18T14:36:00+00:00","mainEntityOfPage":{"@id":"https:\/\/www.webdo.tn\/fr\/actualite\/national-45\/un-pedophile-amnistie-poignarde-par-sa-victime\/172286\/"},"wordCount":234,"commentCount":0,"publisher":{"@id":"https:\/\/www.webdo.tn\/fr\/#organization"},"image":{"@id":"https:\/\/www.webdo.tn\/fr\/actualite\/national-45\/un-pedophile-amnistie-poignarde-par-sa-victime\/172286\/#primaryimage"},"thumbnailUrl":"https:\/\/www.webdo.tn\/fr\/wp-content\/uploads\/2025\/06\/La-castration-chimique-une-solution-anti-pedophile-photo-vieactuelle.fr__172286.jpg","keywords":["guerre"],"articleSection":["National"],"inLanguage":"fr-FR"},{"@type":"WebPage","@id":"https:\/\/www.webdo.tn\/fr\/actualite\/national-45\/un-pedophile-amnistie-poignarde-par-sa-victime\/172286\/","url":"https:\/\/www.webdo.tn\/fr\/actualite\/national-45\/un-pedophile-amnistie-poignarde-par-sa-victime\/172286\/","name":"Un p\u00e9dophile amnisti\u00e9 poignard\u00e9 par sa victime","isPartOf":{"@id":"https:\/\/www.webdo.tn\/fr\/#website"},"primaryImageOfPage":{"@id":"https:\/\/www.webdo.tn\/fr\/actualite\/national-45\/un-pedophile-amnistie-poignarde-par-sa-victime\/172286\/#primaryimage"},"image":{"@id":"https:\/\/www.webdo.tn\/fr\/actualite\/national-45\/un-pedophile-amnistie-poignarde-par-sa-victime\/172286\/#primaryimage"},"thumbnailUrl":"https:\/\/www.webdo.tn\/fr\/wp-content\/uploads\/2025\/06\/La-castration-chimique-une-solution-anti-pedophile-photo-vieactuelle.fr__172286.jpg","datePublished":"2012-01-18T14:36:00+00:00","description":"Un p\u00e9dophile amnisti\u00e9 poignard\u00e9 par sa victime","breadcrumb":{"@id":"https:\/\/www.webdo.tn\/fr\/actualite\/national-45\/un-pedophile-amnistie-poignarde-par-sa-victime\/172286\/#breadcrumb"},"inLanguage":"fr-FR","potentialAction":[{"@type":"ReadAction","target":["https:\/\/www.webdo.tn\/fr\/actualite\/national-45\/un-pedophile-amnistie-poignarde-par-sa-victime\/172286\/"]}]},{"@type":"ImageObject","inLanguage":"fr-FR","@id":"https:\/\/www.webdo.tn\/fr\/actualite\/national-45\/un-pedophile-amnistie-poignarde-par-sa-victime\/172286\/#primaryimage","url":"https:\/\/www.webdo.tn\/fr\/wp-content\/uploads\/2025\/06\/La-castration-chimique-une-solution-anti-pedophile-photo-vieactuelle.fr__172286.jpg","contentUrl":"https:\/\/www.webdo.tn\/fr\/wp-content\/uploads\/2025\/06\/La-castration-chimique-une-solution-anti-pedophile-photo-vieactuelle.fr__172286.jpg","width":302,"height":295,"caption":"Un p\u00e9dophile amnisti\u00e9 poignard\u00e9 par sa victime"},{"@type":"BreadcrumbList","@id":"https:\/\/www.webdo.tn\/fr\/actualite\/national-45\/un-pedophile-amnistie-poignarde-par-sa-victime\/172286\/#breadcrumb","itemListElement":[{"@type":"ListItem","position":1,"name":"Accueil","item":"https:\/\/www.webdo.tn\/fr\/"},{"@type":"ListItem","position":2,"name":"Un p\u00e9dophile amnisti\u00e9 poignard\u00e9 par sa victime"}]},{"@type":"WebSite","@id":"https:\/\/www.webdo.tn\/fr\/#website","url":"https:\/\/www.webdo.tn\/fr\/","name":"webdo","description":"Tunisie - News en Tunisie et \u00e0 l&#039;international sur Webdo.tn","publisher":{"@id":"https:\/\/www.webdo.tn\/fr\/#organization"},"potentialAction":[{"@type":"SearchAction","target":{"@type":"EntryPoint","urlTemplate":"https:\/\/www.webdo.tn\/fr\/?s={search_term_string}"},"query-input":{"@type":"PropertyValueSpecification","valueRequired":true,"valueName":"search_term_string"}}],"inLanguage":"fr-FR"},{"@type":"Organization","@id":"https:\/\/www.webdo.tn\/fr\/#organization","name":"Webdo","alternateName":"Webdo.tn","url":"https:\/\/www.webdo.tn\/fr\/","logo":{"@type":"ImageObject","inLanguage":"fr-FR","@id":"https:\/\/www.webdo.tn\/fr\/#\/schema\/logo\/image\/","url":"https:\/\/www.webdo.tn\/fr\/wp-content\/uploads\/2025\/06\/Webdo-Tunisie_168377.jpg","contentUrl":"https:\/\/www.webdo.tn\/fr\/wp-content\/uploads\/2025\/06\/Webdo-Tunisie_168377.jpg","width":301,"height":301,"caption":"Webdo"},"image":{"@id":"https:\/\/www.webdo.tn\/fr\/#\/schema\/logo\/image\/"},"sameAs":["https:\/\/www.facebook.com\/webdotn","https:\/\/x.com\/webdo_tn"],"description":"Webdo est un m\u00e9dia num\u00e9rique tunisien fond\u00e9 en 2010, sp\u00e9cialis\u00e9 dans l\u2019actualit\u00e9 nationale et internationale, l\u2019\u00e9conomie, la soci\u00e9t\u00e9 et les analyses politiques. Le site s\u2019adresse \u00e0 un large public francophone et couvre l\u2019information tunisienne en temps r\u00e9el.","email":"redac@webdo.tn","legalName":"YNJ SARL","foundingDate":"2010-09-06","numberOfEmployees":{"@type":"QuantitativeValue","minValue":"11","maxValue":"50"}},{"@type":"Person","@id":"https:\/\/www.webdo.tn\/fr\/#\/schema\/person\/9a9c6118d687c117df8ef3cc36a4d175","name":"webdo.tn","image":{"@type":"ImageObject","inLanguage":"fr-FR","@id":"https:\/\/secure.gravatar.com\/avatar\/7ce1f28c0c3bbac99ff550b85ef8e44a6950c6ee24514fb6a5489e51d06f0298?s=96&d=mm&r=g","url":"https:\/\/secure.gravatar.com\/avatar\/7ce1f28c0c3bbac99ff550b85ef8e44a6950c6ee24514fb6a5489e51d06f0298?s=96&d=mm&r=g","contentUrl":"https:\/\/secure.gravatar.com\/avatar\/7ce1f28c0c3bbac99ff550b85ef8e44a6950c6ee24514fb6a5489e51d06f0298?s=96&d=mm&r=g","caption":"webdo.tn"},"url":"https:\/\/www.webdo.tn\/fr\/actualite\/author\/webdotn\/"}]}},"_links":{"self":[{"href":"https:\/\/www.webdo.tn\/fr\/wp-json\/wp\/v2\/posts\/172286","targetHints":{"allow":["GET"]}}],"collection":[{"href":"https:\/\/www.webdo.tn\/fr\/wp-json\/wp\/v2\/posts"}],"about":[{"href":"https:\/\/www.webdo.tn\/fr\/wp-json\/wp\/v2\/types\/post"}],"author":[{"embeddable":true,"href":"https:\/\/www.webdo.tn\/fr\/wp-json\/wp\/v2\/users\/3222"}],"replies":[{"embeddable":true,"href":"https:\/\/www.webdo.tn\/fr\/wp-json\/wp\/v2\/comments?post=172286"}],"version-history":[{"count":0,"href":"https:\/\/www.webdo.tn\/fr\/wp-json\/wp\/v2\/posts\/172286\/revisions"}],"wp:featuredmedia":[{"embeddable":true,"href":"https:\/\/www.webdo.tn\/fr\/wp-json\/wp\/v2\/media\/374652"}],"wp:attachment":[{"href":"https:\/\/www.webdo.tn\/fr\/wp-json\/wp\/v2\/media?parent=172286"}],"wp:term":[{"taxonomy":"category","embeddable":true,"href":"https:\/\/www.webdo.tn\/fr\/wp-json\/wp\/v2\/categories?post=172286"},{"taxonomy":"post_tag","embeddable":true,"href":"https:\/\/www.webdo.tn\/fr\/wp-json\/wp\/v2\/tags?post=172286"}],"curies":[{"name":"wp","href":"https:\/\/api.w.org\/{rel}","templated":true}]}}