{"id":172285,"date":"2012-01-18T15:58:00","date_gmt":"2012-01-18T15:58:00","guid":{"rendered":"https:\/\/www.webdo.tn\/fr\/blog\/proces-du-23-janvier-nessma-tv-en-fait-un-combat-de-liberte-dexpression\/172285\/"},"modified":"2012-01-18T15:58:00","modified_gmt":"2012-01-18T15:58:00","slug":"proces-du-23-janvier-nessma-tv-en-fait-un-combat-de-liberte-dexpression","status":"publish","type":"post","link":"https:\/\/www.webdo.tn\/fr\/actualite\/national\/proces-du-23-janvier-nessma-tv-en-fait-un-combat-de-liberte-dexpression\/172285\/","title":{"rendered":"Proc\u00e8s du 23 janvier: Nessma TV en fait un combat de libert\u00e9 d&rsquo;expression"},"content":{"rendered":"<p>Quelle strat\u00e9gie Nessma pr\u00e9pare-t-elle en vue du proc\u00e8s du 23 janvier ? Actuellement, la cha\u00eene est totalement vers\u00e9e dans la CAN de handball jusqu&rsquo;\u00e0 occulter, en partie, les plateaux consacr\u00e9s \u00e0 l&rsquo;actualit\u00e9 politique. Elle tente, cependant, par le biais de son service de presse, de mobiliser les journaux, les intellectuelles et l&rsquo;ensemble de la soci\u00e9t\u00e9 civile.<\/p>\n<p>Des communiqu\u00e9s sont envoy\u00e9s aux diff\u00e9rents m\u00e9dias pour appeler \u00e0 une mobilisation massive en faveur de la libert\u00e9 d&rsquo;expression.<\/p>\n<p>C&rsquo;est vraisemblablement en ce sens que Nessma veut contrer la fronde des islamistes et des citoyens qui les soutiennent. La riposte consisterait \u00e0 d\u00e9placer le d\u00e9bat de mani\u00e8re \u00e0 en faire un probl\u00e8me d&rsquo;ordre national concernant la libert\u00e9 d&rsquo;expression et non pas le simple fait de la diffusion de \u00ab Persepolis \u00bb ou des orientations du directeur de la cha\u00eene, Nabil Karoui. Ce qui est, par ailleurs, intelligent comme man\u0153uvre, parce que cela permettrait de faire adh\u00e9rer le maximum de gens \u00e0 ce combat pour la libert\u00e9 et de le soustraire \u00e0 la logique du \u00ab fait-divers \u00bb.<\/p>\n<p>C&rsquo;est donc en ce sens qu&rsquo;un comit\u00e9 de soutient \u00e0 la cha\u00eene a \u00e9t\u00e9 cr\u00e9e et qu&rsquo;une p\u00e9tition a \u00e9t\u00e9 publi\u00e9e sur le Net \u00e0 propos de la libert\u00e9 d&rsquo;expression, preuve que l&rsquo;on tient \u00e0 donner \u00e0 l&rsquo;affaire une dimension nationale. Le directeur de la cha\u00eene tentera, en quelque sorte, de mettre tous les \u00e9pris de libert\u00e9 de son c\u00f4t\u00e9 m\u00eame si certains d&rsquo;entre eux contestent le choix qui a \u00e9t\u00e9 fait au d\u00e9part par la cha\u00eene.<\/p>\n<p>Ceci dit, et cela expliquerait la strat\u00e9gie de Nessma, il s&rsquo;agit bien d&rsquo;un combat, pour la libert\u00e9 d&rsquo;expression, parce que les d\u00e9tracteurs de la cha\u00eene, parmi les Islamistes ou autres, ne cherchent pas \u00e0 \u00ab sanctionner \u00bb un \u00ab manquement \u00bb au sacr\u00e9, mais \u00e0 faire taire les voies diff\u00e9rentes et les sons de cloche qui vont dans le sens de la libert\u00e9.<\/p>\n<p>Le proc\u00e8s du 23 janvier sera houleux, peut \u00eatre plus que houleux, puisqu&rsquo;il consacrera, encore une fois, le foss\u00e9 qui se creuse de plus en plus entre deux composantes de la soci\u00e9t\u00e9, l&rsquo;une milite pour le droit \u00e0 la diff\u00e9rence et l&rsquo;autre pour un seul et unique moule. L&rsquo;affaire de Nessma ne sera qu&rsquo;une brique de plus dans le mur de l&rsquo;incompr\u00e9hension qui est en train de s&rsquo;\u00e9riger au sein d&rsquo;une m\u00eame soci\u00e9t\u00e9, et cette affaire devient, par cons\u00e9quent, un test de plus pour la jeune d\u00e9mocratie tunisienne : ou la libert\u00e9 passe ou elle se heurte \u00e0 l&rsquo;intol\u00e9rance et l&rsquo;extr\u00e9misme.<\/p>\n","protected":false},"excerpt":{"rendered":"<p>Proc\u00e8s du 23 janvier: Nessma TV en fait un combat de libert\u00e9 d&rsquo;expression<\/p>\n","protected":false},"author":3222,"featured_media":334017,"comment_status":"open","ping_status":"closed","sticky":false,"template":"","format":"standard","meta":{"footnotes":""},"categories":[44],"tags":[2600],"class_list":["post-172285","post","type-post","status-publish","format-standard","has-post-thumbnail","hentry","category-national","tag-guerre"],"yoast_head":"<!-- This site is optimized with the Yoast SEO Premium plugin v27.5 (Yoast SEO v27.5) - https:\/\/yoast.com\/product\/yoast-seo-premium-wordpress\/ -->\n<title>Proc\u00e8s du 23 janvier: Nessma TV en fait un combat de libert\u00e9 d&#039;expression<\/title>\n<meta name=\"description\" content=\"Proc\u00e8s du 23 janvier: Nessma TV en fait un combat de libert\u00e9 d&#039;expression\" \/>\n<link rel=\"canonical\" href=\"https:\/\/www.webdo.tn\/fr\/actualite\/national-45\/proces-du-23-janvier-nessma-tv-en-fait-un-combat-de-liberte-dexpression\/172285\/\" \/>\n<meta property=\"og:locale\" content=\"fr_FR\" \/>\n<meta property=\"og:type\" content=\"article\" \/>\n<meta property=\"og:title\" content=\"Proc\u00e8s du 23 janvier: Nessma TV en fait un combat de libert\u00e9 d&#039;expression\" \/>\n<meta property=\"og:description\" content=\"Proc\u00e8s du 23 janvier: Nessma TV en fait un combat de libert\u00e9 d&#039;expression\" \/>\n<meta property=\"og:url\" content=\"https:\/\/www.webdo.tn\/fr\/actualite\/national-45\/proces-du-23-janvier-nessma-tv-en-fait-un-combat-de-liberte-dexpression\/172285\/\" \/>\n<meta property=\"og:site_name\" content=\"webdo\" \/>\n<meta property=\"article:publisher\" content=\"https:\/\/www.facebook.com\/webdotn\" \/>\n<meta property=\"article:published_time\" content=\"2012-01-18T15:58:00+00:00\" \/>\n<meta property=\"og:image\" content=\"https:\/\/www.webdo.tn\/fr\/wp-content\/uploads\/2012\/01\/Nessma-Tv.jpg\" \/>\n\t<meta property=\"og:image:width\" content=\"200\" \/>\n\t<meta property=\"og:image:height\" content=\"200\" \/>\n\t<meta property=\"og:image:type\" content=\"image\/jpeg\" \/>\n<meta name=\"author\" content=\"webdo.tn\" \/>\n<meta name=\"twitter:card\" content=\"summary_large_image\" \/>\n<meta name=\"twitter:creator\" content=\"@webdo_tn\" \/>\n<meta name=\"twitter:site\" content=\"@webdo_tn\" \/>\n<meta name=\"twitter:label1\" content=\"\u00c9crit par\" \/>\n\t<meta name=\"twitter:data1\" content=\"webdo.tn\" \/>\n\t<meta name=\"twitter:label2\" content=\"Dur\u00e9e de lecture estim\u00e9e\" \/>\n\t<meta name=\"twitter:data2\" content=\"2 minutes\" \/>\n<script type=\"application\/ld+json\" class=\"yoast-schema-graph\">{\"@context\":\"https:\\\/\\\/schema.org\",\"@graph\":[{\"@type\":\"NewsArticle\",\"@id\":\"https:\\\/\\\/www.webdo.tn\\\/fr\\\/actualite\\\/national-45\\\/proces-du-23-janvier-nessma-tv-en-fait-un-combat-de-liberte-dexpression\\\/172285\\\/#article\",\"isPartOf\":{\"@id\":\"https:\\\/\\\/www.webdo.tn\\\/fr\\\/actualite\\\/national-45\\\/proces-du-23-janvier-nessma-tv-en-fait-un-combat-de-liberte-dexpression\\\/172285\\\/\"},\"author\":{\"name\":\"webdo.tn\",\"@id\":\"https:\\\/\\\/www.webdo.tn\\\/fr\\\/#\\\/schema\\\/person\\\/9a9c6118d687c117df8ef3cc36a4d175\"},\"headline\":\"Proc\u00e8s du 23 janvier: Nessma TV en fait un combat de libert\u00e9 d&rsquo;expression\",\"datePublished\":\"2012-01-18T15:58:00+00:00\",\"mainEntityOfPage\":{\"@id\":\"https:\\\/\\\/www.webdo.tn\\\/fr\\\/actualite\\\/national-45\\\/proces-du-23-janvier-nessma-tv-en-fait-un-combat-de-liberte-dexpression\\\/172285\\\/\"},\"wordCount\":469,\"commentCount\":0,\"publisher\":{\"@id\":\"https:\\\/\\\/www.webdo.tn\\\/fr\\\/#organization\"},\"image\":{\"@id\":\"https:\\\/\\\/www.webdo.tn\\\/fr\\\/actualite\\\/national-45\\\/proces-du-23-janvier-nessma-tv-en-fait-un-combat-de-liberte-dexpression\\\/172285\\\/#primaryimage\"},\"thumbnailUrl\":\"https:\\\/\\\/www.webdo.tn\\\/fr\\\/wp-content\\\/uploads\\\/2012\\\/01\\\/Nessma-Tv.jpg\",\"keywords\":[\"guerre\"],\"articleSection\":[\"National\"],\"inLanguage\":\"fr-FR\"},{\"@type\":\"WebPage\",\"@id\":\"https:\\\/\\\/www.webdo.tn\\\/fr\\\/actualite\\\/national-45\\\/proces-du-23-janvier-nessma-tv-en-fait-un-combat-de-liberte-dexpression\\\/172285\\\/\",\"url\":\"https:\\\/\\\/www.webdo.tn\\\/fr\\\/actualite\\\/national-45\\\/proces-du-23-janvier-nessma-tv-en-fait-un-combat-de-liberte-dexpression\\\/172285\\\/\",\"name\":\"Proc\u00e8s du 23 janvier: Nessma TV en fait un combat de libert\u00e9 d'expression\",\"isPartOf\":{\"@id\":\"https:\\\/\\\/www.webdo.tn\\\/fr\\\/#website\"},\"primaryImageOfPage\":{\"@id\":\"https:\\\/\\\/www.webdo.tn\\\/fr\\\/actualite\\\/national-45\\\/proces-du-23-janvier-nessma-tv-en-fait-un-combat-de-liberte-dexpression\\\/172285\\\/#primaryimage\"},\"image\":{\"@id\":\"https:\\\/\\\/www.webdo.tn\\\/fr\\\/actualite\\\/national-45\\\/proces-du-23-janvier-nessma-tv-en-fait-un-combat-de-liberte-dexpression\\\/172285\\\/#primaryimage\"},\"thumbnailUrl\":\"https:\\\/\\\/www.webdo.tn\\\/fr\\\/wp-content\\\/uploads\\\/2012\\\/01\\\/Nessma-Tv.jpg\",\"datePublished\":\"2012-01-18T15:58:00+00:00\",\"description\":\"Proc\u00e8s du 23 janvier: Nessma TV en fait un combat de libert\u00e9 d'expression\",\"breadcrumb\":{\"@id\":\"https:\\\/\\\/www.webdo.tn\\\/fr\\\/actualite\\\/national-45\\\/proces-du-23-janvier-nessma-tv-en-fait-un-combat-de-liberte-dexpression\\\/172285\\\/#breadcrumb\"},\"inLanguage\":\"fr-FR\",\"potentialAction\":[{\"@type\":\"ReadAction\",\"target\":[\"https:\\\/\\\/www.webdo.tn\\\/fr\\\/actualite\\\/national-45\\\/proces-du-23-janvier-nessma-tv-en-fait-un-combat-de-liberte-dexpression\\\/172285\\\/\"]}]},{\"@type\":\"ImageObject\",\"inLanguage\":\"fr-FR\",\"@id\":\"https:\\\/\\\/www.webdo.tn\\\/fr\\\/actualite\\\/national-45\\\/proces-du-23-janvier-nessma-tv-en-fait-un-combat-de-liberte-dexpression\\\/172285\\\/#primaryimage\",\"url\":\"https:\\\/\\\/www.webdo.tn\\\/fr\\\/wp-content\\\/uploads\\\/2012\\\/01\\\/Nessma-Tv.jpg\",\"contentUrl\":\"https:\\\/\\\/www.webdo.tn\\\/fr\\\/wp-content\\\/uploads\\\/2012\\\/01\\\/Nessma-Tv.jpg\",\"width\":200,\"height\":200,\"caption\":\"Proc\u00e8s du 23 janvier: Nessma TV en fait un combat de libert\u00e9 d'expression\"},{\"@type\":\"BreadcrumbList\",\"@id\":\"https:\\\/\\\/www.webdo.tn\\\/fr\\\/actualite\\\/national-45\\\/proces-du-23-janvier-nessma-tv-en-fait-un-combat-de-liberte-dexpression\\\/172285\\\/#breadcrumb\",\"itemListElement\":[{\"@type\":\"ListItem\",\"position\":1,\"name\":\"Accueil\",\"item\":\"https:\\\/\\\/www.webdo.tn\\\/fr\\\/\"},{\"@type\":\"ListItem\",\"position\":2,\"name\":\"Proc\u00e8s du 23 janvier: Nessma TV en fait un combat de libert\u00e9 d&rsquo;expression\"}]},{\"@type\":\"WebSite\",\"@id\":\"https:\\\/\\\/www.webdo.tn\\\/fr\\\/#website\",\"url\":\"https:\\\/\\\/www.webdo.tn\\\/fr\\\/\",\"name\":\"webdo\",\"description\":\"Tunisie - News en Tunisie et \u00e0 l&#039;international sur Webdo.tn\",\"publisher\":{\"@id\":\"https:\\\/\\\/www.webdo.tn\\\/fr\\\/#organization\"},\"potentialAction\":[{\"@type\":\"SearchAction\",\"target\":{\"@type\":\"EntryPoint\",\"urlTemplate\":\"https:\\\/\\\/www.webdo.tn\\\/fr\\\/?s={search_term_string}\"},\"query-input\":{\"@type\":\"PropertyValueSpecification\",\"valueRequired\":true,\"valueName\":\"search_term_string\"}}],\"inLanguage\":\"fr-FR\"},{\"@type\":\"Organization\",\"@id\":\"https:\\\/\\\/www.webdo.tn\\\/fr\\\/#organization\",\"name\":\"Webdo\",\"alternateName\":\"Webdo.tn\",\"url\":\"https:\\\/\\\/www.webdo.tn\\\/fr\\\/\",\"logo\":{\"@type\":\"ImageObject\",\"inLanguage\":\"fr-FR\",\"@id\":\"https:\\\/\\\/www.webdo.tn\\\/fr\\\/#\\\/schema\\\/logo\\\/image\\\/\",\"url\":\"https:\\\/\\\/www.webdo.tn\\\/fr\\\/wp-content\\\/uploads\\\/2025\\\/06\\\/Webdo-Tunisie_168377.jpg\",\"contentUrl\":\"https:\\\/\\\/www.webdo.tn\\\/fr\\\/wp-content\\\/uploads\\\/2025\\\/06\\\/Webdo-Tunisie_168377.jpg\",\"width\":301,\"height\":301,\"caption\":\"Webdo\"},\"image\":{\"@id\":\"https:\\\/\\\/www.webdo.tn\\\/fr\\\/#\\\/schema\\\/logo\\\/image\\\/\"},\"sameAs\":[\"https:\\\/\\\/www.facebook.com\\\/webdotn\",\"https:\\\/\\\/x.com\\\/webdo_tn\"],\"description\":\"Webdo est un m\u00e9dia num\u00e9rique tunisien fond\u00e9 en 2010, sp\u00e9cialis\u00e9 dans l\u2019actualit\u00e9 nationale et internationale, l\u2019\u00e9conomie, la soci\u00e9t\u00e9 et les analyses politiques. Le site s\u2019adresse \u00e0 un large public francophone et couvre l\u2019information tunisienne en temps r\u00e9el.\",\"email\":\"redac@webdo.tn\",\"legalName\":\"YNJ SARL\",\"foundingDate\":\"2010-09-06\",\"numberOfEmployees\":{\"@type\":\"QuantitativeValue\",\"minValue\":\"11\",\"maxValue\":\"50\"}},{\"@type\":\"Person\",\"@id\":\"https:\\\/\\\/www.webdo.tn\\\/fr\\\/#\\\/schema\\\/person\\\/9a9c6118d687c117df8ef3cc36a4d175\",\"name\":\"webdo.tn\",\"image\":{\"@type\":\"ImageObject\",\"inLanguage\":\"fr-FR\",\"@id\":\"https:\\\/\\\/secure.gravatar.com\\\/avatar\\\/7ce1f28c0c3bbac99ff550b85ef8e44a6950c6ee24514fb6a5489e51d06f0298?s=96&d=mm&r=g\",\"url\":\"https:\\\/\\\/secure.gravatar.com\\\/avatar\\\/7ce1f28c0c3bbac99ff550b85ef8e44a6950c6ee24514fb6a5489e51d06f0298?s=96&d=mm&r=g\",\"contentUrl\":\"https:\\\/\\\/secure.gravatar.com\\\/avatar\\\/7ce1f28c0c3bbac99ff550b85ef8e44a6950c6ee24514fb6a5489e51d06f0298?s=96&d=mm&r=g\",\"caption\":\"webdo.tn\"},\"url\":\"https:\\\/\\\/www.webdo.tn\\\/fr\\\/actualite\\\/author\\\/webdotn\\\/\"}]}<\/script>\n<!-- \/ Yoast SEO Premium plugin. -->","yoast_head_json":{"title":"Proc\u00e8s du 23 janvier: Nessma TV en fait un combat de libert\u00e9 d'expression","description":"Proc\u00e8s du 23 janvier: Nessma TV en fait un combat de libert\u00e9 d'expression","canonical":"https:\/\/www.webdo.tn\/fr\/actualite\/national-45\/proces-du-23-janvier-nessma-tv-en-fait-un-combat-de-liberte-dexpression\/172285\/","og_locale":"fr_FR","og_type":"article","og_title":"Proc\u00e8s du 23 janvier: Nessma TV en fait un combat de libert\u00e9 d'expression","og_description":"Proc\u00e8s du 23 janvier: Nessma TV en fait un combat de libert\u00e9 d'expression","og_url":"https:\/\/www.webdo.tn\/fr\/actualite\/national-45\/proces-du-23-janvier-nessma-tv-en-fait-un-combat-de-liberte-dexpression\/172285\/","og_site_name":"webdo","article_publisher":"https:\/\/www.facebook.com\/webdotn","article_published_time":"2012-01-18T15:58:00+00:00","og_image":[{"width":200,"height":200,"url":"https:\/\/www.webdo.tn\/fr\/wp-content\/uploads\/2012\/01\/Nessma-Tv.jpg","type":"image\/jpeg"}],"author":"webdo.tn","twitter_card":"summary_large_image","twitter_creator":"@webdo_tn","twitter_site":"@webdo_tn","twitter_misc":{"\u00c9crit par":"webdo.tn","Dur\u00e9e de lecture estim\u00e9e":"2 minutes"},"schema":{"@context":"https:\/\/schema.org","@graph":[{"@type":"NewsArticle","@id":"https:\/\/www.webdo.tn\/fr\/actualite\/national-45\/proces-du-23-janvier-nessma-tv-en-fait-un-combat-de-liberte-dexpression\/172285\/#article","isPartOf":{"@id":"https:\/\/www.webdo.tn\/fr\/actualite\/national-45\/proces-du-23-janvier-nessma-tv-en-fait-un-combat-de-liberte-dexpression\/172285\/"},"author":{"name":"webdo.tn","@id":"https:\/\/www.webdo.tn\/fr\/#\/schema\/person\/9a9c6118d687c117df8ef3cc36a4d175"},"headline":"Proc\u00e8s du 23 janvier: Nessma TV en fait un combat de libert\u00e9 d&rsquo;expression","datePublished":"2012-01-18T15:58:00+00:00","mainEntityOfPage":{"@id":"https:\/\/www.webdo.tn\/fr\/actualite\/national-45\/proces-du-23-janvier-nessma-tv-en-fait-un-combat-de-liberte-dexpression\/172285\/"},"wordCount":469,"commentCount":0,"publisher":{"@id":"https:\/\/www.webdo.tn\/fr\/#organization"},"image":{"@id":"https:\/\/www.webdo.tn\/fr\/actualite\/national-45\/proces-du-23-janvier-nessma-tv-en-fait-un-combat-de-liberte-dexpression\/172285\/#primaryimage"},"thumbnailUrl":"https:\/\/www.webdo.tn\/fr\/wp-content\/uploads\/2012\/01\/Nessma-Tv.jpg","keywords":["guerre"],"articleSection":["National"],"inLanguage":"fr-FR"},{"@type":"WebPage","@id":"https:\/\/www.webdo.tn\/fr\/actualite\/national-45\/proces-du-23-janvier-nessma-tv-en-fait-un-combat-de-liberte-dexpression\/172285\/","url":"https:\/\/www.webdo.tn\/fr\/actualite\/national-45\/proces-du-23-janvier-nessma-tv-en-fait-un-combat-de-liberte-dexpression\/172285\/","name":"Proc\u00e8s du 23 janvier: Nessma TV en fait un combat de libert\u00e9 d'expression","isPartOf":{"@id":"https:\/\/www.webdo.tn\/fr\/#website"},"primaryImageOfPage":{"@id":"https:\/\/www.webdo.tn\/fr\/actualite\/national-45\/proces-du-23-janvier-nessma-tv-en-fait-un-combat-de-liberte-dexpression\/172285\/#primaryimage"},"image":{"@id":"https:\/\/www.webdo.tn\/fr\/actualite\/national-45\/proces-du-23-janvier-nessma-tv-en-fait-un-combat-de-liberte-dexpression\/172285\/#primaryimage"},"thumbnailUrl":"https:\/\/www.webdo.tn\/fr\/wp-content\/uploads\/2012\/01\/Nessma-Tv.jpg","datePublished":"2012-01-18T15:58:00+00:00","description":"Proc\u00e8s du 23 janvier: Nessma TV en fait un combat de libert\u00e9 d'expression","breadcrumb":{"@id":"https:\/\/www.webdo.tn\/fr\/actualite\/national-45\/proces-du-23-janvier-nessma-tv-en-fait-un-combat-de-liberte-dexpression\/172285\/#breadcrumb"},"inLanguage":"fr-FR","potentialAction":[{"@type":"ReadAction","target":["https:\/\/www.webdo.tn\/fr\/actualite\/national-45\/proces-du-23-janvier-nessma-tv-en-fait-un-combat-de-liberte-dexpression\/172285\/"]}]},{"@type":"ImageObject","inLanguage":"fr-FR","@id":"https:\/\/www.webdo.tn\/fr\/actualite\/national-45\/proces-du-23-janvier-nessma-tv-en-fait-un-combat-de-liberte-dexpression\/172285\/#primaryimage","url":"https:\/\/www.webdo.tn\/fr\/wp-content\/uploads\/2012\/01\/Nessma-Tv.jpg","contentUrl":"https:\/\/www.webdo.tn\/fr\/wp-content\/uploads\/2012\/01\/Nessma-Tv.jpg","width":200,"height":200,"caption":"Proc\u00e8s du 23 janvier: Nessma TV en fait un combat de libert\u00e9 d'expression"},{"@type":"BreadcrumbList","@id":"https:\/\/www.webdo.tn\/fr\/actualite\/national-45\/proces-du-23-janvier-nessma-tv-en-fait-un-combat-de-liberte-dexpression\/172285\/#breadcrumb","itemListElement":[{"@type":"ListItem","position":1,"name":"Accueil","item":"https:\/\/www.webdo.tn\/fr\/"},{"@type":"ListItem","position":2,"name":"Proc\u00e8s du 23 janvier: Nessma TV en fait un combat de libert\u00e9 d&rsquo;expression"}]},{"@type":"WebSite","@id":"https:\/\/www.webdo.tn\/fr\/#website","url":"https:\/\/www.webdo.tn\/fr\/","name":"webdo","description":"Tunisie - News en Tunisie et \u00e0 l&#039;international sur Webdo.tn","publisher":{"@id":"https:\/\/www.webdo.tn\/fr\/#organization"},"potentialAction":[{"@type":"SearchAction","target":{"@type":"EntryPoint","urlTemplate":"https:\/\/www.webdo.tn\/fr\/?s={search_term_string}"},"query-input":{"@type":"PropertyValueSpecification","valueRequired":true,"valueName":"search_term_string"}}],"inLanguage":"fr-FR"},{"@type":"Organization","@id":"https:\/\/www.webdo.tn\/fr\/#organization","name":"Webdo","alternateName":"Webdo.tn","url":"https:\/\/www.webdo.tn\/fr\/","logo":{"@type":"ImageObject","inLanguage":"fr-FR","@id":"https:\/\/www.webdo.tn\/fr\/#\/schema\/logo\/image\/","url":"https:\/\/www.webdo.tn\/fr\/wp-content\/uploads\/2025\/06\/Webdo-Tunisie_168377.jpg","contentUrl":"https:\/\/www.webdo.tn\/fr\/wp-content\/uploads\/2025\/06\/Webdo-Tunisie_168377.jpg","width":301,"height":301,"caption":"Webdo"},"image":{"@id":"https:\/\/www.webdo.tn\/fr\/#\/schema\/logo\/image\/"},"sameAs":["https:\/\/www.facebook.com\/webdotn","https:\/\/x.com\/webdo_tn"],"description":"Webdo est un m\u00e9dia num\u00e9rique tunisien fond\u00e9 en 2010, sp\u00e9cialis\u00e9 dans l\u2019actualit\u00e9 nationale et internationale, l\u2019\u00e9conomie, la soci\u00e9t\u00e9 et les analyses politiques. Le site s\u2019adresse \u00e0 un large public francophone et couvre l\u2019information tunisienne en temps r\u00e9el.","email":"redac@webdo.tn","legalName":"YNJ SARL","foundingDate":"2010-09-06","numberOfEmployees":{"@type":"QuantitativeValue","minValue":"11","maxValue":"50"}},{"@type":"Person","@id":"https:\/\/www.webdo.tn\/fr\/#\/schema\/person\/9a9c6118d687c117df8ef3cc36a4d175","name":"webdo.tn","image":{"@type":"ImageObject","inLanguage":"fr-FR","@id":"https:\/\/secure.gravatar.com\/avatar\/7ce1f28c0c3bbac99ff550b85ef8e44a6950c6ee24514fb6a5489e51d06f0298?s=96&d=mm&r=g","url":"https:\/\/secure.gravatar.com\/avatar\/7ce1f28c0c3bbac99ff550b85ef8e44a6950c6ee24514fb6a5489e51d06f0298?s=96&d=mm&r=g","contentUrl":"https:\/\/secure.gravatar.com\/avatar\/7ce1f28c0c3bbac99ff550b85ef8e44a6950c6ee24514fb6a5489e51d06f0298?s=96&d=mm&r=g","caption":"webdo.tn"},"url":"https:\/\/www.webdo.tn\/fr\/actualite\/author\/webdotn\/"}]}},"_links":{"self":[{"href":"https:\/\/www.webdo.tn\/fr\/wp-json\/wp\/v2\/posts\/172285","targetHints":{"allow":["GET"]}}],"collection":[{"href":"https:\/\/www.webdo.tn\/fr\/wp-json\/wp\/v2\/posts"}],"about":[{"href":"https:\/\/www.webdo.tn\/fr\/wp-json\/wp\/v2\/types\/post"}],"author":[{"embeddable":true,"href":"https:\/\/www.webdo.tn\/fr\/wp-json\/wp\/v2\/users\/3222"}],"replies":[{"embeddable":true,"href":"https:\/\/www.webdo.tn\/fr\/wp-json\/wp\/v2\/comments?post=172285"}],"version-history":[{"count":0,"href":"https:\/\/www.webdo.tn\/fr\/wp-json\/wp\/v2\/posts\/172285\/revisions"}],"wp:featuredmedia":[{"embeddable":true,"href":"https:\/\/www.webdo.tn\/fr\/wp-json\/wp\/v2\/media\/334017"}],"wp:attachment":[{"href":"https:\/\/www.webdo.tn\/fr\/wp-json\/wp\/v2\/media?parent=172285"}],"wp:term":[{"taxonomy":"category","embeddable":true,"href":"https:\/\/www.webdo.tn\/fr\/wp-json\/wp\/v2\/categories?post=172285"},{"taxonomy":"post_tag","embeddable":true,"href":"https:\/\/www.webdo.tn\/fr\/wp-json\/wp\/v2\/tags?post=172285"}],"curies":[{"name":"wp","href":"https:\/\/api.w.org\/{rel}","templated":true}]}}