{"id":172284,"date":"2012-01-18T19:33:00","date_gmt":"2012-01-18T19:33:00","guid":{"rendered":"https:\/\/www.webdo.tn\/fr\/blog\/dans-trois-mois-le-service-du-visa-pour-la-france-sera-laffaire-dune-societe-privee\/172284\/"},"modified":"2012-01-18T19:33:00","modified_gmt":"2012-01-18T19:33:00","slug":"dans-trois-mois-le-service-du-visa-pour-la-france-sera-laffaire-dune-societe-privee","status":"publish","type":"post","link":"https:\/\/www.webdo.tn\/fr\/actualite\/national\/dans-trois-mois-le-service-du-visa-pour-la-france-sera-laffaire-dune-societe-privee\/172284\/","title":{"rendered":"Dans trois mois, le service du visa pour la France sera l\u2019affaire d\u2019une soci\u00e9t\u00e9 priv\u00e9e !"},"content":{"rendered":"<p>C\u2019est l\u2019ambassadeur fran\u00e7ais en Tunisie, Boris Boillon, qui a annonc\u00e9, aujourd\u2019hui m\u00eame, la nouvelle ; rapport\u00e9e par la TAP, et ce au cours d\u2019une conf\u00e9rence de presse organis\u00e9e par la chambre franco-tunisienne du commerce et de l\u2019industrie.  <\/p>\n<p>D\u2019ailleurs, un appel d\u2019offre a \u00e9t\u00e9 lanc\u00e9 \u00e0 ce propos et la s\u00e9lection des dossiers parvenus \u00e0 l\u2019ambassade se fera incessamment.<\/p>\n<p>Et c\u2019est dans le but de \u00ab faciliter l\u2019op\u00e9ration d\u2019accueil des Tunisiens demandeurs de visas pour la France et afin de leur offrir davantage de souplesse \u00bb qu\u2019une soci\u00e9t\u00e9 priv\u00e9e g\u00e9rera ce service. Ce nouveau processus d\u2019octroi du \u2018s\u00e9same\u2019  verra incessamment le jour dans trois \u00e0 quatre mois au plus tard (avril ou mai 2012).<\/p>\n<p>Mais la France n\u2019est pas novice dans ce domaine dans la mesure o\u00f9 le consulat d\u2019Italie en Tunisie poss\u00e8de, lui, un centre d\u2019appels qui lui permet de g\u00e9rer les \u2018rendez-vous\u2019 de ses clients \u00e0 l\u2019heure pr\u00e8s ainsi que la v\u00e9rification des papiers et autres documents  n\u00e9cessaires pour le visa que ce soit pour les r\u00e9sidents ou les demandeurs de visas.<\/p>\n<p>Maintenant, reste \u00e0 conna\u00eetre la (nouvelle ?) politique de migration de la France \u00e0 l\u2019\u00e9gard d\u2019un pays comme la Tunisie. La France est-elle capable aujourd\u2019hui de changer (dans le fond) le message et les proc\u00e9dures d\u2019octroi de visa ? Quelles garanties offre le gouvernement fran\u00e7ais quant aux crit\u00e8res (objectifs) de s\u00e9lection des b\u00e9n\u00e9ficiaires de visas chez cette soci\u00e9t\u00e9 priv\u00e9e? A notre avis, that\u2019s the question !<\/p>\n","protected":false},"excerpt":{"rendered":"<p>Dans trois mois, le service du visa pour la France sera l\u2019affaire d\u2019une soci\u00e9t\u00e9 priv\u00e9e !<\/p>\n","protected":false},"author":3222,"featured_media":334016,"comment_status":"open","ping_status":"closed","sticky":false,"template":"","format":"standard","meta":{"footnotes":""},"categories":[44],"tags":[2600],"class_list":["post-172284","post","type-post","status-publish","format-standard","has-post-thumbnail","hentry","category-national","tag-guerre"],"yoast_head":"<!-- This site is optimized with the Yoast SEO Premium plugin v27.5 (Yoast SEO v27.5) - https:\/\/yoast.com\/product\/yoast-seo-premium-wordpress\/ -->\n<title>Dans trois mois, le service du visa pour la France sera l\u2019affaire d\u2019une soci\u00e9t\u00e9 priv\u00e9e !<\/title>\n<meta name=\"description\" content=\"Dans trois mois, le service du visa pour la France sera l\u2019affaire d\u2019une soci\u00e9t\u00e9 priv\u00e9e !\" \/>\n<link rel=\"canonical\" href=\"https:\/\/www.webdo.tn\/fr\/actualite\/national-45\/dans-trois-mois-le-service-du-visa-pour-la-france-sera-laffaire-dune-societe-privee\/172284\/\" \/>\n<meta property=\"og:locale\" content=\"fr_FR\" \/>\n<meta property=\"og:type\" content=\"article\" \/>\n<meta property=\"og:title\" content=\"Dans trois mois, le service du visa pour la France sera l\u2019affaire d\u2019une soci\u00e9t\u00e9 priv\u00e9e !\" \/>\n<meta property=\"og:description\" content=\"Dans trois mois, le service du visa pour la France sera l\u2019affaire d\u2019une soci\u00e9t\u00e9 priv\u00e9e !\" \/>\n<meta property=\"og:url\" content=\"https:\/\/www.webdo.tn\/fr\/actualite\/national-45\/dans-trois-mois-le-service-du-visa-pour-la-france-sera-laffaire-dune-societe-privee\/172284\/\" \/>\n<meta property=\"og:site_name\" content=\"webdo\" \/>\n<meta property=\"article:publisher\" content=\"https:\/\/www.facebook.com\/webdotn\" \/>\n<meta property=\"article:published_time\" content=\"2012-01-18T19:33:00+00:00\" \/>\n<meta property=\"og:image\" content=\"https:\/\/www.webdo.tn\/fr\/wp-content\/uploads\/2012\/01\/tunisie-france-visa-010310-v.jpg\" \/>\n\t<meta property=\"og:image:width\" content=\"150\" \/>\n\t<meta property=\"og:image:height\" content=\"150\" \/>\n\t<meta property=\"og:image:type\" content=\"image\/jpeg\" \/>\n<meta name=\"author\" content=\"webdo.tn\" \/>\n<meta name=\"twitter:card\" content=\"summary_large_image\" \/>\n<meta name=\"twitter:creator\" content=\"@webdo_tn\" \/>\n<meta name=\"twitter:site\" content=\"@webdo_tn\" \/>\n<meta name=\"twitter:label1\" content=\"\u00c9crit par\" \/>\n\t<meta name=\"twitter:data1\" content=\"webdo.tn\" \/>\n\t<meta name=\"twitter:label2\" content=\"Dur\u00e9e de lecture estim\u00e9e\" \/>\n\t<meta name=\"twitter:data2\" content=\"1 minute\" \/>\n<script type=\"application\/ld+json\" class=\"yoast-schema-graph\">{\"@context\":\"https:\\\/\\\/schema.org\",\"@graph\":[{\"@type\":\"NewsArticle\",\"@id\":\"https:\\\/\\\/www.webdo.tn\\\/fr\\\/actualite\\\/national-45\\\/dans-trois-mois-le-service-du-visa-pour-la-france-sera-laffaire-dune-societe-privee\\\/172284\\\/#article\",\"isPartOf\":{\"@id\":\"https:\\\/\\\/www.webdo.tn\\\/fr\\\/actualite\\\/national-45\\\/dans-trois-mois-le-service-du-visa-pour-la-france-sera-laffaire-dune-societe-privee\\\/172284\\\/\"},\"author\":{\"name\":\"webdo.tn\",\"@id\":\"https:\\\/\\\/www.webdo.tn\\\/fr\\\/#\\\/schema\\\/person\\\/9a9c6118d687c117df8ef3cc36a4d175\"},\"headline\":\"Dans trois mois, le service du visa pour la France sera l\u2019affaire d\u2019une soci\u00e9t\u00e9 priv\u00e9e !\",\"datePublished\":\"2012-01-18T19:33:00+00:00\",\"mainEntityOfPage\":{\"@id\":\"https:\\\/\\\/www.webdo.tn\\\/fr\\\/actualite\\\/national-45\\\/dans-trois-mois-le-service-du-visa-pour-la-france-sera-laffaire-dune-societe-privee\\\/172284\\\/\"},\"wordCount\":293,\"commentCount\":0,\"publisher\":{\"@id\":\"https:\\\/\\\/www.webdo.tn\\\/fr\\\/#organization\"},\"image\":{\"@id\":\"https:\\\/\\\/www.webdo.tn\\\/fr\\\/actualite\\\/national-45\\\/dans-trois-mois-le-service-du-visa-pour-la-france-sera-laffaire-dune-societe-privee\\\/172284\\\/#primaryimage\"},\"thumbnailUrl\":\"https:\\\/\\\/www.webdo.tn\\\/fr\\\/wp-content\\\/uploads\\\/2012\\\/01\\\/tunisie-france-visa-010310-v.jpg\",\"keywords\":[\"guerre\"],\"articleSection\":[\"National\"],\"inLanguage\":\"fr-FR\"},{\"@type\":\"WebPage\",\"@id\":\"https:\\\/\\\/www.webdo.tn\\\/fr\\\/actualite\\\/national-45\\\/dans-trois-mois-le-service-du-visa-pour-la-france-sera-laffaire-dune-societe-privee\\\/172284\\\/\",\"url\":\"https:\\\/\\\/www.webdo.tn\\\/fr\\\/actualite\\\/national-45\\\/dans-trois-mois-le-service-du-visa-pour-la-france-sera-laffaire-dune-societe-privee\\\/172284\\\/\",\"name\":\"Dans trois mois, le service du visa pour la France sera l\u2019affaire d\u2019une soci\u00e9t\u00e9 priv\u00e9e !\",\"isPartOf\":{\"@id\":\"https:\\\/\\\/www.webdo.tn\\\/fr\\\/#website\"},\"primaryImageOfPage\":{\"@id\":\"https:\\\/\\\/www.webdo.tn\\\/fr\\\/actualite\\\/national-45\\\/dans-trois-mois-le-service-du-visa-pour-la-france-sera-laffaire-dune-societe-privee\\\/172284\\\/#primaryimage\"},\"image\":{\"@id\":\"https:\\\/\\\/www.webdo.tn\\\/fr\\\/actualite\\\/national-45\\\/dans-trois-mois-le-service-du-visa-pour-la-france-sera-laffaire-dune-societe-privee\\\/172284\\\/#primaryimage\"},\"thumbnailUrl\":\"https:\\\/\\\/www.webdo.tn\\\/fr\\\/wp-content\\\/uploads\\\/2012\\\/01\\\/tunisie-france-visa-010310-v.jpg\",\"datePublished\":\"2012-01-18T19:33:00+00:00\",\"description\":\"Dans trois mois, le service du visa pour la France sera l\u2019affaire d\u2019une soci\u00e9t\u00e9 priv\u00e9e !\",\"breadcrumb\":{\"@id\":\"https:\\\/\\\/www.webdo.tn\\\/fr\\\/actualite\\\/national-45\\\/dans-trois-mois-le-service-du-visa-pour-la-france-sera-laffaire-dune-societe-privee\\\/172284\\\/#breadcrumb\"},\"inLanguage\":\"fr-FR\",\"potentialAction\":[{\"@type\":\"ReadAction\",\"target\":[\"https:\\\/\\\/www.webdo.tn\\\/fr\\\/actualite\\\/national-45\\\/dans-trois-mois-le-service-du-visa-pour-la-france-sera-laffaire-dune-societe-privee\\\/172284\\\/\"]}]},{\"@type\":\"ImageObject\",\"inLanguage\":\"fr-FR\",\"@id\":\"https:\\\/\\\/www.webdo.tn\\\/fr\\\/actualite\\\/national-45\\\/dans-trois-mois-le-service-du-visa-pour-la-france-sera-laffaire-dune-societe-privee\\\/172284\\\/#primaryimage\",\"url\":\"https:\\\/\\\/www.webdo.tn\\\/fr\\\/wp-content\\\/uploads\\\/2012\\\/01\\\/tunisie-france-visa-010310-v.jpg\",\"contentUrl\":\"https:\\\/\\\/www.webdo.tn\\\/fr\\\/wp-content\\\/uploads\\\/2012\\\/01\\\/tunisie-france-visa-010310-v.jpg\",\"width\":150,\"height\":150,\"caption\":\"Dans trois mois, le service du visa pour la France sera l\u2019affaire d\u2019une soci\u00e9t\u00e9 priv\u00e9e !\"},{\"@type\":\"BreadcrumbList\",\"@id\":\"https:\\\/\\\/www.webdo.tn\\\/fr\\\/actualite\\\/national-45\\\/dans-trois-mois-le-service-du-visa-pour-la-france-sera-laffaire-dune-societe-privee\\\/172284\\\/#breadcrumb\",\"itemListElement\":[{\"@type\":\"ListItem\",\"position\":1,\"name\":\"Accueil\",\"item\":\"https:\\\/\\\/www.webdo.tn\\\/fr\\\/\"},{\"@type\":\"ListItem\",\"position\":2,\"name\":\"Dans trois mois, le service du visa pour la France sera l\u2019affaire d\u2019une soci\u00e9t\u00e9 priv\u00e9e !\"}]},{\"@type\":\"WebSite\",\"@id\":\"https:\\\/\\\/www.webdo.tn\\\/fr\\\/#website\",\"url\":\"https:\\\/\\\/www.webdo.tn\\\/fr\\\/\",\"name\":\"webdo\",\"description\":\"Tunisie - News en Tunisie et \u00e0 l&#039;international sur Webdo.tn\",\"publisher\":{\"@id\":\"https:\\\/\\\/www.webdo.tn\\\/fr\\\/#organization\"},\"potentialAction\":[{\"@type\":\"SearchAction\",\"target\":{\"@type\":\"EntryPoint\",\"urlTemplate\":\"https:\\\/\\\/www.webdo.tn\\\/fr\\\/?s={search_term_string}\"},\"query-input\":{\"@type\":\"PropertyValueSpecification\",\"valueRequired\":true,\"valueName\":\"search_term_string\"}}],\"inLanguage\":\"fr-FR\"},{\"@type\":\"Organization\",\"@id\":\"https:\\\/\\\/www.webdo.tn\\\/fr\\\/#organization\",\"name\":\"Webdo\",\"alternateName\":\"Webdo.tn\",\"url\":\"https:\\\/\\\/www.webdo.tn\\\/fr\\\/\",\"logo\":{\"@type\":\"ImageObject\",\"inLanguage\":\"fr-FR\",\"@id\":\"https:\\\/\\\/www.webdo.tn\\\/fr\\\/#\\\/schema\\\/logo\\\/image\\\/\",\"url\":\"https:\\\/\\\/www.webdo.tn\\\/fr\\\/wp-content\\\/uploads\\\/2025\\\/06\\\/Webdo-Tunisie_168377.jpg\",\"contentUrl\":\"https:\\\/\\\/www.webdo.tn\\\/fr\\\/wp-content\\\/uploads\\\/2025\\\/06\\\/Webdo-Tunisie_168377.jpg\",\"width\":301,\"height\":301,\"caption\":\"Webdo\"},\"image\":{\"@id\":\"https:\\\/\\\/www.webdo.tn\\\/fr\\\/#\\\/schema\\\/logo\\\/image\\\/\"},\"sameAs\":[\"https:\\\/\\\/www.facebook.com\\\/webdotn\",\"https:\\\/\\\/x.com\\\/webdo_tn\"],\"description\":\"Webdo est un m\u00e9dia num\u00e9rique tunisien fond\u00e9 en 2010, sp\u00e9cialis\u00e9 dans l\u2019actualit\u00e9 nationale et internationale, l\u2019\u00e9conomie, la soci\u00e9t\u00e9 et les analyses politiques. Le site s\u2019adresse \u00e0 un large public francophone et couvre l\u2019information tunisienne en temps r\u00e9el.\",\"email\":\"redac@webdo.tn\",\"legalName\":\"YNJ SARL\",\"foundingDate\":\"2010-09-06\",\"numberOfEmployees\":{\"@type\":\"QuantitativeValue\",\"minValue\":\"11\",\"maxValue\":\"50\"}},{\"@type\":\"Person\",\"@id\":\"https:\\\/\\\/www.webdo.tn\\\/fr\\\/#\\\/schema\\\/person\\\/9a9c6118d687c117df8ef3cc36a4d175\",\"name\":\"webdo.tn\",\"image\":{\"@type\":\"ImageObject\",\"inLanguage\":\"fr-FR\",\"@id\":\"https:\\\/\\\/secure.gravatar.com\\\/avatar\\\/7ce1f28c0c3bbac99ff550b85ef8e44a6950c6ee24514fb6a5489e51d06f0298?s=96&d=mm&r=g\",\"url\":\"https:\\\/\\\/secure.gravatar.com\\\/avatar\\\/7ce1f28c0c3bbac99ff550b85ef8e44a6950c6ee24514fb6a5489e51d06f0298?s=96&d=mm&r=g\",\"contentUrl\":\"https:\\\/\\\/secure.gravatar.com\\\/avatar\\\/7ce1f28c0c3bbac99ff550b85ef8e44a6950c6ee24514fb6a5489e51d06f0298?s=96&d=mm&r=g\",\"caption\":\"webdo.tn\"},\"url\":\"https:\\\/\\\/www.webdo.tn\\\/fr\\\/actualite\\\/author\\\/webdotn\\\/\"}]}<\/script>\n<!-- \/ Yoast SEO Premium plugin. -->","yoast_head_json":{"title":"Dans trois mois, le service du visa pour la France sera l\u2019affaire d\u2019une soci\u00e9t\u00e9 priv\u00e9e !","description":"Dans trois mois, le service du visa pour la France sera l\u2019affaire d\u2019une soci\u00e9t\u00e9 priv\u00e9e !","canonical":"https:\/\/www.webdo.tn\/fr\/actualite\/national-45\/dans-trois-mois-le-service-du-visa-pour-la-france-sera-laffaire-dune-societe-privee\/172284\/","og_locale":"fr_FR","og_type":"article","og_title":"Dans trois mois, le service du visa pour la France sera l\u2019affaire d\u2019une soci\u00e9t\u00e9 priv\u00e9e !","og_description":"Dans trois mois, le service du visa pour la France sera l\u2019affaire d\u2019une soci\u00e9t\u00e9 priv\u00e9e !","og_url":"https:\/\/www.webdo.tn\/fr\/actualite\/national-45\/dans-trois-mois-le-service-du-visa-pour-la-france-sera-laffaire-dune-societe-privee\/172284\/","og_site_name":"webdo","article_publisher":"https:\/\/www.facebook.com\/webdotn","article_published_time":"2012-01-18T19:33:00+00:00","og_image":[{"width":150,"height":150,"url":"https:\/\/www.webdo.tn\/fr\/wp-content\/uploads\/2012\/01\/tunisie-france-visa-010310-v.jpg","type":"image\/jpeg"}],"author":"webdo.tn","twitter_card":"summary_large_image","twitter_creator":"@webdo_tn","twitter_site":"@webdo_tn","twitter_misc":{"\u00c9crit par":"webdo.tn","Dur\u00e9e de lecture estim\u00e9e":"1 minute"},"schema":{"@context":"https:\/\/schema.org","@graph":[{"@type":"NewsArticle","@id":"https:\/\/www.webdo.tn\/fr\/actualite\/national-45\/dans-trois-mois-le-service-du-visa-pour-la-france-sera-laffaire-dune-societe-privee\/172284\/#article","isPartOf":{"@id":"https:\/\/www.webdo.tn\/fr\/actualite\/national-45\/dans-trois-mois-le-service-du-visa-pour-la-france-sera-laffaire-dune-societe-privee\/172284\/"},"author":{"name":"webdo.tn","@id":"https:\/\/www.webdo.tn\/fr\/#\/schema\/person\/9a9c6118d687c117df8ef3cc36a4d175"},"headline":"Dans trois mois, le service du visa pour la France sera l\u2019affaire d\u2019une soci\u00e9t\u00e9 priv\u00e9e !","datePublished":"2012-01-18T19:33:00+00:00","mainEntityOfPage":{"@id":"https:\/\/www.webdo.tn\/fr\/actualite\/national-45\/dans-trois-mois-le-service-du-visa-pour-la-france-sera-laffaire-dune-societe-privee\/172284\/"},"wordCount":293,"commentCount":0,"publisher":{"@id":"https:\/\/www.webdo.tn\/fr\/#organization"},"image":{"@id":"https:\/\/www.webdo.tn\/fr\/actualite\/national-45\/dans-trois-mois-le-service-du-visa-pour-la-france-sera-laffaire-dune-societe-privee\/172284\/#primaryimage"},"thumbnailUrl":"https:\/\/www.webdo.tn\/fr\/wp-content\/uploads\/2012\/01\/tunisie-france-visa-010310-v.jpg","keywords":["guerre"],"articleSection":["National"],"inLanguage":"fr-FR"},{"@type":"WebPage","@id":"https:\/\/www.webdo.tn\/fr\/actualite\/national-45\/dans-trois-mois-le-service-du-visa-pour-la-france-sera-laffaire-dune-societe-privee\/172284\/","url":"https:\/\/www.webdo.tn\/fr\/actualite\/national-45\/dans-trois-mois-le-service-du-visa-pour-la-france-sera-laffaire-dune-societe-privee\/172284\/","name":"Dans trois mois, le service du visa pour la France sera l\u2019affaire d\u2019une soci\u00e9t\u00e9 priv\u00e9e !","isPartOf":{"@id":"https:\/\/www.webdo.tn\/fr\/#website"},"primaryImageOfPage":{"@id":"https:\/\/www.webdo.tn\/fr\/actualite\/national-45\/dans-trois-mois-le-service-du-visa-pour-la-france-sera-laffaire-dune-societe-privee\/172284\/#primaryimage"},"image":{"@id":"https:\/\/www.webdo.tn\/fr\/actualite\/national-45\/dans-trois-mois-le-service-du-visa-pour-la-france-sera-laffaire-dune-societe-privee\/172284\/#primaryimage"},"thumbnailUrl":"https:\/\/www.webdo.tn\/fr\/wp-content\/uploads\/2012\/01\/tunisie-france-visa-010310-v.jpg","datePublished":"2012-01-18T19:33:00+00:00","description":"Dans trois mois, le service du visa pour la France sera l\u2019affaire d\u2019une soci\u00e9t\u00e9 priv\u00e9e !","breadcrumb":{"@id":"https:\/\/www.webdo.tn\/fr\/actualite\/national-45\/dans-trois-mois-le-service-du-visa-pour-la-france-sera-laffaire-dune-societe-privee\/172284\/#breadcrumb"},"inLanguage":"fr-FR","potentialAction":[{"@type":"ReadAction","target":["https:\/\/www.webdo.tn\/fr\/actualite\/national-45\/dans-trois-mois-le-service-du-visa-pour-la-france-sera-laffaire-dune-societe-privee\/172284\/"]}]},{"@type":"ImageObject","inLanguage":"fr-FR","@id":"https:\/\/www.webdo.tn\/fr\/actualite\/national-45\/dans-trois-mois-le-service-du-visa-pour-la-france-sera-laffaire-dune-societe-privee\/172284\/#primaryimage","url":"https:\/\/www.webdo.tn\/fr\/wp-content\/uploads\/2012\/01\/tunisie-france-visa-010310-v.jpg","contentUrl":"https:\/\/www.webdo.tn\/fr\/wp-content\/uploads\/2012\/01\/tunisie-france-visa-010310-v.jpg","width":150,"height":150,"caption":"Dans trois mois, le service du visa pour la France sera l\u2019affaire d\u2019une soci\u00e9t\u00e9 priv\u00e9e !"},{"@type":"BreadcrumbList","@id":"https:\/\/www.webdo.tn\/fr\/actualite\/national-45\/dans-trois-mois-le-service-du-visa-pour-la-france-sera-laffaire-dune-societe-privee\/172284\/#breadcrumb","itemListElement":[{"@type":"ListItem","position":1,"name":"Accueil","item":"https:\/\/www.webdo.tn\/fr\/"},{"@type":"ListItem","position":2,"name":"Dans trois mois, le service du visa pour la France sera l\u2019affaire d\u2019une soci\u00e9t\u00e9 priv\u00e9e !"}]},{"@type":"WebSite","@id":"https:\/\/www.webdo.tn\/fr\/#website","url":"https:\/\/www.webdo.tn\/fr\/","name":"webdo","description":"Tunisie - News en Tunisie et \u00e0 l&#039;international sur Webdo.tn","publisher":{"@id":"https:\/\/www.webdo.tn\/fr\/#organization"},"potentialAction":[{"@type":"SearchAction","target":{"@type":"EntryPoint","urlTemplate":"https:\/\/www.webdo.tn\/fr\/?s={search_term_string}"},"query-input":{"@type":"PropertyValueSpecification","valueRequired":true,"valueName":"search_term_string"}}],"inLanguage":"fr-FR"},{"@type":"Organization","@id":"https:\/\/www.webdo.tn\/fr\/#organization","name":"Webdo","alternateName":"Webdo.tn","url":"https:\/\/www.webdo.tn\/fr\/","logo":{"@type":"ImageObject","inLanguage":"fr-FR","@id":"https:\/\/www.webdo.tn\/fr\/#\/schema\/logo\/image\/","url":"https:\/\/www.webdo.tn\/fr\/wp-content\/uploads\/2025\/06\/Webdo-Tunisie_168377.jpg","contentUrl":"https:\/\/www.webdo.tn\/fr\/wp-content\/uploads\/2025\/06\/Webdo-Tunisie_168377.jpg","width":301,"height":301,"caption":"Webdo"},"image":{"@id":"https:\/\/www.webdo.tn\/fr\/#\/schema\/logo\/image\/"},"sameAs":["https:\/\/www.facebook.com\/webdotn","https:\/\/x.com\/webdo_tn"],"description":"Webdo est un m\u00e9dia num\u00e9rique tunisien fond\u00e9 en 2010, sp\u00e9cialis\u00e9 dans l\u2019actualit\u00e9 nationale et internationale, l\u2019\u00e9conomie, la soci\u00e9t\u00e9 et les analyses politiques. Le site s\u2019adresse \u00e0 un large public francophone et couvre l\u2019information tunisienne en temps r\u00e9el.","email":"redac@webdo.tn","legalName":"YNJ SARL","foundingDate":"2010-09-06","numberOfEmployees":{"@type":"QuantitativeValue","minValue":"11","maxValue":"50"}},{"@type":"Person","@id":"https:\/\/www.webdo.tn\/fr\/#\/schema\/person\/9a9c6118d687c117df8ef3cc36a4d175","name":"webdo.tn","image":{"@type":"ImageObject","inLanguage":"fr-FR","@id":"https:\/\/secure.gravatar.com\/avatar\/7ce1f28c0c3bbac99ff550b85ef8e44a6950c6ee24514fb6a5489e51d06f0298?s=96&d=mm&r=g","url":"https:\/\/secure.gravatar.com\/avatar\/7ce1f28c0c3bbac99ff550b85ef8e44a6950c6ee24514fb6a5489e51d06f0298?s=96&d=mm&r=g","contentUrl":"https:\/\/secure.gravatar.com\/avatar\/7ce1f28c0c3bbac99ff550b85ef8e44a6950c6ee24514fb6a5489e51d06f0298?s=96&d=mm&r=g","caption":"webdo.tn"},"url":"https:\/\/www.webdo.tn\/fr\/actualite\/author\/webdotn\/"}]}},"_links":{"self":[{"href":"https:\/\/www.webdo.tn\/fr\/wp-json\/wp\/v2\/posts\/172284","targetHints":{"allow":["GET"]}}],"collection":[{"href":"https:\/\/www.webdo.tn\/fr\/wp-json\/wp\/v2\/posts"}],"about":[{"href":"https:\/\/www.webdo.tn\/fr\/wp-json\/wp\/v2\/types\/post"}],"author":[{"embeddable":true,"href":"https:\/\/www.webdo.tn\/fr\/wp-json\/wp\/v2\/users\/3222"}],"replies":[{"embeddable":true,"href":"https:\/\/www.webdo.tn\/fr\/wp-json\/wp\/v2\/comments?post=172284"}],"version-history":[{"count":0,"href":"https:\/\/www.webdo.tn\/fr\/wp-json\/wp\/v2\/posts\/172284\/revisions"}],"wp:featuredmedia":[{"embeddable":true,"href":"https:\/\/www.webdo.tn\/fr\/wp-json\/wp\/v2\/media\/334016"}],"wp:attachment":[{"href":"https:\/\/www.webdo.tn\/fr\/wp-json\/wp\/v2\/media?parent=172284"}],"wp:term":[{"taxonomy":"category","embeddable":true,"href":"https:\/\/www.webdo.tn\/fr\/wp-json\/wp\/v2\/categories?post=172284"},{"taxonomy":"post_tag","embeddable":true,"href":"https:\/\/www.webdo.tn\/fr\/wp-json\/wp\/v2\/tags?post=172284"}],"curies":[{"name":"wp","href":"https:\/\/api.w.org\/{rel}","templated":true}]}}