{"id":172283,"date":"2012-01-19T19:55:00","date_gmt":"2012-01-19T19:55:00","guid":{"rendered":"https:\/\/www.webdo.tn\/fr\/blog\/contagion-de-la-grogne-sociale-hamadi-jebali-saura-t-il-sadresser-aux-tunisiens\/172283\/"},"modified":"2012-01-19T19:55:00","modified_gmt":"2012-01-19T19:55:00","slug":"contagion-de-la-grogne-sociale-hamadi-jebali-saura-t-il-sadresser-aux-tunisiens","status":"publish","type":"post","link":"https:\/\/www.webdo.tn\/fr\/actualite\/national\/contagion-de-la-grogne-sociale-hamadi-jebali-saura-t-il-sadresser-aux-tunisiens\/172283\/","title":{"rendered":"Contagion de la grogne sociale\u00a0: Hamadi Jebali saura-t-il s&rsquo;adresser aux Tunisiens\u00a0?"},"content":{"rendered":"<p>Le gouvernement issu des \u00e9lections d\u00e9mocratiques du 23 octobre conna\u00eet une entame de prise de pouvoirs \u00e9minemment critique. Il ne s\u2019est pas \u00e9coul\u00e9 un mois que l\u2019\u00e9quipe gouvernementale se trouve heurt\u00e9e aux pires difficult\u00e9s engendr\u00e9es par la ph\u00e9nom\u00e9nale culture du sit-in et de la contestation.<\/p>\n<p>L\u2019ampleur de cette forte agitation sociale, toute compr\u00e9hensible qu\u2019elle puisse \u00eatre ne manque pas de susciter des interrogations sur la volont\u00e9 de mettre les b\u00e2tons dans les roues du gouvernement de la part de forces occultes hostiles \u00e0 la tro\u00efka, et pr\u00eates \u00e0 en d\u00e9coudre jusqu\u2019\u00e0 la faire tomber. \u00c0 cet \u00e9gard, Samir Dilou, le porte-parole du Gouvernement Jebali, n\u2019a pas tort de rappeler que g\u00e9n\u00e9ralement les gouvernements fraichement \u00e9lus b\u00e9n\u00e9ficient d\u2019un d\u00e9lai de gr\u00e2ce sauf en Tunisie. Ce qui le conduit \u00e0 invoquer une regrettable intention de sabotage qui nuise en d\u00e9finitive \u00e0 l\u2019ensemble de la population. Il souligne au passage le fait que toute l\u2019\u00e9quipe gouvernementale est au fait de ces revendications qui pour \u00eatre l\u00e9gitimes n\u2019en sont pas moins inacceptables lorsqu\u2019elles s\u2019accompagnent de violence.<\/p>\n<p>Un rapide survol de la situation g\u00e9n\u00e9rale donne en effet l\u2019impression que tout le pays est en \u00e9bullition. Du nord au sud en passant par les r\u00e9gions connues pour \u00eatre dociles (comme celle de Kairouan), c\u2019est la m\u00eame chanson et le m\u00eame son de cloche qu\u2019on entend : sit-in, gr\u00e8ve, rassemblement, blocage\u2026 Voil\u00e0 ce \u00e0 quoi se d\u00e9cline la quotidiennet\u00e9 de la Tunisie depuis quelques jours, marqu\u00e9e par une escalade dont personne ne voit l\u2019issue. Pour preuve, voici un petit \u00e9chantillon de la grogne rampante qui gagne toute la province : \u00e0 Gafsa, un groupe de jeunes au ch\u00f4mage bloque la route de Gafsa \u00e0 Gab\u00e8s et entrave l\u2019acheminement du phosphate ; \u00e0 Jendouba, des \u00e9l\u00e8ves ont d\u00e9cid\u00e9 de faire gr\u00e8ve en signe de contestation pour le manque d\u2019eau dans leur \u00e9tablissement ; \u00e0 Nefza, le mouvement des sit-ineurs s\u2019est endurci bloquant toutes les issues d\u2019entr\u00e9e dans la ville ; \u00e0 Sidi Bouzid, les professeurs ont suspendu les cours et revendiquent plus de s\u00e9curit\u00e9 \u00e0 la suite des agressions dont ils ont fait l\u2019objet par certains \u00e9l\u00e8ves\u2026 \u00c0 cela s\u2019ajoutent d\u2019autres affaires : celle du fr\u00e8re du ministre de la Justice, Noureddine Bhiri, qui vient d\u2019\u00eatre graci\u00e9 provoquant dans la foul\u00e9e un vif \u00e9moi, puisqu\u2019il serait accus\u00e9 de p\u00e9dophilie ; celle aussi de l\u2019ancien directeur des brigades d\u2019intervention, Moncef La\u00e2jimi. D\u2019abord suspendu de ses fonctions, ce denier vient de faire l\u2019objet d\u2019un mandat d\u2019amener \u00e9mis par le tribunal du Kef dans l\u2019affaire des tueries de Thala et Kasserine. Mais peut-\u00eatre l\u2019affaire la plus odieuse qui a suscit\u00e9 l\u2019indignation de tous sur la Toile est-elle celle touchant \u00e0 l\u2019actuel ministre de l\u2019Int\u00e9rieur. La diffusion d\u2019une vieille vid\u00e9o datant des ann\u00e9es 90 l\u2019exhibant avec un autre prisonnier dans des positions intimes s\u2019inscrit sans aucun doute dans cette volont\u00e9 \u00e9hont\u00e9e de d\u00e9stabiliser Ali La\u00e2rayedh. Y aurait-il un lien de cause \u00e0 effet entre la diffusion de la scandaleuse vid\u00e9o et le sort r\u00e9serv\u00e9 \u00e0 Moncef La\u00e2jimi. ? Rien n\u2019est moins s\u00fbr.<\/p>\n<p>Ce qui est certain en tout cas c\u2019est que devant cette escalade d\u2019affaires et de contagion des manifestations tous azimuts, le Gouvernement Jebali semble dans l\u2019incapacit\u00e9 de r\u00e9pliquer, de sortir de sa r\u00e9serve pour mettre un point d\u2019honneur \u00e0 r\u00e9sorber la crise sous peine d\u2019aller au-devant d\u2019une situation explosive aux cons\u00e9quences impr\u00e9visibles. Du charisme, de l\u2019envergure, de l\u2019autorit\u00e9, mais aussi de la fermet\u00e9, ce sont l\u00e0 les exigences aujourd\u2019hui de l\u2019homme politique aux commandes, \u00e0 m\u00eame de ramener le calme et de rass\u00e9r\u00e9ner une population gagn\u00e9e par une sinistrose. Faute de m\u00e9diateur que le Gouvernement se doit d\u2019engager pour trouver des solutions idoines \u00e0 la crise, les responsables aux affaires se trouvent dans la n\u00e9cessit\u00e9 imp\u00e9rieuse d\u2019intervenir et de s\u2019adresser \u00e0 la population min\u00e9e par un moral en berne. On se rappelle que dans de telles circonstances, B\u00e9ji Ca\u00efd Esebssi, en d\u00e9pit de ses petits d\u00e9rapages, a su convaincre par la pertinence de ses interventions les Tunisiens et leur redonner confiance.<\/p>\n","protected":false},"excerpt":{"rendered":"<p>Contagion de la grogne sociale\u00a0: Hamadi Jebali saura-t-il s&rsquo;adresser aux Tunisiens\u00a0?<\/p>\n","protected":false},"author":3222,"featured_media":333818,"comment_status":"open","ping_status":"closed","sticky":false,"template":"","format":"standard","meta":{"footnotes":""},"categories":[44],"tags":[2600],"class_list":["post-172283","post","type-post","status-publish","format-standard","has-post-thumbnail","hentry","category-national","tag-guerre"],"yoast_head":"<!-- This site is optimized with the Yoast SEO Premium plugin v27.5 (Yoast SEO v27.5) - https:\/\/yoast.com\/product\/yoast-seo-premium-wordpress\/ -->\n<title>Contagion de la grogne sociale\u00a0: Hamadi Jebali saura-t-il s&#039;adresser aux Tunisiens\u00a0?<\/title>\n<meta name=\"description\" content=\"Contagion de la grogne sociale\u00a0: Hamadi Jebali saura-t-il s&#039;adresser aux Tunisiens\u00a0?\" \/>\n<link rel=\"canonical\" href=\"https:\/\/www.webdo.tn\/fr\/actualite\/national-45\/contagion-de-la-grogne-sociale-hamadi-jebali-saura-t-il-sadresser-aux-tunisiens\/172283\/\" \/>\n<meta property=\"og:locale\" content=\"fr_FR\" \/>\n<meta property=\"og:type\" content=\"article\" \/>\n<meta property=\"og:title\" content=\"Contagion de la grogne sociale\u00a0: Hamadi Jebali saura-t-il s&#039;adresser aux Tunisiens\u00a0?\" \/>\n<meta property=\"og:description\" content=\"Contagion de la grogne sociale\u00a0: Hamadi Jebali saura-t-il s&#039;adresser aux Tunisiens\u00a0?\" \/>\n<meta property=\"og:url\" content=\"https:\/\/www.webdo.tn\/fr\/actualite\/national-45\/contagion-de-la-grogne-sociale-hamadi-jebali-saura-t-il-sadresser-aux-tunisiens\/172283\/\" \/>\n<meta property=\"og:site_name\" content=\"webdo\" \/>\n<meta property=\"article:publisher\" content=\"https:\/\/www.facebook.com\/webdotn\" \/>\n<meta property=\"article:published_time\" content=\"2012-01-19T19:55:00+00:00\" \/>\n<meta property=\"og:image\" content=\"https:\/\/www.webdo.tn\/fr\/wp-content\/uploads\/2012\/01\/Hamadi-Jebali.jpg\" \/>\n\t<meta property=\"og:image:width\" content=\"280\" \/>\n\t<meta property=\"og:image:height\" content=\"209\" \/>\n\t<meta property=\"og:image:type\" content=\"image\/jpeg\" \/>\n<meta name=\"author\" content=\"webdo.tn\" \/>\n<meta name=\"twitter:card\" content=\"summary_large_image\" \/>\n<meta name=\"twitter:creator\" content=\"@webdo_tn\" \/>\n<meta name=\"twitter:site\" content=\"@webdo_tn\" \/>\n<meta name=\"twitter:label1\" content=\"\u00c9crit par\" \/>\n\t<meta name=\"twitter:data1\" content=\"webdo.tn\" \/>\n\t<meta name=\"twitter:label2\" content=\"Dur\u00e9e de lecture estim\u00e9e\" \/>\n\t<meta name=\"twitter:data2\" content=\"4 minutes\" \/>\n<script type=\"application\/ld+json\" class=\"yoast-schema-graph\">{\"@context\":\"https:\\\/\\\/schema.org\",\"@graph\":[{\"@type\":\"NewsArticle\",\"@id\":\"https:\\\/\\\/www.webdo.tn\\\/fr\\\/actualite\\\/national-45\\\/contagion-de-la-grogne-sociale-hamadi-jebali-saura-t-il-sadresser-aux-tunisiens\\\/172283\\\/#article\",\"isPartOf\":{\"@id\":\"https:\\\/\\\/www.webdo.tn\\\/fr\\\/actualite\\\/national-45\\\/contagion-de-la-grogne-sociale-hamadi-jebali-saura-t-il-sadresser-aux-tunisiens\\\/172283\\\/\"},\"author\":{\"name\":\"webdo.tn\",\"@id\":\"https:\\\/\\\/www.webdo.tn\\\/fr\\\/#\\\/schema\\\/person\\\/9a9c6118d687c117df8ef3cc36a4d175\"},\"headline\":\"Contagion de la grogne sociale\u00a0: Hamadi Jebali saura-t-il s&rsquo;adresser aux Tunisiens\u00a0?\",\"datePublished\":\"2012-01-19T19:55:00+00:00\",\"mainEntityOfPage\":{\"@id\":\"https:\\\/\\\/www.webdo.tn\\\/fr\\\/actualite\\\/national-45\\\/contagion-de-la-grogne-sociale-hamadi-jebali-saura-t-il-sadresser-aux-tunisiens\\\/172283\\\/\"},\"wordCount\":763,\"commentCount\":0,\"publisher\":{\"@id\":\"https:\\\/\\\/www.webdo.tn\\\/fr\\\/#organization\"},\"image\":{\"@id\":\"https:\\\/\\\/www.webdo.tn\\\/fr\\\/actualite\\\/national-45\\\/contagion-de-la-grogne-sociale-hamadi-jebali-saura-t-il-sadresser-aux-tunisiens\\\/172283\\\/#primaryimage\"},\"thumbnailUrl\":\"https:\\\/\\\/www.webdo.tn\\\/fr\\\/wp-content\\\/uploads\\\/2012\\\/01\\\/Hamadi-Jebali.jpg\",\"keywords\":[\"guerre\"],\"articleSection\":[\"National\"],\"inLanguage\":\"fr-FR\"},{\"@type\":\"WebPage\",\"@id\":\"https:\\\/\\\/www.webdo.tn\\\/fr\\\/actualite\\\/national-45\\\/contagion-de-la-grogne-sociale-hamadi-jebali-saura-t-il-sadresser-aux-tunisiens\\\/172283\\\/\",\"url\":\"https:\\\/\\\/www.webdo.tn\\\/fr\\\/actualite\\\/national-45\\\/contagion-de-la-grogne-sociale-hamadi-jebali-saura-t-il-sadresser-aux-tunisiens\\\/172283\\\/\",\"name\":\"Contagion de la grogne sociale\u00a0: Hamadi Jebali saura-t-il s'adresser aux Tunisiens\u00a0?\",\"isPartOf\":{\"@id\":\"https:\\\/\\\/www.webdo.tn\\\/fr\\\/#website\"},\"primaryImageOfPage\":{\"@id\":\"https:\\\/\\\/www.webdo.tn\\\/fr\\\/actualite\\\/national-45\\\/contagion-de-la-grogne-sociale-hamadi-jebali-saura-t-il-sadresser-aux-tunisiens\\\/172283\\\/#primaryimage\"},\"image\":{\"@id\":\"https:\\\/\\\/www.webdo.tn\\\/fr\\\/actualite\\\/national-45\\\/contagion-de-la-grogne-sociale-hamadi-jebali-saura-t-il-sadresser-aux-tunisiens\\\/172283\\\/#primaryimage\"},\"thumbnailUrl\":\"https:\\\/\\\/www.webdo.tn\\\/fr\\\/wp-content\\\/uploads\\\/2012\\\/01\\\/Hamadi-Jebali.jpg\",\"datePublished\":\"2012-01-19T19:55:00+00:00\",\"description\":\"Contagion de la grogne sociale\u00a0: Hamadi Jebali saura-t-il s'adresser aux Tunisiens\u00a0?\",\"breadcrumb\":{\"@id\":\"https:\\\/\\\/www.webdo.tn\\\/fr\\\/actualite\\\/national-45\\\/contagion-de-la-grogne-sociale-hamadi-jebali-saura-t-il-sadresser-aux-tunisiens\\\/172283\\\/#breadcrumb\"},\"inLanguage\":\"fr-FR\",\"potentialAction\":[{\"@type\":\"ReadAction\",\"target\":[\"https:\\\/\\\/www.webdo.tn\\\/fr\\\/actualite\\\/national-45\\\/contagion-de-la-grogne-sociale-hamadi-jebali-saura-t-il-sadresser-aux-tunisiens\\\/172283\\\/\"]}]},{\"@type\":\"ImageObject\",\"inLanguage\":\"fr-FR\",\"@id\":\"https:\\\/\\\/www.webdo.tn\\\/fr\\\/actualite\\\/national-45\\\/contagion-de-la-grogne-sociale-hamadi-jebali-saura-t-il-sadresser-aux-tunisiens\\\/172283\\\/#primaryimage\",\"url\":\"https:\\\/\\\/www.webdo.tn\\\/fr\\\/wp-content\\\/uploads\\\/2012\\\/01\\\/Hamadi-Jebali.jpg\",\"contentUrl\":\"https:\\\/\\\/www.webdo.tn\\\/fr\\\/wp-content\\\/uploads\\\/2012\\\/01\\\/Hamadi-Jebali.jpg\",\"width\":280,\"height\":209,\"caption\":\"Contagion de la grogne sociale\u00a0: Hamadi Jebali saura-t-il s'adresser aux Tunisiens\u00a0?\"},{\"@type\":\"BreadcrumbList\",\"@id\":\"https:\\\/\\\/www.webdo.tn\\\/fr\\\/actualite\\\/national-45\\\/contagion-de-la-grogne-sociale-hamadi-jebali-saura-t-il-sadresser-aux-tunisiens\\\/172283\\\/#breadcrumb\",\"itemListElement\":[{\"@type\":\"ListItem\",\"position\":1,\"name\":\"Accueil\",\"item\":\"https:\\\/\\\/www.webdo.tn\\\/fr\\\/\"},{\"@type\":\"ListItem\",\"position\":2,\"name\":\"Contagion de la grogne sociale\u00a0: Hamadi Jebali saura-t-il s&rsquo;adresser aux Tunisiens\u00a0?\"}]},{\"@type\":\"WebSite\",\"@id\":\"https:\\\/\\\/www.webdo.tn\\\/fr\\\/#website\",\"url\":\"https:\\\/\\\/www.webdo.tn\\\/fr\\\/\",\"name\":\"webdo\",\"description\":\"Tunisie - News en Tunisie et \u00e0 l&#039;international sur Webdo.tn\",\"publisher\":{\"@id\":\"https:\\\/\\\/www.webdo.tn\\\/fr\\\/#organization\"},\"potentialAction\":[{\"@type\":\"SearchAction\",\"target\":{\"@type\":\"EntryPoint\",\"urlTemplate\":\"https:\\\/\\\/www.webdo.tn\\\/fr\\\/?s={search_term_string}\"},\"query-input\":{\"@type\":\"PropertyValueSpecification\",\"valueRequired\":true,\"valueName\":\"search_term_string\"}}],\"inLanguage\":\"fr-FR\"},{\"@type\":\"Organization\",\"@id\":\"https:\\\/\\\/www.webdo.tn\\\/fr\\\/#organization\",\"name\":\"Webdo\",\"alternateName\":\"Webdo.tn\",\"url\":\"https:\\\/\\\/www.webdo.tn\\\/fr\\\/\",\"logo\":{\"@type\":\"ImageObject\",\"inLanguage\":\"fr-FR\",\"@id\":\"https:\\\/\\\/www.webdo.tn\\\/fr\\\/#\\\/schema\\\/logo\\\/image\\\/\",\"url\":\"https:\\\/\\\/www.webdo.tn\\\/fr\\\/wp-content\\\/uploads\\\/2025\\\/06\\\/Webdo-Tunisie_168377.jpg\",\"contentUrl\":\"https:\\\/\\\/www.webdo.tn\\\/fr\\\/wp-content\\\/uploads\\\/2025\\\/06\\\/Webdo-Tunisie_168377.jpg\",\"width\":301,\"height\":301,\"caption\":\"Webdo\"},\"image\":{\"@id\":\"https:\\\/\\\/www.webdo.tn\\\/fr\\\/#\\\/schema\\\/logo\\\/image\\\/\"},\"sameAs\":[\"https:\\\/\\\/www.facebook.com\\\/webdotn\",\"https:\\\/\\\/x.com\\\/webdo_tn\"],\"description\":\"Webdo est un m\u00e9dia num\u00e9rique tunisien fond\u00e9 en 2010, sp\u00e9cialis\u00e9 dans l\u2019actualit\u00e9 nationale et internationale, l\u2019\u00e9conomie, la soci\u00e9t\u00e9 et les analyses politiques. Le site s\u2019adresse \u00e0 un large public francophone et couvre l\u2019information tunisienne en temps r\u00e9el.\",\"email\":\"redac@webdo.tn\",\"legalName\":\"YNJ SARL\",\"foundingDate\":\"2010-09-06\",\"numberOfEmployees\":{\"@type\":\"QuantitativeValue\",\"minValue\":\"11\",\"maxValue\":\"50\"}},{\"@type\":\"Person\",\"@id\":\"https:\\\/\\\/www.webdo.tn\\\/fr\\\/#\\\/schema\\\/person\\\/9a9c6118d687c117df8ef3cc36a4d175\",\"name\":\"webdo.tn\",\"image\":{\"@type\":\"ImageObject\",\"inLanguage\":\"fr-FR\",\"@id\":\"https:\\\/\\\/secure.gravatar.com\\\/avatar\\\/7ce1f28c0c3bbac99ff550b85ef8e44a6950c6ee24514fb6a5489e51d06f0298?s=96&d=mm&r=g\",\"url\":\"https:\\\/\\\/secure.gravatar.com\\\/avatar\\\/7ce1f28c0c3bbac99ff550b85ef8e44a6950c6ee24514fb6a5489e51d06f0298?s=96&d=mm&r=g\",\"contentUrl\":\"https:\\\/\\\/secure.gravatar.com\\\/avatar\\\/7ce1f28c0c3bbac99ff550b85ef8e44a6950c6ee24514fb6a5489e51d06f0298?s=96&d=mm&r=g\",\"caption\":\"webdo.tn\"},\"url\":\"https:\\\/\\\/www.webdo.tn\\\/fr\\\/actualite\\\/author\\\/webdotn\\\/\"}]}<\/script>\n<!-- \/ Yoast SEO Premium plugin. -->","yoast_head_json":{"title":"Contagion de la grogne sociale\u00a0: Hamadi Jebali saura-t-il s'adresser aux Tunisiens\u00a0?","description":"Contagion de la grogne sociale\u00a0: Hamadi Jebali saura-t-il s'adresser aux Tunisiens\u00a0?","canonical":"https:\/\/www.webdo.tn\/fr\/actualite\/national-45\/contagion-de-la-grogne-sociale-hamadi-jebali-saura-t-il-sadresser-aux-tunisiens\/172283\/","og_locale":"fr_FR","og_type":"article","og_title":"Contagion de la grogne sociale\u00a0: Hamadi Jebali saura-t-il s'adresser aux Tunisiens\u00a0?","og_description":"Contagion de la grogne sociale\u00a0: Hamadi Jebali saura-t-il s'adresser aux Tunisiens\u00a0?","og_url":"https:\/\/www.webdo.tn\/fr\/actualite\/national-45\/contagion-de-la-grogne-sociale-hamadi-jebali-saura-t-il-sadresser-aux-tunisiens\/172283\/","og_site_name":"webdo","article_publisher":"https:\/\/www.facebook.com\/webdotn","article_published_time":"2012-01-19T19:55:00+00:00","og_image":[{"width":280,"height":209,"url":"https:\/\/www.webdo.tn\/fr\/wp-content\/uploads\/2012\/01\/Hamadi-Jebali.jpg","type":"image\/jpeg"}],"author":"webdo.tn","twitter_card":"summary_large_image","twitter_creator":"@webdo_tn","twitter_site":"@webdo_tn","twitter_misc":{"\u00c9crit par":"webdo.tn","Dur\u00e9e de lecture estim\u00e9e":"4 minutes"},"schema":{"@context":"https:\/\/schema.org","@graph":[{"@type":"NewsArticle","@id":"https:\/\/www.webdo.tn\/fr\/actualite\/national-45\/contagion-de-la-grogne-sociale-hamadi-jebali-saura-t-il-sadresser-aux-tunisiens\/172283\/#article","isPartOf":{"@id":"https:\/\/www.webdo.tn\/fr\/actualite\/national-45\/contagion-de-la-grogne-sociale-hamadi-jebali-saura-t-il-sadresser-aux-tunisiens\/172283\/"},"author":{"name":"webdo.tn","@id":"https:\/\/www.webdo.tn\/fr\/#\/schema\/person\/9a9c6118d687c117df8ef3cc36a4d175"},"headline":"Contagion de la grogne sociale\u00a0: Hamadi Jebali saura-t-il s&rsquo;adresser aux Tunisiens\u00a0?","datePublished":"2012-01-19T19:55:00+00:00","mainEntityOfPage":{"@id":"https:\/\/www.webdo.tn\/fr\/actualite\/national-45\/contagion-de-la-grogne-sociale-hamadi-jebali-saura-t-il-sadresser-aux-tunisiens\/172283\/"},"wordCount":763,"commentCount":0,"publisher":{"@id":"https:\/\/www.webdo.tn\/fr\/#organization"},"image":{"@id":"https:\/\/www.webdo.tn\/fr\/actualite\/national-45\/contagion-de-la-grogne-sociale-hamadi-jebali-saura-t-il-sadresser-aux-tunisiens\/172283\/#primaryimage"},"thumbnailUrl":"https:\/\/www.webdo.tn\/fr\/wp-content\/uploads\/2012\/01\/Hamadi-Jebali.jpg","keywords":["guerre"],"articleSection":["National"],"inLanguage":"fr-FR"},{"@type":"WebPage","@id":"https:\/\/www.webdo.tn\/fr\/actualite\/national-45\/contagion-de-la-grogne-sociale-hamadi-jebali-saura-t-il-sadresser-aux-tunisiens\/172283\/","url":"https:\/\/www.webdo.tn\/fr\/actualite\/national-45\/contagion-de-la-grogne-sociale-hamadi-jebali-saura-t-il-sadresser-aux-tunisiens\/172283\/","name":"Contagion de la grogne sociale\u00a0: Hamadi Jebali saura-t-il s'adresser aux Tunisiens\u00a0?","isPartOf":{"@id":"https:\/\/www.webdo.tn\/fr\/#website"},"primaryImageOfPage":{"@id":"https:\/\/www.webdo.tn\/fr\/actualite\/national-45\/contagion-de-la-grogne-sociale-hamadi-jebali-saura-t-il-sadresser-aux-tunisiens\/172283\/#primaryimage"},"image":{"@id":"https:\/\/www.webdo.tn\/fr\/actualite\/national-45\/contagion-de-la-grogne-sociale-hamadi-jebali-saura-t-il-sadresser-aux-tunisiens\/172283\/#primaryimage"},"thumbnailUrl":"https:\/\/www.webdo.tn\/fr\/wp-content\/uploads\/2012\/01\/Hamadi-Jebali.jpg","datePublished":"2012-01-19T19:55:00+00:00","description":"Contagion de la grogne sociale\u00a0: Hamadi Jebali saura-t-il s'adresser aux Tunisiens\u00a0?","breadcrumb":{"@id":"https:\/\/www.webdo.tn\/fr\/actualite\/national-45\/contagion-de-la-grogne-sociale-hamadi-jebali-saura-t-il-sadresser-aux-tunisiens\/172283\/#breadcrumb"},"inLanguage":"fr-FR","potentialAction":[{"@type":"ReadAction","target":["https:\/\/www.webdo.tn\/fr\/actualite\/national-45\/contagion-de-la-grogne-sociale-hamadi-jebali-saura-t-il-sadresser-aux-tunisiens\/172283\/"]}]},{"@type":"ImageObject","inLanguage":"fr-FR","@id":"https:\/\/www.webdo.tn\/fr\/actualite\/national-45\/contagion-de-la-grogne-sociale-hamadi-jebali-saura-t-il-sadresser-aux-tunisiens\/172283\/#primaryimage","url":"https:\/\/www.webdo.tn\/fr\/wp-content\/uploads\/2012\/01\/Hamadi-Jebali.jpg","contentUrl":"https:\/\/www.webdo.tn\/fr\/wp-content\/uploads\/2012\/01\/Hamadi-Jebali.jpg","width":280,"height":209,"caption":"Contagion de la grogne sociale\u00a0: Hamadi Jebali saura-t-il s'adresser aux Tunisiens\u00a0?"},{"@type":"BreadcrumbList","@id":"https:\/\/www.webdo.tn\/fr\/actualite\/national-45\/contagion-de-la-grogne-sociale-hamadi-jebali-saura-t-il-sadresser-aux-tunisiens\/172283\/#breadcrumb","itemListElement":[{"@type":"ListItem","position":1,"name":"Accueil","item":"https:\/\/www.webdo.tn\/fr\/"},{"@type":"ListItem","position":2,"name":"Contagion de la grogne sociale\u00a0: Hamadi Jebali saura-t-il s&rsquo;adresser aux Tunisiens\u00a0?"}]},{"@type":"WebSite","@id":"https:\/\/www.webdo.tn\/fr\/#website","url":"https:\/\/www.webdo.tn\/fr\/","name":"webdo","description":"Tunisie - News en Tunisie et \u00e0 l&#039;international sur Webdo.tn","publisher":{"@id":"https:\/\/www.webdo.tn\/fr\/#organization"},"potentialAction":[{"@type":"SearchAction","target":{"@type":"EntryPoint","urlTemplate":"https:\/\/www.webdo.tn\/fr\/?s={search_term_string}"},"query-input":{"@type":"PropertyValueSpecification","valueRequired":true,"valueName":"search_term_string"}}],"inLanguage":"fr-FR"},{"@type":"Organization","@id":"https:\/\/www.webdo.tn\/fr\/#organization","name":"Webdo","alternateName":"Webdo.tn","url":"https:\/\/www.webdo.tn\/fr\/","logo":{"@type":"ImageObject","inLanguage":"fr-FR","@id":"https:\/\/www.webdo.tn\/fr\/#\/schema\/logo\/image\/","url":"https:\/\/www.webdo.tn\/fr\/wp-content\/uploads\/2025\/06\/Webdo-Tunisie_168377.jpg","contentUrl":"https:\/\/www.webdo.tn\/fr\/wp-content\/uploads\/2025\/06\/Webdo-Tunisie_168377.jpg","width":301,"height":301,"caption":"Webdo"},"image":{"@id":"https:\/\/www.webdo.tn\/fr\/#\/schema\/logo\/image\/"},"sameAs":["https:\/\/www.facebook.com\/webdotn","https:\/\/x.com\/webdo_tn"],"description":"Webdo est un m\u00e9dia num\u00e9rique tunisien fond\u00e9 en 2010, sp\u00e9cialis\u00e9 dans l\u2019actualit\u00e9 nationale et internationale, l\u2019\u00e9conomie, la soci\u00e9t\u00e9 et les analyses politiques. Le site s\u2019adresse \u00e0 un large public francophone et couvre l\u2019information tunisienne en temps r\u00e9el.","email":"redac@webdo.tn","legalName":"YNJ SARL","foundingDate":"2010-09-06","numberOfEmployees":{"@type":"QuantitativeValue","minValue":"11","maxValue":"50"}},{"@type":"Person","@id":"https:\/\/www.webdo.tn\/fr\/#\/schema\/person\/9a9c6118d687c117df8ef3cc36a4d175","name":"webdo.tn","image":{"@type":"ImageObject","inLanguage":"fr-FR","@id":"https:\/\/secure.gravatar.com\/avatar\/7ce1f28c0c3bbac99ff550b85ef8e44a6950c6ee24514fb6a5489e51d06f0298?s=96&d=mm&r=g","url":"https:\/\/secure.gravatar.com\/avatar\/7ce1f28c0c3bbac99ff550b85ef8e44a6950c6ee24514fb6a5489e51d06f0298?s=96&d=mm&r=g","contentUrl":"https:\/\/secure.gravatar.com\/avatar\/7ce1f28c0c3bbac99ff550b85ef8e44a6950c6ee24514fb6a5489e51d06f0298?s=96&d=mm&r=g","caption":"webdo.tn"},"url":"https:\/\/www.webdo.tn\/fr\/actualite\/author\/webdotn\/"}]}},"_links":{"self":[{"href":"https:\/\/www.webdo.tn\/fr\/wp-json\/wp\/v2\/posts\/172283","targetHints":{"allow":["GET"]}}],"collection":[{"href":"https:\/\/www.webdo.tn\/fr\/wp-json\/wp\/v2\/posts"}],"about":[{"href":"https:\/\/www.webdo.tn\/fr\/wp-json\/wp\/v2\/types\/post"}],"author":[{"embeddable":true,"href":"https:\/\/www.webdo.tn\/fr\/wp-json\/wp\/v2\/users\/3222"}],"replies":[{"embeddable":true,"href":"https:\/\/www.webdo.tn\/fr\/wp-json\/wp\/v2\/comments?post=172283"}],"version-history":[{"count":0,"href":"https:\/\/www.webdo.tn\/fr\/wp-json\/wp\/v2\/posts\/172283\/revisions"}],"wp:featuredmedia":[{"embeddable":true,"href":"https:\/\/www.webdo.tn\/fr\/wp-json\/wp\/v2\/media\/333818"}],"wp:attachment":[{"href":"https:\/\/www.webdo.tn\/fr\/wp-json\/wp\/v2\/media?parent=172283"}],"wp:term":[{"taxonomy":"category","embeddable":true,"href":"https:\/\/www.webdo.tn\/fr\/wp-json\/wp\/v2\/categories?post=172283"},{"taxonomy":"post_tag","embeddable":true,"href":"https:\/\/www.webdo.tn\/fr\/wp-json\/wp\/v2\/tags?post=172283"}],"curies":[{"name":"wp","href":"https:\/\/api.w.org\/{rel}","templated":true}]}}