{"id":172282,"date":"2012-01-20T12:07:00","date_gmt":"2012-01-20T12:07:00","guid":{"rendered":"https:\/\/www.webdo.tn\/fr\/blog\/larticle-98-mal-entendu-des-deputes-d-ennahdha\/172282\/"},"modified":"2012-01-20T12:07:00","modified_gmt":"2012-01-20T12:07:00","slug":"larticle-98-mal-entendu-des-deputes-d-ennahdha","status":"publish","type":"post","link":"https:\/\/www.webdo.tn\/fr\/actualite\/national\/larticle-98-mal-entendu-des-deputes-d-ennahdha\/172282\/","title":{"rendered":"L\u2019article 98, \u00abmal entendu\u00bb des d\u00e9put\u00e9s d\u2019Ennahdha?"},"content":{"rendered":"<p>Hier soir, un coup de th\u00e9\u00e2tre s&rsquo;est produit \u00e0 l&rsquo;Assembl\u00e9e Constituante quand les \u00e9lus d&rsquo;Ennahdha ont quitt\u00e9 soudainement la s\u00e9ance, obligeant ainsi le Pr\u00e9sident de l&rsquo;Assembl\u00e9e, Mustapha Ben Ja\u00e2far, \u00e0 la lever.<\/p>\n<p>Le litige a commenc\u00e9 avec le vote de l&rsquo;article 98, propos\u00e9 par Ameur La\u00e2ridh, pr\u00e9sident de la commission du r\u00e8glement int\u00e9rieur.<\/p>\n<p>Cet article, qui organisait la distribution de la parole au sein de la Constituante, a \u00e9t\u00e9 adopt\u00e9 dans sa version \u00ab\u00a0all\u00e9g\u00e9\u00a0\u00bb, apr\u00e8s avoir soumis au vote des membres de l&rsquo;Assembl\u00e9e.<\/p>\n<p>Or, quelques instants plus tard, les d\u00e9put\u00e9s d&rsquo;Ennahdha ont demand\u00e9 \u00e0 M. La\u00e2ridh de relire cet article, car ils n&rsquo;auraient, soi-disant, pas bien entendu au moment du vote. Ce qu\u2019il a refus\u00e9 de faire.<\/p>\n<p>C&rsquo;est ainsi que l&rsquo;ensemble des d\u00e9put\u00e9s d&rsquo;Ennahdha s\u2019est lev\u00e9, comme un seul homme, et a quitt\u00e9 les travaux de l&rsquo;Assembl\u00e9e, et ce, malgr\u00e9 l&rsquo;insistance de Ben Ja\u00e2far pour que ces d\u00e9put\u00e9s regagnent leur si\u00e8ge. Au micro de Mosa\u00efque FM ce matin, Habib Khedher, \u00e9lu d&rsquo;Ennahdha, a point\u00e9 du doigt un certain manque de respect de la part des autres d\u00e9put\u00e9s, qui ont \u00abprovoqu\u00e9\u00bb ceux d\u2019Ennahdha, et la passivit\u00e9 du pr\u00e9sident de l\u2019AC qui n&rsquo;a rien fait pour apaiser la tension.<\/p>\n<p>La question que se posent plusieurs internautes apr\u00e8s les \u00e9v\u00e9nements d&rsquo;hier soir est comment les d\u00e9put\u00e9s d&rsquo;Ennahdha ont vot\u00e9 pour un article dont ils n&rsquo;ont pas tr\u00e8s bien entendu le texte (selon les dires des d\u00e9putes) ? Ces internautes accusent les d\u00e9put\u00e9s d&rsquo;Ennahdha d&rsquo;avoir des consignes claires sur la position \u00e0 avoir pour chacun des articles. Pour l&rsquo;article 98, pensant s&rsquo;\u00eatre tromp\u00e9s, ils ont demand\u00e9 \u00e0 le r\u00e9\u00e9couter, sous pr\u00e9texte qu&rsquo;il n&rsquo;a pas \u00e9t\u00e9 tr\u00e8s bien entendu. Par ailleurs, d&rsquo;autres pointent du doigt le retard que ne cessent d&rsquo;accumuler les travaux de l&rsquo;AC avec ce genre de comportements (quitter les s\u00e9ances).<\/p>\n","protected":false},"excerpt":{"rendered":"<p>L\u2019article 98, \u00abmal entendu\u00bb des d\u00e9put\u00e9s d\u2019Ennahdha?<\/p>\n","protected":false},"author":3222,"featured_media":374543,"comment_status":"open","ping_status":"closed","sticky":false,"template":"","format":"standard","meta":{"footnotes":""},"categories":[44],"tags":[2600],"class_list":["post-172282","post","type-post","status-publish","format-standard","has-post-thumbnail","hentry","category-national","tag-guerre"],"yoast_head":"<!-- This site is optimized with the Yoast SEO Premium plugin v27.5 (Yoast SEO v27.5) - https:\/\/yoast.com\/product\/yoast-seo-premium-wordpress\/ -->\n<title>L\u2019article 98, \u00abmal entendu\u00bb des d\u00e9put\u00e9s d\u2019Ennahdha?<\/title>\n<meta name=\"description\" content=\"L\u2019article 98, \u00abmal entendu\u00bb des d\u00e9put\u00e9s d\u2019Ennahdha?\" \/>\n<link rel=\"canonical\" href=\"https:\/\/www.webdo.tn\/fr\/actualite\/national-45\/larticle-98-mal-entendu-des-deputes-d-ennahdha\/172282\/\" \/>\n<meta property=\"og:locale\" content=\"fr_FR\" \/>\n<meta property=\"og:type\" content=\"article\" \/>\n<meta property=\"og:title\" content=\"L\u2019article 98, \u00abmal entendu\u00bb des d\u00e9put\u00e9s d\u2019Ennahdha?\" \/>\n<meta property=\"og:description\" content=\"L\u2019article 98, \u00abmal entendu\u00bb des d\u00e9put\u00e9s d\u2019Ennahdha?\" \/>\n<meta property=\"og:url\" content=\"https:\/\/www.webdo.tn\/fr\/actualite\/national-45\/larticle-98-mal-entendu-des-deputes-d-ennahdha\/172282\/\" \/>\n<meta property=\"og:site_name\" content=\"webdo\" \/>\n<meta property=\"article:publisher\" content=\"https:\/\/www.facebook.com\/webdotn\" \/>\n<meta property=\"article:published_time\" content=\"2012-01-20T12:07:00+00:00\" \/>\n<meta name=\"author\" content=\"webdo.tn\" \/>\n<meta name=\"twitter:card\" content=\"summary_large_image\" \/>\n<meta name=\"twitter:creator\" content=\"@webdo_tn\" \/>\n<meta name=\"twitter:site\" content=\"@webdo_tn\" \/>\n<meta name=\"twitter:label1\" content=\"\u00c9crit par\" \/>\n\t<meta name=\"twitter:data1\" content=\"webdo.tn\" \/>\n\t<meta name=\"twitter:label2\" content=\"Dur\u00e9e de lecture estim\u00e9e\" \/>\n\t<meta name=\"twitter:data2\" content=\"2 minutes\" \/>\n<script type=\"application\/ld+json\" class=\"yoast-schema-graph\">{\"@context\":\"https:\\\/\\\/schema.org\",\"@graph\":[{\"@type\":\"NewsArticle\",\"@id\":\"https:\\\/\\\/www.webdo.tn\\\/fr\\\/actualite\\\/national-45\\\/larticle-98-mal-entendu-des-deputes-d-ennahdha\\\/172282\\\/#article\",\"isPartOf\":{\"@id\":\"https:\\\/\\\/www.webdo.tn\\\/fr\\\/actualite\\\/national-45\\\/larticle-98-mal-entendu-des-deputes-d-ennahdha\\\/172282\\\/\"},\"author\":{\"name\":\"webdo.tn\",\"@id\":\"https:\\\/\\\/www.webdo.tn\\\/fr\\\/#\\\/schema\\\/person\\\/9a9c6118d687c117df8ef3cc36a4d175\"},\"headline\":\"L\u2019article 98, \u00abmal entendu\u00bb des d\u00e9put\u00e9s d\u2019Ennahdha?\",\"datePublished\":\"2012-01-20T12:07:00+00:00\",\"mainEntityOfPage\":{\"@id\":\"https:\\\/\\\/www.webdo.tn\\\/fr\\\/actualite\\\/national-45\\\/larticle-98-mal-entendu-des-deputes-d-ennahdha\\\/172282\\\/\"},\"wordCount\":371,\"commentCount\":0,\"publisher\":{\"@id\":\"https:\\\/\\\/www.webdo.tn\\\/fr\\\/#organization\"},\"image\":{\"@id\":\"https:\\\/\\\/www.webdo.tn\\\/fr\\\/actualite\\\/national-45\\\/larticle-98-mal-entendu-des-deputes-d-ennahdha\\\/172282\\\/#primaryimage\"},\"thumbnailUrl\":\"https:\\\/\\\/www.webdo.tn\\\/fr\\\/wp-content\\\/uploads\\\/2025\\\/06\\\/Assemble-constituante-Tunisie-22-11-11-photo-cyberpresse.ca_1_172282.jpg\",\"keywords\":[\"guerre\"],\"articleSection\":[\"National\"],\"inLanguage\":\"fr-FR\"},{\"@type\":\"WebPage\",\"@id\":\"https:\\\/\\\/www.webdo.tn\\\/fr\\\/actualite\\\/national-45\\\/larticle-98-mal-entendu-des-deputes-d-ennahdha\\\/172282\\\/\",\"url\":\"https:\\\/\\\/www.webdo.tn\\\/fr\\\/actualite\\\/national-45\\\/larticle-98-mal-entendu-des-deputes-d-ennahdha\\\/172282\\\/\",\"name\":\"L\u2019article 98, \u00abmal entendu\u00bb des d\u00e9put\u00e9s d\u2019Ennahdha?\",\"isPartOf\":{\"@id\":\"https:\\\/\\\/www.webdo.tn\\\/fr\\\/#website\"},\"primaryImageOfPage\":{\"@id\":\"https:\\\/\\\/www.webdo.tn\\\/fr\\\/actualite\\\/national-45\\\/larticle-98-mal-entendu-des-deputes-d-ennahdha\\\/172282\\\/#primaryimage\"},\"image\":{\"@id\":\"https:\\\/\\\/www.webdo.tn\\\/fr\\\/actualite\\\/national-45\\\/larticle-98-mal-entendu-des-deputes-d-ennahdha\\\/172282\\\/#primaryimage\"},\"thumbnailUrl\":\"https:\\\/\\\/www.webdo.tn\\\/fr\\\/wp-content\\\/uploads\\\/2025\\\/06\\\/Assemble-constituante-Tunisie-22-11-11-photo-cyberpresse.ca_1_172282.jpg\",\"datePublished\":\"2012-01-20T12:07:00+00:00\",\"description\":\"L\u2019article 98, \u00abmal entendu\u00bb des d\u00e9put\u00e9s d\u2019Ennahdha?\",\"breadcrumb\":{\"@id\":\"https:\\\/\\\/www.webdo.tn\\\/fr\\\/actualite\\\/national-45\\\/larticle-98-mal-entendu-des-deputes-d-ennahdha\\\/172282\\\/#breadcrumb\"},\"inLanguage\":\"fr-FR\",\"potentialAction\":[{\"@type\":\"ReadAction\",\"target\":[\"https:\\\/\\\/www.webdo.tn\\\/fr\\\/actualite\\\/national-45\\\/larticle-98-mal-entendu-des-deputes-d-ennahdha\\\/172282\\\/\"]}]},{\"@type\":\"ImageObject\",\"inLanguage\":\"fr-FR\",\"@id\":\"https:\\\/\\\/www.webdo.tn\\\/fr\\\/actualite\\\/national-45\\\/larticle-98-mal-entendu-des-deputes-d-ennahdha\\\/172282\\\/#primaryimage\",\"url\":\"https:\\\/\\\/www.webdo.tn\\\/fr\\\/wp-content\\\/uploads\\\/2025\\\/06\\\/Assemble-constituante-Tunisie-22-11-11-photo-cyberpresse.ca_1_172282.jpg\",\"contentUrl\":\"https:\\\/\\\/www.webdo.tn\\\/fr\\\/wp-content\\\/uploads\\\/2025\\\/06\\\/Assemble-constituante-Tunisie-22-11-11-photo-cyberpresse.ca_1_172282.jpg\",\"width\":320,\"height\":290,\"caption\":\"L\u2019article 98, \u00abmal entendu\u00bb des d\u00e9put\u00e9s d\u2019Ennahdha?\"},{\"@type\":\"BreadcrumbList\",\"@id\":\"https:\\\/\\\/www.webdo.tn\\\/fr\\\/actualite\\\/national-45\\\/larticle-98-mal-entendu-des-deputes-d-ennahdha\\\/172282\\\/#breadcrumb\",\"itemListElement\":[{\"@type\":\"ListItem\",\"position\":1,\"name\":\"Accueil\",\"item\":\"https:\\\/\\\/www.webdo.tn\\\/fr\\\/\"},{\"@type\":\"ListItem\",\"position\":2,\"name\":\"L\u2019article 98, \u00abmal entendu\u00bb des d\u00e9put\u00e9s d\u2019Ennahdha?\"}]},{\"@type\":\"WebSite\",\"@id\":\"https:\\\/\\\/www.webdo.tn\\\/fr\\\/#website\",\"url\":\"https:\\\/\\\/www.webdo.tn\\\/fr\\\/\",\"name\":\"webdo\",\"description\":\"Tunisie - News en Tunisie et \u00e0 l&#039;international sur Webdo.tn\",\"publisher\":{\"@id\":\"https:\\\/\\\/www.webdo.tn\\\/fr\\\/#organization\"},\"potentialAction\":[{\"@type\":\"SearchAction\",\"target\":{\"@type\":\"EntryPoint\",\"urlTemplate\":\"https:\\\/\\\/www.webdo.tn\\\/fr\\\/?s={search_term_string}\"},\"query-input\":{\"@type\":\"PropertyValueSpecification\",\"valueRequired\":true,\"valueName\":\"search_term_string\"}}],\"inLanguage\":\"fr-FR\"},{\"@type\":\"Organization\",\"@id\":\"https:\\\/\\\/www.webdo.tn\\\/fr\\\/#organization\",\"name\":\"Webdo\",\"alternateName\":\"Webdo.tn\",\"url\":\"https:\\\/\\\/www.webdo.tn\\\/fr\\\/\",\"logo\":{\"@type\":\"ImageObject\",\"inLanguage\":\"fr-FR\",\"@id\":\"https:\\\/\\\/www.webdo.tn\\\/fr\\\/#\\\/schema\\\/logo\\\/image\\\/\",\"url\":\"https:\\\/\\\/www.webdo.tn\\\/fr\\\/wp-content\\\/uploads\\\/2025\\\/06\\\/Webdo-Tunisie_168377.jpg\",\"contentUrl\":\"https:\\\/\\\/www.webdo.tn\\\/fr\\\/wp-content\\\/uploads\\\/2025\\\/06\\\/Webdo-Tunisie_168377.jpg\",\"width\":301,\"height\":301,\"caption\":\"Webdo\"},\"image\":{\"@id\":\"https:\\\/\\\/www.webdo.tn\\\/fr\\\/#\\\/schema\\\/logo\\\/image\\\/\"},\"sameAs\":[\"https:\\\/\\\/www.facebook.com\\\/webdotn\",\"https:\\\/\\\/x.com\\\/webdo_tn\"],\"description\":\"Webdo est un m\u00e9dia num\u00e9rique tunisien fond\u00e9 en 2010, sp\u00e9cialis\u00e9 dans l\u2019actualit\u00e9 nationale et internationale, l\u2019\u00e9conomie, la soci\u00e9t\u00e9 et les analyses politiques. Le site s\u2019adresse \u00e0 un large public francophone et couvre l\u2019information tunisienne en temps r\u00e9el.\",\"email\":\"redac@webdo.tn\",\"legalName\":\"YNJ SARL\",\"foundingDate\":\"2010-09-06\",\"numberOfEmployees\":{\"@type\":\"QuantitativeValue\",\"minValue\":\"11\",\"maxValue\":\"50\"}},{\"@type\":\"Person\",\"@id\":\"https:\\\/\\\/www.webdo.tn\\\/fr\\\/#\\\/schema\\\/person\\\/9a9c6118d687c117df8ef3cc36a4d175\",\"name\":\"webdo.tn\",\"image\":{\"@type\":\"ImageObject\",\"inLanguage\":\"fr-FR\",\"@id\":\"https:\\\/\\\/secure.gravatar.com\\\/avatar\\\/7ce1f28c0c3bbac99ff550b85ef8e44a6950c6ee24514fb6a5489e51d06f0298?s=96&d=mm&r=g\",\"url\":\"https:\\\/\\\/secure.gravatar.com\\\/avatar\\\/7ce1f28c0c3bbac99ff550b85ef8e44a6950c6ee24514fb6a5489e51d06f0298?s=96&d=mm&r=g\",\"contentUrl\":\"https:\\\/\\\/secure.gravatar.com\\\/avatar\\\/7ce1f28c0c3bbac99ff550b85ef8e44a6950c6ee24514fb6a5489e51d06f0298?s=96&d=mm&r=g\",\"caption\":\"webdo.tn\"},\"url\":\"https:\\\/\\\/www.webdo.tn\\\/fr\\\/actualite\\\/author\\\/webdotn\\\/\"}]}<\/script>\n<!-- \/ Yoast SEO Premium plugin. -->","yoast_head_json":{"title":"L\u2019article 98, \u00abmal entendu\u00bb des d\u00e9put\u00e9s d\u2019Ennahdha?","description":"L\u2019article 98, \u00abmal entendu\u00bb des d\u00e9put\u00e9s d\u2019Ennahdha?","canonical":"https:\/\/www.webdo.tn\/fr\/actualite\/national-45\/larticle-98-mal-entendu-des-deputes-d-ennahdha\/172282\/","og_locale":"fr_FR","og_type":"article","og_title":"L\u2019article 98, \u00abmal entendu\u00bb des d\u00e9put\u00e9s d\u2019Ennahdha?","og_description":"L\u2019article 98, \u00abmal entendu\u00bb des d\u00e9put\u00e9s d\u2019Ennahdha?","og_url":"https:\/\/www.webdo.tn\/fr\/actualite\/national-45\/larticle-98-mal-entendu-des-deputes-d-ennahdha\/172282\/","og_site_name":"webdo","article_publisher":"https:\/\/www.facebook.com\/webdotn","article_published_time":"2012-01-20T12:07:00+00:00","author":"webdo.tn","twitter_card":"summary_large_image","twitter_creator":"@webdo_tn","twitter_site":"@webdo_tn","twitter_misc":{"\u00c9crit par":"webdo.tn","Dur\u00e9e de lecture estim\u00e9e":"2 minutes"},"schema":{"@context":"https:\/\/schema.org","@graph":[{"@type":"NewsArticle","@id":"https:\/\/www.webdo.tn\/fr\/actualite\/national-45\/larticle-98-mal-entendu-des-deputes-d-ennahdha\/172282\/#article","isPartOf":{"@id":"https:\/\/www.webdo.tn\/fr\/actualite\/national-45\/larticle-98-mal-entendu-des-deputes-d-ennahdha\/172282\/"},"author":{"name":"webdo.tn","@id":"https:\/\/www.webdo.tn\/fr\/#\/schema\/person\/9a9c6118d687c117df8ef3cc36a4d175"},"headline":"L\u2019article 98, \u00abmal entendu\u00bb des d\u00e9put\u00e9s d\u2019Ennahdha?","datePublished":"2012-01-20T12:07:00+00:00","mainEntityOfPage":{"@id":"https:\/\/www.webdo.tn\/fr\/actualite\/national-45\/larticle-98-mal-entendu-des-deputes-d-ennahdha\/172282\/"},"wordCount":371,"commentCount":0,"publisher":{"@id":"https:\/\/www.webdo.tn\/fr\/#organization"},"image":{"@id":"https:\/\/www.webdo.tn\/fr\/actualite\/national-45\/larticle-98-mal-entendu-des-deputes-d-ennahdha\/172282\/#primaryimage"},"thumbnailUrl":"https:\/\/www.webdo.tn\/fr\/wp-content\/uploads\/2025\/06\/Assemble-constituante-Tunisie-22-11-11-photo-cyberpresse.ca_1_172282.jpg","keywords":["guerre"],"articleSection":["National"],"inLanguage":"fr-FR"},{"@type":"WebPage","@id":"https:\/\/www.webdo.tn\/fr\/actualite\/national-45\/larticle-98-mal-entendu-des-deputes-d-ennahdha\/172282\/","url":"https:\/\/www.webdo.tn\/fr\/actualite\/national-45\/larticle-98-mal-entendu-des-deputes-d-ennahdha\/172282\/","name":"L\u2019article 98, \u00abmal entendu\u00bb des d\u00e9put\u00e9s d\u2019Ennahdha?","isPartOf":{"@id":"https:\/\/www.webdo.tn\/fr\/#website"},"primaryImageOfPage":{"@id":"https:\/\/www.webdo.tn\/fr\/actualite\/national-45\/larticle-98-mal-entendu-des-deputes-d-ennahdha\/172282\/#primaryimage"},"image":{"@id":"https:\/\/www.webdo.tn\/fr\/actualite\/national-45\/larticle-98-mal-entendu-des-deputes-d-ennahdha\/172282\/#primaryimage"},"thumbnailUrl":"https:\/\/www.webdo.tn\/fr\/wp-content\/uploads\/2025\/06\/Assemble-constituante-Tunisie-22-11-11-photo-cyberpresse.ca_1_172282.jpg","datePublished":"2012-01-20T12:07:00+00:00","description":"L\u2019article 98, \u00abmal entendu\u00bb des d\u00e9put\u00e9s d\u2019Ennahdha?","breadcrumb":{"@id":"https:\/\/www.webdo.tn\/fr\/actualite\/national-45\/larticle-98-mal-entendu-des-deputes-d-ennahdha\/172282\/#breadcrumb"},"inLanguage":"fr-FR","potentialAction":[{"@type":"ReadAction","target":["https:\/\/www.webdo.tn\/fr\/actualite\/national-45\/larticle-98-mal-entendu-des-deputes-d-ennahdha\/172282\/"]}]},{"@type":"ImageObject","inLanguage":"fr-FR","@id":"https:\/\/www.webdo.tn\/fr\/actualite\/national-45\/larticle-98-mal-entendu-des-deputes-d-ennahdha\/172282\/#primaryimage","url":"https:\/\/www.webdo.tn\/fr\/wp-content\/uploads\/2025\/06\/Assemble-constituante-Tunisie-22-11-11-photo-cyberpresse.ca_1_172282.jpg","contentUrl":"https:\/\/www.webdo.tn\/fr\/wp-content\/uploads\/2025\/06\/Assemble-constituante-Tunisie-22-11-11-photo-cyberpresse.ca_1_172282.jpg","width":320,"height":290,"caption":"L\u2019article 98, \u00abmal entendu\u00bb des d\u00e9put\u00e9s d\u2019Ennahdha?"},{"@type":"BreadcrumbList","@id":"https:\/\/www.webdo.tn\/fr\/actualite\/national-45\/larticle-98-mal-entendu-des-deputes-d-ennahdha\/172282\/#breadcrumb","itemListElement":[{"@type":"ListItem","position":1,"name":"Accueil","item":"https:\/\/www.webdo.tn\/fr\/"},{"@type":"ListItem","position":2,"name":"L\u2019article 98, \u00abmal entendu\u00bb des d\u00e9put\u00e9s d\u2019Ennahdha?"}]},{"@type":"WebSite","@id":"https:\/\/www.webdo.tn\/fr\/#website","url":"https:\/\/www.webdo.tn\/fr\/","name":"webdo","description":"Tunisie - News en Tunisie et \u00e0 l&#039;international sur Webdo.tn","publisher":{"@id":"https:\/\/www.webdo.tn\/fr\/#organization"},"potentialAction":[{"@type":"SearchAction","target":{"@type":"EntryPoint","urlTemplate":"https:\/\/www.webdo.tn\/fr\/?s={search_term_string}"},"query-input":{"@type":"PropertyValueSpecification","valueRequired":true,"valueName":"search_term_string"}}],"inLanguage":"fr-FR"},{"@type":"Organization","@id":"https:\/\/www.webdo.tn\/fr\/#organization","name":"Webdo","alternateName":"Webdo.tn","url":"https:\/\/www.webdo.tn\/fr\/","logo":{"@type":"ImageObject","inLanguage":"fr-FR","@id":"https:\/\/www.webdo.tn\/fr\/#\/schema\/logo\/image\/","url":"https:\/\/www.webdo.tn\/fr\/wp-content\/uploads\/2025\/06\/Webdo-Tunisie_168377.jpg","contentUrl":"https:\/\/www.webdo.tn\/fr\/wp-content\/uploads\/2025\/06\/Webdo-Tunisie_168377.jpg","width":301,"height":301,"caption":"Webdo"},"image":{"@id":"https:\/\/www.webdo.tn\/fr\/#\/schema\/logo\/image\/"},"sameAs":["https:\/\/www.facebook.com\/webdotn","https:\/\/x.com\/webdo_tn"],"description":"Webdo est un m\u00e9dia num\u00e9rique tunisien fond\u00e9 en 2010, sp\u00e9cialis\u00e9 dans l\u2019actualit\u00e9 nationale et internationale, l\u2019\u00e9conomie, la soci\u00e9t\u00e9 et les analyses politiques. Le site s\u2019adresse \u00e0 un large public francophone et couvre l\u2019information tunisienne en temps r\u00e9el.","email":"redac@webdo.tn","legalName":"YNJ SARL","foundingDate":"2010-09-06","numberOfEmployees":{"@type":"QuantitativeValue","minValue":"11","maxValue":"50"}},{"@type":"Person","@id":"https:\/\/www.webdo.tn\/fr\/#\/schema\/person\/9a9c6118d687c117df8ef3cc36a4d175","name":"webdo.tn","image":{"@type":"ImageObject","inLanguage":"fr-FR","@id":"https:\/\/secure.gravatar.com\/avatar\/7ce1f28c0c3bbac99ff550b85ef8e44a6950c6ee24514fb6a5489e51d06f0298?s=96&d=mm&r=g","url":"https:\/\/secure.gravatar.com\/avatar\/7ce1f28c0c3bbac99ff550b85ef8e44a6950c6ee24514fb6a5489e51d06f0298?s=96&d=mm&r=g","contentUrl":"https:\/\/secure.gravatar.com\/avatar\/7ce1f28c0c3bbac99ff550b85ef8e44a6950c6ee24514fb6a5489e51d06f0298?s=96&d=mm&r=g","caption":"webdo.tn"},"url":"https:\/\/www.webdo.tn\/fr\/actualite\/author\/webdotn\/"}]}},"_links":{"self":[{"href":"https:\/\/www.webdo.tn\/fr\/wp-json\/wp\/v2\/posts\/172282","targetHints":{"allow":["GET"]}}],"collection":[{"href":"https:\/\/www.webdo.tn\/fr\/wp-json\/wp\/v2\/posts"}],"about":[{"href":"https:\/\/www.webdo.tn\/fr\/wp-json\/wp\/v2\/types\/post"}],"author":[{"embeddable":true,"href":"https:\/\/www.webdo.tn\/fr\/wp-json\/wp\/v2\/users\/3222"}],"replies":[{"embeddable":true,"href":"https:\/\/www.webdo.tn\/fr\/wp-json\/wp\/v2\/comments?post=172282"}],"version-history":[{"count":0,"href":"https:\/\/www.webdo.tn\/fr\/wp-json\/wp\/v2\/posts\/172282\/revisions"}],"wp:featuredmedia":[{"embeddable":true,"href":"https:\/\/www.webdo.tn\/fr\/wp-json\/wp\/v2\/media\/374543"}],"wp:attachment":[{"href":"https:\/\/www.webdo.tn\/fr\/wp-json\/wp\/v2\/media?parent=172282"}],"wp:term":[{"taxonomy":"category","embeddable":true,"href":"https:\/\/www.webdo.tn\/fr\/wp-json\/wp\/v2\/categories?post=172282"},{"taxonomy":"post_tag","embeddable":true,"href":"https:\/\/www.webdo.tn\/fr\/wp-json\/wp\/v2\/tags?post=172282"}],"curies":[{"name":"wp","href":"https:\/\/api.w.org\/{rel}","templated":true}]}}