{"id":172281,"date":"2012-01-20T12:08:00","date_gmt":"2012-01-20T12:08:00","guid":{"rendered":"https:\/\/www.webdo.tn\/fr\/blog\/la-pendaison-dun-enseignant-a-sejnane-est-il-encore-un-fait-divers\/172281\/"},"modified":"2012-01-20T12:08:00","modified_gmt":"2012-01-20T12:08:00","slug":"la-pendaison-dun-enseignant-a-sejnane-est-il-encore-un-fait-divers","status":"publish","type":"post","link":"https:\/\/www.webdo.tn\/fr\/actualite\/national\/la-pendaison-dun-enseignant-a-sejnane-est-il-encore-un-fait-divers\/172281\/","title":{"rendered":"La pendaison d&rsquo;un enseignant \u00e0 Sejnane est-il (encore) un fait divers !?"},"content":{"rendered":"<p>La pendaison d&rsquo;un enseignant \u00e0 Sejnane, survenue jeudi 19 janvier 2012, sur le coup de 14H00 a pris une dimension inattendue.<\/p>\n<p>Et comment ! L&rsquo;incident est survenu dans une r\u00e9gion \u00ab\u00a0min\u00e9e\u00a0\u00bb par les salafistes qui seraient d\u00e9j\u00e0 pass\u00e9s \u00e0 l&rsquo;acte, \u00e0 la violence contre plusieurs de nos concitoyens, jug\u00e9s non ob\u00e9issants \u00e0 leurs pr\u00e9ceptes.<\/p>\n<p>De plus, certains m\u00e9dias rapportent que l&rsquo;enseignant serait connu pour son penchant pour l&rsquo;alcool et qu\u2019il aurait \u00e9t\u00e9 retrouv\u00e9 pendu les mains ligot\u00e9es.<\/p>\n<p>Ces deux \u00e9l\u00e9ments, \u00e0 savoir, \u00ab\u00a0l\u2019alcool\u00a0\u00bb et \u00ab\u00a0les mains ligot\u00e9es\u00a0\u00bb ont provoqu\u00e9 divers commentaires dans les r\u00e9seaux sociaux. Ainsi, on peut lire entre autres qu\u2019\u00abun professeur a \u00e9t\u00e9 pendu \u00e0 Sejnane par des salafistes, car il consommait de l&rsquo;alcool\u00bb. D&rsquo;autres encore avancent m\u00eame l\u2019hypoth\u00e8se d\u2019un meurtre vu l&rsquo;appartenance de l&rsquo;enseignant \u00e0 la mouvance des patriotes d\u00e9mocrates (Watad), comme en t\u00e9moigne ce tweet : \u00ab(\u2026) donc l&rsquo;enseignant tu\u00e9 \u00e0 Sejnane est un Watad. Confirm\u00e9 par la page Pcot\u00bb. Rappelons que ce parti est connu pour son courant anti-islamiste.<\/p>\n<p>Sur ce m\u00eame sujet, nous avons contact\u00e9 le porte-parole du minist\u00e8re de l\u2019Int\u00e9rieure, Hichem Meddeb, qui confirme la pendaison, mais pr\u00e9cise que les mains de la victime n&rsquo;\u00e9taient pas attach\u00e9es. Il ajoute que l&rsquo;enseignant n\u2019exer\u00e7ait plus depuis deux mois, avait des probl\u00e8mes familiaux et une accumulation de pensions mensuelles \u00e0 verser, de 2500 dinars, \u00e0 sa femme.<\/p>\n<p>De nouveaux \u00e9l\u00e9ments approuv\u00e9s par le minist\u00e8re poussent \u00e0 favoriser la piste d&rsquo;un suicide plus que celui d&rsquo;un meurtre. Ceci dit, sans plonger dans les th\u00e9ories de complot, un meurtre camoufl\u00e9 dans un suicide (pendaison) peut se faire sans ligoter les mains, et au rythme o\u00f9 vont les choses, le gouvernement pr\u00e9f\u00e8rerait bien \u00ab\u00a0\u00e9carter\u00a0\u00bb les pistes concernant les salafistes.<\/p>\n","protected":false},"excerpt":{"rendered":"<p>La pendaison d&rsquo;un enseignant \u00e0 Sejnane est-il (encore) un fait divers !?<\/p>\n","protected":false},"author":3222,"featured_media":333820,"comment_status":"open","ping_status":"closed","sticky":false,"template":"","format":"standard","meta":{"footnotes":""},"categories":[44],"tags":[2600],"class_list":["post-172281","post","type-post","status-publish","format-standard","has-post-thumbnail","hentry","category-national","tag-guerre"],"yoast_head":"<!-- This site is optimized with the Yoast SEO Premium plugin v27.5 (Yoast SEO v27.5) - https:\/\/yoast.com\/product\/yoast-seo-premium-wordpress\/ -->\n<title>La pendaison d&#039;un enseignant \u00e0 Sejnane est-il (encore) un fait divers !?<\/title>\n<meta name=\"description\" content=\"La pendaison d&#039;un enseignant \u00e0 Sejnane est-il (encore) un fait divers !?\" \/>\n<link rel=\"canonical\" href=\"https:\/\/www.webdo.tn\/fr\/actualite\/national-45\/la-pendaison-dun-enseignant-a-sejnane-est-il-encore-un-fait-divers\/172281\/\" \/>\n<meta property=\"og:locale\" content=\"fr_FR\" \/>\n<meta property=\"og:type\" content=\"article\" \/>\n<meta property=\"og:title\" content=\"La pendaison d&#039;un enseignant \u00e0 Sejnane est-il (encore) un fait divers !?\" \/>\n<meta property=\"og:description\" content=\"La pendaison d&#039;un enseignant \u00e0 Sejnane est-il (encore) un fait divers !?\" \/>\n<meta property=\"og:url\" content=\"https:\/\/www.webdo.tn\/fr\/actualite\/national-45\/la-pendaison-dun-enseignant-a-sejnane-est-il-encore-un-fait-divers\/172281\/\" \/>\n<meta property=\"og:site_name\" content=\"webdo\" \/>\n<meta property=\"article:publisher\" content=\"https:\/\/www.facebook.com\/webdotn\" \/>\n<meta property=\"article:published_time\" content=\"2012-01-20T12:08:00+00:00\" \/>\n<meta property=\"og:image\" content=\"https:\/\/www.webdo.tn\/fr\/wp-content\/uploads\/2012\/01\/Sejnane-gouvernorat-de-bizerte-photo-kiteb.org_.jpg\" \/>\n\t<meta property=\"og:image:width\" content=\"294\" \/>\n\t<meta property=\"og:image:height\" content=\"336\" \/>\n\t<meta property=\"og:image:type\" content=\"image\/jpeg\" \/>\n<meta name=\"author\" content=\"webdo.tn\" \/>\n<meta name=\"twitter:card\" content=\"summary_large_image\" \/>\n<meta name=\"twitter:creator\" content=\"@webdo_tn\" \/>\n<meta name=\"twitter:site\" content=\"@webdo_tn\" \/>\n<meta name=\"twitter:label1\" content=\"\u00c9crit par\" \/>\n\t<meta name=\"twitter:data1\" content=\"webdo.tn\" \/>\n\t<meta name=\"twitter:label2\" content=\"Dur\u00e9e de lecture estim\u00e9e\" \/>\n\t<meta name=\"twitter:data2\" content=\"2 minutes\" \/>\n<script type=\"application\/ld+json\" class=\"yoast-schema-graph\">{\"@context\":\"https:\\\/\\\/schema.org\",\"@graph\":[{\"@type\":\"NewsArticle\",\"@id\":\"https:\\\/\\\/www.webdo.tn\\\/fr\\\/actualite\\\/national-45\\\/la-pendaison-dun-enseignant-a-sejnane-est-il-encore-un-fait-divers\\\/172281\\\/#article\",\"isPartOf\":{\"@id\":\"https:\\\/\\\/www.webdo.tn\\\/fr\\\/actualite\\\/national-45\\\/la-pendaison-dun-enseignant-a-sejnane-est-il-encore-un-fait-divers\\\/172281\\\/\"},\"author\":{\"name\":\"webdo.tn\",\"@id\":\"https:\\\/\\\/www.webdo.tn\\\/fr\\\/#\\\/schema\\\/person\\\/9a9c6118d687c117df8ef3cc36a4d175\"},\"headline\":\"La pendaison d&rsquo;un enseignant \u00e0 Sejnane est-il (encore) un fait divers !?\",\"datePublished\":\"2012-01-20T12:08:00+00:00\",\"mainEntityOfPage\":{\"@id\":\"https:\\\/\\\/www.webdo.tn\\\/fr\\\/actualite\\\/national-45\\\/la-pendaison-dun-enseignant-a-sejnane-est-il-encore-un-fait-divers\\\/172281\\\/\"},\"wordCount\":324,\"commentCount\":0,\"publisher\":{\"@id\":\"https:\\\/\\\/www.webdo.tn\\\/fr\\\/#organization\"},\"image\":{\"@id\":\"https:\\\/\\\/www.webdo.tn\\\/fr\\\/actualite\\\/national-45\\\/la-pendaison-dun-enseignant-a-sejnane-est-il-encore-un-fait-divers\\\/172281\\\/#primaryimage\"},\"thumbnailUrl\":\"https:\\\/\\\/www.webdo.tn\\\/fr\\\/wp-content\\\/uploads\\\/2012\\\/01\\\/Sejnane-gouvernorat-de-bizerte-photo-kiteb.org_.jpg\",\"keywords\":[\"guerre\"],\"articleSection\":[\"National\"],\"inLanguage\":\"fr-FR\"},{\"@type\":\"WebPage\",\"@id\":\"https:\\\/\\\/www.webdo.tn\\\/fr\\\/actualite\\\/national-45\\\/la-pendaison-dun-enseignant-a-sejnane-est-il-encore-un-fait-divers\\\/172281\\\/\",\"url\":\"https:\\\/\\\/www.webdo.tn\\\/fr\\\/actualite\\\/national-45\\\/la-pendaison-dun-enseignant-a-sejnane-est-il-encore-un-fait-divers\\\/172281\\\/\",\"name\":\"La pendaison d'un enseignant \u00e0 Sejnane est-il (encore) un fait divers !?\",\"isPartOf\":{\"@id\":\"https:\\\/\\\/www.webdo.tn\\\/fr\\\/#website\"},\"primaryImageOfPage\":{\"@id\":\"https:\\\/\\\/www.webdo.tn\\\/fr\\\/actualite\\\/national-45\\\/la-pendaison-dun-enseignant-a-sejnane-est-il-encore-un-fait-divers\\\/172281\\\/#primaryimage\"},\"image\":{\"@id\":\"https:\\\/\\\/www.webdo.tn\\\/fr\\\/actualite\\\/national-45\\\/la-pendaison-dun-enseignant-a-sejnane-est-il-encore-un-fait-divers\\\/172281\\\/#primaryimage\"},\"thumbnailUrl\":\"https:\\\/\\\/www.webdo.tn\\\/fr\\\/wp-content\\\/uploads\\\/2012\\\/01\\\/Sejnane-gouvernorat-de-bizerte-photo-kiteb.org_.jpg\",\"datePublished\":\"2012-01-20T12:08:00+00:00\",\"description\":\"La pendaison d'un enseignant \u00e0 Sejnane est-il (encore) un fait divers !?\",\"breadcrumb\":{\"@id\":\"https:\\\/\\\/www.webdo.tn\\\/fr\\\/actualite\\\/national-45\\\/la-pendaison-dun-enseignant-a-sejnane-est-il-encore-un-fait-divers\\\/172281\\\/#breadcrumb\"},\"inLanguage\":\"fr-FR\",\"potentialAction\":[{\"@type\":\"ReadAction\",\"target\":[\"https:\\\/\\\/www.webdo.tn\\\/fr\\\/actualite\\\/national-45\\\/la-pendaison-dun-enseignant-a-sejnane-est-il-encore-un-fait-divers\\\/172281\\\/\"]}]},{\"@type\":\"ImageObject\",\"inLanguage\":\"fr-FR\",\"@id\":\"https:\\\/\\\/www.webdo.tn\\\/fr\\\/actualite\\\/national-45\\\/la-pendaison-dun-enseignant-a-sejnane-est-il-encore-un-fait-divers\\\/172281\\\/#primaryimage\",\"url\":\"https:\\\/\\\/www.webdo.tn\\\/fr\\\/wp-content\\\/uploads\\\/2012\\\/01\\\/Sejnane-gouvernorat-de-bizerte-photo-kiteb.org_.jpg\",\"contentUrl\":\"https:\\\/\\\/www.webdo.tn\\\/fr\\\/wp-content\\\/uploads\\\/2012\\\/01\\\/Sejnane-gouvernorat-de-bizerte-photo-kiteb.org_.jpg\",\"width\":294,\"height\":336,\"caption\":\"La pendaison d'un enseignant \u00e0 Sejnane est-il (encore) un fait divers !?\"},{\"@type\":\"BreadcrumbList\",\"@id\":\"https:\\\/\\\/www.webdo.tn\\\/fr\\\/actualite\\\/national-45\\\/la-pendaison-dun-enseignant-a-sejnane-est-il-encore-un-fait-divers\\\/172281\\\/#breadcrumb\",\"itemListElement\":[{\"@type\":\"ListItem\",\"position\":1,\"name\":\"Accueil\",\"item\":\"https:\\\/\\\/www.webdo.tn\\\/fr\\\/\"},{\"@type\":\"ListItem\",\"position\":2,\"name\":\"La pendaison d&rsquo;un enseignant \u00e0 Sejnane est-il (encore) un fait divers !?\"}]},{\"@type\":\"WebSite\",\"@id\":\"https:\\\/\\\/www.webdo.tn\\\/fr\\\/#website\",\"url\":\"https:\\\/\\\/www.webdo.tn\\\/fr\\\/\",\"name\":\"webdo\",\"description\":\"Tunisie - News en Tunisie et \u00e0 l&#039;international sur Webdo.tn\",\"publisher\":{\"@id\":\"https:\\\/\\\/www.webdo.tn\\\/fr\\\/#organization\"},\"potentialAction\":[{\"@type\":\"SearchAction\",\"target\":{\"@type\":\"EntryPoint\",\"urlTemplate\":\"https:\\\/\\\/www.webdo.tn\\\/fr\\\/?s={search_term_string}\"},\"query-input\":{\"@type\":\"PropertyValueSpecification\",\"valueRequired\":true,\"valueName\":\"search_term_string\"}}],\"inLanguage\":\"fr-FR\"},{\"@type\":\"Organization\",\"@id\":\"https:\\\/\\\/www.webdo.tn\\\/fr\\\/#organization\",\"name\":\"Webdo\",\"alternateName\":\"Webdo.tn\",\"url\":\"https:\\\/\\\/www.webdo.tn\\\/fr\\\/\",\"logo\":{\"@type\":\"ImageObject\",\"inLanguage\":\"fr-FR\",\"@id\":\"https:\\\/\\\/www.webdo.tn\\\/fr\\\/#\\\/schema\\\/logo\\\/image\\\/\",\"url\":\"https:\\\/\\\/www.webdo.tn\\\/fr\\\/wp-content\\\/uploads\\\/2025\\\/06\\\/Webdo-Tunisie_168377.jpg\",\"contentUrl\":\"https:\\\/\\\/www.webdo.tn\\\/fr\\\/wp-content\\\/uploads\\\/2025\\\/06\\\/Webdo-Tunisie_168377.jpg\",\"width\":301,\"height\":301,\"caption\":\"Webdo\"},\"image\":{\"@id\":\"https:\\\/\\\/www.webdo.tn\\\/fr\\\/#\\\/schema\\\/logo\\\/image\\\/\"},\"sameAs\":[\"https:\\\/\\\/www.facebook.com\\\/webdotn\",\"https:\\\/\\\/x.com\\\/webdo_tn\"],\"description\":\"Webdo est un m\u00e9dia num\u00e9rique tunisien fond\u00e9 en 2010, sp\u00e9cialis\u00e9 dans l\u2019actualit\u00e9 nationale et internationale, l\u2019\u00e9conomie, la soci\u00e9t\u00e9 et les analyses politiques. Le site s\u2019adresse \u00e0 un large public francophone et couvre l\u2019information tunisienne en temps r\u00e9el.\",\"email\":\"redac@webdo.tn\",\"legalName\":\"YNJ SARL\",\"foundingDate\":\"2010-09-06\",\"numberOfEmployees\":{\"@type\":\"QuantitativeValue\",\"minValue\":\"11\",\"maxValue\":\"50\"}},{\"@type\":\"Person\",\"@id\":\"https:\\\/\\\/www.webdo.tn\\\/fr\\\/#\\\/schema\\\/person\\\/9a9c6118d687c117df8ef3cc36a4d175\",\"name\":\"webdo.tn\",\"image\":{\"@type\":\"ImageObject\",\"inLanguage\":\"fr-FR\",\"@id\":\"https:\\\/\\\/secure.gravatar.com\\\/avatar\\\/7ce1f28c0c3bbac99ff550b85ef8e44a6950c6ee24514fb6a5489e51d06f0298?s=96&d=mm&r=g\",\"url\":\"https:\\\/\\\/secure.gravatar.com\\\/avatar\\\/7ce1f28c0c3bbac99ff550b85ef8e44a6950c6ee24514fb6a5489e51d06f0298?s=96&d=mm&r=g\",\"contentUrl\":\"https:\\\/\\\/secure.gravatar.com\\\/avatar\\\/7ce1f28c0c3bbac99ff550b85ef8e44a6950c6ee24514fb6a5489e51d06f0298?s=96&d=mm&r=g\",\"caption\":\"webdo.tn\"},\"url\":\"https:\\\/\\\/www.webdo.tn\\\/fr\\\/actualite\\\/author\\\/webdotn\\\/\"}]}<\/script>\n<!-- \/ Yoast SEO Premium plugin. -->","yoast_head_json":{"title":"La pendaison d'un enseignant \u00e0 Sejnane est-il (encore) un fait divers !?","description":"La pendaison d'un enseignant \u00e0 Sejnane est-il (encore) un fait divers !?","canonical":"https:\/\/www.webdo.tn\/fr\/actualite\/national-45\/la-pendaison-dun-enseignant-a-sejnane-est-il-encore-un-fait-divers\/172281\/","og_locale":"fr_FR","og_type":"article","og_title":"La pendaison d'un enseignant \u00e0 Sejnane est-il (encore) un fait divers !?","og_description":"La pendaison d'un enseignant \u00e0 Sejnane est-il (encore) un fait divers !?","og_url":"https:\/\/www.webdo.tn\/fr\/actualite\/national-45\/la-pendaison-dun-enseignant-a-sejnane-est-il-encore-un-fait-divers\/172281\/","og_site_name":"webdo","article_publisher":"https:\/\/www.facebook.com\/webdotn","article_published_time":"2012-01-20T12:08:00+00:00","og_image":[{"width":294,"height":336,"url":"https:\/\/www.webdo.tn\/fr\/wp-content\/uploads\/2012\/01\/Sejnane-gouvernorat-de-bizerte-photo-kiteb.org_.jpg","type":"image\/jpeg"}],"author":"webdo.tn","twitter_card":"summary_large_image","twitter_creator":"@webdo_tn","twitter_site":"@webdo_tn","twitter_misc":{"\u00c9crit par":"webdo.tn","Dur\u00e9e de lecture estim\u00e9e":"2 minutes"},"schema":{"@context":"https:\/\/schema.org","@graph":[{"@type":"NewsArticle","@id":"https:\/\/www.webdo.tn\/fr\/actualite\/national-45\/la-pendaison-dun-enseignant-a-sejnane-est-il-encore-un-fait-divers\/172281\/#article","isPartOf":{"@id":"https:\/\/www.webdo.tn\/fr\/actualite\/national-45\/la-pendaison-dun-enseignant-a-sejnane-est-il-encore-un-fait-divers\/172281\/"},"author":{"name":"webdo.tn","@id":"https:\/\/www.webdo.tn\/fr\/#\/schema\/person\/9a9c6118d687c117df8ef3cc36a4d175"},"headline":"La pendaison d&rsquo;un enseignant \u00e0 Sejnane est-il (encore) un fait divers !?","datePublished":"2012-01-20T12:08:00+00:00","mainEntityOfPage":{"@id":"https:\/\/www.webdo.tn\/fr\/actualite\/national-45\/la-pendaison-dun-enseignant-a-sejnane-est-il-encore-un-fait-divers\/172281\/"},"wordCount":324,"commentCount":0,"publisher":{"@id":"https:\/\/www.webdo.tn\/fr\/#organization"},"image":{"@id":"https:\/\/www.webdo.tn\/fr\/actualite\/national-45\/la-pendaison-dun-enseignant-a-sejnane-est-il-encore-un-fait-divers\/172281\/#primaryimage"},"thumbnailUrl":"https:\/\/www.webdo.tn\/fr\/wp-content\/uploads\/2012\/01\/Sejnane-gouvernorat-de-bizerte-photo-kiteb.org_.jpg","keywords":["guerre"],"articleSection":["National"],"inLanguage":"fr-FR"},{"@type":"WebPage","@id":"https:\/\/www.webdo.tn\/fr\/actualite\/national-45\/la-pendaison-dun-enseignant-a-sejnane-est-il-encore-un-fait-divers\/172281\/","url":"https:\/\/www.webdo.tn\/fr\/actualite\/national-45\/la-pendaison-dun-enseignant-a-sejnane-est-il-encore-un-fait-divers\/172281\/","name":"La pendaison d'un enseignant \u00e0 Sejnane est-il (encore) un fait divers !?","isPartOf":{"@id":"https:\/\/www.webdo.tn\/fr\/#website"},"primaryImageOfPage":{"@id":"https:\/\/www.webdo.tn\/fr\/actualite\/national-45\/la-pendaison-dun-enseignant-a-sejnane-est-il-encore-un-fait-divers\/172281\/#primaryimage"},"image":{"@id":"https:\/\/www.webdo.tn\/fr\/actualite\/national-45\/la-pendaison-dun-enseignant-a-sejnane-est-il-encore-un-fait-divers\/172281\/#primaryimage"},"thumbnailUrl":"https:\/\/www.webdo.tn\/fr\/wp-content\/uploads\/2012\/01\/Sejnane-gouvernorat-de-bizerte-photo-kiteb.org_.jpg","datePublished":"2012-01-20T12:08:00+00:00","description":"La pendaison d'un enseignant \u00e0 Sejnane est-il (encore) un fait divers !?","breadcrumb":{"@id":"https:\/\/www.webdo.tn\/fr\/actualite\/national-45\/la-pendaison-dun-enseignant-a-sejnane-est-il-encore-un-fait-divers\/172281\/#breadcrumb"},"inLanguage":"fr-FR","potentialAction":[{"@type":"ReadAction","target":["https:\/\/www.webdo.tn\/fr\/actualite\/national-45\/la-pendaison-dun-enseignant-a-sejnane-est-il-encore-un-fait-divers\/172281\/"]}]},{"@type":"ImageObject","inLanguage":"fr-FR","@id":"https:\/\/www.webdo.tn\/fr\/actualite\/national-45\/la-pendaison-dun-enseignant-a-sejnane-est-il-encore-un-fait-divers\/172281\/#primaryimage","url":"https:\/\/www.webdo.tn\/fr\/wp-content\/uploads\/2012\/01\/Sejnane-gouvernorat-de-bizerte-photo-kiteb.org_.jpg","contentUrl":"https:\/\/www.webdo.tn\/fr\/wp-content\/uploads\/2012\/01\/Sejnane-gouvernorat-de-bizerte-photo-kiteb.org_.jpg","width":294,"height":336,"caption":"La pendaison d'un enseignant \u00e0 Sejnane est-il (encore) un fait divers !?"},{"@type":"BreadcrumbList","@id":"https:\/\/www.webdo.tn\/fr\/actualite\/national-45\/la-pendaison-dun-enseignant-a-sejnane-est-il-encore-un-fait-divers\/172281\/#breadcrumb","itemListElement":[{"@type":"ListItem","position":1,"name":"Accueil","item":"https:\/\/www.webdo.tn\/fr\/"},{"@type":"ListItem","position":2,"name":"La pendaison d&rsquo;un enseignant \u00e0 Sejnane est-il (encore) un fait divers !?"}]},{"@type":"WebSite","@id":"https:\/\/www.webdo.tn\/fr\/#website","url":"https:\/\/www.webdo.tn\/fr\/","name":"webdo","description":"Tunisie - News en Tunisie et \u00e0 l&#039;international sur Webdo.tn","publisher":{"@id":"https:\/\/www.webdo.tn\/fr\/#organization"},"potentialAction":[{"@type":"SearchAction","target":{"@type":"EntryPoint","urlTemplate":"https:\/\/www.webdo.tn\/fr\/?s={search_term_string}"},"query-input":{"@type":"PropertyValueSpecification","valueRequired":true,"valueName":"search_term_string"}}],"inLanguage":"fr-FR"},{"@type":"Organization","@id":"https:\/\/www.webdo.tn\/fr\/#organization","name":"Webdo","alternateName":"Webdo.tn","url":"https:\/\/www.webdo.tn\/fr\/","logo":{"@type":"ImageObject","inLanguage":"fr-FR","@id":"https:\/\/www.webdo.tn\/fr\/#\/schema\/logo\/image\/","url":"https:\/\/www.webdo.tn\/fr\/wp-content\/uploads\/2025\/06\/Webdo-Tunisie_168377.jpg","contentUrl":"https:\/\/www.webdo.tn\/fr\/wp-content\/uploads\/2025\/06\/Webdo-Tunisie_168377.jpg","width":301,"height":301,"caption":"Webdo"},"image":{"@id":"https:\/\/www.webdo.tn\/fr\/#\/schema\/logo\/image\/"},"sameAs":["https:\/\/www.facebook.com\/webdotn","https:\/\/x.com\/webdo_tn"],"description":"Webdo est un m\u00e9dia num\u00e9rique tunisien fond\u00e9 en 2010, sp\u00e9cialis\u00e9 dans l\u2019actualit\u00e9 nationale et internationale, l\u2019\u00e9conomie, la soci\u00e9t\u00e9 et les analyses politiques. Le site s\u2019adresse \u00e0 un large public francophone et couvre l\u2019information tunisienne en temps r\u00e9el.","email":"redac@webdo.tn","legalName":"YNJ SARL","foundingDate":"2010-09-06","numberOfEmployees":{"@type":"QuantitativeValue","minValue":"11","maxValue":"50"}},{"@type":"Person","@id":"https:\/\/www.webdo.tn\/fr\/#\/schema\/person\/9a9c6118d687c117df8ef3cc36a4d175","name":"webdo.tn","image":{"@type":"ImageObject","inLanguage":"fr-FR","@id":"https:\/\/secure.gravatar.com\/avatar\/7ce1f28c0c3bbac99ff550b85ef8e44a6950c6ee24514fb6a5489e51d06f0298?s=96&d=mm&r=g","url":"https:\/\/secure.gravatar.com\/avatar\/7ce1f28c0c3bbac99ff550b85ef8e44a6950c6ee24514fb6a5489e51d06f0298?s=96&d=mm&r=g","contentUrl":"https:\/\/secure.gravatar.com\/avatar\/7ce1f28c0c3bbac99ff550b85ef8e44a6950c6ee24514fb6a5489e51d06f0298?s=96&d=mm&r=g","caption":"webdo.tn"},"url":"https:\/\/www.webdo.tn\/fr\/actualite\/author\/webdotn\/"}]}},"_links":{"self":[{"href":"https:\/\/www.webdo.tn\/fr\/wp-json\/wp\/v2\/posts\/172281","targetHints":{"allow":["GET"]}}],"collection":[{"href":"https:\/\/www.webdo.tn\/fr\/wp-json\/wp\/v2\/posts"}],"about":[{"href":"https:\/\/www.webdo.tn\/fr\/wp-json\/wp\/v2\/types\/post"}],"author":[{"embeddable":true,"href":"https:\/\/www.webdo.tn\/fr\/wp-json\/wp\/v2\/users\/3222"}],"replies":[{"embeddable":true,"href":"https:\/\/www.webdo.tn\/fr\/wp-json\/wp\/v2\/comments?post=172281"}],"version-history":[{"count":0,"href":"https:\/\/www.webdo.tn\/fr\/wp-json\/wp\/v2\/posts\/172281\/revisions"}],"wp:featuredmedia":[{"embeddable":true,"href":"https:\/\/www.webdo.tn\/fr\/wp-json\/wp\/v2\/media\/333820"}],"wp:attachment":[{"href":"https:\/\/www.webdo.tn\/fr\/wp-json\/wp\/v2\/media?parent=172281"}],"wp:term":[{"taxonomy":"category","embeddable":true,"href":"https:\/\/www.webdo.tn\/fr\/wp-json\/wp\/v2\/categories?post=172281"},{"taxonomy":"post_tag","embeddable":true,"href":"https:\/\/www.webdo.tn\/fr\/wp-json\/wp\/v2\/tags?post=172281"}],"curies":[{"name":"wp","href":"https:\/\/api.w.org\/{rel}","templated":true}]}}