{"id":172278,"date":"2012-01-22T10:37:00","date_gmt":"2012-01-22T10:37:00","guid":{"rendered":"https:\/\/www.webdo.tn\/fr\/blog\/faculte-des-lettres-de-la-manouba-et-de-dix-le-nombre-de-niqabistes-en-greve-de-la-faim\/172278\/"},"modified":"2012-01-22T10:37:00","modified_gmt":"2012-01-22T10:37:00","slug":"faculte-des-lettres-de-la-manouba-et-de-dix-le-nombre-de-niqabistes-en-greve-de-la-faim","status":"publish","type":"post","link":"https:\/\/www.webdo.tn\/fr\/actualite\/national\/faculte-des-lettres-de-la-manouba-et-de-dix-le-nombre-de-niqabistes-en-greve-de-la-faim\/172278\/","title":{"rendered":"Facult\u00e9 des Lettres de La Manouba: et de dix le nombre de \u00ab\u00a0niqabistes\u00a0\u00bb en gr\u00e8ve de la faim"},"content":{"rendered":"<p>\u00c0 la veille des examens partiels qui d\u00e9marreront mardi 24 janvier, cinq nouvelles \u00e9tudiantes viennent de rejoindre le mouvement de gr\u00e8ve de la faim, entam\u00e9e, d\u00e9j\u00e0, par cinq de leurs camarades depuis le 18 janvier. Elles entendent ainsi donner plus de poids \u00e0 leur revendication du port du niqab durant les cours et les examens.<\/p>\n<p>Mohammed Bakhti, le porte-parole du mouvement salafiste qui coordonne le mouvement contestataire, a indiqu\u00e9 que cette gr\u00e8ve de la faim \u00ab se poursuit dans une r\u00e9sidence priv\u00e9e \u00bb.<\/p>\n<p>Il est \u00e0 rappeler que la reprise des cours le 9 janvier dernier, apr\u00e8s un mois de fermeture, a \u00e9t\u00e9 \u00e9maill\u00e9e d\u2019incidents plus ou moins graves causant la suspension de plusieurs cours. C\u2019est pour ces raisons que le doyen de la FLAHM a fait une demande au ministre de tutelle sugg\u00e9rant la lev\u00e9e du sit-in, l\u2019\u00e9vacuation des personnes \u00e9trang\u00e8res \u00e0 l\u2019institution, la protection de la facult\u00e9 par un dispositif s\u00e9curitaire et la publication d\u2019un texte interdisant le port du niqab pendant les cours, les examens et les s\u00e9ances d\u2019encadrement.<\/p>\n","protected":false},"excerpt":{"rendered":"<p>Facult\u00e9 des Lettres de La Manouba: et de dix le nombre de  niqabistes  en gr\u00e8ve de la faim<\/p>\n","protected":false},"author":3222,"featured_media":374547,"comment_status":"open","ping_status":"closed","sticky":false,"template":"","format":"standard","meta":{"footnotes":""},"categories":[44],"tags":[2600],"class_list":["post-172278","post","type-post","status-publish","format-standard","has-post-thumbnail","hentry","category-national","tag-guerre"],"yoast_head":"<!-- This site is optimized with the Yoast SEO Premium plugin v27.5 (Yoast SEO v27.5) - https:\/\/yoast.com\/product\/yoast-seo-premium-wordpress\/ -->\n<title>Facult\u00e9 des Lettres de La Manouba: et de dix le nombre de niqabistes en gr\u00e8ve de la faim<\/title>\n<meta name=\"description\" content=\"Facult\u00e9 des Lettres de La Manouba: et de dix le nombre de niqabistes en gr\u00e8ve de la faim\" \/>\n<link rel=\"canonical\" href=\"https:\/\/www.webdo.tn\/fr\/actualite\/national-45\/faculte-des-lettres-de-la-manouba-et-de-dix-le-nombre-de-niqabistes-en-greve-de-la-faim\/172278\/\" \/>\n<meta property=\"og:locale\" content=\"fr_FR\" \/>\n<meta property=\"og:type\" content=\"article\" \/>\n<meta property=\"og:title\" content=\"Facult\u00e9 des Lettres de La Manouba: et de dix le nombre de &quot;niqabistes&quot; en gr\u00e8ve de la faim\" \/>\n<meta property=\"og:description\" content=\"Facult\u00e9 des Lettres de La Manouba: et de dix le nombre de niqabistes en gr\u00e8ve de la faim\" \/>\n<meta property=\"og:url\" content=\"https:\/\/www.webdo.tn\/fr\/actualite\/national-45\/faculte-des-lettres-de-la-manouba-et-de-dix-le-nombre-de-niqabistes-en-greve-de-la-faim\/172278\/\" \/>\n<meta property=\"og:site_name\" content=\"webdo\" \/>\n<meta property=\"article:publisher\" content=\"https:\/\/www.facebook.com\/webdotn\" \/>\n<meta property=\"article:published_time\" content=\"2012-01-22T10:37:00+00:00\" \/>\n<meta name=\"author\" content=\"webdo.tn\" \/>\n<meta name=\"twitter:card\" content=\"summary_large_image\" \/>\n<meta name=\"twitter:creator\" content=\"@webdo_tn\" \/>\n<meta name=\"twitter:site\" content=\"@webdo_tn\" \/>\n<meta name=\"twitter:label1\" content=\"\u00c9crit par\" \/>\n\t<meta name=\"twitter:data1\" content=\"webdo.tn\" \/>\n\t<meta name=\"twitter:label2\" content=\"Dur\u00e9e de lecture estim\u00e9e\" \/>\n\t<meta name=\"twitter:data2\" content=\"1 minute\" \/>\n<script type=\"application\/ld+json\" class=\"yoast-schema-graph\">{\"@context\":\"https:\\\/\\\/schema.org\",\"@graph\":[{\"@type\":\"NewsArticle\",\"@id\":\"https:\\\/\\\/www.webdo.tn\\\/fr\\\/actualite\\\/national-45\\\/faculte-des-lettres-de-la-manouba-et-de-dix-le-nombre-de-niqabistes-en-greve-de-la-faim\\\/172278\\\/#article\",\"isPartOf\":{\"@id\":\"https:\\\/\\\/www.webdo.tn\\\/fr\\\/actualite\\\/national-45\\\/faculte-des-lettres-de-la-manouba-et-de-dix-le-nombre-de-niqabistes-en-greve-de-la-faim\\\/172278\\\/\"},\"author\":{\"name\":\"webdo.tn\",\"@id\":\"https:\\\/\\\/www.webdo.tn\\\/fr\\\/#\\\/schema\\\/person\\\/9a9c6118d687c117df8ef3cc36a4d175\"},\"headline\":\"Facult\u00e9 des Lettres de La Manouba: et de dix le nombre de \u00ab\u00a0niqabistes\u00a0\u00bb en gr\u00e8ve de la faim\",\"datePublished\":\"2012-01-22T10:37:00+00:00\",\"mainEntityOfPage\":{\"@id\":\"https:\\\/\\\/www.webdo.tn\\\/fr\\\/actualite\\\/national-45\\\/faculte-des-lettres-de-la-manouba-et-de-dix-le-nombre-de-niqabistes-en-greve-de-la-faim\\\/172278\\\/\"},\"wordCount\":202,\"commentCount\":0,\"publisher\":{\"@id\":\"https:\\\/\\\/www.webdo.tn\\\/fr\\\/#organization\"},\"image\":{\"@id\":\"https:\\\/\\\/www.webdo.tn\\\/fr\\\/actualite\\\/national-45\\\/faculte-des-lettres-de-la-manouba-et-de-dix-le-nombre-de-niqabistes-en-greve-de-la-faim\\\/172278\\\/#primaryimage\"},\"thumbnailUrl\":\"https:\\\/\\\/www.webdo.tn\\\/fr\\\/wp-content\\\/uploads\\\/2025\\\/06\\\/Le-niqab-au-sein-de-luniversite-photo-postedeveille.ca__172278.jpg\",\"keywords\":[\"guerre\"],\"articleSection\":[\"National\"],\"inLanguage\":\"fr-FR\"},{\"@type\":\"WebPage\",\"@id\":\"https:\\\/\\\/www.webdo.tn\\\/fr\\\/actualite\\\/national-45\\\/faculte-des-lettres-de-la-manouba-et-de-dix-le-nombre-de-niqabistes-en-greve-de-la-faim\\\/172278\\\/\",\"url\":\"https:\\\/\\\/www.webdo.tn\\\/fr\\\/actualite\\\/national-45\\\/faculte-des-lettres-de-la-manouba-et-de-dix-le-nombre-de-niqabistes-en-greve-de-la-faim\\\/172278\\\/\",\"name\":\"Facult\u00e9 des Lettres de La Manouba: et de dix le nombre de niqabistes en gr\u00e8ve de la faim\",\"isPartOf\":{\"@id\":\"https:\\\/\\\/www.webdo.tn\\\/fr\\\/#website\"},\"primaryImageOfPage\":{\"@id\":\"https:\\\/\\\/www.webdo.tn\\\/fr\\\/actualite\\\/national-45\\\/faculte-des-lettres-de-la-manouba-et-de-dix-le-nombre-de-niqabistes-en-greve-de-la-faim\\\/172278\\\/#primaryimage\"},\"image\":{\"@id\":\"https:\\\/\\\/www.webdo.tn\\\/fr\\\/actualite\\\/national-45\\\/faculte-des-lettres-de-la-manouba-et-de-dix-le-nombre-de-niqabistes-en-greve-de-la-faim\\\/172278\\\/#primaryimage\"},\"thumbnailUrl\":\"https:\\\/\\\/www.webdo.tn\\\/fr\\\/wp-content\\\/uploads\\\/2025\\\/06\\\/Le-niqab-au-sein-de-luniversite-photo-postedeveille.ca__172278.jpg\",\"datePublished\":\"2012-01-22T10:37:00+00:00\",\"description\":\"Facult\u00e9 des Lettres de La Manouba: et de dix le nombre de niqabistes en gr\u00e8ve de la faim\",\"breadcrumb\":{\"@id\":\"https:\\\/\\\/www.webdo.tn\\\/fr\\\/actualite\\\/national-45\\\/faculte-des-lettres-de-la-manouba-et-de-dix-le-nombre-de-niqabistes-en-greve-de-la-faim\\\/172278\\\/#breadcrumb\"},\"inLanguage\":\"fr-FR\",\"potentialAction\":[{\"@type\":\"ReadAction\",\"target\":[\"https:\\\/\\\/www.webdo.tn\\\/fr\\\/actualite\\\/national-45\\\/faculte-des-lettres-de-la-manouba-et-de-dix-le-nombre-de-niqabistes-en-greve-de-la-faim\\\/172278\\\/\"]}]},{\"@type\":\"ImageObject\",\"inLanguage\":\"fr-FR\",\"@id\":\"https:\\\/\\\/www.webdo.tn\\\/fr\\\/actualite\\\/national-45\\\/faculte-des-lettres-de-la-manouba-et-de-dix-le-nombre-de-niqabistes-en-greve-de-la-faim\\\/172278\\\/#primaryimage\",\"url\":\"https:\\\/\\\/www.webdo.tn\\\/fr\\\/wp-content\\\/uploads\\\/2025\\\/06\\\/Le-niqab-au-sein-de-luniversite-photo-postedeveille.ca__172278.jpg\",\"contentUrl\":\"https:\\\/\\\/www.webdo.tn\\\/fr\\\/wp-content\\\/uploads\\\/2025\\\/06\\\/Le-niqab-au-sein-de-luniversite-photo-postedeveille.ca__172278.jpg\",\"width\":246,\"height\":186,\"caption\":\"Facult\u00e9 des Lettres de La Manouba: et de dix le nombre de \\\"niqabistes\\\" en gr\u00e8ve de la faim\"},{\"@type\":\"BreadcrumbList\",\"@id\":\"https:\\\/\\\/www.webdo.tn\\\/fr\\\/actualite\\\/national-45\\\/faculte-des-lettres-de-la-manouba-et-de-dix-le-nombre-de-niqabistes-en-greve-de-la-faim\\\/172278\\\/#breadcrumb\",\"itemListElement\":[{\"@type\":\"ListItem\",\"position\":1,\"name\":\"Accueil\",\"item\":\"https:\\\/\\\/www.webdo.tn\\\/fr\\\/\"},{\"@type\":\"ListItem\",\"position\":2,\"name\":\"Facult\u00e9 des Lettres de La Manouba: et de dix le nombre de \u00ab\u00a0niqabistes\u00a0\u00bb en gr\u00e8ve de la faim\"}]},{\"@type\":\"WebSite\",\"@id\":\"https:\\\/\\\/www.webdo.tn\\\/fr\\\/#website\",\"url\":\"https:\\\/\\\/www.webdo.tn\\\/fr\\\/\",\"name\":\"webdo\",\"description\":\"Tunisie - News en Tunisie et \u00e0 l&#039;international sur Webdo.tn\",\"publisher\":{\"@id\":\"https:\\\/\\\/www.webdo.tn\\\/fr\\\/#organization\"},\"potentialAction\":[{\"@type\":\"SearchAction\",\"target\":{\"@type\":\"EntryPoint\",\"urlTemplate\":\"https:\\\/\\\/www.webdo.tn\\\/fr\\\/?s={search_term_string}\"},\"query-input\":{\"@type\":\"PropertyValueSpecification\",\"valueRequired\":true,\"valueName\":\"search_term_string\"}}],\"inLanguage\":\"fr-FR\"},{\"@type\":\"Organization\",\"@id\":\"https:\\\/\\\/www.webdo.tn\\\/fr\\\/#organization\",\"name\":\"Webdo\",\"alternateName\":\"Webdo.tn\",\"url\":\"https:\\\/\\\/www.webdo.tn\\\/fr\\\/\",\"logo\":{\"@type\":\"ImageObject\",\"inLanguage\":\"fr-FR\",\"@id\":\"https:\\\/\\\/www.webdo.tn\\\/fr\\\/#\\\/schema\\\/logo\\\/image\\\/\",\"url\":\"https:\\\/\\\/www.webdo.tn\\\/fr\\\/wp-content\\\/uploads\\\/2025\\\/06\\\/Webdo-Tunisie_168377.jpg\",\"contentUrl\":\"https:\\\/\\\/www.webdo.tn\\\/fr\\\/wp-content\\\/uploads\\\/2025\\\/06\\\/Webdo-Tunisie_168377.jpg\",\"width\":301,\"height\":301,\"caption\":\"Webdo\"},\"image\":{\"@id\":\"https:\\\/\\\/www.webdo.tn\\\/fr\\\/#\\\/schema\\\/logo\\\/image\\\/\"},\"sameAs\":[\"https:\\\/\\\/www.facebook.com\\\/webdotn\",\"https:\\\/\\\/x.com\\\/webdo_tn\"],\"description\":\"Webdo est un m\u00e9dia num\u00e9rique tunisien fond\u00e9 en 2010, sp\u00e9cialis\u00e9 dans l\u2019actualit\u00e9 nationale et internationale, l\u2019\u00e9conomie, la soci\u00e9t\u00e9 et les analyses politiques. Le site s\u2019adresse \u00e0 un large public francophone et couvre l\u2019information tunisienne en temps r\u00e9el.\",\"email\":\"redac@webdo.tn\",\"legalName\":\"YNJ SARL\",\"foundingDate\":\"2010-09-06\",\"numberOfEmployees\":{\"@type\":\"QuantitativeValue\",\"minValue\":\"11\",\"maxValue\":\"50\"}},{\"@type\":\"Person\",\"@id\":\"https:\\\/\\\/www.webdo.tn\\\/fr\\\/#\\\/schema\\\/person\\\/9a9c6118d687c117df8ef3cc36a4d175\",\"name\":\"webdo.tn\",\"image\":{\"@type\":\"ImageObject\",\"inLanguage\":\"fr-FR\",\"@id\":\"https:\\\/\\\/secure.gravatar.com\\\/avatar\\\/7ce1f28c0c3bbac99ff550b85ef8e44a6950c6ee24514fb6a5489e51d06f0298?s=96&d=mm&r=g\",\"url\":\"https:\\\/\\\/secure.gravatar.com\\\/avatar\\\/7ce1f28c0c3bbac99ff550b85ef8e44a6950c6ee24514fb6a5489e51d06f0298?s=96&d=mm&r=g\",\"contentUrl\":\"https:\\\/\\\/secure.gravatar.com\\\/avatar\\\/7ce1f28c0c3bbac99ff550b85ef8e44a6950c6ee24514fb6a5489e51d06f0298?s=96&d=mm&r=g\",\"caption\":\"webdo.tn\"},\"url\":\"https:\\\/\\\/www.webdo.tn\\\/fr\\\/actualite\\\/author\\\/webdotn\\\/\"}]}<\/script>\n<!-- \/ Yoast SEO Premium plugin. -->","yoast_head_json":{"title":"Facult\u00e9 des Lettres de La Manouba: et de dix le nombre de niqabistes en gr\u00e8ve de la faim","description":"Facult\u00e9 des Lettres de La Manouba: et de dix le nombre de niqabistes en gr\u00e8ve de la faim","canonical":"https:\/\/www.webdo.tn\/fr\/actualite\/national-45\/faculte-des-lettres-de-la-manouba-et-de-dix-le-nombre-de-niqabistes-en-greve-de-la-faim\/172278\/","og_locale":"fr_FR","og_type":"article","og_title":"Facult\u00e9 des Lettres de La Manouba: et de dix le nombre de \"niqabistes\" en gr\u00e8ve de la faim","og_description":"Facult\u00e9 des Lettres de La Manouba: et de dix le nombre de niqabistes en gr\u00e8ve de la faim","og_url":"https:\/\/www.webdo.tn\/fr\/actualite\/national-45\/faculte-des-lettres-de-la-manouba-et-de-dix-le-nombre-de-niqabistes-en-greve-de-la-faim\/172278\/","og_site_name":"webdo","article_publisher":"https:\/\/www.facebook.com\/webdotn","article_published_time":"2012-01-22T10:37:00+00:00","author":"webdo.tn","twitter_card":"summary_large_image","twitter_creator":"@webdo_tn","twitter_site":"@webdo_tn","twitter_misc":{"\u00c9crit par":"webdo.tn","Dur\u00e9e de lecture estim\u00e9e":"1 minute"},"schema":{"@context":"https:\/\/schema.org","@graph":[{"@type":"NewsArticle","@id":"https:\/\/www.webdo.tn\/fr\/actualite\/national-45\/faculte-des-lettres-de-la-manouba-et-de-dix-le-nombre-de-niqabistes-en-greve-de-la-faim\/172278\/#article","isPartOf":{"@id":"https:\/\/www.webdo.tn\/fr\/actualite\/national-45\/faculte-des-lettres-de-la-manouba-et-de-dix-le-nombre-de-niqabistes-en-greve-de-la-faim\/172278\/"},"author":{"name":"webdo.tn","@id":"https:\/\/www.webdo.tn\/fr\/#\/schema\/person\/9a9c6118d687c117df8ef3cc36a4d175"},"headline":"Facult\u00e9 des Lettres de La Manouba: et de dix le nombre de \u00ab\u00a0niqabistes\u00a0\u00bb en gr\u00e8ve de la faim","datePublished":"2012-01-22T10:37:00+00:00","mainEntityOfPage":{"@id":"https:\/\/www.webdo.tn\/fr\/actualite\/national-45\/faculte-des-lettres-de-la-manouba-et-de-dix-le-nombre-de-niqabistes-en-greve-de-la-faim\/172278\/"},"wordCount":202,"commentCount":0,"publisher":{"@id":"https:\/\/www.webdo.tn\/fr\/#organization"},"image":{"@id":"https:\/\/www.webdo.tn\/fr\/actualite\/national-45\/faculte-des-lettres-de-la-manouba-et-de-dix-le-nombre-de-niqabistes-en-greve-de-la-faim\/172278\/#primaryimage"},"thumbnailUrl":"https:\/\/www.webdo.tn\/fr\/wp-content\/uploads\/2025\/06\/Le-niqab-au-sein-de-luniversite-photo-postedeveille.ca__172278.jpg","keywords":["guerre"],"articleSection":["National"],"inLanguage":"fr-FR"},{"@type":"WebPage","@id":"https:\/\/www.webdo.tn\/fr\/actualite\/national-45\/faculte-des-lettres-de-la-manouba-et-de-dix-le-nombre-de-niqabistes-en-greve-de-la-faim\/172278\/","url":"https:\/\/www.webdo.tn\/fr\/actualite\/national-45\/faculte-des-lettres-de-la-manouba-et-de-dix-le-nombre-de-niqabistes-en-greve-de-la-faim\/172278\/","name":"Facult\u00e9 des Lettres de La Manouba: et de dix le nombre de niqabistes en gr\u00e8ve de la faim","isPartOf":{"@id":"https:\/\/www.webdo.tn\/fr\/#website"},"primaryImageOfPage":{"@id":"https:\/\/www.webdo.tn\/fr\/actualite\/national-45\/faculte-des-lettres-de-la-manouba-et-de-dix-le-nombre-de-niqabistes-en-greve-de-la-faim\/172278\/#primaryimage"},"image":{"@id":"https:\/\/www.webdo.tn\/fr\/actualite\/national-45\/faculte-des-lettres-de-la-manouba-et-de-dix-le-nombre-de-niqabistes-en-greve-de-la-faim\/172278\/#primaryimage"},"thumbnailUrl":"https:\/\/www.webdo.tn\/fr\/wp-content\/uploads\/2025\/06\/Le-niqab-au-sein-de-luniversite-photo-postedeveille.ca__172278.jpg","datePublished":"2012-01-22T10:37:00+00:00","description":"Facult\u00e9 des Lettres de La Manouba: et de dix le nombre de niqabistes en gr\u00e8ve de la faim","breadcrumb":{"@id":"https:\/\/www.webdo.tn\/fr\/actualite\/national-45\/faculte-des-lettres-de-la-manouba-et-de-dix-le-nombre-de-niqabistes-en-greve-de-la-faim\/172278\/#breadcrumb"},"inLanguage":"fr-FR","potentialAction":[{"@type":"ReadAction","target":["https:\/\/www.webdo.tn\/fr\/actualite\/national-45\/faculte-des-lettres-de-la-manouba-et-de-dix-le-nombre-de-niqabistes-en-greve-de-la-faim\/172278\/"]}]},{"@type":"ImageObject","inLanguage":"fr-FR","@id":"https:\/\/www.webdo.tn\/fr\/actualite\/national-45\/faculte-des-lettres-de-la-manouba-et-de-dix-le-nombre-de-niqabistes-en-greve-de-la-faim\/172278\/#primaryimage","url":"https:\/\/www.webdo.tn\/fr\/wp-content\/uploads\/2025\/06\/Le-niqab-au-sein-de-luniversite-photo-postedeveille.ca__172278.jpg","contentUrl":"https:\/\/www.webdo.tn\/fr\/wp-content\/uploads\/2025\/06\/Le-niqab-au-sein-de-luniversite-photo-postedeveille.ca__172278.jpg","width":246,"height":186,"caption":"Facult\u00e9 des Lettres de La Manouba: et de dix le nombre de \"niqabistes\" en gr\u00e8ve de la faim"},{"@type":"BreadcrumbList","@id":"https:\/\/www.webdo.tn\/fr\/actualite\/national-45\/faculte-des-lettres-de-la-manouba-et-de-dix-le-nombre-de-niqabistes-en-greve-de-la-faim\/172278\/#breadcrumb","itemListElement":[{"@type":"ListItem","position":1,"name":"Accueil","item":"https:\/\/www.webdo.tn\/fr\/"},{"@type":"ListItem","position":2,"name":"Facult\u00e9 des Lettres de La Manouba: et de dix le nombre de \u00ab\u00a0niqabistes\u00a0\u00bb en gr\u00e8ve de la faim"}]},{"@type":"WebSite","@id":"https:\/\/www.webdo.tn\/fr\/#website","url":"https:\/\/www.webdo.tn\/fr\/","name":"webdo","description":"Tunisie - News en Tunisie et \u00e0 l&#039;international sur Webdo.tn","publisher":{"@id":"https:\/\/www.webdo.tn\/fr\/#organization"},"potentialAction":[{"@type":"SearchAction","target":{"@type":"EntryPoint","urlTemplate":"https:\/\/www.webdo.tn\/fr\/?s={search_term_string}"},"query-input":{"@type":"PropertyValueSpecification","valueRequired":true,"valueName":"search_term_string"}}],"inLanguage":"fr-FR"},{"@type":"Organization","@id":"https:\/\/www.webdo.tn\/fr\/#organization","name":"Webdo","alternateName":"Webdo.tn","url":"https:\/\/www.webdo.tn\/fr\/","logo":{"@type":"ImageObject","inLanguage":"fr-FR","@id":"https:\/\/www.webdo.tn\/fr\/#\/schema\/logo\/image\/","url":"https:\/\/www.webdo.tn\/fr\/wp-content\/uploads\/2025\/06\/Webdo-Tunisie_168377.jpg","contentUrl":"https:\/\/www.webdo.tn\/fr\/wp-content\/uploads\/2025\/06\/Webdo-Tunisie_168377.jpg","width":301,"height":301,"caption":"Webdo"},"image":{"@id":"https:\/\/www.webdo.tn\/fr\/#\/schema\/logo\/image\/"},"sameAs":["https:\/\/www.facebook.com\/webdotn","https:\/\/x.com\/webdo_tn"],"description":"Webdo est un m\u00e9dia num\u00e9rique tunisien fond\u00e9 en 2010, sp\u00e9cialis\u00e9 dans l\u2019actualit\u00e9 nationale et internationale, l\u2019\u00e9conomie, la soci\u00e9t\u00e9 et les analyses politiques. Le site s\u2019adresse \u00e0 un large public francophone et couvre l\u2019information tunisienne en temps r\u00e9el.","email":"redac@webdo.tn","legalName":"YNJ SARL","foundingDate":"2010-09-06","numberOfEmployees":{"@type":"QuantitativeValue","minValue":"11","maxValue":"50"}},{"@type":"Person","@id":"https:\/\/www.webdo.tn\/fr\/#\/schema\/person\/9a9c6118d687c117df8ef3cc36a4d175","name":"webdo.tn","image":{"@type":"ImageObject","inLanguage":"fr-FR","@id":"https:\/\/secure.gravatar.com\/avatar\/7ce1f28c0c3bbac99ff550b85ef8e44a6950c6ee24514fb6a5489e51d06f0298?s=96&d=mm&r=g","url":"https:\/\/secure.gravatar.com\/avatar\/7ce1f28c0c3bbac99ff550b85ef8e44a6950c6ee24514fb6a5489e51d06f0298?s=96&d=mm&r=g","contentUrl":"https:\/\/secure.gravatar.com\/avatar\/7ce1f28c0c3bbac99ff550b85ef8e44a6950c6ee24514fb6a5489e51d06f0298?s=96&d=mm&r=g","caption":"webdo.tn"},"url":"https:\/\/www.webdo.tn\/fr\/actualite\/author\/webdotn\/"}]}},"_links":{"self":[{"href":"https:\/\/www.webdo.tn\/fr\/wp-json\/wp\/v2\/posts\/172278","targetHints":{"allow":["GET"]}}],"collection":[{"href":"https:\/\/www.webdo.tn\/fr\/wp-json\/wp\/v2\/posts"}],"about":[{"href":"https:\/\/www.webdo.tn\/fr\/wp-json\/wp\/v2\/types\/post"}],"author":[{"embeddable":true,"href":"https:\/\/www.webdo.tn\/fr\/wp-json\/wp\/v2\/users\/3222"}],"replies":[{"embeddable":true,"href":"https:\/\/www.webdo.tn\/fr\/wp-json\/wp\/v2\/comments?post=172278"}],"version-history":[{"count":0,"href":"https:\/\/www.webdo.tn\/fr\/wp-json\/wp\/v2\/posts\/172278\/revisions"}],"wp:featuredmedia":[{"embeddable":true,"href":"https:\/\/www.webdo.tn\/fr\/wp-json\/wp\/v2\/media\/374547"}],"wp:attachment":[{"href":"https:\/\/www.webdo.tn\/fr\/wp-json\/wp\/v2\/media?parent=172278"}],"wp:term":[{"taxonomy":"category","embeddable":true,"href":"https:\/\/www.webdo.tn\/fr\/wp-json\/wp\/v2\/categories?post=172278"},{"taxonomy":"post_tag","embeddable":true,"href":"https:\/\/www.webdo.tn\/fr\/wp-json\/wp\/v2\/tags?post=172278"}],"curies":[{"name":"wp","href":"https:\/\/api.w.org\/{rel}","templated":true}]}}