{"id":172277,"date":"2012-01-22T15:31:00","date_gmt":"2012-01-22T15:31:00","guid":{"rendered":"https:\/\/www.webdo.tn\/fr\/blog\/la-phobie-du-complot-quand-le-premier-ministre-cite-sans-les-nommer-ceux-qui-sont-derriere-les-protestations-actuelles\/172277\/"},"modified":"2012-01-22T15:31:00","modified_gmt":"2012-01-22T15:31:00","slug":"la-phobie-du-complot-quand-le-premier-ministre-cite-sans-les-nommer-ceux-qui-sont-derriere-les-protestations-actuelles","status":"publish","type":"post","link":"https:\/\/www.webdo.tn\/fr\/actualite\/national\/la-phobie-du-complot-quand-le-premier-ministre-cite-sans-les-nommer-ceux-qui-sont-derriere-les-protestations-actuelles\/172277\/","title":{"rendered":"La phobie du complot : quand le Premier ministre cite, sans les nommer, ceux qui sont derri\u00e8re les protestations actuelles !"},"content":{"rendered":"<p>Les mouvements de protestation, les sit-in, les barrages sur les routes ou les manifestations de diverses formes qui se tiennent un peu partout dans notre pays sont inqui\u00e9tants \u00e0 plus d\u2019un \u00e9gard.<\/p>\n<p>Ce qui nous importe ici c\u2019est de comprendre la position de l\u2019actuel gouvernement quant aux tenants et aboutissants de ces \u00e9v\u00e9nements, et de son attitude envers les manifestants.<\/p>\n<p>En ce qui concerne ces mouvements, le Premier ministre, Hamadi Jebali, les consid\u00e8re l\u00e9gitimes, d\u2019un certain point de vue celui d\u2019un pays qui d\u00e9couvre la d\u00e9mocratie et qui s\u2019en enorgueillit soulignant que la Tunisie est class\u00e9e Premi\u00e8re dans le monde arabe. Tant mieux pour nous tous, citoyens tunisiens qui avions tant souffert de la dictature.<\/p>\n<p>Mais, et sans s\u2019en prendre \u00e0 des partis politiques sur la sc\u00e8ne, alors que d\u2019autres dirigeants d\u2019Ennahdha avaient explicitement accus\u00e9 les extr\u00e9mistes de gauche d\u2019\u00eatre derri\u00e8re ces manifestations, Hamadi Jebali a \u00e9voqu\u00e9, hier dans une interview accord\u00e9e \u00e0 3 chaines tunisiennes, des parties locales aid\u00e9es de l\u2019ext\u00e9rieur et qui seraient en train de mettre de l\u2019huile sur le feu.<\/p>\n<p>Sur ce plan, le Premier ministre, en tant que premier responsable de la bonne marche des services publics et du maintien de l\u2019ordre public, et aussi en tant que premier responsable politique du pays, doit assumer ses responsabilit\u00e9s. Si jamais il conna\u00eet ces gens-l\u00e0, qui agissent dans l\u2019ombre contre l\u2019int\u00e9r\u00eat de la nation, il a le devoir d\u2019introduire une plainte \u00e0 leur encontre devant la justice qui devrait arr\u00eater les coupables, s\u2019ils le sont r\u00e9ellement, avant de les traduire ensuite devant les juges.<\/p>\n<p>C\u2019est cela le devoir d\u2019un premier responsable d\u2019un pays \u00e0 moins que ses \u00ab r\u00e9v\u00e9lations \u00bb ne soient que des conclusions h\u00e2tives et sans preuve !<\/p>\n","protected":false},"excerpt":{"rendered":"<p>La phobie du complot : quand le Premier ministre cite, sans les nommer, ceux qui sont derri\u00e8re les protestations actuelles !<\/p>\n","protected":false},"author":3222,"featured_media":333823,"comment_status":"open","ping_status":"closed","sticky":false,"template":"","format":"standard","meta":{"footnotes":""},"categories":[44],"tags":[2600],"class_list":["post-172277","post","type-post","status-publish","format-standard","has-post-thumbnail","hentry","category-national","tag-guerre"],"yoast_head":"<!-- This site is optimized with the Yoast SEO Premium plugin v27.5 (Yoast SEO v27.5) - https:\/\/yoast.com\/product\/yoast-seo-premium-wordpress\/ -->\n<title>La phobie du complot : quand le Premier ministre cite, sans les nommer, ceux qui sont derri\u00e8re les protestations actuelles !<\/title>\n<meta name=\"description\" content=\"La phobie du complot : quand le Premier ministre cite, sans les nommer, ceux qui sont derri\u00e8re les protestations actuelles !\" \/>\n<link rel=\"canonical\" href=\"https:\/\/www.webdo.tn\/fr\/actualite\/national-45\/la-phobie-du-complot-quand-le-premier-ministre-cite-sans-les-nommer-ceux-qui-sont-derriere-les-protestations-actuelles\/172277\/\" \/>\n<meta property=\"og:locale\" content=\"fr_FR\" \/>\n<meta property=\"og:type\" content=\"article\" \/>\n<meta property=\"og:title\" content=\"La phobie du complot : quand le Premier ministre cite, sans les nommer, ceux qui sont derri\u00e8re les protestations actuelles !\" \/>\n<meta property=\"og:description\" content=\"La phobie du complot : quand le Premier ministre cite, sans les nommer, ceux qui sont derri\u00e8re les protestations actuelles !\" \/>\n<meta property=\"og:url\" content=\"https:\/\/www.webdo.tn\/fr\/actualite\/national-45\/la-phobie-du-complot-quand-le-premier-ministre-cite-sans-les-nommer-ceux-qui-sont-derriere-les-protestations-actuelles\/172277\/\" \/>\n<meta property=\"og:site_name\" content=\"webdo\" \/>\n<meta property=\"article:publisher\" content=\"https:\/\/www.facebook.com\/webdotn\" \/>\n<meta property=\"article:published_time\" content=\"2012-01-22T15:31:00+00:00\" \/>\n<meta property=\"og:image\" content=\"https:\/\/www.webdo.tn\/fr\/wp-content\/uploads\/2012\/01\/Hamadi-Jebali-photo-la-croix.com_.jpg\" \/>\n\t<meta property=\"og:image:width\" content=\"242\" \/>\n\t<meta property=\"og:image:height\" content=\"212\" \/>\n\t<meta property=\"og:image:type\" content=\"image\/jpeg\" \/>\n<meta name=\"author\" content=\"webdo.tn\" \/>\n<meta name=\"twitter:card\" content=\"summary_large_image\" \/>\n<meta name=\"twitter:creator\" content=\"@webdo_tn\" \/>\n<meta name=\"twitter:site\" content=\"@webdo_tn\" \/>\n<meta name=\"twitter:label1\" content=\"\u00c9crit par\" \/>\n\t<meta name=\"twitter:data1\" content=\"webdo.tn\" \/>\n\t<meta name=\"twitter:label2\" content=\"Dur\u00e9e de lecture estim\u00e9e\" \/>\n\t<meta name=\"twitter:data2\" content=\"2 minutes\" \/>\n<script type=\"application\/ld+json\" class=\"yoast-schema-graph\">{\"@context\":\"https:\\\/\\\/schema.org\",\"@graph\":[{\"@type\":\"NewsArticle\",\"@id\":\"https:\\\/\\\/www.webdo.tn\\\/fr\\\/actualite\\\/national-45\\\/la-phobie-du-complot-quand-le-premier-ministre-cite-sans-les-nommer-ceux-qui-sont-derriere-les-protestations-actuelles\\\/172277\\\/#article\",\"isPartOf\":{\"@id\":\"https:\\\/\\\/www.webdo.tn\\\/fr\\\/actualite\\\/national-45\\\/la-phobie-du-complot-quand-le-premier-ministre-cite-sans-les-nommer-ceux-qui-sont-derriere-les-protestations-actuelles\\\/172277\\\/\"},\"author\":{\"name\":\"webdo.tn\",\"@id\":\"https:\\\/\\\/www.webdo.tn\\\/fr\\\/#\\\/schema\\\/person\\\/9a9c6118d687c117df8ef3cc36a4d175\"},\"headline\":\"La phobie du complot : quand le Premier ministre cite, sans les nommer, ceux qui sont derri\u00e8re les protestations actuelles !\",\"datePublished\":\"2012-01-22T15:31:00+00:00\",\"mainEntityOfPage\":{\"@id\":\"https:\\\/\\\/www.webdo.tn\\\/fr\\\/actualite\\\/national-45\\\/la-phobie-du-complot-quand-le-premier-ministre-cite-sans-les-nommer-ceux-qui-sont-derriere-les-protestations-actuelles\\\/172277\\\/\"},\"wordCount\":337,\"commentCount\":0,\"publisher\":{\"@id\":\"https:\\\/\\\/www.webdo.tn\\\/fr\\\/#organization\"},\"image\":{\"@id\":\"https:\\\/\\\/www.webdo.tn\\\/fr\\\/actualite\\\/national-45\\\/la-phobie-du-complot-quand-le-premier-ministre-cite-sans-les-nommer-ceux-qui-sont-derriere-les-protestations-actuelles\\\/172277\\\/#primaryimage\"},\"thumbnailUrl\":\"https:\\\/\\\/www.webdo.tn\\\/fr\\\/wp-content\\\/uploads\\\/2012\\\/01\\\/Hamadi-Jebali-photo-la-croix.com_.jpg\",\"keywords\":[\"guerre\"],\"articleSection\":[\"National\"],\"inLanguage\":\"fr-FR\"},{\"@type\":\"WebPage\",\"@id\":\"https:\\\/\\\/www.webdo.tn\\\/fr\\\/actualite\\\/national-45\\\/la-phobie-du-complot-quand-le-premier-ministre-cite-sans-les-nommer-ceux-qui-sont-derriere-les-protestations-actuelles\\\/172277\\\/\",\"url\":\"https:\\\/\\\/www.webdo.tn\\\/fr\\\/actualite\\\/national-45\\\/la-phobie-du-complot-quand-le-premier-ministre-cite-sans-les-nommer-ceux-qui-sont-derriere-les-protestations-actuelles\\\/172277\\\/\",\"name\":\"La phobie du complot : quand le Premier ministre cite, sans les nommer, ceux qui sont derri\u00e8re les protestations actuelles !\",\"isPartOf\":{\"@id\":\"https:\\\/\\\/www.webdo.tn\\\/fr\\\/#website\"},\"primaryImageOfPage\":{\"@id\":\"https:\\\/\\\/www.webdo.tn\\\/fr\\\/actualite\\\/national-45\\\/la-phobie-du-complot-quand-le-premier-ministre-cite-sans-les-nommer-ceux-qui-sont-derriere-les-protestations-actuelles\\\/172277\\\/#primaryimage\"},\"image\":{\"@id\":\"https:\\\/\\\/www.webdo.tn\\\/fr\\\/actualite\\\/national-45\\\/la-phobie-du-complot-quand-le-premier-ministre-cite-sans-les-nommer-ceux-qui-sont-derriere-les-protestations-actuelles\\\/172277\\\/#primaryimage\"},\"thumbnailUrl\":\"https:\\\/\\\/www.webdo.tn\\\/fr\\\/wp-content\\\/uploads\\\/2012\\\/01\\\/Hamadi-Jebali-photo-la-croix.com_.jpg\",\"datePublished\":\"2012-01-22T15:31:00+00:00\",\"description\":\"La phobie du complot : quand le Premier ministre cite, sans les nommer, ceux qui sont derri\u00e8re les protestations actuelles !\",\"breadcrumb\":{\"@id\":\"https:\\\/\\\/www.webdo.tn\\\/fr\\\/actualite\\\/national-45\\\/la-phobie-du-complot-quand-le-premier-ministre-cite-sans-les-nommer-ceux-qui-sont-derriere-les-protestations-actuelles\\\/172277\\\/#breadcrumb\"},\"inLanguage\":\"fr-FR\",\"potentialAction\":[{\"@type\":\"ReadAction\",\"target\":[\"https:\\\/\\\/www.webdo.tn\\\/fr\\\/actualite\\\/national-45\\\/la-phobie-du-complot-quand-le-premier-ministre-cite-sans-les-nommer-ceux-qui-sont-derriere-les-protestations-actuelles\\\/172277\\\/\"]}]},{\"@type\":\"ImageObject\",\"inLanguage\":\"fr-FR\",\"@id\":\"https:\\\/\\\/www.webdo.tn\\\/fr\\\/actualite\\\/national-45\\\/la-phobie-du-complot-quand-le-premier-ministre-cite-sans-les-nommer-ceux-qui-sont-derriere-les-protestations-actuelles\\\/172277\\\/#primaryimage\",\"url\":\"https:\\\/\\\/www.webdo.tn\\\/fr\\\/wp-content\\\/uploads\\\/2012\\\/01\\\/Hamadi-Jebali-photo-la-croix.com_.jpg\",\"contentUrl\":\"https:\\\/\\\/www.webdo.tn\\\/fr\\\/wp-content\\\/uploads\\\/2012\\\/01\\\/Hamadi-Jebali-photo-la-croix.com_.jpg\",\"width\":242,\"height\":212,\"caption\":\"La phobie du complot : quand le Premier ministre cite, sans les nommer, ceux qui sont derri\u00e8re les protestations actuelles !\"},{\"@type\":\"BreadcrumbList\",\"@id\":\"https:\\\/\\\/www.webdo.tn\\\/fr\\\/actualite\\\/national-45\\\/la-phobie-du-complot-quand-le-premier-ministre-cite-sans-les-nommer-ceux-qui-sont-derriere-les-protestations-actuelles\\\/172277\\\/#breadcrumb\",\"itemListElement\":[{\"@type\":\"ListItem\",\"position\":1,\"name\":\"Accueil\",\"item\":\"https:\\\/\\\/www.webdo.tn\\\/fr\\\/\"},{\"@type\":\"ListItem\",\"position\":2,\"name\":\"La phobie du complot : quand le Premier ministre cite, sans les nommer, ceux qui sont derri\u00e8re les protestations actuelles !\"}]},{\"@type\":\"WebSite\",\"@id\":\"https:\\\/\\\/www.webdo.tn\\\/fr\\\/#website\",\"url\":\"https:\\\/\\\/www.webdo.tn\\\/fr\\\/\",\"name\":\"webdo\",\"description\":\"Tunisie - News en Tunisie et \u00e0 l&#039;international sur Webdo.tn\",\"publisher\":{\"@id\":\"https:\\\/\\\/www.webdo.tn\\\/fr\\\/#organization\"},\"potentialAction\":[{\"@type\":\"SearchAction\",\"target\":{\"@type\":\"EntryPoint\",\"urlTemplate\":\"https:\\\/\\\/www.webdo.tn\\\/fr\\\/?s={search_term_string}\"},\"query-input\":{\"@type\":\"PropertyValueSpecification\",\"valueRequired\":true,\"valueName\":\"search_term_string\"}}],\"inLanguage\":\"fr-FR\"},{\"@type\":\"Organization\",\"@id\":\"https:\\\/\\\/www.webdo.tn\\\/fr\\\/#organization\",\"name\":\"Webdo\",\"alternateName\":\"Webdo.tn\",\"url\":\"https:\\\/\\\/www.webdo.tn\\\/fr\\\/\",\"logo\":{\"@type\":\"ImageObject\",\"inLanguage\":\"fr-FR\",\"@id\":\"https:\\\/\\\/www.webdo.tn\\\/fr\\\/#\\\/schema\\\/logo\\\/image\\\/\",\"url\":\"https:\\\/\\\/www.webdo.tn\\\/fr\\\/wp-content\\\/uploads\\\/2025\\\/06\\\/Webdo-Tunisie_168377.jpg\",\"contentUrl\":\"https:\\\/\\\/www.webdo.tn\\\/fr\\\/wp-content\\\/uploads\\\/2025\\\/06\\\/Webdo-Tunisie_168377.jpg\",\"width\":301,\"height\":301,\"caption\":\"Webdo\"},\"image\":{\"@id\":\"https:\\\/\\\/www.webdo.tn\\\/fr\\\/#\\\/schema\\\/logo\\\/image\\\/\"},\"sameAs\":[\"https:\\\/\\\/www.facebook.com\\\/webdotn\",\"https:\\\/\\\/x.com\\\/webdo_tn\"],\"description\":\"Webdo est un m\u00e9dia num\u00e9rique tunisien fond\u00e9 en 2010, sp\u00e9cialis\u00e9 dans l\u2019actualit\u00e9 nationale et internationale, l\u2019\u00e9conomie, la soci\u00e9t\u00e9 et les analyses politiques. Le site s\u2019adresse \u00e0 un large public francophone et couvre l\u2019information tunisienne en temps r\u00e9el.\",\"email\":\"redac@webdo.tn\",\"legalName\":\"YNJ SARL\",\"foundingDate\":\"2010-09-06\",\"numberOfEmployees\":{\"@type\":\"QuantitativeValue\",\"minValue\":\"11\",\"maxValue\":\"50\"}},{\"@type\":\"Person\",\"@id\":\"https:\\\/\\\/www.webdo.tn\\\/fr\\\/#\\\/schema\\\/person\\\/9a9c6118d687c117df8ef3cc36a4d175\",\"name\":\"webdo.tn\",\"image\":{\"@type\":\"ImageObject\",\"inLanguage\":\"fr-FR\",\"@id\":\"https:\\\/\\\/secure.gravatar.com\\\/avatar\\\/7ce1f28c0c3bbac99ff550b85ef8e44a6950c6ee24514fb6a5489e51d06f0298?s=96&d=mm&r=g\",\"url\":\"https:\\\/\\\/secure.gravatar.com\\\/avatar\\\/7ce1f28c0c3bbac99ff550b85ef8e44a6950c6ee24514fb6a5489e51d06f0298?s=96&d=mm&r=g\",\"contentUrl\":\"https:\\\/\\\/secure.gravatar.com\\\/avatar\\\/7ce1f28c0c3bbac99ff550b85ef8e44a6950c6ee24514fb6a5489e51d06f0298?s=96&d=mm&r=g\",\"caption\":\"webdo.tn\"},\"url\":\"https:\\\/\\\/www.webdo.tn\\\/fr\\\/actualite\\\/author\\\/webdotn\\\/\"}]}<\/script>\n<!-- \/ Yoast SEO Premium plugin. -->","yoast_head_json":{"title":"La phobie du complot : quand le Premier ministre cite, sans les nommer, ceux qui sont derri\u00e8re les protestations actuelles !","description":"La phobie du complot : quand le Premier ministre cite, sans les nommer, ceux qui sont derri\u00e8re les protestations actuelles !","canonical":"https:\/\/www.webdo.tn\/fr\/actualite\/national-45\/la-phobie-du-complot-quand-le-premier-ministre-cite-sans-les-nommer-ceux-qui-sont-derriere-les-protestations-actuelles\/172277\/","og_locale":"fr_FR","og_type":"article","og_title":"La phobie du complot : quand le Premier ministre cite, sans les nommer, ceux qui sont derri\u00e8re les protestations actuelles !","og_description":"La phobie du complot : quand le Premier ministre cite, sans les nommer, ceux qui sont derri\u00e8re les protestations actuelles !","og_url":"https:\/\/www.webdo.tn\/fr\/actualite\/national-45\/la-phobie-du-complot-quand-le-premier-ministre-cite-sans-les-nommer-ceux-qui-sont-derriere-les-protestations-actuelles\/172277\/","og_site_name":"webdo","article_publisher":"https:\/\/www.facebook.com\/webdotn","article_published_time":"2012-01-22T15:31:00+00:00","og_image":[{"width":242,"height":212,"url":"https:\/\/www.webdo.tn\/fr\/wp-content\/uploads\/2012\/01\/Hamadi-Jebali-photo-la-croix.com_.jpg","type":"image\/jpeg"}],"author":"webdo.tn","twitter_card":"summary_large_image","twitter_creator":"@webdo_tn","twitter_site":"@webdo_tn","twitter_misc":{"\u00c9crit par":"webdo.tn","Dur\u00e9e de lecture estim\u00e9e":"2 minutes"},"schema":{"@context":"https:\/\/schema.org","@graph":[{"@type":"NewsArticle","@id":"https:\/\/www.webdo.tn\/fr\/actualite\/national-45\/la-phobie-du-complot-quand-le-premier-ministre-cite-sans-les-nommer-ceux-qui-sont-derriere-les-protestations-actuelles\/172277\/#article","isPartOf":{"@id":"https:\/\/www.webdo.tn\/fr\/actualite\/national-45\/la-phobie-du-complot-quand-le-premier-ministre-cite-sans-les-nommer-ceux-qui-sont-derriere-les-protestations-actuelles\/172277\/"},"author":{"name":"webdo.tn","@id":"https:\/\/www.webdo.tn\/fr\/#\/schema\/person\/9a9c6118d687c117df8ef3cc36a4d175"},"headline":"La phobie du complot : quand le Premier ministre cite, sans les nommer, ceux qui sont derri\u00e8re les protestations actuelles !","datePublished":"2012-01-22T15:31:00+00:00","mainEntityOfPage":{"@id":"https:\/\/www.webdo.tn\/fr\/actualite\/national-45\/la-phobie-du-complot-quand-le-premier-ministre-cite-sans-les-nommer-ceux-qui-sont-derriere-les-protestations-actuelles\/172277\/"},"wordCount":337,"commentCount":0,"publisher":{"@id":"https:\/\/www.webdo.tn\/fr\/#organization"},"image":{"@id":"https:\/\/www.webdo.tn\/fr\/actualite\/national-45\/la-phobie-du-complot-quand-le-premier-ministre-cite-sans-les-nommer-ceux-qui-sont-derriere-les-protestations-actuelles\/172277\/#primaryimage"},"thumbnailUrl":"https:\/\/www.webdo.tn\/fr\/wp-content\/uploads\/2012\/01\/Hamadi-Jebali-photo-la-croix.com_.jpg","keywords":["guerre"],"articleSection":["National"],"inLanguage":"fr-FR"},{"@type":"WebPage","@id":"https:\/\/www.webdo.tn\/fr\/actualite\/national-45\/la-phobie-du-complot-quand-le-premier-ministre-cite-sans-les-nommer-ceux-qui-sont-derriere-les-protestations-actuelles\/172277\/","url":"https:\/\/www.webdo.tn\/fr\/actualite\/national-45\/la-phobie-du-complot-quand-le-premier-ministre-cite-sans-les-nommer-ceux-qui-sont-derriere-les-protestations-actuelles\/172277\/","name":"La phobie du complot : quand le Premier ministre cite, sans les nommer, ceux qui sont derri\u00e8re les protestations actuelles !","isPartOf":{"@id":"https:\/\/www.webdo.tn\/fr\/#website"},"primaryImageOfPage":{"@id":"https:\/\/www.webdo.tn\/fr\/actualite\/national-45\/la-phobie-du-complot-quand-le-premier-ministre-cite-sans-les-nommer-ceux-qui-sont-derriere-les-protestations-actuelles\/172277\/#primaryimage"},"image":{"@id":"https:\/\/www.webdo.tn\/fr\/actualite\/national-45\/la-phobie-du-complot-quand-le-premier-ministre-cite-sans-les-nommer-ceux-qui-sont-derriere-les-protestations-actuelles\/172277\/#primaryimage"},"thumbnailUrl":"https:\/\/www.webdo.tn\/fr\/wp-content\/uploads\/2012\/01\/Hamadi-Jebali-photo-la-croix.com_.jpg","datePublished":"2012-01-22T15:31:00+00:00","description":"La phobie du complot : quand le Premier ministre cite, sans les nommer, ceux qui sont derri\u00e8re les protestations actuelles !","breadcrumb":{"@id":"https:\/\/www.webdo.tn\/fr\/actualite\/national-45\/la-phobie-du-complot-quand-le-premier-ministre-cite-sans-les-nommer-ceux-qui-sont-derriere-les-protestations-actuelles\/172277\/#breadcrumb"},"inLanguage":"fr-FR","potentialAction":[{"@type":"ReadAction","target":["https:\/\/www.webdo.tn\/fr\/actualite\/national-45\/la-phobie-du-complot-quand-le-premier-ministre-cite-sans-les-nommer-ceux-qui-sont-derriere-les-protestations-actuelles\/172277\/"]}]},{"@type":"ImageObject","inLanguage":"fr-FR","@id":"https:\/\/www.webdo.tn\/fr\/actualite\/national-45\/la-phobie-du-complot-quand-le-premier-ministre-cite-sans-les-nommer-ceux-qui-sont-derriere-les-protestations-actuelles\/172277\/#primaryimage","url":"https:\/\/www.webdo.tn\/fr\/wp-content\/uploads\/2012\/01\/Hamadi-Jebali-photo-la-croix.com_.jpg","contentUrl":"https:\/\/www.webdo.tn\/fr\/wp-content\/uploads\/2012\/01\/Hamadi-Jebali-photo-la-croix.com_.jpg","width":242,"height":212,"caption":"La phobie du complot : quand le Premier ministre cite, sans les nommer, ceux qui sont derri\u00e8re les protestations actuelles !"},{"@type":"BreadcrumbList","@id":"https:\/\/www.webdo.tn\/fr\/actualite\/national-45\/la-phobie-du-complot-quand-le-premier-ministre-cite-sans-les-nommer-ceux-qui-sont-derriere-les-protestations-actuelles\/172277\/#breadcrumb","itemListElement":[{"@type":"ListItem","position":1,"name":"Accueil","item":"https:\/\/www.webdo.tn\/fr\/"},{"@type":"ListItem","position":2,"name":"La phobie du complot : quand le Premier ministre cite, sans les nommer, ceux qui sont derri\u00e8re les protestations actuelles !"}]},{"@type":"WebSite","@id":"https:\/\/www.webdo.tn\/fr\/#website","url":"https:\/\/www.webdo.tn\/fr\/","name":"webdo","description":"Tunisie - News en Tunisie et \u00e0 l&#039;international sur Webdo.tn","publisher":{"@id":"https:\/\/www.webdo.tn\/fr\/#organization"},"potentialAction":[{"@type":"SearchAction","target":{"@type":"EntryPoint","urlTemplate":"https:\/\/www.webdo.tn\/fr\/?s={search_term_string}"},"query-input":{"@type":"PropertyValueSpecification","valueRequired":true,"valueName":"search_term_string"}}],"inLanguage":"fr-FR"},{"@type":"Organization","@id":"https:\/\/www.webdo.tn\/fr\/#organization","name":"Webdo","alternateName":"Webdo.tn","url":"https:\/\/www.webdo.tn\/fr\/","logo":{"@type":"ImageObject","inLanguage":"fr-FR","@id":"https:\/\/www.webdo.tn\/fr\/#\/schema\/logo\/image\/","url":"https:\/\/www.webdo.tn\/fr\/wp-content\/uploads\/2025\/06\/Webdo-Tunisie_168377.jpg","contentUrl":"https:\/\/www.webdo.tn\/fr\/wp-content\/uploads\/2025\/06\/Webdo-Tunisie_168377.jpg","width":301,"height":301,"caption":"Webdo"},"image":{"@id":"https:\/\/www.webdo.tn\/fr\/#\/schema\/logo\/image\/"},"sameAs":["https:\/\/www.facebook.com\/webdotn","https:\/\/x.com\/webdo_tn"],"description":"Webdo est un m\u00e9dia num\u00e9rique tunisien fond\u00e9 en 2010, sp\u00e9cialis\u00e9 dans l\u2019actualit\u00e9 nationale et internationale, l\u2019\u00e9conomie, la soci\u00e9t\u00e9 et les analyses politiques. Le site s\u2019adresse \u00e0 un large public francophone et couvre l\u2019information tunisienne en temps r\u00e9el.","email":"redac@webdo.tn","legalName":"YNJ SARL","foundingDate":"2010-09-06","numberOfEmployees":{"@type":"QuantitativeValue","minValue":"11","maxValue":"50"}},{"@type":"Person","@id":"https:\/\/www.webdo.tn\/fr\/#\/schema\/person\/9a9c6118d687c117df8ef3cc36a4d175","name":"webdo.tn","image":{"@type":"ImageObject","inLanguage":"fr-FR","@id":"https:\/\/secure.gravatar.com\/avatar\/7ce1f28c0c3bbac99ff550b85ef8e44a6950c6ee24514fb6a5489e51d06f0298?s=96&d=mm&r=g","url":"https:\/\/secure.gravatar.com\/avatar\/7ce1f28c0c3bbac99ff550b85ef8e44a6950c6ee24514fb6a5489e51d06f0298?s=96&d=mm&r=g","contentUrl":"https:\/\/secure.gravatar.com\/avatar\/7ce1f28c0c3bbac99ff550b85ef8e44a6950c6ee24514fb6a5489e51d06f0298?s=96&d=mm&r=g","caption":"webdo.tn"},"url":"https:\/\/www.webdo.tn\/fr\/actualite\/author\/webdotn\/"}]}},"_links":{"self":[{"href":"https:\/\/www.webdo.tn\/fr\/wp-json\/wp\/v2\/posts\/172277","targetHints":{"allow":["GET"]}}],"collection":[{"href":"https:\/\/www.webdo.tn\/fr\/wp-json\/wp\/v2\/posts"}],"about":[{"href":"https:\/\/www.webdo.tn\/fr\/wp-json\/wp\/v2\/types\/post"}],"author":[{"embeddable":true,"href":"https:\/\/www.webdo.tn\/fr\/wp-json\/wp\/v2\/users\/3222"}],"replies":[{"embeddable":true,"href":"https:\/\/www.webdo.tn\/fr\/wp-json\/wp\/v2\/comments?post=172277"}],"version-history":[{"count":0,"href":"https:\/\/www.webdo.tn\/fr\/wp-json\/wp\/v2\/posts\/172277\/revisions"}],"wp:featuredmedia":[{"embeddable":true,"href":"https:\/\/www.webdo.tn\/fr\/wp-json\/wp\/v2\/media\/333823"}],"wp:attachment":[{"href":"https:\/\/www.webdo.tn\/fr\/wp-json\/wp\/v2\/media?parent=172277"}],"wp:term":[{"taxonomy":"category","embeddable":true,"href":"https:\/\/www.webdo.tn\/fr\/wp-json\/wp\/v2\/categories?post=172277"},{"taxonomy":"post_tag","embeddable":true,"href":"https:\/\/www.webdo.tn\/fr\/wp-json\/wp\/v2\/tags?post=172277"}],"curies":[{"name":"wp","href":"https:\/\/api.w.org\/{rel}","templated":true}]}}