{"id":172276,"date":"2012-01-23T15:56:00","date_gmt":"2012-01-23T15:56:00","guid":{"rendered":"https:\/\/www.webdo.tn\/fr\/blog\/la-tap-bat-le-record-de-mots-pour-nessma-tv\/172276\/"},"modified":"2025-06-04T19:01:48","modified_gmt":"2025-06-04T19:01:48","slug":"la-tap-bat-le-record-de-mots-pour-nessma-tv","status":"publish","type":"post","link":"https:\/\/www.webdo.tn\/fr\/actualite\/national\/la-tap-bat-le-record-de-mots-pour-nessma-tv\/172276\/","title":{"rendered":"La TAP bat le record de mots pour \u00abNessma TV\u00bb"},"content":{"rendered":"<p>C\u2019est incroyable ! Du jamais vu ! La TAP se donne vraiment \u00e0 fond pour relayer l\u2019information ! Pour preuve, aujourd\u2019hui, avec le proc\u00e8s de Nessma ou plut\u00f4t le report du proc\u00e8s de Nessma.<\/p>\n<p>\u00c0 midi, s\u00fbrement \u00e0 cause de l\u2019heure du d\u00e9jeuner, la TAP a fait para\u00eetre un \u00abarticle\u00bb intitul\u00e9 \u00abLe proc\u00e8s de l\u2019affaire Nessma TV report\u00e9 au 19 avril prochain\u00bb, avec, pour illustrer l\u2019article, le marteau de magistrat et le logo de la cha\u00eene de Nabil Karoui.<\/p>\n<p>Mais c\u2019est le texte qui m\u00e9rite toute notre attention. Alors que le lecteur s\u2019attend \u00e0 avoir une explication sur le report du proc\u00e8s, qui fait tant pol\u00e9mique, \u00e0 croire que c\u2019est une sorte de propagande pour Nessma sous le couvert de libert\u00e9 de la presse, l\u2019agence de presse tunisienne a fait dans le\u2026 minima ! En effet, en tout et pour tout, l\u2019article reprend tout simplement le titre, toutefois en ajoutant, dans un effort surhumain, deux mots \u00ab\u00a0a\u00a0\u00bb et \u00ab\u00a0\u00e9t\u00e9\u00a0\u00bb, puisqu\u2019on peut lire \u00abLe proc\u00e8s de l\u2019affaire Nessma TV a \u00e9t\u00e9 report\u00e9 au 19 avril prochain\u00bb.<\/p>\n<p>Par comparaison, le journal Le Monde, dans un article de 556 mots, a publi\u00e9 l&rsquo;info du jour (le report de l&rsquo;affaire de Nessma), en citant des t\u00e9moignages et en rappelant l&rsquo;historique de l&rsquo;affaire.<\/p>\n<p>Sachant que les journalistes se sont vus interdits d&rsquo;assister au proc\u00e8s pour couvrir l&rsquo;affaire, on a le droit de se poser des questions et de savoir s&rsquo;il y a eu une pression du gouvernement pour ne pas m\u00e9diatiser l&rsquo;affaire.<\/p>\n<p>Ceci dit, l&rsquo;affaire a attir\u00e9 beaucoup de monde, les pour et les contre la libert\u00e9 d&rsquo;expression et, par cons\u00e9quent, pour et contre Nessma TV. L&rsquo;affaire a vu la pr\u00e9sence de journalistes de tout bord, d\u2019hommes politiques comme B\u00e9ji Caied Essebsi en tant qu&rsquo;\u2026avocat.<\/p>\n<p>Finalement, suite \u00e0 un grand chaos, l&rsquo;affaire a \u00e9t\u00e9 report\u00e9e, pour la deuxi\u00e8me fois, avec un gros coup de pub pour Nessma \u00e0 la cl\u00e9.<\/p>\n<p>Rappelons que la diffusion de ce long m\u00e9trage franco-iranien, \u00ab\u00a0Persepolis\u00a0\u00bb, de Vincent Paronnaud et Marjane Satrapi a provoqu\u00e9, en octobre dernier, une vague de col\u00e8re parmi les Tunisiens et a valu \u00e0 la cha\u00eene Nessma une attaque enrag\u00e9e d&rsquo;environ 200 islamistes et \u00e0 Nabil Karoui de pr\u00e9senter ses excuses au peuple tunisien.<\/p>\n","protected":false},"excerpt":{"rendered":"<p>La TAP bat le record de mots pour \u00abNessma TV\u00bb <\/p>\n","protected":false},"author":3222,"featured_media":334020,"comment_status":"open","ping_status":"closed","sticky":false,"template":"","format":"standard","meta":{"footnotes":""},"categories":[44],"tags":[],"class_list":["post-172276","post","type-post","status-publish","format-standard","has-post-thumbnail","hentry","category-national"],"yoast_head":"<!-- This site is optimized with the Yoast SEO Premium plugin v27.5 (Yoast SEO v27.5) - https:\/\/yoast.com\/product\/yoast-seo-premium-wordpress\/ -->\n<title>La TAP bat le record de mots pour \u00abNessma TV\u00bb<\/title>\n<meta name=\"description\" content=\"La TAP bat le record de mots pour \u00abNessma TV\u00bb\" \/>\n<link rel=\"canonical\" href=\"https:\/\/www.webdo.tn\/fr\/actualite\/national\/la-tap-bat-le-record-de-mots-pour-nessma-tv\/172276\/\" \/>\n<meta property=\"og:locale\" content=\"fr_FR\" \/>\n<meta property=\"og:type\" content=\"article\" \/>\n<meta property=\"og:title\" content=\"La TAP bat le record de mots pour \u00abNessma TV\u00bb\" \/>\n<meta property=\"og:description\" content=\"La TAP bat le record de mots pour \u00abNessma TV\u00bb\" \/>\n<meta property=\"og:url\" content=\"https:\/\/www.webdo.tn\/fr\/actualite\/national\/la-tap-bat-le-record-de-mots-pour-nessma-tv\/172276\/\" \/>\n<meta property=\"og:site_name\" content=\"webdo\" \/>\n<meta property=\"article:publisher\" content=\"https:\/\/www.facebook.com\/webdotn\" \/>\n<meta property=\"article:published_time\" content=\"2012-01-23T15:56:00+00:00\" \/>\n<meta property=\"article:modified_time\" content=\"2025-06-04T19:01:48+00:00\" \/>\n<meta property=\"og:image\" content=\"https:\/\/www.webdo.tn\/fr\/wp-content\/uploads\/2012\/01\/Affaire-Nessma-TV-TAP.jpg\" \/>\n\t<meta property=\"og:image:width\" content=\"345\" \/>\n\t<meta property=\"og:image:height\" content=\"204\" \/>\n\t<meta property=\"og:image:type\" content=\"image\/jpeg\" \/>\n<meta name=\"author\" content=\"webdo.tn\" \/>\n<meta name=\"twitter:card\" content=\"summary_large_image\" \/>\n<meta name=\"twitter:creator\" content=\"@webdo_tn\" \/>\n<meta name=\"twitter:site\" content=\"@webdo_tn\" \/>\n<meta name=\"twitter:label1\" content=\"\u00c9crit par\" \/>\n\t<meta name=\"twitter:data1\" content=\"webdo.tn\" \/>\n\t<meta name=\"twitter:label2\" content=\"Dur\u00e9e de lecture estim\u00e9e\" \/>\n\t<meta name=\"twitter:data2\" content=\"2 minutes\" \/>\n<script type=\"application\/ld+json\" class=\"yoast-schema-graph\">{\"@context\":\"https:\\\/\\\/schema.org\",\"@graph\":[{\"@type\":\"NewsArticle\",\"@id\":\"https:\\\/\\\/www.webdo.tn\\\/fr\\\/actualite\\\/national\\\/la-tap-bat-le-record-de-mots-pour-nessma-tv\\\/172276\\\/#article\",\"isPartOf\":{\"@id\":\"https:\\\/\\\/www.webdo.tn\\\/fr\\\/actualite\\\/national\\\/la-tap-bat-le-record-de-mots-pour-nessma-tv\\\/172276\\\/\"},\"author\":{\"name\":\"webdo.tn\",\"@id\":\"https:\\\/\\\/www.webdo.tn\\\/fr\\\/#\\\/schema\\\/person\\\/9a9c6118d687c117df8ef3cc36a4d175\"},\"headline\":\"La TAP bat le record de mots pour \u00abNessma TV\u00bb\",\"datePublished\":\"2012-01-23T15:56:00+00:00\",\"dateModified\":\"2025-06-04T19:01:48+00:00\",\"mainEntityOfPage\":{\"@id\":\"https:\\\/\\\/www.webdo.tn\\\/fr\\\/actualite\\\/national\\\/la-tap-bat-le-record-de-mots-pour-nessma-tv\\\/172276\\\/\"},\"wordCount\":413,\"commentCount\":0,\"publisher\":{\"@id\":\"https:\\\/\\\/www.webdo.tn\\\/fr\\\/#organization\"},\"image\":{\"@id\":\"https:\\\/\\\/www.webdo.tn\\\/fr\\\/actualite\\\/national\\\/la-tap-bat-le-record-de-mots-pour-nessma-tv\\\/172276\\\/#primaryimage\"},\"thumbnailUrl\":\"https:\\\/\\\/www.webdo.tn\\\/fr\\\/wp-content\\\/uploads\\\/2012\\\/01\\\/Affaire-Nessma-TV-TAP.jpg\",\"articleSection\":[\"National\"],\"inLanguage\":\"fr-FR\"},{\"@type\":\"WebPage\",\"@id\":\"https:\\\/\\\/www.webdo.tn\\\/fr\\\/actualite\\\/national\\\/la-tap-bat-le-record-de-mots-pour-nessma-tv\\\/172276\\\/\",\"url\":\"https:\\\/\\\/www.webdo.tn\\\/fr\\\/actualite\\\/national\\\/la-tap-bat-le-record-de-mots-pour-nessma-tv\\\/172276\\\/\",\"name\":\"La TAP bat le record de mots pour \u00abNessma TV\u00bb\",\"isPartOf\":{\"@id\":\"https:\\\/\\\/www.webdo.tn\\\/fr\\\/#website\"},\"primaryImageOfPage\":{\"@id\":\"https:\\\/\\\/www.webdo.tn\\\/fr\\\/actualite\\\/national\\\/la-tap-bat-le-record-de-mots-pour-nessma-tv\\\/172276\\\/#primaryimage\"},\"image\":{\"@id\":\"https:\\\/\\\/www.webdo.tn\\\/fr\\\/actualite\\\/national\\\/la-tap-bat-le-record-de-mots-pour-nessma-tv\\\/172276\\\/#primaryimage\"},\"thumbnailUrl\":\"https:\\\/\\\/www.webdo.tn\\\/fr\\\/wp-content\\\/uploads\\\/2012\\\/01\\\/Affaire-Nessma-TV-TAP.jpg\",\"datePublished\":\"2012-01-23T15:56:00+00:00\",\"dateModified\":\"2025-06-04T19:01:48+00:00\",\"description\":\"La TAP bat le record de mots pour \u00abNessma TV\u00bb\",\"breadcrumb\":{\"@id\":\"https:\\\/\\\/www.webdo.tn\\\/fr\\\/actualite\\\/national\\\/la-tap-bat-le-record-de-mots-pour-nessma-tv\\\/172276\\\/#breadcrumb\"},\"inLanguage\":\"fr-FR\",\"potentialAction\":[{\"@type\":\"ReadAction\",\"target\":[\"https:\\\/\\\/www.webdo.tn\\\/fr\\\/actualite\\\/national\\\/la-tap-bat-le-record-de-mots-pour-nessma-tv\\\/172276\\\/\"]}]},{\"@type\":\"ImageObject\",\"inLanguage\":\"fr-FR\",\"@id\":\"https:\\\/\\\/www.webdo.tn\\\/fr\\\/actualite\\\/national\\\/la-tap-bat-le-record-de-mots-pour-nessma-tv\\\/172276\\\/#primaryimage\",\"url\":\"https:\\\/\\\/www.webdo.tn\\\/fr\\\/wp-content\\\/uploads\\\/2012\\\/01\\\/Affaire-Nessma-TV-TAP.jpg\",\"contentUrl\":\"https:\\\/\\\/www.webdo.tn\\\/fr\\\/wp-content\\\/uploads\\\/2012\\\/01\\\/Affaire-Nessma-TV-TAP.jpg\",\"width\":345,\"height\":204,\"caption\":\"La TAP bat le record de mots pour \u00abNessma TV\u00bb\"},{\"@type\":\"BreadcrumbList\",\"@id\":\"https:\\\/\\\/www.webdo.tn\\\/fr\\\/actualite\\\/national\\\/la-tap-bat-le-record-de-mots-pour-nessma-tv\\\/172276\\\/#breadcrumb\",\"itemListElement\":[{\"@type\":\"ListItem\",\"position\":1,\"name\":\"Accueil\",\"item\":\"https:\\\/\\\/www.webdo.tn\\\/fr\\\/\"},{\"@type\":\"ListItem\",\"position\":2,\"name\":\"La TAP bat le record de mots pour \u00abNessma TV\u00bb\"}]},{\"@type\":\"WebSite\",\"@id\":\"https:\\\/\\\/www.webdo.tn\\\/fr\\\/#website\",\"url\":\"https:\\\/\\\/www.webdo.tn\\\/fr\\\/\",\"name\":\"webdo\",\"description\":\"Tunisie - News en Tunisie et \u00e0 l&#039;international sur Webdo.tn\",\"publisher\":{\"@id\":\"https:\\\/\\\/www.webdo.tn\\\/fr\\\/#organization\"},\"potentialAction\":[{\"@type\":\"SearchAction\",\"target\":{\"@type\":\"EntryPoint\",\"urlTemplate\":\"https:\\\/\\\/www.webdo.tn\\\/fr\\\/?s={search_term_string}\"},\"query-input\":{\"@type\":\"PropertyValueSpecification\",\"valueRequired\":true,\"valueName\":\"search_term_string\"}}],\"inLanguage\":\"fr-FR\"},{\"@type\":\"Organization\",\"@id\":\"https:\\\/\\\/www.webdo.tn\\\/fr\\\/#organization\",\"name\":\"Webdo\",\"alternateName\":\"Webdo.tn\",\"url\":\"https:\\\/\\\/www.webdo.tn\\\/fr\\\/\",\"logo\":{\"@type\":\"ImageObject\",\"inLanguage\":\"fr-FR\",\"@id\":\"https:\\\/\\\/www.webdo.tn\\\/fr\\\/#\\\/schema\\\/logo\\\/image\\\/\",\"url\":\"https:\\\/\\\/www.webdo.tn\\\/fr\\\/wp-content\\\/uploads\\\/2025\\\/06\\\/Webdo-Tunisie_168377.jpg\",\"contentUrl\":\"https:\\\/\\\/www.webdo.tn\\\/fr\\\/wp-content\\\/uploads\\\/2025\\\/06\\\/Webdo-Tunisie_168377.jpg\",\"width\":301,\"height\":301,\"caption\":\"Webdo\"},\"image\":{\"@id\":\"https:\\\/\\\/www.webdo.tn\\\/fr\\\/#\\\/schema\\\/logo\\\/image\\\/\"},\"sameAs\":[\"https:\\\/\\\/www.facebook.com\\\/webdotn\",\"https:\\\/\\\/x.com\\\/webdo_tn\"],\"description\":\"Webdo est un m\u00e9dia num\u00e9rique tunisien fond\u00e9 en 2010, sp\u00e9cialis\u00e9 dans l\u2019actualit\u00e9 nationale et internationale, l\u2019\u00e9conomie, la soci\u00e9t\u00e9 et les analyses politiques. Le site s\u2019adresse \u00e0 un large public francophone et couvre l\u2019information tunisienne en temps r\u00e9el.\",\"email\":\"redac@webdo.tn\",\"legalName\":\"YNJ SARL\",\"foundingDate\":\"2010-09-06\",\"numberOfEmployees\":{\"@type\":\"QuantitativeValue\",\"minValue\":\"11\",\"maxValue\":\"50\"}},{\"@type\":\"Person\",\"@id\":\"https:\\\/\\\/www.webdo.tn\\\/fr\\\/#\\\/schema\\\/person\\\/9a9c6118d687c117df8ef3cc36a4d175\",\"name\":\"webdo.tn\",\"image\":{\"@type\":\"ImageObject\",\"inLanguage\":\"fr-FR\",\"@id\":\"https:\\\/\\\/secure.gravatar.com\\\/avatar\\\/7ce1f28c0c3bbac99ff550b85ef8e44a6950c6ee24514fb6a5489e51d06f0298?s=96&d=mm&r=g\",\"url\":\"https:\\\/\\\/secure.gravatar.com\\\/avatar\\\/7ce1f28c0c3bbac99ff550b85ef8e44a6950c6ee24514fb6a5489e51d06f0298?s=96&d=mm&r=g\",\"contentUrl\":\"https:\\\/\\\/secure.gravatar.com\\\/avatar\\\/7ce1f28c0c3bbac99ff550b85ef8e44a6950c6ee24514fb6a5489e51d06f0298?s=96&d=mm&r=g\",\"caption\":\"webdo.tn\"},\"url\":\"https:\\\/\\\/www.webdo.tn\\\/fr\\\/actualite\\\/author\\\/webdotn\\\/\"}]}<\/script>\n<!-- \/ Yoast SEO Premium plugin. -->","yoast_head_json":{"title":"La TAP bat le record de mots pour \u00abNessma TV\u00bb","description":"La TAP bat le record de mots pour \u00abNessma TV\u00bb","canonical":"https:\/\/www.webdo.tn\/fr\/actualite\/national\/la-tap-bat-le-record-de-mots-pour-nessma-tv\/172276\/","og_locale":"fr_FR","og_type":"article","og_title":"La TAP bat le record de mots pour \u00abNessma TV\u00bb","og_description":"La TAP bat le record de mots pour \u00abNessma TV\u00bb","og_url":"https:\/\/www.webdo.tn\/fr\/actualite\/national\/la-tap-bat-le-record-de-mots-pour-nessma-tv\/172276\/","og_site_name":"webdo","article_publisher":"https:\/\/www.facebook.com\/webdotn","article_published_time":"2012-01-23T15:56:00+00:00","article_modified_time":"2025-06-04T19:01:48+00:00","og_image":[{"width":345,"height":204,"url":"https:\/\/www.webdo.tn\/fr\/wp-content\/uploads\/2012\/01\/Affaire-Nessma-TV-TAP.jpg","type":"image\/jpeg"}],"author":"webdo.tn","twitter_card":"summary_large_image","twitter_creator":"@webdo_tn","twitter_site":"@webdo_tn","twitter_misc":{"\u00c9crit par":"webdo.tn","Dur\u00e9e de lecture estim\u00e9e":"2 minutes"},"schema":{"@context":"https:\/\/schema.org","@graph":[{"@type":"NewsArticle","@id":"https:\/\/www.webdo.tn\/fr\/actualite\/national\/la-tap-bat-le-record-de-mots-pour-nessma-tv\/172276\/#article","isPartOf":{"@id":"https:\/\/www.webdo.tn\/fr\/actualite\/national\/la-tap-bat-le-record-de-mots-pour-nessma-tv\/172276\/"},"author":{"name":"webdo.tn","@id":"https:\/\/www.webdo.tn\/fr\/#\/schema\/person\/9a9c6118d687c117df8ef3cc36a4d175"},"headline":"La TAP bat le record de mots pour \u00abNessma TV\u00bb","datePublished":"2012-01-23T15:56:00+00:00","dateModified":"2025-06-04T19:01:48+00:00","mainEntityOfPage":{"@id":"https:\/\/www.webdo.tn\/fr\/actualite\/national\/la-tap-bat-le-record-de-mots-pour-nessma-tv\/172276\/"},"wordCount":413,"commentCount":0,"publisher":{"@id":"https:\/\/www.webdo.tn\/fr\/#organization"},"image":{"@id":"https:\/\/www.webdo.tn\/fr\/actualite\/national\/la-tap-bat-le-record-de-mots-pour-nessma-tv\/172276\/#primaryimage"},"thumbnailUrl":"https:\/\/www.webdo.tn\/fr\/wp-content\/uploads\/2012\/01\/Affaire-Nessma-TV-TAP.jpg","articleSection":["National"],"inLanguage":"fr-FR"},{"@type":"WebPage","@id":"https:\/\/www.webdo.tn\/fr\/actualite\/national\/la-tap-bat-le-record-de-mots-pour-nessma-tv\/172276\/","url":"https:\/\/www.webdo.tn\/fr\/actualite\/national\/la-tap-bat-le-record-de-mots-pour-nessma-tv\/172276\/","name":"La TAP bat le record de mots pour \u00abNessma TV\u00bb","isPartOf":{"@id":"https:\/\/www.webdo.tn\/fr\/#website"},"primaryImageOfPage":{"@id":"https:\/\/www.webdo.tn\/fr\/actualite\/national\/la-tap-bat-le-record-de-mots-pour-nessma-tv\/172276\/#primaryimage"},"image":{"@id":"https:\/\/www.webdo.tn\/fr\/actualite\/national\/la-tap-bat-le-record-de-mots-pour-nessma-tv\/172276\/#primaryimage"},"thumbnailUrl":"https:\/\/www.webdo.tn\/fr\/wp-content\/uploads\/2012\/01\/Affaire-Nessma-TV-TAP.jpg","datePublished":"2012-01-23T15:56:00+00:00","dateModified":"2025-06-04T19:01:48+00:00","description":"La TAP bat le record de mots pour \u00abNessma TV\u00bb","breadcrumb":{"@id":"https:\/\/www.webdo.tn\/fr\/actualite\/national\/la-tap-bat-le-record-de-mots-pour-nessma-tv\/172276\/#breadcrumb"},"inLanguage":"fr-FR","potentialAction":[{"@type":"ReadAction","target":["https:\/\/www.webdo.tn\/fr\/actualite\/national\/la-tap-bat-le-record-de-mots-pour-nessma-tv\/172276\/"]}]},{"@type":"ImageObject","inLanguage":"fr-FR","@id":"https:\/\/www.webdo.tn\/fr\/actualite\/national\/la-tap-bat-le-record-de-mots-pour-nessma-tv\/172276\/#primaryimage","url":"https:\/\/www.webdo.tn\/fr\/wp-content\/uploads\/2012\/01\/Affaire-Nessma-TV-TAP.jpg","contentUrl":"https:\/\/www.webdo.tn\/fr\/wp-content\/uploads\/2012\/01\/Affaire-Nessma-TV-TAP.jpg","width":345,"height":204,"caption":"La TAP bat le record de mots pour \u00abNessma TV\u00bb"},{"@type":"BreadcrumbList","@id":"https:\/\/www.webdo.tn\/fr\/actualite\/national\/la-tap-bat-le-record-de-mots-pour-nessma-tv\/172276\/#breadcrumb","itemListElement":[{"@type":"ListItem","position":1,"name":"Accueil","item":"https:\/\/www.webdo.tn\/fr\/"},{"@type":"ListItem","position":2,"name":"La TAP bat le record de mots pour \u00abNessma TV\u00bb"}]},{"@type":"WebSite","@id":"https:\/\/www.webdo.tn\/fr\/#website","url":"https:\/\/www.webdo.tn\/fr\/","name":"webdo","description":"Tunisie - News en Tunisie et \u00e0 l&#039;international sur Webdo.tn","publisher":{"@id":"https:\/\/www.webdo.tn\/fr\/#organization"},"potentialAction":[{"@type":"SearchAction","target":{"@type":"EntryPoint","urlTemplate":"https:\/\/www.webdo.tn\/fr\/?s={search_term_string}"},"query-input":{"@type":"PropertyValueSpecification","valueRequired":true,"valueName":"search_term_string"}}],"inLanguage":"fr-FR"},{"@type":"Organization","@id":"https:\/\/www.webdo.tn\/fr\/#organization","name":"Webdo","alternateName":"Webdo.tn","url":"https:\/\/www.webdo.tn\/fr\/","logo":{"@type":"ImageObject","inLanguage":"fr-FR","@id":"https:\/\/www.webdo.tn\/fr\/#\/schema\/logo\/image\/","url":"https:\/\/www.webdo.tn\/fr\/wp-content\/uploads\/2025\/06\/Webdo-Tunisie_168377.jpg","contentUrl":"https:\/\/www.webdo.tn\/fr\/wp-content\/uploads\/2025\/06\/Webdo-Tunisie_168377.jpg","width":301,"height":301,"caption":"Webdo"},"image":{"@id":"https:\/\/www.webdo.tn\/fr\/#\/schema\/logo\/image\/"},"sameAs":["https:\/\/www.facebook.com\/webdotn","https:\/\/x.com\/webdo_tn"],"description":"Webdo est un m\u00e9dia num\u00e9rique tunisien fond\u00e9 en 2010, sp\u00e9cialis\u00e9 dans l\u2019actualit\u00e9 nationale et internationale, l\u2019\u00e9conomie, la soci\u00e9t\u00e9 et les analyses politiques. Le site s\u2019adresse \u00e0 un large public francophone et couvre l\u2019information tunisienne en temps r\u00e9el.","email":"redac@webdo.tn","legalName":"YNJ SARL","foundingDate":"2010-09-06","numberOfEmployees":{"@type":"QuantitativeValue","minValue":"11","maxValue":"50"}},{"@type":"Person","@id":"https:\/\/www.webdo.tn\/fr\/#\/schema\/person\/9a9c6118d687c117df8ef3cc36a4d175","name":"webdo.tn","image":{"@type":"ImageObject","inLanguage":"fr-FR","@id":"https:\/\/secure.gravatar.com\/avatar\/7ce1f28c0c3bbac99ff550b85ef8e44a6950c6ee24514fb6a5489e51d06f0298?s=96&d=mm&r=g","url":"https:\/\/secure.gravatar.com\/avatar\/7ce1f28c0c3bbac99ff550b85ef8e44a6950c6ee24514fb6a5489e51d06f0298?s=96&d=mm&r=g","contentUrl":"https:\/\/secure.gravatar.com\/avatar\/7ce1f28c0c3bbac99ff550b85ef8e44a6950c6ee24514fb6a5489e51d06f0298?s=96&d=mm&r=g","caption":"webdo.tn"},"url":"https:\/\/www.webdo.tn\/fr\/actualite\/author\/webdotn\/"}]}},"_links":{"self":[{"href":"https:\/\/www.webdo.tn\/fr\/wp-json\/wp\/v2\/posts\/172276","targetHints":{"allow":["GET"]}}],"collection":[{"href":"https:\/\/www.webdo.tn\/fr\/wp-json\/wp\/v2\/posts"}],"about":[{"href":"https:\/\/www.webdo.tn\/fr\/wp-json\/wp\/v2\/types\/post"}],"author":[{"embeddable":true,"href":"https:\/\/www.webdo.tn\/fr\/wp-json\/wp\/v2\/users\/3222"}],"replies":[{"embeddable":true,"href":"https:\/\/www.webdo.tn\/fr\/wp-json\/wp\/v2\/comments?post=172276"}],"version-history":[{"count":0,"href":"https:\/\/www.webdo.tn\/fr\/wp-json\/wp\/v2\/posts\/172276\/revisions"}],"wp:featuredmedia":[{"embeddable":true,"href":"https:\/\/www.webdo.tn\/fr\/wp-json\/wp\/v2\/media\/334020"}],"wp:attachment":[{"href":"https:\/\/www.webdo.tn\/fr\/wp-json\/wp\/v2\/media?parent=172276"}],"wp:term":[{"taxonomy":"category","embeddable":true,"href":"https:\/\/www.webdo.tn\/fr\/wp-json\/wp\/v2\/categories?post=172276"},{"taxonomy":"post_tag","embeddable":true,"href":"https:\/\/www.webdo.tn\/fr\/wp-json\/wp\/v2\/tags?post=172276"}],"curies":[{"name":"wp","href":"https:\/\/api.w.org\/{rel}","templated":true}]}}