{"id":172275,"date":"2012-01-23T17:22:00","date_gmt":"2012-01-23T17:22:00","guid":{"rendered":"https:\/\/www.webdo.tn\/fr\/blog\/jugement-de-l-ennemi-de-l-islam-acte-2\/172275\/"},"modified":"2025-06-04T19:01:51","modified_gmt":"2025-06-04T19:01:51","slug":"jugement-de-l-ennemi-de-l-islam-acte-2","status":"publish","type":"post","link":"https:\/\/www.webdo.tn\/fr\/actualite\/national\/jugement-de-l-ennemi-de-l-islam-acte-2\/172275\/","title":{"rendered":"Jugement de \u00ab\u00a0l\u2019ennemi\u00a0\u00bb de l\u2019islam : Acte 2"},"content":{"rendered":"<p>Le proc\u00e8s tr\u00e8s controvers\u00e9 de la chaine priv\u00e9e de Nessma TV a eu lieu aujourd\u2019hui au palais de justice de Beb Bnet. Beaucoup de personnes \u00e9taient pr\u00e9sentes sur les lieux, suite aux appels relay\u00e9s par certains r\u00e9seaux et certaines personnalit\u00e9s plus ou moins influentes. Des personnes qui estiment que c\u2019est le premier proc\u00e8s politique et d\u2019opinion depuis le 14 Janvier.<\/p>\n<p>Cependant, et on en prend de plus en plus l\u2019habitude, des groupes de \u00ab barbus \u00bb tr\u00e8s bien organis\u00e9s ont aussi pris place sur le m\u00eame lieu de rassemblement. Ils \u00e9taient tr\u00e8s bien \u00e9quip\u00e9s : Reflexes num\u00e9riques haut de gamme, cam\u00e9scopes, m\u00e9gaphones, pc portables avec des cl\u00e9s 3G \u2026<\/p>\n<p>Une v\u00e9ritable brigade, revendiquant la d\u00e9fense de l\u2019islam et du proph\u00e8te, qui voit Nessma comme un ennemi de la religion et faisant partie d\u2019un v\u00e9ritable plan d\u00e9moniaque visant \u00e0 \u00ab nuire \u00bb \u00e0 l\u2019islam.<\/p>\n<p>Ces personnes ont scand\u00e9 des slogans \u00ab Le peuple r\u00e9clame l\u2019ex\u00e9cution des m\u00e9dias \u00bb, \u00ab le peuple r\u00e9clame la censure d\u2019internet \u00bb ou encore \u00ab Nekma ennemi de l\u2019islam \u00bb.<\/p>\n<p>L\u2019ambiance sur les lieux \u00e9tait \u00e9lectrique, ce groupe se tenant \u00e0 l\u2019entr\u00e9e du tribunal, n\u2019h\u00e9sitait pas \u00e0 d\u00e9nigrer ou \u00e0 insulter verbalement toutes personnes ayant un avis divergeant. Zied Krichen, r\u00e9dacteur en chef du quotidien Le Maghreb, a \u00e9t\u00e9 poursuivi, d\u00e8s sa sortie, par la foule, le qualifiant de sale, corrompu, franc-ma\u00e7on, ennemi de l\u2019islam, et surtout \u00ab d\u2019ennemi du r\u00e9gime \u00bb avant de l&rsquo;agresser physiquement (voir la sc\u00e8ne 1:20 de la vid\u00e9o en bas de page)\u00a0; il n&rsquo;a trouv\u00e9 refuge que dans un commissariat.<\/p>\n<p>Krichen n\u2019\u00e9tait pas le seul \u00e0 subir des agressions. L\u2019\u00e9crivain et homme politique Hamadi Redissi a \u00e9t\u00e9 violent\u00e9. L\u2019avocate de Nessma a \u00e9t\u00e9 intimid\u00e9e.<\/p>\n<p>La police \u00e9tait d\u2019une passivit\u00e9 terrifiante. Son r\u00f4le s\u2019est restreint \u00e0 observer sans agir.<\/p>\n<p>Apr\u00e8s l\u2019annonce du report de l\u2019audience, le groupe de salafistes a d\u00e9montr\u00e9 son m\u00e9contentement, qualifiant la justice de corrompue et cette audience de \u00ab foutaise \u00bb.<\/p>\n<p>Abdelaziz\u00a0Mzoughi et Chokri Belaid ont, eux aussi, eu droit \u00e0 leur lot d\u2019insultes \u00e0 leur sortie.<\/p>\n","protected":false},"excerpt":{"rendered":"<p>Jugement de  l\u2019ennemi  de l\u2019islam : Acte 2<\/p>\n","protected":false},"author":3222,"featured_media":334018,"comment_status":"open","ping_status":"closed","sticky":false,"template":"","format":"standard","meta":{"footnotes":""},"categories":[44],"tags":[],"class_list":["post-172275","post","type-post","status-publish","format-standard","has-post-thumbnail","hentry","category-national"],"yoast_head":"<!-- This site is optimized with the Yoast SEO Premium plugin v27.5 (Yoast SEO v27.5) - https:\/\/yoast.com\/product\/yoast-seo-premium-wordpress\/ -->\n<title>Jugement de l\u2019ennemi de l\u2019islam : Acte 2<\/title>\n<meta name=\"description\" content=\"Jugement de l\u2019ennemi de l\u2019islam : Acte 2\" \/>\n<link rel=\"canonical\" href=\"https:\/\/www.webdo.tn\/fr\/actualite\/blog\/jugement-de-l-ennemi-de-l-islam-acte-2\/172275\/\" \/>\n<meta property=\"og:locale\" content=\"fr_FR\" \/>\n<meta property=\"og:type\" content=\"article\" \/>\n<meta property=\"og:title\" content=\"Jugement de &quot;l\u2019ennemi&quot; de l\u2019islam : Acte 2\" \/>\n<meta property=\"og:description\" content=\"Jugement de l\u2019ennemi de l\u2019islam : Acte 2\" \/>\n<meta property=\"og:url\" content=\"https:\/\/www.webdo.tn\/fr\/actualite\/blog\/jugement-de-l-ennemi-de-l-islam-acte-2\/172275\/\" \/>\n<meta property=\"og:site_name\" content=\"webdo\" \/>\n<meta property=\"article:publisher\" content=\"https:\/\/www.facebook.com\/webdotn\" \/>\n<meta property=\"article:published_time\" content=\"2012-01-23T17:22:00+00:00\" \/>\n<meta property=\"article:modified_time\" content=\"2025-06-04T19:01:51+00:00\" \/>\n<meta property=\"og:image\" content=\"https:\/\/www.webdo.tn\/fr\/wp-content\/uploads\/2012\/01\/Zied-Krichen-photo-mosaiquefm.net_-1.jpg\" \/>\n\t<meta property=\"og:image:width\" content=\"270\" \/>\n\t<meta property=\"og:image:height\" content=\"155\" \/>\n\t<meta property=\"og:image:type\" content=\"image\/jpeg\" \/>\n<meta name=\"author\" content=\"webdo.tn\" \/>\n<meta name=\"twitter:card\" content=\"summary_large_image\" \/>\n<meta name=\"twitter:creator\" content=\"@webdo_tn\" \/>\n<meta name=\"twitter:site\" content=\"@webdo_tn\" \/>\n<meta name=\"twitter:label1\" content=\"\u00c9crit par\" \/>\n\t<meta name=\"twitter:data1\" content=\"webdo.tn\" \/>\n\t<meta name=\"twitter:label2\" content=\"Dur\u00e9e de lecture estim\u00e9e\" \/>\n\t<meta name=\"twitter:data2\" content=\"2 minutes\" \/>\n<script type=\"application\/ld+json\" class=\"yoast-schema-graph\">{\"@context\":\"https:\\\/\\\/schema.org\",\"@graph\":[{\"@type\":\"NewsArticle\",\"@id\":\"https:\\\/\\\/www.webdo.tn\\\/fr\\\/actualite\\\/blog\\\/jugement-de-l-ennemi-de-l-islam-acte-2\\\/172275\\\/#article\",\"isPartOf\":{\"@id\":\"https:\\\/\\\/www.webdo.tn\\\/fr\\\/actualite\\\/blog\\\/jugement-de-l-ennemi-de-l-islam-acte-2\\\/172275\\\/\"},\"author\":{\"name\":\"webdo.tn\",\"@id\":\"https:\\\/\\\/www.webdo.tn\\\/fr\\\/#\\\/schema\\\/person\\\/9a9c6118d687c117df8ef3cc36a4d175\"},\"headline\":\"Jugement de \u00ab\u00a0l\u2019ennemi\u00a0\u00bb de l\u2019islam : Acte 2\",\"datePublished\":\"2012-01-23T17:22:00+00:00\",\"dateModified\":\"2025-06-04T19:01:51+00:00\",\"mainEntityOfPage\":{\"@id\":\"https:\\\/\\\/www.webdo.tn\\\/fr\\\/actualite\\\/blog\\\/jugement-de-l-ennemi-de-l-islam-acte-2\\\/172275\\\/\"},\"wordCount\":385,\"commentCount\":0,\"publisher\":{\"@id\":\"https:\\\/\\\/www.webdo.tn\\\/fr\\\/#organization\"},\"image\":{\"@id\":\"https:\\\/\\\/www.webdo.tn\\\/fr\\\/actualite\\\/blog\\\/jugement-de-l-ennemi-de-l-islam-acte-2\\\/172275\\\/#primaryimage\"},\"thumbnailUrl\":\"https:\\\/\\\/www.webdo.tn\\\/fr\\\/wp-content\\\/uploads\\\/2012\\\/01\\\/Zied-Krichen-photo-mosaiquefm.net_-1.jpg\",\"articleSection\":[\"National\"],\"inLanguage\":\"fr-FR\"},{\"@type\":\"WebPage\",\"@id\":\"https:\\\/\\\/www.webdo.tn\\\/fr\\\/actualite\\\/blog\\\/jugement-de-l-ennemi-de-l-islam-acte-2\\\/172275\\\/\",\"url\":\"https:\\\/\\\/www.webdo.tn\\\/fr\\\/actualite\\\/blog\\\/jugement-de-l-ennemi-de-l-islam-acte-2\\\/172275\\\/\",\"name\":\"Jugement de l\u2019ennemi de l\u2019islam : Acte 2\",\"isPartOf\":{\"@id\":\"https:\\\/\\\/www.webdo.tn\\\/fr\\\/#website\"},\"primaryImageOfPage\":{\"@id\":\"https:\\\/\\\/www.webdo.tn\\\/fr\\\/actualite\\\/blog\\\/jugement-de-l-ennemi-de-l-islam-acte-2\\\/172275\\\/#primaryimage\"},\"image\":{\"@id\":\"https:\\\/\\\/www.webdo.tn\\\/fr\\\/actualite\\\/blog\\\/jugement-de-l-ennemi-de-l-islam-acte-2\\\/172275\\\/#primaryimage\"},\"thumbnailUrl\":\"https:\\\/\\\/www.webdo.tn\\\/fr\\\/wp-content\\\/uploads\\\/2012\\\/01\\\/Zied-Krichen-photo-mosaiquefm.net_-1.jpg\",\"datePublished\":\"2012-01-23T17:22:00+00:00\",\"dateModified\":\"2025-06-04T19:01:51+00:00\",\"description\":\"Jugement de l\u2019ennemi de l\u2019islam : Acte 2\",\"breadcrumb\":{\"@id\":\"https:\\\/\\\/www.webdo.tn\\\/fr\\\/actualite\\\/blog\\\/jugement-de-l-ennemi-de-l-islam-acte-2\\\/172275\\\/#breadcrumb\"},\"inLanguage\":\"fr-FR\",\"potentialAction\":[{\"@type\":\"ReadAction\",\"target\":[\"https:\\\/\\\/www.webdo.tn\\\/fr\\\/actualite\\\/blog\\\/jugement-de-l-ennemi-de-l-islam-acte-2\\\/172275\\\/\"]}]},{\"@type\":\"ImageObject\",\"inLanguage\":\"fr-FR\",\"@id\":\"https:\\\/\\\/www.webdo.tn\\\/fr\\\/actualite\\\/blog\\\/jugement-de-l-ennemi-de-l-islam-acte-2\\\/172275\\\/#primaryimage\",\"url\":\"https:\\\/\\\/www.webdo.tn\\\/fr\\\/wp-content\\\/uploads\\\/2012\\\/01\\\/Zied-Krichen-photo-mosaiquefm.net_-1.jpg\",\"contentUrl\":\"https:\\\/\\\/www.webdo.tn\\\/fr\\\/wp-content\\\/uploads\\\/2012\\\/01\\\/Zied-Krichen-photo-mosaiquefm.net_-1.jpg\",\"width\":270,\"height\":155,\"caption\":\"Jugement de \\\"l\u2019ennemi\\\" de l\u2019islam : Acte 2\"},{\"@type\":\"BreadcrumbList\",\"@id\":\"https:\\\/\\\/www.webdo.tn\\\/fr\\\/actualite\\\/blog\\\/jugement-de-l-ennemi-de-l-islam-acte-2\\\/172275\\\/#breadcrumb\",\"itemListElement\":[{\"@type\":\"ListItem\",\"position\":1,\"name\":\"Accueil\",\"item\":\"https:\\\/\\\/www.webdo.tn\\\/fr\\\/\"},{\"@type\":\"ListItem\",\"position\":2,\"name\":\"Jugement de \u00ab\u00a0l\u2019ennemi\u00a0\u00bb de l\u2019islam : Acte 2\"}]},{\"@type\":\"WebSite\",\"@id\":\"https:\\\/\\\/www.webdo.tn\\\/fr\\\/#website\",\"url\":\"https:\\\/\\\/www.webdo.tn\\\/fr\\\/\",\"name\":\"webdo\",\"description\":\"Tunisie - News en Tunisie et \u00e0 l&#039;international sur Webdo.tn\",\"publisher\":{\"@id\":\"https:\\\/\\\/www.webdo.tn\\\/fr\\\/#organization\"},\"potentialAction\":[{\"@type\":\"SearchAction\",\"target\":{\"@type\":\"EntryPoint\",\"urlTemplate\":\"https:\\\/\\\/www.webdo.tn\\\/fr\\\/?s={search_term_string}\"},\"query-input\":{\"@type\":\"PropertyValueSpecification\",\"valueRequired\":true,\"valueName\":\"search_term_string\"}}],\"inLanguage\":\"fr-FR\"},{\"@type\":\"Organization\",\"@id\":\"https:\\\/\\\/www.webdo.tn\\\/fr\\\/#organization\",\"name\":\"Webdo\",\"alternateName\":\"Webdo.tn\",\"url\":\"https:\\\/\\\/www.webdo.tn\\\/fr\\\/\",\"logo\":{\"@type\":\"ImageObject\",\"inLanguage\":\"fr-FR\",\"@id\":\"https:\\\/\\\/www.webdo.tn\\\/fr\\\/#\\\/schema\\\/logo\\\/image\\\/\",\"url\":\"https:\\\/\\\/www.webdo.tn\\\/fr\\\/wp-content\\\/uploads\\\/2025\\\/06\\\/Webdo-Tunisie_168377.jpg\",\"contentUrl\":\"https:\\\/\\\/www.webdo.tn\\\/fr\\\/wp-content\\\/uploads\\\/2025\\\/06\\\/Webdo-Tunisie_168377.jpg\",\"width\":301,\"height\":301,\"caption\":\"Webdo\"},\"image\":{\"@id\":\"https:\\\/\\\/www.webdo.tn\\\/fr\\\/#\\\/schema\\\/logo\\\/image\\\/\"},\"sameAs\":[\"https:\\\/\\\/www.facebook.com\\\/webdotn\",\"https:\\\/\\\/x.com\\\/webdo_tn\"],\"description\":\"Webdo est un m\u00e9dia num\u00e9rique tunisien fond\u00e9 en 2010, sp\u00e9cialis\u00e9 dans l\u2019actualit\u00e9 nationale et internationale, l\u2019\u00e9conomie, la soci\u00e9t\u00e9 et les analyses politiques. Le site s\u2019adresse \u00e0 un large public francophone et couvre l\u2019information tunisienne en temps r\u00e9el.\",\"email\":\"redac@webdo.tn\",\"legalName\":\"YNJ SARL\",\"foundingDate\":\"2010-09-06\",\"numberOfEmployees\":{\"@type\":\"QuantitativeValue\",\"minValue\":\"11\",\"maxValue\":\"50\"}},{\"@type\":\"Person\",\"@id\":\"https:\\\/\\\/www.webdo.tn\\\/fr\\\/#\\\/schema\\\/person\\\/9a9c6118d687c117df8ef3cc36a4d175\",\"name\":\"webdo.tn\",\"image\":{\"@type\":\"ImageObject\",\"inLanguage\":\"fr-FR\",\"@id\":\"https:\\\/\\\/secure.gravatar.com\\\/avatar\\\/7ce1f28c0c3bbac99ff550b85ef8e44a6950c6ee24514fb6a5489e51d06f0298?s=96&d=mm&r=g\",\"url\":\"https:\\\/\\\/secure.gravatar.com\\\/avatar\\\/7ce1f28c0c3bbac99ff550b85ef8e44a6950c6ee24514fb6a5489e51d06f0298?s=96&d=mm&r=g\",\"contentUrl\":\"https:\\\/\\\/secure.gravatar.com\\\/avatar\\\/7ce1f28c0c3bbac99ff550b85ef8e44a6950c6ee24514fb6a5489e51d06f0298?s=96&d=mm&r=g\",\"caption\":\"webdo.tn\"},\"url\":\"https:\\\/\\\/www.webdo.tn\\\/fr\\\/actualite\\\/author\\\/webdotn\\\/\"}]}<\/script>\n<!-- \/ Yoast SEO Premium plugin. -->","yoast_head_json":{"title":"Jugement de l\u2019ennemi de l\u2019islam : Acte 2","description":"Jugement de l\u2019ennemi de l\u2019islam : Acte 2","canonical":"https:\/\/www.webdo.tn\/fr\/actualite\/blog\/jugement-de-l-ennemi-de-l-islam-acte-2\/172275\/","og_locale":"fr_FR","og_type":"article","og_title":"Jugement de \"l\u2019ennemi\" de l\u2019islam : Acte 2","og_description":"Jugement de l\u2019ennemi de l\u2019islam : Acte 2","og_url":"https:\/\/www.webdo.tn\/fr\/actualite\/blog\/jugement-de-l-ennemi-de-l-islam-acte-2\/172275\/","og_site_name":"webdo","article_publisher":"https:\/\/www.facebook.com\/webdotn","article_published_time":"2012-01-23T17:22:00+00:00","article_modified_time":"2025-06-04T19:01:51+00:00","og_image":[{"width":270,"height":155,"url":"https:\/\/www.webdo.tn\/fr\/wp-content\/uploads\/2012\/01\/Zied-Krichen-photo-mosaiquefm.net_-1.jpg","type":"image\/jpeg"}],"author":"webdo.tn","twitter_card":"summary_large_image","twitter_creator":"@webdo_tn","twitter_site":"@webdo_tn","twitter_misc":{"\u00c9crit par":"webdo.tn","Dur\u00e9e de lecture estim\u00e9e":"2 minutes"},"schema":{"@context":"https:\/\/schema.org","@graph":[{"@type":"NewsArticle","@id":"https:\/\/www.webdo.tn\/fr\/actualite\/blog\/jugement-de-l-ennemi-de-l-islam-acte-2\/172275\/#article","isPartOf":{"@id":"https:\/\/www.webdo.tn\/fr\/actualite\/blog\/jugement-de-l-ennemi-de-l-islam-acte-2\/172275\/"},"author":{"name":"webdo.tn","@id":"https:\/\/www.webdo.tn\/fr\/#\/schema\/person\/9a9c6118d687c117df8ef3cc36a4d175"},"headline":"Jugement de \u00ab\u00a0l\u2019ennemi\u00a0\u00bb de l\u2019islam : Acte 2","datePublished":"2012-01-23T17:22:00+00:00","dateModified":"2025-06-04T19:01:51+00:00","mainEntityOfPage":{"@id":"https:\/\/www.webdo.tn\/fr\/actualite\/blog\/jugement-de-l-ennemi-de-l-islam-acte-2\/172275\/"},"wordCount":385,"commentCount":0,"publisher":{"@id":"https:\/\/www.webdo.tn\/fr\/#organization"},"image":{"@id":"https:\/\/www.webdo.tn\/fr\/actualite\/blog\/jugement-de-l-ennemi-de-l-islam-acte-2\/172275\/#primaryimage"},"thumbnailUrl":"https:\/\/www.webdo.tn\/fr\/wp-content\/uploads\/2012\/01\/Zied-Krichen-photo-mosaiquefm.net_-1.jpg","articleSection":["National"],"inLanguage":"fr-FR"},{"@type":"WebPage","@id":"https:\/\/www.webdo.tn\/fr\/actualite\/blog\/jugement-de-l-ennemi-de-l-islam-acte-2\/172275\/","url":"https:\/\/www.webdo.tn\/fr\/actualite\/blog\/jugement-de-l-ennemi-de-l-islam-acte-2\/172275\/","name":"Jugement de l\u2019ennemi de l\u2019islam : Acte 2","isPartOf":{"@id":"https:\/\/www.webdo.tn\/fr\/#website"},"primaryImageOfPage":{"@id":"https:\/\/www.webdo.tn\/fr\/actualite\/blog\/jugement-de-l-ennemi-de-l-islam-acte-2\/172275\/#primaryimage"},"image":{"@id":"https:\/\/www.webdo.tn\/fr\/actualite\/blog\/jugement-de-l-ennemi-de-l-islam-acte-2\/172275\/#primaryimage"},"thumbnailUrl":"https:\/\/www.webdo.tn\/fr\/wp-content\/uploads\/2012\/01\/Zied-Krichen-photo-mosaiquefm.net_-1.jpg","datePublished":"2012-01-23T17:22:00+00:00","dateModified":"2025-06-04T19:01:51+00:00","description":"Jugement de l\u2019ennemi de l\u2019islam : Acte 2","breadcrumb":{"@id":"https:\/\/www.webdo.tn\/fr\/actualite\/blog\/jugement-de-l-ennemi-de-l-islam-acte-2\/172275\/#breadcrumb"},"inLanguage":"fr-FR","potentialAction":[{"@type":"ReadAction","target":["https:\/\/www.webdo.tn\/fr\/actualite\/blog\/jugement-de-l-ennemi-de-l-islam-acte-2\/172275\/"]}]},{"@type":"ImageObject","inLanguage":"fr-FR","@id":"https:\/\/www.webdo.tn\/fr\/actualite\/blog\/jugement-de-l-ennemi-de-l-islam-acte-2\/172275\/#primaryimage","url":"https:\/\/www.webdo.tn\/fr\/wp-content\/uploads\/2012\/01\/Zied-Krichen-photo-mosaiquefm.net_-1.jpg","contentUrl":"https:\/\/www.webdo.tn\/fr\/wp-content\/uploads\/2012\/01\/Zied-Krichen-photo-mosaiquefm.net_-1.jpg","width":270,"height":155,"caption":"Jugement de \"l\u2019ennemi\" de l\u2019islam : Acte 2"},{"@type":"BreadcrumbList","@id":"https:\/\/www.webdo.tn\/fr\/actualite\/blog\/jugement-de-l-ennemi-de-l-islam-acte-2\/172275\/#breadcrumb","itemListElement":[{"@type":"ListItem","position":1,"name":"Accueil","item":"https:\/\/www.webdo.tn\/fr\/"},{"@type":"ListItem","position":2,"name":"Jugement de \u00ab\u00a0l\u2019ennemi\u00a0\u00bb de l\u2019islam : Acte 2"}]},{"@type":"WebSite","@id":"https:\/\/www.webdo.tn\/fr\/#website","url":"https:\/\/www.webdo.tn\/fr\/","name":"webdo","description":"Tunisie - News en Tunisie et \u00e0 l&#039;international sur Webdo.tn","publisher":{"@id":"https:\/\/www.webdo.tn\/fr\/#organization"},"potentialAction":[{"@type":"SearchAction","target":{"@type":"EntryPoint","urlTemplate":"https:\/\/www.webdo.tn\/fr\/?s={search_term_string}"},"query-input":{"@type":"PropertyValueSpecification","valueRequired":true,"valueName":"search_term_string"}}],"inLanguage":"fr-FR"},{"@type":"Organization","@id":"https:\/\/www.webdo.tn\/fr\/#organization","name":"Webdo","alternateName":"Webdo.tn","url":"https:\/\/www.webdo.tn\/fr\/","logo":{"@type":"ImageObject","inLanguage":"fr-FR","@id":"https:\/\/www.webdo.tn\/fr\/#\/schema\/logo\/image\/","url":"https:\/\/www.webdo.tn\/fr\/wp-content\/uploads\/2025\/06\/Webdo-Tunisie_168377.jpg","contentUrl":"https:\/\/www.webdo.tn\/fr\/wp-content\/uploads\/2025\/06\/Webdo-Tunisie_168377.jpg","width":301,"height":301,"caption":"Webdo"},"image":{"@id":"https:\/\/www.webdo.tn\/fr\/#\/schema\/logo\/image\/"},"sameAs":["https:\/\/www.facebook.com\/webdotn","https:\/\/x.com\/webdo_tn"],"description":"Webdo est un m\u00e9dia num\u00e9rique tunisien fond\u00e9 en 2010, sp\u00e9cialis\u00e9 dans l\u2019actualit\u00e9 nationale et internationale, l\u2019\u00e9conomie, la soci\u00e9t\u00e9 et les analyses politiques. Le site s\u2019adresse \u00e0 un large public francophone et couvre l\u2019information tunisienne en temps r\u00e9el.","email":"redac@webdo.tn","legalName":"YNJ SARL","foundingDate":"2010-09-06","numberOfEmployees":{"@type":"QuantitativeValue","minValue":"11","maxValue":"50"}},{"@type":"Person","@id":"https:\/\/www.webdo.tn\/fr\/#\/schema\/person\/9a9c6118d687c117df8ef3cc36a4d175","name":"webdo.tn","image":{"@type":"ImageObject","inLanguage":"fr-FR","@id":"https:\/\/secure.gravatar.com\/avatar\/7ce1f28c0c3bbac99ff550b85ef8e44a6950c6ee24514fb6a5489e51d06f0298?s=96&d=mm&r=g","url":"https:\/\/secure.gravatar.com\/avatar\/7ce1f28c0c3bbac99ff550b85ef8e44a6950c6ee24514fb6a5489e51d06f0298?s=96&d=mm&r=g","contentUrl":"https:\/\/secure.gravatar.com\/avatar\/7ce1f28c0c3bbac99ff550b85ef8e44a6950c6ee24514fb6a5489e51d06f0298?s=96&d=mm&r=g","caption":"webdo.tn"},"url":"https:\/\/www.webdo.tn\/fr\/actualite\/author\/webdotn\/"}]}},"_links":{"self":[{"href":"https:\/\/www.webdo.tn\/fr\/wp-json\/wp\/v2\/posts\/172275","targetHints":{"allow":["GET"]}}],"collection":[{"href":"https:\/\/www.webdo.tn\/fr\/wp-json\/wp\/v2\/posts"}],"about":[{"href":"https:\/\/www.webdo.tn\/fr\/wp-json\/wp\/v2\/types\/post"}],"author":[{"embeddable":true,"href":"https:\/\/www.webdo.tn\/fr\/wp-json\/wp\/v2\/users\/3222"}],"replies":[{"embeddable":true,"href":"https:\/\/www.webdo.tn\/fr\/wp-json\/wp\/v2\/comments?post=172275"}],"version-history":[{"count":0,"href":"https:\/\/www.webdo.tn\/fr\/wp-json\/wp\/v2\/posts\/172275\/revisions"}],"wp:featuredmedia":[{"embeddable":true,"href":"https:\/\/www.webdo.tn\/fr\/wp-json\/wp\/v2\/media\/334018"}],"wp:attachment":[{"href":"https:\/\/www.webdo.tn\/fr\/wp-json\/wp\/v2\/media?parent=172275"}],"wp:term":[{"taxonomy":"category","embeddable":true,"href":"https:\/\/www.webdo.tn\/fr\/wp-json\/wp\/v2\/categories?post=172275"},{"taxonomy":"post_tag","embeddable":true,"href":"https:\/\/www.webdo.tn\/fr\/wp-json\/wp\/v2\/tags?post=172275"}],"curies":[{"name":"wp","href":"https:\/\/api.w.org\/{rel}","templated":true}]}}