{"id":172273,"date":"2012-01-23T20:36:00","date_gmt":"2012-01-23T20:36:00","guid":{"rendered":"https:\/\/www.webdo.tn\/fr\/blog\/l-affaire-nessma-la-justice-saura-t-elle-seriger-en-defenseur-des-libertes\/172273\/"},"modified":"2025-06-04T19:01:53","modified_gmt":"2025-06-04T19:01:53","slug":"l-affaire-nessma-la-justice-saura-t-elle-seriger-en-defenseur-des-libertes","status":"publish","type":"post","link":"https:\/\/www.webdo.tn\/fr\/actualite\/national\/l-affaire-nessma-la-justice-saura-t-elle-seriger-en-defenseur-des-libertes\/172273\/","title":{"rendered":"L\u2019affaire \u00abNessma\u00bb : la justice saura-t-elle s\u2019\u00e9riger en d\u00e9fenseur des libert\u00e9s !"},"content":{"rendered":"<p>Ce qui a \u00e9t\u00e9 convenu de d\u00e9signer comme l\u2019affaire \u00ab Nessma \u00bb a \u00e9t\u00e9 de nouveau report\u00e9e par la Justice tunisienne au 19 avril prochain dans un climat tendu, marqu\u00e9 par l\u2019agression du r\u00e9dacteur en chef du journal \u00ab Le Maghreb \u00bb, M.Zied Krichen, et le professeur universitaire et \u00e9crivain, M.Hamadi Redissi, cible de ces extr\u00e9mistes \u00e0 cause de leurs \u00e9crits et de leur position \u00e0 l\u2019\u00e9gard de la libert\u00e9 d\u2019expression, et aussi de<br \/>\nl\u2019extr\u00e9misme et de l\u2019int\u00e9grisme religieux.<\/p>\n<p>Aujourd\u2019hui, la probl\u00e9matique se pose en terme \u00e0 la fois simple et complexe.<\/p>\n<p>Elle est simple du point de vue de celui qui s\u2019est vu confier la t\u00e2che de se prononcer dans une affaire relative \u00e0 cette libert\u00e9 fondamentale et essentielle pour toute d\u00e9mocratie, la libert\u00e9 d\u2019expression. Ce r\u00f4le a \u00e9t\u00e9 d\u00e9volu au juge judiciaire, connu dans la tradition comme \u00e9tant le protecteur des libert\u00e9s publiques.<\/p>\n<p>Elle est complexe en ce sens que le juge est appel\u00e9 \u00e0 d\u00e9limiter les fronti\u00e8res de l\u2019exercice de cette libert\u00e9 dans notre pays et au sein de notre soci\u00e9t\u00e9. C\u2019est \u00e0 lui que reviendra la responsabilit\u00e9 de d\u00e9terminer, en partie, l\u2019avenir de cette libert\u00e9 dans notre pays.<\/p>\n<p>La Justice est appel\u00e9e \u00e0 exprimer sa totale ind\u00e9pendance \u00e0 l\u2019\u00e9gard de toutes sortes de pressions inqualifiables, politiques, morales et sociales, qu\u2019on ne manquera pas de lui faire subir. <\/p>\n<p>Saura-t-elle r\u00e9pondre aux attentes d\u2019un peuple qui a tant souffert des limites voire du manque de libert\u00e9 d\u2019expression dont il a \u00e9t\u00e9 priv\u00e9 pendant de longues ann\u00e9es, les ann\u00e9es noires de la Tunisie, ces ann\u00e9es que nous promettent pour l\u2019avenir cette frange extr\u00e9miste minoritaire des salafistes qui veut nous imposer son mode de vie et de pens\u00e9e\u00a0?<\/p>\n<p>Ailleurs, le Juge a toujours jou\u00e9 un r\u00f4le positif dans le d\u00e9veloppement des libert\u00e9s.<br \/>\nEn sera-t-il de m\u00eame chez nous ?<\/p>\n<p>Tel est le d\u00e9fi que la justice tunisienne se doit de relever afin que sa d\u00e9cision aille dans le sens de l\u2019histoire moderne et moderniste de notre pays, toujours \u00e0 la pointe du d\u00e9veloppement des droits de l\u2019homme dans le monde arabe.<\/p>\n<p>C\u2019est de son audace et de sa rigueur que d\u00e9pendra, dans une grande mesure, l\u2019espace de libert\u00e9 auquel le citoyen tunisien aura droit !<\/p>\n","protected":false},"excerpt":{"rendered":"<p>L\u2019affaire \u00abNessma\u00bb : la justice saura-t-elle s\u2019\u00e9riger en d\u00e9fenseur des libert\u00e9s ! <\/p>\n","protected":false},"author":3222,"featured_media":374657,"comment_status":"open","ping_status":"closed","sticky":false,"template":"","format":"standard","meta":{"footnotes":""},"categories":[44],"tags":[],"class_list":["post-172273","post","type-post","status-publish","format-standard","has-post-thumbnail","hentry","category-national"],"yoast_head":"<!-- This site is optimized with the Yoast SEO Premium plugin v27.5 (Yoast SEO v27.5) - https:\/\/yoast.com\/product\/yoast-seo-premium-wordpress\/ -->\n<title>L\u2019affaire \u00abNessma\u00bb : la justice saura-t-elle s\u2019\u00e9riger en d\u00e9fenseur des libert\u00e9s !<\/title>\n<meta name=\"description\" content=\"L\u2019affaire \u00abNessma\u00bb : la justice saura-t-elle s\u2019\u00e9riger en d\u00e9fenseur des libert\u00e9s !\" \/>\n<link rel=\"canonical\" href=\"https:\/\/www.webdo.tn\/fr\/actualite\/national\/l-affaire-nessma-la-justice-saura-t-elle-seriger-en-defenseur-des-libertes\/172273\/\" \/>\n<meta property=\"og:locale\" content=\"fr_FR\" \/>\n<meta property=\"og:type\" content=\"article\" \/>\n<meta property=\"og:title\" content=\"L\u2019affaire \u00abNessma\u00bb : la justice saura-t-elle s\u2019\u00e9riger en d\u00e9fenseur des libert\u00e9s !\" \/>\n<meta property=\"og:description\" content=\"L\u2019affaire \u00abNessma\u00bb : la justice saura-t-elle s\u2019\u00e9riger en d\u00e9fenseur des libert\u00e9s !\" \/>\n<meta property=\"og:url\" content=\"https:\/\/www.webdo.tn\/fr\/actualite\/national\/l-affaire-nessma-la-justice-saura-t-elle-seriger-en-defenseur-des-libertes\/172273\/\" \/>\n<meta property=\"og:site_name\" content=\"webdo\" \/>\n<meta property=\"article:publisher\" content=\"https:\/\/www.facebook.com\/webdotn\" \/>\n<meta property=\"article:published_time\" content=\"2012-01-23T20:36:00+00:00\" \/>\n<meta property=\"article:modified_time\" content=\"2025-06-04T19:01:53+00:00\" \/>\n<meta name=\"author\" content=\"webdo.tn\" \/>\n<meta name=\"twitter:card\" content=\"summary_large_image\" \/>\n<meta name=\"twitter:creator\" content=\"@webdo_tn\" \/>\n<meta name=\"twitter:site\" content=\"@webdo_tn\" \/>\n<meta name=\"twitter:label1\" content=\"\u00c9crit par\" \/>\n\t<meta name=\"twitter:data1\" content=\"webdo.tn\" \/>\n\t<meta name=\"twitter:label2\" content=\"Dur\u00e9e de lecture estim\u00e9e\" \/>\n\t<meta name=\"twitter:data2\" content=\"2 minutes\" \/>\n<script type=\"application\/ld+json\" class=\"yoast-schema-graph\">{\"@context\":\"https:\\\/\\\/schema.org\",\"@graph\":[{\"@type\":\"NewsArticle\",\"@id\":\"https:\\\/\\\/www.webdo.tn\\\/fr\\\/actualite\\\/national\\\/l-affaire-nessma-la-justice-saura-t-elle-seriger-en-defenseur-des-libertes\\\/172273\\\/#article\",\"isPartOf\":{\"@id\":\"https:\\\/\\\/www.webdo.tn\\\/fr\\\/actualite\\\/national\\\/l-affaire-nessma-la-justice-saura-t-elle-seriger-en-defenseur-des-libertes\\\/172273\\\/\"},\"author\":{\"name\":\"webdo.tn\",\"@id\":\"https:\\\/\\\/www.webdo.tn\\\/fr\\\/#\\\/schema\\\/person\\\/9a9c6118d687c117df8ef3cc36a4d175\"},\"headline\":\"L\u2019affaire \u00abNessma\u00bb : la justice saura-t-elle s\u2019\u00e9riger en d\u00e9fenseur des libert\u00e9s !\",\"datePublished\":\"2012-01-23T20:36:00+00:00\",\"dateModified\":\"2025-06-04T19:01:53+00:00\",\"mainEntityOfPage\":{\"@id\":\"https:\\\/\\\/www.webdo.tn\\\/fr\\\/actualite\\\/national\\\/l-affaire-nessma-la-justice-saura-t-elle-seriger-en-defenseur-des-libertes\\\/172273\\\/\"},\"wordCount\":418,\"commentCount\":0,\"publisher\":{\"@id\":\"https:\\\/\\\/www.webdo.tn\\\/fr\\\/#organization\"},\"image\":{\"@id\":\"https:\\\/\\\/www.webdo.tn\\\/fr\\\/actualite\\\/national\\\/l-affaire-nessma-la-justice-saura-t-elle-seriger-en-defenseur-des-libertes\\\/172273\\\/#primaryimage\"},\"thumbnailUrl\":\"https:\\\/\\\/www.webdo.tn\\\/fr\\\/wp-content\\\/uploads\\\/2025\\\/06\\\/Liberte-dexpression-vs-justice-photo-lepost.fr__172273.jpg\",\"articleSection\":[\"National\"],\"inLanguage\":\"fr-FR\"},{\"@type\":\"WebPage\",\"@id\":\"https:\\\/\\\/www.webdo.tn\\\/fr\\\/actualite\\\/national\\\/l-affaire-nessma-la-justice-saura-t-elle-seriger-en-defenseur-des-libertes\\\/172273\\\/\",\"url\":\"https:\\\/\\\/www.webdo.tn\\\/fr\\\/actualite\\\/national\\\/l-affaire-nessma-la-justice-saura-t-elle-seriger-en-defenseur-des-libertes\\\/172273\\\/\",\"name\":\"L\u2019affaire \u00abNessma\u00bb : la justice saura-t-elle s\u2019\u00e9riger en d\u00e9fenseur des libert\u00e9s !\",\"isPartOf\":{\"@id\":\"https:\\\/\\\/www.webdo.tn\\\/fr\\\/#website\"},\"primaryImageOfPage\":{\"@id\":\"https:\\\/\\\/www.webdo.tn\\\/fr\\\/actualite\\\/national\\\/l-affaire-nessma-la-justice-saura-t-elle-seriger-en-defenseur-des-libertes\\\/172273\\\/#primaryimage\"},\"image\":{\"@id\":\"https:\\\/\\\/www.webdo.tn\\\/fr\\\/actualite\\\/national\\\/l-affaire-nessma-la-justice-saura-t-elle-seriger-en-defenseur-des-libertes\\\/172273\\\/#primaryimage\"},\"thumbnailUrl\":\"https:\\\/\\\/www.webdo.tn\\\/fr\\\/wp-content\\\/uploads\\\/2025\\\/06\\\/Liberte-dexpression-vs-justice-photo-lepost.fr__172273.jpg\",\"datePublished\":\"2012-01-23T20:36:00+00:00\",\"dateModified\":\"2025-06-04T19:01:53+00:00\",\"description\":\"L\u2019affaire \u00abNessma\u00bb : la justice saura-t-elle s\u2019\u00e9riger en d\u00e9fenseur des libert\u00e9s !\",\"breadcrumb\":{\"@id\":\"https:\\\/\\\/www.webdo.tn\\\/fr\\\/actualite\\\/national\\\/l-affaire-nessma-la-justice-saura-t-elle-seriger-en-defenseur-des-libertes\\\/172273\\\/#breadcrumb\"},\"inLanguage\":\"fr-FR\",\"potentialAction\":[{\"@type\":\"ReadAction\",\"target\":[\"https:\\\/\\\/www.webdo.tn\\\/fr\\\/actualite\\\/national\\\/l-affaire-nessma-la-justice-saura-t-elle-seriger-en-defenseur-des-libertes\\\/172273\\\/\"]}]},{\"@type\":\"ImageObject\",\"inLanguage\":\"fr-FR\",\"@id\":\"https:\\\/\\\/www.webdo.tn\\\/fr\\\/actualite\\\/national\\\/l-affaire-nessma-la-justice-saura-t-elle-seriger-en-defenseur-des-libertes\\\/172273\\\/#primaryimage\",\"url\":\"https:\\\/\\\/www.webdo.tn\\\/fr\\\/wp-content\\\/uploads\\\/2025\\\/06\\\/Liberte-dexpression-vs-justice-photo-lepost.fr__172273.jpg\",\"contentUrl\":\"https:\\\/\\\/www.webdo.tn\\\/fr\\\/wp-content\\\/uploads\\\/2025\\\/06\\\/Liberte-dexpression-vs-justice-photo-lepost.fr__172273.jpg\",\"width\":270,\"height\":199,\"caption\":\"L\u2019affaire \u00abNessma\u00bb : la justice saura-t-elle s\u2019\u00e9riger en d\u00e9fenseur des libert\u00e9s !\"},{\"@type\":\"BreadcrumbList\",\"@id\":\"https:\\\/\\\/www.webdo.tn\\\/fr\\\/actualite\\\/national\\\/l-affaire-nessma-la-justice-saura-t-elle-seriger-en-defenseur-des-libertes\\\/172273\\\/#breadcrumb\",\"itemListElement\":[{\"@type\":\"ListItem\",\"position\":1,\"name\":\"Accueil\",\"item\":\"https:\\\/\\\/www.webdo.tn\\\/fr\\\/\"},{\"@type\":\"ListItem\",\"position\":2,\"name\":\"L\u2019affaire \u00abNessma\u00bb : la justice saura-t-elle s\u2019\u00e9riger en d\u00e9fenseur des libert\u00e9s !\"}]},{\"@type\":\"WebSite\",\"@id\":\"https:\\\/\\\/www.webdo.tn\\\/fr\\\/#website\",\"url\":\"https:\\\/\\\/www.webdo.tn\\\/fr\\\/\",\"name\":\"webdo\",\"description\":\"Tunisie - News en Tunisie et \u00e0 l&#039;international sur Webdo.tn\",\"publisher\":{\"@id\":\"https:\\\/\\\/www.webdo.tn\\\/fr\\\/#organization\"},\"potentialAction\":[{\"@type\":\"SearchAction\",\"target\":{\"@type\":\"EntryPoint\",\"urlTemplate\":\"https:\\\/\\\/www.webdo.tn\\\/fr\\\/?s={search_term_string}\"},\"query-input\":{\"@type\":\"PropertyValueSpecification\",\"valueRequired\":true,\"valueName\":\"search_term_string\"}}],\"inLanguage\":\"fr-FR\"},{\"@type\":\"Organization\",\"@id\":\"https:\\\/\\\/www.webdo.tn\\\/fr\\\/#organization\",\"name\":\"Webdo\",\"alternateName\":\"Webdo.tn\",\"url\":\"https:\\\/\\\/www.webdo.tn\\\/fr\\\/\",\"logo\":{\"@type\":\"ImageObject\",\"inLanguage\":\"fr-FR\",\"@id\":\"https:\\\/\\\/www.webdo.tn\\\/fr\\\/#\\\/schema\\\/logo\\\/image\\\/\",\"url\":\"https:\\\/\\\/www.webdo.tn\\\/fr\\\/wp-content\\\/uploads\\\/2025\\\/06\\\/Webdo-Tunisie_168377.jpg\",\"contentUrl\":\"https:\\\/\\\/www.webdo.tn\\\/fr\\\/wp-content\\\/uploads\\\/2025\\\/06\\\/Webdo-Tunisie_168377.jpg\",\"width\":301,\"height\":301,\"caption\":\"Webdo\"},\"image\":{\"@id\":\"https:\\\/\\\/www.webdo.tn\\\/fr\\\/#\\\/schema\\\/logo\\\/image\\\/\"},\"sameAs\":[\"https:\\\/\\\/www.facebook.com\\\/webdotn\",\"https:\\\/\\\/x.com\\\/webdo_tn\"],\"description\":\"Webdo est un m\u00e9dia num\u00e9rique tunisien fond\u00e9 en 2010, sp\u00e9cialis\u00e9 dans l\u2019actualit\u00e9 nationale et internationale, l\u2019\u00e9conomie, la soci\u00e9t\u00e9 et les analyses politiques. Le site s\u2019adresse \u00e0 un large public francophone et couvre l\u2019information tunisienne en temps r\u00e9el.\",\"email\":\"redac@webdo.tn\",\"legalName\":\"YNJ SARL\",\"foundingDate\":\"2010-09-06\",\"numberOfEmployees\":{\"@type\":\"QuantitativeValue\",\"minValue\":\"11\",\"maxValue\":\"50\"}},{\"@type\":\"Person\",\"@id\":\"https:\\\/\\\/www.webdo.tn\\\/fr\\\/#\\\/schema\\\/person\\\/9a9c6118d687c117df8ef3cc36a4d175\",\"name\":\"webdo.tn\",\"image\":{\"@type\":\"ImageObject\",\"inLanguage\":\"fr-FR\",\"@id\":\"https:\\\/\\\/secure.gravatar.com\\\/avatar\\\/7ce1f28c0c3bbac99ff550b85ef8e44a6950c6ee24514fb6a5489e51d06f0298?s=96&d=mm&r=g\",\"url\":\"https:\\\/\\\/secure.gravatar.com\\\/avatar\\\/7ce1f28c0c3bbac99ff550b85ef8e44a6950c6ee24514fb6a5489e51d06f0298?s=96&d=mm&r=g\",\"contentUrl\":\"https:\\\/\\\/secure.gravatar.com\\\/avatar\\\/7ce1f28c0c3bbac99ff550b85ef8e44a6950c6ee24514fb6a5489e51d06f0298?s=96&d=mm&r=g\",\"caption\":\"webdo.tn\"},\"url\":\"https:\\\/\\\/www.webdo.tn\\\/fr\\\/actualite\\\/author\\\/webdotn\\\/\"}]}<\/script>\n<!-- \/ Yoast SEO Premium plugin. -->","yoast_head_json":{"title":"L\u2019affaire \u00abNessma\u00bb : la justice saura-t-elle s\u2019\u00e9riger en d\u00e9fenseur des libert\u00e9s !","description":"L\u2019affaire \u00abNessma\u00bb : la justice saura-t-elle s\u2019\u00e9riger en d\u00e9fenseur des libert\u00e9s !","canonical":"https:\/\/www.webdo.tn\/fr\/actualite\/national\/l-affaire-nessma-la-justice-saura-t-elle-seriger-en-defenseur-des-libertes\/172273\/","og_locale":"fr_FR","og_type":"article","og_title":"L\u2019affaire \u00abNessma\u00bb : la justice saura-t-elle s\u2019\u00e9riger en d\u00e9fenseur des libert\u00e9s !","og_description":"L\u2019affaire \u00abNessma\u00bb : la justice saura-t-elle s\u2019\u00e9riger en d\u00e9fenseur des libert\u00e9s !","og_url":"https:\/\/www.webdo.tn\/fr\/actualite\/national\/l-affaire-nessma-la-justice-saura-t-elle-seriger-en-defenseur-des-libertes\/172273\/","og_site_name":"webdo","article_publisher":"https:\/\/www.facebook.com\/webdotn","article_published_time":"2012-01-23T20:36:00+00:00","article_modified_time":"2025-06-04T19:01:53+00:00","author":"webdo.tn","twitter_card":"summary_large_image","twitter_creator":"@webdo_tn","twitter_site":"@webdo_tn","twitter_misc":{"\u00c9crit par":"webdo.tn","Dur\u00e9e de lecture estim\u00e9e":"2 minutes"},"schema":{"@context":"https:\/\/schema.org","@graph":[{"@type":"NewsArticle","@id":"https:\/\/www.webdo.tn\/fr\/actualite\/national\/l-affaire-nessma-la-justice-saura-t-elle-seriger-en-defenseur-des-libertes\/172273\/#article","isPartOf":{"@id":"https:\/\/www.webdo.tn\/fr\/actualite\/national\/l-affaire-nessma-la-justice-saura-t-elle-seriger-en-defenseur-des-libertes\/172273\/"},"author":{"name":"webdo.tn","@id":"https:\/\/www.webdo.tn\/fr\/#\/schema\/person\/9a9c6118d687c117df8ef3cc36a4d175"},"headline":"L\u2019affaire \u00abNessma\u00bb : la justice saura-t-elle s\u2019\u00e9riger en d\u00e9fenseur des libert\u00e9s !","datePublished":"2012-01-23T20:36:00+00:00","dateModified":"2025-06-04T19:01:53+00:00","mainEntityOfPage":{"@id":"https:\/\/www.webdo.tn\/fr\/actualite\/national\/l-affaire-nessma-la-justice-saura-t-elle-seriger-en-defenseur-des-libertes\/172273\/"},"wordCount":418,"commentCount":0,"publisher":{"@id":"https:\/\/www.webdo.tn\/fr\/#organization"},"image":{"@id":"https:\/\/www.webdo.tn\/fr\/actualite\/national\/l-affaire-nessma-la-justice-saura-t-elle-seriger-en-defenseur-des-libertes\/172273\/#primaryimage"},"thumbnailUrl":"https:\/\/www.webdo.tn\/fr\/wp-content\/uploads\/2025\/06\/Liberte-dexpression-vs-justice-photo-lepost.fr__172273.jpg","articleSection":["National"],"inLanguage":"fr-FR"},{"@type":"WebPage","@id":"https:\/\/www.webdo.tn\/fr\/actualite\/national\/l-affaire-nessma-la-justice-saura-t-elle-seriger-en-defenseur-des-libertes\/172273\/","url":"https:\/\/www.webdo.tn\/fr\/actualite\/national\/l-affaire-nessma-la-justice-saura-t-elle-seriger-en-defenseur-des-libertes\/172273\/","name":"L\u2019affaire \u00abNessma\u00bb : la justice saura-t-elle s\u2019\u00e9riger en d\u00e9fenseur des libert\u00e9s !","isPartOf":{"@id":"https:\/\/www.webdo.tn\/fr\/#website"},"primaryImageOfPage":{"@id":"https:\/\/www.webdo.tn\/fr\/actualite\/national\/l-affaire-nessma-la-justice-saura-t-elle-seriger-en-defenseur-des-libertes\/172273\/#primaryimage"},"image":{"@id":"https:\/\/www.webdo.tn\/fr\/actualite\/national\/l-affaire-nessma-la-justice-saura-t-elle-seriger-en-defenseur-des-libertes\/172273\/#primaryimage"},"thumbnailUrl":"https:\/\/www.webdo.tn\/fr\/wp-content\/uploads\/2025\/06\/Liberte-dexpression-vs-justice-photo-lepost.fr__172273.jpg","datePublished":"2012-01-23T20:36:00+00:00","dateModified":"2025-06-04T19:01:53+00:00","description":"L\u2019affaire \u00abNessma\u00bb : la justice saura-t-elle s\u2019\u00e9riger en d\u00e9fenseur des libert\u00e9s !","breadcrumb":{"@id":"https:\/\/www.webdo.tn\/fr\/actualite\/national\/l-affaire-nessma-la-justice-saura-t-elle-seriger-en-defenseur-des-libertes\/172273\/#breadcrumb"},"inLanguage":"fr-FR","potentialAction":[{"@type":"ReadAction","target":["https:\/\/www.webdo.tn\/fr\/actualite\/national\/l-affaire-nessma-la-justice-saura-t-elle-seriger-en-defenseur-des-libertes\/172273\/"]}]},{"@type":"ImageObject","inLanguage":"fr-FR","@id":"https:\/\/www.webdo.tn\/fr\/actualite\/national\/l-affaire-nessma-la-justice-saura-t-elle-seriger-en-defenseur-des-libertes\/172273\/#primaryimage","url":"https:\/\/www.webdo.tn\/fr\/wp-content\/uploads\/2025\/06\/Liberte-dexpression-vs-justice-photo-lepost.fr__172273.jpg","contentUrl":"https:\/\/www.webdo.tn\/fr\/wp-content\/uploads\/2025\/06\/Liberte-dexpression-vs-justice-photo-lepost.fr__172273.jpg","width":270,"height":199,"caption":"L\u2019affaire \u00abNessma\u00bb : la justice saura-t-elle s\u2019\u00e9riger en d\u00e9fenseur des libert\u00e9s !"},{"@type":"BreadcrumbList","@id":"https:\/\/www.webdo.tn\/fr\/actualite\/national\/l-affaire-nessma-la-justice-saura-t-elle-seriger-en-defenseur-des-libertes\/172273\/#breadcrumb","itemListElement":[{"@type":"ListItem","position":1,"name":"Accueil","item":"https:\/\/www.webdo.tn\/fr\/"},{"@type":"ListItem","position":2,"name":"L\u2019affaire \u00abNessma\u00bb : la justice saura-t-elle s\u2019\u00e9riger en d\u00e9fenseur des libert\u00e9s !"}]},{"@type":"WebSite","@id":"https:\/\/www.webdo.tn\/fr\/#website","url":"https:\/\/www.webdo.tn\/fr\/","name":"webdo","description":"Tunisie - News en Tunisie et \u00e0 l&#039;international sur Webdo.tn","publisher":{"@id":"https:\/\/www.webdo.tn\/fr\/#organization"},"potentialAction":[{"@type":"SearchAction","target":{"@type":"EntryPoint","urlTemplate":"https:\/\/www.webdo.tn\/fr\/?s={search_term_string}"},"query-input":{"@type":"PropertyValueSpecification","valueRequired":true,"valueName":"search_term_string"}}],"inLanguage":"fr-FR"},{"@type":"Organization","@id":"https:\/\/www.webdo.tn\/fr\/#organization","name":"Webdo","alternateName":"Webdo.tn","url":"https:\/\/www.webdo.tn\/fr\/","logo":{"@type":"ImageObject","inLanguage":"fr-FR","@id":"https:\/\/www.webdo.tn\/fr\/#\/schema\/logo\/image\/","url":"https:\/\/www.webdo.tn\/fr\/wp-content\/uploads\/2025\/06\/Webdo-Tunisie_168377.jpg","contentUrl":"https:\/\/www.webdo.tn\/fr\/wp-content\/uploads\/2025\/06\/Webdo-Tunisie_168377.jpg","width":301,"height":301,"caption":"Webdo"},"image":{"@id":"https:\/\/www.webdo.tn\/fr\/#\/schema\/logo\/image\/"},"sameAs":["https:\/\/www.facebook.com\/webdotn","https:\/\/x.com\/webdo_tn"],"description":"Webdo est un m\u00e9dia num\u00e9rique tunisien fond\u00e9 en 2010, sp\u00e9cialis\u00e9 dans l\u2019actualit\u00e9 nationale et internationale, l\u2019\u00e9conomie, la soci\u00e9t\u00e9 et les analyses politiques. Le site s\u2019adresse \u00e0 un large public francophone et couvre l\u2019information tunisienne en temps r\u00e9el.","email":"redac@webdo.tn","legalName":"YNJ SARL","foundingDate":"2010-09-06","numberOfEmployees":{"@type":"QuantitativeValue","minValue":"11","maxValue":"50"}},{"@type":"Person","@id":"https:\/\/www.webdo.tn\/fr\/#\/schema\/person\/9a9c6118d687c117df8ef3cc36a4d175","name":"webdo.tn","image":{"@type":"ImageObject","inLanguage":"fr-FR","@id":"https:\/\/secure.gravatar.com\/avatar\/7ce1f28c0c3bbac99ff550b85ef8e44a6950c6ee24514fb6a5489e51d06f0298?s=96&d=mm&r=g","url":"https:\/\/secure.gravatar.com\/avatar\/7ce1f28c0c3bbac99ff550b85ef8e44a6950c6ee24514fb6a5489e51d06f0298?s=96&d=mm&r=g","contentUrl":"https:\/\/secure.gravatar.com\/avatar\/7ce1f28c0c3bbac99ff550b85ef8e44a6950c6ee24514fb6a5489e51d06f0298?s=96&d=mm&r=g","caption":"webdo.tn"},"url":"https:\/\/www.webdo.tn\/fr\/actualite\/author\/webdotn\/"}]}},"_links":{"self":[{"href":"https:\/\/www.webdo.tn\/fr\/wp-json\/wp\/v2\/posts\/172273","targetHints":{"allow":["GET"]}}],"collection":[{"href":"https:\/\/www.webdo.tn\/fr\/wp-json\/wp\/v2\/posts"}],"about":[{"href":"https:\/\/www.webdo.tn\/fr\/wp-json\/wp\/v2\/types\/post"}],"author":[{"embeddable":true,"href":"https:\/\/www.webdo.tn\/fr\/wp-json\/wp\/v2\/users\/3222"}],"replies":[{"embeddable":true,"href":"https:\/\/www.webdo.tn\/fr\/wp-json\/wp\/v2\/comments?post=172273"}],"version-history":[{"count":0,"href":"https:\/\/www.webdo.tn\/fr\/wp-json\/wp\/v2\/posts\/172273\/revisions"}],"wp:featuredmedia":[{"embeddable":true,"href":"https:\/\/www.webdo.tn\/fr\/wp-json\/wp\/v2\/media\/374657"}],"wp:attachment":[{"href":"https:\/\/www.webdo.tn\/fr\/wp-json\/wp\/v2\/media?parent=172273"}],"wp:term":[{"taxonomy":"category","embeddable":true,"href":"https:\/\/www.webdo.tn\/fr\/wp-json\/wp\/v2\/categories?post=172273"},{"taxonomy":"post_tag","embeddable":true,"href":"https:\/\/www.webdo.tn\/fr\/wp-json\/wp\/v2\/tags?post=172273"}],"curies":[{"name":"wp","href":"https:\/\/api.w.org\/{rel}","templated":true}]}}