{"id":172271,"date":"2012-01-23T23:27:00","date_gmt":"2012-01-23T23:27:00","guid":{"rendered":"https:\/\/www.webdo.tn\/fr\/blog\/agression-de-zied-krichen-la-condamnation-de-hamadi-jebali-aboutira-t-elle-vraiment-a-l-inculpation-de-l-agresseur\/172271\/"},"modified":"2025-06-04T19:01:57","modified_gmt":"2025-06-04T19:01:57","slug":"agression-de-zied-krichen-la-condamnation-de-hamadi-jebali-aboutira-t-elle-vraiment-a-l-inculpation-de-l-agresseur","status":"publish","type":"post","link":"https:\/\/www.webdo.tn\/fr\/actualite\/national\/agression-de-zied-krichen-la-condamnation-de-hamadi-jebali-aboutira-t-elle-vraiment-a-l-inculpation-de-l-agresseur\/172271\/","title":{"rendered":"Agression de Zied Krichen : la condamnation de Hamadi Jebali aboutira-t-elle vraiment \u00e0 l\u2019inculpation de l\u2019agresseur ?"},"content":{"rendered":"<p>Le proc\u00e8s de la cha\u00eene priv\u00e9e Nessma relatif \u00e0 l\u2019affaire du film \u00ab Pers\u00e9polis \u00bb s\u2019est d\u00e9roul\u00e9 aujourd\u2019hui 23 janvier dans une ambiance extr\u00eamement tendue. Il a \u00e9t\u00e9 \u00e9maill\u00e9 de graves incidents d\u2019une rare violence. En effet \u00e0 la sortie du Palais de Justice, Zied Krichen, le r\u00e9dacteur en chef du quotidien Le Maghreb, a \u00e9t\u00e9 pris \u00e0 partie par une foule nombreuse de barbus hostiles \u00e0 Nessma TV et \u00e0 tous ceux qui d\u00e9fendent la libert\u00e9 d\u2019expression et de cr\u00e9ation. Les pires insultes ont \u00e9t\u00e9 prof\u00e9r\u00e9es \u00e0 l\u2019encontre du journaliste. Poursuivi par un groupe de fondamentalistes d\u00e9cha\u00een\u00e9s, Zied Krichen a \u00e9t\u00e9 victime d\u2019une grave agression physique de la part d\u2019un barbu. L\u2019universitaire Hamadi Redissi qui l\u2019accompagnait n\u2019a pas non plus \u00e9t\u00e9 \u00e9pargn\u00e9 par la violence de la foule anim\u00e9e d\u2019une haine inextinguible. Des images absolument scandaleuses qui t\u00e9moignent d\u2019une escalade ahurissante du d\u00e9nigrement. Les deux victimes pourchass\u00e9es comme des malfrats n\u2019ont pu trouver le salut qu\u2019au poste de police de la Kasbah dans lequel ils se sont r\u00e9fugi\u00e9s.<\/p>\n<p>Dans l\u2019apr\u00e8s-midi, Hamadi Jebali, le chef du Gouvernement, n\u2019a pas h\u00e9sit\u00e9 un instant, depuis la tribune de l\u2019Assembl\u00e9e Nationale Constituante, \u00e0 d\u00e9plorer et condamner l\u2019incident dont a \u00e9t\u00e9 victime Zied Krichen. Le chef de l\u2019ex\u00e9cutif a promis l\u2019ouverture d\u2019une enqu\u00eate afin que l\u2019agresseur soit poursuivi, soulignant au passage qu\u2019 \u00ab il ne peut exister de libert\u00e9 sans la protection de l\u2019int\u00e9grit\u00e9 physique des journalistes ind\u00e9pendamment de leurs opinions. \u00bb <\/p>\n<p>Apr\u00e8s l\u2019agression r\u00e9cente de Sofi\u00e8ne Ben Hamida, le chroniqueur de Nessma TV, et l\u2019escalade de l\u2019incident effrayant d\u2019aujourd\u2019hui, l\u2019on ne peut que s\u2019interroger sur la position r\u00e9elle du Gouvernement Jebali \u00e0 l\u2019encontre des fondamentalistes visiblement encourag\u00e9s par l\u2019impunit\u00e9.<\/p>\n","protected":false},"excerpt":{"rendered":"<p>Agression de Zied Krichen : la condamnation de Hamadi Jebali aboutira-t-elle vraiment \u00e0 l\u2019inculpation de l\u2019agresseur ? <\/p>\n","protected":false},"author":3222,"featured_media":333812,"comment_status":"open","ping_status":"closed","sticky":false,"template":"","format":"standard","meta":{"footnotes":""},"categories":[44],"tags":[],"class_list":["post-172271","post","type-post","status-publish","format-standard","has-post-thumbnail","hentry","category-national"],"yoast_head":"<!-- This site is optimized with the Yoast SEO Premium plugin v27.5 (Yoast SEO v27.5) - https:\/\/yoast.com\/product\/yoast-seo-premium-wordpress\/ -->\n<title>Agression de Zied Krichen : la condamnation de Hamadi Jebali aboutira-t-elle vraiment \u00e0 l\u2019inculpation de l\u2019agresseur ?<\/title>\n<meta name=\"description\" content=\"Agression de Zied Krichen : la condamnation de Hamadi Jebali aboutira-t-elle vraiment \u00e0 l\u2019inculpation de l\u2019agresseur ?\" \/>\n<link rel=\"canonical\" href=\"https:\/\/www.webdo.tn\/fr\/actualite\/national\/agression-de-zied-krichen-la-condamnation-de-hamadi-jebali-aboutira-t-elle-vraiment-a-l-inculpation-de-l-agresseur\/172271\/\" \/>\n<meta property=\"og:locale\" content=\"fr_FR\" \/>\n<meta property=\"og:type\" content=\"article\" \/>\n<meta property=\"og:title\" content=\"Agression de Zied Krichen : la condamnation de Hamadi Jebali aboutira-t-elle vraiment \u00e0 l\u2019inculpation de l\u2019agresseur ?\" \/>\n<meta property=\"og:description\" content=\"Agression de Zied Krichen : la condamnation de Hamadi Jebali aboutira-t-elle vraiment \u00e0 l\u2019inculpation de l\u2019agresseur ?\" \/>\n<meta property=\"og:url\" content=\"https:\/\/www.webdo.tn\/fr\/actualite\/national\/agression-de-zied-krichen-la-condamnation-de-hamadi-jebali-aboutira-t-elle-vraiment-a-l-inculpation-de-l-agresseur\/172271\/\" \/>\n<meta property=\"og:site_name\" content=\"webdo\" \/>\n<meta property=\"article:publisher\" content=\"https:\/\/www.facebook.com\/webdotn\" \/>\n<meta property=\"article:published_time\" content=\"2012-01-23T23:27:00+00:00\" \/>\n<meta property=\"article:modified_time\" content=\"2025-06-04T19:01:57+00:00\" \/>\n<meta property=\"og:image\" content=\"https:\/\/www.webdo.tn\/fr\/wp-content\/uploads\/2012\/01\/Zied-Krichen-photo-mosaiquefm.net_.jpg\" \/>\n\t<meta property=\"og:image:width\" content=\"270\" \/>\n\t<meta property=\"og:image:height\" content=\"155\" \/>\n\t<meta property=\"og:image:type\" content=\"image\/jpeg\" \/>\n<meta name=\"author\" content=\"webdo.tn\" \/>\n<meta name=\"twitter:card\" content=\"summary_large_image\" \/>\n<meta name=\"twitter:creator\" content=\"@webdo_tn\" \/>\n<meta name=\"twitter:site\" content=\"@webdo_tn\" \/>\n<meta name=\"twitter:label1\" content=\"\u00c9crit par\" \/>\n\t<meta name=\"twitter:data1\" content=\"webdo.tn\" \/>\n\t<meta name=\"twitter:label2\" content=\"Dur\u00e9e de lecture estim\u00e9e\" \/>\n\t<meta name=\"twitter:data2\" content=\"2 minutes\" \/>\n<script type=\"application\/ld+json\" class=\"yoast-schema-graph\">{\"@context\":\"https:\\\/\\\/schema.org\",\"@graph\":[{\"@type\":\"NewsArticle\",\"@id\":\"https:\\\/\\\/www.webdo.tn\\\/fr\\\/actualite\\\/national\\\/agression-de-zied-krichen-la-condamnation-de-hamadi-jebali-aboutira-t-elle-vraiment-a-l-inculpation-de-l-agresseur\\\/172271\\\/#article\",\"isPartOf\":{\"@id\":\"https:\\\/\\\/www.webdo.tn\\\/fr\\\/actualite\\\/national\\\/agression-de-zied-krichen-la-condamnation-de-hamadi-jebali-aboutira-t-elle-vraiment-a-l-inculpation-de-l-agresseur\\\/172271\\\/\"},\"author\":{\"name\":\"webdo.tn\",\"@id\":\"https:\\\/\\\/www.webdo.tn\\\/fr\\\/#\\\/schema\\\/person\\\/9a9c6118d687c117df8ef3cc36a4d175\"},\"headline\":\"Agression de Zied Krichen : la condamnation de Hamadi Jebali aboutira-t-elle vraiment \u00e0 l\u2019inculpation de l\u2019agresseur ?\",\"datePublished\":\"2012-01-23T23:27:00+00:00\",\"dateModified\":\"2025-06-04T19:01:57+00:00\",\"mainEntityOfPage\":{\"@id\":\"https:\\\/\\\/www.webdo.tn\\\/fr\\\/actualite\\\/national\\\/agression-de-zied-krichen-la-condamnation-de-hamadi-jebali-aboutira-t-elle-vraiment-a-l-inculpation-de-l-agresseur\\\/172271\\\/\"},\"wordCount\":345,\"commentCount\":0,\"publisher\":{\"@id\":\"https:\\\/\\\/www.webdo.tn\\\/fr\\\/#organization\"},\"image\":{\"@id\":\"https:\\\/\\\/www.webdo.tn\\\/fr\\\/actualite\\\/national\\\/agression-de-zied-krichen-la-condamnation-de-hamadi-jebali-aboutira-t-elle-vraiment-a-l-inculpation-de-l-agresseur\\\/172271\\\/#primaryimage\"},\"thumbnailUrl\":\"https:\\\/\\\/www.webdo.tn\\\/fr\\\/wp-content\\\/uploads\\\/2012\\\/01\\\/Zied-Krichen-photo-mosaiquefm.net_.jpg\",\"articleSection\":[\"National\"],\"inLanguage\":\"fr-FR\"},{\"@type\":\"WebPage\",\"@id\":\"https:\\\/\\\/www.webdo.tn\\\/fr\\\/actualite\\\/national\\\/agression-de-zied-krichen-la-condamnation-de-hamadi-jebali-aboutira-t-elle-vraiment-a-l-inculpation-de-l-agresseur\\\/172271\\\/\",\"url\":\"https:\\\/\\\/www.webdo.tn\\\/fr\\\/actualite\\\/national\\\/agression-de-zied-krichen-la-condamnation-de-hamadi-jebali-aboutira-t-elle-vraiment-a-l-inculpation-de-l-agresseur\\\/172271\\\/\",\"name\":\"Agression de Zied Krichen : la condamnation de Hamadi Jebali aboutira-t-elle vraiment \u00e0 l\u2019inculpation de l\u2019agresseur ?\",\"isPartOf\":{\"@id\":\"https:\\\/\\\/www.webdo.tn\\\/fr\\\/#website\"},\"primaryImageOfPage\":{\"@id\":\"https:\\\/\\\/www.webdo.tn\\\/fr\\\/actualite\\\/national\\\/agression-de-zied-krichen-la-condamnation-de-hamadi-jebali-aboutira-t-elle-vraiment-a-l-inculpation-de-l-agresseur\\\/172271\\\/#primaryimage\"},\"image\":{\"@id\":\"https:\\\/\\\/www.webdo.tn\\\/fr\\\/actualite\\\/national\\\/agression-de-zied-krichen-la-condamnation-de-hamadi-jebali-aboutira-t-elle-vraiment-a-l-inculpation-de-l-agresseur\\\/172271\\\/#primaryimage\"},\"thumbnailUrl\":\"https:\\\/\\\/www.webdo.tn\\\/fr\\\/wp-content\\\/uploads\\\/2012\\\/01\\\/Zied-Krichen-photo-mosaiquefm.net_.jpg\",\"datePublished\":\"2012-01-23T23:27:00+00:00\",\"dateModified\":\"2025-06-04T19:01:57+00:00\",\"description\":\"Agression de Zied Krichen : la condamnation de Hamadi Jebali aboutira-t-elle vraiment \u00e0 l\u2019inculpation de l\u2019agresseur ?\",\"breadcrumb\":{\"@id\":\"https:\\\/\\\/www.webdo.tn\\\/fr\\\/actualite\\\/national\\\/agression-de-zied-krichen-la-condamnation-de-hamadi-jebali-aboutira-t-elle-vraiment-a-l-inculpation-de-l-agresseur\\\/172271\\\/#breadcrumb\"},\"inLanguage\":\"fr-FR\",\"potentialAction\":[{\"@type\":\"ReadAction\",\"target\":[\"https:\\\/\\\/www.webdo.tn\\\/fr\\\/actualite\\\/national\\\/agression-de-zied-krichen-la-condamnation-de-hamadi-jebali-aboutira-t-elle-vraiment-a-l-inculpation-de-l-agresseur\\\/172271\\\/\"]}]},{\"@type\":\"ImageObject\",\"inLanguage\":\"fr-FR\",\"@id\":\"https:\\\/\\\/www.webdo.tn\\\/fr\\\/actualite\\\/national\\\/agression-de-zied-krichen-la-condamnation-de-hamadi-jebali-aboutira-t-elle-vraiment-a-l-inculpation-de-l-agresseur\\\/172271\\\/#primaryimage\",\"url\":\"https:\\\/\\\/www.webdo.tn\\\/fr\\\/wp-content\\\/uploads\\\/2012\\\/01\\\/Zied-Krichen-photo-mosaiquefm.net_.jpg\",\"contentUrl\":\"https:\\\/\\\/www.webdo.tn\\\/fr\\\/wp-content\\\/uploads\\\/2012\\\/01\\\/Zied-Krichen-photo-mosaiquefm.net_.jpg\",\"width\":270,\"height\":155,\"caption\":\"Agression de Zied Krichen : la condamnation de Hamadi Jebali aboutira-t-elle vraiment \u00e0 l\u2019inculpation de l\u2019agresseur ?\"},{\"@type\":\"BreadcrumbList\",\"@id\":\"https:\\\/\\\/www.webdo.tn\\\/fr\\\/actualite\\\/national\\\/agression-de-zied-krichen-la-condamnation-de-hamadi-jebali-aboutira-t-elle-vraiment-a-l-inculpation-de-l-agresseur\\\/172271\\\/#breadcrumb\",\"itemListElement\":[{\"@type\":\"ListItem\",\"position\":1,\"name\":\"Accueil\",\"item\":\"https:\\\/\\\/www.webdo.tn\\\/fr\\\/\"},{\"@type\":\"ListItem\",\"position\":2,\"name\":\"Agression de Zied Krichen : la condamnation de Hamadi Jebali aboutira-t-elle vraiment \u00e0 l\u2019inculpation de l\u2019agresseur ?\"}]},{\"@type\":\"WebSite\",\"@id\":\"https:\\\/\\\/www.webdo.tn\\\/fr\\\/#website\",\"url\":\"https:\\\/\\\/www.webdo.tn\\\/fr\\\/\",\"name\":\"webdo\",\"description\":\"Tunisie - News en Tunisie et \u00e0 l&#039;international sur Webdo.tn\",\"publisher\":{\"@id\":\"https:\\\/\\\/www.webdo.tn\\\/fr\\\/#organization\"},\"potentialAction\":[{\"@type\":\"SearchAction\",\"target\":{\"@type\":\"EntryPoint\",\"urlTemplate\":\"https:\\\/\\\/www.webdo.tn\\\/fr\\\/?s={search_term_string}\"},\"query-input\":{\"@type\":\"PropertyValueSpecification\",\"valueRequired\":true,\"valueName\":\"search_term_string\"}}],\"inLanguage\":\"fr-FR\"},{\"@type\":\"Organization\",\"@id\":\"https:\\\/\\\/www.webdo.tn\\\/fr\\\/#organization\",\"name\":\"Webdo\",\"alternateName\":\"Webdo.tn\",\"url\":\"https:\\\/\\\/www.webdo.tn\\\/fr\\\/\",\"logo\":{\"@type\":\"ImageObject\",\"inLanguage\":\"fr-FR\",\"@id\":\"https:\\\/\\\/www.webdo.tn\\\/fr\\\/#\\\/schema\\\/logo\\\/image\\\/\",\"url\":\"https:\\\/\\\/www.webdo.tn\\\/fr\\\/wp-content\\\/uploads\\\/2025\\\/06\\\/Webdo-Tunisie_168377.jpg\",\"contentUrl\":\"https:\\\/\\\/www.webdo.tn\\\/fr\\\/wp-content\\\/uploads\\\/2025\\\/06\\\/Webdo-Tunisie_168377.jpg\",\"width\":301,\"height\":301,\"caption\":\"Webdo\"},\"image\":{\"@id\":\"https:\\\/\\\/www.webdo.tn\\\/fr\\\/#\\\/schema\\\/logo\\\/image\\\/\"},\"sameAs\":[\"https:\\\/\\\/www.facebook.com\\\/webdotn\",\"https:\\\/\\\/x.com\\\/webdo_tn\"],\"description\":\"Webdo est un m\u00e9dia num\u00e9rique tunisien fond\u00e9 en 2010, sp\u00e9cialis\u00e9 dans l\u2019actualit\u00e9 nationale et internationale, l\u2019\u00e9conomie, la soci\u00e9t\u00e9 et les analyses politiques. Le site s\u2019adresse \u00e0 un large public francophone et couvre l\u2019information tunisienne en temps r\u00e9el.\",\"email\":\"redac@webdo.tn\",\"legalName\":\"YNJ SARL\",\"foundingDate\":\"2010-09-06\",\"numberOfEmployees\":{\"@type\":\"QuantitativeValue\",\"minValue\":\"11\",\"maxValue\":\"50\"}},{\"@type\":\"Person\",\"@id\":\"https:\\\/\\\/www.webdo.tn\\\/fr\\\/#\\\/schema\\\/person\\\/9a9c6118d687c117df8ef3cc36a4d175\",\"name\":\"webdo.tn\",\"image\":{\"@type\":\"ImageObject\",\"inLanguage\":\"fr-FR\",\"@id\":\"https:\\\/\\\/secure.gravatar.com\\\/avatar\\\/7ce1f28c0c3bbac99ff550b85ef8e44a6950c6ee24514fb6a5489e51d06f0298?s=96&d=mm&r=g\",\"url\":\"https:\\\/\\\/secure.gravatar.com\\\/avatar\\\/7ce1f28c0c3bbac99ff550b85ef8e44a6950c6ee24514fb6a5489e51d06f0298?s=96&d=mm&r=g\",\"contentUrl\":\"https:\\\/\\\/secure.gravatar.com\\\/avatar\\\/7ce1f28c0c3bbac99ff550b85ef8e44a6950c6ee24514fb6a5489e51d06f0298?s=96&d=mm&r=g\",\"caption\":\"webdo.tn\"},\"url\":\"https:\\\/\\\/www.webdo.tn\\\/fr\\\/actualite\\\/author\\\/webdotn\\\/\"}]}<\/script>\n<!-- \/ Yoast SEO Premium plugin. -->","yoast_head_json":{"title":"Agression de Zied Krichen : la condamnation de Hamadi Jebali aboutira-t-elle vraiment \u00e0 l\u2019inculpation de l\u2019agresseur ?","description":"Agression de Zied Krichen : la condamnation de Hamadi Jebali aboutira-t-elle vraiment \u00e0 l\u2019inculpation de l\u2019agresseur ?","canonical":"https:\/\/www.webdo.tn\/fr\/actualite\/national\/agression-de-zied-krichen-la-condamnation-de-hamadi-jebali-aboutira-t-elle-vraiment-a-l-inculpation-de-l-agresseur\/172271\/","og_locale":"fr_FR","og_type":"article","og_title":"Agression de Zied Krichen : la condamnation de Hamadi Jebali aboutira-t-elle vraiment \u00e0 l\u2019inculpation de l\u2019agresseur ?","og_description":"Agression de Zied Krichen : la condamnation de Hamadi Jebali aboutira-t-elle vraiment \u00e0 l\u2019inculpation de l\u2019agresseur ?","og_url":"https:\/\/www.webdo.tn\/fr\/actualite\/national\/agression-de-zied-krichen-la-condamnation-de-hamadi-jebali-aboutira-t-elle-vraiment-a-l-inculpation-de-l-agresseur\/172271\/","og_site_name":"webdo","article_publisher":"https:\/\/www.facebook.com\/webdotn","article_published_time":"2012-01-23T23:27:00+00:00","article_modified_time":"2025-06-04T19:01:57+00:00","og_image":[{"width":270,"height":155,"url":"https:\/\/www.webdo.tn\/fr\/wp-content\/uploads\/2012\/01\/Zied-Krichen-photo-mosaiquefm.net_.jpg","type":"image\/jpeg"}],"author":"webdo.tn","twitter_card":"summary_large_image","twitter_creator":"@webdo_tn","twitter_site":"@webdo_tn","twitter_misc":{"\u00c9crit par":"webdo.tn","Dur\u00e9e de lecture estim\u00e9e":"2 minutes"},"schema":{"@context":"https:\/\/schema.org","@graph":[{"@type":"NewsArticle","@id":"https:\/\/www.webdo.tn\/fr\/actualite\/national\/agression-de-zied-krichen-la-condamnation-de-hamadi-jebali-aboutira-t-elle-vraiment-a-l-inculpation-de-l-agresseur\/172271\/#article","isPartOf":{"@id":"https:\/\/www.webdo.tn\/fr\/actualite\/national\/agression-de-zied-krichen-la-condamnation-de-hamadi-jebali-aboutira-t-elle-vraiment-a-l-inculpation-de-l-agresseur\/172271\/"},"author":{"name":"webdo.tn","@id":"https:\/\/www.webdo.tn\/fr\/#\/schema\/person\/9a9c6118d687c117df8ef3cc36a4d175"},"headline":"Agression de Zied Krichen : la condamnation de Hamadi Jebali aboutira-t-elle vraiment \u00e0 l\u2019inculpation de l\u2019agresseur ?","datePublished":"2012-01-23T23:27:00+00:00","dateModified":"2025-06-04T19:01:57+00:00","mainEntityOfPage":{"@id":"https:\/\/www.webdo.tn\/fr\/actualite\/national\/agression-de-zied-krichen-la-condamnation-de-hamadi-jebali-aboutira-t-elle-vraiment-a-l-inculpation-de-l-agresseur\/172271\/"},"wordCount":345,"commentCount":0,"publisher":{"@id":"https:\/\/www.webdo.tn\/fr\/#organization"},"image":{"@id":"https:\/\/www.webdo.tn\/fr\/actualite\/national\/agression-de-zied-krichen-la-condamnation-de-hamadi-jebali-aboutira-t-elle-vraiment-a-l-inculpation-de-l-agresseur\/172271\/#primaryimage"},"thumbnailUrl":"https:\/\/www.webdo.tn\/fr\/wp-content\/uploads\/2012\/01\/Zied-Krichen-photo-mosaiquefm.net_.jpg","articleSection":["National"],"inLanguage":"fr-FR"},{"@type":"WebPage","@id":"https:\/\/www.webdo.tn\/fr\/actualite\/national\/agression-de-zied-krichen-la-condamnation-de-hamadi-jebali-aboutira-t-elle-vraiment-a-l-inculpation-de-l-agresseur\/172271\/","url":"https:\/\/www.webdo.tn\/fr\/actualite\/national\/agression-de-zied-krichen-la-condamnation-de-hamadi-jebali-aboutira-t-elle-vraiment-a-l-inculpation-de-l-agresseur\/172271\/","name":"Agression de Zied Krichen : la condamnation de Hamadi Jebali aboutira-t-elle vraiment \u00e0 l\u2019inculpation de l\u2019agresseur ?","isPartOf":{"@id":"https:\/\/www.webdo.tn\/fr\/#website"},"primaryImageOfPage":{"@id":"https:\/\/www.webdo.tn\/fr\/actualite\/national\/agression-de-zied-krichen-la-condamnation-de-hamadi-jebali-aboutira-t-elle-vraiment-a-l-inculpation-de-l-agresseur\/172271\/#primaryimage"},"image":{"@id":"https:\/\/www.webdo.tn\/fr\/actualite\/national\/agression-de-zied-krichen-la-condamnation-de-hamadi-jebali-aboutira-t-elle-vraiment-a-l-inculpation-de-l-agresseur\/172271\/#primaryimage"},"thumbnailUrl":"https:\/\/www.webdo.tn\/fr\/wp-content\/uploads\/2012\/01\/Zied-Krichen-photo-mosaiquefm.net_.jpg","datePublished":"2012-01-23T23:27:00+00:00","dateModified":"2025-06-04T19:01:57+00:00","description":"Agression de Zied Krichen : la condamnation de Hamadi Jebali aboutira-t-elle vraiment \u00e0 l\u2019inculpation de l\u2019agresseur ?","breadcrumb":{"@id":"https:\/\/www.webdo.tn\/fr\/actualite\/national\/agression-de-zied-krichen-la-condamnation-de-hamadi-jebali-aboutira-t-elle-vraiment-a-l-inculpation-de-l-agresseur\/172271\/#breadcrumb"},"inLanguage":"fr-FR","potentialAction":[{"@type":"ReadAction","target":["https:\/\/www.webdo.tn\/fr\/actualite\/national\/agression-de-zied-krichen-la-condamnation-de-hamadi-jebali-aboutira-t-elle-vraiment-a-l-inculpation-de-l-agresseur\/172271\/"]}]},{"@type":"ImageObject","inLanguage":"fr-FR","@id":"https:\/\/www.webdo.tn\/fr\/actualite\/national\/agression-de-zied-krichen-la-condamnation-de-hamadi-jebali-aboutira-t-elle-vraiment-a-l-inculpation-de-l-agresseur\/172271\/#primaryimage","url":"https:\/\/www.webdo.tn\/fr\/wp-content\/uploads\/2012\/01\/Zied-Krichen-photo-mosaiquefm.net_.jpg","contentUrl":"https:\/\/www.webdo.tn\/fr\/wp-content\/uploads\/2012\/01\/Zied-Krichen-photo-mosaiquefm.net_.jpg","width":270,"height":155,"caption":"Agression de Zied Krichen : la condamnation de Hamadi Jebali aboutira-t-elle vraiment \u00e0 l\u2019inculpation de l\u2019agresseur ?"},{"@type":"BreadcrumbList","@id":"https:\/\/www.webdo.tn\/fr\/actualite\/national\/agression-de-zied-krichen-la-condamnation-de-hamadi-jebali-aboutira-t-elle-vraiment-a-l-inculpation-de-l-agresseur\/172271\/#breadcrumb","itemListElement":[{"@type":"ListItem","position":1,"name":"Accueil","item":"https:\/\/www.webdo.tn\/fr\/"},{"@type":"ListItem","position":2,"name":"Agression de Zied Krichen : la condamnation de Hamadi Jebali aboutira-t-elle vraiment \u00e0 l\u2019inculpation de l\u2019agresseur ?"}]},{"@type":"WebSite","@id":"https:\/\/www.webdo.tn\/fr\/#website","url":"https:\/\/www.webdo.tn\/fr\/","name":"webdo","description":"Tunisie - News en Tunisie et \u00e0 l&#039;international sur Webdo.tn","publisher":{"@id":"https:\/\/www.webdo.tn\/fr\/#organization"},"potentialAction":[{"@type":"SearchAction","target":{"@type":"EntryPoint","urlTemplate":"https:\/\/www.webdo.tn\/fr\/?s={search_term_string}"},"query-input":{"@type":"PropertyValueSpecification","valueRequired":true,"valueName":"search_term_string"}}],"inLanguage":"fr-FR"},{"@type":"Organization","@id":"https:\/\/www.webdo.tn\/fr\/#organization","name":"Webdo","alternateName":"Webdo.tn","url":"https:\/\/www.webdo.tn\/fr\/","logo":{"@type":"ImageObject","inLanguage":"fr-FR","@id":"https:\/\/www.webdo.tn\/fr\/#\/schema\/logo\/image\/","url":"https:\/\/www.webdo.tn\/fr\/wp-content\/uploads\/2025\/06\/Webdo-Tunisie_168377.jpg","contentUrl":"https:\/\/www.webdo.tn\/fr\/wp-content\/uploads\/2025\/06\/Webdo-Tunisie_168377.jpg","width":301,"height":301,"caption":"Webdo"},"image":{"@id":"https:\/\/www.webdo.tn\/fr\/#\/schema\/logo\/image\/"},"sameAs":["https:\/\/www.facebook.com\/webdotn","https:\/\/x.com\/webdo_tn"],"description":"Webdo est un m\u00e9dia num\u00e9rique tunisien fond\u00e9 en 2010, sp\u00e9cialis\u00e9 dans l\u2019actualit\u00e9 nationale et internationale, l\u2019\u00e9conomie, la soci\u00e9t\u00e9 et les analyses politiques. Le site s\u2019adresse \u00e0 un large public francophone et couvre l\u2019information tunisienne en temps r\u00e9el.","email":"redac@webdo.tn","legalName":"YNJ SARL","foundingDate":"2010-09-06","numberOfEmployees":{"@type":"QuantitativeValue","minValue":"11","maxValue":"50"}},{"@type":"Person","@id":"https:\/\/www.webdo.tn\/fr\/#\/schema\/person\/9a9c6118d687c117df8ef3cc36a4d175","name":"webdo.tn","image":{"@type":"ImageObject","inLanguage":"fr-FR","@id":"https:\/\/secure.gravatar.com\/avatar\/7ce1f28c0c3bbac99ff550b85ef8e44a6950c6ee24514fb6a5489e51d06f0298?s=96&d=mm&r=g","url":"https:\/\/secure.gravatar.com\/avatar\/7ce1f28c0c3bbac99ff550b85ef8e44a6950c6ee24514fb6a5489e51d06f0298?s=96&d=mm&r=g","contentUrl":"https:\/\/secure.gravatar.com\/avatar\/7ce1f28c0c3bbac99ff550b85ef8e44a6950c6ee24514fb6a5489e51d06f0298?s=96&d=mm&r=g","caption":"webdo.tn"},"url":"https:\/\/www.webdo.tn\/fr\/actualite\/author\/webdotn\/"}]}},"_links":{"self":[{"href":"https:\/\/www.webdo.tn\/fr\/wp-json\/wp\/v2\/posts\/172271","targetHints":{"allow":["GET"]}}],"collection":[{"href":"https:\/\/www.webdo.tn\/fr\/wp-json\/wp\/v2\/posts"}],"about":[{"href":"https:\/\/www.webdo.tn\/fr\/wp-json\/wp\/v2\/types\/post"}],"author":[{"embeddable":true,"href":"https:\/\/www.webdo.tn\/fr\/wp-json\/wp\/v2\/users\/3222"}],"replies":[{"embeddable":true,"href":"https:\/\/www.webdo.tn\/fr\/wp-json\/wp\/v2\/comments?post=172271"}],"version-history":[{"count":0,"href":"https:\/\/www.webdo.tn\/fr\/wp-json\/wp\/v2\/posts\/172271\/revisions"}],"wp:featuredmedia":[{"embeddable":true,"href":"https:\/\/www.webdo.tn\/fr\/wp-json\/wp\/v2\/media\/333812"}],"wp:attachment":[{"href":"https:\/\/www.webdo.tn\/fr\/wp-json\/wp\/v2\/media?parent=172271"}],"wp:term":[{"taxonomy":"category","embeddable":true,"href":"https:\/\/www.webdo.tn\/fr\/wp-json\/wp\/v2\/categories?post=172271"},{"taxonomy":"post_tag","embeddable":true,"href":"https:\/\/www.webdo.tn\/fr\/wp-json\/wp\/v2\/tags?post=172271"}],"curies":[{"name":"wp","href":"https:\/\/api.w.org\/{rel}","templated":true}]}}