{"id":172270,"date":"2012-01-24T10:19:00","date_gmt":"2012-01-24T10:19:00","guid":{"rendered":"https:\/\/www.webdo.tn\/fr\/blog\/des-membres-de-lujct-accusent-les-barbus-de-les-avoir-agresses-a-sousse\/172270\/"},"modified":"2025-06-04T19:01:59","modified_gmt":"2025-06-04T19:01:59","slug":"des-membres-de-lujct-accusent-les-barbus-de-les-avoir-agresses-a-sousse","status":"publish","type":"post","link":"https:\/\/www.webdo.tn\/fr\/actualite\/national\/des-membres-de-lujct-accusent-les-barbus-de-les-avoir-agresses-a-sousse\/172270\/","title":{"rendered":"Des membres de l&rsquo;UJCT accusent les barbus de les avoir agress\u00e9s \u00e0 Sousse"},"content":{"rendered":"<p>Selon les t\u00e9moignages des membres de l&rsquo;Union de la jeunesse communiste de Tunisie (UJCT), ils auraient violemment \u00e9t\u00e9 agress\u00e9s, hier soir, \u00e0 la cit\u00e9 Erriadh \u00e0 Sousse par des personnes barbues \u00e0 la fin du match de la CAN Tunisie\/Maroc, alors qu&rsquo;ils rentraient chez eux.<\/p>\n<p>Ces membres de l&rsquo;UJCT, bless\u00e9s plus ou moins gravement, ont \u00e9t\u00e9 transport\u00e9s \u00e0 l&rsquo;h\u00f4pital Farhat Hached. L&rsquo;un d&rsquo;eux, Zied Bouguerra (portant barbe lui aussi), a publi\u00e9, sur son compte Facebook, des photos voulant prouver la violence de ces agressions dont lui et ses camarades ont \u00e9t\u00e9 victimes.<\/p>\n<p>Quelques heures auparavant, vers 16h, un autre membre de l&rsquo;UJCT, Abderrazak Radaoui, aurait \u00e9t\u00e9 agress\u00e9 devant la Facult\u00e9 de Droit de Sousse. Nadia Boussetta, membre de l&rsquo;UJCT \u00e0 Sfax, aurait \u00e9galement \u00e9t\u00e9 agress\u00e9e et d\u00e9lest\u00e9e de son ordinateur portable.<\/p>\n<p>Apr\u00e8s chaque agression, les membres de l&rsquo;UJCT ont affirm\u00e9 que des \u00abbarbus\u00bb s\u2019\u00e9taient approch\u00e9s d\u2019eux et leur avaient demand\u00e9 s&rsquo;ils faisaient partie du PCOT. Ils se faisaient, selon leurs dires, rouer de coups et menacer de bien pire la prochaine fois, s\u2019ils r\u00e9pondaient par l\u2019affirmative.<\/p>\n<p>Ces agressions interviennent apr\u00e8s celles de Zied Krichen et Hamadi Redissi hier, \u00e0 l&rsquo;occasion du proc\u00e8s de Nessma.<\/p>\n<p>Pas plus tard que ce matin, mardi 24 janvier 2012, \u00e0 la facult\u00e9 de Manouba, un groupe de salafistes ont cass\u00e9 les portes d&rsquo;une des salles d\u2019examen et ont agress\u00e9 physiquement des professeurs.<\/p>\n","protected":false},"excerpt":{"rendered":"<p>Des membres de l&rsquo;UJCT accusent les barbus de les avoir agress\u00e9s \u00e0 Sousse<\/p>\n","protected":false},"author":3222,"featured_media":333816,"comment_status":"open","ping_status":"closed","sticky":false,"template":"","format":"standard","meta":{"footnotes":""},"categories":[44],"tags":[],"class_list":["post-172270","post","type-post","status-publish","format-standard","has-post-thumbnail","hentry","category-national"],"yoast_head":"<!-- This site is optimized with the Yoast SEO Premium plugin v27.5 (Yoast SEO v27.5) - https:\/\/yoast.com\/product\/yoast-seo-premium-wordpress\/ -->\n<title>Des membres de l&#039;UJCT accusent les barbus de les avoir agress\u00e9s \u00e0 Sousse<\/title>\n<meta name=\"description\" content=\"Des membres de l&#039;UJCT accusent les barbus de les avoir agress\u00e9s \u00e0 Sousse\" \/>\n<link rel=\"canonical\" href=\"https:\/\/www.webdo.tn\/fr\/actualite\/national\/des-membres-de-lujct-accusent-les-barbus-de-les-avoir-agresses-a-sousse\/172270\/\" \/>\n<meta property=\"og:locale\" content=\"fr_FR\" \/>\n<meta property=\"og:type\" content=\"article\" \/>\n<meta property=\"og:title\" content=\"Des membres de l&#039;UJCT accusent les barbus de les avoir agress\u00e9s \u00e0 Sousse\" \/>\n<meta property=\"og:description\" content=\"Des membres de l&#039;UJCT accusent les barbus de les avoir agress\u00e9s \u00e0 Sousse\" \/>\n<meta property=\"og:url\" content=\"https:\/\/www.webdo.tn\/fr\/actualite\/national\/des-membres-de-lujct-accusent-les-barbus-de-les-avoir-agresses-a-sousse\/172270\/\" \/>\n<meta property=\"og:site_name\" content=\"webdo\" \/>\n<meta property=\"article:publisher\" content=\"https:\/\/www.facebook.com\/webdotn\" \/>\n<meta property=\"article:published_time\" content=\"2012-01-24T10:19:00+00:00\" \/>\n<meta property=\"article:modified_time\" content=\"2025-06-04T19:01:59+00:00\" \/>\n<meta property=\"og:image\" content=\"https:\/\/www.webdo.tn\/fr\/wp-content\/uploads\/2012\/01\/UJCT.jpg\" \/>\n\t<meta property=\"og:image:width\" content=\"252\" \/>\n\t<meta property=\"og:image:height\" content=\"252\" \/>\n\t<meta property=\"og:image:type\" content=\"image\/jpeg\" \/>\n<meta name=\"author\" content=\"webdo.tn\" \/>\n<meta name=\"twitter:card\" content=\"summary_large_image\" \/>\n<meta name=\"twitter:creator\" content=\"@webdo_tn\" \/>\n<meta name=\"twitter:site\" content=\"@webdo_tn\" \/>\n<meta name=\"twitter:label1\" content=\"\u00c9crit par\" \/>\n\t<meta name=\"twitter:data1\" content=\"webdo.tn\" \/>\n\t<meta name=\"twitter:label2\" content=\"Dur\u00e9e de lecture estim\u00e9e\" \/>\n\t<meta name=\"twitter:data2\" content=\"1 minute\" \/>\n<script type=\"application\/ld+json\" class=\"yoast-schema-graph\">{\"@context\":\"https:\\\/\\\/schema.org\",\"@graph\":[{\"@type\":\"NewsArticle\",\"@id\":\"https:\\\/\\\/www.webdo.tn\\\/fr\\\/actualite\\\/national\\\/des-membres-de-lujct-accusent-les-barbus-de-les-avoir-agresses-a-sousse\\\/172270\\\/#article\",\"isPartOf\":{\"@id\":\"https:\\\/\\\/www.webdo.tn\\\/fr\\\/actualite\\\/national\\\/des-membres-de-lujct-accusent-les-barbus-de-les-avoir-agresses-a-sousse\\\/172270\\\/\"},\"author\":{\"name\":\"webdo.tn\",\"@id\":\"https:\\\/\\\/www.webdo.tn\\\/fr\\\/#\\\/schema\\\/person\\\/9a9c6118d687c117df8ef3cc36a4d175\"},\"headline\":\"Des membres de l&rsquo;UJCT accusent les barbus de les avoir agress\u00e9s \u00e0 Sousse\",\"datePublished\":\"2012-01-24T10:19:00+00:00\",\"dateModified\":\"2025-06-04T19:01:59+00:00\",\"mainEntityOfPage\":{\"@id\":\"https:\\\/\\\/www.webdo.tn\\\/fr\\\/actualite\\\/national\\\/des-membres-de-lujct-accusent-les-barbus-de-les-avoir-agresses-a-sousse\\\/172270\\\/\"},\"wordCount\":263,\"commentCount\":0,\"publisher\":{\"@id\":\"https:\\\/\\\/www.webdo.tn\\\/fr\\\/#organization\"},\"image\":{\"@id\":\"https:\\\/\\\/www.webdo.tn\\\/fr\\\/actualite\\\/national\\\/des-membres-de-lujct-accusent-les-barbus-de-les-avoir-agresses-a-sousse\\\/172270\\\/#primaryimage\"},\"thumbnailUrl\":\"https:\\\/\\\/www.webdo.tn\\\/fr\\\/wp-content\\\/uploads\\\/2012\\\/01\\\/UJCT.jpg\",\"articleSection\":[\"National\"],\"inLanguage\":\"fr-FR\"},{\"@type\":\"WebPage\",\"@id\":\"https:\\\/\\\/www.webdo.tn\\\/fr\\\/actualite\\\/national\\\/des-membres-de-lujct-accusent-les-barbus-de-les-avoir-agresses-a-sousse\\\/172270\\\/\",\"url\":\"https:\\\/\\\/www.webdo.tn\\\/fr\\\/actualite\\\/national\\\/des-membres-de-lujct-accusent-les-barbus-de-les-avoir-agresses-a-sousse\\\/172270\\\/\",\"name\":\"Des membres de l'UJCT accusent les barbus de les avoir agress\u00e9s \u00e0 Sousse\",\"isPartOf\":{\"@id\":\"https:\\\/\\\/www.webdo.tn\\\/fr\\\/#website\"},\"primaryImageOfPage\":{\"@id\":\"https:\\\/\\\/www.webdo.tn\\\/fr\\\/actualite\\\/national\\\/des-membres-de-lujct-accusent-les-barbus-de-les-avoir-agresses-a-sousse\\\/172270\\\/#primaryimage\"},\"image\":{\"@id\":\"https:\\\/\\\/www.webdo.tn\\\/fr\\\/actualite\\\/national\\\/des-membres-de-lujct-accusent-les-barbus-de-les-avoir-agresses-a-sousse\\\/172270\\\/#primaryimage\"},\"thumbnailUrl\":\"https:\\\/\\\/www.webdo.tn\\\/fr\\\/wp-content\\\/uploads\\\/2012\\\/01\\\/UJCT.jpg\",\"datePublished\":\"2012-01-24T10:19:00+00:00\",\"dateModified\":\"2025-06-04T19:01:59+00:00\",\"description\":\"Des membres de l'UJCT accusent les barbus de les avoir agress\u00e9s \u00e0 Sousse\",\"breadcrumb\":{\"@id\":\"https:\\\/\\\/www.webdo.tn\\\/fr\\\/actualite\\\/national\\\/des-membres-de-lujct-accusent-les-barbus-de-les-avoir-agresses-a-sousse\\\/172270\\\/#breadcrumb\"},\"inLanguage\":\"fr-FR\",\"potentialAction\":[{\"@type\":\"ReadAction\",\"target\":[\"https:\\\/\\\/www.webdo.tn\\\/fr\\\/actualite\\\/national\\\/des-membres-de-lujct-accusent-les-barbus-de-les-avoir-agresses-a-sousse\\\/172270\\\/\"]}]},{\"@type\":\"ImageObject\",\"inLanguage\":\"fr-FR\",\"@id\":\"https:\\\/\\\/www.webdo.tn\\\/fr\\\/actualite\\\/national\\\/des-membres-de-lujct-accusent-les-barbus-de-les-avoir-agresses-a-sousse\\\/172270\\\/#primaryimage\",\"url\":\"https:\\\/\\\/www.webdo.tn\\\/fr\\\/wp-content\\\/uploads\\\/2012\\\/01\\\/UJCT.jpg\",\"contentUrl\":\"https:\\\/\\\/www.webdo.tn\\\/fr\\\/wp-content\\\/uploads\\\/2012\\\/01\\\/UJCT.jpg\",\"width\":252,\"height\":252,\"caption\":\"Des membres de l'UJCT accusent les barbus de les avoir agress\u00e9s \u00e0 Sousse\"},{\"@type\":\"BreadcrumbList\",\"@id\":\"https:\\\/\\\/www.webdo.tn\\\/fr\\\/actualite\\\/national\\\/des-membres-de-lujct-accusent-les-barbus-de-les-avoir-agresses-a-sousse\\\/172270\\\/#breadcrumb\",\"itemListElement\":[{\"@type\":\"ListItem\",\"position\":1,\"name\":\"Accueil\",\"item\":\"https:\\\/\\\/www.webdo.tn\\\/fr\\\/\"},{\"@type\":\"ListItem\",\"position\":2,\"name\":\"Des membres de l&rsquo;UJCT accusent les barbus de les avoir agress\u00e9s \u00e0 Sousse\"}]},{\"@type\":\"WebSite\",\"@id\":\"https:\\\/\\\/www.webdo.tn\\\/fr\\\/#website\",\"url\":\"https:\\\/\\\/www.webdo.tn\\\/fr\\\/\",\"name\":\"webdo\",\"description\":\"Tunisie - News en Tunisie et \u00e0 l&#039;international sur Webdo.tn\",\"publisher\":{\"@id\":\"https:\\\/\\\/www.webdo.tn\\\/fr\\\/#organization\"},\"potentialAction\":[{\"@type\":\"SearchAction\",\"target\":{\"@type\":\"EntryPoint\",\"urlTemplate\":\"https:\\\/\\\/www.webdo.tn\\\/fr\\\/?s={search_term_string}\"},\"query-input\":{\"@type\":\"PropertyValueSpecification\",\"valueRequired\":true,\"valueName\":\"search_term_string\"}}],\"inLanguage\":\"fr-FR\"},{\"@type\":\"Organization\",\"@id\":\"https:\\\/\\\/www.webdo.tn\\\/fr\\\/#organization\",\"name\":\"Webdo\",\"alternateName\":\"Webdo.tn\",\"url\":\"https:\\\/\\\/www.webdo.tn\\\/fr\\\/\",\"logo\":{\"@type\":\"ImageObject\",\"inLanguage\":\"fr-FR\",\"@id\":\"https:\\\/\\\/www.webdo.tn\\\/fr\\\/#\\\/schema\\\/logo\\\/image\\\/\",\"url\":\"https:\\\/\\\/www.webdo.tn\\\/fr\\\/wp-content\\\/uploads\\\/2025\\\/06\\\/Webdo-Tunisie_168377.jpg\",\"contentUrl\":\"https:\\\/\\\/www.webdo.tn\\\/fr\\\/wp-content\\\/uploads\\\/2025\\\/06\\\/Webdo-Tunisie_168377.jpg\",\"width\":301,\"height\":301,\"caption\":\"Webdo\"},\"image\":{\"@id\":\"https:\\\/\\\/www.webdo.tn\\\/fr\\\/#\\\/schema\\\/logo\\\/image\\\/\"},\"sameAs\":[\"https:\\\/\\\/www.facebook.com\\\/webdotn\",\"https:\\\/\\\/x.com\\\/webdo_tn\"],\"description\":\"Webdo est un m\u00e9dia num\u00e9rique tunisien fond\u00e9 en 2010, sp\u00e9cialis\u00e9 dans l\u2019actualit\u00e9 nationale et internationale, l\u2019\u00e9conomie, la soci\u00e9t\u00e9 et les analyses politiques. Le site s\u2019adresse \u00e0 un large public francophone et couvre l\u2019information tunisienne en temps r\u00e9el.\",\"email\":\"redac@webdo.tn\",\"legalName\":\"YNJ SARL\",\"foundingDate\":\"2010-09-06\",\"numberOfEmployees\":{\"@type\":\"QuantitativeValue\",\"minValue\":\"11\",\"maxValue\":\"50\"}},{\"@type\":\"Person\",\"@id\":\"https:\\\/\\\/www.webdo.tn\\\/fr\\\/#\\\/schema\\\/person\\\/9a9c6118d687c117df8ef3cc36a4d175\",\"name\":\"webdo.tn\",\"image\":{\"@type\":\"ImageObject\",\"inLanguage\":\"fr-FR\",\"@id\":\"https:\\\/\\\/secure.gravatar.com\\\/avatar\\\/7ce1f28c0c3bbac99ff550b85ef8e44a6950c6ee24514fb6a5489e51d06f0298?s=96&d=mm&r=g\",\"url\":\"https:\\\/\\\/secure.gravatar.com\\\/avatar\\\/7ce1f28c0c3bbac99ff550b85ef8e44a6950c6ee24514fb6a5489e51d06f0298?s=96&d=mm&r=g\",\"contentUrl\":\"https:\\\/\\\/secure.gravatar.com\\\/avatar\\\/7ce1f28c0c3bbac99ff550b85ef8e44a6950c6ee24514fb6a5489e51d06f0298?s=96&d=mm&r=g\",\"caption\":\"webdo.tn\"},\"url\":\"https:\\\/\\\/www.webdo.tn\\\/fr\\\/actualite\\\/author\\\/webdotn\\\/\"}]}<\/script>\n<!-- \/ Yoast SEO Premium plugin. -->","yoast_head_json":{"title":"Des membres de l'UJCT accusent les barbus de les avoir agress\u00e9s \u00e0 Sousse","description":"Des membres de l'UJCT accusent les barbus de les avoir agress\u00e9s \u00e0 Sousse","canonical":"https:\/\/www.webdo.tn\/fr\/actualite\/national\/des-membres-de-lujct-accusent-les-barbus-de-les-avoir-agresses-a-sousse\/172270\/","og_locale":"fr_FR","og_type":"article","og_title":"Des membres de l'UJCT accusent les barbus de les avoir agress\u00e9s \u00e0 Sousse","og_description":"Des membres de l'UJCT accusent les barbus de les avoir agress\u00e9s \u00e0 Sousse","og_url":"https:\/\/www.webdo.tn\/fr\/actualite\/national\/des-membres-de-lujct-accusent-les-barbus-de-les-avoir-agresses-a-sousse\/172270\/","og_site_name":"webdo","article_publisher":"https:\/\/www.facebook.com\/webdotn","article_published_time":"2012-01-24T10:19:00+00:00","article_modified_time":"2025-06-04T19:01:59+00:00","og_image":[{"width":252,"height":252,"url":"https:\/\/www.webdo.tn\/fr\/wp-content\/uploads\/2012\/01\/UJCT.jpg","type":"image\/jpeg"}],"author":"webdo.tn","twitter_card":"summary_large_image","twitter_creator":"@webdo_tn","twitter_site":"@webdo_tn","twitter_misc":{"\u00c9crit par":"webdo.tn","Dur\u00e9e de lecture estim\u00e9e":"1 minute"},"schema":{"@context":"https:\/\/schema.org","@graph":[{"@type":"NewsArticle","@id":"https:\/\/www.webdo.tn\/fr\/actualite\/national\/des-membres-de-lujct-accusent-les-barbus-de-les-avoir-agresses-a-sousse\/172270\/#article","isPartOf":{"@id":"https:\/\/www.webdo.tn\/fr\/actualite\/national\/des-membres-de-lujct-accusent-les-barbus-de-les-avoir-agresses-a-sousse\/172270\/"},"author":{"name":"webdo.tn","@id":"https:\/\/www.webdo.tn\/fr\/#\/schema\/person\/9a9c6118d687c117df8ef3cc36a4d175"},"headline":"Des membres de l&rsquo;UJCT accusent les barbus de les avoir agress\u00e9s \u00e0 Sousse","datePublished":"2012-01-24T10:19:00+00:00","dateModified":"2025-06-04T19:01:59+00:00","mainEntityOfPage":{"@id":"https:\/\/www.webdo.tn\/fr\/actualite\/national\/des-membres-de-lujct-accusent-les-barbus-de-les-avoir-agresses-a-sousse\/172270\/"},"wordCount":263,"commentCount":0,"publisher":{"@id":"https:\/\/www.webdo.tn\/fr\/#organization"},"image":{"@id":"https:\/\/www.webdo.tn\/fr\/actualite\/national\/des-membres-de-lujct-accusent-les-barbus-de-les-avoir-agresses-a-sousse\/172270\/#primaryimage"},"thumbnailUrl":"https:\/\/www.webdo.tn\/fr\/wp-content\/uploads\/2012\/01\/UJCT.jpg","articleSection":["National"],"inLanguage":"fr-FR"},{"@type":"WebPage","@id":"https:\/\/www.webdo.tn\/fr\/actualite\/national\/des-membres-de-lujct-accusent-les-barbus-de-les-avoir-agresses-a-sousse\/172270\/","url":"https:\/\/www.webdo.tn\/fr\/actualite\/national\/des-membres-de-lujct-accusent-les-barbus-de-les-avoir-agresses-a-sousse\/172270\/","name":"Des membres de l'UJCT accusent les barbus de les avoir agress\u00e9s \u00e0 Sousse","isPartOf":{"@id":"https:\/\/www.webdo.tn\/fr\/#website"},"primaryImageOfPage":{"@id":"https:\/\/www.webdo.tn\/fr\/actualite\/national\/des-membres-de-lujct-accusent-les-barbus-de-les-avoir-agresses-a-sousse\/172270\/#primaryimage"},"image":{"@id":"https:\/\/www.webdo.tn\/fr\/actualite\/national\/des-membres-de-lujct-accusent-les-barbus-de-les-avoir-agresses-a-sousse\/172270\/#primaryimage"},"thumbnailUrl":"https:\/\/www.webdo.tn\/fr\/wp-content\/uploads\/2012\/01\/UJCT.jpg","datePublished":"2012-01-24T10:19:00+00:00","dateModified":"2025-06-04T19:01:59+00:00","description":"Des membres de l'UJCT accusent les barbus de les avoir agress\u00e9s \u00e0 Sousse","breadcrumb":{"@id":"https:\/\/www.webdo.tn\/fr\/actualite\/national\/des-membres-de-lujct-accusent-les-barbus-de-les-avoir-agresses-a-sousse\/172270\/#breadcrumb"},"inLanguage":"fr-FR","potentialAction":[{"@type":"ReadAction","target":["https:\/\/www.webdo.tn\/fr\/actualite\/national\/des-membres-de-lujct-accusent-les-barbus-de-les-avoir-agresses-a-sousse\/172270\/"]}]},{"@type":"ImageObject","inLanguage":"fr-FR","@id":"https:\/\/www.webdo.tn\/fr\/actualite\/national\/des-membres-de-lujct-accusent-les-barbus-de-les-avoir-agresses-a-sousse\/172270\/#primaryimage","url":"https:\/\/www.webdo.tn\/fr\/wp-content\/uploads\/2012\/01\/UJCT.jpg","contentUrl":"https:\/\/www.webdo.tn\/fr\/wp-content\/uploads\/2012\/01\/UJCT.jpg","width":252,"height":252,"caption":"Des membres de l'UJCT accusent les barbus de les avoir agress\u00e9s \u00e0 Sousse"},{"@type":"BreadcrumbList","@id":"https:\/\/www.webdo.tn\/fr\/actualite\/national\/des-membres-de-lujct-accusent-les-barbus-de-les-avoir-agresses-a-sousse\/172270\/#breadcrumb","itemListElement":[{"@type":"ListItem","position":1,"name":"Accueil","item":"https:\/\/www.webdo.tn\/fr\/"},{"@type":"ListItem","position":2,"name":"Des membres de l&rsquo;UJCT accusent les barbus de les avoir agress\u00e9s \u00e0 Sousse"}]},{"@type":"WebSite","@id":"https:\/\/www.webdo.tn\/fr\/#website","url":"https:\/\/www.webdo.tn\/fr\/","name":"webdo","description":"Tunisie - News en Tunisie et \u00e0 l&#039;international sur Webdo.tn","publisher":{"@id":"https:\/\/www.webdo.tn\/fr\/#organization"},"potentialAction":[{"@type":"SearchAction","target":{"@type":"EntryPoint","urlTemplate":"https:\/\/www.webdo.tn\/fr\/?s={search_term_string}"},"query-input":{"@type":"PropertyValueSpecification","valueRequired":true,"valueName":"search_term_string"}}],"inLanguage":"fr-FR"},{"@type":"Organization","@id":"https:\/\/www.webdo.tn\/fr\/#organization","name":"Webdo","alternateName":"Webdo.tn","url":"https:\/\/www.webdo.tn\/fr\/","logo":{"@type":"ImageObject","inLanguage":"fr-FR","@id":"https:\/\/www.webdo.tn\/fr\/#\/schema\/logo\/image\/","url":"https:\/\/www.webdo.tn\/fr\/wp-content\/uploads\/2025\/06\/Webdo-Tunisie_168377.jpg","contentUrl":"https:\/\/www.webdo.tn\/fr\/wp-content\/uploads\/2025\/06\/Webdo-Tunisie_168377.jpg","width":301,"height":301,"caption":"Webdo"},"image":{"@id":"https:\/\/www.webdo.tn\/fr\/#\/schema\/logo\/image\/"},"sameAs":["https:\/\/www.facebook.com\/webdotn","https:\/\/x.com\/webdo_tn"],"description":"Webdo est un m\u00e9dia num\u00e9rique tunisien fond\u00e9 en 2010, sp\u00e9cialis\u00e9 dans l\u2019actualit\u00e9 nationale et internationale, l\u2019\u00e9conomie, la soci\u00e9t\u00e9 et les analyses politiques. Le site s\u2019adresse \u00e0 un large public francophone et couvre l\u2019information tunisienne en temps r\u00e9el.","email":"redac@webdo.tn","legalName":"YNJ SARL","foundingDate":"2010-09-06","numberOfEmployees":{"@type":"QuantitativeValue","minValue":"11","maxValue":"50"}},{"@type":"Person","@id":"https:\/\/www.webdo.tn\/fr\/#\/schema\/person\/9a9c6118d687c117df8ef3cc36a4d175","name":"webdo.tn","image":{"@type":"ImageObject","inLanguage":"fr-FR","@id":"https:\/\/secure.gravatar.com\/avatar\/7ce1f28c0c3bbac99ff550b85ef8e44a6950c6ee24514fb6a5489e51d06f0298?s=96&d=mm&r=g","url":"https:\/\/secure.gravatar.com\/avatar\/7ce1f28c0c3bbac99ff550b85ef8e44a6950c6ee24514fb6a5489e51d06f0298?s=96&d=mm&r=g","contentUrl":"https:\/\/secure.gravatar.com\/avatar\/7ce1f28c0c3bbac99ff550b85ef8e44a6950c6ee24514fb6a5489e51d06f0298?s=96&d=mm&r=g","caption":"webdo.tn"},"url":"https:\/\/www.webdo.tn\/fr\/actualite\/author\/webdotn\/"}]}},"_links":{"self":[{"href":"https:\/\/www.webdo.tn\/fr\/wp-json\/wp\/v2\/posts\/172270","targetHints":{"allow":["GET"]}}],"collection":[{"href":"https:\/\/www.webdo.tn\/fr\/wp-json\/wp\/v2\/posts"}],"about":[{"href":"https:\/\/www.webdo.tn\/fr\/wp-json\/wp\/v2\/types\/post"}],"author":[{"embeddable":true,"href":"https:\/\/www.webdo.tn\/fr\/wp-json\/wp\/v2\/users\/3222"}],"replies":[{"embeddable":true,"href":"https:\/\/www.webdo.tn\/fr\/wp-json\/wp\/v2\/comments?post=172270"}],"version-history":[{"count":0,"href":"https:\/\/www.webdo.tn\/fr\/wp-json\/wp\/v2\/posts\/172270\/revisions"}],"wp:featuredmedia":[{"embeddable":true,"href":"https:\/\/www.webdo.tn\/fr\/wp-json\/wp\/v2\/media\/333816"}],"wp:attachment":[{"href":"https:\/\/www.webdo.tn\/fr\/wp-json\/wp\/v2\/media?parent=172270"}],"wp:term":[{"taxonomy":"category","embeddable":true,"href":"https:\/\/www.webdo.tn\/fr\/wp-json\/wp\/v2\/categories?post=172270"},{"taxonomy":"post_tag","embeddable":true,"href":"https:\/\/www.webdo.tn\/fr\/wp-json\/wp\/v2\/tags?post=172270"}],"curies":[{"name":"wp","href":"https:\/\/api.w.org\/{rel}","templated":true}]}}