{"id":172269,"date":"2012-01-24T11:27:00","date_gmt":"2012-01-24T11:27:00","guid":{"rendered":"https:\/\/www.webdo.tn\/fr\/blog\/fac-de-la-manouba-incidents-graves-a-l-ouverture-des-examens\/172269\/"},"modified":"2012-01-24T11:27:00","modified_gmt":"2012-01-24T11:27:00","slug":"fac-de-la-manouba-incidents-graves-a-l-ouverture-des-examens","status":"publish","type":"post","link":"https:\/\/www.webdo.tn\/fr\/actualite\/national\/fac-de-la-manouba-incidents-graves-a-l-ouverture-des-examens\/172269\/","title":{"rendered":"Fac de La Manouba: incidents graves \u00e0 l\u2019ouverture des examens"},"content":{"rendered":"<p>Ce matin, l\u2019ouverture des examens partiels du premier semestre \u00e0 la FLAHM s\u2019est d\u00e9roul\u00e9e dans une atmosph\u00e8re d\u2019ins\u00e9curit\u00e9. La demande faite par le doyen au ministre de l\u2019Enseignement sup\u00e9rieur quant \u00e0 l\u2019\u00e9vacuation des sit-ineurs et \u00e0 la protection de la facult\u00e9 est rest\u00e9e visiblement lettre morte. <\/p>\n<p>D\u00e9termin\u00e9s \u00e0 faire r\u00e9ussir les \u00e9preuves, les enseignants se sont mobilis\u00e9s et ont d\u00fb former des cordons devant les diff\u00e9rents d\u00e9partements. C\u2019est devant le b\u00e2timent d\u2019arabe qu\u2019on a pu constater les incidents les plus graves.  <\/p>\n<p>Quelques enseignants et des membres du personnel administratif qui veillaient au bon d\u00e9roulement des examens ont \u00e9t\u00e9 pris \u00e0 partie par un groupe de barbus extr\u00eamement violents. Ces derniers ont, dans un \u00e9lan de fureur,  fait voler en \u00e9clat les vitres de la porte du d\u00e9partement, provoquant des blessures de quelques professeurs  et d\u2019ouvriers. Mais le plus d\u00e9plorable r\u00e9side dans les propos injurieux adress\u00e9s aux enseignants, allant jusqu\u2019\u00e0 la menace de mort. Inutile de d\u00e9crire alors le climat de terreur dans lequel les \u00e9preuves se sont poursuivies.<\/p>\n<p>La transgression de la loi et des r\u00e8glements r\u00e9gissant la vie de la FLAHM s\u2019est manifest\u00e9e par ailleurs par un groupe d\u2019une trentaine de personnes qui ont forc\u00e9 le portail de la facult\u00e9. Il faut rappeler que ladite fac est depuis le 20 janvier transform\u00e9e en centre d\u2019examens qui interdit l\u2019acc\u00e8s \u00e0 toute personne qui n\u2019y est pas inscrite. <\/p>\n<p>Face \u00e0 ces graves d\u00e9passements, devant la passivit\u00e9 inadmissible des autorit\u00e9s politiques, les enseignants de la FLAHM sont convoqu\u00e9s \u00e0 une assembl\u00e9e g\u00e9n\u00e9rale \u00e0 12h pour examiner la situation d\u00e9l\u00e9t\u00e8re qui pr\u00e9vaut au sein de leur institution.<\/p>\n","protected":false},"excerpt":{"rendered":"<p>Fac de La Manouba: incidents graves \u00e0 l\u2019ouverture des examens<\/p>\n","protected":false},"author":3222,"featured_media":374536,"comment_status":"open","ping_status":"closed","sticky":false,"template":"","format":"standard","meta":{"footnotes":""},"categories":[44],"tags":[2600],"class_list":["post-172269","post","type-post","status-publish","format-standard","has-post-thumbnail","hentry","category-national","tag-guerre"],"yoast_head":"<!-- This site is optimized with the Yoast SEO Premium plugin v27.5 (Yoast SEO v27.5) - https:\/\/yoast.com\/product\/yoast-seo-premium-wordpress\/ -->\n<title>Fac de La Manouba: incidents graves \u00e0 l\u2019ouverture des examens<\/title>\n<meta name=\"description\" content=\"Fac de La Manouba: incidents graves \u00e0 l\u2019ouverture des examens\" \/>\n<link rel=\"canonical\" href=\"https:\/\/www.webdo.tn\/fr\/actualite\/national-45\/fac-de-la-manouba-incidents-graves-a-l-ouverture-des-examens\/172269\/\" \/>\n<meta property=\"og:locale\" content=\"fr_FR\" \/>\n<meta property=\"og:type\" content=\"article\" \/>\n<meta property=\"og:title\" content=\"Fac de La Manouba: incidents graves \u00e0 l\u2019ouverture des examens\" \/>\n<meta property=\"og:description\" content=\"Fac de La Manouba: incidents graves \u00e0 l\u2019ouverture des examens\" \/>\n<meta property=\"og:url\" content=\"https:\/\/www.webdo.tn\/fr\/actualite\/national-45\/fac-de-la-manouba-incidents-graves-a-l-ouverture-des-examens\/172269\/\" \/>\n<meta property=\"og:site_name\" content=\"webdo\" \/>\n<meta property=\"article:publisher\" content=\"https:\/\/www.facebook.com\/webdotn\" \/>\n<meta property=\"article:published_time\" content=\"2012-01-24T11:27:00+00:00\" \/>\n<meta name=\"author\" content=\"webdo.tn\" \/>\n<meta name=\"twitter:card\" content=\"summary_large_image\" \/>\n<meta name=\"twitter:creator\" content=\"@webdo_tn\" \/>\n<meta name=\"twitter:site\" content=\"@webdo_tn\" \/>\n<meta name=\"twitter:label1\" content=\"\u00c9crit par\" \/>\n\t<meta name=\"twitter:data1\" content=\"webdo.tn\" \/>\n\t<meta name=\"twitter:label2\" content=\"Dur\u00e9e de lecture estim\u00e9e\" \/>\n\t<meta name=\"twitter:data2\" content=\"2 minutes\" \/>\n<script type=\"application\/ld+json\" class=\"yoast-schema-graph\">{\"@context\":\"https:\\\/\\\/schema.org\",\"@graph\":[{\"@type\":\"NewsArticle\",\"@id\":\"https:\\\/\\\/www.webdo.tn\\\/fr\\\/actualite\\\/national-45\\\/fac-de-la-manouba-incidents-graves-a-l-ouverture-des-examens\\\/172269\\\/#article\",\"isPartOf\":{\"@id\":\"https:\\\/\\\/www.webdo.tn\\\/fr\\\/actualite\\\/national-45\\\/fac-de-la-manouba-incidents-graves-a-l-ouverture-des-examens\\\/172269\\\/\"},\"author\":{\"name\":\"webdo.tn\",\"@id\":\"https:\\\/\\\/www.webdo.tn\\\/fr\\\/#\\\/schema\\\/person\\\/9a9c6118d687c117df8ef3cc36a4d175\"},\"headline\":\"Fac de La Manouba: incidents graves \u00e0 l\u2019ouverture des examens\",\"datePublished\":\"2012-01-24T11:27:00+00:00\",\"mainEntityOfPage\":{\"@id\":\"https:\\\/\\\/www.webdo.tn\\\/fr\\\/actualite\\\/national-45\\\/fac-de-la-manouba-incidents-graves-a-l-ouverture-des-examens\\\/172269\\\/\"},\"wordCount\":313,\"commentCount\":0,\"publisher\":{\"@id\":\"https:\\\/\\\/www.webdo.tn\\\/fr\\\/#organization\"},\"image\":{\"@id\":\"https:\\\/\\\/www.webdo.tn\\\/fr\\\/actualite\\\/national-45\\\/fac-de-la-manouba-incidents-graves-a-l-ouverture-des-examens\\\/172269\\\/#primaryimage\"},\"thumbnailUrl\":\"https:\\\/\\\/www.webdo.tn\\\/fr\\\/wp-content\\\/uploads\\\/2025\\\/06\\\/Manifestent-aujourdhui-a-la-Faculte-La-Manouba-photo-AFP_172269.jpg\",\"keywords\":[\"guerre\"],\"articleSection\":[\"National\"],\"inLanguage\":\"fr-FR\"},{\"@type\":\"WebPage\",\"@id\":\"https:\\\/\\\/www.webdo.tn\\\/fr\\\/actualite\\\/national-45\\\/fac-de-la-manouba-incidents-graves-a-l-ouverture-des-examens\\\/172269\\\/\",\"url\":\"https:\\\/\\\/www.webdo.tn\\\/fr\\\/actualite\\\/national-45\\\/fac-de-la-manouba-incidents-graves-a-l-ouverture-des-examens\\\/172269\\\/\",\"name\":\"Fac de La Manouba: incidents graves \u00e0 l\u2019ouverture des examens\",\"isPartOf\":{\"@id\":\"https:\\\/\\\/www.webdo.tn\\\/fr\\\/#website\"},\"primaryImageOfPage\":{\"@id\":\"https:\\\/\\\/www.webdo.tn\\\/fr\\\/actualite\\\/national-45\\\/fac-de-la-manouba-incidents-graves-a-l-ouverture-des-examens\\\/172269\\\/#primaryimage\"},\"image\":{\"@id\":\"https:\\\/\\\/www.webdo.tn\\\/fr\\\/actualite\\\/national-45\\\/fac-de-la-manouba-incidents-graves-a-l-ouverture-des-examens\\\/172269\\\/#primaryimage\"},\"thumbnailUrl\":\"https:\\\/\\\/www.webdo.tn\\\/fr\\\/wp-content\\\/uploads\\\/2025\\\/06\\\/Manifestent-aujourdhui-a-la-Faculte-La-Manouba-photo-AFP_172269.jpg\",\"datePublished\":\"2012-01-24T11:27:00+00:00\",\"description\":\"Fac de La Manouba: incidents graves \u00e0 l\u2019ouverture des examens\",\"breadcrumb\":{\"@id\":\"https:\\\/\\\/www.webdo.tn\\\/fr\\\/actualite\\\/national-45\\\/fac-de-la-manouba-incidents-graves-a-l-ouverture-des-examens\\\/172269\\\/#breadcrumb\"},\"inLanguage\":\"fr-FR\",\"potentialAction\":[{\"@type\":\"ReadAction\",\"target\":[\"https:\\\/\\\/www.webdo.tn\\\/fr\\\/actualite\\\/national-45\\\/fac-de-la-manouba-incidents-graves-a-l-ouverture-des-examens\\\/172269\\\/\"]}]},{\"@type\":\"ImageObject\",\"inLanguage\":\"fr-FR\",\"@id\":\"https:\\\/\\\/www.webdo.tn\\\/fr\\\/actualite\\\/national-45\\\/fac-de-la-manouba-incidents-graves-a-l-ouverture-des-examens\\\/172269\\\/#primaryimage\",\"url\":\"https:\\\/\\\/www.webdo.tn\\\/fr\\\/wp-content\\\/uploads\\\/2025\\\/06\\\/Manifestent-aujourdhui-a-la-Faculte-La-Manouba-photo-AFP_172269.jpg\",\"contentUrl\":\"https:\\\/\\\/www.webdo.tn\\\/fr\\\/wp-content\\\/uploads\\\/2025\\\/06\\\/Manifestent-aujourdhui-a-la-Faculte-La-Manouba-photo-AFP_172269.jpg\",\"width\":221,\"height\":215,\"caption\":\"Fac de La Manouba: incidents graves \u00e0 l\u2019ouverture des examens\"},{\"@type\":\"BreadcrumbList\",\"@id\":\"https:\\\/\\\/www.webdo.tn\\\/fr\\\/actualite\\\/national-45\\\/fac-de-la-manouba-incidents-graves-a-l-ouverture-des-examens\\\/172269\\\/#breadcrumb\",\"itemListElement\":[{\"@type\":\"ListItem\",\"position\":1,\"name\":\"Accueil\",\"item\":\"https:\\\/\\\/www.webdo.tn\\\/fr\\\/\"},{\"@type\":\"ListItem\",\"position\":2,\"name\":\"Fac de La Manouba: incidents graves \u00e0 l\u2019ouverture des examens\"}]},{\"@type\":\"WebSite\",\"@id\":\"https:\\\/\\\/www.webdo.tn\\\/fr\\\/#website\",\"url\":\"https:\\\/\\\/www.webdo.tn\\\/fr\\\/\",\"name\":\"webdo\",\"description\":\"Tunisie - News en Tunisie et \u00e0 l&#039;international sur Webdo.tn\",\"publisher\":{\"@id\":\"https:\\\/\\\/www.webdo.tn\\\/fr\\\/#organization\"},\"potentialAction\":[{\"@type\":\"SearchAction\",\"target\":{\"@type\":\"EntryPoint\",\"urlTemplate\":\"https:\\\/\\\/www.webdo.tn\\\/fr\\\/?s={search_term_string}\"},\"query-input\":{\"@type\":\"PropertyValueSpecification\",\"valueRequired\":true,\"valueName\":\"search_term_string\"}}],\"inLanguage\":\"fr-FR\"},{\"@type\":\"Organization\",\"@id\":\"https:\\\/\\\/www.webdo.tn\\\/fr\\\/#organization\",\"name\":\"Webdo\",\"alternateName\":\"Webdo.tn\",\"url\":\"https:\\\/\\\/www.webdo.tn\\\/fr\\\/\",\"logo\":{\"@type\":\"ImageObject\",\"inLanguage\":\"fr-FR\",\"@id\":\"https:\\\/\\\/www.webdo.tn\\\/fr\\\/#\\\/schema\\\/logo\\\/image\\\/\",\"url\":\"https:\\\/\\\/www.webdo.tn\\\/fr\\\/wp-content\\\/uploads\\\/2025\\\/06\\\/Webdo-Tunisie_168377.jpg\",\"contentUrl\":\"https:\\\/\\\/www.webdo.tn\\\/fr\\\/wp-content\\\/uploads\\\/2025\\\/06\\\/Webdo-Tunisie_168377.jpg\",\"width\":301,\"height\":301,\"caption\":\"Webdo\"},\"image\":{\"@id\":\"https:\\\/\\\/www.webdo.tn\\\/fr\\\/#\\\/schema\\\/logo\\\/image\\\/\"},\"sameAs\":[\"https:\\\/\\\/www.facebook.com\\\/webdotn\",\"https:\\\/\\\/x.com\\\/webdo_tn\"],\"description\":\"Webdo est un m\u00e9dia num\u00e9rique tunisien fond\u00e9 en 2010, sp\u00e9cialis\u00e9 dans l\u2019actualit\u00e9 nationale et internationale, l\u2019\u00e9conomie, la soci\u00e9t\u00e9 et les analyses politiques. Le site s\u2019adresse \u00e0 un large public francophone et couvre l\u2019information tunisienne en temps r\u00e9el.\",\"email\":\"redac@webdo.tn\",\"legalName\":\"YNJ SARL\",\"foundingDate\":\"2010-09-06\",\"numberOfEmployees\":{\"@type\":\"QuantitativeValue\",\"minValue\":\"11\",\"maxValue\":\"50\"}},{\"@type\":\"Person\",\"@id\":\"https:\\\/\\\/www.webdo.tn\\\/fr\\\/#\\\/schema\\\/person\\\/9a9c6118d687c117df8ef3cc36a4d175\",\"name\":\"webdo.tn\",\"image\":{\"@type\":\"ImageObject\",\"inLanguage\":\"fr-FR\",\"@id\":\"https:\\\/\\\/secure.gravatar.com\\\/avatar\\\/7ce1f28c0c3bbac99ff550b85ef8e44a6950c6ee24514fb6a5489e51d06f0298?s=96&d=mm&r=g\",\"url\":\"https:\\\/\\\/secure.gravatar.com\\\/avatar\\\/7ce1f28c0c3bbac99ff550b85ef8e44a6950c6ee24514fb6a5489e51d06f0298?s=96&d=mm&r=g\",\"contentUrl\":\"https:\\\/\\\/secure.gravatar.com\\\/avatar\\\/7ce1f28c0c3bbac99ff550b85ef8e44a6950c6ee24514fb6a5489e51d06f0298?s=96&d=mm&r=g\",\"caption\":\"webdo.tn\"},\"url\":\"https:\\\/\\\/www.webdo.tn\\\/fr\\\/actualite\\\/author\\\/webdotn\\\/\"}]}<\/script>\n<!-- \/ Yoast SEO Premium plugin. -->","yoast_head_json":{"title":"Fac de La Manouba: incidents graves \u00e0 l\u2019ouverture des examens","description":"Fac de La Manouba: incidents graves \u00e0 l\u2019ouverture des examens","canonical":"https:\/\/www.webdo.tn\/fr\/actualite\/national-45\/fac-de-la-manouba-incidents-graves-a-l-ouverture-des-examens\/172269\/","og_locale":"fr_FR","og_type":"article","og_title":"Fac de La Manouba: incidents graves \u00e0 l\u2019ouverture des examens","og_description":"Fac de La Manouba: incidents graves \u00e0 l\u2019ouverture des examens","og_url":"https:\/\/www.webdo.tn\/fr\/actualite\/national-45\/fac-de-la-manouba-incidents-graves-a-l-ouverture-des-examens\/172269\/","og_site_name":"webdo","article_publisher":"https:\/\/www.facebook.com\/webdotn","article_published_time":"2012-01-24T11:27:00+00:00","author":"webdo.tn","twitter_card":"summary_large_image","twitter_creator":"@webdo_tn","twitter_site":"@webdo_tn","twitter_misc":{"\u00c9crit par":"webdo.tn","Dur\u00e9e de lecture estim\u00e9e":"2 minutes"},"schema":{"@context":"https:\/\/schema.org","@graph":[{"@type":"NewsArticle","@id":"https:\/\/www.webdo.tn\/fr\/actualite\/national-45\/fac-de-la-manouba-incidents-graves-a-l-ouverture-des-examens\/172269\/#article","isPartOf":{"@id":"https:\/\/www.webdo.tn\/fr\/actualite\/national-45\/fac-de-la-manouba-incidents-graves-a-l-ouverture-des-examens\/172269\/"},"author":{"name":"webdo.tn","@id":"https:\/\/www.webdo.tn\/fr\/#\/schema\/person\/9a9c6118d687c117df8ef3cc36a4d175"},"headline":"Fac de La Manouba: incidents graves \u00e0 l\u2019ouverture des examens","datePublished":"2012-01-24T11:27:00+00:00","mainEntityOfPage":{"@id":"https:\/\/www.webdo.tn\/fr\/actualite\/national-45\/fac-de-la-manouba-incidents-graves-a-l-ouverture-des-examens\/172269\/"},"wordCount":313,"commentCount":0,"publisher":{"@id":"https:\/\/www.webdo.tn\/fr\/#organization"},"image":{"@id":"https:\/\/www.webdo.tn\/fr\/actualite\/national-45\/fac-de-la-manouba-incidents-graves-a-l-ouverture-des-examens\/172269\/#primaryimage"},"thumbnailUrl":"https:\/\/www.webdo.tn\/fr\/wp-content\/uploads\/2025\/06\/Manifestent-aujourdhui-a-la-Faculte-La-Manouba-photo-AFP_172269.jpg","keywords":["guerre"],"articleSection":["National"],"inLanguage":"fr-FR"},{"@type":"WebPage","@id":"https:\/\/www.webdo.tn\/fr\/actualite\/national-45\/fac-de-la-manouba-incidents-graves-a-l-ouverture-des-examens\/172269\/","url":"https:\/\/www.webdo.tn\/fr\/actualite\/national-45\/fac-de-la-manouba-incidents-graves-a-l-ouverture-des-examens\/172269\/","name":"Fac de La Manouba: incidents graves \u00e0 l\u2019ouverture des examens","isPartOf":{"@id":"https:\/\/www.webdo.tn\/fr\/#website"},"primaryImageOfPage":{"@id":"https:\/\/www.webdo.tn\/fr\/actualite\/national-45\/fac-de-la-manouba-incidents-graves-a-l-ouverture-des-examens\/172269\/#primaryimage"},"image":{"@id":"https:\/\/www.webdo.tn\/fr\/actualite\/national-45\/fac-de-la-manouba-incidents-graves-a-l-ouverture-des-examens\/172269\/#primaryimage"},"thumbnailUrl":"https:\/\/www.webdo.tn\/fr\/wp-content\/uploads\/2025\/06\/Manifestent-aujourdhui-a-la-Faculte-La-Manouba-photo-AFP_172269.jpg","datePublished":"2012-01-24T11:27:00+00:00","description":"Fac de La Manouba: incidents graves \u00e0 l\u2019ouverture des examens","breadcrumb":{"@id":"https:\/\/www.webdo.tn\/fr\/actualite\/national-45\/fac-de-la-manouba-incidents-graves-a-l-ouverture-des-examens\/172269\/#breadcrumb"},"inLanguage":"fr-FR","potentialAction":[{"@type":"ReadAction","target":["https:\/\/www.webdo.tn\/fr\/actualite\/national-45\/fac-de-la-manouba-incidents-graves-a-l-ouverture-des-examens\/172269\/"]}]},{"@type":"ImageObject","inLanguage":"fr-FR","@id":"https:\/\/www.webdo.tn\/fr\/actualite\/national-45\/fac-de-la-manouba-incidents-graves-a-l-ouverture-des-examens\/172269\/#primaryimage","url":"https:\/\/www.webdo.tn\/fr\/wp-content\/uploads\/2025\/06\/Manifestent-aujourdhui-a-la-Faculte-La-Manouba-photo-AFP_172269.jpg","contentUrl":"https:\/\/www.webdo.tn\/fr\/wp-content\/uploads\/2025\/06\/Manifestent-aujourdhui-a-la-Faculte-La-Manouba-photo-AFP_172269.jpg","width":221,"height":215,"caption":"Fac de La Manouba: incidents graves \u00e0 l\u2019ouverture des examens"},{"@type":"BreadcrumbList","@id":"https:\/\/www.webdo.tn\/fr\/actualite\/national-45\/fac-de-la-manouba-incidents-graves-a-l-ouverture-des-examens\/172269\/#breadcrumb","itemListElement":[{"@type":"ListItem","position":1,"name":"Accueil","item":"https:\/\/www.webdo.tn\/fr\/"},{"@type":"ListItem","position":2,"name":"Fac de La Manouba: incidents graves \u00e0 l\u2019ouverture des examens"}]},{"@type":"WebSite","@id":"https:\/\/www.webdo.tn\/fr\/#website","url":"https:\/\/www.webdo.tn\/fr\/","name":"webdo","description":"Tunisie - News en Tunisie et \u00e0 l&#039;international sur Webdo.tn","publisher":{"@id":"https:\/\/www.webdo.tn\/fr\/#organization"},"potentialAction":[{"@type":"SearchAction","target":{"@type":"EntryPoint","urlTemplate":"https:\/\/www.webdo.tn\/fr\/?s={search_term_string}"},"query-input":{"@type":"PropertyValueSpecification","valueRequired":true,"valueName":"search_term_string"}}],"inLanguage":"fr-FR"},{"@type":"Organization","@id":"https:\/\/www.webdo.tn\/fr\/#organization","name":"Webdo","alternateName":"Webdo.tn","url":"https:\/\/www.webdo.tn\/fr\/","logo":{"@type":"ImageObject","inLanguage":"fr-FR","@id":"https:\/\/www.webdo.tn\/fr\/#\/schema\/logo\/image\/","url":"https:\/\/www.webdo.tn\/fr\/wp-content\/uploads\/2025\/06\/Webdo-Tunisie_168377.jpg","contentUrl":"https:\/\/www.webdo.tn\/fr\/wp-content\/uploads\/2025\/06\/Webdo-Tunisie_168377.jpg","width":301,"height":301,"caption":"Webdo"},"image":{"@id":"https:\/\/www.webdo.tn\/fr\/#\/schema\/logo\/image\/"},"sameAs":["https:\/\/www.facebook.com\/webdotn","https:\/\/x.com\/webdo_tn"],"description":"Webdo est un m\u00e9dia num\u00e9rique tunisien fond\u00e9 en 2010, sp\u00e9cialis\u00e9 dans l\u2019actualit\u00e9 nationale et internationale, l\u2019\u00e9conomie, la soci\u00e9t\u00e9 et les analyses politiques. Le site s\u2019adresse \u00e0 un large public francophone et couvre l\u2019information tunisienne en temps r\u00e9el.","email":"redac@webdo.tn","legalName":"YNJ SARL","foundingDate":"2010-09-06","numberOfEmployees":{"@type":"QuantitativeValue","minValue":"11","maxValue":"50"}},{"@type":"Person","@id":"https:\/\/www.webdo.tn\/fr\/#\/schema\/person\/9a9c6118d687c117df8ef3cc36a4d175","name":"webdo.tn","image":{"@type":"ImageObject","inLanguage":"fr-FR","@id":"https:\/\/secure.gravatar.com\/avatar\/7ce1f28c0c3bbac99ff550b85ef8e44a6950c6ee24514fb6a5489e51d06f0298?s=96&d=mm&r=g","url":"https:\/\/secure.gravatar.com\/avatar\/7ce1f28c0c3bbac99ff550b85ef8e44a6950c6ee24514fb6a5489e51d06f0298?s=96&d=mm&r=g","contentUrl":"https:\/\/secure.gravatar.com\/avatar\/7ce1f28c0c3bbac99ff550b85ef8e44a6950c6ee24514fb6a5489e51d06f0298?s=96&d=mm&r=g","caption":"webdo.tn"},"url":"https:\/\/www.webdo.tn\/fr\/actualite\/author\/webdotn\/"}]}},"_links":{"self":[{"href":"https:\/\/www.webdo.tn\/fr\/wp-json\/wp\/v2\/posts\/172269","targetHints":{"allow":["GET"]}}],"collection":[{"href":"https:\/\/www.webdo.tn\/fr\/wp-json\/wp\/v2\/posts"}],"about":[{"href":"https:\/\/www.webdo.tn\/fr\/wp-json\/wp\/v2\/types\/post"}],"author":[{"embeddable":true,"href":"https:\/\/www.webdo.tn\/fr\/wp-json\/wp\/v2\/users\/3222"}],"replies":[{"embeddable":true,"href":"https:\/\/www.webdo.tn\/fr\/wp-json\/wp\/v2\/comments?post=172269"}],"version-history":[{"count":0,"href":"https:\/\/www.webdo.tn\/fr\/wp-json\/wp\/v2\/posts\/172269\/revisions"}],"wp:featuredmedia":[{"embeddable":true,"href":"https:\/\/www.webdo.tn\/fr\/wp-json\/wp\/v2\/media\/374536"}],"wp:attachment":[{"href":"https:\/\/www.webdo.tn\/fr\/wp-json\/wp\/v2\/media?parent=172269"}],"wp:term":[{"taxonomy":"category","embeddable":true,"href":"https:\/\/www.webdo.tn\/fr\/wp-json\/wp\/v2\/categories?post=172269"},{"taxonomy":"post_tag","embeddable":true,"href":"https:\/\/www.webdo.tn\/fr\/wp-json\/wp\/v2\/tags?post=172269"}],"curies":[{"name":"wp","href":"https:\/\/api.w.org\/{rel}","templated":true}]}}