{"id":172268,"date":"2012-01-24T18:53:00","date_gmt":"2012-01-24T18:53:00","guid":{"rendered":"https:\/\/www.webdo.tn\/fr\/blog\/la-librairie-mille-feuilles-menacee-si-elle-ne-retire-pas-un-livre-de-sa-vitrine\/172268\/"},"modified":"2025-06-04T19:02:01","modified_gmt":"2025-06-04T19:02:01","slug":"la-librairie-mille-feuilles-menacee-si-elle-ne-retire-pas-un-livre-de-sa-vitrine","status":"publish","type":"post","link":"https:\/\/www.webdo.tn\/fr\/actualite\/national\/la-librairie-mille-feuilles-menacee-si-elle-ne-retire-pas-un-livre-de-sa-vitrine\/172268\/","title":{"rendered":"La librairie Mille Feuilles \u00abmenac\u00e9e\u00bb si elle ne retire pas un livre de sa vitrine"},"content":{"rendered":"<p>Ce matin, la librairie Espace d\u2019Art Mille Feuilles, \u00e0 la Marsa, a annonc\u00e9 sur sa page Facebook que quelqu\u2019un est venu lui donner l\u2019ordre de retirer de sa vitrine le livre \u00ab\u00a0Femmes au bain\u00a0\u00bb.<\/p>\n<p>Contact\u00e9 \u00e0 ce sujet, Lotfi El Hafi, responsable de l&rsquo;Espace d\u2019Art Mille Feuilles, nous raconte qu&rsquo;hier soir, vers 19:30, un homme s&rsquo;est pr\u00e9sent\u00e9 \u00e0 la librairie pour lui demander de retirer le livre de la vitrine, sous peine de se voir causer des probl\u00e8mes.<\/p>\n<p>Questionn\u00e9, par le responsable de la Librairie, sur son identit\u00e9, notre inconnu s&rsquo;est av\u00e9r\u00e9 \u00eatre dipl\u00f4m\u00e9 en math\u00e9matiques et a point\u00e9 qu&rsquo;un groupe de la r\u00e9gion du Kram l&rsquo;a envoy\u00e9 pour pr\u00e9venir le libraire. Pour Lotfi El Hafi, le message est clair : s\u2019il ne retire pas le livre, ils vont venir&#8230; lui \u00ab casser la vitrine \u00bb. E.H. Lotfi nous explique que ce livre, qui se vend depuis 6 ans, contient une repr\u00e9sentation du corps humain, plus exactement f\u00e9minin, que l&rsquo;on retrouve dans l\u2019art gr\u00e9co-romain.<\/p>\n<p>L&rsquo;Espace d\u2019Art Mille Feuilles n&rsquo;a pas retir\u00e9 le livre de sa vitrine. Suite \u00e0 cet incident, il a re\u00e7u plusieurs messages de soutien, et certains se sont m\u00eame arr\u00eat\u00e9s pour acheter le livre.<\/p>\n<p>Cette \u00ab affaire \u00bb, peut \u00eatre initi\u00e9e uniquement par un homme complex\u00e9 de voir une repr\u00e9sentation artistique d&rsquo;un corps humain, comme elle peut \u00e9maner, s\u00e9rieusement, d&rsquo;un groupe inconnu ouvrant pour la censure.<\/p>\n<p>Il convient de rappeler qu\u2019en fin d&rsquo;ann\u00e9e 2011, les hebdomadaires fran\u00e7ais &lsquo;Le Point&rsquo; et &lsquo;L&rsquo;Express&rsquo; n&rsquo;avaient pas \u00e9t\u00e9 diffus\u00e9s en Tunisie. La Soci\u00e9t\u00e9 tunisienne de presse (Sotupresse) avait pr\u00e9cis\u00e9 qu&rsquo;elle n&rsquo;avait pas re\u00e7u d&rsquo;ordre de censure et avait annonc\u00e9 dans un communiqu\u00e9 \u00ab qu&rsquo;elle n&rsquo;a pas r\u00e9ceptionn\u00e9 ces num\u00e9ros. Et par respect aux valeurs sacr\u00e9es de l\u2019islam et du peuple tunisien, la Sotupresse n\u2019aurait pas distribu\u00e9 les deux num\u00e9ros en question, parce qu\u2019il y a atteinte inacceptable \u00e0 la religion musulmane\u00bb. Toutefois, le myst\u00e8re perdure sur la fa\u00e7on avec laquelle ces num\u00e9ros se sont volatilis\u00e9s, car ils ont bien \u00e9t\u00e9 mis dans l&rsquo;avion en direction de la Tunisie, selon leurs \u00e9diteurs.<\/p>\n<p>Mise \u00e0 jour (25 janvier 2012 @ 12h) : Librairie Espace d\u2019Art Mille Feuilles : deuxi\u00e8me menace en 36 h !<\/p>\n","protected":false},"excerpt":{"rendered":"<p>La librairie Mille Feuilles \u00abmenac\u00e9e\u00bb si elle ne retire pas un livre de sa vitrine <\/p>\n","protected":false},"author":3222,"featured_media":374537,"comment_status":"open","ping_status":"closed","sticky":false,"template":"","format":"standard","meta":{"footnotes":""},"categories":[44],"tags":[],"class_list":["post-172268","post","type-post","status-publish","format-standard","has-post-thumbnail","hentry","category-national"],"yoast_head":"<!-- This site is optimized with the Yoast SEO Premium plugin v27.5 (Yoast SEO v27.5) - https:\/\/yoast.com\/product\/yoast-seo-premium-wordpress\/ -->\n<title>La librairie Mille Feuilles \u00abmenac\u00e9e\u00bb si elle ne retire pas un livre de sa vitrine<\/title>\n<meta name=\"description\" content=\"La librairie Mille Feuilles \u00abmenac\u00e9e\u00bb si elle ne retire pas un livre de sa vitrine\" \/>\n<link rel=\"canonical\" href=\"https:\/\/www.webdo.tn\/fr\/actualite\/national\/la-librairie-mille-feuilles-menacee-si-elle-ne-retire-pas-un-livre-de-sa-vitrine\/172268\/\" \/>\n<meta property=\"og:locale\" content=\"fr_FR\" \/>\n<meta property=\"og:type\" content=\"article\" \/>\n<meta property=\"og:title\" content=\"La librairie Mille Feuilles \u00abmenac\u00e9e\u00bb si elle ne retire pas un livre de sa vitrine\" \/>\n<meta property=\"og:description\" content=\"La librairie Mille Feuilles \u00abmenac\u00e9e\u00bb si elle ne retire pas un livre de sa vitrine\" \/>\n<meta property=\"og:url\" content=\"https:\/\/www.webdo.tn\/fr\/actualite\/national\/la-librairie-mille-feuilles-menacee-si-elle-ne-retire-pas-un-livre-de-sa-vitrine\/172268\/\" \/>\n<meta property=\"og:site_name\" content=\"webdo\" \/>\n<meta property=\"article:publisher\" content=\"https:\/\/www.facebook.com\/webdotn\" \/>\n<meta property=\"article:published_time\" content=\"2012-01-24T18:53:00+00:00\" \/>\n<meta property=\"article:modified_time\" content=\"2025-06-04T19:02:01+00:00\" \/>\n<meta name=\"author\" content=\"webdo.tn\" \/>\n<meta name=\"twitter:card\" content=\"summary_large_image\" \/>\n<meta name=\"twitter:creator\" content=\"@webdo_tn\" \/>\n<meta name=\"twitter:site\" content=\"@webdo_tn\" \/>\n<meta name=\"twitter:label1\" content=\"\u00c9crit par\" \/>\n\t<meta name=\"twitter:data1\" content=\"webdo.tn\" \/>\n\t<meta name=\"twitter:label2\" content=\"Dur\u00e9e de lecture estim\u00e9e\" \/>\n\t<meta name=\"twitter:data2\" content=\"2 minutes\" \/>\n<script type=\"application\/ld+json\" class=\"yoast-schema-graph\">{\"@context\":\"https:\\\/\\\/schema.org\",\"@graph\":[{\"@type\":\"NewsArticle\",\"@id\":\"https:\\\/\\\/www.webdo.tn\\\/fr\\\/actualite\\\/national\\\/la-librairie-mille-feuilles-menacee-si-elle-ne-retire-pas-un-livre-de-sa-vitrine\\\/172268\\\/#article\",\"isPartOf\":{\"@id\":\"https:\\\/\\\/www.webdo.tn\\\/fr\\\/actualite\\\/national\\\/la-librairie-mille-feuilles-menacee-si-elle-ne-retire-pas-un-livre-de-sa-vitrine\\\/172268\\\/\"},\"author\":{\"name\":\"webdo.tn\",\"@id\":\"https:\\\/\\\/www.webdo.tn\\\/fr\\\/#\\\/schema\\\/person\\\/9a9c6118d687c117df8ef3cc36a4d175\"},\"headline\":\"La librairie Mille Feuilles \u00abmenac\u00e9e\u00bb si elle ne retire pas un livre de sa vitrine\",\"datePublished\":\"2012-01-24T18:53:00+00:00\",\"dateModified\":\"2025-06-04T19:02:01+00:00\",\"mainEntityOfPage\":{\"@id\":\"https:\\\/\\\/www.webdo.tn\\\/fr\\\/actualite\\\/national\\\/la-librairie-mille-feuilles-menacee-si-elle-ne-retire-pas-un-livre-de-sa-vitrine\\\/172268\\\/\"},\"wordCount\":420,\"commentCount\":0,\"publisher\":{\"@id\":\"https:\\\/\\\/www.webdo.tn\\\/fr\\\/#organization\"},\"image\":{\"@id\":\"https:\\\/\\\/www.webdo.tn\\\/fr\\\/actualite\\\/national\\\/la-librairie-mille-feuilles-menacee-si-elle-ne-retire-pas-un-livre-de-sa-vitrine\\\/172268\\\/#primaryimage\"},\"thumbnailUrl\":\"https:\\\/\\\/www.webdo.tn\\\/fr\\\/wp-content\\\/uploads\\\/2025\\\/06\\\/La-librairie-Mille-Feuilles-Menacee-si-elle-ne-retire-pas-un-livre-de-sa-vitrine_172268.jpg\",\"articleSection\":[\"National\"],\"inLanguage\":\"fr-FR\"},{\"@type\":\"WebPage\",\"@id\":\"https:\\\/\\\/www.webdo.tn\\\/fr\\\/actualite\\\/national\\\/la-librairie-mille-feuilles-menacee-si-elle-ne-retire-pas-un-livre-de-sa-vitrine\\\/172268\\\/\",\"url\":\"https:\\\/\\\/www.webdo.tn\\\/fr\\\/actualite\\\/national\\\/la-librairie-mille-feuilles-menacee-si-elle-ne-retire-pas-un-livre-de-sa-vitrine\\\/172268\\\/\",\"name\":\"La librairie Mille Feuilles \u00abmenac\u00e9e\u00bb si elle ne retire pas un livre de sa vitrine\",\"isPartOf\":{\"@id\":\"https:\\\/\\\/www.webdo.tn\\\/fr\\\/#website\"},\"primaryImageOfPage\":{\"@id\":\"https:\\\/\\\/www.webdo.tn\\\/fr\\\/actualite\\\/national\\\/la-librairie-mille-feuilles-menacee-si-elle-ne-retire-pas-un-livre-de-sa-vitrine\\\/172268\\\/#primaryimage\"},\"image\":{\"@id\":\"https:\\\/\\\/www.webdo.tn\\\/fr\\\/actualite\\\/national\\\/la-librairie-mille-feuilles-menacee-si-elle-ne-retire-pas-un-livre-de-sa-vitrine\\\/172268\\\/#primaryimage\"},\"thumbnailUrl\":\"https:\\\/\\\/www.webdo.tn\\\/fr\\\/wp-content\\\/uploads\\\/2025\\\/06\\\/La-librairie-Mille-Feuilles-Menacee-si-elle-ne-retire-pas-un-livre-de-sa-vitrine_172268.jpg\",\"datePublished\":\"2012-01-24T18:53:00+00:00\",\"dateModified\":\"2025-06-04T19:02:01+00:00\",\"description\":\"La librairie Mille Feuilles \u00abmenac\u00e9e\u00bb si elle ne retire pas un livre de sa vitrine\",\"breadcrumb\":{\"@id\":\"https:\\\/\\\/www.webdo.tn\\\/fr\\\/actualite\\\/national\\\/la-librairie-mille-feuilles-menacee-si-elle-ne-retire-pas-un-livre-de-sa-vitrine\\\/172268\\\/#breadcrumb\"},\"inLanguage\":\"fr-FR\",\"potentialAction\":[{\"@type\":\"ReadAction\",\"target\":[\"https:\\\/\\\/www.webdo.tn\\\/fr\\\/actualite\\\/national\\\/la-librairie-mille-feuilles-menacee-si-elle-ne-retire-pas-un-livre-de-sa-vitrine\\\/172268\\\/\"]}]},{\"@type\":\"ImageObject\",\"inLanguage\":\"fr-FR\",\"@id\":\"https:\\\/\\\/www.webdo.tn\\\/fr\\\/actualite\\\/national\\\/la-librairie-mille-feuilles-menacee-si-elle-ne-retire-pas-un-livre-de-sa-vitrine\\\/172268\\\/#primaryimage\",\"url\":\"https:\\\/\\\/www.webdo.tn\\\/fr\\\/wp-content\\\/uploads\\\/2025\\\/06\\\/La-librairie-Mille-Feuilles-Menacee-si-elle-ne-retire-pas-un-livre-de-sa-vitrine_172268.jpg\",\"contentUrl\":\"https:\\\/\\\/www.webdo.tn\\\/fr\\\/wp-content\\\/uploads\\\/2025\\\/06\\\/La-librairie-Mille-Feuilles-Menacee-si-elle-ne-retire-pas-un-livre-de-sa-vitrine_172268.jpg\",\"width\":312,\"height\":222,\"caption\":\"La librairie Mille Feuilles \u00abmenac\u00e9e\u00bb si elle ne retire pas un livre de sa vitrine\"},{\"@type\":\"BreadcrumbList\",\"@id\":\"https:\\\/\\\/www.webdo.tn\\\/fr\\\/actualite\\\/national\\\/la-librairie-mille-feuilles-menacee-si-elle-ne-retire-pas-un-livre-de-sa-vitrine\\\/172268\\\/#breadcrumb\",\"itemListElement\":[{\"@type\":\"ListItem\",\"position\":1,\"name\":\"Accueil\",\"item\":\"https:\\\/\\\/www.webdo.tn\\\/fr\\\/\"},{\"@type\":\"ListItem\",\"position\":2,\"name\":\"La librairie Mille Feuilles \u00abmenac\u00e9e\u00bb si elle ne retire pas un livre de sa vitrine\"}]},{\"@type\":\"WebSite\",\"@id\":\"https:\\\/\\\/www.webdo.tn\\\/fr\\\/#website\",\"url\":\"https:\\\/\\\/www.webdo.tn\\\/fr\\\/\",\"name\":\"webdo\",\"description\":\"Tunisie - News en Tunisie et \u00e0 l&#039;international sur Webdo.tn\",\"publisher\":{\"@id\":\"https:\\\/\\\/www.webdo.tn\\\/fr\\\/#organization\"},\"potentialAction\":[{\"@type\":\"SearchAction\",\"target\":{\"@type\":\"EntryPoint\",\"urlTemplate\":\"https:\\\/\\\/www.webdo.tn\\\/fr\\\/?s={search_term_string}\"},\"query-input\":{\"@type\":\"PropertyValueSpecification\",\"valueRequired\":true,\"valueName\":\"search_term_string\"}}],\"inLanguage\":\"fr-FR\"},{\"@type\":\"Organization\",\"@id\":\"https:\\\/\\\/www.webdo.tn\\\/fr\\\/#organization\",\"name\":\"Webdo\",\"alternateName\":\"Webdo.tn\",\"url\":\"https:\\\/\\\/www.webdo.tn\\\/fr\\\/\",\"logo\":{\"@type\":\"ImageObject\",\"inLanguage\":\"fr-FR\",\"@id\":\"https:\\\/\\\/www.webdo.tn\\\/fr\\\/#\\\/schema\\\/logo\\\/image\\\/\",\"url\":\"https:\\\/\\\/www.webdo.tn\\\/fr\\\/wp-content\\\/uploads\\\/2025\\\/06\\\/Webdo-Tunisie_168377.jpg\",\"contentUrl\":\"https:\\\/\\\/www.webdo.tn\\\/fr\\\/wp-content\\\/uploads\\\/2025\\\/06\\\/Webdo-Tunisie_168377.jpg\",\"width\":301,\"height\":301,\"caption\":\"Webdo\"},\"image\":{\"@id\":\"https:\\\/\\\/www.webdo.tn\\\/fr\\\/#\\\/schema\\\/logo\\\/image\\\/\"},\"sameAs\":[\"https:\\\/\\\/www.facebook.com\\\/webdotn\",\"https:\\\/\\\/x.com\\\/webdo_tn\"],\"description\":\"Webdo est un m\u00e9dia num\u00e9rique tunisien fond\u00e9 en 2010, sp\u00e9cialis\u00e9 dans l\u2019actualit\u00e9 nationale et internationale, l\u2019\u00e9conomie, la soci\u00e9t\u00e9 et les analyses politiques. Le site s\u2019adresse \u00e0 un large public francophone et couvre l\u2019information tunisienne en temps r\u00e9el.\",\"email\":\"redac@webdo.tn\",\"legalName\":\"YNJ SARL\",\"foundingDate\":\"2010-09-06\",\"numberOfEmployees\":{\"@type\":\"QuantitativeValue\",\"minValue\":\"11\",\"maxValue\":\"50\"}},{\"@type\":\"Person\",\"@id\":\"https:\\\/\\\/www.webdo.tn\\\/fr\\\/#\\\/schema\\\/person\\\/9a9c6118d687c117df8ef3cc36a4d175\",\"name\":\"webdo.tn\",\"image\":{\"@type\":\"ImageObject\",\"inLanguage\":\"fr-FR\",\"@id\":\"https:\\\/\\\/secure.gravatar.com\\\/avatar\\\/7ce1f28c0c3bbac99ff550b85ef8e44a6950c6ee24514fb6a5489e51d06f0298?s=96&d=mm&r=g\",\"url\":\"https:\\\/\\\/secure.gravatar.com\\\/avatar\\\/7ce1f28c0c3bbac99ff550b85ef8e44a6950c6ee24514fb6a5489e51d06f0298?s=96&d=mm&r=g\",\"contentUrl\":\"https:\\\/\\\/secure.gravatar.com\\\/avatar\\\/7ce1f28c0c3bbac99ff550b85ef8e44a6950c6ee24514fb6a5489e51d06f0298?s=96&d=mm&r=g\",\"caption\":\"webdo.tn\"},\"url\":\"https:\\\/\\\/www.webdo.tn\\\/fr\\\/actualite\\\/author\\\/webdotn\\\/\"}]}<\/script>\n<!-- \/ Yoast SEO Premium plugin. -->","yoast_head_json":{"title":"La librairie Mille Feuilles \u00abmenac\u00e9e\u00bb si elle ne retire pas un livre de sa vitrine","description":"La librairie Mille Feuilles \u00abmenac\u00e9e\u00bb si elle ne retire pas un livre de sa vitrine","canonical":"https:\/\/www.webdo.tn\/fr\/actualite\/national\/la-librairie-mille-feuilles-menacee-si-elle-ne-retire-pas-un-livre-de-sa-vitrine\/172268\/","og_locale":"fr_FR","og_type":"article","og_title":"La librairie Mille Feuilles \u00abmenac\u00e9e\u00bb si elle ne retire pas un livre de sa vitrine","og_description":"La librairie Mille Feuilles \u00abmenac\u00e9e\u00bb si elle ne retire pas un livre de sa vitrine","og_url":"https:\/\/www.webdo.tn\/fr\/actualite\/national\/la-librairie-mille-feuilles-menacee-si-elle-ne-retire-pas-un-livre-de-sa-vitrine\/172268\/","og_site_name":"webdo","article_publisher":"https:\/\/www.facebook.com\/webdotn","article_published_time":"2012-01-24T18:53:00+00:00","article_modified_time":"2025-06-04T19:02:01+00:00","author":"webdo.tn","twitter_card":"summary_large_image","twitter_creator":"@webdo_tn","twitter_site":"@webdo_tn","twitter_misc":{"\u00c9crit par":"webdo.tn","Dur\u00e9e de lecture estim\u00e9e":"2 minutes"},"schema":{"@context":"https:\/\/schema.org","@graph":[{"@type":"NewsArticle","@id":"https:\/\/www.webdo.tn\/fr\/actualite\/national\/la-librairie-mille-feuilles-menacee-si-elle-ne-retire-pas-un-livre-de-sa-vitrine\/172268\/#article","isPartOf":{"@id":"https:\/\/www.webdo.tn\/fr\/actualite\/national\/la-librairie-mille-feuilles-menacee-si-elle-ne-retire-pas-un-livre-de-sa-vitrine\/172268\/"},"author":{"name":"webdo.tn","@id":"https:\/\/www.webdo.tn\/fr\/#\/schema\/person\/9a9c6118d687c117df8ef3cc36a4d175"},"headline":"La librairie Mille Feuilles \u00abmenac\u00e9e\u00bb si elle ne retire pas un livre de sa vitrine","datePublished":"2012-01-24T18:53:00+00:00","dateModified":"2025-06-04T19:02:01+00:00","mainEntityOfPage":{"@id":"https:\/\/www.webdo.tn\/fr\/actualite\/national\/la-librairie-mille-feuilles-menacee-si-elle-ne-retire-pas-un-livre-de-sa-vitrine\/172268\/"},"wordCount":420,"commentCount":0,"publisher":{"@id":"https:\/\/www.webdo.tn\/fr\/#organization"},"image":{"@id":"https:\/\/www.webdo.tn\/fr\/actualite\/national\/la-librairie-mille-feuilles-menacee-si-elle-ne-retire-pas-un-livre-de-sa-vitrine\/172268\/#primaryimage"},"thumbnailUrl":"https:\/\/www.webdo.tn\/fr\/wp-content\/uploads\/2025\/06\/La-librairie-Mille-Feuilles-Menacee-si-elle-ne-retire-pas-un-livre-de-sa-vitrine_172268.jpg","articleSection":["National"],"inLanguage":"fr-FR"},{"@type":"WebPage","@id":"https:\/\/www.webdo.tn\/fr\/actualite\/national\/la-librairie-mille-feuilles-menacee-si-elle-ne-retire-pas-un-livre-de-sa-vitrine\/172268\/","url":"https:\/\/www.webdo.tn\/fr\/actualite\/national\/la-librairie-mille-feuilles-menacee-si-elle-ne-retire-pas-un-livre-de-sa-vitrine\/172268\/","name":"La librairie Mille Feuilles \u00abmenac\u00e9e\u00bb si elle ne retire pas un livre de sa vitrine","isPartOf":{"@id":"https:\/\/www.webdo.tn\/fr\/#website"},"primaryImageOfPage":{"@id":"https:\/\/www.webdo.tn\/fr\/actualite\/national\/la-librairie-mille-feuilles-menacee-si-elle-ne-retire-pas-un-livre-de-sa-vitrine\/172268\/#primaryimage"},"image":{"@id":"https:\/\/www.webdo.tn\/fr\/actualite\/national\/la-librairie-mille-feuilles-menacee-si-elle-ne-retire-pas-un-livre-de-sa-vitrine\/172268\/#primaryimage"},"thumbnailUrl":"https:\/\/www.webdo.tn\/fr\/wp-content\/uploads\/2025\/06\/La-librairie-Mille-Feuilles-Menacee-si-elle-ne-retire-pas-un-livre-de-sa-vitrine_172268.jpg","datePublished":"2012-01-24T18:53:00+00:00","dateModified":"2025-06-04T19:02:01+00:00","description":"La librairie Mille Feuilles \u00abmenac\u00e9e\u00bb si elle ne retire pas un livre de sa vitrine","breadcrumb":{"@id":"https:\/\/www.webdo.tn\/fr\/actualite\/national\/la-librairie-mille-feuilles-menacee-si-elle-ne-retire-pas-un-livre-de-sa-vitrine\/172268\/#breadcrumb"},"inLanguage":"fr-FR","potentialAction":[{"@type":"ReadAction","target":["https:\/\/www.webdo.tn\/fr\/actualite\/national\/la-librairie-mille-feuilles-menacee-si-elle-ne-retire-pas-un-livre-de-sa-vitrine\/172268\/"]}]},{"@type":"ImageObject","inLanguage":"fr-FR","@id":"https:\/\/www.webdo.tn\/fr\/actualite\/national\/la-librairie-mille-feuilles-menacee-si-elle-ne-retire-pas-un-livre-de-sa-vitrine\/172268\/#primaryimage","url":"https:\/\/www.webdo.tn\/fr\/wp-content\/uploads\/2025\/06\/La-librairie-Mille-Feuilles-Menacee-si-elle-ne-retire-pas-un-livre-de-sa-vitrine_172268.jpg","contentUrl":"https:\/\/www.webdo.tn\/fr\/wp-content\/uploads\/2025\/06\/La-librairie-Mille-Feuilles-Menacee-si-elle-ne-retire-pas-un-livre-de-sa-vitrine_172268.jpg","width":312,"height":222,"caption":"La librairie Mille Feuilles \u00abmenac\u00e9e\u00bb si elle ne retire pas un livre de sa vitrine"},{"@type":"BreadcrumbList","@id":"https:\/\/www.webdo.tn\/fr\/actualite\/national\/la-librairie-mille-feuilles-menacee-si-elle-ne-retire-pas-un-livre-de-sa-vitrine\/172268\/#breadcrumb","itemListElement":[{"@type":"ListItem","position":1,"name":"Accueil","item":"https:\/\/www.webdo.tn\/fr\/"},{"@type":"ListItem","position":2,"name":"La librairie Mille Feuilles \u00abmenac\u00e9e\u00bb si elle ne retire pas un livre de sa vitrine"}]},{"@type":"WebSite","@id":"https:\/\/www.webdo.tn\/fr\/#website","url":"https:\/\/www.webdo.tn\/fr\/","name":"webdo","description":"Tunisie - News en Tunisie et \u00e0 l&#039;international sur Webdo.tn","publisher":{"@id":"https:\/\/www.webdo.tn\/fr\/#organization"},"potentialAction":[{"@type":"SearchAction","target":{"@type":"EntryPoint","urlTemplate":"https:\/\/www.webdo.tn\/fr\/?s={search_term_string}"},"query-input":{"@type":"PropertyValueSpecification","valueRequired":true,"valueName":"search_term_string"}}],"inLanguage":"fr-FR"},{"@type":"Organization","@id":"https:\/\/www.webdo.tn\/fr\/#organization","name":"Webdo","alternateName":"Webdo.tn","url":"https:\/\/www.webdo.tn\/fr\/","logo":{"@type":"ImageObject","inLanguage":"fr-FR","@id":"https:\/\/www.webdo.tn\/fr\/#\/schema\/logo\/image\/","url":"https:\/\/www.webdo.tn\/fr\/wp-content\/uploads\/2025\/06\/Webdo-Tunisie_168377.jpg","contentUrl":"https:\/\/www.webdo.tn\/fr\/wp-content\/uploads\/2025\/06\/Webdo-Tunisie_168377.jpg","width":301,"height":301,"caption":"Webdo"},"image":{"@id":"https:\/\/www.webdo.tn\/fr\/#\/schema\/logo\/image\/"},"sameAs":["https:\/\/www.facebook.com\/webdotn","https:\/\/x.com\/webdo_tn"],"description":"Webdo est un m\u00e9dia num\u00e9rique tunisien fond\u00e9 en 2010, sp\u00e9cialis\u00e9 dans l\u2019actualit\u00e9 nationale et internationale, l\u2019\u00e9conomie, la soci\u00e9t\u00e9 et les analyses politiques. Le site s\u2019adresse \u00e0 un large public francophone et couvre l\u2019information tunisienne en temps r\u00e9el.","email":"redac@webdo.tn","legalName":"YNJ SARL","foundingDate":"2010-09-06","numberOfEmployees":{"@type":"QuantitativeValue","minValue":"11","maxValue":"50"}},{"@type":"Person","@id":"https:\/\/www.webdo.tn\/fr\/#\/schema\/person\/9a9c6118d687c117df8ef3cc36a4d175","name":"webdo.tn","image":{"@type":"ImageObject","inLanguage":"fr-FR","@id":"https:\/\/secure.gravatar.com\/avatar\/7ce1f28c0c3bbac99ff550b85ef8e44a6950c6ee24514fb6a5489e51d06f0298?s=96&d=mm&r=g","url":"https:\/\/secure.gravatar.com\/avatar\/7ce1f28c0c3bbac99ff550b85ef8e44a6950c6ee24514fb6a5489e51d06f0298?s=96&d=mm&r=g","contentUrl":"https:\/\/secure.gravatar.com\/avatar\/7ce1f28c0c3bbac99ff550b85ef8e44a6950c6ee24514fb6a5489e51d06f0298?s=96&d=mm&r=g","caption":"webdo.tn"},"url":"https:\/\/www.webdo.tn\/fr\/actualite\/author\/webdotn\/"}]}},"_links":{"self":[{"href":"https:\/\/www.webdo.tn\/fr\/wp-json\/wp\/v2\/posts\/172268","targetHints":{"allow":["GET"]}}],"collection":[{"href":"https:\/\/www.webdo.tn\/fr\/wp-json\/wp\/v2\/posts"}],"about":[{"href":"https:\/\/www.webdo.tn\/fr\/wp-json\/wp\/v2\/types\/post"}],"author":[{"embeddable":true,"href":"https:\/\/www.webdo.tn\/fr\/wp-json\/wp\/v2\/users\/3222"}],"replies":[{"embeddable":true,"href":"https:\/\/www.webdo.tn\/fr\/wp-json\/wp\/v2\/comments?post=172268"}],"version-history":[{"count":0,"href":"https:\/\/www.webdo.tn\/fr\/wp-json\/wp\/v2\/posts\/172268\/revisions"}],"wp:featuredmedia":[{"embeddable":true,"href":"https:\/\/www.webdo.tn\/fr\/wp-json\/wp\/v2\/media\/374537"}],"wp:attachment":[{"href":"https:\/\/www.webdo.tn\/fr\/wp-json\/wp\/v2\/media?parent=172268"}],"wp:term":[{"taxonomy":"category","embeddable":true,"href":"https:\/\/www.webdo.tn\/fr\/wp-json\/wp\/v2\/categories?post=172268"},{"taxonomy":"post_tag","embeddable":true,"href":"https:\/\/www.webdo.tn\/fr\/wp-json\/wp\/v2\/tags?post=172268"}],"curies":[{"name":"wp","href":"https:\/\/api.w.org\/{rel}","templated":true}]}}