{"id":172267,"date":"2012-01-24T20:45:00","date_gmt":"2012-01-24T20:45:00","guid":{"rendered":"https:\/\/www.webdo.tn\/fr\/blog\/evacuation-manu-militari-des-sit-ineurs-de-la-fac-de-manouba\/172267\/"},"modified":"2012-01-24T20:45:00","modified_gmt":"2012-01-24T20:45:00","slug":"evacuation-manu-militari-des-sit-ineurs-de-la-fac-de-manouba","status":"publish","type":"post","link":"https:\/\/www.webdo.tn\/fr\/actualite\/national\/evacuation-manu-militari-des-sit-ineurs-de-la-fac-de-manouba\/172267\/","title":{"rendered":"\u00c9vacuation manu militari des sit-ineurs de la fac de Manouba"},"content":{"rendered":"<p>La journ\u00e9e inaugurale des examens partiels a \u00e9t\u00e9 particuli\u00e8rement \u00e9prouvante pour les enseignants de la FLAHM. C\u2019est dans un climat d\u2019extr\u00eame tension qu\u2019ils ont d\u00fb d\u00e9ployer leurs efforts pour faire r\u00e9ussir les \u00e9preuves. Les insultes, les injures et les menaces de mort inf\u00e2mes \u00e0 l\u2019encontre des professeurs ne pouvaient se poursuivre dans l\u2019indiff\u00e9rence totale des autorit\u00e9s politiques.<\/p>\n<p>Ce n\u2019est qu\u2019en d\u00e9but de soir\u00e9e (24 janvier 2012) que les sit-ineurs ont finalement \u00e9t\u00e9 \u00e9vacu\u00e9s manu militari. \u00c0 la demande du doyen, le vice Procureur de la R\u00e9publique de Manouba s\u2019est auparavant rendu \u00e0 la facult\u00e9, et, avec des responsables des forces de l\u2019ordre, il est parvenu \u00e0 convaincre les contestataires \u00e0 lever leur mouvement qui dure depuis bient\u00f4t deux mois. Il est \u00e0 rappeler que les examens se poursuivront jusqu\u2019au samedi 28 janvier 2012.<\/p>\n","protected":false},"excerpt":{"rendered":"<p>\u00c9vacuation manu militari des sit-ineurs de la fac de Manouba<\/p>\n","protected":false},"author":3222,"featured_media":374535,"comment_status":"open","ping_status":"closed","sticky":false,"template":"","format":"standard","meta":{"footnotes":""},"categories":[44],"tags":[2600],"class_list":["post-172267","post","type-post","status-publish","format-standard","has-post-thumbnail","hentry","category-national","tag-guerre"],"yoast_head":"<!-- This site is optimized with the Yoast SEO Premium plugin v27.5 (Yoast SEO v27.5) - https:\/\/yoast.com\/product\/yoast-seo-premium-wordpress\/ -->\n<title>\u00c9vacuation manu militari des sit-ineurs de la fac de Manouba<\/title>\n<meta name=\"description\" content=\"\u00c9vacuation manu militari des sit-ineurs de la fac de Manouba\" \/>\n<link rel=\"canonical\" href=\"https:\/\/www.webdo.tn\/fr\/actualite\/national-45\/evacuation-manu-militari-des-sit-ineurs-de-la-fac-de-manouba\/172267\/\" \/>\n<meta property=\"og:locale\" content=\"fr_FR\" \/>\n<meta property=\"og:type\" content=\"article\" \/>\n<meta property=\"og:title\" content=\"\u00c9vacuation manu militari des sit-ineurs de la fac de Manouba\" \/>\n<meta property=\"og:description\" content=\"\u00c9vacuation manu militari des sit-ineurs de la fac de Manouba\" \/>\n<meta property=\"og:url\" content=\"https:\/\/www.webdo.tn\/fr\/actualite\/national-45\/evacuation-manu-militari-des-sit-ineurs-de-la-fac-de-manouba\/172267\/\" \/>\n<meta property=\"og:site_name\" content=\"webdo\" \/>\n<meta property=\"article:publisher\" content=\"https:\/\/www.facebook.com\/webdotn\" \/>\n<meta property=\"article:published_time\" content=\"2012-01-24T20:45:00+00:00\" \/>\n<meta name=\"author\" content=\"webdo.tn\" \/>\n<meta name=\"twitter:card\" content=\"summary_large_image\" \/>\n<meta name=\"twitter:creator\" content=\"@webdo_tn\" \/>\n<meta name=\"twitter:site\" content=\"@webdo_tn\" \/>\n<meta name=\"twitter:label1\" content=\"\u00c9crit par\" \/>\n\t<meta name=\"twitter:data1\" content=\"webdo.tn\" \/>\n\t<meta name=\"twitter:label2\" content=\"Dur\u00e9e de lecture estim\u00e9e\" \/>\n\t<meta name=\"twitter:data2\" content=\"1 minute\" \/>\n<script type=\"application\/ld+json\" class=\"yoast-schema-graph\">{\"@context\":\"https:\\\/\\\/schema.org\",\"@graph\":[{\"@type\":\"NewsArticle\",\"@id\":\"https:\\\/\\\/www.webdo.tn\\\/fr\\\/actualite\\\/national-45\\\/evacuation-manu-militari-des-sit-ineurs-de-la-fac-de-manouba\\\/172267\\\/#article\",\"isPartOf\":{\"@id\":\"https:\\\/\\\/www.webdo.tn\\\/fr\\\/actualite\\\/national-45\\\/evacuation-manu-militari-des-sit-ineurs-de-la-fac-de-manouba\\\/172267\\\/\"},\"author\":{\"name\":\"webdo.tn\",\"@id\":\"https:\\\/\\\/www.webdo.tn\\\/fr\\\/#\\\/schema\\\/person\\\/9a9c6118d687c117df8ef3cc36a4d175\"},\"headline\":\"\u00c9vacuation manu militari des sit-ineurs de la fac de Manouba\",\"datePublished\":\"2012-01-24T20:45:00+00:00\",\"mainEntityOfPage\":{\"@id\":\"https:\\\/\\\/www.webdo.tn\\\/fr\\\/actualite\\\/national-45\\\/evacuation-manu-militari-des-sit-ineurs-de-la-fac-de-manouba\\\/172267\\\/\"},\"wordCount\":156,\"commentCount\":0,\"publisher\":{\"@id\":\"https:\\\/\\\/www.webdo.tn\\\/fr\\\/#organization\"},\"image\":{\"@id\":\"https:\\\/\\\/www.webdo.tn\\\/fr\\\/actualite\\\/national-45\\\/evacuation-manu-militari-des-sit-ineurs-de-la-fac-de-manouba\\\/172267\\\/#primaryimage\"},\"thumbnailUrl\":\"https:\\\/\\\/www.webdo.tn\\\/fr\\\/wp-content\\\/uploads\\\/2025\\\/06\\\/Faculte-des-lettres-des-arts-et-des-humanites-de-la-Manouba-photo-TAP1_172267.jpg\",\"keywords\":[\"guerre\"],\"articleSection\":[\"National\"],\"inLanguage\":\"fr-FR\"},{\"@type\":\"WebPage\",\"@id\":\"https:\\\/\\\/www.webdo.tn\\\/fr\\\/actualite\\\/national-45\\\/evacuation-manu-militari-des-sit-ineurs-de-la-fac-de-manouba\\\/172267\\\/\",\"url\":\"https:\\\/\\\/www.webdo.tn\\\/fr\\\/actualite\\\/national-45\\\/evacuation-manu-militari-des-sit-ineurs-de-la-fac-de-manouba\\\/172267\\\/\",\"name\":\"\u00c9vacuation manu militari des sit-ineurs de la fac de Manouba\",\"isPartOf\":{\"@id\":\"https:\\\/\\\/www.webdo.tn\\\/fr\\\/#website\"},\"primaryImageOfPage\":{\"@id\":\"https:\\\/\\\/www.webdo.tn\\\/fr\\\/actualite\\\/national-45\\\/evacuation-manu-militari-des-sit-ineurs-de-la-fac-de-manouba\\\/172267\\\/#primaryimage\"},\"image\":{\"@id\":\"https:\\\/\\\/www.webdo.tn\\\/fr\\\/actualite\\\/national-45\\\/evacuation-manu-militari-des-sit-ineurs-de-la-fac-de-manouba\\\/172267\\\/#primaryimage\"},\"thumbnailUrl\":\"https:\\\/\\\/www.webdo.tn\\\/fr\\\/wp-content\\\/uploads\\\/2025\\\/06\\\/Faculte-des-lettres-des-arts-et-des-humanites-de-la-Manouba-photo-TAP1_172267.jpg\",\"datePublished\":\"2012-01-24T20:45:00+00:00\",\"description\":\"\u00c9vacuation manu militari des sit-ineurs de la fac de Manouba\",\"breadcrumb\":{\"@id\":\"https:\\\/\\\/www.webdo.tn\\\/fr\\\/actualite\\\/national-45\\\/evacuation-manu-militari-des-sit-ineurs-de-la-fac-de-manouba\\\/172267\\\/#breadcrumb\"},\"inLanguage\":\"fr-FR\",\"potentialAction\":[{\"@type\":\"ReadAction\",\"target\":[\"https:\\\/\\\/www.webdo.tn\\\/fr\\\/actualite\\\/national-45\\\/evacuation-manu-militari-des-sit-ineurs-de-la-fac-de-manouba\\\/172267\\\/\"]}]},{\"@type\":\"ImageObject\",\"inLanguage\":\"fr-FR\",\"@id\":\"https:\\\/\\\/www.webdo.tn\\\/fr\\\/actualite\\\/national-45\\\/evacuation-manu-militari-des-sit-ineurs-de-la-fac-de-manouba\\\/172267\\\/#primaryimage\",\"url\":\"https:\\\/\\\/www.webdo.tn\\\/fr\\\/wp-content\\\/uploads\\\/2025\\\/06\\\/Faculte-des-lettres-des-arts-et-des-humanites-de-la-Manouba-photo-TAP1_172267.jpg\",\"contentUrl\":\"https:\\\/\\\/www.webdo.tn\\\/fr\\\/wp-content\\\/uploads\\\/2025\\\/06\\\/Faculte-des-lettres-des-arts-et-des-humanites-de-la-Manouba-photo-TAP1_172267.jpg\",\"width\":334,\"height\":263,\"caption\":\"\u00c9vacuation manu militari des sit-ineurs de la fac de Manouba\"},{\"@type\":\"BreadcrumbList\",\"@id\":\"https:\\\/\\\/www.webdo.tn\\\/fr\\\/actualite\\\/national-45\\\/evacuation-manu-militari-des-sit-ineurs-de-la-fac-de-manouba\\\/172267\\\/#breadcrumb\",\"itemListElement\":[{\"@type\":\"ListItem\",\"position\":1,\"name\":\"Accueil\",\"item\":\"https:\\\/\\\/www.webdo.tn\\\/fr\\\/\"},{\"@type\":\"ListItem\",\"position\":2,\"name\":\"\u00c9vacuation manu militari des sit-ineurs de la fac de Manouba\"}]},{\"@type\":\"WebSite\",\"@id\":\"https:\\\/\\\/www.webdo.tn\\\/fr\\\/#website\",\"url\":\"https:\\\/\\\/www.webdo.tn\\\/fr\\\/\",\"name\":\"webdo\",\"description\":\"Tunisie - News en Tunisie et \u00e0 l&#039;international sur Webdo.tn\",\"publisher\":{\"@id\":\"https:\\\/\\\/www.webdo.tn\\\/fr\\\/#organization\"},\"potentialAction\":[{\"@type\":\"SearchAction\",\"target\":{\"@type\":\"EntryPoint\",\"urlTemplate\":\"https:\\\/\\\/www.webdo.tn\\\/fr\\\/?s={search_term_string}\"},\"query-input\":{\"@type\":\"PropertyValueSpecification\",\"valueRequired\":true,\"valueName\":\"search_term_string\"}}],\"inLanguage\":\"fr-FR\"},{\"@type\":\"Organization\",\"@id\":\"https:\\\/\\\/www.webdo.tn\\\/fr\\\/#organization\",\"name\":\"Webdo\",\"alternateName\":\"Webdo.tn\",\"url\":\"https:\\\/\\\/www.webdo.tn\\\/fr\\\/\",\"logo\":{\"@type\":\"ImageObject\",\"inLanguage\":\"fr-FR\",\"@id\":\"https:\\\/\\\/www.webdo.tn\\\/fr\\\/#\\\/schema\\\/logo\\\/image\\\/\",\"url\":\"https:\\\/\\\/www.webdo.tn\\\/fr\\\/wp-content\\\/uploads\\\/2025\\\/06\\\/Webdo-Tunisie_168377.jpg\",\"contentUrl\":\"https:\\\/\\\/www.webdo.tn\\\/fr\\\/wp-content\\\/uploads\\\/2025\\\/06\\\/Webdo-Tunisie_168377.jpg\",\"width\":301,\"height\":301,\"caption\":\"Webdo\"},\"image\":{\"@id\":\"https:\\\/\\\/www.webdo.tn\\\/fr\\\/#\\\/schema\\\/logo\\\/image\\\/\"},\"sameAs\":[\"https:\\\/\\\/www.facebook.com\\\/webdotn\",\"https:\\\/\\\/x.com\\\/webdo_tn\"],\"description\":\"Webdo est un m\u00e9dia num\u00e9rique tunisien fond\u00e9 en 2010, sp\u00e9cialis\u00e9 dans l\u2019actualit\u00e9 nationale et internationale, l\u2019\u00e9conomie, la soci\u00e9t\u00e9 et les analyses politiques. Le site s\u2019adresse \u00e0 un large public francophone et couvre l\u2019information tunisienne en temps r\u00e9el.\",\"email\":\"redac@webdo.tn\",\"legalName\":\"YNJ SARL\",\"foundingDate\":\"2010-09-06\",\"numberOfEmployees\":{\"@type\":\"QuantitativeValue\",\"minValue\":\"11\",\"maxValue\":\"50\"}},{\"@type\":\"Person\",\"@id\":\"https:\\\/\\\/www.webdo.tn\\\/fr\\\/#\\\/schema\\\/person\\\/9a9c6118d687c117df8ef3cc36a4d175\",\"name\":\"webdo.tn\",\"image\":{\"@type\":\"ImageObject\",\"inLanguage\":\"fr-FR\",\"@id\":\"https:\\\/\\\/secure.gravatar.com\\\/avatar\\\/7ce1f28c0c3bbac99ff550b85ef8e44a6950c6ee24514fb6a5489e51d06f0298?s=96&d=mm&r=g\",\"url\":\"https:\\\/\\\/secure.gravatar.com\\\/avatar\\\/7ce1f28c0c3bbac99ff550b85ef8e44a6950c6ee24514fb6a5489e51d06f0298?s=96&d=mm&r=g\",\"contentUrl\":\"https:\\\/\\\/secure.gravatar.com\\\/avatar\\\/7ce1f28c0c3bbac99ff550b85ef8e44a6950c6ee24514fb6a5489e51d06f0298?s=96&d=mm&r=g\",\"caption\":\"webdo.tn\"},\"url\":\"https:\\\/\\\/www.webdo.tn\\\/fr\\\/actualite\\\/author\\\/webdotn\\\/\"}]}<\/script>\n<!-- \/ Yoast SEO Premium plugin. -->","yoast_head_json":{"title":"\u00c9vacuation manu militari des sit-ineurs de la fac de Manouba","description":"\u00c9vacuation manu militari des sit-ineurs de la fac de Manouba","canonical":"https:\/\/www.webdo.tn\/fr\/actualite\/national-45\/evacuation-manu-militari-des-sit-ineurs-de-la-fac-de-manouba\/172267\/","og_locale":"fr_FR","og_type":"article","og_title":"\u00c9vacuation manu militari des sit-ineurs de la fac de Manouba","og_description":"\u00c9vacuation manu militari des sit-ineurs de la fac de Manouba","og_url":"https:\/\/www.webdo.tn\/fr\/actualite\/national-45\/evacuation-manu-militari-des-sit-ineurs-de-la-fac-de-manouba\/172267\/","og_site_name":"webdo","article_publisher":"https:\/\/www.facebook.com\/webdotn","article_published_time":"2012-01-24T20:45:00+00:00","author":"webdo.tn","twitter_card":"summary_large_image","twitter_creator":"@webdo_tn","twitter_site":"@webdo_tn","twitter_misc":{"\u00c9crit par":"webdo.tn","Dur\u00e9e de lecture estim\u00e9e":"1 minute"},"schema":{"@context":"https:\/\/schema.org","@graph":[{"@type":"NewsArticle","@id":"https:\/\/www.webdo.tn\/fr\/actualite\/national-45\/evacuation-manu-militari-des-sit-ineurs-de-la-fac-de-manouba\/172267\/#article","isPartOf":{"@id":"https:\/\/www.webdo.tn\/fr\/actualite\/national-45\/evacuation-manu-militari-des-sit-ineurs-de-la-fac-de-manouba\/172267\/"},"author":{"name":"webdo.tn","@id":"https:\/\/www.webdo.tn\/fr\/#\/schema\/person\/9a9c6118d687c117df8ef3cc36a4d175"},"headline":"\u00c9vacuation manu militari des sit-ineurs de la fac de Manouba","datePublished":"2012-01-24T20:45:00+00:00","mainEntityOfPage":{"@id":"https:\/\/www.webdo.tn\/fr\/actualite\/national-45\/evacuation-manu-militari-des-sit-ineurs-de-la-fac-de-manouba\/172267\/"},"wordCount":156,"commentCount":0,"publisher":{"@id":"https:\/\/www.webdo.tn\/fr\/#organization"},"image":{"@id":"https:\/\/www.webdo.tn\/fr\/actualite\/national-45\/evacuation-manu-militari-des-sit-ineurs-de-la-fac-de-manouba\/172267\/#primaryimage"},"thumbnailUrl":"https:\/\/www.webdo.tn\/fr\/wp-content\/uploads\/2025\/06\/Faculte-des-lettres-des-arts-et-des-humanites-de-la-Manouba-photo-TAP1_172267.jpg","keywords":["guerre"],"articleSection":["National"],"inLanguage":"fr-FR"},{"@type":"WebPage","@id":"https:\/\/www.webdo.tn\/fr\/actualite\/national-45\/evacuation-manu-militari-des-sit-ineurs-de-la-fac-de-manouba\/172267\/","url":"https:\/\/www.webdo.tn\/fr\/actualite\/national-45\/evacuation-manu-militari-des-sit-ineurs-de-la-fac-de-manouba\/172267\/","name":"\u00c9vacuation manu militari des sit-ineurs de la fac de Manouba","isPartOf":{"@id":"https:\/\/www.webdo.tn\/fr\/#website"},"primaryImageOfPage":{"@id":"https:\/\/www.webdo.tn\/fr\/actualite\/national-45\/evacuation-manu-militari-des-sit-ineurs-de-la-fac-de-manouba\/172267\/#primaryimage"},"image":{"@id":"https:\/\/www.webdo.tn\/fr\/actualite\/national-45\/evacuation-manu-militari-des-sit-ineurs-de-la-fac-de-manouba\/172267\/#primaryimage"},"thumbnailUrl":"https:\/\/www.webdo.tn\/fr\/wp-content\/uploads\/2025\/06\/Faculte-des-lettres-des-arts-et-des-humanites-de-la-Manouba-photo-TAP1_172267.jpg","datePublished":"2012-01-24T20:45:00+00:00","description":"\u00c9vacuation manu militari des sit-ineurs de la fac de Manouba","breadcrumb":{"@id":"https:\/\/www.webdo.tn\/fr\/actualite\/national-45\/evacuation-manu-militari-des-sit-ineurs-de-la-fac-de-manouba\/172267\/#breadcrumb"},"inLanguage":"fr-FR","potentialAction":[{"@type":"ReadAction","target":["https:\/\/www.webdo.tn\/fr\/actualite\/national-45\/evacuation-manu-militari-des-sit-ineurs-de-la-fac-de-manouba\/172267\/"]}]},{"@type":"ImageObject","inLanguage":"fr-FR","@id":"https:\/\/www.webdo.tn\/fr\/actualite\/national-45\/evacuation-manu-militari-des-sit-ineurs-de-la-fac-de-manouba\/172267\/#primaryimage","url":"https:\/\/www.webdo.tn\/fr\/wp-content\/uploads\/2025\/06\/Faculte-des-lettres-des-arts-et-des-humanites-de-la-Manouba-photo-TAP1_172267.jpg","contentUrl":"https:\/\/www.webdo.tn\/fr\/wp-content\/uploads\/2025\/06\/Faculte-des-lettres-des-arts-et-des-humanites-de-la-Manouba-photo-TAP1_172267.jpg","width":334,"height":263,"caption":"\u00c9vacuation manu militari des sit-ineurs de la fac de Manouba"},{"@type":"BreadcrumbList","@id":"https:\/\/www.webdo.tn\/fr\/actualite\/national-45\/evacuation-manu-militari-des-sit-ineurs-de-la-fac-de-manouba\/172267\/#breadcrumb","itemListElement":[{"@type":"ListItem","position":1,"name":"Accueil","item":"https:\/\/www.webdo.tn\/fr\/"},{"@type":"ListItem","position":2,"name":"\u00c9vacuation manu militari des sit-ineurs de la fac de Manouba"}]},{"@type":"WebSite","@id":"https:\/\/www.webdo.tn\/fr\/#website","url":"https:\/\/www.webdo.tn\/fr\/","name":"webdo","description":"Tunisie - News en Tunisie et \u00e0 l&#039;international sur Webdo.tn","publisher":{"@id":"https:\/\/www.webdo.tn\/fr\/#organization"},"potentialAction":[{"@type":"SearchAction","target":{"@type":"EntryPoint","urlTemplate":"https:\/\/www.webdo.tn\/fr\/?s={search_term_string}"},"query-input":{"@type":"PropertyValueSpecification","valueRequired":true,"valueName":"search_term_string"}}],"inLanguage":"fr-FR"},{"@type":"Organization","@id":"https:\/\/www.webdo.tn\/fr\/#organization","name":"Webdo","alternateName":"Webdo.tn","url":"https:\/\/www.webdo.tn\/fr\/","logo":{"@type":"ImageObject","inLanguage":"fr-FR","@id":"https:\/\/www.webdo.tn\/fr\/#\/schema\/logo\/image\/","url":"https:\/\/www.webdo.tn\/fr\/wp-content\/uploads\/2025\/06\/Webdo-Tunisie_168377.jpg","contentUrl":"https:\/\/www.webdo.tn\/fr\/wp-content\/uploads\/2025\/06\/Webdo-Tunisie_168377.jpg","width":301,"height":301,"caption":"Webdo"},"image":{"@id":"https:\/\/www.webdo.tn\/fr\/#\/schema\/logo\/image\/"},"sameAs":["https:\/\/www.facebook.com\/webdotn","https:\/\/x.com\/webdo_tn"],"description":"Webdo est un m\u00e9dia num\u00e9rique tunisien fond\u00e9 en 2010, sp\u00e9cialis\u00e9 dans l\u2019actualit\u00e9 nationale et internationale, l\u2019\u00e9conomie, la soci\u00e9t\u00e9 et les analyses politiques. Le site s\u2019adresse \u00e0 un large public francophone et couvre l\u2019information tunisienne en temps r\u00e9el.","email":"redac@webdo.tn","legalName":"YNJ SARL","foundingDate":"2010-09-06","numberOfEmployees":{"@type":"QuantitativeValue","minValue":"11","maxValue":"50"}},{"@type":"Person","@id":"https:\/\/www.webdo.tn\/fr\/#\/schema\/person\/9a9c6118d687c117df8ef3cc36a4d175","name":"webdo.tn","image":{"@type":"ImageObject","inLanguage":"fr-FR","@id":"https:\/\/secure.gravatar.com\/avatar\/7ce1f28c0c3bbac99ff550b85ef8e44a6950c6ee24514fb6a5489e51d06f0298?s=96&d=mm&r=g","url":"https:\/\/secure.gravatar.com\/avatar\/7ce1f28c0c3bbac99ff550b85ef8e44a6950c6ee24514fb6a5489e51d06f0298?s=96&d=mm&r=g","contentUrl":"https:\/\/secure.gravatar.com\/avatar\/7ce1f28c0c3bbac99ff550b85ef8e44a6950c6ee24514fb6a5489e51d06f0298?s=96&d=mm&r=g","caption":"webdo.tn"},"url":"https:\/\/www.webdo.tn\/fr\/actualite\/author\/webdotn\/"}]}},"_links":{"self":[{"href":"https:\/\/www.webdo.tn\/fr\/wp-json\/wp\/v2\/posts\/172267","targetHints":{"allow":["GET"]}}],"collection":[{"href":"https:\/\/www.webdo.tn\/fr\/wp-json\/wp\/v2\/posts"}],"about":[{"href":"https:\/\/www.webdo.tn\/fr\/wp-json\/wp\/v2\/types\/post"}],"author":[{"embeddable":true,"href":"https:\/\/www.webdo.tn\/fr\/wp-json\/wp\/v2\/users\/3222"}],"replies":[{"embeddable":true,"href":"https:\/\/www.webdo.tn\/fr\/wp-json\/wp\/v2\/comments?post=172267"}],"version-history":[{"count":0,"href":"https:\/\/www.webdo.tn\/fr\/wp-json\/wp\/v2\/posts\/172267\/revisions"}],"wp:featuredmedia":[{"embeddable":true,"href":"https:\/\/www.webdo.tn\/fr\/wp-json\/wp\/v2\/media\/374535"}],"wp:attachment":[{"href":"https:\/\/www.webdo.tn\/fr\/wp-json\/wp\/v2\/media?parent=172267"}],"wp:term":[{"taxonomy":"category","embeddable":true,"href":"https:\/\/www.webdo.tn\/fr\/wp-json\/wp\/v2\/categories?post=172267"},{"taxonomy":"post_tag","embeddable":true,"href":"https:\/\/www.webdo.tn\/fr\/wp-json\/wp\/v2\/tags?post=172267"}],"curies":[{"name":"wp","href":"https:\/\/api.w.org\/{rel}","templated":true}]}}