{"id":172266,"date":"2012-01-25T11:38:00","date_gmt":"2012-01-25T11:38:00","guid":{"rendered":"https:\/\/www.webdo.tn\/fr\/blog\/librairie-espace-d-art-mille-feuilles-deuxieme-menace-en-36-h\/172266\/"},"modified":"2012-01-25T11:38:00","modified_gmt":"2012-01-25T11:38:00","slug":"librairie-espace-d-art-mille-feuilles-deuxieme-menace-en-36-h","status":"publish","type":"post","link":"https:\/\/www.webdo.tn\/fr\/actualite\/national\/librairie-espace-d-art-mille-feuilles-deuxieme-menace-en-36-h\/172266\/","title":{"rendered":"Librairie Espace d\u2019Art Mille Feuilles : deuxi\u00e8me menace en 36 h !"},"content":{"rendered":"<p>Les menaces continuent sur la librairie Espace d\u2019Art Mille Feuilles pour la pousser \u00e0 retirer de sa vitrine le livre \u00ab\u00a0Femmes au bain\u00a0\u00bb. Ce matin, mercredi 25 janvier 2012, \u00e0 9h15 un autre inconnu s&rsquo;est introduit dans la librairie, et, sur un ton agressif, a demand\u00e9, \u00e0 une coll\u00e8gue de Lotfi El Hafi, responsable de la librairie : \u00ab o\u00f9 est ce livre ?\u00bb en ajoutant : \u00ab J&rsquo;ai besoin du livre, faites attention ! \u00bb, pour sortir, bien apr\u00e8s, les mains vides.<\/p>\n<p>Le livre \u00ab\u00a0Femmes au bain\u00a0\u00bb n&rsquo;est plus expos\u00e9 dans la vitrine, d&rsquo;ailleurs il n&rsquo;est plus dans la librairie pour la simple raison qu&rsquo;il est en rupture de stock. Rappelons qu&rsquo;il est dans nos librairies depuis 6 ans et fait r\u00e9f\u00e9rence au corps humain f\u00e9minin de l\u2019\u00e8re gr\u00e9co-romain. <\/p>\n<p>L&rsquo;inconnu en question, la quarantaine, aucun signe distinctif d&rsquo;apparence \u00e0 un mouvement id\u00e9ologique, s&rsquo;est pr\u00e9sent\u00e9 en tant qu&rsquo;huissier notaire sans pour autant montrer sa carte. Il a ajout\u00e9 qu\u2019il travaillait avec la police et qu\u2019il n\u2019\u00e9tait pas un int\u00e9griste, nous a pr\u00e9cis\u00e9 Lotfi El Hafi.<\/p>\n<p>Avant-hier, lundi 23 janvier 2012, un autre homme s\u2019est pr\u00e9sent\u00e9 comme \u00e9tant le messager d&rsquo;un groupe inconnu du Kram. Il a menac\u00e9 le libraire de repr\u00e9sailles si celui-ci ne retirait le m\u00eame livre. Face \u00e0 ce premier incident, d\u00e9nonc\u00e9 sur la page Facebook de la librairie, plusieurs citoyens ont apport\u00e9 leur soutien.<\/p>\n<p>Lotfi El Hafi s\u2019est dit \u00e9mu par ce nombre incroyable de messages. Il croit, comme plusieurs d&rsquo;entre-nous, que le meilleur moyen de combattre ce courant d&rsquo;obscurantisme est de le d\u00e9noncer publiquement. Le libraire va porter plainte, et ce, malgr\u00e9 le fait que certains pensent que c&rsquo;est peine perdue vu la passivit\u00e9 du gouvernement face au fl\u00e9au de l\u2019int\u00e9grisme !<\/p>\n","protected":false},"excerpt":{"rendered":"<p>Librairie Espace d\u2019Art Mille Feuilles : deuxi\u00e8me menace en 36 h !<\/p>\n","protected":false},"author":3222,"featured_media":333815,"comment_status":"open","ping_status":"closed","sticky":false,"template":"","format":"standard","meta":{"footnotes":""},"categories":[44],"tags":[2600],"class_list":["post-172266","post","type-post","status-publish","format-standard","has-post-thumbnail","hentry","category-national","tag-guerre"],"yoast_head":"<!-- This site is optimized with the Yoast SEO Premium plugin v27.5 (Yoast SEO v27.5) - https:\/\/yoast.com\/product\/yoast-seo-premium-wordpress\/ -->\n<title>Librairie Espace d\u2019Art Mille Feuilles : deuxi\u00e8me menace en 36 h !<\/title>\n<meta name=\"description\" content=\"Librairie Espace d\u2019Art Mille Feuilles : deuxi\u00e8me menace en 36 h !\" \/>\n<link rel=\"canonical\" href=\"https:\/\/www.webdo.tn\/fr\/actualite\/national-45\/librairie-espace-d-art-mille-feuilles-deuxieme-menace-en-36-h\/172266\/\" \/>\n<meta property=\"og:locale\" content=\"fr_FR\" \/>\n<meta property=\"og:type\" content=\"article\" \/>\n<meta property=\"og:title\" content=\"Librairie Espace d\u2019Art Mille Feuilles : deuxi\u00e8me menace en 36 h !\" \/>\n<meta property=\"og:description\" content=\"Librairie Espace d\u2019Art Mille Feuilles : deuxi\u00e8me menace en 36 h !\" \/>\n<meta property=\"og:url\" content=\"https:\/\/www.webdo.tn\/fr\/actualite\/national-45\/librairie-espace-d-art-mille-feuilles-deuxieme-menace-en-36-h\/172266\/\" \/>\n<meta property=\"og:site_name\" content=\"webdo\" \/>\n<meta property=\"article:publisher\" content=\"https:\/\/www.facebook.com\/webdotn\" \/>\n<meta property=\"article:published_time\" content=\"2012-01-25T11:38:00+00:00\" \/>\n<meta property=\"og:image\" content=\"https:\/\/www.webdo.tn\/fr\/wp-content\/uploads\/2012\/01\/Femmes-au-bainpar-Jacques-Bonnet-photo-decitre.fr_.gif\" \/>\n\t<meta property=\"og:image:width\" content=\"202\" \/>\n\t<meta property=\"og:image:height\" content=\"238\" \/>\n\t<meta property=\"og:image:type\" content=\"image\/gif\" \/>\n<meta name=\"author\" content=\"webdo.tn\" \/>\n<meta name=\"twitter:card\" content=\"summary_large_image\" \/>\n<meta name=\"twitter:creator\" content=\"@webdo_tn\" \/>\n<meta name=\"twitter:site\" content=\"@webdo_tn\" \/>\n<meta name=\"twitter:label1\" content=\"\u00c9crit par\" \/>\n\t<meta name=\"twitter:data1\" content=\"webdo.tn\" \/>\n\t<meta name=\"twitter:label2\" content=\"Dur\u00e9e de lecture estim\u00e9e\" \/>\n\t<meta name=\"twitter:data2\" content=\"1 minute\" \/>\n<script type=\"application\/ld+json\" class=\"yoast-schema-graph\">{\"@context\":\"https:\\\/\\\/schema.org\",\"@graph\":[{\"@type\":\"NewsArticle\",\"@id\":\"https:\\\/\\\/www.webdo.tn\\\/fr\\\/actualite\\\/national-45\\\/librairie-espace-d-art-mille-feuilles-deuxieme-menace-en-36-h\\\/172266\\\/#article\",\"isPartOf\":{\"@id\":\"https:\\\/\\\/www.webdo.tn\\\/fr\\\/actualite\\\/national-45\\\/librairie-espace-d-art-mille-feuilles-deuxieme-menace-en-36-h\\\/172266\\\/\"},\"author\":{\"name\":\"webdo.tn\",\"@id\":\"https:\\\/\\\/www.webdo.tn\\\/fr\\\/#\\\/schema\\\/person\\\/9a9c6118d687c117df8ef3cc36a4d175\"},\"headline\":\"Librairie Espace d\u2019Art Mille Feuilles : deuxi\u00e8me menace en 36 h !\",\"datePublished\":\"2012-01-25T11:38:00+00:00\",\"mainEntityOfPage\":{\"@id\":\"https:\\\/\\\/www.webdo.tn\\\/fr\\\/actualite\\\/national-45\\\/librairie-espace-d-art-mille-feuilles-deuxieme-menace-en-36-h\\\/172266\\\/\"},\"wordCount\":319,\"commentCount\":0,\"publisher\":{\"@id\":\"https:\\\/\\\/www.webdo.tn\\\/fr\\\/#organization\"},\"image\":{\"@id\":\"https:\\\/\\\/www.webdo.tn\\\/fr\\\/actualite\\\/national-45\\\/librairie-espace-d-art-mille-feuilles-deuxieme-menace-en-36-h\\\/172266\\\/#primaryimage\"},\"thumbnailUrl\":\"https:\\\/\\\/www.webdo.tn\\\/fr\\\/wp-content\\\/uploads\\\/2012\\\/01\\\/Femmes-au-bainpar-Jacques-Bonnet-photo-decitre.fr_.gif\",\"keywords\":[\"guerre\"],\"articleSection\":[\"National\"],\"inLanguage\":\"fr-FR\"},{\"@type\":\"WebPage\",\"@id\":\"https:\\\/\\\/www.webdo.tn\\\/fr\\\/actualite\\\/national-45\\\/librairie-espace-d-art-mille-feuilles-deuxieme-menace-en-36-h\\\/172266\\\/\",\"url\":\"https:\\\/\\\/www.webdo.tn\\\/fr\\\/actualite\\\/national-45\\\/librairie-espace-d-art-mille-feuilles-deuxieme-menace-en-36-h\\\/172266\\\/\",\"name\":\"Librairie Espace d\u2019Art Mille Feuilles : deuxi\u00e8me menace en 36 h !\",\"isPartOf\":{\"@id\":\"https:\\\/\\\/www.webdo.tn\\\/fr\\\/#website\"},\"primaryImageOfPage\":{\"@id\":\"https:\\\/\\\/www.webdo.tn\\\/fr\\\/actualite\\\/national-45\\\/librairie-espace-d-art-mille-feuilles-deuxieme-menace-en-36-h\\\/172266\\\/#primaryimage\"},\"image\":{\"@id\":\"https:\\\/\\\/www.webdo.tn\\\/fr\\\/actualite\\\/national-45\\\/librairie-espace-d-art-mille-feuilles-deuxieme-menace-en-36-h\\\/172266\\\/#primaryimage\"},\"thumbnailUrl\":\"https:\\\/\\\/www.webdo.tn\\\/fr\\\/wp-content\\\/uploads\\\/2012\\\/01\\\/Femmes-au-bainpar-Jacques-Bonnet-photo-decitre.fr_.gif\",\"datePublished\":\"2012-01-25T11:38:00+00:00\",\"description\":\"Librairie Espace d\u2019Art Mille Feuilles : deuxi\u00e8me menace en 36 h !\",\"breadcrumb\":{\"@id\":\"https:\\\/\\\/www.webdo.tn\\\/fr\\\/actualite\\\/national-45\\\/librairie-espace-d-art-mille-feuilles-deuxieme-menace-en-36-h\\\/172266\\\/#breadcrumb\"},\"inLanguage\":\"fr-FR\",\"potentialAction\":[{\"@type\":\"ReadAction\",\"target\":[\"https:\\\/\\\/www.webdo.tn\\\/fr\\\/actualite\\\/national-45\\\/librairie-espace-d-art-mille-feuilles-deuxieme-menace-en-36-h\\\/172266\\\/\"]}]},{\"@type\":\"ImageObject\",\"inLanguage\":\"fr-FR\",\"@id\":\"https:\\\/\\\/www.webdo.tn\\\/fr\\\/actualite\\\/national-45\\\/librairie-espace-d-art-mille-feuilles-deuxieme-menace-en-36-h\\\/172266\\\/#primaryimage\",\"url\":\"https:\\\/\\\/www.webdo.tn\\\/fr\\\/wp-content\\\/uploads\\\/2012\\\/01\\\/Femmes-au-bainpar-Jacques-Bonnet-photo-decitre.fr_.gif\",\"contentUrl\":\"https:\\\/\\\/www.webdo.tn\\\/fr\\\/wp-content\\\/uploads\\\/2012\\\/01\\\/Femmes-au-bainpar-Jacques-Bonnet-photo-decitre.fr_.gif\",\"width\":202,\"height\":238,\"caption\":\"Librairie Espace d\u2019Art Mille Feuilles : deuxi\u00e8me menace en 36 h !\"},{\"@type\":\"BreadcrumbList\",\"@id\":\"https:\\\/\\\/www.webdo.tn\\\/fr\\\/actualite\\\/national-45\\\/librairie-espace-d-art-mille-feuilles-deuxieme-menace-en-36-h\\\/172266\\\/#breadcrumb\",\"itemListElement\":[{\"@type\":\"ListItem\",\"position\":1,\"name\":\"Accueil\",\"item\":\"https:\\\/\\\/www.webdo.tn\\\/fr\\\/\"},{\"@type\":\"ListItem\",\"position\":2,\"name\":\"Librairie Espace d\u2019Art Mille Feuilles : deuxi\u00e8me menace en 36 h !\"}]},{\"@type\":\"WebSite\",\"@id\":\"https:\\\/\\\/www.webdo.tn\\\/fr\\\/#website\",\"url\":\"https:\\\/\\\/www.webdo.tn\\\/fr\\\/\",\"name\":\"webdo\",\"description\":\"Tunisie - News en Tunisie et \u00e0 l&#039;international sur Webdo.tn\",\"publisher\":{\"@id\":\"https:\\\/\\\/www.webdo.tn\\\/fr\\\/#organization\"},\"potentialAction\":[{\"@type\":\"SearchAction\",\"target\":{\"@type\":\"EntryPoint\",\"urlTemplate\":\"https:\\\/\\\/www.webdo.tn\\\/fr\\\/?s={search_term_string}\"},\"query-input\":{\"@type\":\"PropertyValueSpecification\",\"valueRequired\":true,\"valueName\":\"search_term_string\"}}],\"inLanguage\":\"fr-FR\"},{\"@type\":\"Organization\",\"@id\":\"https:\\\/\\\/www.webdo.tn\\\/fr\\\/#organization\",\"name\":\"Webdo\",\"alternateName\":\"Webdo.tn\",\"url\":\"https:\\\/\\\/www.webdo.tn\\\/fr\\\/\",\"logo\":{\"@type\":\"ImageObject\",\"inLanguage\":\"fr-FR\",\"@id\":\"https:\\\/\\\/www.webdo.tn\\\/fr\\\/#\\\/schema\\\/logo\\\/image\\\/\",\"url\":\"https:\\\/\\\/www.webdo.tn\\\/fr\\\/wp-content\\\/uploads\\\/2025\\\/06\\\/Webdo-Tunisie_168377.jpg\",\"contentUrl\":\"https:\\\/\\\/www.webdo.tn\\\/fr\\\/wp-content\\\/uploads\\\/2025\\\/06\\\/Webdo-Tunisie_168377.jpg\",\"width\":301,\"height\":301,\"caption\":\"Webdo\"},\"image\":{\"@id\":\"https:\\\/\\\/www.webdo.tn\\\/fr\\\/#\\\/schema\\\/logo\\\/image\\\/\"},\"sameAs\":[\"https:\\\/\\\/www.facebook.com\\\/webdotn\",\"https:\\\/\\\/x.com\\\/webdo_tn\"],\"description\":\"Webdo est un m\u00e9dia num\u00e9rique tunisien fond\u00e9 en 2010, sp\u00e9cialis\u00e9 dans l\u2019actualit\u00e9 nationale et internationale, l\u2019\u00e9conomie, la soci\u00e9t\u00e9 et les analyses politiques. Le site s\u2019adresse \u00e0 un large public francophone et couvre l\u2019information tunisienne en temps r\u00e9el.\",\"email\":\"redac@webdo.tn\",\"legalName\":\"YNJ SARL\",\"foundingDate\":\"2010-09-06\",\"numberOfEmployees\":{\"@type\":\"QuantitativeValue\",\"minValue\":\"11\",\"maxValue\":\"50\"}},{\"@type\":\"Person\",\"@id\":\"https:\\\/\\\/www.webdo.tn\\\/fr\\\/#\\\/schema\\\/person\\\/9a9c6118d687c117df8ef3cc36a4d175\",\"name\":\"webdo.tn\",\"image\":{\"@type\":\"ImageObject\",\"inLanguage\":\"fr-FR\",\"@id\":\"https:\\\/\\\/secure.gravatar.com\\\/avatar\\\/7ce1f28c0c3bbac99ff550b85ef8e44a6950c6ee24514fb6a5489e51d06f0298?s=96&d=mm&r=g\",\"url\":\"https:\\\/\\\/secure.gravatar.com\\\/avatar\\\/7ce1f28c0c3bbac99ff550b85ef8e44a6950c6ee24514fb6a5489e51d06f0298?s=96&d=mm&r=g\",\"contentUrl\":\"https:\\\/\\\/secure.gravatar.com\\\/avatar\\\/7ce1f28c0c3bbac99ff550b85ef8e44a6950c6ee24514fb6a5489e51d06f0298?s=96&d=mm&r=g\",\"caption\":\"webdo.tn\"},\"url\":\"https:\\\/\\\/www.webdo.tn\\\/fr\\\/actualite\\\/author\\\/webdotn\\\/\"}]}<\/script>\n<!-- \/ Yoast SEO Premium plugin. -->","yoast_head_json":{"title":"Librairie Espace d\u2019Art Mille Feuilles : deuxi\u00e8me menace en 36 h !","description":"Librairie Espace d\u2019Art Mille Feuilles : deuxi\u00e8me menace en 36 h !","canonical":"https:\/\/www.webdo.tn\/fr\/actualite\/national-45\/librairie-espace-d-art-mille-feuilles-deuxieme-menace-en-36-h\/172266\/","og_locale":"fr_FR","og_type":"article","og_title":"Librairie Espace d\u2019Art Mille Feuilles : deuxi\u00e8me menace en 36 h !","og_description":"Librairie Espace d\u2019Art Mille Feuilles : deuxi\u00e8me menace en 36 h !","og_url":"https:\/\/www.webdo.tn\/fr\/actualite\/national-45\/librairie-espace-d-art-mille-feuilles-deuxieme-menace-en-36-h\/172266\/","og_site_name":"webdo","article_publisher":"https:\/\/www.facebook.com\/webdotn","article_published_time":"2012-01-25T11:38:00+00:00","og_image":[{"width":202,"height":238,"url":"https:\/\/www.webdo.tn\/fr\/wp-content\/uploads\/2012\/01\/Femmes-au-bainpar-Jacques-Bonnet-photo-decitre.fr_.gif","type":"image\/gif"}],"author":"webdo.tn","twitter_card":"summary_large_image","twitter_creator":"@webdo_tn","twitter_site":"@webdo_tn","twitter_misc":{"\u00c9crit par":"webdo.tn","Dur\u00e9e de lecture estim\u00e9e":"1 minute"},"schema":{"@context":"https:\/\/schema.org","@graph":[{"@type":"NewsArticle","@id":"https:\/\/www.webdo.tn\/fr\/actualite\/national-45\/librairie-espace-d-art-mille-feuilles-deuxieme-menace-en-36-h\/172266\/#article","isPartOf":{"@id":"https:\/\/www.webdo.tn\/fr\/actualite\/national-45\/librairie-espace-d-art-mille-feuilles-deuxieme-menace-en-36-h\/172266\/"},"author":{"name":"webdo.tn","@id":"https:\/\/www.webdo.tn\/fr\/#\/schema\/person\/9a9c6118d687c117df8ef3cc36a4d175"},"headline":"Librairie Espace d\u2019Art Mille Feuilles : deuxi\u00e8me menace en 36 h !","datePublished":"2012-01-25T11:38:00+00:00","mainEntityOfPage":{"@id":"https:\/\/www.webdo.tn\/fr\/actualite\/national-45\/librairie-espace-d-art-mille-feuilles-deuxieme-menace-en-36-h\/172266\/"},"wordCount":319,"commentCount":0,"publisher":{"@id":"https:\/\/www.webdo.tn\/fr\/#organization"},"image":{"@id":"https:\/\/www.webdo.tn\/fr\/actualite\/national-45\/librairie-espace-d-art-mille-feuilles-deuxieme-menace-en-36-h\/172266\/#primaryimage"},"thumbnailUrl":"https:\/\/www.webdo.tn\/fr\/wp-content\/uploads\/2012\/01\/Femmes-au-bainpar-Jacques-Bonnet-photo-decitre.fr_.gif","keywords":["guerre"],"articleSection":["National"],"inLanguage":"fr-FR"},{"@type":"WebPage","@id":"https:\/\/www.webdo.tn\/fr\/actualite\/national-45\/librairie-espace-d-art-mille-feuilles-deuxieme-menace-en-36-h\/172266\/","url":"https:\/\/www.webdo.tn\/fr\/actualite\/national-45\/librairie-espace-d-art-mille-feuilles-deuxieme-menace-en-36-h\/172266\/","name":"Librairie Espace d\u2019Art Mille Feuilles : deuxi\u00e8me menace en 36 h !","isPartOf":{"@id":"https:\/\/www.webdo.tn\/fr\/#website"},"primaryImageOfPage":{"@id":"https:\/\/www.webdo.tn\/fr\/actualite\/national-45\/librairie-espace-d-art-mille-feuilles-deuxieme-menace-en-36-h\/172266\/#primaryimage"},"image":{"@id":"https:\/\/www.webdo.tn\/fr\/actualite\/national-45\/librairie-espace-d-art-mille-feuilles-deuxieme-menace-en-36-h\/172266\/#primaryimage"},"thumbnailUrl":"https:\/\/www.webdo.tn\/fr\/wp-content\/uploads\/2012\/01\/Femmes-au-bainpar-Jacques-Bonnet-photo-decitre.fr_.gif","datePublished":"2012-01-25T11:38:00+00:00","description":"Librairie Espace d\u2019Art Mille Feuilles : deuxi\u00e8me menace en 36 h !","breadcrumb":{"@id":"https:\/\/www.webdo.tn\/fr\/actualite\/national-45\/librairie-espace-d-art-mille-feuilles-deuxieme-menace-en-36-h\/172266\/#breadcrumb"},"inLanguage":"fr-FR","potentialAction":[{"@type":"ReadAction","target":["https:\/\/www.webdo.tn\/fr\/actualite\/national-45\/librairie-espace-d-art-mille-feuilles-deuxieme-menace-en-36-h\/172266\/"]}]},{"@type":"ImageObject","inLanguage":"fr-FR","@id":"https:\/\/www.webdo.tn\/fr\/actualite\/national-45\/librairie-espace-d-art-mille-feuilles-deuxieme-menace-en-36-h\/172266\/#primaryimage","url":"https:\/\/www.webdo.tn\/fr\/wp-content\/uploads\/2012\/01\/Femmes-au-bainpar-Jacques-Bonnet-photo-decitre.fr_.gif","contentUrl":"https:\/\/www.webdo.tn\/fr\/wp-content\/uploads\/2012\/01\/Femmes-au-bainpar-Jacques-Bonnet-photo-decitre.fr_.gif","width":202,"height":238,"caption":"Librairie Espace d\u2019Art Mille Feuilles : deuxi\u00e8me menace en 36 h !"},{"@type":"BreadcrumbList","@id":"https:\/\/www.webdo.tn\/fr\/actualite\/national-45\/librairie-espace-d-art-mille-feuilles-deuxieme-menace-en-36-h\/172266\/#breadcrumb","itemListElement":[{"@type":"ListItem","position":1,"name":"Accueil","item":"https:\/\/www.webdo.tn\/fr\/"},{"@type":"ListItem","position":2,"name":"Librairie Espace d\u2019Art Mille Feuilles : deuxi\u00e8me menace en 36 h !"}]},{"@type":"WebSite","@id":"https:\/\/www.webdo.tn\/fr\/#website","url":"https:\/\/www.webdo.tn\/fr\/","name":"webdo","description":"Tunisie - News en Tunisie et \u00e0 l&#039;international sur Webdo.tn","publisher":{"@id":"https:\/\/www.webdo.tn\/fr\/#organization"},"potentialAction":[{"@type":"SearchAction","target":{"@type":"EntryPoint","urlTemplate":"https:\/\/www.webdo.tn\/fr\/?s={search_term_string}"},"query-input":{"@type":"PropertyValueSpecification","valueRequired":true,"valueName":"search_term_string"}}],"inLanguage":"fr-FR"},{"@type":"Organization","@id":"https:\/\/www.webdo.tn\/fr\/#organization","name":"Webdo","alternateName":"Webdo.tn","url":"https:\/\/www.webdo.tn\/fr\/","logo":{"@type":"ImageObject","inLanguage":"fr-FR","@id":"https:\/\/www.webdo.tn\/fr\/#\/schema\/logo\/image\/","url":"https:\/\/www.webdo.tn\/fr\/wp-content\/uploads\/2025\/06\/Webdo-Tunisie_168377.jpg","contentUrl":"https:\/\/www.webdo.tn\/fr\/wp-content\/uploads\/2025\/06\/Webdo-Tunisie_168377.jpg","width":301,"height":301,"caption":"Webdo"},"image":{"@id":"https:\/\/www.webdo.tn\/fr\/#\/schema\/logo\/image\/"},"sameAs":["https:\/\/www.facebook.com\/webdotn","https:\/\/x.com\/webdo_tn"],"description":"Webdo est un m\u00e9dia num\u00e9rique tunisien fond\u00e9 en 2010, sp\u00e9cialis\u00e9 dans l\u2019actualit\u00e9 nationale et internationale, l\u2019\u00e9conomie, la soci\u00e9t\u00e9 et les analyses politiques. Le site s\u2019adresse \u00e0 un large public francophone et couvre l\u2019information tunisienne en temps r\u00e9el.","email":"redac@webdo.tn","legalName":"YNJ SARL","foundingDate":"2010-09-06","numberOfEmployees":{"@type":"QuantitativeValue","minValue":"11","maxValue":"50"}},{"@type":"Person","@id":"https:\/\/www.webdo.tn\/fr\/#\/schema\/person\/9a9c6118d687c117df8ef3cc36a4d175","name":"webdo.tn","image":{"@type":"ImageObject","inLanguage":"fr-FR","@id":"https:\/\/secure.gravatar.com\/avatar\/7ce1f28c0c3bbac99ff550b85ef8e44a6950c6ee24514fb6a5489e51d06f0298?s=96&d=mm&r=g","url":"https:\/\/secure.gravatar.com\/avatar\/7ce1f28c0c3bbac99ff550b85ef8e44a6950c6ee24514fb6a5489e51d06f0298?s=96&d=mm&r=g","contentUrl":"https:\/\/secure.gravatar.com\/avatar\/7ce1f28c0c3bbac99ff550b85ef8e44a6950c6ee24514fb6a5489e51d06f0298?s=96&d=mm&r=g","caption":"webdo.tn"},"url":"https:\/\/www.webdo.tn\/fr\/actualite\/author\/webdotn\/"}]}},"_links":{"self":[{"href":"https:\/\/www.webdo.tn\/fr\/wp-json\/wp\/v2\/posts\/172266","targetHints":{"allow":["GET"]}}],"collection":[{"href":"https:\/\/www.webdo.tn\/fr\/wp-json\/wp\/v2\/posts"}],"about":[{"href":"https:\/\/www.webdo.tn\/fr\/wp-json\/wp\/v2\/types\/post"}],"author":[{"embeddable":true,"href":"https:\/\/www.webdo.tn\/fr\/wp-json\/wp\/v2\/users\/3222"}],"replies":[{"embeddable":true,"href":"https:\/\/www.webdo.tn\/fr\/wp-json\/wp\/v2\/comments?post=172266"}],"version-history":[{"count":0,"href":"https:\/\/www.webdo.tn\/fr\/wp-json\/wp\/v2\/posts\/172266\/revisions"}],"wp:featuredmedia":[{"embeddable":true,"href":"https:\/\/www.webdo.tn\/fr\/wp-json\/wp\/v2\/media\/333815"}],"wp:attachment":[{"href":"https:\/\/www.webdo.tn\/fr\/wp-json\/wp\/v2\/media?parent=172266"}],"wp:term":[{"taxonomy":"category","embeddable":true,"href":"https:\/\/www.webdo.tn\/fr\/wp-json\/wp\/v2\/categories?post=172266"},{"taxonomy":"post_tag","embeddable":true,"href":"https:\/\/www.webdo.tn\/fr\/wp-json\/wp\/v2\/tags?post=172266"}],"curies":[{"name":"wp","href":"https:\/\/api.w.org\/{rel}","templated":true}]}}