{"id":172265,"date":"2012-01-25T13:05:00","date_gmt":"2012-01-25T13:05:00","guid":{"rendered":"https:\/\/www.webdo.tn\/fr\/blog\/chokri-belaid-poursuit-en-justice-ali-laareydh-pour-complicite-de-violence\/172265\/"},"modified":"2012-01-25T13:05:00","modified_gmt":"2012-01-25T13:05:00","slug":"chokri-belaid-poursuit-en-justice-ali-laareydh-pour-complicite-de-violence","status":"publish","type":"post","link":"https:\/\/www.webdo.tn\/fr\/actualite\/national\/chokri-belaid-poursuit-en-justice-ali-laareydh-pour-complicite-de-violence\/172265\/","title":{"rendered":"Chokri Belaid poursuit en justice Ali La\u00e2reydh pour \u00ab\u00a0complicit\u00e9 de violence\u00a0\u00bb"},"content":{"rendered":"<p>Le Secr\u00e9taire g\u00e9n\u00e9ral du Mouvement des Patriotes D\u00e9mocrates, Chokri Belaid, engagera une poursuite judiciaire contre le ministre de l&rsquo;Int\u00e9rieur Ali La\u00e2reydh, qu&rsquo;il accuse de  \u00ab\u00a0complicit\u00e9 de violence\u00a0\u00bb.<\/p>\n<p>Lundi dernier, lors du proc\u00e8s de Nessma, des sc\u00e8nes de violences, morales et physiques, ont \u00e9clat\u00e9 devant le tribunal. Des groupes de personnes, majoritairement barbues, qui voient en l&rsquo;affaire Nessma un plan nuisant \u00e0 l&rsquo;Islam, ont menac\u00e9 et attaqu\u00e9 plusieurs personnalit\u00e9s politiques et des journalistes. La vid\u00e9o de l&rsquo;agression de Zied Krichen et Hamadi Redissi a fait, d&rsquo;ailleurs, grand bruit sur les r\u00e9seaux sociaux.<\/p>\n<p>Pr\u00e9sent ce jour-l\u00e0 devant le tribunal, Chokri Belaid n&rsquo;a pas \u00e9chapp\u00e9 aux insultes et menaces graves. Il a d\u00e9nonc\u00e9, sur Mosaique FM, la passivit\u00e9 incroyable des agents de s\u00fbret\u00e9. Sur les colonnes d&rsquo;Assabah, il a soulign\u00e9 qu&rsquo;il a, en compagnie de nombre d&rsquo;avocats, appel\u00e9 au t\u00e9l\u00e9phone le ministre de l&rsquo;Int\u00e9rieur, mais que ce dernier n&rsquo;a pas daign\u00e9 r\u00e9pondre et a laiss\u00e9 le climat d&rsquo;ins\u00e9curit\u00e9 s&rsquo;aggraver.<\/p>\n<p>Apr\u00e8s l&rsquo;affaire du limogeage-promotion de Moncef L\u00e2ajimi, le d\u00e9but de mandat de L\u00e2areydh \u00e0 la t\u00eate du MI n&rsquo;est pas de tout repos.<\/p>\n","protected":false},"excerpt":{"rendered":"<p>Chokri Belaid poursuit en justice Ali La\u00e2reydh pour  complicit\u00e9 de violence<\/p>\n","protected":false},"author":3222,"featured_media":333814,"comment_status":"open","ping_status":"closed","sticky":false,"template":"","format":"standard","meta":{"footnotes":""},"categories":[44],"tags":[2600],"class_list":["post-172265","post","type-post","status-publish","format-standard","has-post-thumbnail","hentry","category-national","tag-guerre"],"yoast_head":"<!-- This site is optimized with the Yoast SEO Premium plugin v27.5 (Yoast SEO v27.5) - https:\/\/yoast.com\/product\/yoast-seo-premium-wordpress\/ -->\n<title>Chokri Belaid poursuit en justice Ali La\u00e2reydh pour complicit\u00e9 de violence<\/title>\n<meta name=\"description\" content=\"Chokri Belaid poursuit en justice Ali La\u00e2reydh pour complicit\u00e9 de violence\" \/>\n<link rel=\"canonical\" href=\"https:\/\/www.webdo.tn\/fr\/actualite\/national-45\/chokri-belaid-poursuit-en-justice-ali-laareydh-pour-complicite-de-violence\/172265\/\" \/>\n<meta property=\"og:locale\" content=\"fr_FR\" \/>\n<meta property=\"og:type\" content=\"article\" \/>\n<meta property=\"og:title\" content=\"Chokri Belaid poursuit en justice Ali La\u00e2reydh pour &quot;complicit\u00e9 de violence&quot;\" \/>\n<meta property=\"og:description\" content=\"Chokri Belaid poursuit en justice Ali La\u00e2reydh pour complicit\u00e9 de violence\" \/>\n<meta property=\"og:url\" content=\"https:\/\/www.webdo.tn\/fr\/actualite\/national-45\/chokri-belaid-poursuit-en-justice-ali-laareydh-pour-complicite-de-violence\/172265\/\" \/>\n<meta property=\"og:site_name\" content=\"webdo\" \/>\n<meta property=\"article:publisher\" content=\"https:\/\/www.facebook.com\/webdotn\" \/>\n<meta property=\"article:published_time\" content=\"2012-01-25T13:05:00+00:00\" \/>\n<meta property=\"og:image\" content=\"https:\/\/www.webdo.tn\/fr\/wp-content\/uploads\/2012\/01\/chokri-150x150-1.jpg\" \/>\n\t<meta property=\"og:image:width\" content=\"150\" \/>\n\t<meta property=\"og:image:height\" content=\"150\" \/>\n\t<meta property=\"og:image:type\" content=\"image\/jpeg\" \/>\n<meta name=\"author\" content=\"webdo.tn\" \/>\n<meta name=\"twitter:card\" content=\"summary_large_image\" \/>\n<meta name=\"twitter:creator\" content=\"@webdo_tn\" \/>\n<meta name=\"twitter:site\" content=\"@webdo_tn\" \/>\n<meta name=\"twitter:label1\" content=\"\u00c9crit par\" \/>\n\t<meta name=\"twitter:data1\" content=\"webdo.tn\" \/>\n\t<meta name=\"twitter:label2\" content=\"Dur\u00e9e de lecture estim\u00e9e\" \/>\n\t<meta name=\"twitter:data2\" content=\"1 minute\" \/>\n<script type=\"application\/ld+json\" class=\"yoast-schema-graph\">{\"@context\":\"https:\\\/\\\/schema.org\",\"@graph\":[{\"@type\":\"NewsArticle\",\"@id\":\"https:\\\/\\\/www.webdo.tn\\\/fr\\\/actualite\\\/national-45\\\/chokri-belaid-poursuit-en-justice-ali-laareydh-pour-complicite-de-violence\\\/172265\\\/#article\",\"isPartOf\":{\"@id\":\"https:\\\/\\\/www.webdo.tn\\\/fr\\\/actualite\\\/national-45\\\/chokri-belaid-poursuit-en-justice-ali-laareydh-pour-complicite-de-violence\\\/172265\\\/\"},\"author\":{\"name\":\"webdo.tn\",\"@id\":\"https:\\\/\\\/www.webdo.tn\\\/fr\\\/#\\\/schema\\\/person\\\/9a9c6118d687c117df8ef3cc36a4d175\"},\"headline\":\"Chokri Belaid poursuit en justice Ali La\u00e2reydh pour \u00ab\u00a0complicit\u00e9 de violence\u00a0\u00bb\",\"datePublished\":\"2012-01-25T13:05:00+00:00\",\"mainEntityOfPage\":{\"@id\":\"https:\\\/\\\/www.webdo.tn\\\/fr\\\/actualite\\\/national-45\\\/chokri-belaid-poursuit-en-justice-ali-laareydh-pour-complicite-de-violence\\\/172265\\\/\"},\"wordCount\":229,\"commentCount\":0,\"publisher\":{\"@id\":\"https:\\\/\\\/www.webdo.tn\\\/fr\\\/#organization\"},\"image\":{\"@id\":\"https:\\\/\\\/www.webdo.tn\\\/fr\\\/actualite\\\/national-45\\\/chokri-belaid-poursuit-en-justice-ali-laareydh-pour-complicite-de-violence\\\/172265\\\/#primaryimage\"},\"thumbnailUrl\":\"https:\\\/\\\/www.webdo.tn\\\/fr\\\/wp-content\\\/uploads\\\/2012\\\/01\\\/chokri-150x150-1.jpg\",\"keywords\":[\"guerre\"],\"articleSection\":[\"National\"],\"inLanguage\":\"fr-FR\"},{\"@type\":\"WebPage\",\"@id\":\"https:\\\/\\\/www.webdo.tn\\\/fr\\\/actualite\\\/national-45\\\/chokri-belaid-poursuit-en-justice-ali-laareydh-pour-complicite-de-violence\\\/172265\\\/\",\"url\":\"https:\\\/\\\/www.webdo.tn\\\/fr\\\/actualite\\\/national-45\\\/chokri-belaid-poursuit-en-justice-ali-laareydh-pour-complicite-de-violence\\\/172265\\\/\",\"name\":\"Chokri Belaid poursuit en justice Ali La\u00e2reydh pour complicit\u00e9 de violence\",\"isPartOf\":{\"@id\":\"https:\\\/\\\/www.webdo.tn\\\/fr\\\/#website\"},\"primaryImageOfPage\":{\"@id\":\"https:\\\/\\\/www.webdo.tn\\\/fr\\\/actualite\\\/national-45\\\/chokri-belaid-poursuit-en-justice-ali-laareydh-pour-complicite-de-violence\\\/172265\\\/#primaryimage\"},\"image\":{\"@id\":\"https:\\\/\\\/www.webdo.tn\\\/fr\\\/actualite\\\/national-45\\\/chokri-belaid-poursuit-en-justice-ali-laareydh-pour-complicite-de-violence\\\/172265\\\/#primaryimage\"},\"thumbnailUrl\":\"https:\\\/\\\/www.webdo.tn\\\/fr\\\/wp-content\\\/uploads\\\/2012\\\/01\\\/chokri-150x150-1.jpg\",\"datePublished\":\"2012-01-25T13:05:00+00:00\",\"description\":\"Chokri Belaid poursuit en justice Ali La\u00e2reydh pour complicit\u00e9 de violence\",\"breadcrumb\":{\"@id\":\"https:\\\/\\\/www.webdo.tn\\\/fr\\\/actualite\\\/national-45\\\/chokri-belaid-poursuit-en-justice-ali-laareydh-pour-complicite-de-violence\\\/172265\\\/#breadcrumb\"},\"inLanguage\":\"fr-FR\",\"potentialAction\":[{\"@type\":\"ReadAction\",\"target\":[\"https:\\\/\\\/www.webdo.tn\\\/fr\\\/actualite\\\/national-45\\\/chokri-belaid-poursuit-en-justice-ali-laareydh-pour-complicite-de-violence\\\/172265\\\/\"]}]},{\"@type\":\"ImageObject\",\"inLanguage\":\"fr-FR\",\"@id\":\"https:\\\/\\\/www.webdo.tn\\\/fr\\\/actualite\\\/national-45\\\/chokri-belaid-poursuit-en-justice-ali-laareydh-pour-complicite-de-violence\\\/172265\\\/#primaryimage\",\"url\":\"https:\\\/\\\/www.webdo.tn\\\/fr\\\/wp-content\\\/uploads\\\/2012\\\/01\\\/chokri-150x150-1.jpg\",\"contentUrl\":\"https:\\\/\\\/www.webdo.tn\\\/fr\\\/wp-content\\\/uploads\\\/2012\\\/01\\\/chokri-150x150-1.jpg\",\"width\":150,\"height\":150,\"caption\":\"Chokri Belaid poursuit en justice Ali La\u00e2reydh pour \\\"complicit\u00e9 de violence\\\"\"},{\"@type\":\"BreadcrumbList\",\"@id\":\"https:\\\/\\\/www.webdo.tn\\\/fr\\\/actualite\\\/national-45\\\/chokri-belaid-poursuit-en-justice-ali-laareydh-pour-complicite-de-violence\\\/172265\\\/#breadcrumb\",\"itemListElement\":[{\"@type\":\"ListItem\",\"position\":1,\"name\":\"Accueil\",\"item\":\"https:\\\/\\\/www.webdo.tn\\\/fr\\\/\"},{\"@type\":\"ListItem\",\"position\":2,\"name\":\"Chokri Belaid poursuit en justice Ali La\u00e2reydh pour \u00ab\u00a0complicit\u00e9 de violence\u00a0\u00bb\"}]},{\"@type\":\"WebSite\",\"@id\":\"https:\\\/\\\/www.webdo.tn\\\/fr\\\/#website\",\"url\":\"https:\\\/\\\/www.webdo.tn\\\/fr\\\/\",\"name\":\"webdo\",\"description\":\"Tunisie - News en Tunisie et \u00e0 l&#039;international sur Webdo.tn\",\"publisher\":{\"@id\":\"https:\\\/\\\/www.webdo.tn\\\/fr\\\/#organization\"},\"potentialAction\":[{\"@type\":\"SearchAction\",\"target\":{\"@type\":\"EntryPoint\",\"urlTemplate\":\"https:\\\/\\\/www.webdo.tn\\\/fr\\\/?s={search_term_string}\"},\"query-input\":{\"@type\":\"PropertyValueSpecification\",\"valueRequired\":true,\"valueName\":\"search_term_string\"}}],\"inLanguage\":\"fr-FR\"},{\"@type\":\"Organization\",\"@id\":\"https:\\\/\\\/www.webdo.tn\\\/fr\\\/#organization\",\"name\":\"Webdo\",\"alternateName\":\"Webdo.tn\",\"url\":\"https:\\\/\\\/www.webdo.tn\\\/fr\\\/\",\"logo\":{\"@type\":\"ImageObject\",\"inLanguage\":\"fr-FR\",\"@id\":\"https:\\\/\\\/www.webdo.tn\\\/fr\\\/#\\\/schema\\\/logo\\\/image\\\/\",\"url\":\"https:\\\/\\\/www.webdo.tn\\\/fr\\\/wp-content\\\/uploads\\\/2025\\\/06\\\/Webdo-Tunisie_168377.jpg\",\"contentUrl\":\"https:\\\/\\\/www.webdo.tn\\\/fr\\\/wp-content\\\/uploads\\\/2025\\\/06\\\/Webdo-Tunisie_168377.jpg\",\"width\":301,\"height\":301,\"caption\":\"Webdo\"},\"image\":{\"@id\":\"https:\\\/\\\/www.webdo.tn\\\/fr\\\/#\\\/schema\\\/logo\\\/image\\\/\"},\"sameAs\":[\"https:\\\/\\\/www.facebook.com\\\/webdotn\",\"https:\\\/\\\/x.com\\\/webdo_tn\"],\"description\":\"Webdo est un m\u00e9dia num\u00e9rique tunisien fond\u00e9 en 2010, sp\u00e9cialis\u00e9 dans l\u2019actualit\u00e9 nationale et internationale, l\u2019\u00e9conomie, la soci\u00e9t\u00e9 et les analyses politiques. Le site s\u2019adresse \u00e0 un large public francophone et couvre l\u2019information tunisienne en temps r\u00e9el.\",\"email\":\"redac@webdo.tn\",\"legalName\":\"YNJ SARL\",\"foundingDate\":\"2010-09-06\",\"numberOfEmployees\":{\"@type\":\"QuantitativeValue\",\"minValue\":\"11\",\"maxValue\":\"50\"}},{\"@type\":\"Person\",\"@id\":\"https:\\\/\\\/www.webdo.tn\\\/fr\\\/#\\\/schema\\\/person\\\/9a9c6118d687c117df8ef3cc36a4d175\",\"name\":\"webdo.tn\",\"image\":{\"@type\":\"ImageObject\",\"inLanguage\":\"fr-FR\",\"@id\":\"https:\\\/\\\/secure.gravatar.com\\\/avatar\\\/7ce1f28c0c3bbac99ff550b85ef8e44a6950c6ee24514fb6a5489e51d06f0298?s=96&d=mm&r=g\",\"url\":\"https:\\\/\\\/secure.gravatar.com\\\/avatar\\\/7ce1f28c0c3bbac99ff550b85ef8e44a6950c6ee24514fb6a5489e51d06f0298?s=96&d=mm&r=g\",\"contentUrl\":\"https:\\\/\\\/secure.gravatar.com\\\/avatar\\\/7ce1f28c0c3bbac99ff550b85ef8e44a6950c6ee24514fb6a5489e51d06f0298?s=96&d=mm&r=g\",\"caption\":\"webdo.tn\"},\"url\":\"https:\\\/\\\/www.webdo.tn\\\/fr\\\/actualite\\\/author\\\/webdotn\\\/\"}]}<\/script>\n<!-- \/ Yoast SEO Premium plugin. -->","yoast_head_json":{"title":"Chokri Belaid poursuit en justice Ali La\u00e2reydh pour complicit\u00e9 de violence","description":"Chokri Belaid poursuit en justice Ali La\u00e2reydh pour complicit\u00e9 de violence","canonical":"https:\/\/www.webdo.tn\/fr\/actualite\/national-45\/chokri-belaid-poursuit-en-justice-ali-laareydh-pour-complicite-de-violence\/172265\/","og_locale":"fr_FR","og_type":"article","og_title":"Chokri Belaid poursuit en justice Ali La\u00e2reydh pour \"complicit\u00e9 de violence\"","og_description":"Chokri Belaid poursuit en justice Ali La\u00e2reydh pour complicit\u00e9 de violence","og_url":"https:\/\/www.webdo.tn\/fr\/actualite\/national-45\/chokri-belaid-poursuit-en-justice-ali-laareydh-pour-complicite-de-violence\/172265\/","og_site_name":"webdo","article_publisher":"https:\/\/www.facebook.com\/webdotn","article_published_time":"2012-01-25T13:05:00+00:00","og_image":[{"width":150,"height":150,"url":"https:\/\/www.webdo.tn\/fr\/wp-content\/uploads\/2012\/01\/chokri-150x150-1.jpg","type":"image\/jpeg"}],"author":"webdo.tn","twitter_card":"summary_large_image","twitter_creator":"@webdo_tn","twitter_site":"@webdo_tn","twitter_misc":{"\u00c9crit par":"webdo.tn","Dur\u00e9e de lecture estim\u00e9e":"1 minute"},"schema":{"@context":"https:\/\/schema.org","@graph":[{"@type":"NewsArticle","@id":"https:\/\/www.webdo.tn\/fr\/actualite\/national-45\/chokri-belaid-poursuit-en-justice-ali-laareydh-pour-complicite-de-violence\/172265\/#article","isPartOf":{"@id":"https:\/\/www.webdo.tn\/fr\/actualite\/national-45\/chokri-belaid-poursuit-en-justice-ali-laareydh-pour-complicite-de-violence\/172265\/"},"author":{"name":"webdo.tn","@id":"https:\/\/www.webdo.tn\/fr\/#\/schema\/person\/9a9c6118d687c117df8ef3cc36a4d175"},"headline":"Chokri Belaid poursuit en justice Ali La\u00e2reydh pour \u00ab\u00a0complicit\u00e9 de violence\u00a0\u00bb","datePublished":"2012-01-25T13:05:00+00:00","mainEntityOfPage":{"@id":"https:\/\/www.webdo.tn\/fr\/actualite\/national-45\/chokri-belaid-poursuit-en-justice-ali-laareydh-pour-complicite-de-violence\/172265\/"},"wordCount":229,"commentCount":0,"publisher":{"@id":"https:\/\/www.webdo.tn\/fr\/#organization"},"image":{"@id":"https:\/\/www.webdo.tn\/fr\/actualite\/national-45\/chokri-belaid-poursuit-en-justice-ali-laareydh-pour-complicite-de-violence\/172265\/#primaryimage"},"thumbnailUrl":"https:\/\/www.webdo.tn\/fr\/wp-content\/uploads\/2012\/01\/chokri-150x150-1.jpg","keywords":["guerre"],"articleSection":["National"],"inLanguage":"fr-FR"},{"@type":"WebPage","@id":"https:\/\/www.webdo.tn\/fr\/actualite\/national-45\/chokri-belaid-poursuit-en-justice-ali-laareydh-pour-complicite-de-violence\/172265\/","url":"https:\/\/www.webdo.tn\/fr\/actualite\/national-45\/chokri-belaid-poursuit-en-justice-ali-laareydh-pour-complicite-de-violence\/172265\/","name":"Chokri Belaid poursuit en justice Ali La\u00e2reydh pour complicit\u00e9 de violence","isPartOf":{"@id":"https:\/\/www.webdo.tn\/fr\/#website"},"primaryImageOfPage":{"@id":"https:\/\/www.webdo.tn\/fr\/actualite\/national-45\/chokri-belaid-poursuit-en-justice-ali-laareydh-pour-complicite-de-violence\/172265\/#primaryimage"},"image":{"@id":"https:\/\/www.webdo.tn\/fr\/actualite\/national-45\/chokri-belaid-poursuit-en-justice-ali-laareydh-pour-complicite-de-violence\/172265\/#primaryimage"},"thumbnailUrl":"https:\/\/www.webdo.tn\/fr\/wp-content\/uploads\/2012\/01\/chokri-150x150-1.jpg","datePublished":"2012-01-25T13:05:00+00:00","description":"Chokri Belaid poursuit en justice Ali La\u00e2reydh pour complicit\u00e9 de violence","breadcrumb":{"@id":"https:\/\/www.webdo.tn\/fr\/actualite\/national-45\/chokri-belaid-poursuit-en-justice-ali-laareydh-pour-complicite-de-violence\/172265\/#breadcrumb"},"inLanguage":"fr-FR","potentialAction":[{"@type":"ReadAction","target":["https:\/\/www.webdo.tn\/fr\/actualite\/national-45\/chokri-belaid-poursuit-en-justice-ali-laareydh-pour-complicite-de-violence\/172265\/"]}]},{"@type":"ImageObject","inLanguage":"fr-FR","@id":"https:\/\/www.webdo.tn\/fr\/actualite\/national-45\/chokri-belaid-poursuit-en-justice-ali-laareydh-pour-complicite-de-violence\/172265\/#primaryimage","url":"https:\/\/www.webdo.tn\/fr\/wp-content\/uploads\/2012\/01\/chokri-150x150-1.jpg","contentUrl":"https:\/\/www.webdo.tn\/fr\/wp-content\/uploads\/2012\/01\/chokri-150x150-1.jpg","width":150,"height":150,"caption":"Chokri Belaid poursuit en justice Ali La\u00e2reydh pour \"complicit\u00e9 de violence\""},{"@type":"BreadcrumbList","@id":"https:\/\/www.webdo.tn\/fr\/actualite\/national-45\/chokri-belaid-poursuit-en-justice-ali-laareydh-pour-complicite-de-violence\/172265\/#breadcrumb","itemListElement":[{"@type":"ListItem","position":1,"name":"Accueil","item":"https:\/\/www.webdo.tn\/fr\/"},{"@type":"ListItem","position":2,"name":"Chokri Belaid poursuit en justice Ali La\u00e2reydh pour \u00ab\u00a0complicit\u00e9 de violence\u00a0\u00bb"}]},{"@type":"WebSite","@id":"https:\/\/www.webdo.tn\/fr\/#website","url":"https:\/\/www.webdo.tn\/fr\/","name":"webdo","description":"Tunisie - News en Tunisie et \u00e0 l&#039;international sur Webdo.tn","publisher":{"@id":"https:\/\/www.webdo.tn\/fr\/#organization"},"potentialAction":[{"@type":"SearchAction","target":{"@type":"EntryPoint","urlTemplate":"https:\/\/www.webdo.tn\/fr\/?s={search_term_string}"},"query-input":{"@type":"PropertyValueSpecification","valueRequired":true,"valueName":"search_term_string"}}],"inLanguage":"fr-FR"},{"@type":"Organization","@id":"https:\/\/www.webdo.tn\/fr\/#organization","name":"Webdo","alternateName":"Webdo.tn","url":"https:\/\/www.webdo.tn\/fr\/","logo":{"@type":"ImageObject","inLanguage":"fr-FR","@id":"https:\/\/www.webdo.tn\/fr\/#\/schema\/logo\/image\/","url":"https:\/\/www.webdo.tn\/fr\/wp-content\/uploads\/2025\/06\/Webdo-Tunisie_168377.jpg","contentUrl":"https:\/\/www.webdo.tn\/fr\/wp-content\/uploads\/2025\/06\/Webdo-Tunisie_168377.jpg","width":301,"height":301,"caption":"Webdo"},"image":{"@id":"https:\/\/www.webdo.tn\/fr\/#\/schema\/logo\/image\/"},"sameAs":["https:\/\/www.facebook.com\/webdotn","https:\/\/x.com\/webdo_tn"],"description":"Webdo est un m\u00e9dia num\u00e9rique tunisien fond\u00e9 en 2010, sp\u00e9cialis\u00e9 dans l\u2019actualit\u00e9 nationale et internationale, l\u2019\u00e9conomie, la soci\u00e9t\u00e9 et les analyses politiques. Le site s\u2019adresse \u00e0 un large public francophone et couvre l\u2019information tunisienne en temps r\u00e9el.","email":"redac@webdo.tn","legalName":"YNJ SARL","foundingDate":"2010-09-06","numberOfEmployees":{"@type":"QuantitativeValue","minValue":"11","maxValue":"50"}},{"@type":"Person","@id":"https:\/\/www.webdo.tn\/fr\/#\/schema\/person\/9a9c6118d687c117df8ef3cc36a4d175","name":"webdo.tn","image":{"@type":"ImageObject","inLanguage":"fr-FR","@id":"https:\/\/secure.gravatar.com\/avatar\/7ce1f28c0c3bbac99ff550b85ef8e44a6950c6ee24514fb6a5489e51d06f0298?s=96&d=mm&r=g","url":"https:\/\/secure.gravatar.com\/avatar\/7ce1f28c0c3bbac99ff550b85ef8e44a6950c6ee24514fb6a5489e51d06f0298?s=96&d=mm&r=g","contentUrl":"https:\/\/secure.gravatar.com\/avatar\/7ce1f28c0c3bbac99ff550b85ef8e44a6950c6ee24514fb6a5489e51d06f0298?s=96&d=mm&r=g","caption":"webdo.tn"},"url":"https:\/\/www.webdo.tn\/fr\/actualite\/author\/webdotn\/"}]}},"_links":{"self":[{"href":"https:\/\/www.webdo.tn\/fr\/wp-json\/wp\/v2\/posts\/172265","targetHints":{"allow":["GET"]}}],"collection":[{"href":"https:\/\/www.webdo.tn\/fr\/wp-json\/wp\/v2\/posts"}],"about":[{"href":"https:\/\/www.webdo.tn\/fr\/wp-json\/wp\/v2\/types\/post"}],"author":[{"embeddable":true,"href":"https:\/\/www.webdo.tn\/fr\/wp-json\/wp\/v2\/users\/3222"}],"replies":[{"embeddable":true,"href":"https:\/\/www.webdo.tn\/fr\/wp-json\/wp\/v2\/comments?post=172265"}],"version-history":[{"count":0,"href":"https:\/\/www.webdo.tn\/fr\/wp-json\/wp\/v2\/posts\/172265\/revisions"}],"wp:featuredmedia":[{"embeddable":true,"href":"https:\/\/www.webdo.tn\/fr\/wp-json\/wp\/v2\/media\/333814"}],"wp:attachment":[{"href":"https:\/\/www.webdo.tn\/fr\/wp-json\/wp\/v2\/media?parent=172265"}],"wp:term":[{"taxonomy":"category","embeddable":true,"href":"https:\/\/www.webdo.tn\/fr\/wp-json\/wp\/v2\/categories?post=172265"},{"taxonomy":"post_tag","embeddable":true,"href":"https:\/\/www.webdo.tn\/fr\/wp-json\/wp\/v2\/tags?post=172265"}],"curies":[{"name":"wp","href":"https:\/\/api.w.org\/{rel}","templated":true}]}}