{"id":172264,"date":"2012-01-25T21:48:00","date_gmt":"2012-01-25T21:48:00","guid":{"rendered":"https:\/\/www.webdo.tn\/fr\/blog\/affaire-sadok-chourou-les-excuses-peuvent-elles-annuler-la-plainte-des-avocats\/172264\/"},"modified":"2012-01-25T21:48:00","modified_gmt":"2012-01-25T21:48:00","slug":"affaire-sadok-chourou-les-excuses-peuvent-elles-annuler-la-plainte-des-avocats","status":"publish","type":"post","link":"https:\/\/www.webdo.tn\/fr\/actualite\/national\/affaire-sadok-chourou-les-excuses-peuvent-elles-annuler-la-plainte-des-avocats\/172264\/","title":{"rendered":"Affaire Sadok Chourou : les excuses peuvent-elles annuler la plainte des avocats?"},"content":{"rendered":"<p>L\u2019intervention de Sadok Chourou \u00e0 l\u2019ANC continue \u00e0 faire des remous. Les propos du d\u00e9put\u00e9 du mouvement Ennahdha s\u2019apparentent  \u00e0 une fatwa appelant \u00e0 la violence  contre les sit-ineurs, les contestataires et les gr\u00e9vistes. Cette intervention qui ne fait qu\u2019\u00e9tayer le double langage du premier parti politique a \u00e9t\u00e9 tr\u00e8s mal accueillie par une bonne partie de la population. M\u00eame Ajmi Lourimi, membre du bureau politique d\u2019Ennahdha, a jug\u00e9 les propos \u00ab d\u00e9plac\u00e9s qui n\u2019expriment pas la position officielle du mouvement \u00bb.<\/p>\n<p>En r\u00e9action aux propos de Sadok Chourou, une dizaine d\u2019avocats se sont r\u00e9unis pour porter plainte. Celle-ci n\u2019a pas finalement abouti, et ce, pour deux raisons : d\u2019une part certains consid\u00e8rent qu\u2019il est inutile de mettre encore de l\u2019huile sur le feu dans une situation de plus en plus d\u00e9l\u00e9t\u00e8re, d\u2019autre part les \u00e9chos relatifs aux excuses que Sadok Chourou feraient demain \u00e0 l\u2019ANC ont conduit les avocats \u00e0 se r\u00e9tracter.<\/p>\n<p>Quoiqu\u2019il en soit, face \u00e0 des attitudes d\u2019une telle gravit\u00e9, beaucoup estiment qu\u2019il ne faut pas se taire, jugeant que \u00ab le silence \u00e9quivaut \u00e0 une capitulation. \u00bb Quant au parti d\u2019Ennahdha, il se trouve de plus en plus dans une position critique et inconfortable, et au rythme o\u00f9 vont les affaires,  la n\u00e9cessit\u00e9 de mettre les choses au clair, et d\u2019en finir avec les discours flous et ambigus devient imp\u00e9rieuse.<\/p>\n","protected":false},"excerpt":{"rendered":"<p>Affaire Sadok Chourou : les excuses peuvent-elles annuler la plainte des avocats?<\/p>\n","protected":false},"author":3222,"featured_media":333813,"comment_status":"open","ping_status":"closed","sticky":false,"template":"","format":"standard","meta":{"footnotes":""},"categories":[44],"tags":[2600],"class_list":["post-172264","post","type-post","status-publish","format-standard","has-post-thumbnail","hentry","category-national","tag-guerre"],"yoast_head":"<!-- This site is optimized with the Yoast SEO Premium plugin v27.5 (Yoast SEO v27.5) - https:\/\/yoast.com\/product\/yoast-seo-premium-wordpress\/ -->\n<title>Affaire Sadok Chourou : les excuses peuvent-elles annuler la plainte des avocats?<\/title>\n<meta name=\"description\" content=\"Affaire Sadok Chourou : les excuses peuvent-elles annuler la plainte des avocats?\" \/>\n<link rel=\"canonical\" href=\"https:\/\/www.webdo.tn\/fr\/actualite\/national-45\/affaire-sadok-chourou-les-excuses-peuvent-elles-annuler-la-plainte-des-avocats\/172264\/\" \/>\n<meta property=\"og:locale\" content=\"fr_FR\" \/>\n<meta property=\"og:type\" content=\"article\" \/>\n<meta property=\"og:title\" content=\"Affaire Sadok Chourou : les excuses peuvent-elles annuler la plainte des avocats?\" \/>\n<meta property=\"og:description\" content=\"Affaire Sadok Chourou : les excuses peuvent-elles annuler la plainte des avocats?\" \/>\n<meta property=\"og:url\" content=\"https:\/\/www.webdo.tn\/fr\/actualite\/national-45\/affaire-sadok-chourou-les-excuses-peuvent-elles-annuler-la-plainte-des-avocats\/172264\/\" \/>\n<meta property=\"og:site_name\" content=\"webdo\" \/>\n<meta property=\"article:publisher\" content=\"https:\/\/www.facebook.com\/webdotn\" \/>\n<meta property=\"article:published_time\" content=\"2012-01-25T21:48:00+00:00\" \/>\n<meta property=\"og:image\" content=\"https:\/\/www.webdo.tn\/fr\/wp-content\/uploads\/2012\/01\/sadok-150x150-1.jpg\" \/>\n\t<meta property=\"og:image:width\" content=\"150\" \/>\n\t<meta property=\"og:image:height\" content=\"150\" \/>\n\t<meta property=\"og:image:type\" content=\"image\/jpeg\" \/>\n<meta name=\"author\" content=\"webdo.tn\" \/>\n<meta name=\"twitter:card\" content=\"summary_large_image\" \/>\n<meta name=\"twitter:creator\" content=\"@webdo_tn\" \/>\n<meta name=\"twitter:site\" content=\"@webdo_tn\" \/>\n<meta name=\"twitter:label1\" content=\"\u00c9crit par\" \/>\n\t<meta name=\"twitter:data1\" content=\"webdo.tn\" \/>\n\t<meta name=\"twitter:label2\" content=\"Dur\u00e9e de lecture estim\u00e9e\" \/>\n\t<meta name=\"twitter:data2\" content=\"1 minute\" \/>\n<script type=\"application\/ld+json\" class=\"yoast-schema-graph\">{\"@context\":\"https:\\\/\\\/schema.org\",\"@graph\":[{\"@type\":\"NewsArticle\",\"@id\":\"https:\\\/\\\/www.webdo.tn\\\/fr\\\/actualite\\\/national-45\\\/affaire-sadok-chourou-les-excuses-peuvent-elles-annuler-la-plainte-des-avocats\\\/172264\\\/#article\",\"isPartOf\":{\"@id\":\"https:\\\/\\\/www.webdo.tn\\\/fr\\\/actualite\\\/national-45\\\/affaire-sadok-chourou-les-excuses-peuvent-elles-annuler-la-plainte-des-avocats\\\/172264\\\/\"},\"author\":{\"name\":\"webdo.tn\",\"@id\":\"https:\\\/\\\/www.webdo.tn\\\/fr\\\/#\\\/schema\\\/person\\\/9a9c6118d687c117df8ef3cc36a4d175\"},\"headline\":\"Affaire Sadok Chourou : les excuses peuvent-elles annuler la plainte des avocats?\",\"datePublished\":\"2012-01-25T21:48:00+00:00\",\"mainEntityOfPage\":{\"@id\":\"https:\\\/\\\/www.webdo.tn\\\/fr\\\/actualite\\\/national-45\\\/affaire-sadok-chourou-les-excuses-peuvent-elles-annuler-la-plainte-des-avocats\\\/172264\\\/\"},\"wordCount\":255,\"commentCount\":0,\"publisher\":{\"@id\":\"https:\\\/\\\/www.webdo.tn\\\/fr\\\/#organization\"},\"image\":{\"@id\":\"https:\\\/\\\/www.webdo.tn\\\/fr\\\/actualite\\\/national-45\\\/affaire-sadok-chourou-les-excuses-peuvent-elles-annuler-la-plainte-des-avocats\\\/172264\\\/#primaryimage\"},\"thumbnailUrl\":\"https:\\\/\\\/www.webdo.tn\\\/fr\\\/wp-content\\\/uploads\\\/2012\\\/01\\\/sadok-150x150-1.jpg\",\"keywords\":[\"guerre\"],\"articleSection\":[\"National\"],\"inLanguage\":\"fr-FR\"},{\"@type\":\"WebPage\",\"@id\":\"https:\\\/\\\/www.webdo.tn\\\/fr\\\/actualite\\\/national-45\\\/affaire-sadok-chourou-les-excuses-peuvent-elles-annuler-la-plainte-des-avocats\\\/172264\\\/\",\"url\":\"https:\\\/\\\/www.webdo.tn\\\/fr\\\/actualite\\\/national-45\\\/affaire-sadok-chourou-les-excuses-peuvent-elles-annuler-la-plainte-des-avocats\\\/172264\\\/\",\"name\":\"Affaire Sadok Chourou : les excuses peuvent-elles annuler la plainte des avocats?\",\"isPartOf\":{\"@id\":\"https:\\\/\\\/www.webdo.tn\\\/fr\\\/#website\"},\"primaryImageOfPage\":{\"@id\":\"https:\\\/\\\/www.webdo.tn\\\/fr\\\/actualite\\\/national-45\\\/affaire-sadok-chourou-les-excuses-peuvent-elles-annuler-la-plainte-des-avocats\\\/172264\\\/#primaryimage\"},\"image\":{\"@id\":\"https:\\\/\\\/www.webdo.tn\\\/fr\\\/actualite\\\/national-45\\\/affaire-sadok-chourou-les-excuses-peuvent-elles-annuler-la-plainte-des-avocats\\\/172264\\\/#primaryimage\"},\"thumbnailUrl\":\"https:\\\/\\\/www.webdo.tn\\\/fr\\\/wp-content\\\/uploads\\\/2012\\\/01\\\/sadok-150x150-1.jpg\",\"datePublished\":\"2012-01-25T21:48:00+00:00\",\"description\":\"Affaire Sadok Chourou : les excuses peuvent-elles annuler la plainte des avocats?\",\"breadcrumb\":{\"@id\":\"https:\\\/\\\/www.webdo.tn\\\/fr\\\/actualite\\\/national-45\\\/affaire-sadok-chourou-les-excuses-peuvent-elles-annuler-la-plainte-des-avocats\\\/172264\\\/#breadcrumb\"},\"inLanguage\":\"fr-FR\",\"potentialAction\":[{\"@type\":\"ReadAction\",\"target\":[\"https:\\\/\\\/www.webdo.tn\\\/fr\\\/actualite\\\/national-45\\\/affaire-sadok-chourou-les-excuses-peuvent-elles-annuler-la-plainte-des-avocats\\\/172264\\\/\"]}]},{\"@type\":\"ImageObject\",\"inLanguage\":\"fr-FR\",\"@id\":\"https:\\\/\\\/www.webdo.tn\\\/fr\\\/actualite\\\/national-45\\\/affaire-sadok-chourou-les-excuses-peuvent-elles-annuler-la-plainte-des-avocats\\\/172264\\\/#primaryimage\",\"url\":\"https:\\\/\\\/www.webdo.tn\\\/fr\\\/wp-content\\\/uploads\\\/2012\\\/01\\\/sadok-150x150-1.jpg\",\"contentUrl\":\"https:\\\/\\\/www.webdo.tn\\\/fr\\\/wp-content\\\/uploads\\\/2012\\\/01\\\/sadok-150x150-1.jpg\",\"width\":150,\"height\":150,\"caption\":\"Affaire Sadok Chourou : les excuses peuvent-elles annuler la plainte des avocats?\"},{\"@type\":\"BreadcrumbList\",\"@id\":\"https:\\\/\\\/www.webdo.tn\\\/fr\\\/actualite\\\/national-45\\\/affaire-sadok-chourou-les-excuses-peuvent-elles-annuler-la-plainte-des-avocats\\\/172264\\\/#breadcrumb\",\"itemListElement\":[{\"@type\":\"ListItem\",\"position\":1,\"name\":\"Accueil\",\"item\":\"https:\\\/\\\/www.webdo.tn\\\/fr\\\/\"},{\"@type\":\"ListItem\",\"position\":2,\"name\":\"Affaire Sadok Chourou : les excuses peuvent-elles annuler la plainte des avocats?\"}]},{\"@type\":\"WebSite\",\"@id\":\"https:\\\/\\\/www.webdo.tn\\\/fr\\\/#website\",\"url\":\"https:\\\/\\\/www.webdo.tn\\\/fr\\\/\",\"name\":\"webdo\",\"description\":\"Tunisie - News en Tunisie et \u00e0 l&#039;international sur Webdo.tn\",\"publisher\":{\"@id\":\"https:\\\/\\\/www.webdo.tn\\\/fr\\\/#organization\"},\"potentialAction\":[{\"@type\":\"SearchAction\",\"target\":{\"@type\":\"EntryPoint\",\"urlTemplate\":\"https:\\\/\\\/www.webdo.tn\\\/fr\\\/?s={search_term_string}\"},\"query-input\":{\"@type\":\"PropertyValueSpecification\",\"valueRequired\":true,\"valueName\":\"search_term_string\"}}],\"inLanguage\":\"fr-FR\"},{\"@type\":\"Organization\",\"@id\":\"https:\\\/\\\/www.webdo.tn\\\/fr\\\/#organization\",\"name\":\"Webdo\",\"alternateName\":\"Webdo.tn\",\"url\":\"https:\\\/\\\/www.webdo.tn\\\/fr\\\/\",\"logo\":{\"@type\":\"ImageObject\",\"inLanguage\":\"fr-FR\",\"@id\":\"https:\\\/\\\/www.webdo.tn\\\/fr\\\/#\\\/schema\\\/logo\\\/image\\\/\",\"url\":\"https:\\\/\\\/www.webdo.tn\\\/fr\\\/wp-content\\\/uploads\\\/2025\\\/06\\\/Webdo-Tunisie_168377.jpg\",\"contentUrl\":\"https:\\\/\\\/www.webdo.tn\\\/fr\\\/wp-content\\\/uploads\\\/2025\\\/06\\\/Webdo-Tunisie_168377.jpg\",\"width\":301,\"height\":301,\"caption\":\"Webdo\"},\"image\":{\"@id\":\"https:\\\/\\\/www.webdo.tn\\\/fr\\\/#\\\/schema\\\/logo\\\/image\\\/\"},\"sameAs\":[\"https:\\\/\\\/www.facebook.com\\\/webdotn\",\"https:\\\/\\\/x.com\\\/webdo_tn\"],\"description\":\"Webdo est un m\u00e9dia num\u00e9rique tunisien fond\u00e9 en 2010, sp\u00e9cialis\u00e9 dans l\u2019actualit\u00e9 nationale et internationale, l\u2019\u00e9conomie, la soci\u00e9t\u00e9 et les analyses politiques. Le site s\u2019adresse \u00e0 un large public francophone et couvre l\u2019information tunisienne en temps r\u00e9el.\",\"email\":\"redac@webdo.tn\",\"legalName\":\"YNJ SARL\",\"foundingDate\":\"2010-09-06\",\"numberOfEmployees\":{\"@type\":\"QuantitativeValue\",\"minValue\":\"11\",\"maxValue\":\"50\"}},{\"@type\":\"Person\",\"@id\":\"https:\\\/\\\/www.webdo.tn\\\/fr\\\/#\\\/schema\\\/person\\\/9a9c6118d687c117df8ef3cc36a4d175\",\"name\":\"webdo.tn\",\"image\":{\"@type\":\"ImageObject\",\"inLanguage\":\"fr-FR\",\"@id\":\"https:\\\/\\\/secure.gravatar.com\\\/avatar\\\/7ce1f28c0c3bbac99ff550b85ef8e44a6950c6ee24514fb6a5489e51d06f0298?s=96&d=mm&r=g\",\"url\":\"https:\\\/\\\/secure.gravatar.com\\\/avatar\\\/7ce1f28c0c3bbac99ff550b85ef8e44a6950c6ee24514fb6a5489e51d06f0298?s=96&d=mm&r=g\",\"contentUrl\":\"https:\\\/\\\/secure.gravatar.com\\\/avatar\\\/7ce1f28c0c3bbac99ff550b85ef8e44a6950c6ee24514fb6a5489e51d06f0298?s=96&d=mm&r=g\",\"caption\":\"webdo.tn\"},\"url\":\"https:\\\/\\\/www.webdo.tn\\\/fr\\\/actualite\\\/author\\\/webdotn\\\/\"}]}<\/script>\n<!-- \/ Yoast SEO Premium plugin. -->","yoast_head_json":{"title":"Affaire Sadok Chourou : les excuses peuvent-elles annuler la plainte des avocats?","description":"Affaire Sadok Chourou : les excuses peuvent-elles annuler la plainte des avocats?","canonical":"https:\/\/www.webdo.tn\/fr\/actualite\/national-45\/affaire-sadok-chourou-les-excuses-peuvent-elles-annuler-la-plainte-des-avocats\/172264\/","og_locale":"fr_FR","og_type":"article","og_title":"Affaire Sadok Chourou : les excuses peuvent-elles annuler la plainte des avocats?","og_description":"Affaire Sadok Chourou : les excuses peuvent-elles annuler la plainte des avocats?","og_url":"https:\/\/www.webdo.tn\/fr\/actualite\/national-45\/affaire-sadok-chourou-les-excuses-peuvent-elles-annuler-la-plainte-des-avocats\/172264\/","og_site_name":"webdo","article_publisher":"https:\/\/www.facebook.com\/webdotn","article_published_time":"2012-01-25T21:48:00+00:00","og_image":[{"width":150,"height":150,"url":"https:\/\/www.webdo.tn\/fr\/wp-content\/uploads\/2012\/01\/sadok-150x150-1.jpg","type":"image\/jpeg"}],"author":"webdo.tn","twitter_card":"summary_large_image","twitter_creator":"@webdo_tn","twitter_site":"@webdo_tn","twitter_misc":{"\u00c9crit par":"webdo.tn","Dur\u00e9e de lecture estim\u00e9e":"1 minute"},"schema":{"@context":"https:\/\/schema.org","@graph":[{"@type":"NewsArticle","@id":"https:\/\/www.webdo.tn\/fr\/actualite\/national-45\/affaire-sadok-chourou-les-excuses-peuvent-elles-annuler-la-plainte-des-avocats\/172264\/#article","isPartOf":{"@id":"https:\/\/www.webdo.tn\/fr\/actualite\/national-45\/affaire-sadok-chourou-les-excuses-peuvent-elles-annuler-la-plainte-des-avocats\/172264\/"},"author":{"name":"webdo.tn","@id":"https:\/\/www.webdo.tn\/fr\/#\/schema\/person\/9a9c6118d687c117df8ef3cc36a4d175"},"headline":"Affaire Sadok Chourou : les excuses peuvent-elles annuler la plainte des avocats?","datePublished":"2012-01-25T21:48:00+00:00","mainEntityOfPage":{"@id":"https:\/\/www.webdo.tn\/fr\/actualite\/national-45\/affaire-sadok-chourou-les-excuses-peuvent-elles-annuler-la-plainte-des-avocats\/172264\/"},"wordCount":255,"commentCount":0,"publisher":{"@id":"https:\/\/www.webdo.tn\/fr\/#organization"},"image":{"@id":"https:\/\/www.webdo.tn\/fr\/actualite\/national-45\/affaire-sadok-chourou-les-excuses-peuvent-elles-annuler-la-plainte-des-avocats\/172264\/#primaryimage"},"thumbnailUrl":"https:\/\/www.webdo.tn\/fr\/wp-content\/uploads\/2012\/01\/sadok-150x150-1.jpg","keywords":["guerre"],"articleSection":["National"],"inLanguage":"fr-FR"},{"@type":"WebPage","@id":"https:\/\/www.webdo.tn\/fr\/actualite\/national-45\/affaire-sadok-chourou-les-excuses-peuvent-elles-annuler-la-plainte-des-avocats\/172264\/","url":"https:\/\/www.webdo.tn\/fr\/actualite\/national-45\/affaire-sadok-chourou-les-excuses-peuvent-elles-annuler-la-plainte-des-avocats\/172264\/","name":"Affaire Sadok Chourou : les excuses peuvent-elles annuler la plainte des avocats?","isPartOf":{"@id":"https:\/\/www.webdo.tn\/fr\/#website"},"primaryImageOfPage":{"@id":"https:\/\/www.webdo.tn\/fr\/actualite\/national-45\/affaire-sadok-chourou-les-excuses-peuvent-elles-annuler-la-plainte-des-avocats\/172264\/#primaryimage"},"image":{"@id":"https:\/\/www.webdo.tn\/fr\/actualite\/national-45\/affaire-sadok-chourou-les-excuses-peuvent-elles-annuler-la-plainte-des-avocats\/172264\/#primaryimage"},"thumbnailUrl":"https:\/\/www.webdo.tn\/fr\/wp-content\/uploads\/2012\/01\/sadok-150x150-1.jpg","datePublished":"2012-01-25T21:48:00+00:00","description":"Affaire Sadok Chourou : les excuses peuvent-elles annuler la plainte des avocats?","breadcrumb":{"@id":"https:\/\/www.webdo.tn\/fr\/actualite\/national-45\/affaire-sadok-chourou-les-excuses-peuvent-elles-annuler-la-plainte-des-avocats\/172264\/#breadcrumb"},"inLanguage":"fr-FR","potentialAction":[{"@type":"ReadAction","target":["https:\/\/www.webdo.tn\/fr\/actualite\/national-45\/affaire-sadok-chourou-les-excuses-peuvent-elles-annuler-la-plainte-des-avocats\/172264\/"]}]},{"@type":"ImageObject","inLanguage":"fr-FR","@id":"https:\/\/www.webdo.tn\/fr\/actualite\/national-45\/affaire-sadok-chourou-les-excuses-peuvent-elles-annuler-la-plainte-des-avocats\/172264\/#primaryimage","url":"https:\/\/www.webdo.tn\/fr\/wp-content\/uploads\/2012\/01\/sadok-150x150-1.jpg","contentUrl":"https:\/\/www.webdo.tn\/fr\/wp-content\/uploads\/2012\/01\/sadok-150x150-1.jpg","width":150,"height":150,"caption":"Affaire Sadok Chourou : les excuses peuvent-elles annuler la plainte des avocats?"},{"@type":"BreadcrumbList","@id":"https:\/\/www.webdo.tn\/fr\/actualite\/national-45\/affaire-sadok-chourou-les-excuses-peuvent-elles-annuler-la-plainte-des-avocats\/172264\/#breadcrumb","itemListElement":[{"@type":"ListItem","position":1,"name":"Accueil","item":"https:\/\/www.webdo.tn\/fr\/"},{"@type":"ListItem","position":2,"name":"Affaire Sadok Chourou : les excuses peuvent-elles annuler la plainte des avocats?"}]},{"@type":"WebSite","@id":"https:\/\/www.webdo.tn\/fr\/#website","url":"https:\/\/www.webdo.tn\/fr\/","name":"webdo","description":"Tunisie - News en Tunisie et \u00e0 l&#039;international sur Webdo.tn","publisher":{"@id":"https:\/\/www.webdo.tn\/fr\/#organization"},"potentialAction":[{"@type":"SearchAction","target":{"@type":"EntryPoint","urlTemplate":"https:\/\/www.webdo.tn\/fr\/?s={search_term_string}"},"query-input":{"@type":"PropertyValueSpecification","valueRequired":true,"valueName":"search_term_string"}}],"inLanguage":"fr-FR"},{"@type":"Organization","@id":"https:\/\/www.webdo.tn\/fr\/#organization","name":"Webdo","alternateName":"Webdo.tn","url":"https:\/\/www.webdo.tn\/fr\/","logo":{"@type":"ImageObject","inLanguage":"fr-FR","@id":"https:\/\/www.webdo.tn\/fr\/#\/schema\/logo\/image\/","url":"https:\/\/www.webdo.tn\/fr\/wp-content\/uploads\/2025\/06\/Webdo-Tunisie_168377.jpg","contentUrl":"https:\/\/www.webdo.tn\/fr\/wp-content\/uploads\/2025\/06\/Webdo-Tunisie_168377.jpg","width":301,"height":301,"caption":"Webdo"},"image":{"@id":"https:\/\/www.webdo.tn\/fr\/#\/schema\/logo\/image\/"},"sameAs":["https:\/\/www.facebook.com\/webdotn","https:\/\/x.com\/webdo_tn"],"description":"Webdo est un m\u00e9dia num\u00e9rique tunisien fond\u00e9 en 2010, sp\u00e9cialis\u00e9 dans l\u2019actualit\u00e9 nationale et internationale, l\u2019\u00e9conomie, la soci\u00e9t\u00e9 et les analyses politiques. Le site s\u2019adresse \u00e0 un large public francophone et couvre l\u2019information tunisienne en temps r\u00e9el.","email":"redac@webdo.tn","legalName":"YNJ SARL","foundingDate":"2010-09-06","numberOfEmployees":{"@type":"QuantitativeValue","minValue":"11","maxValue":"50"}},{"@type":"Person","@id":"https:\/\/www.webdo.tn\/fr\/#\/schema\/person\/9a9c6118d687c117df8ef3cc36a4d175","name":"webdo.tn","image":{"@type":"ImageObject","inLanguage":"fr-FR","@id":"https:\/\/secure.gravatar.com\/avatar\/7ce1f28c0c3bbac99ff550b85ef8e44a6950c6ee24514fb6a5489e51d06f0298?s=96&d=mm&r=g","url":"https:\/\/secure.gravatar.com\/avatar\/7ce1f28c0c3bbac99ff550b85ef8e44a6950c6ee24514fb6a5489e51d06f0298?s=96&d=mm&r=g","contentUrl":"https:\/\/secure.gravatar.com\/avatar\/7ce1f28c0c3bbac99ff550b85ef8e44a6950c6ee24514fb6a5489e51d06f0298?s=96&d=mm&r=g","caption":"webdo.tn"},"url":"https:\/\/www.webdo.tn\/fr\/actualite\/author\/webdotn\/"}]}},"_links":{"self":[{"href":"https:\/\/www.webdo.tn\/fr\/wp-json\/wp\/v2\/posts\/172264","targetHints":{"allow":["GET"]}}],"collection":[{"href":"https:\/\/www.webdo.tn\/fr\/wp-json\/wp\/v2\/posts"}],"about":[{"href":"https:\/\/www.webdo.tn\/fr\/wp-json\/wp\/v2\/types\/post"}],"author":[{"embeddable":true,"href":"https:\/\/www.webdo.tn\/fr\/wp-json\/wp\/v2\/users\/3222"}],"replies":[{"embeddable":true,"href":"https:\/\/www.webdo.tn\/fr\/wp-json\/wp\/v2\/comments?post=172264"}],"version-history":[{"count":0,"href":"https:\/\/www.webdo.tn\/fr\/wp-json\/wp\/v2\/posts\/172264\/revisions"}],"wp:featuredmedia":[{"embeddable":true,"href":"https:\/\/www.webdo.tn\/fr\/wp-json\/wp\/v2\/media\/333813"}],"wp:attachment":[{"href":"https:\/\/www.webdo.tn\/fr\/wp-json\/wp\/v2\/media?parent=172264"}],"wp:term":[{"taxonomy":"category","embeddable":true,"href":"https:\/\/www.webdo.tn\/fr\/wp-json\/wp\/v2\/categories?post=172264"},{"taxonomy":"post_tag","embeddable":true,"href":"https:\/\/www.webdo.tn\/fr\/wp-json\/wp\/v2\/tags?post=172264"}],"curies":[{"name":"wp","href":"https:\/\/api.w.org\/{rel}","templated":true}]}}