{"id":172263,"date":"2012-01-26T21:37:00","date_gmt":"2012-01-26T21:37:00","guid":{"rendered":"https:\/\/www.webdo.tn\/fr\/blog\/les-reactions-au-communique-dessebsi-commencent\/172263\/"},"modified":"2012-01-26T21:37:00","modified_gmt":"2012-01-26T21:37:00","slug":"les-reactions-au-communique-dessebsi-commencent","status":"publish","type":"post","link":"https:\/\/www.webdo.tn\/fr\/actualite\/national\/les-reactions-au-communique-dessebsi-commencent\/172263\/","title":{"rendered":"Les r\u00e9actions au communiqu\u00e9 d&rsquo;Essebsi commencent"},"content":{"rendered":"<p>Suite au communiqu\u00e9 publi\u00e9 aujourd&rsquo;hui par Beji Ca\u00efd Essebsi et dans lequel il s&rsquo;adresse \u00e0 l&rsquo;opinion publique, peu de r\u00e9actions de la part des partis concern\u00e9s ont \u00e9t\u00e9 enregistr\u00e9es. <\/p>\n<p>C\u2019est seulement apr\u00e8s avoir \u00e9t\u00e9 contact\u00e9s par Shems FM que les pr\u00e9sidents des partis de la Tro\u00efka ont r\u00e9agi aux critiques de l&rsquo;ex-Premier ministre. Ce dernier avait d\u00e9plor\u00e9, dans son communiqu\u00e9, le flou qui r\u00e8gne sur le travail de l&rsquo;Assembl\u00e9e Constituante et la crise de confiance qui en d\u00e9coule, d&rsquo;o\u00f9 les divers mouvements de protestation dans plusieurs r\u00e9gions.<\/p>\n<p>Le pr\u00e9sident du groupe parlementaire du parti Ettakatol, Mouldi Riahi, a qualifi\u00e9 d&rsquo;exag\u00e9r\u00e9s et de pessimistes les propos de BCE, rappelant que la situation s\u00e9curitaire est en train de se stabiliser de nouveau. Sahbi Atig, repr\u00e9sentant Ennahdha, a soulign\u00e9 que l&rsquo;organisation des pouvoirs publics est tr\u00e8s claire et, de ce fait, les propos de BCE ont surpris les \u00e9lus du parti de Ghannouchi. Quant \u00e0 Abdelraouf Ayadi, du CPR, il s&rsquo;interroge sur les manifestations d&rsquo;extr\u00e9misme qu&rsquo;a \u00e9voqu\u00e9 BCE dans son communiqu\u00e9.<\/p>\n<p>De fa\u00e7on g\u00e9n\u00e9rale, la Tro\u00efka est unanime sur le fait que B\u00e9ji Ca\u00efd Essebsi exag\u00e8re et dramatise grandement la situation. Dire que son communiqu\u00e9 n&rsquo;a donc pas \u00e9t\u00e9 bien accueilli par cette Troika est un euph\u00e9misme. Le ministre de l&rsquo;Enseignement sup\u00e9rieur a m\u00eame parl\u00e9 de propos irr\u00e9alistes de la part de BCE. Moncef Ben Salem a tout de m\u00eame nuanc\u00e9 en indiquant qu&rsquo;en tant que ministre, il lui est impossible de concilier ses t\u00e2ches de membre \u00e0 l&rsquo;AC et celle au minist\u00e8re. Il invite ainsi tous les ministres \u00e0 d\u00e9missionner de leurs postes \u00e0 l&rsquo;AC. <\/p>\n<p>Ce soir, Walid Bennani et Mouldi Riahi, respectivement d\u2019Ennahdha et d\u2019Ettakatol, ont r\u00e9agi sur la radio priv\u00e9e Mosa\u00efque FM, et ce, apr\u00e8s le repr\u00e9sentant d\u2019Ettajdid. Walid Bennani, d&rsquo;Ennahdha, pense que BCE cherche \u00e0 unifier l&rsquo;opposition. Mouldi Riahi d\u2019Ettakatol, lui, d\u00e9plore la dramatisation incroyable de BCE alors qu&rsquo;il n&rsquo;y a presque rien d&rsquo;alarmant actuellement.<\/p>\n","protected":false},"excerpt":{"rendered":"<p>Les r\u00e9actions au communiqu\u00e9 d&rsquo;Essebsi commencent<\/p>\n","protected":false},"author":3222,"featured_media":374539,"comment_status":"open","ping_status":"closed","sticky":false,"template":"","format":"standard","meta":{"footnotes":""},"categories":[44],"tags":[2600],"class_list":["post-172263","post","type-post","status-publish","format-standard","has-post-thumbnail","hentry","category-national","tag-guerre"],"yoast_head":"<!-- This site is optimized with the Yoast SEO Premium plugin v27.5 (Yoast SEO v27.5) - https:\/\/yoast.com\/product\/yoast-seo-premium-wordpress\/ -->\n<title>Les r\u00e9actions au communiqu\u00e9 d&#039;Essebsi commencent<\/title>\n<meta name=\"description\" content=\"Les r\u00e9actions au communiqu\u00e9 d&#039;Essebsi commencent\" \/>\n<link rel=\"canonical\" href=\"https:\/\/www.webdo.tn\/fr\/actualite\/national-45\/les-reactions-au-communique-dessebsi-commencent\/172263\/\" \/>\n<meta property=\"og:locale\" content=\"fr_FR\" \/>\n<meta property=\"og:type\" content=\"article\" \/>\n<meta property=\"og:title\" content=\"Les r\u00e9actions au communiqu\u00e9 d&#039;Essebsi commencent\" \/>\n<meta property=\"og:description\" content=\"Les r\u00e9actions au communiqu\u00e9 d&#039;Essebsi commencent\" \/>\n<meta property=\"og:url\" content=\"https:\/\/www.webdo.tn\/fr\/actualite\/national-45\/les-reactions-au-communique-dessebsi-commencent\/172263\/\" \/>\n<meta property=\"og:site_name\" content=\"webdo\" \/>\n<meta property=\"article:publisher\" content=\"https:\/\/www.facebook.com\/webdotn\" \/>\n<meta property=\"article:published_time\" content=\"2012-01-26T21:37:00+00:00\" \/>\n<meta name=\"author\" content=\"webdo.tn\" \/>\n<meta name=\"twitter:card\" content=\"summary_large_image\" \/>\n<meta name=\"twitter:creator\" content=\"@webdo_tn\" \/>\n<meta name=\"twitter:site\" content=\"@webdo_tn\" \/>\n<meta name=\"twitter:label1\" content=\"\u00c9crit par\" \/>\n\t<meta name=\"twitter:data1\" content=\"webdo.tn\" \/>\n\t<meta name=\"twitter:label2\" content=\"Dur\u00e9e de lecture estim\u00e9e\" \/>\n\t<meta name=\"twitter:data2\" content=\"2 minutes\" \/>\n<script type=\"application\/ld+json\" class=\"yoast-schema-graph\">{\"@context\":\"https:\\\/\\\/schema.org\",\"@graph\":[{\"@type\":\"NewsArticle\",\"@id\":\"https:\\\/\\\/www.webdo.tn\\\/fr\\\/actualite\\\/national-45\\\/les-reactions-au-communique-dessebsi-commencent\\\/172263\\\/#article\",\"isPartOf\":{\"@id\":\"https:\\\/\\\/www.webdo.tn\\\/fr\\\/actualite\\\/national-45\\\/les-reactions-au-communique-dessebsi-commencent\\\/172263\\\/\"},\"author\":{\"name\":\"webdo.tn\",\"@id\":\"https:\\\/\\\/www.webdo.tn\\\/fr\\\/#\\\/schema\\\/person\\\/9a9c6118d687c117df8ef3cc36a4d175\"},\"headline\":\"Les r\u00e9actions au communiqu\u00e9 d&rsquo;Essebsi commencent\",\"datePublished\":\"2012-01-26T21:37:00+00:00\",\"mainEntityOfPage\":{\"@id\":\"https:\\\/\\\/www.webdo.tn\\\/fr\\\/actualite\\\/national-45\\\/les-reactions-au-communique-dessebsi-commencent\\\/172263\\\/\"},\"wordCount\":386,\"commentCount\":0,\"publisher\":{\"@id\":\"https:\\\/\\\/www.webdo.tn\\\/fr\\\/#organization\"},\"image\":{\"@id\":\"https:\\\/\\\/www.webdo.tn\\\/fr\\\/actualite\\\/national-45\\\/les-reactions-au-communique-dessebsi-commencent\\\/172263\\\/#primaryimage\"},\"thumbnailUrl\":\"https:\\\/\\\/www.webdo.tn\\\/fr\\\/wp-content\\\/uploads\\\/2025\\\/06\\\/Troika-photo-TAP_172263.jpg\",\"keywords\":[\"guerre\"],\"articleSection\":[\"National\"],\"inLanguage\":\"fr-FR\"},{\"@type\":\"WebPage\",\"@id\":\"https:\\\/\\\/www.webdo.tn\\\/fr\\\/actualite\\\/national-45\\\/les-reactions-au-communique-dessebsi-commencent\\\/172263\\\/\",\"url\":\"https:\\\/\\\/www.webdo.tn\\\/fr\\\/actualite\\\/national-45\\\/les-reactions-au-communique-dessebsi-commencent\\\/172263\\\/\",\"name\":\"Les r\u00e9actions au communiqu\u00e9 d'Essebsi commencent\",\"isPartOf\":{\"@id\":\"https:\\\/\\\/www.webdo.tn\\\/fr\\\/#website\"},\"primaryImageOfPage\":{\"@id\":\"https:\\\/\\\/www.webdo.tn\\\/fr\\\/actualite\\\/national-45\\\/les-reactions-au-communique-dessebsi-commencent\\\/172263\\\/#primaryimage\"},\"image\":{\"@id\":\"https:\\\/\\\/www.webdo.tn\\\/fr\\\/actualite\\\/national-45\\\/les-reactions-au-communique-dessebsi-commencent\\\/172263\\\/#primaryimage\"},\"thumbnailUrl\":\"https:\\\/\\\/www.webdo.tn\\\/fr\\\/wp-content\\\/uploads\\\/2025\\\/06\\\/Troika-photo-TAP_172263.jpg\",\"datePublished\":\"2012-01-26T21:37:00+00:00\",\"description\":\"Les r\u00e9actions au communiqu\u00e9 d'Essebsi commencent\",\"breadcrumb\":{\"@id\":\"https:\\\/\\\/www.webdo.tn\\\/fr\\\/actualite\\\/national-45\\\/les-reactions-au-communique-dessebsi-commencent\\\/172263\\\/#breadcrumb\"},\"inLanguage\":\"fr-FR\",\"potentialAction\":[{\"@type\":\"ReadAction\",\"target\":[\"https:\\\/\\\/www.webdo.tn\\\/fr\\\/actualite\\\/national-45\\\/les-reactions-au-communique-dessebsi-commencent\\\/172263\\\/\"]}]},{\"@type\":\"ImageObject\",\"inLanguage\":\"fr-FR\",\"@id\":\"https:\\\/\\\/www.webdo.tn\\\/fr\\\/actualite\\\/national-45\\\/les-reactions-au-communique-dessebsi-commencent\\\/172263\\\/#primaryimage\",\"url\":\"https:\\\/\\\/www.webdo.tn\\\/fr\\\/wp-content\\\/uploads\\\/2025\\\/06\\\/Troika-photo-TAP_172263.jpg\",\"contentUrl\":\"https:\\\/\\\/www.webdo.tn\\\/fr\\\/wp-content\\\/uploads\\\/2025\\\/06\\\/Troika-photo-TAP_172263.jpg\",\"width\":296,\"height\":200,\"caption\":\"Les r\u00e9actions au communiqu\u00e9 d'Essebsi commencent\"},{\"@type\":\"BreadcrumbList\",\"@id\":\"https:\\\/\\\/www.webdo.tn\\\/fr\\\/actualite\\\/national-45\\\/les-reactions-au-communique-dessebsi-commencent\\\/172263\\\/#breadcrumb\",\"itemListElement\":[{\"@type\":\"ListItem\",\"position\":1,\"name\":\"Accueil\",\"item\":\"https:\\\/\\\/www.webdo.tn\\\/fr\\\/\"},{\"@type\":\"ListItem\",\"position\":2,\"name\":\"Les r\u00e9actions au communiqu\u00e9 d&rsquo;Essebsi commencent\"}]},{\"@type\":\"WebSite\",\"@id\":\"https:\\\/\\\/www.webdo.tn\\\/fr\\\/#website\",\"url\":\"https:\\\/\\\/www.webdo.tn\\\/fr\\\/\",\"name\":\"webdo\",\"description\":\"Tunisie - News en Tunisie et \u00e0 l&#039;international sur Webdo.tn\",\"publisher\":{\"@id\":\"https:\\\/\\\/www.webdo.tn\\\/fr\\\/#organization\"},\"potentialAction\":[{\"@type\":\"SearchAction\",\"target\":{\"@type\":\"EntryPoint\",\"urlTemplate\":\"https:\\\/\\\/www.webdo.tn\\\/fr\\\/?s={search_term_string}\"},\"query-input\":{\"@type\":\"PropertyValueSpecification\",\"valueRequired\":true,\"valueName\":\"search_term_string\"}}],\"inLanguage\":\"fr-FR\"},{\"@type\":\"Organization\",\"@id\":\"https:\\\/\\\/www.webdo.tn\\\/fr\\\/#organization\",\"name\":\"Webdo\",\"alternateName\":\"Webdo.tn\",\"url\":\"https:\\\/\\\/www.webdo.tn\\\/fr\\\/\",\"logo\":{\"@type\":\"ImageObject\",\"inLanguage\":\"fr-FR\",\"@id\":\"https:\\\/\\\/www.webdo.tn\\\/fr\\\/#\\\/schema\\\/logo\\\/image\\\/\",\"url\":\"https:\\\/\\\/www.webdo.tn\\\/fr\\\/wp-content\\\/uploads\\\/2025\\\/06\\\/Webdo-Tunisie_168377.jpg\",\"contentUrl\":\"https:\\\/\\\/www.webdo.tn\\\/fr\\\/wp-content\\\/uploads\\\/2025\\\/06\\\/Webdo-Tunisie_168377.jpg\",\"width\":301,\"height\":301,\"caption\":\"Webdo\"},\"image\":{\"@id\":\"https:\\\/\\\/www.webdo.tn\\\/fr\\\/#\\\/schema\\\/logo\\\/image\\\/\"},\"sameAs\":[\"https:\\\/\\\/www.facebook.com\\\/webdotn\",\"https:\\\/\\\/x.com\\\/webdo_tn\"],\"description\":\"Webdo est un m\u00e9dia num\u00e9rique tunisien fond\u00e9 en 2010, sp\u00e9cialis\u00e9 dans l\u2019actualit\u00e9 nationale et internationale, l\u2019\u00e9conomie, la soci\u00e9t\u00e9 et les analyses politiques. Le site s\u2019adresse \u00e0 un large public francophone et couvre l\u2019information tunisienne en temps r\u00e9el.\",\"email\":\"redac@webdo.tn\",\"legalName\":\"YNJ SARL\",\"foundingDate\":\"2010-09-06\",\"numberOfEmployees\":{\"@type\":\"QuantitativeValue\",\"minValue\":\"11\",\"maxValue\":\"50\"}},{\"@type\":\"Person\",\"@id\":\"https:\\\/\\\/www.webdo.tn\\\/fr\\\/#\\\/schema\\\/person\\\/9a9c6118d687c117df8ef3cc36a4d175\",\"name\":\"webdo.tn\",\"image\":{\"@type\":\"ImageObject\",\"inLanguage\":\"fr-FR\",\"@id\":\"https:\\\/\\\/secure.gravatar.com\\\/avatar\\\/7ce1f28c0c3bbac99ff550b85ef8e44a6950c6ee24514fb6a5489e51d06f0298?s=96&d=mm&r=g\",\"url\":\"https:\\\/\\\/secure.gravatar.com\\\/avatar\\\/7ce1f28c0c3bbac99ff550b85ef8e44a6950c6ee24514fb6a5489e51d06f0298?s=96&d=mm&r=g\",\"contentUrl\":\"https:\\\/\\\/secure.gravatar.com\\\/avatar\\\/7ce1f28c0c3bbac99ff550b85ef8e44a6950c6ee24514fb6a5489e51d06f0298?s=96&d=mm&r=g\",\"caption\":\"webdo.tn\"},\"url\":\"https:\\\/\\\/www.webdo.tn\\\/fr\\\/actualite\\\/author\\\/webdotn\\\/\"}]}<\/script>\n<!-- \/ Yoast SEO Premium plugin. -->","yoast_head_json":{"title":"Les r\u00e9actions au communiqu\u00e9 d'Essebsi commencent","description":"Les r\u00e9actions au communiqu\u00e9 d'Essebsi commencent","canonical":"https:\/\/www.webdo.tn\/fr\/actualite\/national-45\/les-reactions-au-communique-dessebsi-commencent\/172263\/","og_locale":"fr_FR","og_type":"article","og_title":"Les r\u00e9actions au communiqu\u00e9 d'Essebsi commencent","og_description":"Les r\u00e9actions au communiqu\u00e9 d'Essebsi commencent","og_url":"https:\/\/www.webdo.tn\/fr\/actualite\/national-45\/les-reactions-au-communique-dessebsi-commencent\/172263\/","og_site_name":"webdo","article_publisher":"https:\/\/www.facebook.com\/webdotn","article_published_time":"2012-01-26T21:37:00+00:00","author":"webdo.tn","twitter_card":"summary_large_image","twitter_creator":"@webdo_tn","twitter_site":"@webdo_tn","twitter_misc":{"\u00c9crit par":"webdo.tn","Dur\u00e9e de lecture estim\u00e9e":"2 minutes"},"schema":{"@context":"https:\/\/schema.org","@graph":[{"@type":"NewsArticle","@id":"https:\/\/www.webdo.tn\/fr\/actualite\/national-45\/les-reactions-au-communique-dessebsi-commencent\/172263\/#article","isPartOf":{"@id":"https:\/\/www.webdo.tn\/fr\/actualite\/national-45\/les-reactions-au-communique-dessebsi-commencent\/172263\/"},"author":{"name":"webdo.tn","@id":"https:\/\/www.webdo.tn\/fr\/#\/schema\/person\/9a9c6118d687c117df8ef3cc36a4d175"},"headline":"Les r\u00e9actions au communiqu\u00e9 d&rsquo;Essebsi commencent","datePublished":"2012-01-26T21:37:00+00:00","mainEntityOfPage":{"@id":"https:\/\/www.webdo.tn\/fr\/actualite\/national-45\/les-reactions-au-communique-dessebsi-commencent\/172263\/"},"wordCount":386,"commentCount":0,"publisher":{"@id":"https:\/\/www.webdo.tn\/fr\/#organization"},"image":{"@id":"https:\/\/www.webdo.tn\/fr\/actualite\/national-45\/les-reactions-au-communique-dessebsi-commencent\/172263\/#primaryimage"},"thumbnailUrl":"https:\/\/www.webdo.tn\/fr\/wp-content\/uploads\/2025\/06\/Troika-photo-TAP_172263.jpg","keywords":["guerre"],"articleSection":["National"],"inLanguage":"fr-FR"},{"@type":"WebPage","@id":"https:\/\/www.webdo.tn\/fr\/actualite\/national-45\/les-reactions-au-communique-dessebsi-commencent\/172263\/","url":"https:\/\/www.webdo.tn\/fr\/actualite\/national-45\/les-reactions-au-communique-dessebsi-commencent\/172263\/","name":"Les r\u00e9actions au communiqu\u00e9 d'Essebsi commencent","isPartOf":{"@id":"https:\/\/www.webdo.tn\/fr\/#website"},"primaryImageOfPage":{"@id":"https:\/\/www.webdo.tn\/fr\/actualite\/national-45\/les-reactions-au-communique-dessebsi-commencent\/172263\/#primaryimage"},"image":{"@id":"https:\/\/www.webdo.tn\/fr\/actualite\/national-45\/les-reactions-au-communique-dessebsi-commencent\/172263\/#primaryimage"},"thumbnailUrl":"https:\/\/www.webdo.tn\/fr\/wp-content\/uploads\/2025\/06\/Troika-photo-TAP_172263.jpg","datePublished":"2012-01-26T21:37:00+00:00","description":"Les r\u00e9actions au communiqu\u00e9 d'Essebsi commencent","breadcrumb":{"@id":"https:\/\/www.webdo.tn\/fr\/actualite\/national-45\/les-reactions-au-communique-dessebsi-commencent\/172263\/#breadcrumb"},"inLanguage":"fr-FR","potentialAction":[{"@type":"ReadAction","target":["https:\/\/www.webdo.tn\/fr\/actualite\/national-45\/les-reactions-au-communique-dessebsi-commencent\/172263\/"]}]},{"@type":"ImageObject","inLanguage":"fr-FR","@id":"https:\/\/www.webdo.tn\/fr\/actualite\/national-45\/les-reactions-au-communique-dessebsi-commencent\/172263\/#primaryimage","url":"https:\/\/www.webdo.tn\/fr\/wp-content\/uploads\/2025\/06\/Troika-photo-TAP_172263.jpg","contentUrl":"https:\/\/www.webdo.tn\/fr\/wp-content\/uploads\/2025\/06\/Troika-photo-TAP_172263.jpg","width":296,"height":200,"caption":"Les r\u00e9actions au communiqu\u00e9 d'Essebsi commencent"},{"@type":"BreadcrumbList","@id":"https:\/\/www.webdo.tn\/fr\/actualite\/national-45\/les-reactions-au-communique-dessebsi-commencent\/172263\/#breadcrumb","itemListElement":[{"@type":"ListItem","position":1,"name":"Accueil","item":"https:\/\/www.webdo.tn\/fr\/"},{"@type":"ListItem","position":2,"name":"Les r\u00e9actions au communiqu\u00e9 d&rsquo;Essebsi commencent"}]},{"@type":"WebSite","@id":"https:\/\/www.webdo.tn\/fr\/#website","url":"https:\/\/www.webdo.tn\/fr\/","name":"webdo","description":"Tunisie - News en Tunisie et \u00e0 l&#039;international sur Webdo.tn","publisher":{"@id":"https:\/\/www.webdo.tn\/fr\/#organization"},"potentialAction":[{"@type":"SearchAction","target":{"@type":"EntryPoint","urlTemplate":"https:\/\/www.webdo.tn\/fr\/?s={search_term_string}"},"query-input":{"@type":"PropertyValueSpecification","valueRequired":true,"valueName":"search_term_string"}}],"inLanguage":"fr-FR"},{"@type":"Organization","@id":"https:\/\/www.webdo.tn\/fr\/#organization","name":"Webdo","alternateName":"Webdo.tn","url":"https:\/\/www.webdo.tn\/fr\/","logo":{"@type":"ImageObject","inLanguage":"fr-FR","@id":"https:\/\/www.webdo.tn\/fr\/#\/schema\/logo\/image\/","url":"https:\/\/www.webdo.tn\/fr\/wp-content\/uploads\/2025\/06\/Webdo-Tunisie_168377.jpg","contentUrl":"https:\/\/www.webdo.tn\/fr\/wp-content\/uploads\/2025\/06\/Webdo-Tunisie_168377.jpg","width":301,"height":301,"caption":"Webdo"},"image":{"@id":"https:\/\/www.webdo.tn\/fr\/#\/schema\/logo\/image\/"},"sameAs":["https:\/\/www.facebook.com\/webdotn","https:\/\/x.com\/webdo_tn"],"description":"Webdo est un m\u00e9dia num\u00e9rique tunisien fond\u00e9 en 2010, sp\u00e9cialis\u00e9 dans l\u2019actualit\u00e9 nationale et internationale, l\u2019\u00e9conomie, la soci\u00e9t\u00e9 et les analyses politiques. Le site s\u2019adresse \u00e0 un large public francophone et couvre l\u2019information tunisienne en temps r\u00e9el.","email":"redac@webdo.tn","legalName":"YNJ SARL","foundingDate":"2010-09-06","numberOfEmployees":{"@type":"QuantitativeValue","minValue":"11","maxValue":"50"}},{"@type":"Person","@id":"https:\/\/www.webdo.tn\/fr\/#\/schema\/person\/9a9c6118d687c117df8ef3cc36a4d175","name":"webdo.tn","image":{"@type":"ImageObject","inLanguage":"fr-FR","@id":"https:\/\/secure.gravatar.com\/avatar\/7ce1f28c0c3bbac99ff550b85ef8e44a6950c6ee24514fb6a5489e51d06f0298?s=96&d=mm&r=g","url":"https:\/\/secure.gravatar.com\/avatar\/7ce1f28c0c3bbac99ff550b85ef8e44a6950c6ee24514fb6a5489e51d06f0298?s=96&d=mm&r=g","contentUrl":"https:\/\/secure.gravatar.com\/avatar\/7ce1f28c0c3bbac99ff550b85ef8e44a6950c6ee24514fb6a5489e51d06f0298?s=96&d=mm&r=g","caption":"webdo.tn"},"url":"https:\/\/www.webdo.tn\/fr\/actualite\/author\/webdotn\/"}]}},"_links":{"self":[{"href":"https:\/\/www.webdo.tn\/fr\/wp-json\/wp\/v2\/posts\/172263","targetHints":{"allow":["GET"]}}],"collection":[{"href":"https:\/\/www.webdo.tn\/fr\/wp-json\/wp\/v2\/posts"}],"about":[{"href":"https:\/\/www.webdo.tn\/fr\/wp-json\/wp\/v2\/types\/post"}],"author":[{"embeddable":true,"href":"https:\/\/www.webdo.tn\/fr\/wp-json\/wp\/v2\/users\/3222"}],"replies":[{"embeddable":true,"href":"https:\/\/www.webdo.tn\/fr\/wp-json\/wp\/v2\/comments?post=172263"}],"version-history":[{"count":0,"href":"https:\/\/www.webdo.tn\/fr\/wp-json\/wp\/v2\/posts\/172263\/revisions"}],"wp:featuredmedia":[{"embeddable":true,"href":"https:\/\/www.webdo.tn\/fr\/wp-json\/wp\/v2\/media\/374539"}],"wp:attachment":[{"href":"https:\/\/www.webdo.tn\/fr\/wp-json\/wp\/v2\/media?parent=172263"}],"wp:term":[{"taxonomy":"category","embeddable":true,"href":"https:\/\/www.webdo.tn\/fr\/wp-json\/wp\/v2\/categories?post=172263"},{"taxonomy":"post_tag","embeddable":true,"href":"https:\/\/www.webdo.tn\/fr\/wp-json\/wp\/v2\/tags?post=172263"}],"curies":[{"name":"wp","href":"https:\/\/api.w.org\/{rel}","templated":true}]}}