{"id":172262,"date":"2012-01-26T21:39:00","date_gmt":"2012-01-26T21:39:00","guid":{"rendered":"https:\/\/www.webdo.tn\/fr\/blog\/apres-son-communique-beji-caid-essebsi-rassure\/172262\/"},"modified":"2025-06-04T19:01:25","modified_gmt":"2025-06-04T19:01:25","slug":"apres-son-communique-beji-caid-essebsi-rassure","status":"publish","type":"post","link":"https:\/\/www.webdo.tn\/fr\/actualite\/national\/apres-son-communique-beji-caid-essebsi-rassure\/172262\/","title":{"rendered":"Apr\u00e8s son communiqu\u00e9, B\u00e9ji Ca\u00efd Essebsi rassure !"},"content":{"rendered":"<p>Depuis son investiture \u00e0 la t\u00eate du gouvernement, B\u00e9ji Ca\u00efd Essebsi, l\u2019homme et le politicien, n\u2019a jamais cess\u00e9 de faire parler de lui. L\u00e0 o\u00f9 il passait, il ne laissait personne indiff\u00e9rent. Loin de l\u00e0 !<\/p>\n<p>A 85 ans (l\u2019\u00e2ge de la raison, diront ses ap\u00f4tres), le \u2018Bourguibiste\u2019 est pr\u00eat aujourd\u2019hui \u00e0 relever un \u00e9ni\u00e8me d\u00e9fi. Celui de fonder un nouveau parti centriste. Objectif cach\u00e9, mais tellement apparent qu\u2019on pouvait le deviner au bout de ses l\u00e8vres et au fin fond du bleu azur\u00e9en de ses yeux.<\/p>\n<p>Dans un communiqu\u00e9 rendu public hier et dans lequel il a insist\u00e9 sur le fait que les choses ne vont pas comme sur des roulettes dans nos contr\u00e9es et qu\u2019apr\u00e8s la r\u00e9volution, \u00ab un certain climat de confusion et de myst\u00e8re dans le travail de l\u2019Assembl\u00e9e Constituante r\u00e8gne, ce qui a donn\u00e9 lieu \u00e0 une crise de confiance entre le peuple et le gouvernement sur le plan politique de sorte que la s\u00e9curit\u00e9 nationale a \u00e9t\u00e9 touch\u00e9e de m\u00eame pour l&rsquo;\u00e9conomie et le climat social&#8230; Surtout avec cet extr\u00e9misme et cette violence qui font rage dans notre soci\u00e9t\u00e9&#8230; \u00bb, BCE n\u2019oublie pas de tirer \u00e0 boulets rouges sur le gouvernement de Jebali. D\u2019ailleurs, il n\u2019a pas rat\u00e9 son invitation aujourd\u2019hui sur les plateaux de Jawhara FM (un choix qui n\u2019est pas du tout \u2018innocent\u2019), pour l\u2019attaquer, qualifiant son activit\u00e9 de \u00ab flou \u00bb. L\u2019ex-Premier ministre appelle l\u2019Assembl\u00e9e Constituante, et le gouvernement qui en est issu, \u00e0 pr\u00e9ciser \u00ab d\u2019une mani\u00e8re claire et officielle, la dur\u00e9e de leurs mandats \u00bb  et tient \u00e0 ce que les nouvelles \u00e9lections aient lieu avant la date du 23 octobre 2012&#8230; D\u2019ailleurs, il a ajout\u00e9 : \u00ab on a invit\u00e9 le peuple \u00e0 \u00e9lire une AC qui a pour objectif la constitution d\u2019une nouvelle constitution pour une dur\u00e9e d\u2019une ann\u00e9e. Une p\u00e9riode qui n\u2019a pas \u00e9t\u00e9 d\u00e9finie apr\u00e8s les \u00e9lus de l\u2019AC mais encore par le nouveau gouvernement. Et l\u00e0, il y a anguille sous roche (fiha waw !) \u00bb.<\/p>\n<p>Des phrases qui ont provoqu\u00e9 des questions. Essebsi est-il parti pour revivre une seconde jeunesse politique ? Il laisse la porte entrouverte quant \u00e0 un possible retour sur la sc\u00e8ne politique en d\u00e9clarant au micro de Jawhara FM : \u00ab Ce n\u2019est pas impossible, seul l\u2019avenir pourra trancher \u00bb. Comme nous l\u2019avons \u00e9crit, le choix de cette station est loin d\u2019\u00eatre \u2018innocent\u2019 puisque BCE, et apr\u00e8s avoir rendu hommage aux Sah\u00e9liens pour qui il a \u2018une estime bien particuli\u00e8re\u2019 (sic !) allant m\u00eame jusqu\u2019\u00e0 partager ses go\u00fbts pour la chanson tunisienne avec ceux des Sah\u00e9liens, a voulu rassurer \u00e0 travers cette radio priv\u00e9e tout son beau monde (le peuple en premier lieu et le gouvernement ensuite) qu\u2019il place encore sa confiance en ce gouvernement qui \u00ab reste capable de s\u2019en sortir malgr\u00e9 la situation \u00e9conomique pr\u00e9caire et la conjoncture mondiale instable \u00bb. BCE n\u2019a pas manqu\u00e9 de rappeler que le peuple tunisien a longtemps patient\u00e9 et maintenant il faut que ses v\u0153ux soient exauc\u00e9s.<\/p>\n<p>Il a \u00e9galement expliqu\u00e9 sa pr\u00e9sence lors du proc\u00e8s de Nessma par un acte de soutien \u00e0 Nabil Karoui mais aussi pour d\u00e9fendre la libert\u00e9 d\u2019expression dans un contexte plus g\u00e9n\u00e9ral.<\/p>\n<p>Il ne faut donc pas \u00eatre un devin pour conna\u00eetre les pr\u00e9tentions de ce Bourguibiste de formation politique. Son engouement ne laisse pas grande marge au suspense quant \u00e0 son retour sur la sc\u00e8ne politique \u00e0 travers un parti centriste qui rassemblerait selon les propos de l\u2019ex-Premier ministre une large frange des partis politiques en vue d\u2019un consensus.<\/p>\n<p>Essebsi est-il (bien) parti pour replonger dans le politique \u00e0 la t\u00eate d\u2019un parti qui regroupe plus d\u2019une frange politique afin de contrecarrer la Tro\u00efka et en premier lieu Ennahdha ; une Tro\u00efka qui pour lui est dans l\u2019incapacit\u00e9 de r\u00e9ussir ?<\/p>\n<p>L\u2019homme poss\u00e8de d\u00e9j\u00e0 deux atouts et non des moindres envi\u00e9s par plus d\u2019un : la popularit\u00e9 et le charisme !<\/p>\n","protected":false},"excerpt":{"rendered":"<p>Apr\u00e8s son communiqu\u00e9, B\u00e9ji Ca\u00efd Essebsi rassure ! <\/p>\n","protected":false},"author":3222,"featured_media":374541,"comment_status":"open","ping_status":"closed","sticky":false,"template":"","format":"standard","meta":{"footnotes":""},"categories":[44],"tags":[],"class_list":["post-172262","post","type-post","status-publish","format-standard","has-post-thumbnail","hentry","category-national"],"yoast_head":"<!-- This site is optimized with the Yoast SEO Premium plugin v27.5 (Yoast SEO v27.5) - https:\/\/yoast.com\/product\/yoast-seo-premium-wordpress\/ -->\n<title>Apr\u00e8s son communiqu\u00e9, B\u00e9ji Ca\u00efd Essebsi rassure !<\/title>\n<meta name=\"description\" content=\"Apr\u00e8s son communiqu\u00e9, B\u00e9ji Ca\u00efd Essebsi rassure !\" \/>\n<link rel=\"canonical\" href=\"https:\/\/www.webdo.tn\/fr\/actualite\/national\/apres-son-communique-beji-caid-essebsi-rassure\/172262\/\" \/>\n<meta property=\"og:locale\" content=\"fr_FR\" \/>\n<meta property=\"og:type\" content=\"article\" \/>\n<meta property=\"og:title\" content=\"Apr\u00e8s son communiqu\u00e9, B\u00e9ji Ca\u00efd Essebsi rassure !\" \/>\n<meta property=\"og:description\" content=\"Apr\u00e8s son communiqu\u00e9, B\u00e9ji Ca\u00efd Essebsi rassure !\" \/>\n<meta property=\"og:url\" content=\"https:\/\/www.webdo.tn\/fr\/actualite\/national\/apres-son-communique-beji-caid-essebsi-rassure\/172262\/\" \/>\n<meta property=\"og:site_name\" content=\"webdo\" \/>\n<meta property=\"article:publisher\" content=\"https:\/\/www.facebook.com\/webdotn\" \/>\n<meta property=\"article:published_time\" content=\"2012-01-26T21:39:00+00:00\" \/>\n<meta property=\"article:modified_time\" content=\"2025-06-04T19:01:25+00:00\" \/>\n<meta name=\"author\" content=\"webdo.tn\" \/>\n<meta name=\"twitter:card\" content=\"summary_large_image\" \/>\n<meta name=\"twitter:creator\" content=\"@webdo_tn\" \/>\n<meta name=\"twitter:site\" content=\"@webdo_tn\" \/>\n<meta name=\"twitter:label1\" content=\"\u00c9crit par\" \/>\n\t<meta name=\"twitter:data1\" content=\"webdo.tn\" \/>\n\t<meta name=\"twitter:label2\" content=\"Dur\u00e9e de lecture estim\u00e9e\" \/>\n\t<meta name=\"twitter:data2\" content=\"4 minutes\" \/>\n<script type=\"application\/ld+json\" class=\"yoast-schema-graph\">{\"@context\":\"https:\\\/\\\/schema.org\",\"@graph\":[{\"@type\":\"NewsArticle\",\"@id\":\"https:\\\/\\\/www.webdo.tn\\\/fr\\\/actualite\\\/national\\\/apres-son-communique-beji-caid-essebsi-rassure\\\/172262\\\/#article\",\"isPartOf\":{\"@id\":\"https:\\\/\\\/www.webdo.tn\\\/fr\\\/actualite\\\/national\\\/apres-son-communique-beji-caid-essebsi-rassure\\\/172262\\\/\"},\"author\":{\"name\":\"webdo.tn\",\"@id\":\"https:\\\/\\\/www.webdo.tn\\\/fr\\\/#\\\/schema\\\/person\\\/9a9c6118d687c117df8ef3cc36a4d175\"},\"headline\":\"Apr\u00e8s son communiqu\u00e9, B\u00e9ji Ca\u00efd Essebsi rassure !\",\"datePublished\":\"2012-01-26T21:39:00+00:00\",\"dateModified\":\"2025-06-04T19:01:25+00:00\",\"mainEntityOfPage\":{\"@id\":\"https:\\\/\\\/www.webdo.tn\\\/fr\\\/actualite\\\/national\\\/apres-son-communique-beji-caid-essebsi-rassure\\\/172262\\\/\"},\"wordCount\":713,\"commentCount\":0,\"publisher\":{\"@id\":\"https:\\\/\\\/www.webdo.tn\\\/fr\\\/#organization\"},\"image\":{\"@id\":\"https:\\\/\\\/www.webdo.tn\\\/fr\\\/actualite\\\/national\\\/apres-son-communique-beji-caid-essebsi-rassure\\\/172262\\\/#primaryimage\"},\"thumbnailUrl\":\"https:\\\/\\\/www.webdo.tn\\\/fr\\\/wp-content\\\/uploads\\\/2025\\\/06\\\/Beji-Caid-Essebsi-photoTAP_172262.jpg\",\"articleSection\":[\"National\"],\"inLanguage\":\"fr-FR\"},{\"@type\":\"WebPage\",\"@id\":\"https:\\\/\\\/www.webdo.tn\\\/fr\\\/actualite\\\/national\\\/apres-son-communique-beji-caid-essebsi-rassure\\\/172262\\\/\",\"url\":\"https:\\\/\\\/www.webdo.tn\\\/fr\\\/actualite\\\/national\\\/apres-son-communique-beji-caid-essebsi-rassure\\\/172262\\\/\",\"name\":\"Apr\u00e8s son communiqu\u00e9, B\u00e9ji Ca\u00efd Essebsi rassure !\",\"isPartOf\":{\"@id\":\"https:\\\/\\\/www.webdo.tn\\\/fr\\\/#website\"},\"primaryImageOfPage\":{\"@id\":\"https:\\\/\\\/www.webdo.tn\\\/fr\\\/actualite\\\/national\\\/apres-son-communique-beji-caid-essebsi-rassure\\\/172262\\\/#primaryimage\"},\"image\":{\"@id\":\"https:\\\/\\\/www.webdo.tn\\\/fr\\\/actualite\\\/national\\\/apres-son-communique-beji-caid-essebsi-rassure\\\/172262\\\/#primaryimage\"},\"thumbnailUrl\":\"https:\\\/\\\/www.webdo.tn\\\/fr\\\/wp-content\\\/uploads\\\/2025\\\/06\\\/Beji-Caid-Essebsi-photoTAP_172262.jpg\",\"datePublished\":\"2012-01-26T21:39:00+00:00\",\"dateModified\":\"2025-06-04T19:01:25+00:00\",\"description\":\"Apr\u00e8s son communiqu\u00e9, B\u00e9ji Ca\u00efd Essebsi rassure !\",\"breadcrumb\":{\"@id\":\"https:\\\/\\\/www.webdo.tn\\\/fr\\\/actualite\\\/national\\\/apres-son-communique-beji-caid-essebsi-rassure\\\/172262\\\/#breadcrumb\"},\"inLanguage\":\"fr-FR\",\"potentialAction\":[{\"@type\":\"ReadAction\",\"target\":[\"https:\\\/\\\/www.webdo.tn\\\/fr\\\/actualite\\\/national\\\/apres-son-communique-beji-caid-essebsi-rassure\\\/172262\\\/\"]}]},{\"@type\":\"ImageObject\",\"inLanguage\":\"fr-FR\",\"@id\":\"https:\\\/\\\/www.webdo.tn\\\/fr\\\/actualite\\\/national\\\/apres-son-communique-beji-caid-essebsi-rassure\\\/172262\\\/#primaryimage\",\"url\":\"https:\\\/\\\/www.webdo.tn\\\/fr\\\/wp-content\\\/uploads\\\/2025\\\/06\\\/Beji-Caid-Essebsi-photoTAP_172262.jpg\",\"contentUrl\":\"https:\\\/\\\/www.webdo.tn\\\/fr\\\/wp-content\\\/uploads\\\/2025\\\/06\\\/Beji-Caid-Essebsi-photoTAP_172262.jpg\",\"width\":370,\"height\":250,\"caption\":\"Apr\u00e8s son communiqu\u00e9, B\u00e9ji Ca\u00efd Essebsi rassure !\"},{\"@type\":\"BreadcrumbList\",\"@id\":\"https:\\\/\\\/www.webdo.tn\\\/fr\\\/actualite\\\/national\\\/apres-son-communique-beji-caid-essebsi-rassure\\\/172262\\\/#breadcrumb\",\"itemListElement\":[{\"@type\":\"ListItem\",\"position\":1,\"name\":\"Accueil\",\"item\":\"https:\\\/\\\/www.webdo.tn\\\/fr\\\/\"},{\"@type\":\"ListItem\",\"position\":2,\"name\":\"Apr\u00e8s son communiqu\u00e9, B\u00e9ji Ca\u00efd Essebsi rassure !\"}]},{\"@type\":\"WebSite\",\"@id\":\"https:\\\/\\\/www.webdo.tn\\\/fr\\\/#website\",\"url\":\"https:\\\/\\\/www.webdo.tn\\\/fr\\\/\",\"name\":\"webdo\",\"description\":\"Tunisie - News en Tunisie et \u00e0 l&#039;international sur Webdo.tn\",\"publisher\":{\"@id\":\"https:\\\/\\\/www.webdo.tn\\\/fr\\\/#organization\"},\"potentialAction\":[{\"@type\":\"SearchAction\",\"target\":{\"@type\":\"EntryPoint\",\"urlTemplate\":\"https:\\\/\\\/www.webdo.tn\\\/fr\\\/?s={search_term_string}\"},\"query-input\":{\"@type\":\"PropertyValueSpecification\",\"valueRequired\":true,\"valueName\":\"search_term_string\"}}],\"inLanguage\":\"fr-FR\"},{\"@type\":\"Organization\",\"@id\":\"https:\\\/\\\/www.webdo.tn\\\/fr\\\/#organization\",\"name\":\"Webdo\",\"alternateName\":\"Webdo.tn\",\"url\":\"https:\\\/\\\/www.webdo.tn\\\/fr\\\/\",\"logo\":{\"@type\":\"ImageObject\",\"inLanguage\":\"fr-FR\",\"@id\":\"https:\\\/\\\/www.webdo.tn\\\/fr\\\/#\\\/schema\\\/logo\\\/image\\\/\",\"url\":\"https:\\\/\\\/www.webdo.tn\\\/fr\\\/wp-content\\\/uploads\\\/2025\\\/06\\\/Webdo-Tunisie_168377.jpg\",\"contentUrl\":\"https:\\\/\\\/www.webdo.tn\\\/fr\\\/wp-content\\\/uploads\\\/2025\\\/06\\\/Webdo-Tunisie_168377.jpg\",\"width\":301,\"height\":301,\"caption\":\"Webdo\"},\"image\":{\"@id\":\"https:\\\/\\\/www.webdo.tn\\\/fr\\\/#\\\/schema\\\/logo\\\/image\\\/\"},\"sameAs\":[\"https:\\\/\\\/www.facebook.com\\\/webdotn\",\"https:\\\/\\\/x.com\\\/webdo_tn\"],\"description\":\"Webdo est un m\u00e9dia num\u00e9rique tunisien fond\u00e9 en 2010, sp\u00e9cialis\u00e9 dans l\u2019actualit\u00e9 nationale et internationale, l\u2019\u00e9conomie, la soci\u00e9t\u00e9 et les analyses politiques. Le site s\u2019adresse \u00e0 un large public francophone et couvre l\u2019information tunisienne en temps r\u00e9el.\",\"email\":\"redac@webdo.tn\",\"legalName\":\"YNJ SARL\",\"foundingDate\":\"2010-09-06\",\"numberOfEmployees\":{\"@type\":\"QuantitativeValue\",\"minValue\":\"11\",\"maxValue\":\"50\"}},{\"@type\":\"Person\",\"@id\":\"https:\\\/\\\/www.webdo.tn\\\/fr\\\/#\\\/schema\\\/person\\\/9a9c6118d687c117df8ef3cc36a4d175\",\"name\":\"webdo.tn\",\"image\":{\"@type\":\"ImageObject\",\"inLanguage\":\"fr-FR\",\"@id\":\"https:\\\/\\\/secure.gravatar.com\\\/avatar\\\/7ce1f28c0c3bbac99ff550b85ef8e44a6950c6ee24514fb6a5489e51d06f0298?s=96&d=mm&r=g\",\"url\":\"https:\\\/\\\/secure.gravatar.com\\\/avatar\\\/7ce1f28c0c3bbac99ff550b85ef8e44a6950c6ee24514fb6a5489e51d06f0298?s=96&d=mm&r=g\",\"contentUrl\":\"https:\\\/\\\/secure.gravatar.com\\\/avatar\\\/7ce1f28c0c3bbac99ff550b85ef8e44a6950c6ee24514fb6a5489e51d06f0298?s=96&d=mm&r=g\",\"caption\":\"webdo.tn\"},\"url\":\"https:\\\/\\\/www.webdo.tn\\\/fr\\\/actualite\\\/author\\\/webdotn\\\/\"}]}<\/script>\n<!-- \/ Yoast SEO Premium plugin. -->","yoast_head_json":{"title":"Apr\u00e8s son communiqu\u00e9, B\u00e9ji Ca\u00efd Essebsi rassure !","description":"Apr\u00e8s son communiqu\u00e9, B\u00e9ji Ca\u00efd Essebsi rassure !","canonical":"https:\/\/www.webdo.tn\/fr\/actualite\/national\/apres-son-communique-beji-caid-essebsi-rassure\/172262\/","og_locale":"fr_FR","og_type":"article","og_title":"Apr\u00e8s son communiqu\u00e9, B\u00e9ji Ca\u00efd Essebsi rassure !","og_description":"Apr\u00e8s son communiqu\u00e9, B\u00e9ji Ca\u00efd Essebsi rassure !","og_url":"https:\/\/www.webdo.tn\/fr\/actualite\/national\/apres-son-communique-beji-caid-essebsi-rassure\/172262\/","og_site_name":"webdo","article_publisher":"https:\/\/www.facebook.com\/webdotn","article_published_time":"2012-01-26T21:39:00+00:00","article_modified_time":"2025-06-04T19:01:25+00:00","author":"webdo.tn","twitter_card":"summary_large_image","twitter_creator":"@webdo_tn","twitter_site":"@webdo_tn","twitter_misc":{"\u00c9crit par":"webdo.tn","Dur\u00e9e de lecture estim\u00e9e":"4 minutes"},"schema":{"@context":"https:\/\/schema.org","@graph":[{"@type":"NewsArticle","@id":"https:\/\/www.webdo.tn\/fr\/actualite\/national\/apres-son-communique-beji-caid-essebsi-rassure\/172262\/#article","isPartOf":{"@id":"https:\/\/www.webdo.tn\/fr\/actualite\/national\/apres-son-communique-beji-caid-essebsi-rassure\/172262\/"},"author":{"name":"webdo.tn","@id":"https:\/\/www.webdo.tn\/fr\/#\/schema\/person\/9a9c6118d687c117df8ef3cc36a4d175"},"headline":"Apr\u00e8s son communiqu\u00e9, B\u00e9ji Ca\u00efd Essebsi rassure !","datePublished":"2012-01-26T21:39:00+00:00","dateModified":"2025-06-04T19:01:25+00:00","mainEntityOfPage":{"@id":"https:\/\/www.webdo.tn\/fr\/actualite\/national\/apres-son-communique-beji-caid-essebsi-rassure\/172262\/"},"wordCount":713,"commentCount":0,"publisher":{"@id":"https:\/\/www.webdo.tn\/fr\/#organization"},"image":{"@id":"https:\/\/www.webdo.tn\/fr\/actualite\/national\/apres-son-communique-beji-caid-essebsi-rassure\/172262\/#primaryimage"},"thumbnailUrl":"https:\/\/www.webdo.tn\/fr\/wp-content\/uploads\/2025\/06\/Beji-Caid-Essebsi-photoTAP_172262.jpg","articleSection":["National"],"inLanguage":"fr-FR"},{"@type":"WebPage","@id":"https:\/\/www.webdo.tn\/fr\/actualite\/national\/apres-son-communique-beji-caid-essebsi-rassure\/172262\/","url":"https:\/\/www.webdo.tn\/fr\/actualite\/national\/apres-son-communique-beji-caid-essebsi-rassure\/172262\/","name":"Apr\u00e8s son communiqu\u00e9, B\u00e9ji Ca\u00efd Essebsi rassure !","isPartOf":{"@id":"https:\/\/www.webdo.tn\/fr\/#website"},"primaryImageOfPage":{"@id":"https:\/\/www.webdo.tn\/fr\/actualite\/national\/apres-son-communique-beji-caid-essebsi-rassure\/172262\/#primaryimage"},"image":{"@id":"https:\/\/www.webdo.tn\/fr\/actualite\/national\/apres-son-communique-beji-caid-essebsi-rassure\/172262\/#primaryimage"},"thumbnailUrl":"https:\/\/www.webdo.tn\/fr\/wp-content\/uploads\/2025\/06\/Beji-Caid-Essebsi-photoTAP_172262.jpg","datePublished":"2012-01-26T21:39:00+00:00","dateModified":"2025-06-04T19:01:25+00:00","description":"Apr\u00e8s son communiqu\u00e9, B\u00e9ji Ca\u00efd Essebsi rassure !","breadcrumb":{"@id":"https:\/\/www.webdo.tn\/fr\/actualite\/national\/apres-son-communique-beji-caid-essebsi-rassure\/172262\/#breadcrumb"},"inLanguage":"fr-FR","potentialAction":[{"@type":"ReadAction","target":["https:\/\/www.webdo.tn\/fr\/actualite\/national\/apres-son-communique-beji-caid-essebsi-rassure\/172262\/"]}]},{"@type":"ImageObject","inLanguage":"fr-FR","@id":"https:\/\/www.webdo.tn\/fr\/actualite\/national\/apres-son-communique-beji-caid-essebsi-rassure\/172262\/#primaryimage","url":"https:\/\/www.webdo.tn\/fr\/wp-content\/uploads\/2025\/06\/Beji-Caid-Essebsi-photoTAP_172262.jpg","contentUrl":"https:\/\/www.webdo.tn\/fr\/wp-content\/uploads\/2025\/06\/Beji-Caid-Essebsi-photoTAP_172262.jpg","width":370,"height":250,"caption":"Apr\u00e8s son communiqu\u00e9, B\u00e9ji Ca\u00efd Essebsi rassure !"},{"@type":"BreadcrumbList","@id":"https:\/\/www.webdo.tn\/fr\/actualite\/national\/apres-son-communique-beji-caid-essebsi-rassure\/172262\/#breadcrumb","itemListElement":[{"@type":"ListItem","position":1,"name":"Accueil","item":"https:\/\/www.webdo.tn\/fr\/"},{"@type":"ListItem","position":2,"name":"Apr\u00e8s son communiqu\u00e9, B\u00e9ji Ca\u00efd Essebsi rassure !"}]},{"@type":"WebSite","@id":"https:\/\/www.webdo.tn\/fr\/#website","url":"https:\/\/www.webdo.tn\/fr\/","name":"webdo","description":"Tunisie - News en Tunisie et \u00e0 l&#039;international sur Webdo.tn","publisher":{"@id":"https:\/\/www.webdo.tn\/fr\/#organization"},"potentialAction":[{"@type":"SearchAction","target":{"@type":"EntryPoint","urlTemplate":"https:\/\/www.webdo.tn\/fr\/?s={search_term_string}"},"query-input":{"@type":"PropertyValueSpecification","valueRequired":true,"valueName":"search_term_string"}}],"inLanguage":"fr-FR"},{"@type":"Organization","@id":"https:\/\/www.webdo.tn\/fr\/#organization","name":"Webdo","alternateName":"Webdo.tn","url":"https:\/\/www.webdo.tn\/fr\/","logo":{"@type":"ImageObject","inLanguage":"fr-FR","@id":"https:\/\/www.webdo.tn\/fr\/#\/schema\/logo\/image\/","url":"https:\/\/www.webdo.tn\/fr\/wp-content\/uploads\/2025\/06\/Webdo-Tunisie_168377.jpg","contentUrl":"https:\/\/www.webdo.tn\/fr\/wp-content\/uploads\/2025\/06\/Webdo-Tunisie_168377.jpg","width":301,"height":301,"caption":"Webdo"},"image":{"@id":"https:\/\/www.webdo.tn\/fr\/#\/schema\/logo\/image\/"},"sameAs":["https:\/\/www.facebook.com\/webdotn","https:\/\/x.com\/webdo_tn"],"description":"Webdo est un m\u00e9dia num\u00e9rique tunisien fond\u00e9 en 2010, sp\u00e9cialis\u00e9 dans l\u2019actualit\u00e9 nationale et internationale, l\u2019\u00e9conomie, la soci\u00e9t\u00e9 et les analyses politiques. Le site s\u2019adresse \u00e0 un large public francophone et couvre l\u2019information tunisienne en temps r\u00e9el.","email":"redac@webdo.tn","legalName":"YNJ SARL","foundingDate":"2010-09-06","numberOfEmployees":{"@type":"QuantitativeValue","minValue":"11","maxValue":"50"}},{"@type":"Person","@id":"https:\/\/www.webdo.tn\/fr\/#\/schema\/person\/9a9c6118d687c117df8ef3cc36a4d175","name":"webdo.tn","image":{"@type":"ImageObject","inLanguage":"fr-FR","@id":"https:\/\/secure.gravatar.com\/avatar\/7ce1f28c0c3bbac99ff550b85ef8e44a6950c6ee24514fb6a5489e51d06f0298?s=96&d=mm&r=g","url":"https:\/\/secure.gravatar.com\/avatar\/7ce1f28c0c3bbac99ff550b85ef8e44a6950c6ee24514fb6a5489e51d06f0298?s=96&d=mm&r=g","contentUrl":"https:\/\/secure.gravatar.com\/avatar\/7ce1f28c0c3bbac99ff550b85ef8e44a6950c6ee24514fb6a5489e51d06f0298?s=96&d=mm&r=g","caption":"webdo.tn"},"url":"https:\/\/www.webdo.tn\/fr\/actualite\/author\/webdotn\/"}]}},"_links":{"self":[{"href":"https:\/\/www.webdo.tn\/fr\/wp-json\/wp\/v2\/posts\/172262","targetHints":{"allow":["GET"]}}],"collection":[{"href":"https:\/\/www.webdo.tn\/fr\/wp-json\/wp\/v2\/posts"}],"about":[{"href":"https:\/\/www.webdo.tn\/fr\/wp-json\/wp\/v2\/types\/post"}],"author":[{"embeddable":true,"href":"https:\/\/www.webdo.tn\/fr\/wp-json\/wp\/v2\/users\/3222"}],"replies":[{"embeddable":true,"href":"https:\/\/www.webdo.tn\/fr\/wp-json\/wp\/v2\/comments?post=172262"}],"version-history":[{"count":0,"href":"https:\/\/www.webdo.tn\/fr\/wp-json\/wp\/v2\/posts\/172262\/revisions"}],"wp:featuredmedia":[{"embeddable":true,"href":"https:\/\/www.webdo.tn\/fr\/wp-json\/wp\/v2\/media\/374541"}],"wp:attachment":[{"href":"https:\/\/www.webdo.tn\/fr\/wp-json\/wp\/v2\/media?parent=172262"}],"wp:term":[{"taxonomy":"category","embeddable":true,"href":"https:\/\/www.webdo.tn\/fr\/wp-json\/wp\/v2\/categories?post=172262"},{"taxonomy":"post_tag","embeddable":true,"href":"https:\/\/www.webdo.tn\/fr\/wp-json\/wp\/v2\/tags?post=172262"}],"curies":[{"name":"wp","href":"https:\/\/api.w.org\/{rel}","templated":true}]}}