{"id":172261,"date":"2012-01-26T21:40:00","date_gmt":"2012-01-26T21:40:00","guid":{"rendered":"https:\/\/www.webdo.tn\/fr\/blog\/quatre-facultes-de-medecine-interdisent-le-port-du-niqab-en-cours\/172261\/"},"modified":"2025-06-04T19:01:23","modified_gmt":"2025-06-04T19:01:23","slug":"quatre-facultes-de-medecine-interdisent-le-port-du-niqab-en-cours","status":"publish","type":"post","link":"https:\/\/www.webdo.tn\/fr\/actualite\/national\/quatre-facultes-de-medecine-interdisent-le-port-du-niqab-en-cours\/172261\/","title":{"rendered":"Quatre facult\u00e9s de m\u00e9decine interdisent le port du niqab en cours"},"content":{"rendered":"<p>L\u2019affaire du niqab \u00e0 la Facult\u00e9 des Lettres de La Manouba, qui continue \u00e0 d\u00e9frayer la chronique depuis quasiment deux mois, est en passe de concerner toutes les institutions universitaires tunisiennes. <\/p>\n<p>S\u2019il est vrai que cette affaire de l\u2019accoutrement salafiste s\u2019est cristallis\u00e9e avec exacerbation \u00e0 Manouba, il faut souligner que d\u2019autres facult\u00e9s ont eu affaire \u00e0 ces revendications de la part des groupuscules fondamentalistes.<\/p>\n<p>Aujourd\u2019hui un certain nombre de facult\u00e9s ont rejoint la position de la FLAHM. En effet, les conseils scientifiques des quatre facult\u00e9s de m\u00e9decine du pays viennent de d\u00e9cider l\u2019interdiction aux \u00e9tudiantes le port du niqab en cours, et ce, pour des raisons purement p\u00e9dagogiques et s\u00e9curitaires, rapporte Mosaique Fm.<\/p>\n<p>\u00c0 l\u2019\u00e9vidence, les mesures prises par la FLAHM semblent faire tache d\u2019huile, et si d\u2019aventure ces positions en venaient \u00e0 gagner d\u2019autres universit\u00e9s, le ministre de tutelle, qui a toujours minimis\u00e9 l\u2019affaire du niqab, devrait sortir de sa r\u00e9serve et prendre une position ferme sous peine de s\u2019engager dans un engrenage aux cons\u00e9quences nul doute f\u00e2cheuses.<\/p>\n","protected":false},"excerpt":{"rendered":"<p>Quatre facult\u00e9s de m\u00e9decine interdisent le port du niqab en cours <\/p>\n","protected":false},"author":3222,"featured_media":374655,"comment_status":"open","ping_status":"closed","sticky":false,"template":"","format":"standard","meta":{"footnotes":""},"categories":[44],"tags":[],"class_list":["post-172261","post","type-post","status-publish","format-standard","has-post-thumbnail","hentry","category-national"],"yoast_head":"<!-- This site is optimized with the Yoast SEO Premium plugin v27.5 (Yoast SEO v27.5) - https:\/\/yoast.com\/product\/yoast-seo-premium-wordpress\/ -->\n<title>Quatre facult\u00e9s de m\u00e9decine interdisent le port du niqab en cours<\/title>\n<meta name=\"description\" content=\"Quatre facult\u00e9s de m\u00e9decine interdisent le port du niqab en cours\" \/>\n<link rel=\"canonical\" href=\"https:\/\/www.webdo.tn\/fr\/actualite\/blog\/quatre-facultes-de-medecine-interdisent-le-port-du-niqab-en-cours\/172261\/\" \/>\n<meta property=\"og:locale\" content=\"fr_FR\" \/>\n<meta property=\"og:type\" content=\"article\" \/>\n<meta property=\"og:title\" content=\"Quatre facult\u00e9s de m\u00e9decine interdisent le port du niqab en cours\" \/>\n<meta property=\"og:description\" content=\"Quatre facult\u00e9s de m\u00e9decine interdisent le port du niqab en cours\" \/>\n<meta property=\"og:url\" content=\"https:\/\/www.webdo.tn\/fr\/actualite\/blog\/quatre-facultes-de-medecine-interdisent-le-port-du-niqab-en-cours\/172261\/\" \/>\n<meta property=\"og:site_name\" content=\"webdo\" \/>\n<meta property=\"article:publisher\" content=\"https:\/\/www.facebook.com\/webdotn\" \/>\n<meta property=\"article:published_time\" content=\"2012-01-26T21:40:00+00:00\" \/>\n<meta property=\"article:modified_time\" content=\"2025-06-04T19:01:23+00:00\" \/>\n<meta name=\"author\" content=\"webdo.tn\" \/>\n<meta name=\"twitter:card\" content=\"summary_large_image\" \/>\n<meta name=\"twitter:creator\" content=\"@webdo_tn\" \/>\n<meta name=\"twitter:site\" content=\"@webdo_tn\" \/>\n<meta name=\"twitter:label1\" content=\"\u00c9crit par\" \/>\n\t<meta name=\"twitter:data1\" content=\"webdo.tn\" \/>\n\t<meta name=\"twitter:label2\" content=\"Dur\u00e9e de lecture estim\u00e9e\" \/>\n\t<meta name=\"twitter:data2\" content=\"1 minute\" \/>\n<script type=\"application\/ld+json\" class=\"yoast-schema-graph\">{\"@context\":\"https:\\\/\\\/schema.org\",\"@graph\":[{\"@type\":\"NewsArticle\",\"@id\":\"https:\\\/\\\/www.webdo.tn\\\/fr\\\/actualite\\\/blog\\\/quatre-facultes-de-medecine-interdisent-le-port-du-niqab-en-cours\\\/172261\\\/#article\",\"isPartOf\":{\"@id\":\"https:\\\/\\\/www.webdo.tn\\\/fr\\\/actualite\\\/blog\\\/quatre-facultes-de-medecine-interdisent-le-port-du-niqab-en-cours\\\/172261\\\/\"},\"author\":{\"name\":\"webdo.tn\",\"@id\":\"https:\\\/\\\/www.webdo.tn\\\/fr\\\/#\\\/schema\\\/person\\\/9a9c6118d687c117df8ef3cc36a4d175\"},\"headline\":\"Quatre facult\u00e9s de m\u00e9decine interdisent le port du niqab en cours\",\"datePublished\":\"2012-01-26T21:40:00+00:00\",\"dateModified\":\"2025-06-04T19:01:23+00:00\",\"mainEntityOfPage\":{\"@id\":\"https:\\\/\\\/www.webdo.tn\\\/fr\\\/actualite\\\/blog\\\/quatre-facultes-de-medecine-interdisent-le-port-du-niqab-en-cours\\\/172261\\\/\"},\"wordCount\":202,\"commentCount\":0,\"publisher\":{\"@id\":\"https:\\\/\\\/www.webdo.tn\\\/fr\\\/#organization\"},\"image\":{\"@id\":\"https:\\\/\\\/www.webdo.tn\\\/fr\\\/actualite\\\/blog\\\/quatre-facultes-de-medecine-interdisent-le-port-du-niqab-en-cours\\\/172261\\\/#primaryimage\"},\"thumbnailUrl\":\"https:\\\/\\\/www.webdo.tn\\\/fr\\\/wp-content\\\/uploads\\\/2025\\\/06\\\/Le-niqab-au-sein-de-luniversite-photo-postedeveille.ca__172261.jpg\",\"articleSection\":[\"National\"],\"inLanguage\":\"fr-FR\"},{\"@type\":\"WebPage\",\"@id\":\"https:\\\/\\\/www.webdo.tn\\\/fr\\\/actualite\\\/blog\\\/quatre-facultes-de-medecine-interdisent-le-port-du-niqab-en-cours\\\/172261\\\/\",\"url\":\"https:\\\/\\\/www.webdo.tn\\\/fr\\\/actualite\\\/blog\\\/quatre-facultes-de-medecine-interdisent-le-port-du-niqab-en-cours\\\/172261\\\/\",\"name\":\"Quatre facult\u00e9s de m\u00e9decine interdisent le port du niqab en cours\",\"isPartOf\":{\"@id\":\"https:\\\/\\\/www.webdo.tn\\\/fr\\\/#website\"},\"primaryImageOfPage\":{\"@id\":\"https:\\\/\\\/www.webdo.tn\\\/fr\\\/actualite\\\/blog\\\/quatre-facultes-de-medecine-interdisent-le-port-du-niqab-en-cours\\\/172261\\\/#primaryimage\"},\"image\":{\"@id\":\"https:\\\/\\\/www.webdo.tn\\\/fr\\\/actualite\\\/blog\\\/quatre-facultes-de-medecine-interdisent-le-port-du-niqab-en-cours\\\/172261\\\/#primaryimage\"},\"thumbnailUrl\":\"https:\\\/\\\/www.webdo.tn\\\/fr\\\/wp-content\\\/uploads\\\/2025\\\/06\\\/Le-niqab-au-sein-de-luniversite-photo-postedeveille.ca__172261.jpg\",\"datePublished\":\"2012-01-26T21:40:00+00:00\",\"dateModified\":\"2025-06-04T19:01:23+00:00\",\"description\":\"Quatre facult\u00e9s de m\u00e9decine interdisent le port du niqab en cours\",\"breadcrumb\":{\"@id\":\"https:\\\/\\\/www.webdo.tn\\\/fr\\\/actualite\\\/blog\\\/quatre-facultes-de-medecine-interdisent-le-port-du-niqab-en-cours\\\/172261\\\/#breadcrumb\"},\"inLanguage\":\"fr-FR\",\"potentialAction\":[{\"@type\":\"ReadAction\",\"target\":[\"https:\\\/\\\/www.webdo.tn\\\/fr\\\/actualite\\\/blog\\\/quatre-facultes-de-medecine-interdisent-le-port-du-niqab-en-cours\\\/172261\\\/\"]}]},{\"@type\":\"ImageObject\",\"inLanguage\":\"fr-FR\",\"@id\":\"https:\\\/\\\/www.webdo.tn\\\/fr\\\/actualite\\\/blog\\\/quatre-facultes-de-medecine-interdisent-le-port-du-niqab-en-cours\\\/172261\\\/#primaryimage\",\"url\":\"https:\\\/\\\/www.webdo.tn\\\/fr\\\/wp-content\\\/uploads\\\/2025\\\/06\\\/Le-niqab-au-sein-de-luniversite-photo-postedeveille.ca__172261.jpg\",\"contentUrl\":\"https:\\\/\\\/www.webdo.tn\\\/fr\\\/wp-content\\\/uploads\\\/2025\\\/06\\\/Le-niqab-au-sein-de-luniversite-photo-postedeveille.ca__172261.jpg\",\"width\":246,\"height\":186,\"caption\":\"Quatre facult\u00e9s de m\u00e9decine interdisent le port du niqab en cours\"},{\"@type\":\"BreadcrumbList\",\"@id\":\"https:\\\/\\\/www.webdo.tn\\\/fr\\\/actualite\\\/blog\\\/quatre-facultes-de-medecine-interdisent-le-port-du-niqab-en-cours\\\/172261\\\/#breadcrumb\",\"itemListElement\":[{\"@type\":\"ListItem\",\"position\":1,\"name\":\"Accueil\",\"item\":\"https:\\\/\\\/www.webdo.tn\\\/fr\\\/\"},{\"@type\":\"ListItem\",\"position\":2,\"name\":\"Quatre facult\u00e9s de m\u00e9decine interdisent le port du niqab en cours\"}]},{\"@type\":\"WebSite\",\"@id\":\"https:\\\/\\\/www.webdo.tn\\\/fr\\\/#website\",\"url\":\"https:\\\/\\\/www.webdo.tn\\\/fr\\\/\",\"name\":\"webdo\",\"description\":\"Tunisie - News en Tunisie et \u00e0 l&#039;international sur Webdo.tn\",\"publisher\":{\"@id\":\"https:\\\/\\\/www.webdo.tn\\\/fr\\\/#organization\"},\"potentialAction\":[{\"@type\":\"SearchAction\",\"target\":{\"@type\":\"EntryPoint\",\"urlTemplate\":\"https:\\\/\\\/www.webdo.tn\\\/fr\\\/?s={search_term_string}\"},\"query-input\":{\"@type\":\"PropertyValueSpecification\",\"valueRequired\":true,\"valueName\":\"search_term_string\"}}],\"inLanguage\":\"fr-FR\"},{\"@type\":\"Organization\",\"@id\":\"https:\\\/\\\/www.webdo.tn\\\/fr\\\/#organization\",\"name\":\"Webdo\",\"alternateName\":\"Webdo.tn\",\"url\":\"https:\\\/\\\/www.webdo.tn\\\/fr\\\/\",\"logo\":{\"@type\":\"ImageObject\",\"inLanguage\":\"fr-FR\",\"@id\":\"https:\\\/\\\/www.webdo.tn\\\/fr\\\/#\\\/schema\\\/logo\\\/image\\\/\",\"url\":\"https:\\\/\\\/www.webdo.tn\\\/fr\\\/wp-content\\\/uploads\\\/2025\\\/06\\\/Webdo-Tunisie_168377.jpg\",\"contentUrl\":\"https:\\\/\\\/www.webdo.tn\\\/fr\\\/wp-content\\\/uploads\\\/2025\\\/06\\\/Webdo-Tunisie_168377.jpg\",\"width\":301,\"height\":301,\"caption\":\"Webdo\"},\"image\":{\"@id\":\"https:\\\/\\\/www.webdo.tn\\\/fr\\\/#\\\/schema\\\/logo\\\/image\\\/\"},\"sameAs\":[\"https:\\\/\\\/www.facebook.com\\\/webdotn\",\"https:\\\/\\\/x.com\\\/webdo_tn\"],\"description\":\"Webdo est un m\u00e9dia num\u00e9rique tunisien fond\u00e9 en 2010, sp\u00e9cialis\u00e9 dans l\u2019actualit\u00e9 nationale et internationale, l\u2019\u00e9conomie, la soci\u00e9t\u00e9 et les analyses politiques. Le site s\u2019adresse \u00e0 un large public francophone et couvre l\u2019information tunisienne en temps r\u00e9el.\",\"email\":\"redac@webdo.tn\",\"legalName\":\"YNJ SARL\",\"foundingDate\":\"2010-09-06\",\"numberOfEmployees\":{\"@type\":\"QuantitativeValue\",\"minValue\":\"11\",\"maxValue\":\"50\"}},{\"@type\":\"Person\",\"@id\":\"https:\\\/\\\/www.webdo.tn\\\/fr\\\/#\\\/schema\\\/person\\\/9a9c6118d687c117df8ef3cc36a4d175\",\"name\":\"webdo.tn\",\"image\":{\"@type\":\"ImageObject\",\"inLanguage\":\"fr-FR\",\"@id\":\"https:\\\/\\\/secure.gravatar.com\\\/avatar\\\/7ce1f28c0c3bbac99ff550b85ef8e44a6950c6ee24514fb6a5489e51d06f0298?s=96&d=mm&r=g\",\"url\":\"https:\\\/\\\/secure.gravatar.com\\\/avatar\\\/7ce1f28c0c3bbac99ff550b85ef8e44a6950c6ee24514fb6a5489e51d06f0298?s=96&d=mm&r=g\",\"contentUrl\":\"https:\\\/\\\/secure.gravatar.com\\\/avatar\\\/7ce1f28c0c3bbac99ff550b85ef8e44a6950c6ee24514fb6a5489e51d06f0298?s=96&d=mm&r=g\",\"caption\":\"webdo.tn\"},\"url\":\"https:\\\/\\\/www.webdo.tn\\\/fr\\\/actualite\\\/author\\\/webdotn\\\/\"}]}<\/script>\n<!-- \/ Yoast SEO Premium plugin. -->","yoast_head_json":{"title":"Quatre facult\u00e9s de m\u00e9decine interdisent le port du niqab en cours","description":"Quatre facult\u00e9s de m\u00e9decine interdisent le port du niqab en cours","canonical":"https:\/\/www.webdo.tn\/fr\/actualite\/blog\/quatre-facultes-de-medecine-interdisent-le-port-du-niqab-en-cours\/172261\/","og_locale":"fr_FR","og_type":"article","og_title":"Quatre facult\u00e9s de m\u00e9decine interdisent le port du niqab en cours","og_description":"Quatre facult\u00e9s de m\u00e9decine interdisent le port du niqab en cours","og_url":"https:\/\/www.webdo.tn\/fr\/actualite\/blog\/quatre-facultes-de-medecine-interdisent-le-port-du-niqab-en-cours\/172261\/","og_site_name":"webdo","article_publisher":"https:\/\/www.facebook.com\/webdotn","article_published_time":"2012-01-26T21:40:00+00:00","article_modified_time":"2025-06-04T19:01:23+00:00","author":"webdo.tn","twitter_card":"summary_large_image","twitter_creator":"@webdo_tn","twitter_site":"@webdo_tn","twitter_misc":{"\u00c9crit par":"webdo.tn","Dur\u00e9e de lecture estim\u00e9e":"1 minute"},"schema":{"@context":"https:\/\/schema.org","@graph":[{"@type":"NewsArticle","@id":"https:\/\/www.webdo.tn\/fr\/actualite\/blog\/quatre-facultes-de-medecine-interdisent-le-port-du-niqab-en-cours\/172261\/#article","isPartOf":{"@id":"https:\/\/www.webdo.tn\/fr\/actualite\/blog\/quatre-facultes-de-medecine-interdisent-le-port-du-niqab-en-cours\/172261\/"},"author":{"name":"webdo.tn","@id":"https:\/\/www.webdo.tn\/fr\/#\/schema\/person\/9a9c6118d687c117df8ef3cc36a4d175"},"headline":"Quatre facult\u00e9s de m\u00e9decine interdisent le port du niqab en cours","datePublished":"2012-01-26T21:40:00+00:00","dateModified":"2025-06-04T19:01:23+00:00","mainEntityOfPage":{"@id":"https:\/\/www.webdo.tn\/fr\/actualite\/blog\/quatre-facultes-de-medecine-interdisent-le-port-du-niqab-en-cours\/172261\/"},"wordCount":202,"commentCount":0,"publisher":{"@id":"https:\/\/www.webdo.tn\/fr\/#organization"},"image":{"@id":"https:\/\/www.webdo.tn\/fr\/actualite\/blog\/quatre-facultes-de-medecine-interdisent-le-port-du-niqab-en-cours\/172261\/#primaryimage"},"thumbnailUrl":"https:\/\/www.webdo.tn\/fr\/wp-content\/uploads\/2025\/06\/Le-niqab-au-sein-de-luniversite-photo-postedeveille.ca__172261.jpg","articleSection":["National"],"inLanguage":"fr-FR"},{"@type":"WebPage","@id":"https:\/\/www.webdo.tn\/fr\/actualite\/blog\/quatre-facultes-de-medecine-interdisent-le-port-du-niqab-en-cours\/172261\/","url":"https:\/\/www.webdo.tn\/fr\/actualite\/blog\/quatre-facultes-de-medecine-interdisent-le-port-du-niqab-en-cours\/172261\/","name":"Quatre facult\u00e9s de m\u00e9decine interdisent le port du niqab en cours","isPartOf":{"@id":"https:\/\/www.webdo.tn\/fr\/#website"},"primaryImageOfPage":{"@id":"https:\/\/www.webdo.tn\/fr\/actualite\/blog\/quatre-facultes-de-medecine-interdisent-le-port-du-niqab-en-cours\/172261\/#primaryimage"},"image":{"@id":"https:\/\/www.webdo.tn\/fr\/actualite\/blog\/quatre-facultes-de-medecine-interdisent-le-port-du-niqab-en-cours\/172261\/#primaryimage"},"thumbnailUrl":"https:\/\/www.webdo.tn\/fr\/wp-content\/uploads\/2025\/06\/Le-niqab-au-sein-de-luniversite-photo-postedeveille.ca__172261.jpg","datePublished":"2012-01-26T21:40:00+00:00","dateModified":"2025-06-04T19:01:23+00:00","description":"Quatre facult\u00e9s de m\u00e9decine interdisent le port du niqab en cours","breadcrumb":{"@id":"https:\/\/www.webdo.tn\/fr\/actualite\/blog\/quatre-facultes-de-medecine-interdisent-le-port-du-niqab-en-cours\/172261\/#breadcrumb"},"inLanguage":"fr-FR","potentialAction":[{"@type":"ReadAction","target":["https:\/\/www.webdo.tn\/fr\/actualite\/blog\/quatre-facultes-de-medecine-interdisent-le-port-du-niqab-en-cours\/172261\/"]}]},{"@type":"ImageObject","inLanguage":"fr-FR","@id":"https:\/\/www.webdo.tn\/fr\/actualite\/blog\/quatre-facultes-de-medecine-interdisent-le-port-du-niqab-en-cours\/172261\/#primaryimage","url":"https:\/\/www.webdo.tn\/fr\/wp-content\/uploads\/2025\/06\/Le-niqab-au-sein-de-luniversite-photo-postedeveille.ca__172261.jpg","contentUrl":"https:\/\/www.webdo.tn\/fr\/wp-content\/uploads\/2025\/06\/Le-niqab-au-sein-de-luniversite-photo-postedeveille.ca__172261.jpg","width":246,"height":186,"caption":"Quatre facult\u00e9s de m\u00e9decine interdisent le port du niqab en cours"},{"@type":"BreadcrumbList","@id":"https:\/\/www.webdo.tn\/fr\/actualite\/blog\/quatre-facultes-de-medecine-interdisent-le-port-du-niqab-en-cours\/172261\/#breadcrumb","itemListElement":[{"@type":"ListItem","position":1,"name":"Accueil","item":"https:\/\/www.webdo.tn\/fr\/"},{"@type":"ListItem","position":2,"name":"Quatre facult\u00e9s de m\u00e9decine interdisent le port du niqab en cours"}]},{"@type":"WebSite","@id":"https:\/\/www.webdo.tn\/fr\/#website","url":"https:\/\/www.webdo.tn\/fr\/","name":"webdo","description":"Tunisie - News en Tunisie et \u00e0 l&#039;international sur Webdo.tn","publisher":{"@id":"https:\/\/www.webdo.tn\/fr\/#organization"},"potentialAction":[{"@type":"SearchAction","target":{"@type":"EntryPoint","urlTemplate":"https:\/\/www.webdo.tn\/fr\/?s={search_term_string}"},"query-input":{"@type":"PropertyValueSpecification","valueRequired":true,"valueName":"search_term_string"}}],"inLanguage":"fr-FR"},{"@type":"Organization","@id":"https:\/\/www.webdo.tn\/fr\/#organization","name":"Webdo","alternateName":"Webdo.tn","url":"https:\/\/www.webdo.tn\/fr\/","logo":{"@type":"ImageObject","inLanguage":"fr-FR","@id":"https:\/\/www.webdo.tn\/fr\/#\/schema\/logo\/image\/","url":"https:\/\/www.webdo.tn\/fr\/wp-content\/uploads\/2025\/06\/Webdo-Tunisie_168377.jpg","contentUrl":"https:\/\/www.webdo.tn\/fr\/wp-content\/uploads\/2025\/06\/Webdo-Tunisie_168377.jpg","width":301,"height":301,"caption":"Webdo"},"image":{"@id":"https:\/\/www.webdo.tn\/fr\/#\/schema\/logo\/image\/"},"sameAs":["https:\/\/www.facebook.com\/webdotn","https:\/\/x.com\/webdo_tn"],"description":"Webdo est un m\u00e9dia num\u00e9rique tunisien fond\u00e9 en 2010, sp\u00e9cialis\u00e9 dans l\u2019actualit\u00e9 nationale et internationale, l\u2019\u00e9conomie, la soci\u00e9t\u00e9 et les analyses politiques. Le site s\u2019adresse \u00e0 un large public francophone et couvre l\u2019information tunisienne en temps r\u00e9el.","email":"redac@webdo.tn","legalName":"YNJ SARL","foundingDate":"2010-09-06","numberOfEmployees":{"@type":"QuantitativeValue","minValue":"11","maxValue":"50"}},{"@type":"Person","@id":"https:\/\/www.webdo.tn\/fr\/#\/schema\/person\/9a9c6118d687c117df8ef3cc36a4d175","name":"webdo.tn","image":{"@type":"ImageObject","inLanguage":"fr-FR","@id":"https:\/\/secure.gravatar.com\/avatar\/7ce1f28c0c3bbac99ff550b85ef8e44a6950c6ee24514fb6a5489e51d06f0298?s=96&d=mm&r=g","url":"https:\/\/secure.gravatar.com\/avatar\/7ce1f28c0c3bbac99ff550b85ef8e44a6950c6ee24514fb6a5489e51d06f0298?s=96&d=mm&r=g","contentUrl":"https:\/\/secure.gravatar.com\/avatar\/7ce1f28c0c3bbac99ff550b85ef8e44a6950c6ee24514fb6a5489e51d06f0298?s=96&d=mm&r=g","caption":"webdo.tn"},"url":"https:\/\/www.webdo.tn\/fr\/actualite\/author\/webdotn\/"}]}},"_links":{"self":[{"href":"https:\/\/www.webdo.tn\/fr\/wp-json\/wp\/v2\/posts\/172261","targetHints":{"allow":["GET"]}}],"collection":[{"href":"https:\/\/www.webdo.tn\/fr\/wp-json\/wp\/v2\/posts"}],"about":[{"href":"https:\/\/www.webdo.tn\/fr\/wp-json\/wp\/v2\/types\/post"}],"author":[{"embeddable":true,"href":"https:\/\/www.webdo.tn\/fr\/wp-json\/wp\/v2\/users\/3222"}],"replies":[{"embeddable":true,"href":"https:\/\/www.webdo.tn\/fr\/wp-json\/wp\/v2\/comments?post=172261"}],"version-history":[{"count":0,"href":"https:\/\/www.webdo.tn\/fr\/wp-json\/wp\/v2\/posts\/172261\/revisions"}],"wp:featuredmedia":[{"embeddable":true,"href":"https:\/\/www.webdo.tn\/fr\/wp-json\/wp\/v2\/media\/374655"}],"wp:attachment":[{"href":"https:\/\/www.webdo.tn\/fr\/wp-json\/wp\/v2\/media?parent=172261"}],"wp:term":[{"taxonomy":"category","embeddable":true,"href":"https:\/\/www.webdo.tn\/fr\/wp-json\/wp\/v2\/categories?post=172261"},{"taxonomy":"post_tag","embeddable":true,"href":"https:\/\/www.webdo.tn\/fr\/wp-json\/wp\/v2\/tags?post=172261"}],"curies":[{"name":"wp","href":"https:\/\/api.w.org\/{rel}","templated":true}]}}