{"id":172260,"date":"2012-01-27T09:56:00","date_gmt":"2012-01-27T09:56:00","guid":{"rendered":"https:\/\/www.webdo.tn\/fr\/blog\/le-canada-veut-confisquer-la-moitie-des-restes-des-biens-du-clan-des-ben-ali\/172260\/"},"modified":"2025-06-04T19:01:27","modified_gmt":"2025-06-04T19:01:27","slug":"le-canada-veut-confisquer-la-moitie-des-restes-des-biens-du-clan-des-ben-ali","status":"publish","type":"post","link":"https:\/\/www.webdo.tn\/fr\/actualite\/national\/le-canada-veut-confisquer-la-moitie-des-restes-des-biens-du-clan-des-ben-ali\/172260\/","title":{"rendered":"Le Canada veut confisquer la moiti\u00e9 des restes des biens du clan des Ben Ali"},"content":{"rendered":"<p>Le gouvernement canadien \u00ab r\u00e9clamerait jusqu\u2019\u00e0 la moiti\u00e9 des biens \u00bb du clan des Ben Ali confisqu\u00e9s sur son sol, r\u00e9v\u00e8le le site radio-canada.ca.<\/p>\n<p>La m\u00eame source donne comme exemple des biens la maison de Sakher \u00e0 Westmount. Rappelons que celle-ci avait \u00e9t\u00e9 sujet de conflit pour la ville canadienne. Achet\u00e9e \u00e0 2,5 M$, la maison avait \u00e9t\u00e9 mise aux ench\u00e8res le 18 janvier 2012 pour non-paiement des taxes municipales par son propri\u00e9taire. Quelques jours apr\u00e8s, elle avait \u00e9t\u00e9 retir\u00e9e, car vis\u00e9e par une loi canadienne sur le blocage des biens des dirigeants \u00e9trangers corrompus.<\/p>\n<p>Mais ce qui devrait aiguiser plus \u00ab l\u2019app\u00e9tit \u00bb du gouvernement canadien c\u2019est, sans doute, \u00abThe\u00bb Belhassen Trabelsi. Ce dernier est soup\u00e7onn\u00e9 de plusieurs investissements au Canada, et ce, gr\u00e2ce \u00e0 une fortune estim\u00e9e \u00e0 entre 7 et 10 millions de dollars canadiens. D&rsquo;ailleurs, en d\u00e9cembre 2011, la Gendarmerie royale du Canada (GRC) avait perquisitionn\u00e9 les bureaux de l\u2019avocat Donald Kattan, suspect\u00e9 de g\u00e9rer les affaires du fr\u00e8re de la R\u00e9gente de Carthage.<\/p>\n<p>Toutefois, via Sonia Djelidi, du Collectif tunisien au Canada, la radio se pose des questions sur ce qu&rsquo;il reste des biens des Ben Ali, car \u00ab Le gouvernement canadien a pris tellement de temps pour geler les biens que le clan a pu dilapider tous ses avoirs \u00bb l\u00e0-bas.<\/p>\n<p>Quant \u00e0 l&rsquo;avocat du gouvernement tunisien, Enrico Monfrini, il pr\u00e9cise \u00e0 la radio que \u00ab L&rsquo;usage voudrait que le Canada en garde beaucoup moins, (c\u2019est-\u00e0-dire) moins de 5 % \u00bb.<\/p>\n","protected":false},"excerpt":{"rendered":"<p>Le Canada veut confisquer la moiti\u00e9 des restes des biens du clan des Ben Ali  <\/p>\n","protected":false},"author":3222,"featured_media":334025,"comment_status":"open","ping_status":"closed","sticky":false,"template":"","format":"standard","meta":{"footnotes":""},"categories":[44],"tags":[],"class_list":["post-172260","post","type-post","status-publish","format-standard","has-post-thumbnail","hentry","category-national"],"yoast_head":"<!-- This site is optimized with the Yoast SEO Premium plugin v27.5 (Yoast SEO v27.5) - https:\/\/yoast.com\/product\/yoast-seo-premium-wordpress\/ -->\n<title>Le Canada veut confisquer la moiti\u00e9 des restes des biens du clan des Ben Ali<\/title>\n<meta name=\"description\" content=\"Le Canada veut confisquer la moiti\u00e9 des restes des biens du clan des Ben Ali\" \/>\n<link rel=\"canonical\" href=\"https:\/\/www.webdo.tn\/fr\/actualite\/national\/le-canada-veut-confisquer-la-moitie-des-restes-des-biens-du-clan-des-ben-ali\/172260\/\" \/>\n<meta property=\"og:locale\" content=\"fr_FR\" \/>\n<meta property=\"og:type\" content=\"article\" \/>\n<meta property=\"og:title\" content=\"Le Canada veut confisquer la moiti\u00e9 des restes des biens du clan des Ben Ali\" \/>\n<meta property=\"og:description\" content=\"Le Canada veut confisquer la moiti\u00e9 des restes des biens du clan des Ben Ali\" \/>\n<meta property=\"og:url\" content=\"https:\/\/www.webdo.tn\/fr\/actualite\/national\/le-canada-veut-confisquer-la-moitie-des-restes-des-biens-du-clan-des-ben-ali\/172260\/\" \/>\n<meta property=\"og:site_name\" content=\"webdo\" \/>\n<meta property=\"article:publisher\" content=\"https:\/\/www.facebook.com\/webdotn\" \/>\n<meta property=\"article:published_time\" content=\"2012-01-27T09:56:00+00:00\" \/>\n<meta property=\"article:modified_time\" content=\"2025-06-04T19:01:27+00:00\" \/>\n<meta property=\"og:image\" content=\"https:\/\/www.webdo.tn\/fr\/wp-content\/uploads\/2012\/01\/Sakher-El-Materi-Belhassen-Trabelsi.jpg\" \/>\n\t<meta property=\"og:image:width\" content=\"344\" \/>\n\t<meta property=\"og:image:height\" content=\"168\" \/>\n\t<meta property=\"og:image:type\" content=\"image\/jpeg\" \/>\n<meta name=\"author\" content=\"webdo.tn\" \/>\n<meta name=\"twitter:card\" content=\"summary_large_image\" \/>\n<meta name=\"twitter:creator\" content=\"@webdo_tn\" \/>\n<meta name=\"twitter:site\" content=\"@webdo_tn\" \/>\n<meta name=\"twitter:label1\" content=\"\u00c9crit par\" \/>\n\t<meta name=\"twitter:data1\" content=\"webdo.tn\" \/>\n\t<meta name=\"twitter:label2\" content=\"Dur\u00e9e de lecture estim\u00e9e\" \/>\n\t<meta name=\"twitter:data2\" content=\"1 minute\" \/>\n<script type=\"application\/ld+json\" class=\"yoast-schema-graph\">{\"@context\":\"https:\\\/\\\/schema.org\",\"@graph\":[{\"@type\":\"NewsArticle\",\"@id\":\"https:\\\/\\\/www.webdo.tn\\\/fr\\\/actualite\\\/national\\\/le-canada-veut-confisquer-la-moitie-des-restes-des-biens-du-clan-des-ben-ali\\\/172260\\\/#article\",\"isPartOf\":{\"@id\":\"https:\\\/\\\/www.webdo.tn\\\/fr\\\/actualite\\\/national\\\/le-canada-veut-confisquer-la-moitie-des-restes-des-biens-du-clan-des-ben-ali\\\/172260\\\/\"},\"author\":{\"name\":\"webdo.tn\",\"@id\":\"https:\\\/\\\/www.webdo.tn\\\/fr\\\/#\\\/schema\\\/person\\\/9a9c6118d687c117df8ef3cc36a4d175\"},\"headline\":\"Le Canada veut confisquer la moiti\u00e9 des restes des biens du clan des Ben Ali\",\"datePublished\":\"2012-01-27T09:56:00+00:00\",\"dateModified\":\"2025-06-04T19:01:27+00:00\",\"mainEntityOfPage\":{\"@id\":\"https:\\\/\\\/www.webdo.tn\\\/fr\\\/actualite\\\/national\\\/le-canada-veut-confisquer-la-moitie-des-restes-des-biens-du-clan-des-ben-ali\\\/172260\\\/\"},\"wordCount\":271,\"commentCount\":0,\"publisher\":{\"@id\":\"https:\\\/\\\/www.webdo.tn\\\/fr\\\/#organization\"},\"image\":{\"@id\":\"https:\\\/\\\/www.webdo.tn\\\/fr\\\/actualite\\\/national\\\/le-canada-veut-confisquer-la-moitie-des-restes-des-biens-du-clan-des-ben-ali\\\/172260\\\/#primaryimage\"},\"thumbnailUrl\":\"https:\\\/\\\/www.webdo.tn\\\/fr\\\/wp-content\\\/uploads\\\/2012\\\/01\\\/Sakher-El-Materi-Belhassen-Trabelsi.jpg\",\"articleSection\":[\"National\"],\"inLanguage\":\"fr-FR\"},{\"@type\":\"WebPage\",\"@id\":\"https:\\\/\\\/www.webdo.tn\\\/fr\\\/actualite\\\/national\\\/le-canada-veut-confisquer-la-moitie-des-restes-des-biens-du-clan-des-ben-ali\\\/172260\\\/\",\"url\":\"https:\\\/\\\/www.webdo.tn\\\/fr\\\/actualite\\\/national\\\/le-canada-veut-confisquer-la-moitie-des-restes-des-biens-du-clan-des-ben-ali\\\/172260\\\/\",\"name\":\"Le Canada veut confisquer la moiti\u00e9 des restes des biens du clan des Ben Ali\",\"isPartOf\":{\"@id\":\"https:\\\/\\\/www.webdo.tn\\\/fr\\\/#website\"},\"primaryImageOfPage\":{\"@id\":\"https:\\\/\\\/www.webdo.tn\\\/fr\\\/actualite\\\/national\\\/le-canada-veut-confisquer-la-moitie-des-restes-des-biens-du-clan-des-ben-ali\\\/172260\\\/#primaryimage\"},\"image\":{\"@id\":\"https:\\\/\\\/www.webdo.tn\\\/fr\\\/actualite\\\/national\\\/le-canada-veut-confisquer-la-moitie-des-restes-des-biens-du-clan-des-ben-ali\\\/172260\\\/#primaryimage\"},\"thumbnailUrl\":\"https:\\\/\\\/www.webdo.tn\\\/fr\\\/wp-content\\\/uploads\\\/2012\\\/01\\\/Sakher-El-Materi-Belhassen-Trabelsi.jpg\",\"datePublished\":\"2012-01-27T09:56:00+00:00\",\"dateModified\":\"2025-06-04T19:01:27+00:00\",\"description\":\"Le Canada veut confisquer la moiti\u00e9 des restes des biens du clan des Ben Ali\",\"breadcrumb\":{\"@id\":\"https:\\\/\\\/www.webdo.tn\\\/fr\\\/actualite\\\/national\\\/le-canada-veut-confisquer-la-moitie-des-restes-des-biens-du-clan-des-ben-ali\\\/172260\\\/#breadcrumb\"},\"inLanguage\":\"fr-FR\",\"potentialAction\":[{\"@type\":\"ReadAction\",\"target\":[\"https:\\\/\\\/www.webdo.tn\\\/fr\\\/actualite\\\/national\\\/le-canada-veut-confisquer-la-moitie-des-restes-des-biens-du-clan-des-ben-ali\\\/172260\\\/\"]}]},{\"@type\":\"ImageObject\",\"inLanguage\":\"fr-FR\",\"@id\":\"https:\\\/\\\/www.webdo.tn\\\/fr\\\/actualite\\\/national\\\/le-canada-veut-confisquer-la-moitie-des-restes-des-biens-du-clan-des-ben-ali\\\/172260\\\/#primaryimage\",\"url\":\"https:\\\/\\\/www.webdo.tn\\\/fr\\\/wp-content\\\/uploads\\\/2012\\\/01\\\/Sakher-El-Materi-Belhassen-Trabelsi.jpg\",\"contentUrl\":\"https:\\\/\\\/www.webdo.tn\\\/fr\\\/wp-content\\\/uploads\\\/2012\\\/01\\\/Sakher-El-Materi-Belhassen-Trabelsi.jpg\",\"width\":344,\"height\":168,\"caption\":\"Le Canada veut confisquer la moiti\u00e9 des restes des biens du clan des Ben Ali\"},{\"@type\":\"BreadcrumbList\",\"@id\":\"https:\\\/\\\/www.webdo.tn\\\/fr\\\/actualite\\\/national\\\/le-canada-veut-confisquer-la-moitie-des-restes-des-biens-du-clan-des-ben-ali\\\/172260\\\/#breadcrumb\",\"itemListElement\":[{\"@type\":\"ListItem\",\"position\":1,\"name\":\"Accueil\",\"item\":\"https:\\\/\\\/www.webdo.tn\\\/fr\\\/\"},{\"@type\":\"ListItem\",\"position\":2,\"name\":\"Le Canada veut confisquer la moiti\u00e9 des restes des biens du clan des Ben Ali\"}]},{\"@type\":\"WebSite\",\"@id\":\"https:\\\/\\\/www.webdo.tn\\\/fr\\\/#website\",\"url\":\"https:\\\/\\\/www.webdo.tn\\\/fr\\\/\",\"name\":\"webdo\",\"description\":\"Tunisie - News en Tunisie et \u00e0 l&#039;international sur Webdo.tn\",\"publisher\":{\"@id\":\"https:\\\/\\\/www.webdo.tn\\\/fr\\\/#organization\"},\"potentialAction\":[{\"@type\":\"SearchAction\",\"target\":{\"@type\":\"EntryPoint\",\"urlTemplate\":\"https:\\\/\\\/www.webdo.tn\\\/fr\\\/?s={search_term_string}\"},\"query-input\":{\"@type\":\"PropertyValueSpecification\",\"valueRequired\":true,\"valueName\":\"search_term_string\"}}],\"inLanguage\":\"fr-FR\"},{\"@type\":\"Organization\",\"@id\":\"https:\\\/\\\/www.webdo.tn\\\/fr\\\/#organization\",\"name\":\"Webdo\",\"alternateName\":\"Webdo.tn\",\"url\":\"https:\\\/\\\/www.webdo.tn\\\/fr\\\/\",\"logo\":{\"@type\":\"ImageObject\",\"inLanguage\":\"fr-FR\",\"@id\":\"https:\\\/\\\/www.webdo.tn\\\/fr\\\/#\\\/schema\\\/logo\\\/image\\\/\",\"url\":\"https:\\\/\\\/www.webdo.tn\\\/fr\\\/wp-content\\\/uploads\\\/2025\\\/06\\\/Webdo-Tunisie_168377.jpg\",\"contentUrl\":\"https:\\\/\\\/www.webdo.tn\\\/fr\\\/wp-content\\\/uploads\\\/2025\\\/06\\\/Webdo-Tunisie_168377.jpg\",\"width\":301,\"height\":301,\"caption\":\"Webdo\"},\"image\":{\"@id\":\"https:\\\/\\\/www.webdo.tn\\\/fr\\\/#\\\/schema\\\/logo\\\/image\\\/\"},\"sameAs\":[\"https:\\\/\\\/www.facebook.com\\\/webdotn\",\"https:\\\/\\\/x.com\\\/webdo_tn\"],\"description\":\"Webdo est un m\u00e9dia num\u00e9rique tunisien fond\u00e9 en 2010, sp\u00e9cialis\u00e9 dans l\u2019actualit\u00e9 nationale et internationale, l\u2019\u00e9conomie, la soci\u00e9t\u00e9 et les analyses politiques. Le site s\u2019adresse \u00e0 un large public francophone et couvre l\u2019information tunisienne en temps r\u00e9el.\",\"email\":\"redac@webdo.tn\",\"legalName\":\"YNJ SARL\",\"foundingDate\":\"2010-09-06\",\"numberOfEmployees\":{\"@type\":\"QuantitativeValue\",\"minValue\":\"11\",\"maxValue\":\"50\"}},{\"@type\":\"Person\",\"@id\":\"https:\\\/\\\/www.webdo.tn\\\/fr\\\/#\\\/schema\\\/person\\\/9a9c6118d687c117df8ef3cc36a4d175\",\"name\":\"webdo.tn\",\"image\":{\"@type\":\"ImageObject\",\"inLanguage\":\"fr-FR\",\"@id\":\"https:\\\/\\\/secure.gravatar.com\\\/avatar\\\/7ce1f28c0c3bbac99ff550b85ef8e44a6950c6ee24514fb6a5489e51d06f0298?s=96&d=mm&r=g\",\"url\":\"https:\\\/\\\/secure.gravatar.com\\\/avatar\\\/7ce1f28c0c3bbac99ff550b85ef8e44a6950c6ee24514fb6a5489e51d06f0298?s=96&d=mm&r=g\",\"contentUrl\":\"https:\\\/\\\/secure.gravatar.com\\\/avatar\\\/7ce1f28c0c3bbac99ff550b85ef8e44a6950c6ee24514fb6a5489e51d06f0298?s=96&d=mm&r=g\",\"caption\":\"webdo.tn\"},\"url\":\"https:\\\/\\\/www.webdo.tn\\\/fr\\\/actualite\\\/author\\\/webdotn\\\/\"}]}<\/script>\n<!-- \/ Yoast SEO Premium plugin. -->","yoast_head_json":{"title":"Le Canada veut confisquer la moiti\u00e9 des restes des biens du clan des Ben Ali","description":"Le Canada veut confisquer la moiti\u00e9 des restes des biens du clan des Ben Ali","canonical":"https:\/\/www.webdo.tn\/fr\/actualite\/national\/le-canada-veut-confisquer-la-moitie-des-restes-des-biens-du-clan-des-ben-ali\/172260\/","og_locale":"fr_FR","og_type":"article","og_title":"Le Canada veut confisquer la moiti\u00e9 des restes des biens du clan des Ben Ali","og_description":"Le Canada veut confisquer la moiti\u00e9 des restes des biens du clan des Ben Ali","og_url":"https:\/\/www.webdo.tn\/fr\/actualite\/national\/le-canada-veut-confisquer-la-moitie-des-restes-des-biens-du-clan-des-ben-ali\/172260\/","og_site_name":"webdo","article_publisher":"https:\/\/www.facebook.com\/webdotn","article_published_time":"2012-01-27T09:56:00+00:00","article_modified_time":"2025-06-04T19:01:27+00:00","og_image":[{"width":344,"height":168,"url":"https:\/\/www.webdo.tn\/fr\/wp-content\/uploads\/2012\/01\/Sakher-El-Materi-Belhassen-Trabelsi.jpg","type":"image\/jpeg"}],"author":"webdo.tn","twitter_card":"summary_large_image","twitter_creator":"@webdo_tn","twitter_site":"@webdo_tn","twitter_misc":{"\u00c9crit par":"webdo.tn","Dur\u00e9e de lecture estim\u00e9e":"1 minute"},"schema":{"@context":"https:\/\/schema.org","@graph":[{"@type":"NewsArticle","@id":"https:\/\/www.webdo.tn\/fr\/actualite\/national\/le-canada-veut-confisquer-la-moitie-des-restes-des-biens-du-clan-des-ben-ali\/172260\/#article","isPartOf":{"@id":"https:\/\/www.webdo.tn\/fr\/actualite\/national\/le-canada-veut-confisquer-la-moitie-des-restes-des-biens-du-clan-des-ben-ali\/172260\/"},"author":{"name":"webdo.tn","@id":"https:\/\/www.webdo.tn\/fr\/#\/schema\/person\/9a9c6118d687c117df8ef3cc36a4d175"},"headline":"Le Canada veut confisquer la moiti\u00e9 des restes des biens du clan des Ben Ali","datePublished":"2012-01-27T09:56:00+00:00","dateModified":"2025-06-04T19:01:27+00:00","mainEntityOfPage":{"@id":"https:\/\/www.webdo.tn\/fr\/actualite\/national\/le-canada-veut-confisquer-la-moitie-des-restes-des-biens-du-clan-des-ben-ali\/172260\/"},"wordCount":271,"commentCount":0,"publisher":{"@id":"https:\/\/www.webdo.tn\/fr\/#organization"},"image":{"@id":"https:\/\/www.webdo.tn\/fr\/actualite\/national\/le-canada-veut-confisquer-la-moitie-des-restes-des-biens-du-clan-des-ben-ali\/172260\/#primaryimage"},"thumbnailUrl":"https:\/\/www.webdo.tn\/fr\/wp-content\/uploads\/2012\/01\/Sakher-El-Materi-Belhassen-Trabelsi.jpg","articleSection":["National"],"inLanguage":"fr-FR"},{"@type":"WebPage","@id":"https:\/\/www.webdo.tn\/fr\/actualite\/national\/le-canada-veut-confisquer-la-moitie-des-restes-des-biens-du-clan-des-ben-ali\/172260\/","url":"https:\/\/www.webdo.tn\/fr\/actualite\/national\/le-canada-veut-confisquer-la-moitie-des-restes-des-biens-du-clan-des-ben-ali\/172260\/","name":"Le Canada veut confisquer la moiti\u00e9 des restes des biens du clan des Ben Ali","isPartOf":{"@id":"https:\/\/www.webdo.tn\/fr\/#website"},"primaryImageOfPage":{"@id":"https:\/\/www.webdo.tn\/fr\/actualite\/national\/le-canada-veut-confisquer-la-moitie-des-restes-des-biens-du-clan-des-ben-ali\/172260\/#primaryimage"},"image":{"@id":"https:\/\/www.webdo.tn\/fr\/actualite\/national\/le-canada-veut-confisquer-la-moitie-des-restes-des-biens-du-clan-des-ben-ali\/172260\/#primaryimage"},"thumbnailUrl":"https:\/\/www.webdo.tn\/fr\/wp-content\/uploads\/2012\/01\/Sakher-El-Materi-Belhassen-Trabelsi.jpg","datePublished":"2012-01-27T09:56:00+00:00","dateModified":"2025-06-04T19:01:27+00:00","description":"Le Canada veut confisquer la moiti\u00e9 des restes des biens du clan des Ben Ali","breadcrumb":{"@id":"https:\/\/www.webdo.tn\/fr\/actualite\/national\/le-canada-veut-confisquer-la-moitie-des-restes-des-biens-du-clan-des-ben-ali\/172260\/#breadcrumb"},"inLanguage":"fr-FR","potentialAction":[{"@type":"ReadAction","target":["https:\/\/www.webdo.tn\/fr\/actualite\/national\/le-canada-veut-confisquer-la-moitie-des-restes-des-biens-du-clan-des-ben-ali\/172260\/"]}]},{"@type":"ImageObject","inLanguage":"fr-FR","@id":"https:\/\/www.webdo.tn\/fr\/actualite\/national\/le-canada-veut-confisquer-la-moitie-des-restes-des-biens-du-clan-des-ben-ali\/172260\/#primaryimage","url":"https:\/\/www.webdo.tn\/fr\/wp-content\/uploads\/2012\/01\/Sakher-El-Materi-Belhassen-Trabelsi.jpg","contentUrl":"https:\/\/www.webdo.tn\/fr\/wp-content\/uploads\/2012\/01\/Sakher-El-Materi-Belhassen-Trabelsi.jpg","width":344,"height":168,"caption":"Le Canada veut confisquer la moiti\u00e9 des restes des biens du clan des Ben Ali"},{"@type":"BreadcrumbList","@id":"https:\/\/www.webdo.tn\/fr\/actualite\/national\/le-canada-veut-confisquer-la-moitie-des-restes-des-biens-du-clan-des-ben-ali\/172260\/#breadcrumb","itemListElement":[{"@type":"ListItem","position":1,"name":"Accueil","item":"https:\/\/www.webdo.tn\/fr\/"},{"@type":"ListItem","position":2,"name":"Le Canada veut confisquer la moiti\u00e9 des restes des biens du clan des Ben Ali"}]},{"@type":"WebSite","@id":"https:\/\/www.webdo.tn\/fr\/#website","url":"https:\/\/www.webdo.tn\/fr\/","name":"webdo","description":"Tunisie - News en Tunisie et \u00e0 l&#039;international sur Webdo.tn","publisher":{"@id":"https:\/\/www.webdo.tn\/fr\/#organization"},"potentialAction":[{"@type":"SearchAction","target":{"@type":"EntryPoint","urlTemplate":"https:\/\/www.webdo.tn\/fr\/?s={search_term_string}"},"query-input":{"@type":"PropertyValueSpecification","valueRequired":true,"valueName":"search_term_string"}}],"inLanguage":"fr-FR"},{"@type":"Organization","@id":"https:\/\/www.webdo.tn\/fr\/#organization","name":"Webdo","alternateName":"Webdo.tn","url":"https:\/\/www.webdo.tn\/fr\/","logo":{"@type":"ImageObject","inLanguage":"fr-FR","@id":"https:\/\/www.webdo.tn\/fr\/#\/schema\/logo\/image\/","url":"https:\/\/www.webdo.tn\/fr\/wp-content\/uploads\/2025\/06\/Webdo-Tunisie_168377.jpg","contentUrl":"https:\/\/www.webdo.tn\/fr\/wp-content\/uploads\/2025\/06\/Webdo-Tunisie_168377.jpg","width":301,"height":301,"caption":"Webdo"},"image":{"@id":"https:\/\/www.webdo.tn\/fr\/#\/schema\/logo\/image\/"},"sameAs":["https:\/\/www.facebook.com\/webdotn","https:\/\/x.com\/webdo_tn"],"description":"Webdo est un m\u00e9dia num\u00e9rique tunisien fond\u00e9 en 2010, sp\u00e9cialis\u00e9 dans l\u2019actualit\u00e9 nationale et internationale, l\u2019\u00e9conomie, la soci\u00e9t\u00e9 et les analyses politiques. Le site s\u2019adresse \u00e0 un large public francophone et couvre l\u2019information tunisienne en temps r\u00e9el.","email":"redac@webdo.tn","legalName":"YNJ SARL","foundingDate":"2010-09-06","numberOfEmployees":{"@type":"QuantitativeValue","minValue":"11","maxValue":"50"}},{"@type":"Person","@id":"https:\/\/www.webdo.tn\/fr\/#\/schema\/person\/9a9c6118d687c117df8ef3cc36a4d175","name":"webdo.tn","image":{"@type":"ImageObject","inLanguage":"fr-FR","@id":"https:\/\/secure.gravatar.com\/avatar\/7ce1f28c0c3bbac99ff550b85ef8e44a6950c6ee24514fb6a5489e51d06f0298?s=96&d=mm&r=g","url":"https:\/\/secure.gravatar.com\/avatar\/7ce1f28c0c3bbac99ff550b85ef8e44a6950c6ee24514fb6a5489e51d06f0298?s=96&d=mm&r=g","contentUrl":"https:\/\/secure.gravatar.com\/avatar\/7ce1f28c0c3bbac99ff550b85ef8e44a6950c6ee24514fb6a5489e51d06f0298?s=96&d=mm&r=g","caption":"webdo.tn"},"url":"https:\/\/www.webdo.tn\/fr\/actualite\/author\/webdotn\/"}]}},"_links":{"self":[{"href":"https:\/\/www.webdo.tn\/fr\/wp-json\/wp\/v2\/posts\/172260","targetHints":{"allow":["GET"]}}],"collection":[{"href":"https:\/\/www.webdo.tn\/fr\/wp-json\/wp\/v2\/posts"}],"about":[{"href":"https:\/\/www.webdo.tn\/fr\/wp-json\/wp\/v2\/types\/post"}],"author":[{"embeddable":true,"href":"https:\/\/www.webdo.tn\/fr\/wp-json\/wp\/v2\/users\/3222"}],"replies":[{"embeddable":true,"href":"https:\/\/www.webdo.tn\/fr\/wp-json\/wp\/v2\/comments?post=172260"}],"version-history":[{"count":0,"href":"https:\/\/www.webdo.tn\/fr\/wp-json\/wp\/v2\/posts\/172260\/revisions"}],"wp:featuredmedia":[{"embeddable":true,"href":"https:\/\/www.webdo.tn\/fr\/wp-json\/wp\/v2\/media\/334025"}],"wp:attachment":[{"href":"https:\/\/www.webdo.tn\/fr\/wp-json\/wp\/v2\/media?parent=172260"}],"wp:term":[{"taxonomy":"category","embeddable":true,"href":"https:\/\/www.webdo.tn\/fr\/wp-json\/wp\/v2\/categories?post=172260"},{"taxonomy":"post_tag","embeddable":true,"href":"https:\/\/www.webdo.tn\/fr\/wp-json\/wp\/v2\/tags?post=172260"}],"curies":[{"name":"wp","href":"https:\/\/api.w.org\/{rel}","templated":true}]}}