{"id":172258,"date":"2012-01-27T12:16:00","date_gmt":"2012-01-27T12:16:00","guid":{"rendered":"https:\/\/www.webdo.tn\/fr\/blog\/victime-de-sa-participation-a-la-troika-ettakatol-implose\/172258\/"},"modified":"2025-06-04T19:01:32","modified_gmt":"2025-06-04T19:01:32","slug":"victime-de-sa-participation-a-la-troika-ettakatol-implose","status":"publish","type":"post","link":"https:\/\/www.webdo.tn\/fr\/actualite\/national\/victime-de-sa-participation-a-la-troika-ettakatol-implose\/172258\/","title":{"rendered":"Victime de sa participation \u00e0 la tro\u00efka, Ettakatol implose !"},"content":{"rendered":"<p>Le Forum D\u00e9mocratique pour le Travail et les Libert\u00e9s (Ettakatol) du docteur Mustapha Ben Jaafar va-t-il redevenir ce qu\u2019il \u00e9tait avant la r\u00e9volution, un petit parti avec des militants qui se comptent sur le bout des doigts ou bien va-t- pouvoir sortir indemne de cette crise interne qui secoue ses rangs, et qui couve depuis la fin des derni\u00e8res \u00e9lections de la Constituante ?<\/p>\n<p>En tous les cas, Ettakatol a b\u00e9n\u00e9fici\u00e9 apr\u00e8s la r\u00e9volution de l\u2019entr\u00e9e massive de plusieurs jeunes et militants politiques qui lui a permis de se positionner en tant que force politique importante dans l\u2019\u00e9chiquier politique tunisien.<\/p>\n<p>Mais, tant ces militants que la plupart des \u00e9lecteurs, semble-t-il, ayant accord\u00e9 leurs voix \u00e0 Ettakatol, se sont sentis flou\u00e9s par une direction politique qui n\u2019aurait pris l\u2019avis de personne pour participer \u00e0 la tro\u00efka, op\u00e9ration apparemment d\u00e9j\u00e0 bien ficel\u00e9e avant m\u00eame les \u00e9lections. La situation a empir\u00e9 apr\u00e8s le coup d\u2019envoi des travaux de la Constituante qui ont vu les \u00e9lus d\u2019Ettakatol, \u00e0 une exception pr\u00e8s, s\u2019aligner sur les positions du parti majoritaire d\u2019une mani\u00e8re m\u00e9canique et automatique, ce qui a cr\u00e9\u00e9 un v\u00e9ritable malaise au sein des militants.<\/p>\n<p>\u00c0 cela s\u2019ajoute le fonctionnement hi\u00e9rarchis\u00e9 du parti et de ses structures contribuant \u00e0 l\u2019exclusion et la marginalisation des nouveaux venus.<\/p>\n<p>Cette situation, ajout\u00e9e au reniement par le parti de ses propres id\u00e9es, comme le soulignent les m\u00e9contents, a provoqu\u00e9 une vague de d\u00e9missions partie des cellules du parti au Bardo puis \u00e0 l\u2019Ariana avant de toucher Tunis I et Tunis II, avec des chefs de file comme les deux directeurs de campagne des derni\u00e8res \u00e9lections de ces deux circonscriptions, Khaldoun Souileh et Houssem Hammi.<\/p>\n<p>Aujourd\u2019hui, d\u2019autres d\u00e9missions vont concerner Ben Arous, un mouvement qui sera, semble-t-il, suivi de nouvelles d\u00e9missions provenant du Kef, de Sousse, de Mahdia, de Kasserine et d\u2019autres villes de l\u2019int\u00e9rieur du pays. Un gros coup dur pour Ettakatol pass\u00e9 \u00e0 c\u00f4t\u00e9 de l\u2019histoire !<\/p>\n","protected":false},"excerpt":{"rendered":"<p>Victime de sa participation \u00e0 la tro\u00efka, Ettakatol implose ! <\/p>\n","protected":false},"author":3222,"featured_media":334028,"comment_status":"open","ping_status":"closed","sticky":false,"template":"","format":"standard","meta":{"footnotes":""},"categories":[44],"tags":[],"class_list":["post-172258","post","type-post","status-publish","format-standard","has-post-thumbnail","hentry","category-national"],"yoast_head":"<!-- This site is optimized with the Yoast SEO Premium plugin v27.5 (Yoast SEO v27.5) - https:\/\/yoast.com\/product\/yoast-seo-premium-wordpress\/ -->\n<title>Victime de sa participation \u00e0 la tro\u00efka, Ettakatol implose !<\/title>\n<meta name=\"description\" content=\"Victime de sa participation \u00e0 la tro\u00efka, Ettakatol implose !\" \/>\n<link rel=\"canonical\" href=\"https:\/\/www.webdo.tn\/fr\/actualite\/national\/victime-de-sa-participation-a-la-troika-ettakatol-implose\/172258\/\" \/>\n<meta property=\"og:locale\" content=\"fr_FR\" \/>\n<meta property=\"og:type\" content=\"article\" \/>\n<meta property=\"og:title\" content=\"Victime de sa participation \u00e0 la tro\u00efka, Ettakatol implose !\" \/>\n<meta property=\"og:description\" content=\"Victime de sa participation \u00e0 la tro\u00efka, Ettakatol implose !\" \/>\n<meta property=\"og:url\" content=\"https:\/\/www.webdo.tn\/fr\/actualite\/national\/victime-de-sa-participation-a-la-troika-ettakatol-implose\/172258\/\" \/>\n<meta property=\"og:site_name\" content=\"webdo\" \/>\n<meta property=\"article:publisher\" content=\"https:\/\/www.facebook.com\/webdotn\" \/>\n<meta property=\"article:published_time\" content=\"2012-01-27T12:16:00+00:00\" \/>\n<meta property=\"article:modified_time\" content=\"2025-06-04T19:01:32+00:00\" \/>\n<meta property=\"og:image\" content=\"https:\/\/www.webdo.tn\/fr\/wp-content\/uploads\/2012\/01\/7outa.jpg\" \/>\n\t<meta property=\"og:image:width\" content=\"300\" \/>\n\t<meta property=\"og:image:height\" content=\"300\" \/>\n\t<meta property=\"og:image:type\" content=\"image\/jpeg\" \/>\n<meta name=\"author\" content=\"webdo.tn\" \/>\n<meta name=\"twitter:card\" content=\"summary_large_image\" \/>\n<meta name=\"twitter:creator\" content=\"@webdo_tn\" \/>\n<meta name=\"twitter:site\" content=\"@webdo_tn\" \/>\n<meta name=\"twitter:label1\" content=\"\u00c9crit par\" \/>\n\t<meta name=\"twitter:data1\" content=\"webdo.tn\" \/>\n\t<meta name=\"twitter:label2\" content=\"Dur\u00e9e de lecture estim\u00e9e\" \/>\n\t<meta name=\"twitter:data2\" content=\"2 minutes\" \/>\n<script type=\"application\/ld+json\" class=\"yoast-schema-graph\">{\"@context\":\"https:\\\/\\\/schema.org\",\"@graph\":[{\"@type\":\"NewsArticle\",\"@id\":\"https:\\\/\\\/www.webdo.tn\\\/fr\\\/actualite\\\/national\\\/victime-de-sa-participation-a-la-troika-ettakatol-implose\\\/172258\\\/#article\",\"isPartOf\":{\"@id\":\"https:\\\/\\\/www.webdo.tn\\\/fr\\\/actualite\\\/national\\\/victime-de-sa-participation-a-la-troika-ettakatol-implose\\\/172258\\\/\"},\"author\":{\"name\":\"webdo.tn\",\"@id\":\"https:\\\/\\\/www.webdo.tn\\\/fr\\\/#\\\/schema\\\/person\\\/9a9c6118d687c117df8ef3cc36a4d175\"},\"headline\":\"Victime de sa participation \u00e0 la tro\u00efka, Ettakatol implose !\",\"datePublished\":\"2012-01-27T12:16:00+00:00\",\"dateModified\":\"2025-06-04T19:01:32+00:00\",\"mainEntityOfPage\":{\"@id\":\"https:\\\/\\\/www.webdo.tn\\\/fr\\\/actualite\\\/national\\\/victime-de-sa-participation-a-la-troika-ettakatol-implose\\\/172258\\\/\"},\"wordCount\":366,\"commentCount\":0,\"publisher\":{\"@id\":\"https:\\\/\\\/www.webdo.tn\\\/fr\\\/#organization\"},\"image\":{\"@id\":\"https:\\\/\\\/www.webdo.tn\\\/fr\\\/actualite\\\/national\\\/victime-de-sa-participation-a-la-troika-ettakatol-implose\\\/172258\\\/#primaryimage\"},\"thumbnailUrl\":\"https:\\\/\\\/www.webdo.tn\\\/fr\\\/wp-content\\\/uploads\\\/2012\\\/01\\\/7outa.jpg\",\"articleSection\":[\"National\"],\"inLanguage\":\"fr-FR\"},{\"@type\":\"WebPage\",\"@id\":\"https:\\\/\\\/www.webdo.tn\\\/fr\\\/actualite\\\/national\\\/victime-de-sa-participation-a-la-troika-ettakatol-implose\\\/172258\\\/\",\"url\":\"https:\\\/\\\/www.webdo.tn\\\/fr\\\/actualite\\\/national\\\/victime-de-sa-participation-a-la-troika-ettakatol-implose\\\/172258\\\/\",\"name\":\"Victime de sa participation \u00e0 la tro\u00efka, Ettakatol implose !\",\"isPartOf\":{\"@id\":\"https:\\\/\\\/www.webdo.tn\\\/fr\\\/#website\"},\"primaryImageOfPage\":{\"@id\":\"https:\\\/\\\/www.webdo.tn\\\/fr\\\/actualite\\\/national\\\/victime-de-sa-participation-a-la-troika-ettakatol-implose\\\/172258\\\/#primaryimage\"},\"image\":{\"@id\":\"https:\\\/\\\/www.webdo.tn\\\/fr\\\/actualite\\\/national\\\/victime-de-sa-participation-a-la-troika-ettakatol-implose\\\/172258\\\/#primaryimage\"},\"thumbnailUrl\":\"https:\\\/\\\/www.webdo.tn\\\/fr\\\/wp-content\\\/uploads\\\/2012\\\/01\\\/7outa.jpg\",\"datePublished\":\"2012-01-27T12:16:00+00:00\",\"dateModified\":\"2025-06-04T19:01:32+00:00\",\"description\":\"Victime de sa participation \u00e0 la tro\u00efka, Ettakatol implose !\",\"breadcrumb\":{\"@id\":\"https:\\\/\\\/www.webdo.tn\\\/fr\\\/actualite\\\/national\\\/victime-de-sa-participation-a-la-troika-ettakatol-implose\\\/172258\\\/#breadcrumb\"},\"inLanguage\":\"fr-FR\",\"potentialAction\":[{\"@type\":\"ReadAction\",\"target\":[\"https:\\\/\\\/www.webdo.tn\\\/fr\\\/actualite\\\/national\\\/victime-de-sa-participation-a-la-troika-ettakatol-implose\\\/172258\\\/\"]}]},{\"@type\":\"ImageObject\",\"inLanguage\":\"fr-FR\",\"@id\":\"https:\\\/\\\/www.webdo.tn\\\/fr\\\/actualite\\\/national\\\/victime-de-sa-participation-a-la-troika-ettakatol-implose\\\/172258\\\/#primaryimage\",\"url\":\"https:\\\/\\\/www.webdo.tn\\\/fr\\\/wp-content\\\/uploads\\\/2012\\\/01\\\/7outa.jpg\",\"contentUrl\":\"https:\\\/\\\/www.webdo.tn\\\/fr\\\/wp-content\\\/uploads\\\/2012\\\/01\\\/7outa.jpg\",\"width\":300,\"height\":300,\"caption\":\"Victime de sa participation \u00e0 la tro\u00efka, Ettakatol implose !\"},{\"@type\":\"BreadcrumbList\",\"@id\":\"https:\\\/\\\/www.webdo.tn\\\/fr\\\/actualite\\\/national\\\/victime-de-sa-participation-a-la-troika-ettakatol-implose\\\/172258\\\/#breadcrumb\",\"itemListElement\":[{\"@type\":\"ListItem\",\"position\":1,\"name\":\"Accueil\",\"item\":\"https:\\\/\\\/www.webdo.tn\\\/fr\\\/\"},{\"@type\":\"ListItem\",\"position\":2,\"name\":\"Victime de sa participation \u00e0 la tro\u00efka, Ettakatol implose !\"}]},{\"@type\":\"WebSite\",\"@id\":\"https:\\\/\\\/www.webdo.tn\\\/fr\\\/#website\",\"url\":\"https:\\\/\\\/www.webdo.tn\\\/fr\\\/\",\"name\":\"webdo\",\"description\":\"Tunisie - News en Tunisie et \u00e0 l&#039;international sur Webdo.tn\",\"publisher\":{\"@id\":\"https:\\\/\\\/www.webdo.tn\\\/fr\\\/#organization\"},\"potentialAction\":[{\"@type\":\"SearchAction\",\"target\":{\"@type\":\"EntryPoint\",\"urlTemplate\":\"https:\\\/\\\/www.webdo.tn\\\/fr\\\/?s={search_term_string}\"},\"query-input\":{\"@type\":\"PropertyValueSpecification\",\"valueRequired\":true,\"valueName\":\"search_term_string\"}}],\"inLanguage\":\"fr-FR\"},{\"@type\":\"Organization\",\"@id\":\"https:\\\/\\\/www.webdo.tn\\\/fr\\\/#organization\",\"name\":\"Webdo\",\"alternateName\":\"Webdo.tn\",\"url\":\"https:\\\/\\\/www.webdo.tn\\\/fr\\\/\",\"logo\":{\"@type\":\"ImageObject\",\"inLanguage\":\"fr-FR\",\"@id\":\"https:\\\/\\\/www.webdo.tn\\\/fr\\\/#\\\/schema\\\/logo\\\/image\\\/\",\"url\":\"https:\\\/\\\/www.webdo.tn\\\/fr\\\/wp-content\\\/uploads\\\/2025\\\/06\\\/Webdo-Tunisie_168377.jpg\",\"contentUrl\":\"https:\\\/\\\/www.webdo.tn\\\/fr\\\/wp-content\\\/uploads\\\/2025\\\/06\\\/Webdo-Tunisie_168377.jpg\",\"width\":301,\"height\":301,\"caption\":\"Webdo\"},\"image\":{\"@id\":\"https:\\\/\\\/www.webdo.tn\\\/fr\\\/#\\\/schema\\\/logo\\\/image\\\/\"},\"sameAs\":[\"https:\\\/\\\/www.facebook.com\\\/webdotn\",\"https:\\\/\\\/x.com\\\/webdo_tn\"],\"description\":\"Webdo est un m\u00e9dia num\u00e9rique tunisien fond\u00e9 en 2010, sp\u00e9cialis\u00e9 dans l\u2019actualit\u00e9 nationale et internationale, l\u2019\u00e9conomie, la soci\u00e9t\u00e9 et les analyses politiques. Le site s\u2019adresse \u00e0 un large public francophone et couvre l\u2019information tunisienne en temps r\u00e9el.\",\"email\":\"redac@webdo.tn\",\"legalName\":\"YNJ SARL\",\"foundingDate\":\"2010-09-06\",\"numberOfEmployees\":{\"@type\":\"QuantitativeValue\",\"minValue\":\"11\",\"maxValue\":\"50\"}},{\"@type\":\"Person\",\"@id\":\"https:\\\/\\\/www.webdo.tn\\\/fr\\\/#\\\/schema\\\/person\\\/9a9c6118d687c117df8ef3cc36a4d175\",\"name\":\"webdo.tn\",\"image\":{\"@type\":\"ImageObject\",\"inLanguage\":\"fr-FR\",\"@id\":\"https:\\\/\\\/secure.gravatar.com\\\/avatar\\\/7ce1f28c0c3bbac99ff550b85ef8e44a6950c6ee24514fb6a5489e51d06f0298?s=96&d=mm&r=g\",\"url\":\"https:\\\/\\\/secure.gravatar.com\\\/avatar\\\/7ce1f28c0c3bbac99ff550b85ef8e44a6950c6ee24514fb6a5489e51d06f0298?s=96&d=mm&r=g\",\"contentUrl\":\"https:\\\/\\\/secure.gravatar.com\\\/avatar\\\/7ce1f28c0c3bbac99ff550b85ef8e44a6950c6ee24514fb6a5489e51d06f0298?s=96&d=mm&r=g\",\"caption\":\"webdo.tn\"},\"url\":\"https:\\\/\\\/www.webdo.tn\\\/fr\\\/actualite\\\/author\\\/webdotn\\\/\"}]}<\/script>\n<!-- \/ Yoast SEO Premium plugin. -->","yoast_head_json":{"title":"Victime de sa participation \u00e0 la tro\u00efka, Ettakatol implose !","description":"Victime de sa participation \u00e0 la tro\u00efka, Ettakatol implose !","canonical":"https:\/\/www.webdo.tn\/fr\/actualite\/national\/victime-de-sa-participation-a-la-troika-ettakatol-implose\/172258\/","og_locale":"fr_FR","og_type":"article","og_title":"Victime de sa participation \u00e0 la tro\u00efka, Ettakatol implose !","og_description":"Victime de sa participation \u00e0 la tro\u00efka, Ettakatol implose !","og_url":"https:\/\/www.webdo.tn\/fr\/actualite\/national\/victime-de-sa-participation-a-la-troika-ettakatol-implose\/172258\/","og_site_name":"webdo","article_publisher":"https:\/\/www.facebook.com\/webdotn","article_published_time":"2012-01-27T12:16:00+00:00","article_modified_time":"2025-06-04T19:01:32+00:00","og_image":[{"width":300,"height":300,"url":"https:\/\/www.webdo.tn\/fr\/wp-content\/uploads\/2012\/01\/7outa.jpg","type":"image\/jpeg"}],"author":"webdo.tn","twitter_card":"summary_large_image","twitter_creator":"@webdo_tn","twitter_site":"@webdo_tn","twitter_misc":{"\u00c9crit par":"webdo.tn","Dur\u00e9e de lecture estim\u00e9e":"2 minutes"},"schema":{"@context":"https:\/\/schema.org","@graph":[{"@type":"NewsArticle","@id":"https:\/\/www.webdo.tn\/fr\/actualite\/national\/victime-de-sa-participation-a-la-troika-ettakatol-implose\/172258\/#article","isPartOf":{"@id":"https:\/\/www.webdo.tn\/fr\/actualite\/national\/victime-de-sa-participation-a-la-troika-ettakatol-implose\/172258\/"},"author":{"name":"webdo.tn","@id":"https:\/\/www.webdo.tn\/fr\/#\/schema\/person\/9a9c6118d687c117df8ef3cc36a4d175"},"headline":"Victime de sa participation \u00e0 la tro\u00efka, Ettakatol implose !","datePublished":"2012-01-27T12:16:00+00:00","dateModified":"2025-06-04T19:01:32+00:00","mainEntityOfPage":{"@id":"https:\/\/www.webdo.tn\/fr\/actualite\/national\/victime-de-sa-participation-a-la-troika-ettakatol-implose\/172258\/"},"wordCount":366,"commentCount":0,"publisher":{"@id":"https:\/\/www.webdo.tn\/fr\/#organization"},"image":{"@id":"https:\/\/www.webdo.tn\/fr\/actualite\/national\/victime-de-sa-participation-a-la-troika-ettakatol-implose\/172258\/#primaryimage"},"thumbnailUrl":"https:\/\/www.webdo.tn\/fr\/wp-content\/uploads\/2012\/01\/7outa.jpg","articleSection":["National"],"inLanguage":"fr-FR"},{"@type":"WebPage","@id":"https:\/\/www.webdo.tn\/fr\/actualite\/national\/victime-de-sa-participation-a-la-troika-ettakatol-implose\/172258\/","url":"https:\/\/www.webdo.tn\/fr\/actualite\/national\/victime-de-sa-participation-a-la-troika-ettakatol-implose\/172258\/","name":"Victime de sa participation \u00e0 la tro\u00efka, Ettakatol implose !","isPartOf":{"@id":"https:\/\/www.webdo.tn\/fr\/#website"},"primaryImageOfPage":{"@id":"https:\/\/www.webdo.tn\/fr\/actualite\/national\/victime-de-sa-participation-a-la-troika-ettakatol-implose\/172258\/#primaryimage"},"image":{"@id":"https:\/\/www.webdo.tn\/fr\/actualite\/national\/victime-de-sa-participation-a-la-troika-ettakatol-implose\/172258\/#primaryimage"},"thumbnailUrl":"https:\/\/www.webdo.tn\/fr\/wp-content\/uploads\/2012\/01\/7outa.jpg","datePublished":"2012-01-27T12:16:00+00:00","dateModified":"2025-06-04T19:01:32+00:00","description":"Victime de sa participation \u00e0 la tro\u00efka, Ettakatol implose !","breadcrumb":{"@id":"https:\/\/www.webdo.tn\/fr\/actualite\/national\/victime-de-sa-participation-a-la-troika-ettakatol-implose\/172258\/#breadcrumb"},"inLanguage":"fr-FR","potentialAction":[{"@type":"ReadAction","target":["https:\/\/www.webdo.tn\/fr\/actualite\/national\/victime-de-sa-participation-a-la-troika-ettakatol-implose\/172258\/"]}]},{"@type":"ImageObject","inLanguage":"fr-FR","@id":"https:\/\/www.webdo.tn\/fr\/actualite\/national\/victime-de-sa-participation-a-la-troika-ettakatol-implose\/172258\/#primaryimage","url":"https:\/\/www.webdo.tn\/fr\/wp-content\/uploads\/2012\/01\/7outa.jpg","contentUrl":"https:\/\/www.webdo.tn\/fr\/wp-content\/uploads\/2012\/01\/7outa.jpg","width":300,"height":300,"caption":"Victime de sa participation \u00e0 la tro\u00efka, Ettakatol implose !"},{"@type":"BreadcrumbList","@id":"https:\/\/www.webdo.tn\/fr\/actualite\/national\/victime-de-sa-participation-a-la-troika-ettakatol-implose\/172258\/#breadcrumb","itemListElement":[{"@type":"ListItem","position":1,"name":"Accueil","item":"https:\/\/www.webdo.tn\/fr\/"},{"@type":"ListItem","position":2,"name":"Victime de sa participation \u00e0 la tro\u00efka, Ettakatol implose !"}]},{"@type":"WebSite","@id":"https:\/\/www.webdo.tn\/fr\/#website","url":"https:\/\/www.webdo.tn\/fr\/","name":"webdo","description":"Tunisie - News en Tunisie et \u00e0 l&#039;international sur Webdo.tn","publisher":{"@id":"https:\/\/www.webdo.tn\/fr\/#organization"},"potentialAction":[{"@type":"SearchAction","target":{"@type":"EntryPoint","urlTemplate":"https:\/\/www.webdo.tn\/fr\/?s={search_term_string}"},"query-input":{"@type":"PropertyValueSpecification","valueRequired":true,"valueName":"search_term_string"}}],"inLanguage":"fr-FR"},{"@type":"Organization","@id":"https:\/\/www.webdo.tn\/fr\/#organization","name":"Webdo","alternateName":"Webdo.tn","url":"https:\/\/www.webdo.tn\/fr\/","logo":{"@type":"ImageObject","inLanguage":"fr-FR","@id":"https:\/\/www.webdo.tn\/fr\/#\/schema\/logo\/image\/","url":"https:\/\/www.webdo.tn\/fr\/wp-content\/uploads\/2025\/06\/Webdo-Tunisie_168377.jpg","contentUrl":"https:\/\/www.webdo.tn\/fr\/wp-content\/uploads\/2025\/06\/Webdo-Tunisie_168377.jpg","width":301,"height":301,"caption":"Webdo"},"image":{"@id":"https:\/\/www.webdo.tn\/fr\/#\/schema\/logo\/image\/"},"sameAs":["https:\/\/www.facebook.com\/webdotn","https:\/\/x.com\/webdo_tn"],"description":"Webdo est un m\u00e9dia num\u00e9rique tunisien fond\u00e9 en 2010, sp\u00e9cialis\u00e9 dans l\u2019actualit\u00e9 nationale et internationale, l\u2019\u00e9conomie, la soci\u00e9t\u00e9 et les analyses politiques. Le site s\u2019adresse \u00e0 un large public francophone et couvre l\u2019information tunisienne en temps r\u00e9el.","email":"redac@webdo.tn","legalName":"YNJ SARL","foundingDate":"2010-09-06","numberOfEmployees":{"@type":"QuantitativeValue","minValue":"11","maxValue":"50"}},{"@type":"Person","@id":"https:\/\/www.webdo.tn\/fr\/#\/schema\/person\/9a9c6118d687c117df8ef3cc36a4d175","name":"webdo.tn","image":{"@type":"ImageObject","inLanguage":"fr-FR","@id":"https:\/\/secure.gravatar.com\/avatar\/7ce1f28c0c3bbac99ff550b85ef8e44a6950c6ee24514fb6a5489e51d06f0298?s=96&d=mm&r=g","url":"https:\/\/secure.gravatar.com\/avatar\/7ce1f28c0c3bbac99ff550b85ef8e44a6950c6ee24514fb6a5489e51d06f0298?s=96&d=mm&r=g","contentUrl":"https:\/\/secure.gravatar.com\/avatar\/7ce1f28c0c3bbac99ff550b85ef8e44a6950c6ee24514fb6a5489e51d06f0298?s=96&d=mm&r=g","caption":"webdo.tn"},"url":"https:\/\/www.webdo.tn\/fr\/actualite\/author\/webdotn\/"}]}},"_links":{"self":[{"href":"https:\/\/www.webdo.tn\/fr\/wp-json\/wp\/v2\/posts\/172258","targetHints":{"allow":["GET"]}}],"collection":[{"href":"https:\/\/www.webdo.tn\/fr\/wp-json\/wp\/v2\/posts"}],"about":[{"href":"https:\/\/www.webdo.tn\/fr\/wp-json\/wp\/v2\/types\/post"}],"author":[{"embeddable":true,"href":"https:\/\/www.webdo.tn\/fr\/wp-json\/wp\/v2\/users\/3222"}],"replies":[{"embeddable":true,"href":"https:\/\/www.webdo.tn\/fr\/wp-json\/wp\/v2\/comments?post=172258"}],"version-history":[{"count":0,"href":"https:\/\/www.webdo.tn\/fr\/wp-json\/wp\/v2\/posts\/172258\/revisions"}],"wp:featuredmedia":[{"embeddable":true,"href":"https:\/\/www.webdo.tn\/fr\/wp-json\/wp\/v2\/media\/334028"}],"wp:attachment":[{"href":"https:\/\/www.webdo.tn\/fr\/wp-json\/wp\/v2\/media?parent=172258"}],"wp:term":[{"taxonomy":"category","embeddable":true,"href":"https:\/\/www.webdo.tn\/fr\/wp-json\/wp\/v2\/categories?post=172258"},{"taxonomy":"post_tag","embeddable":true,"href":"https:\/\/www.webdo.tn\/fr\/wp-json\/wp\/v2\/tags?post=172258"}],"curies":[{"name":"wp","href":"https:\/\/api.w.org\/{rel}","templated":true}]}}