{"id":172257,"date":"2012-01-27T12:17:00","date_gmt":"2012-01-27T12:17:00","guid":{"rendered":"https:\/\/www.webdo.tn\/fr\/blog\/le-communique-de-bce-invite-a-un-rassemblement-democratique-qui-verrait-le-jour-le-20-mars-prochain\/172257\/"},"modified":"2025-06-04T19:01:34","modified_gmt":"2025-06-04T19:01:34","slug":"le-communique-de-bce-invite-a-un-rassemblement-democratique-qui-verrait-le-jour-le-20-mars-prochain","status":"publish","type":"post","link":"https:\/\/www.webdo.tn\/fr\/actualite\/national\/le-communique-de-bce-invite-a-un-rassemblement-democratique-qui-verrait-le-jour-le-20-mars-prochain\/172257\/","title":{"rendered":"Le communiqu\u00e9 de BCE invite \u00e0 un rassemblement d\u00e9mocratique qui verrait le jour le 20 mars prochain!"},"content":{"rendered":"<p>Coup de gueule ou plut\u00f4t coup de semonce de l\u2019ancien premier ministre, M.B\u00e9ji Caid Essebsi, avec la publication d\u2019un communiqu\u00e9 adress\u00e9 \u00e0 l\u2019opinion publique et qui a irrit\u00e9, plus que pr\u00e9vu, la tro\u00efka, laquelle ne semble plus accepter ni remarques ni critiques, et qui y a vu une exag\u00e9ration de la gravit\u00e9 de la situation (Ennahdha), une exag\u00e9ration du danger de l\u2019extr\u00e9misme (CPR) et que les choses \u00e9voluent correctement du c\u00f4t\u00e9 de l\u2019Assembl\u00e9e Constituante (Ettakatol).<\/p>\n<p>Or que comporte ce communiqu\u00e9 de BCE sinon un rappel de la p\u00e9riode d\u2019investiture de la Constituante qui n\u2019a pas fait l\u2019objet d\u2019une limitation dans le temps (une ann\u00e9e) afin d\u2019\u00e9tablir d\u2019une fa\u00e7on claire les \u00e9tapes qui doivent \u00eatre observ\u00e9es en vue de passer aux prochaines \u00e9lections qui mettront en places les institutions r\u00e9publicaines de l\u2019avenir. Sur ce plan, le premier ministre M.Hamadi Jebali a affirm\u00e9 \u00e0 plusieurs reprises qu\u2019il n\u2019est l\u00e0 que pour une ann\u00e9e, ce que ne semblent pas souhaiter les partis actuellement au pouvoir, et qui font donc souffler le chaud et le froid sur la question.<\/p>\n<p>Dans cette perspective \u00e9lectorale, BCE appelle \u00e0 redonner vie \u00e0 l\u2019Instance Sup\u00e9rieure Ind\u00e9pendante pour les \u00e9lections afin qu\u2019elle se (re)mette au travail en vue de pr\u00e9parer les prochaines \u00e9ch\u00e9ances. Car, il est clair que l\u2019on ne semble gu\u00e8re se soucier actuellement de l\u2019organisation de ces rendez-vous \u00e9lectoraux.<\/p>\n<p>Enfin, BCE invite les forces d\u00e9mocratiques \u00e0 s\u2019int\u00e9grer dans un mouvement qui s\u2019int\u00e8gre dans le mouvement r\u00e9formiste de l\u2019histoire de notre pays afin de faire face \u00e0 la mont\u00e9e des extr\u00e9mismes et de la violence.<\/p>\n<p>Se posant en rassembler, Beji Caid Essebsi a d\u00e9j\u00e0 re\u00e7u le soutien public de plusieurs forces politiques d\u00e9mocratiques et mod\u00e9r\u00e9es, et de plusieurs personnalit\u00e9s comme Ridha Belhaj, Mohsen Marzouk, Lazhar Akremi et autres.<\/p>\n<p>Ce communiqu\u00e9 adress\u00e9 \u00e0 l\u2019opinion publique est-il le pr\u00e9lude \u00e0 l\u2019annonce de la naissance d\u2019un nouveau parti politique centriste ? Il semble que oui et l\u2019annonce aurait une port\u00e9e fort symbolique puisqu\u2019elle serait faite le 20 mars prochain, anniversaire de l\u2019ind\u00e9pendance de la Tunisie\u2026<\/p>\n","protected":false},"excerpt":{"rendered":"<p>Le communiqu\u00e9 de BCE invite \u00e0 un rassemblement d\u00e9mocratique qui verrait le jour le 20 mars prochain! <\/p>\n","protected":false},"author":3222,"featured_media":374661,"comment_status":"open","ping_status":"closed","sticky":false,"template":"","format":"standard","meta":{"footnotes":""},"categories":[44],"tags":[],"class_list":["post-172257","post","type-post","status-publish","format-standard","has-post-thumbnail","hentry","category-national"],"yoast_head":"<!-- This site is optimized with the Yoast SEO Premium plugin v27.5 (Yoast SEO v27.5) - https:\/\/yoast.com\/product\/yoast-seo-premium-wordpress\/ -->\n<title>Le communiqu\u00e9 de BCE invite \u00e0 un rassemblement d\u00e9mocratique qui verrait le jour le 20 mars prochain!<\/title>\n<meta name=\"description\" content=\"Le communiqu\u00e9 de BCE invite \u00e0 un rassemblement d\u00e9mocratique qui verrait le jour le 20 mars prochain!\" \/>\n<link rel=\"canonical\" href=\"https:\/\/www.webdo.tn\/fr\/actualite\/national\/le-communique-de-bce-invite-a-un-rassemblement-democratique-qui-verrait-le-jour-le-20-mars-prochain\/172257\/\" \/>\n<meta property=\"og:locale\" content=\"fr_FR\" \/>\n<meta property=\"og:type\" content=\"article\" \/>\n<meta property=\"og:title\" content=\"Le communiqu\u00e9 de BCE invite \u00e0 un rassemblement d\u00e9mocratique qui verrait le jour le 20 mars prochain!\" \/>\n<meta property=\"og:description\" content=\"Le communiqu\u00e9 de BCE invite \u00e0 un rassemblement d\u00e9mocratique qui verrait le jour le 20 mars prochain!\" \/>\n<meta property=\"og:url\" content=\"https:\/\/www.webdo.tn\/fr\/actualite\/national\/le-communique-de-bce-invite-a-un-rassemblement-democratique-qui-verrait-le-jour-le-20-mars-prochain\/172257\/\" \/>\n<meta property=\"og:site_name\" content=\"webdo\" \/>\n<meta property=\"article:publisher\" content=\"https:\/\/www.facebook.com\/webdotn\" \/>\n<meta property=\"article:published_time\" content=\"2012-01-27T12:17:00+00:00\" \/>\n<meta property=\"article:modified_time\" content=\"2025-06-04T19:01:34+00:00\" \/>\n<meta name=\"author\" content=\"webdo.tn\" \/>\n<meta name=\"twitter:card\" content=\"summary_large_image\" \/>\n<meta name=\"twitter:creator\" content=\"@webdo_tn\" \/>\n<meta name=\"twitter:site\" content=\"@webdo_tn\" \/>\n<meta name=\"twitter:label1\" content=\"\u00c9crit par\" \/>\n\t<meta name=\"twitter:data1\" content=\"webdo.tn\" \/>\n\t<meta name=\"twitter:label2\" content=\"Dur\u00e9e de lecture estim\u00e9e\" \/>\n\t<meta name=\"twitter:data2\" content=\"2 minutes\" \/>\n<script type=\"application\/ld+json\" class=\"yoast-schema-graph\">{\"@context\":\"https:\\\/\\\/schema.org\",\"@graph\":[{\"@type\":\"NewsArticle\",\"@id\":\"https:\\\/\\\/www.webdo.tn\\\/fr\\\/actualite\\\/national\\\/le-communique-de-bce-invite-a-un-rassemblement-democratique-qui-verrait-le-jour-le-20-mars-prochain\\\/172257\\\/#article\",\"isPartOf\":{\"@id\":\"https:\\\/\\\/www.webdo.tn\\\/fr\\\/actualite\\\/national\\\/le-communique-de-bce-invite-a-un-rassemblement-democratique-qui-verrait-le-jour-le-20-mars-prochain\\\/172257\\\/\"},\"author\":{\"name\":\"webdo.tn\",\"@id\":\"https:\\\/\\\/www.webdo.tn\\\/fr\\\/#\\\/schema\\\/person\\\/9a9c6118d687c117df8ef3cc36a4d175\"},\"headline\":\"Le communiqu\u00e9 de BCE invite \u00e0 un rassemblement d\u00e9mocratique qui verrait le jour le 20 mars prochain!\",\"datePublished\":\"2012-01-27T12:17:00+00:00\",\"dateModified\":\"2025-06-04T19:01:34+00:00\",\"mainEntityOfPage\":{\"@id\":\"https:\\\/\\\/www.webdo.tn\\\/fr\\\/actualite\\\/national\\\/le-communique-de-bce-invite-a-un-rassemblement-democratique-qui-verrait-le-jour-le-20-mars-prochain\\\/172257\\\/\"},\"wordCount\":405,\"commentCount\":0,\"publisher\":{\"@id\":\"https:\\\/\\\/www.webdo.tn\\\/fr\\\/#organization\"},\"image\":{\"@id\":\"https:\\\/\\\/www.webdo.tn\\\/fr\\\/actualite\\\/national\\\/le-communique-de-bce-invite-a-un-rassemblement-democratique-qui-verrait-le-jour-le-20-mars-prochain\\\/172257\\\/#primaryimage\"},\"thumbnailUrl\":\"https:\\\/\\\/www.webdo.tn\\\/fr\\\/wp-content\\\/uploads\\\/2025\\\/06\\\/Beji-Caid-Essebsi-photo-AFP_172257.jpg\",\"articleSection\":[\"National\"],\"inLanguage\":\"fr-FR\"},{\"@type\":\"WebPage\",\"@id\":\"https:\\\/\\\/www.webdo.tn\\\/fr\\\/actualite\\\/national\\\/le-communique-de-bce-invite-a-un-rassemblement-democratique-qui-verrait-le-jour-le-20-mars-prochain\\\/172257\\\/\",\"url\":\"https:\\\/\\\/www.webdo.tn\\\/fr\\\/actualite\\\/national\\\/le-communique-de-bce-invite-a-un-rassemblement-democratique-qui-verrait-le-jour-le-20-mars-prochain\\\/172257\\\/\",\"name\":\"Le communiqu\u00e9 de BCE invite \u00e0 un rassemblement d\u00e9mocratique qui verrait le jour le 20 mars prochain!\",\"isPartOf\":{\"@id\":\"https:\\\/\\\/www.webdo.tn\\\/fr\\\/#website\"},\"primaryImageOfPage\":{\"@id\":\"https:\\\/\\\/www.webdo.tn\\\/fr\\\/actualite\\\/national\\\/le-communique-de-bce-invite-a-un-rassemblement-democratique-qui-verrait-le-jour-le-20-mars-prochain\\\/172257\\\/#primaryimage\"},\"image\":{\"@id\":\"https:\\\/\\\/www.webdo.tn\\\/fr\\\/actualite\\\/national\\\/le-communique-de-bce-invite-a-un-rassemblement-democratique-qui-verrait-le-jour-le-20-mars-prochain\\\/172257\\\/#primaryimage\"},\"thumbnailUrl\":\"https:\\\/\\\/www.webdo.tn\\\/fr\\\/wp-content\\\/uploads\\\/2025\\\/06\\\/Beji-Caid-Essebsi-photo-AFP_172257.jpg\",\"datePublished\":\"2012-01-27T12:17:00+00:00\",\"dateModified\":\"2025-06-04T19:01:34+00:00\",\"description\":\"Le communiqu\u00e9 de BCE invite \u00e0 un rassemblement d\u00e9mocratique qui verrait le jour le 20 mars prochain!\",\"breadcrumb\":{\"@id\":\"https:\\\/\\\/www.webdo.tn\\\/fr\\\/actualite\\\/national\\\/le-communique-de-bce-invite-a-un-rassemblement-democratique-qui-verrait-le-jour-le-20-mars-prochain\\\/172257\\\/#breadcrumb\"},\"inLanguage\":\"fr-FR\",\"potentialAction\":[{\"@type\":\"ReadAction\",\"target\":[\"https:\\\/\\\/www.webdo.tn\\\/fr\\\/actualite\\\/national\\\/le-communique-de-bce-invite-a-un-rassemblement-democratique-qui-verrait-le-jour-le-20-mars-prochain\\\/172257\\\/\"]}]},{\"@type\":\"ImageObject\",\"inLanguage\":\"fr-FR\",\"@id\":\"https:\\\/\\\/www.webdo.tn\\\/fr\\\/actualite\\\/national\\\/le-communique-de-bce-invite-a-un-rassemblement-democratique-qui-verrait-le-jour-le-20-mars-prochain\\\/172257\\\/#primaryimage\",\"url\":\"https:\\\/\\\/www.webdo.tn\\\/fr\\\/wp-content\\\/uploads\\\/2025\\\/06\\\/Beji-Caid-Essebsi-photo-AFP_172257.jpg\",\"contentUrl\":\"https:\\\/\\\/www.webdo.tn\\\/fr\\\/wp-content\\\/uploads\\\/2025\\\/06\\\/Beji-Caid-Essebsi-photo-AFP_172257.jpg\",\"width\":288,\"height\":194,\"caption\":\"Le communiqu\u00e9 de BCE invite \u00e0 un rassemblement d\u00e9mocratique qui verrait le jour le 20 mars prochain!\"},{\"@type\":\"BreadcrumbList\",\"@id\":\"https:\\\/\\\/www.webdo.tn\\\/fr\\\/actualite\\\/national\\\/le-communique-de-bce-invite-a-un-rassemblement-democratique-qui-verrait-le-jour-le-20-mars-prochain\\\/172257\\\/#breadcrumb\",\"itemListElement\":[{\"@type\":\"ListItem\",\"position\":1,\"name\":\"Accueil\",\"item\":\"https:\\\/\\\/www.webdo.tn\\\/fr\\\/\"},{\"@type\":\"ListItem\",\"position\":2,\"name\":\"Le communiqu\u00e9 de BCE invite \u00e0 un rassemblement d\u00e9mocratique qui verrait le jour le 20 mars prochain!\"}]},{\"@type\":\"WebSite\",\"@id\":\"https:\\\/\\\/www.webdo.tn\\\/fr\\\/#website\",\"url\":\"https:\\\/\\\/www.webdo.tn\\\/fr\\\/\",\"name\":\"webdo\",\"description\":\"Tunisie - News en Tunisie et \u00e0 l&#039;international sur Webdo.tn\",\"publisher\":{\"@id\":\"https:\\\/\\\/www.webdo.tn\\\/fr\\\/#organization\"},\"potentialAction\":[{\"@type\":\"SearchAction\",\"target\":{\"@type\":\"EntryPoint\",\"urlTemplate\":\"https:\\\/\\\/www.webdo.tn\\\/fr\\\/?s={search_term_string}\"},\"query-input\":{\"@type\":\"PropertyValueSpecification\",\"valueRequired\":true,\"valueName\":\"search_term_string\"}}],\"inLanguage\":\"fr-FR\"},{\"@type\":\"Organization\",\"@id\":\"https:\\\/\\\/www.webdo.tn\\\/fr\\\/#organization\",\"name\":\"Webdo\",\"alternateName\":\"Webdo.tn\",\"url\":\"https:\\\/\\\/www.webdo.tn\\\/fr\\\/\",\"logo\":{\"@type\":\"ImageObject\",\"inLanguage\":\"fr-FR\",\"@id\":\"https:\\\/\\\/www.webdo.tn\\\/fr\\\/#\\\/schema\\\/logo\\\/image\\\/\",\"url\":\"https:\\\/\\\/www.webdo.tn\\\/fr\\\/wp-content\\\/uploads\\\/2025\\\/06\\\/Webdo-Tunisie_168377.jpg\",\"contentUrl\":\"https:\\\/\\\/www.webdo.tn\\\/fr\\\/wp-content\\\/uploads\\\/2025\\\/06\\\/Webdo-Tunisie_168377.jpg\",\"width\":301,\"height\":301,\"caption\":\"Webdo\"},\"image\":{\"@id\":\"https:\\\/\\\/www.webdo.tn\\\/fr\\\/#\\\/schema\\\/logo\\\/image\\\/\"},\"sameAs\":[\"https:\\\/\\\/www.facebook.com\\\/webdotn\",\"https:\\\/\\\/x.com\\\/webdo_tn\"],\"description\":\"Webdo est un m\u00e9dia num\u00e9rique tunisien fond\u00e9 en 2010, sp\u00e9cialis\u00e9 dans l\u2019actualit\u00e9 nationale et internationale, l\u2019\u00e9conomie, la soci\u00e9t\u00e9 et les analyses politiques. Le site s\u2019adresse \u00e0 un large public francophone et couvre l\u2019information tunisienne en temps r\u00e9el.\",\"email\":\"redac@webdo.tn\",\"legalName\":\"YNJ SARL\",\"foundingDate\":\"2010-09-06\",\"numberOfEmployees\":{\"@type\":\"QuantitativeValue\",\"minValue\":\"11\",\"maxValue\":\"50\"}},{\"@type\":\"Person\",\"@id\":\"https:\\\/\\\/www.webdo.tn\\\/fr\\\/#\\\/schema\\\/person\\\/9a9c6118d687c117df8ef3cc36a4d175\",\"name\":\"webdo.tn\",\"image\":{\"@type\":\"ImageObject\",\"inLanguage\":\"fr-FR\",\"@id\":\"https:\\\/\\\/secure.gravatar.com\\\/avatar\\\/7ce1f28c0c3bbac99ff550b85ef8e44a6950c6ee24514fb6a5489e51d06f0298?s=96&d=mm&r=g\",\"url\":\"https:\\\/\\\/secure.gravatar.com\\\/avatar\\\/7ce1f28c0c3bbac99ff550b85ef8e44a6950c6ee24514fb6a5489e51d06f0298?s=96&d=mm&r=g\",\"contentUrl\":\"https:\\\/\\\/secure.gravatar.com\\\/avatar\\\/7ce1f28c0c3bbac99ff550b85ef8e44a6950c6ee24514fb6a5489e51d06f0298?s=96&d=mm&r=g\",\"caption\":\"webdo.tn\"},\"url\":\"https:\\\/\\\/www.webdo.tn\\\/fr\\\/actualite\\\/author\\\/webdotn\\\/\"}]}<\/script>\n<!-- \/ Yoast SEO Premium plugin. -->","yoast_head_json":{"title":"Le communiqu\u00e9 de BCE invite \u00e0 un rassemblement d\u00e9mocratique qui verrait le jour le 20 mars prochain!","description":"Le communiqu\u00e9 de BCE invite \u00e0 un rassemblement d\u00e9mocratique qui verrait le jour le 20 mars prochain!","canonical":"https:\/\/www.webdo.tn\/fr\/actualite\/national\/le-communique-de-bce-invite-a-un-rassemblement-democratique-qui-verrait-le-jour-le-20-mars-prochain\/172257\/","og_locale":"fr_FR","og_type":"article","og_title":"Le communiqu\u00e9 de BCE invite \u00e0 un rassemblement d\u00e9mocratique qui verrait le jour le 20 mars prochain!","og_description":"Le communiqu\u00e9 de BCE invite \u00e0 un rassemblement d\u00e9mocratique qui verrait le jour le 20 mars prochain!","og_url":"https:\/\/www.webdo.tn\/fr\/actualite\/national\/le-communique-de-bce-invite-a-un-rassemblement-democratique-qui-verrait-le-jour-le-20-mars-prochain\/172257\/","og_site_name":"webdo","article_publisher":"https:\/\/www.facebook.com\/webdotn","article_published_time":"2012-01-27T12:17:00+00:00","article_modified_time":"2025-06-04T19:01:34+00:00","author":"webdo.tn","twitter_card":"summary_large_image","twitter_creator":"@webdo_tn","twitter_site":"@webdo_tn","twitter_misc":{"\u00c9crit par":"webdo.tn","Dur\u00e9e de lecture estim\u00e9e":"2 minutes"},"schema":{"@context":"https:\/\/schema.org","@graph":[{"@type":"NewsArticle","@id":"https:\/\/www.webdo.tn\/fr\/actualite\/national\/le-communique-de-bce-invite-a-un-rassemblement-democratique-qui-verrait-le-jour-le-20-mars-prochain\/172257\/#article","isPartOf":{"@id":"https:\/\/www.webdo.tn\/fr\/actualite\/national\/le-communique-de-bce-invite-a-un-rassemblement-democratique-qui-verrait-le-jour-le-20-mars-prochain\/172257\/"},"author":{"name":"webdo.tn","@id":"https:\/\/www.webdo.tn\/fr\/#\/schema\/person\/9a9c6118d687c117df8ef3cc36a4d175"},"headline":"Le communiqu\u00e9 de BCE invite \u00e0 un rassemblement d\u00e9mocratique qui verrait le jour le 20 mars prochain!","datePublished":"2012-01-27T12:17:00+00:00","dateModified":"2025-06-04T19:01:34+00:00","mainEntityOfPage":{"@id":"https:\/\/www.webdo.tn\/fr\/actualite\/national\/le-communique-de-bce-invite-a-un-rassemblement-democratique-qui-verrait-le-jour-le-20-mars-prochain\/172257\/"},"wordCount":405,"commentCount":0,"publisher":{"@id":"https:\/\/www.webdo.tn\/fr\/#organization"},"image":{"@id":"https:\/\/www.webdo.tn\/fr\/actualite\/national\/le-communique-de-bce-invite-a-un-rassemblement-democratique-qui-verrait-le-jour-le-20-mars-prochain\/172257\/#primaryimage"},"thumbnailUrl":"https:\/\/www.webdo.tn\/fr\/wp-content\/uploads\/2025\/06\/Beji-Caid-Essebsi-photo-AFP_172257.jpg","articleSection":["National"],"inLanguage":"fr-FR"},{"@type":"WebPage","@id":"https:\/\/www.webdo.tn\/fr\/actualite\/national\/le-communique-de-bce-invite-a-un-rassemblement-democratique-qui-verrait-le-jour-le-20-mars-prochain\/172257\/","url":"https:\/\/www.webdo.tn\/fr\/actualite\/national\/le-communique-de-bce-invite-a-un-rassemblement-democratique-qui-verrait-le-jour-le-20-mars-prochain\/172257\/","name":"Le communiqu\u00e9 de BCE invite \u00e0 un rassemblement d\u00e9mocratique qui verrait le jour le 20 mars prochain!","isPartOf":{"@id":"https:\/\/www.webdo.tn\/fr\/#website"},"primaryImageOfPage":{"@id":"https:\/\/www.webdo.tn\/fr\/actualite\/national\/le-communique-de-bce-invite-a-un-rassemblement-democratique-qui-verrait-le-jour-le-20-mars-prochain\/172257\/#primaryimage"},"image":{"@id":"https:\/\/www.webdo.tn\/fr\/actualite\/national\/le-communique-de-bce-invite-a-un-rassemblement-democratique-qui-verrait-le-jour-le-20-mars-prochain\/172257\/#primaryimage"},"thumbnailUrl":"https:\/\/www.webdo.tn\/fr\/wp-content\/uploads\/2025\/06\/Beji-Caid-Essebsi-photo-AFP_172257.jpg","datePublished":"2012-01-27T12:17:00+00:00","dateModified":"2025-06-04T19:01:34+00:00","description":"Le communiqu\u00e9 de BCE invite \u00e0 un rassemblement d\u00e9mocratique qui verrait le jour le 20 mars prochain!","breadcrumb":{"@id":"https:\/\/www.webdo.tn\/fr\/actualite\/national\/le-communique-de-bce-invite-a-un-rassemblement-democratique-qui-verrait-le-jour-le-20-mars-prochain\/172257\/#breadcrumb"},"inLanguage":"fr-FR","potentialAction":[{"@type":"ReadAction","target":["https:\/\/www.webdo.tn\/fr\/actualite\/national\/le-communique-de-bce-invite-a-un-rassemblement-democratique-qui-verrait-le-jour-le-20-mars-prochain\/172257\/"]}]},{"@type":"ImageObject","inLanguage":"fr-FR","@id":"https:\/\/www.webdo.tn\/fr\/actualite\/national\/le-communique-de-bce-invite-a-un-rassemblement-democratique-qui-verrait-le-jour-le-20-mars-prochain\/172257\/#primaryimage","url":"https:\/\/www.webdo.tn\/fr\/wp-content\/uploads\/2025\/06\/Beji-Caid-Essebsi-photo-AFP_172257.jpg","contentUrl":"https:\/\/www.webdo.tn\/fr\/wp-content\/uploads\/2025\/06\/Beji-Caid-Essebsi-photo-AFP_172257.jpg","width":288,"height":194,"caption":"Le communiqu\u00e9 de BCE invite \u00e0 un rassemblement d\u00e9mocratique qui verrait le jour le 20 mars prochain!"},{"@type":"BreadcrumbList","@id":"https:\/\/www.webdo.tn\/fr\/actualite\/national\/le-communique-de-bce-invite-a-un-rassemblement-democratique-qui-verrait-le-jour-le-20-mars-prochain\/172257\/#breadcrumb","itemListElement":[{"@type":"ListItem","position":1,"name":"Accueil","item":"https:\/\/www.webdo.tn\/fr\/"},{"@type":"ListItem","position":2,"name":"Le communiqu\u00e9 de BCE invite \u00e0 un rassemblement d\u00e9mocratique qui verrait le jour le 20 mars prochain!"}]},{"@type":"WebSite","@id":"https:\/\/www.webdo.tn\/fr\/#website","url":"https:\/\/www.webdo.tn\/fr\/","name":"webdo","description":"Tunisie - News en Tunisie et \u00e0 l&#039;international sur Webdo.tn","publisher":{"@id":"https:\/\/www.webdo.tn\/fr\/#organization"},"potentialAction":[{"@type":"SearchAction","target":{"@type":"EntryPoint","urlTemplate":"https:\/\/www.webdo.tn\/fr\/?s={search_term_string}"},"query-input":{"@type":"PropertyValueSpecification","valueRequired":true,"valueName":"search_term_string"}}],"inLanguage":"fr-FR"},{"@type":"Organization","@id":"https:\/\/www.webdo.tn\/fr\/#organization","name":"Webdo","alternateName":"Webdo.tn","url":"https:\/\/www.webdo.tn\/fr\/","logo":{"@type":"ImageObject","inLanguage":"fr-FR","@id":"https:\/\/www.webdo.tn\/fr\/#\/schema\/logo\/image\/","url":"https:\/\/www.webdo.tn\/fr\/wp-content\/uploads\/2025\/06\/Webdo-Tunisie_168377.jpg","contentUrl":"https:\/\/www.webdo.tn\/fr\/wp-content\/uploads\/2025\/06\/Webdo-Tunisie_168377.jpg","width":301,"height":301,"caption":"Webdo"},"image":{"@id":"https:\/\/www.webdo.tn\/fr\/#\/schema\/logo\/image\/"},"sameAs":["https:\/\/www.facebook.com\/webdotn","https:\/\/x.com\/webdo_tn"],"description":"Webdo est un m\u00e9dia num\u00e9rique tunisien fond\u00e9 en 2010, sp\u00e9cialis\u00e9 dans l\u2019actualit\u00e9 nationale et internationale, l\u2019\u00e9conomie, la soci\u00e9t\u00e9 et les analyses politiques. Le site s\u2019adresse \u00e0 un large public francophone et couvre l\u2019information tunisienne en temps r\u00e9el.","email":"redac@webdo.tn","legalName":"YNJ SARL","foundingDate":"2010-09-06","numberOfEmployees":{"@type":"QuantitativeValue","minValue":"11","maxValue":"50"}},{"@type":"Person","@id":"https:\/\/www.webdo.tn\/fr\/#\/schema\/person\/9a9c6118d687c117df8ef3cc36a4d175","name":"webdo.tn","image":{"@type":"ImageObject","inLanguage":"fr-FR","@id":"https:\/\/secure.gravatar.com\/avatar\/7ce1f28c0c3bbac99ff550b85ef8e44a6950c6ee24514fb6a5489e51d06f0298?s=96&d=mm&r=g","url":"https:\/\/secure.gravatar.com\/avatar\/7ce1f28c0c3bbac99ff550b85ef8e44a6950c6ee24514fb6a5489e51d06f0298?s=96&d=mm&r=g","contentUrl":"https:\/\/secure.gravatar.com\/avatar\/7ce1f28c0c3bbac99ff550b85ef8e44a6950c6ee24514fb6a5489e51d06f0298?s=96&d=mm&r=g","caption":"webdo.tn"},"url":"https:\/\/www.webdo.tn\/fr\/actualite\/author\/webdotn\/"}]}},"_links":{"self":[{"href":"https:\/\/www.webdo.tn\/fr\/wp-json\/wp\/v2\/posts\/172257","targetHints":{"allow":["GET"]}}],"collection":[{"href":"https:\/\/www.webdo.tn\/fr\/wp-json\/wp\/v2\/posts"}],"about":[{"href":"https:\/\/www.webdo.tn\/fr\/wp-json\/wp\/v2\/types\/post"}],"author":[{"embeddable":true,"href":"https:\/\/www.webdo.tn\/fr\/wp-json\/wp\/v2\/users\/3222"}],"replies":[{"embeddable":true,"href":"https:\/\/www.webdo.tn\/fr\/wp-json\/wp\/v2\/comments?post=172257"}],"version-history":[{"count":0,"href":"https:\/\/www.webdo.tn\/fr\/wp-json\/wp\/v2\/posts\/172257\/revisions"}],"wp:featuredmedia":[{"embeddable":true,"href":"https:\/\/www.webdo.tn\/fr\/wp-json\/wp\/v2\/media\/374661"}],"wp:attachment":[{"href":"https:\/\/www.webdo.tn\/fr\/wp-json\/wp\/v2\/media?parent=172257"}],"wp:term":[{"taxonomy":"category","embeddable":true,"href":"https:\/\/www.webdo.tn\/fr\/wp-json\/wp\/v2\/categories?post=172257"},{"taxonomy":"post_tag","embeddable":true,"href":"https:\/\/www.webdo.tn\/fr\/wp-json\/wp\/v2\/tags?post=172257"}],"curies":[{"name":"wp","href":"https:\/\/api.w.org\/{rel}","templated":true}]}}