{"id":172255,"date":"2012-01-29T17:28:00","date_gmt":"2012-01-29T17:28:00","guid":{"rendered":"https:\/\/www.webdo.tn\/fr\/blog\/un-egyptien-non-un-qatari-souhaite-investir-dans-des-megas-projets-chez-nous\/172255\/"},"modified":"2025-06-04T19:01:39","modified_gmt":"2025-06-04T19:01:39","slug":"un-egyptien-non-un-qatari-souhaite-investir-dans-des-megas-projets-chez-nous","status":"publish","type":"post","link":"https:\/\/www.webdo.tn\/fr\/actualite\/national\/un-egyptien-non-un-qatari-souhaite-investir-dans-des-megas-projets-chez-nous\/172255\/","title":{"rendered":"Un \u00c9gyptien (non un Qatari) souhaite investir dans des m\u00e9gas projets chez nous !"},"content":{"rendered":"<p>A force de se focaliser sur les relations privil\u00e9gi\u00e9s des Nahdhaouis avec les Qatari, on s&rsquo;attendait \u00e0 des mots et des merveilles provenant de chez les \u00ab\u00a0Khalifats\u00a0\u00bb. Or, un homme d&rsquo;affaires \u00e9gyptien, Ahmed Bahjet, a confi\u00e9 \u00e0 Mosa\u00efque FM, avoir transmis quatre ou cinq demandes aux responsables du gouvernement pour r\u00e9aliser des m\u00e9gas projets en Tunisie.<\/p>\n<p>M. Bahjet a d\u00e9clar\u00e9 son intention de cr\u00e9er un \u00e9norme projet touristique \u00e0 El Manar, semblable \u00e0 celui de DreamLand qu&rsquo;il a construit en \u00c9gypte. Un projet compos\u00e9 d&rsquo;un h\u00f4tel, d&rsquo;une bo\u00eete de nuit et d&rsquo;un grand centre commercial. Actuellement, il n&rsquo;a qu&rsquo;une partie du terrain qu&rsquo;il souhaite et il aurait demand\u00e9 \u00e0 l&rsquo;\u00c9tat la possibilit\u00e9 d&rsquo;exploiter l&rsquo;autre partie. L&rsquo;homme d&rsquo;affaires compte aussi lancer une cha\u00eene de t\u00e9l\u00e9vision en Tunisie.<\/p>\n<p>\u00c0 Zaghouan, M. Bahjet compte profiter des terrains industriels non encore utilis\u00e9s pour lancer quelques projets. Des demandes en ce sens ont aussi \u00e9t\u00e9 envoy\u00e9es aux autorit\u00e9s de notre pays. En cas de r\u00e9ponse favorable, l&rsquo;homme d&rsquo;affaires \u00e9gyptien devrait lancer ses projets dans la foul\u00e9e.<\/p>\n<p>Clairement, vu l\u2019\u00e9tat de notre \u00e9conomie, on ne peut qu\u2019applaudir de telles d\u00e9cisions \u00e9manant d&rsquo;un Egyptien ou de n&rsquo;importe qui d&rsquo;autre. Mais l&rsquo;\u00c9gypte, en pleine phase post-r\u00e9volutionnaire comme la Tunisie, n&rsquo;aurait-elle pas beaucoup plus besoin des investissements de ses hommes d&rsquo;affaires\u00a0?<\/p>\n","protected":false},"excerpt":{"rendered":"<p>Un \u00c9gyptien (non un Qatari) souhaite investir dans des m\u00e9gas projets chez nous !<\/p>\n","protected":false},"author":3222,"featured_media":333801,"comment_status":"open","ping_status":"closed","sticky":false,"template":"","format":"standard","meta":{"footnotes":""},"categories":[44],"tags":[],"class_list":["post-172255","post","type-post","status-publish","format-standard","has-post-thumbnail","hentry","category-national"],"yoast_head":"<!-- This site is optimized with the Yoast SEO Premium plugin v27.5 (Yoast SEO v27.5) - https:\/\/yoast.com\/product\/yoast-seo-premium-wordpress\/ -->\n<title>Un \u00c9gyptien (non un Qatari) souhaite investir dans des m\u00e9gas projets chez nous !<\/title>\n<meta name=\"description\" content=\"Un \u00c9gyptien (non un Qatari) souhaite investir dans des m\u00e9gas projets chez nous !\" \/>\n<link rel=\"canonical\" href=\"https:\/\/www.webdo.tn\/fr\/actualite\/national\/un-egyptien-non-un-qatari-souhaite-investir-dans-des-megas-projets-chez-nous\/172255\/\" \/>\n<meta property=\"og:locale\" content=\"fr_FR\" \/>\n<meta property=\"og:type\" content=\"article\" \/>\n<meta property=\"og:title\" content=\"Un \u00c9gyptien (non un Qatari) souhaite investir dans des m\u00e9gas projets chez nous !\" \/>\n<meta property=\"og:description\" content=\"Un \u00c9gyptien (non un Qatari) souhaite investir dans des m\u00e9gas projets chez nous !\" \/>\n<meta property=\"og:url\" content=\"https:\/\/www.webdo.tn\/fr\/actualite\/national\/un-egyptien-non-un-qatari-souhaite-investir-dans-des-megas-projets-chez-nous\/172255\/\" \/>\n<meta property=\"og:site_name\" content=\"webdo\" \/>\n<meta property=\"article:publisher\" content=\"https:\/\/www.facebook.com\/webdotn\" \/>\n<meta property=\"article:published_time\" content=\"2012-01-29T17:28:00+00:00\" \/>\n<meta property=\"article:modified_time\" content=\"2025-06-04T19:01:39+00:00\" \/>\n<meta property=\"og:image\" content=\"https:\/\/www.webdo.tn\/fr\/wp-content\/uploads\/2012\/01\/Ahmed-Bahjet-photo-youm7.com_.jpg\" \/>\n\t<meta property=\"og:image:width\" content=\"250\" \/>\n\t<meta property=\"og:image:height\" content=\"197\" \/>\n\t<meta property=\"og:image:type\" content=\"image\/jpeg\" \/>\n<meta name=\"author\" content=\"webdo.tn\" \/>\n<meta name=\"twitter:card\" content=\"summary_large_image\" \/>\n<meta name=\"twitter:creator\" content=\"@webdo_tn\" \/>\n<meta name=\"twitter:site\" content=\"@webdo_tn\" \/>\n<meta name=\"twitter:label1\" content=\"\u00c9crit par\" \/>\n\t<meta name=\"twitter:data1\" content=\"webdo.tn\" \/>\n\t<meta name=\"twitter:label2\" content=\"Dur\u00e9e de lecture estim\u00e9e\" \/>\n\t<meta name=\"twitter:data2\" content=\"1 minute\" \/>\n<script type=\"application\/ld+json\" class=\"yoast-schema-graph\">{\"@context\":\"https:\\\/\\\/schema.org\",\"@graph\":[{\"@type\":\"NewsArticle\",\"@id\":\"https:\\\/\\\/www.webdo.tn\\\/fr\\\/actualite\\\/national\\\/un-egyptien-non-un-qatari-souhaite-investir-dans-des-megas-projets-chez-nous\\\/172255\\\/#article\",\"isPartOf\":{\"@id\":\"https:\\\/\\\/www.webdo.tn\\\/fr\\\/actualite\\\/national\\\/un-egyptien-non-un-qatari-souhaite-investir-dans-des-megas-projets-chez-nous\\\/172255\\\/\"},\"author\":{\"name\":\"webdo.tn\",\"@id\":\"https:\\\/\\\/www.webdo.tn\\\/fr\\\/#\\\/schema\\\/person\\\/9a9c6118d687c117df8ef3cc36a4d175\"},\"headline\":\"Un \u00c9gyptien (non un Qatari) souhaite investir dans des m\u00e9gas projets chez nous !\",\"datePublished\":\"2012-01-29T17:28:00+00:00\",\"dateModified\":\"2025-06-04T19:01:39+00:00\",\"mainEntityOfPage\":{\"@id\":\"https:\\\/\\\/www.webdo.tn\\\/fr\\\/actualite\\\/national\\\/un-egyptien-non-un-qatari-souhaite-investir-dans-des-megas-projets-chez-nous\\\/172255\\\/\"},\"wordCount\":263,\"commentCount\":0,\"publisher\":{\"@id\":\"https:\\\/\\\/www.webdo.tn\\\/fr\\\/#organization\"},\"image\":{\"@id\":\"https:\\\/\\\/www.webdo.tn\\\/fr\\\/actualite\\\/national\\\/un-egyptien-non-un-qatari-souhaite-investir-dans-des-megas-projets-chez-nous\\\/172255\\\/#primaryimage\"},\"thumbnailUrl\":\"https:\\\/\\\/www.webdo.tn\\\/fr\\\/wp-content\\\/uploads\\\/2012\\\/01\\\/Ahmed-Bahjet-photo-youm7.com_.jpg\",\"articleSection\":[\"National\"],\"inLanguage\":\"fr-FR\"},{\"@type\":\"WebPage\",\"@id\":\"https:\\\/\\\/www.webdo.tn\\\/fr\\\/actualite\\\/national\\\/un-egyptien-non-un-qatari-souhaite-investir-dans-des-megas-projets-chez-nous\\\/172255\\\/\",\"url\":\"https:\\\/\\\/www.webdo.tn\\\/fr\\\/actualite\\\/national\\\/un-egyptien-non-un-qatari-souhaite-investir-dans-des-megas-projets-chez-nous\\\/172255\\\/\",\"name\":\"Un \u00c9gyptien (non un Qatari) souhaite investir dans des m\u00e9gas projets chez nous !\",\"isPartOf\":{\"@id\":\"https:\\\/\\\/www.webdo.tn\\\/fr\\\/#website\"},\"primaryImageOfPage\":{\"@id\":\"https:\\\/\\\/www.webdo.tn\\\/fr\\\/actualite\\\/national\\\/un-egyptien-non-un-qatari-souhaite-investir-dans-des-megas-projets-chez-nous\\\/172255\\\/#primaryimage\"},\"image\":{\"@id\":\"https:\\\/\\\/www.webdo.tn\\\/fr\\\/actualite\\\/national\\\/un-egyptien-non-un-qatari-souhaite-investir-dans-des-megas-projets-chez-nous\\\/172255\\\/#primaryimage\"},\"thumbnailUrl\":\"https:\\\/\\\/www.webdo.tn\\\/fr\\\/wp-content\\\/uploads\\\/2012\\\/01\\\/Ahmed-Bahjet-photo-youm7.com_.jpg\",\"datePublished\":\"2012-01-29T17:28:00+00:00\",\"dateModified\":\"2025-06-04T19:01:39+00:00\",\"description\":\"Un \u00c9gyptien (non un Qatari) souhaite investir dans des m\u00e9gas projets chez nous !\",\"breadcrumb\":{\"@id\":\"https:\\\/\\\/www.webdo.tn\\\/fr\\\/actualite\\\/national\\\/un-egyptien-non-un-qatari-souhaite-investir-dans-des-megas-projets-chez-nous\\\/172255\\\/#breadcrumb\"},\"inLanguage\":\"fr-FR\",\"potentialAction\":[{\"@type\":\"ReadAction\",\"target\":[\"https:\\\/\\\/www.webdo.tn\\\/fr\\\/actualite\\\/national\\\/un-egyptien-non-un-qatari-souhaite-investir-dans-des-megas-projets-chez-nous\\\/172255\\\/\"]}]},{\"@type\":\"ImageObject\",\"inLanguage\":\"fr-FR\",\"@id\":\"https:\\\/\\\/www.webdo.tn\\\/fr\\\/actualite\\\/national\\\/un-egyptien-non-un-qatari-souhaite-investir-dans-des-megas-projets-chez-nous\\\/172255\\\/#primaryimage\",\"url\":\"https:\\\/\\\/www.webdo.tn\\\/fr\\\/wp-content\\\/uploads\\\/2012\\\/01\\\/Ahmed-Bahjet-photo-youm7.com_.jpg\",\"contentUrl\":\"https:\\\/\\\/www.webdo.tn\\\/fr\\\/wp-content\\\/uploads\\\/2012\\\/01\\\/Ahmed-Bahjet-photo-youm7.com_.jpg\",\"width\":250,\"height\":197,\"caption\":\"Un \u00c9gyptien (non un Qatari) souhaite investir dans des m\u00e9gas projets chez nous !\"},{\"@type\":\"BreadcrumbList\",\"@id\":\"https:\\\/\\\/www.webdo.tn\\\/fr\\\/actualite\\\/national\\\/un-egyptien-non-un-qatari-souhaite-investir-dans-des-megas-projets-chez-nous\\\/172255\\\/#breadcrumb\",\"itemListElement\":[{\"@type\":\"ListItem\",\"position\":1,\"name\":\"Accueil\",\"item\":\"https:\\\/\\\/www.webdo.tn\\\/fr\\\/\"},{\"@type\":\"ListItem\",\"position\":2,\"name\":\"Un \u00c9gyptien (non un Qatari) souhaite investir dans des m\u00e9gas projets chez nous !\"}]},{\"@type\":\"WebSite\",\"@id\":\"https:\\\/\\\/www.webdo.tn\\\/fr\\\/#website\",\"url\":\"https:\\\/\\\/www.webdo.tn\\\/fr\\\/\",\"name\":\"webdo\",\"description\":\"Tunisie - News en Tunisie et \u00e0 l&#039;international sur Webdo.tn\",\"publisher\":{\"@id\":\"https:\\\/\\\/www.webdo.tn\\\/fr\\\/#organization\"},\"potentialAction\":[{\"@type\":\"SearchAction\",\"target\":{\"@type\":\"EntryPoint\",\"urlTemplate\":\"https:\\\/\\\/www.webdo.tn\\\/fr\\\/?s={search_term_string}\"},\"query-input\":{\"@type\":\"PropertyValueSpecification\",\"valueRequired\":true,\"valueName\":\"search_term_string\"}}],\"inLanguage\":\"fr-FR\"},{\"@type\":\"Organization\",\"@id\":\"https:\\\/\\\/www.webdo.tn\\\/fr\\\/#organization\",\"name\":\"Webdo\",\"alternateName\":\"Webdo.tn\",\"url\":\"https:\\\/\\\/www.webdo.tn\\\/fr\\\/\",\"logo\":{\"@type\":\"ImageObject\",\"inLanguage\":\"fr-FR\",\"@id\":\"https:\\\/\\\/www.webdo.tn\\\/fr\\\/#\\\/schema\\\/logo\\\/image\\\/\",\"url\":\"https:\\\/\\\/www.webdo.tn\\\/fr\\\/wp-content\\\/uploads\\\/2025\\\/06\\\/Webdo-Tunisie_168377.jpg\",\"contentUrl\":\"https:\\\/\\\/www.webdo.tn\\\/fr\\\/wp-content\\\/uploads\\\/2025\\\/06\\\/Webdo-Tunisie_168377.jpg\",\"width\":301,\"height\":301,\"caption\":\"Webdo\"},\"image\":{\"@id\":\"https:\\\/\\\/www.webdo.tn\\\/fr\\\/#\\\/schema\\\/logo\\\/image\\\/\"},\"sameAs\":[\"https:\\\/\\\/www.facebook.com\\\/webdotn\",\"https:\\\/\\\/x.com\\\/webdo_tn\"],\"description\":\"Webdo est un m\u00e9dia num\u00e9rique tunisien fond\u00e9 en 2010, sp\u00e9cialis\u00e9 dans l\u2019actualit\u00e9 nationale et internationale, l\u2019\u00e9conomie, la soci\u00e9t\u00e9 et les analyses politiques. Le site s\u2019adresse \u00e0 un large public francophone et couvre l\u2019information tunisienne en temps r\u00e9el.\",\"email\":\"redac@webdo.tn\",\"legalName\":\"YNJ SARL\",\"foundingDate\":\"2010-09-06\",\"numberOfEmployees\":{\"@type\":\"QuantitativeValue\",\"minValue\":\"11\",\"maxValue\":\"50\"}},{\"@type\":\"Person\",\"@id\":\"https:\\\/\\\/www.webdo.tn\\\/fr\\\/#\\\/schema\\\/person\\\/9a9c6118d687c117df8ef3cc36a4d175\",\"name\":\"webdo.tn\",\"image\":{\"@type\":\"ImageObject\",\"inLanguage\":\"fr-FR\",\"@id\":\"https:\\\/\\\/secure.gravatar.com\\\/avatar\\\/7ce1f28c0c3bbac99ff550b85ef8e44a6950c6ee24514fb6a5489e51d06f0298?s=96&d=mm&r=g\",\"url\":\"https:\\\/\\\/secure.gravatar.com\\\/avatar\\\/7ce1f28c0c3bbac99ff550b85ef8e44a6950c6ee24514fb6a5489e51d06f0298?s=96&d=mm&r=g\",\"contentUrl\":\"https:\\\/\\\/secure.gravatar.com\\\/avatar\\\/7ce1f28c0c3bbac99ff550b85ef8e44a6950c6ee24514fb6a5489e51d06f0298?s=96&d=mm&r=g\",\"caption\":\"webdo.tn\"},\"url\":\"https:\\\/\\\/www.webdo.tn\\\/fr\\\/actualite\\\/author\\\/webdotn\\\/\"}]}<\/script>\n<!-- \/ Yoast SEO Premium plugin. -->","yoast_head_json":{"title":"Un \u00c9gyptien (non un Qatari) souhaite investir dans des m\u00e9gas projets chez nous !","description":"Un \u00c9gyptien (non un Qatari) souhaite investir dans des m\u00e9gas projets chez nous !","canonical":"https:\/\/www.webdo.tn\/fr\/actualite\/national\/un-egyptien-non-un-qatari-souhaite-investir-dans-des-megas-projets-chez-nous\/172255\/","og_locale":"fr_FR","og_type":"article","og_title":"Un \u00c9gyptien (non un Qatari) souhaite investir dans des m\u00e9gas projets chez nous !","og_description":"Un \u00c9gyptien (non un Qatari) souhaite investir dans des m\u00e9gas projets chez nous !","og_url":"https:\/\/www.webdo.tn\/fr\/actualite\/national\/un-egyptien-non-un-qatari-souhaite-investir-dans-des-megas-projets-chez-nous\/172255\/","og_site_name":"webdo","article_publisher":"https:\/\/www.facebook.com\/webdotn","article_published_time":"2012-01-29T17:28:00+00:00","article_modified_time":"2025-06-04T19:01:39+00:00","og_image":[{"width":250,"height":197,"url":"https:\/\/www.webdo.tn\/fr\/wp-content\/uploads\/2012\/01\/Ahmed-Bahjet-photo-youm7.com_.jpg","type":"image\/jpeg"}],"author":"webdo.tn","twitter_card":"summary_large_image","twitter_creator":"@webdo_tn","twitter_site":"@webdo_tn","twitter_misc":{"\u00c9crit par":"webdo.tn","Dur\u00e9e de lecture estim\u00e9e":"1 minute"},"schema":{"@context":"https:\/\/schema.org","@graph":[{"@type":"NewsArticle","@id":"https:\/\/www.webdo.tn\/fr\/actualite\/national\/un-egyptien-non-un-qatari-souhaite-investir-dans-des-megas-projets-chez-nous\/172255\/#article","isPartOf":{"@id":"https:\/\/www.webdo.tn\/fr\/actualite\/national\/un-egyptien-non-un-qatari-souhaite-investir-dans-des-megas-projets-chez-nous\/172255\/"},"author":{"name":"webdo.tn","@id":"https:\/\/www.webdo.tn\/fr\/#\/schema\/person\/9a9c6118d687c117df8ef3cc36a4d175"},"headline":"Un \u00c9gyptien (non un Qatari) souhaite investir dans des m\u00e9gas projets chez nous !","datePublished":"2012-01-29T17:28:00+00:00","dateModified":"2025-06-04T19:01:39+00:00","mainEntityOfPage":{"@id":"https:\/\/www.webdo.tn\/fr\/actualite\/national\/un-egyptien-non-un-qatari-souhaite-investir-dans-des-megas-projets-chez-nous\/172255\/"},"wordCount":263,"commentCount":0,"publisher":{"@id":"https:\/\/www.webdo.tn\/fr\/#organization"},"image":{"@id":"https:\/\/www.webdo.tn\/fr\/actualite\/national\/un-egyptien-non-un-qatari-souhaite-investir-dans-des-megas-projets-chez-nous\/172255\/#primaryimage"},"thumbnailUrl":"https:\/\/www.webdo.tn\/fr\/wp-content\/uploads\/2012\/01\/Ahmed-Bahjet-photo-youm7.com_.jpg","articleSection":["National"],"inLanguage":"fr-FR"},{"@type":"WebPage","@id":"https:\/\/www.webdo.tn\/fr\/actualite\/national\/un-egyptien-non-un-qatari-souhaite-investir-dans-des-megas-projets-chez-nous\/172255\/","url":"https:\/\/www.webdo.tn\/fr\/actualite\/national\/un-egyptien-non-un-qatari-souhaite-investir-dans-des-megas-projets-chez-nous\/172255\/","name":"Un \u00c9gyptien (non un Qatari) souhaite investir dans des m\u00e9gas projets chez nous !","isPartOf":{"@id":"https:\/\/www.webdo.tn\/fr\/#website"},"primaryImageOfPage":{"@id":"https:\/\/www.webdo.tn\/fr\/actualite\/national\/un-egyptien-non-un-qatari-souhaite-investir-dans-des-megas-projets-chez-nous\/172255\/#primaryimage"},"image":{"@id":"https:\/\/www.webdo.tn\/fr\/actualite\/national\/un-egyptien-non-un-qatari-souhaite-investir-dans-des-megas-projets-chez-nous\/172255\/#primaryimage"},"thumbnailUrl":"https:\/\/www.webdo.tn\/fr\/wp-content\/uploads\/2012\/01\/Ahmed-Bahjet-photo-youm7.com_.jpg","datePublished":"2012-01-29T17:28:00+00:00","dateModified":"2025-06-04T19:01:39+00:00","description":"Un \u00c9gyptien (non un Qatari) souhaite investir dans des m\u00e9gas projets chez nous !","breadcrumb":{"@id":"https:\/\/www.webdo.tn\/fr\/actualite\/national\/un-egyptien-non-un-qatari-souhaite-investir-dans-des-megas-projets-chez-nous\/172255\/#breadcrumb"},"inLanguage":"fr-FR","potentialAction":[{"@type":"ReadAction","target":["https:\/\/www.webdo.tn\/fr\/actualite\/national\/un-egyptien-non-un-qatari-souhaite-investir-dans-des-megas-projets-chez-nous\/172255\/"]}]},{"@type":"ImageObject","inLanguage":"fr-FR","@id":"https:\/\/www.webdo.tn\/fr\/actualite\/national\/un-egyptien-non-un-qatari-souhaite-investir-dans-des-megas-projets-chez-nous\/172255\/#primaryimage","url":"https:\/\/www.webdo.tn\/fr\/wp-content\/uploads\/2012\/01\/Ahmed-Bahjet-photo-youm7.com_.jpg","contentUrl":"https:\/\/www.webdo.tn\/fr\/wp-content\/uploads\/2012\/01\/Ahmed-Bahjet-photo-youm7.com_.jpg","width":250,"height":197,"caption":"Un \u00c9gyptien (non un Qatari) souhaite investir dans des m\u00e9gas projets chez nous !"},{"@type":"BreadcrumbList","@id":"https:\/\/www.webdo.tn\/fr\/actualite\/national\/un-egyptien-non-un-qatari-souhaite-investir-dans-des-megas-projets-chez-nous\/172255\/#breadcrumb","itemListElement":[{"@type":"ListItem","position":1,"name":"Accueil","item":"https:\/\/www.webdo.tn\/fr\/"},{"@type":"ListItem","position":2,"name":"Un \u00c9gyptien (non un Qatari) souhaite investir dans des m\u00e9gas projets chez nous !"}]},{"@type":"WebSite","@id":"https:\/\/www.webdo.tn\/fr\/#website","url":"https:\/\/www.webdo.tn\/fr\/","name":"webdo","description":"Tunisie - News en Tunisie et \u00e0 l&#039;international sur Webdo.tn","publisher":{"@id":"https:\/\/www.webdo.tn\/fr\/#organization"},"potentialAction":[{"@type":"SearchAction","target":{"@type":"EntryPoint","urlTemplate":"https:\/\/www.webdo.tn\/fr\/?s={search_term_string}"},"query-input":{"@type":"PropertyValueSpecification","valueRequired":true,"valueName":"search_term_string"}}],"inLanguage":"fr-FR"},{"@type":"Organization","@id":"https:\/\/www.webdo.tn\/fr\/#organization","name":"Webdo","alternateName":"Webdo.tn","url":"https:\/\/www.webdo.tn\/fr\/","logo":{"@type":"ImageObject","inLanguage":"fr-FR","@id":"https:\/\/www.webdo.tn\/fr\/#\/schema\/logo\/image\/","url":"https:\/\/www.webdo.tn\/fr\/wp-content\/uploads\/2025\/06\/Webdo-Tunisie_168377.jpg","contentUrl":"https:\/\/www.webdo.tn\/fr\/wp-content\/uploads\/2025\/06\/Webdo-Tunisie_168377.jpg","width":301,"height":301,"caption":"Webdo"},"image":{"@id":"https:\/\/www.webdo.tn\/fr\/#\/schema\/logo\/image\/"},"sameAs":["https:\/\/www.facebook.com\/webdotn","https:\/\/x.com\/webdo_tn"],"description":"Webdo est un m\u00e9dia num\u00e9rique tunisien fond\u00e9 en 2010, sp\u00e9cialis\u00e9 dans l\u2019actualit\u00e9 nationale et internationale, l\u2019\u00e9conomie, la soci\u00e9t\u00e9 et les analyses politiques. Le site s\u2019adresse \u00e0 un large public francophone et couvre l\u2019information tunisienne en temps r\u00e9el.","email":"redac@webdo.tn","legalName":"YNJ SARL","foundingDate":"2010-09-06","numberOfEmployees":{"@type":"QuantitativeValue","minValue":"11","maxValue":"50"}},{"@type":"Person","@id":"https:\/\/www.webdo.tn\/fr\/#\/schema\/person\/9a9c6118d687c117df8ef3cc36a4d175","name":"webdo.tn","image":{"@type":"ImageObject","inLanguage":"fr-FR","@id":"https:\/\/secure.gravatar.com\/avatar\/7ce1f28c0c3bbac99ff550b85ef8e44a6950c6ee24514fb6a5489e51d06f0298?s=96&d=mm&r=g","url":"https:\/\/secure.gravatar.com\/avatar\/7ce1f28c0c3bbac99ff550b85ef8e44a6950c6ee24514fb6a5489e51d06f0298?s=96&d=mm&r=g","contentUrl":"https:\/\/secure.gravatar.com\/avatar\/7ce1f28c0c3bbac99ff550b85ef8e44a6950c6ee24514fb6a5489e51d06f0298?s=96&d=mm&r=g","caption":"webdo.tn"},"url":"https:\/\/www.webdo.tn\/fr\/actualite\/author\/webdotn\/"}]}},"_links":{"self":[{"href":"https:\/\/www.webdo.tn\/fr\/wp-json\/wp\/v2\/posts\/172255","targetHints":{"allow":["GET"]}}],"collection":[{"href":"https:\/\/www.webdo.tn\/fr\/wp-json\/wp\/v2\/posts"}],"about":[{"href":"https:\/\/www.webdo.tn\/fr\/wp-json\/wp\/v2\/types\/post"}],"author":[{"embeddable":true,"href":"https:\/\/www.webdo.tn\/fr\/wp-json\/wp\/v2\/users\/3222"}],"replies":[{"embeddable":true,"href":"https:\/\/www.webdo.tn\/fr\/wp-json\/wp\/v2\/comments?post=172255"}],"version-history":[{"count":0,"href":"https:\/\/www.webdo.tn\/fr\/wp-json\/wp\/v2\/posts\/172255\/revisions"}],"wp:featuredmedia":[{"embeddable":true,"href":"https:\/\/www.webdo.tn\/fr\/wp-json\/wp\/v2\/media\/333801"}],"wp:attachment":[{"href":"https:\/\/www.webdo.tn\/fr\/wp-json\/wp\/v2\/media?parent=172255"}],"wp:term":[{"taxonomy":"category","embeddable":true,"href":"https:\/\/www.webdo.tn\/fr\/wp-json\/wp\/v2\/categories?post=172255"},{"taxonomy":"post_tag","embeddable":true,"href":"https:\/\/www.webdo.tn\/fr\/wp-json\/wp\/v2\/tags?post=172255"}],"curies":[{"name":"wp","href":"https:\/\/api.w.org\/{rel}","templated":true}]}}