{"id":172254,"date":"2012-01-30T13:17:00","date_gmt":"2012-01-30T13:17:00","guid":{"rendered":"https:\/\/www.webdo.tn\/fr\/blog\/caid-essebsi-interviewe-par-nessma-quel-role-peut-il-jouer-sur-la-scene-politique\/172254\/"},"modified":"2025-06-04T19:01:11","modified_gmt":"2025-06-04T19:01:11","slug":"caid-essebsi-interviewe-par-nessma-quel-role-peut-il-jouer-sur-la-scene-politique","status":"publish","type":"post","link":"https:\/\/www.webdo.tn\/fr\/actualite\/national\/caid-essebsi-interviewe-par-nessma-quel-role-peut-il-jouer-sur-la-scene-politique\/172254\/","title":{"rendered":"Ca\u00efd Essebsi interview\u00e9 par Nessma\u00a0: quel r\u00f4le peut-il jouer sur la sc\u00e8ne politique ?"},"content":{"rendered":"<p>Le communiqu\u00e9 de B\u00e9ji Caid Essebsi publi\u00e9 le 26 janvier dernier a d\u00e9fray\u00e9 la chronique et provoqu\u00e9 d\u2019innombrables r\u00e9actions. C\u2019est sur cet \u00e9v\u00e9nement \u00e9minemment m\u00e9diatis\u00e9 et sur les incidents relatifs aux atteintes aux libert\u00e9s que l\u2019ancien premier ministre fut soumis aux questions du journaliste Zied Krichen, de l\u2019analyste politique Noureddine Ben Ticha autour de Sofi\u00e8ne Ben Hamida le chroniqueur politique de Nessma TV.<\/p>\n<p>Les interventions de B\u00e9ji Caid Essebsi se sont essentiellement articul\u00e9es autour de trois points : le sens de son initiative, les d\u00e9passements graves enregistr\u00e9s la semaine \u00e9coul\u00e9e, et l\u2019appr\u00e9ciation de l\u2019action gouvernementale.<\/p>\n<p>1. M. B\u00e9ji Caid Essebsi souligne que son intervention sur la sc\u00e8ne politique est motiv\u00e9e par sa pr\u00e9occupation quant \u00e0 la p\u00e9riode critique que traverse le pays. Il est d\u00e8s lors normal, \u00e0 ses yeux, de donner son avis et de proposer des solutions. Il s\u2019est f\u00e9licit\u00e9 que les r\u00e9actions \u00e9taient majoritairement positives tout en exprimant son \u00e9tonnement quant \u00e0 l\u2019attitude n\u00e9gative de la tro\u00efka. Selon lui, celle-ci devrait se r\u00e9jouir de l\u2019annonce relative au projet d\u2019un rassemblement de plusieurs tendances politiques. Car il y va de l\u2019\u00e9quilibre des forces politiques, condition sine qua non de l\u2019alternance d\u00e9mocratique. Toute soci\u00e9t\u00e9 ne peut pr\u00e9tendre \u00e0 la d\u00e9mocratie si la libert\u00e9 d\u2019expression n\u2019est pas prot\u00e9g\u00e9e, note-t-il au passage. Il s\u2019agit l\u00e0 d\u2019une allusion faite aux agressions dont ont \u00e9t\u00e9 victimes certains journalistes et intellectuels, dont Zied Krichen. D&rsquo;ailleurs, sa pr\u00e9sence en tant qu\u2019avocat au proc\u00e8s de Nessma TV se voulait un soutien moral \u00e0 la cha\u00eene priv\u00e9e.<\/p>\n<p>2. Sur les graves d\u00e9passements \u00e9manant d\u2019une minorit\u00e9 active et violente, M. Beji Ca\u00efd Essebsi a d\u00e9plor\u00e9 et condamn\u00e9 sans r\u00e9serve la violence et l\u2019extr\u00e9misme qu\u2019il juge \u00ab \u00e9trangers aux Tunisiens connus pour leur mod\u00e9ration \u00bb. Il consid\u00e8re le drapeau noir que certains brandissent est un acte inacceptable, car seul le drapeau rouge marqu\u00e9 du croissant et de l\u2019\u00e9toile est de mise dans notre pays. Face \u00e0 cette escalade de la violence et de violation de la loi, l\u2019ancien premier ministre estime que le mouvement Ennahdha se doit de prendre une position claire afin de lever toute ambig\u00fcit\u00e9 par rapport \u00e0 cette minorit\u00e9. Dans cet ordre d\u2019id\u00e9es, il insiste sur le fait qu\u2019on ne peut plus se contenter de condamner et qu\u2019il faut identifier et arr\u00eater les fauteurs.<br \/>\nMais c\u2019est surtout \u00e0 l\u2019\u00e9gard des d\u00e9clarations du d\u00e9put\u00e9 nahdhaoui Sadok Chourou que M. Ca\u00efd Essebsi s\u2019est montr\u00e9 ferme. La fatwa propos\u00e9e quant \u00e0 l\u2019application de la charia\u00e2 a \u00e9t\u00e9 fortement d\u00e9plor\u00e9e par l\u2019invit\u00e9 de Nessma TV. De tels propos sont insens\u00e9s et abjects et sont totalement en porte \u00e0 faux avec les objectifs de la R\u00e9volution. Toujours selon lui, le soul\u00e8vement du peuple et ses revendications de dignit\u00e9 et de libert\u00e9 sont \u00e0 des ann\u00e9es lumi\u00e8res des propos de Sadok Chourou. Voil\u00e0 pourquoi, la vigilance reste de mise par rapport aux signes du spectre de la dictature, a-t-il conclu.<\/p>\n<p>3. Sur l\u2019action gouvernementale, M. Ca\u00efd Essebsi a tenu des propos mesur\u00e9s. Il reconna\u00eet le statut d\u2019homme d\u2019\u00c9tat de Hamadi Jebali mais se garde de se prononcer sur les membres du Gouvernement au motif qu\u2019il ne les conna\u00eet pas. S\u2019il est d\u2019accord avec le diagnostic fait par le chef du Gouvernement, et se f\u00e9licite du voyage de Davos, il a par ailleurs critiqu\u00e9 certaines attitudes qui concernent la tro\u00efka. Il a rappel\u00e9 que l\u2019objectif premier des \u00e9lections du 23 octobre \u00e9tait la r\u00e9daction de la nouvelle Constitution. Il a regrett\u00e9 le fait que le d\u00e9lai du Gouvernent ne soit pr\u00e9cis\u00e9 ni mentionn\u00e9 par \u00e9crit, ce qui est de nature \u00e0 instaurer des certitudes quant au devenir du pays. \u00c0 cet \u00e9gard, l\u2019ancien premier ministre juge absolument n\u00e9cessaire la re-convocation de l\u2019ISIE pour pr\u00e9parer les prochaines \u00e9lections. Il y a d\u2019autant plus de choses \u00e0 perfectionner que les derni\u00e8res \u00e9lections \u00ab ne refl\u00e8tent pas le vrai paysage politique du pays \u00bb, pr\u00e9cise M. Ca\u00efd Essebsi aux yeux de qui le Gouvernement ne semble pas prendre cette question au s\u00e9rieux.<\/p>\n<p>En conclusion, l\u2019invit\u00e9 de Nessma TV a tenu \u00e0 souligner la n\u00e9cessit\u00e9 de mettre l\u2019int\u00e9r\u00eat du pays au-dessus de toute consid\u00e9ration, particuli\u00e8rement en cette p\u00e9riode critique de transition d\u00e9mocratique. Les notions de majorit\u00e9 et de minorit\u00e9 doivent par cons\u00e9quent \u00eatre neutralis\u00e9es. Quant au devenir de l\u2019initiative qu\u2019il a lanc\u00e9e, M. Ca\u00efd Essebsi a \u00e9t\u00e9 plut\u00f4t \u00e9vasif se contentant de dire que le sort de son action sera conditionn\u00e9 par la r\u00e9action des partis politiques et de la population. Les journalistes l&rsquo;ont pouss\u00e9 dans ses derniers retranchements sur la possibilit\u00e9 qu&rsquo;il pr\u00e9side un nouveau parti. M. Ca\u00efd Essebsi n&rsquo;a jamais ni\u00e9 cette \u00e9ventualit\u00e9, il r\u00e9pond tout simplement qu&rsquo;il restera \u00e0 la disposition de son pays !<\/p>\n","protected":false},"excerpt":{"rendered":"<p>Ca\u00efd Essebsi interview\u00e9 par Nessma\u00a0: quel r\u00f4le peut-il jouer sur la sc\u00e8ne politique ? <\/p>\n","protected":false},"author":3222,"featured_media":374533,"comment_status":"open","ping_status":"closed","sticky":false,"template":"","format":"standard","meta":{"footnotes":""},"categories":[44],"tags":[],"class_list":["post-172254","post","type-post","status-publish","format-standard","has-post-thumbnail","hentry","category-national"],"yoast_head":"<!-- This site is optimized with the Yoast SEO Premium plugin v27.5 (Yoast SEO v27.5) - https:\/\/yoast.com\/product\/yoast-seo-premium-wordpress\/ -->\n<title>Ca\u00efd Essebsi interview\u00e9 par Nessma\u00a0: quel r\u00f4le peut-il jouer sur la sc\u00e8ne politique ?<\/title>\n<meta name=\"description\" content=\"Ca\u00efd Essebsi interview\u00e9 par Nessma\u00a0: quel r\u00f4le peut-il jouer sur la sc\u00e8ne politique ?\" \/>\n<link rel=\"canonical\" href=\"https:\/\/www.webdo.tn\/fr\/actualite\/national\/caid-essebsi-interviewe-par-nessma-quel-role-peut-il-jouer-sur-la-scene-politique\/172254\/\" \/>\n<meta property=\"og:locale\" content=\"fr_FR\" \/>\n<meta property=\"og:type\" content=\"article\" \/>\n<meta property=\"og:title\" content=\"Ca\u00efd Essebsi interview\u00e9 par Nessma\u00a0: quel r\u00f4le peut-il jouer sur la sc\u00e8ne politique ?\" \/>\n<meta property=\"og:description\" content=\"Ca\u00efd Essebsi interview\u00e9 par Nessma\u00a0: quel r\u00f4le peut-il jouer sur la sc\u00e8ne politique ?\" \/>\n<meta property=\"og:url\" content=\"https:\/\/www.webdo.tn\/fr\/actualite\/national\/caid-essebsi-interviewe-par-nessma-quel-role-peut-il-jouer-sur-la-scene-politique\/172254\/\" \/>\n<meta property=\"og:site_name\" content=\"webdo\" \/>\n<meta property=\"article:publisher\" content=\"https:\/\/www.facebook.com\/webdotn\" \/>\n<meta property=\"article:published_time\" content=\"2012-01-30T13:17:00+00:00\" \/>\n<meta property=\"article:modified_time\" content=\"2025-06-04T19:01:11+00:00\" \/>\n<meta name=\"author\" content=\"webdo.tn\" \/>\n<meta name=\"twitter:card\" content=\"summary_large_image\" \/>\n<meta name=\"twitter:creator\" content=\"@webdo_tn\" \/>\n<meta name=\"twitter:site\" content=\"@webdo_tn\" \/>\n<meta name=\"twitter:label1\" content=\"\u00c9crit par\" \/>\n\t<meta name=\"twitter:data1\" content=\"webdo.tn\" \/>\n\t<meta name=\"twitter:label2\" content=\"Dur\u00e9e de lecture estim\u00e9e\" \/>\n\t<meta name=\"twitter:data2\" content=\"4 minutes\" \/>\n<script type=\"application\/ld+json\" class=\"yoast-schema-graph\">{\"@context\":\"https:\\\/\\\/schema.org\",\"@graph\":[{\"@type\":\"NewsArticle\",\"@id\":\"https:\\\/\\\/www.webdo.tn\\\/fr\\\/actualite\\\/national\\\/caid-essebsi-interviewe-par-nessma-quel-role-peut-il-jouer-sur-la-scene-politique\\\/172254\\\/#article\",\"isPartOf\":{\"@id\":\"https:\\\/\\\/www.webdo.tn\\\/fr\\\/actualite\\\/national\\\/caid-essebsi-interviewe-par-nessma-quel-role-peut-il-jouer-sur-la-scene-politique\\\/172254\\\/\"},\"author\":{\"name\":\"webdo.tn\",\"@id\":\"https:\\\/\\\/www.webdo.tn\\\/fr\\\/#\\\/schema\\\/person\\\/9a9c6118d687c117df8ef3cc36a4d175\"},\"headline\":\"Ca\u00efd Essebsi interview\u00e9 par Nessma\u00a0: quel r\u00f4le peut-il jouer sur la sc\u00e8ne politique ?\",\"datePublished\":\"2012-01-30T13:17:00+00:00\",\"dateModified\":\"2025-06-04T19:01:11+00:00\",\"mainEntityOfPage\":{\"@id\":\"https:\\\/\\\/www.webdo.tn\\\/fr\\\/actualite\\\/national\\\/caid-essebsi-interviewe-par-nessma-quel-role-peut-il-jouer-sur-la-scene-politique\\\/172254\\\/\"},\"wordCount\":896,\"commentCount\":0,\"publisher\":{\"@id\":\"https:\\\/\\\/www.webdo.tn\\\/fr\\\/#organization\"},\"image\":{\"@id\":\"https:\\\/\\\/www.webdo.tn\\\/fr\\\/actualite\\\/national\\\/caid-essebsi-interviewe-par-nessma-quel-role-peut-il-jouer-sur-la-scene-politique\\\/172254\\\/#primaryimage\"},\"thumbnailUrl\":\"https:\\\/\\\/www.webdo.tn\\\/fr\\\/wp-content\\\/uploads\\\/2025\\\/06\\\/Caid-Essebsi-interviewe-par-Nessma-29-janvier-2012_172254.jpg\",\"articleSection\":[\"National\"],\"inLanguage\":\"fr-FR\"},{\"@type\":\"WebPage\",\"@id\":\"https:\\\/\\\/www.webdo.tn\\\/fr\\\/actualite\\\/national\\\/caid-essebsi-interviewe-par-nessma-quel-role-peut-il-jouer-sur-la-scene-politique\\\/172254\\\/\",\"url\":\"https:\\\/\\\/www.webdo.tn\\\/fr\\\/actualite\\\/national\\\/caid-essebsi-interviewe-par-nessma-quel-role-peut-il-jouer-sur-la-scene-politique\\\/172254\\\/\",\"name\":\"Ca\u00efd Essebsi interview\u00e9 par Nessma\u00a0: quel r\u00f4le peut-il jouer sur la sc\u00e8ne politique ?\",\"isPartOf\":{\"@id\":\"https:\\\/\\\/www.webdo.tn\\\/fr\\\/#website\"},\"primaryImageOfPage\":{\"@id\":\"https:\\\/\\\/www.webdo.tn\\\/fr\\\/actualite\\\/national\\\/caid-essebsi-interviewe-par-nessma-quel-role-peut-il-jouer-sur-la-scene-politique\\\/172254\\\/#primaryimage\"},\"image\":{\"@id\":\"https:\\\/\\\/www.webdo.tn\\\/fr\\\/actualite\\\/national\\\/caid-essebsi-interviewe-par-nessma-quel-role-peut-il-jouer-sur-la-scene-politique\\\/172254\\\/#primaryimage\"},\"thumbnailUrl\":\"https:\\\/\\\/www.webdo.tn\\\/fr\\\/wp-content\\\/uploads\\\/2025\\\/06\\\/Caid-Essebsi-interviewe-par-Nessma-29-janvier-2012_172254.jpg\",\"datePublished\":\"2012-01-30T13:17:00+00:00\",\"dateModified\":\"2025-06-04T19:01:11+00:00\",\"description\":\"Ca\u00efd Essebsi interview\u00e9 par Nessma\u00a0: quel r\u00f4le peut-il jouer sur la sc\u00e8ne politique ?\",\"breadcrumb\":{\"@id\":\"https:\\\/\\\/www.webdo.tn\\\/fr\\\/actualite\\\/national\\\/caid-essebsi-interviewe-par-nessma-quel-role-peut-il-jouer-sur-la-scene-politique\\\/172254\\\/#breadcrumb\"},\"inLanguage\":\"fr-FR\",\"potentialAction\":[{\"@type\":\"ReadAction\",\"target\":[\"https:\\\/\\\/www.webdo.tn\\\/fr\\\/actualite\\\/national\\\/caid-essebsi-interviewe-par-nessma-quel-role-peut-il-jouer-sur-la-scene-politique\\\/172254\\\/\"]}]},{\"@type\":\"ImageObject\",\"inLanguage\":\"fr-FR\",\"@id\":\"https:\\\/\\\/www.webdo.tn\\\/fr\\\/actualite\\\/national\\\/caid-essebsi-interviewe-par-nessma-quel-role-peut-il-jouer-sur-la-scene-politique\\\/172254\\\/#primaryimage\",\"url\":\"https:\\\/\\\/www.webdo.tn\\\/fr\\\/wp-content\\\/uploads\\\/2025\\\/06\\\/Caid-Essebsi-interviewe-par-Nessma-29-janvier-2012_172254.jpg\",\"contentUrl\":\"https:\\\/\\\/www.webdo.tn\\\/fr\\\/wp-content\\\/uploads\\\/2025\\\/06\\\/Caid-Essebsi-interviewe-par-Nessma-29-janvier-2012_172254.jpg\",\"width\":316,\"height\":231,\"caption\":\"Ca\u00efd Essebsi interview\u00e9 par Nessma\u00a0: quel r\u00f4le peut-il jouer sur la sc\u00e8ne politique ?\"},{\"@type\":\"BreadcrumbList\",\"@id\":\"https:\\\/\\\/www.webdo.tn\\\/fr\\\/actualite\\\/national\\\/caid-essebsi-interviewe-par-nessma-quel-role-peut-il-jouer-sur-la-scene-politique\\\/172254\\\/#breadcrumb\",\"itemListElement\":[{\"@type\":\"ListItem\",\"position\":1,\"name\":\"Accueil\",\"item\":\"https:\\\/\\\/www.webdo.tn\\\/fr\\\/\"},{\"@type\":\"ListItem\",\"position\":2,\"name\":\"Ca\u00efd Essebsi interview\u00e9 par Nessma\u00a0: quel r\u00f4le peut-il jouer sur la sc\u00e8ne politique ?\"}]},{\"@type\":\"WebSite\",\"@id\":\"https:\\\/\\\/www.webdo.tn\\\/fr\\\/#website\",\"url\":\"https:\\\/\\\/www.webdo.tn\\\/fr\\\/\",\"name\":\"webdo\",\"description\":\"Tunisie - News en Tunisie et \u00e0 l&#039;international sur Webdo.tn\",\"publisher\":{\"@id\":\"https:\\\/\\\/www.webdo.tn\\\/fr\\\/#organization\"},\"potentialAction\":[{\"@type\":\"SearchAction\",\"target\":{\"@type\":\"EntryPoint\",\"urlTemplate\":\"https:\\\/\\\/www.webdo.tn\\\/fr\\\/?s={search_term_string}\"},\"query-input\":{\"@type\":\"PropertyValueSpecification\",\"valueRequired\":true,\"valueName\":\"search_term_string\"}}],\"inLanguage\":\"fr-FR\"},{\"@type\":\"Organization\",\"@id\":\"https:\\\/\\\/www.webdo.tn\\\/fr\\\/#organization\",\"name\":\"Webdo\",\"alternateName\":\"Webdo.tn\",\"url\":\"https:\\\/\\\/www.webdo.tn\\\/fr\\\/\",\"logo\":{\"@type\":\"ImageObject\",\"inLanguage\":\"fr-FR\",\"@id\":\"https:\\\/\\\/www.webdo.tn\\\/fr\\\/#\\\/schema\\\/logo\\\/image\\\/\",\"url\":\"https:\\\/\\\/www.webdo.tn\\\/fr\\\/wp-content\\\/uploads\\\/2025\\\/06\\\/Webdo-Tunisie_168377.jpg\",\"contentUrl\":\"https:\\\/\\\/www.webdo.tn\\\/fr\\\/wp-content\\\/uploads\\\/2025\\\/06\\\/Webdo-Tunisie_168377.jpg\",\"width\":301,\"height\":301,\"caption\":\"Webdo\"},\"image\":{\"@id\":\"https:\\\/\\\/www.webdo.tn\\\/fr\\\/#\\\/schema\\\/logo\\\/image\\\/\"},\"sameAs\":[\"https:\\\/\\\/www.facebook.com\\\/webdotn\",\"https:\\\/\\\/x.com\\\/webdo_tn\"],\"description\":\"Webdo est un m\u00e9dia num\u00e9rique tunisien fond\u00e9 en 2010, sp\u00e9cialis\u00e9 dans l\u2019actualit\u00e9 nationale et internationale, l\u2019\u00e9conomie, la soci\u00e9t\u00e9 et les analyses politiques. Le site s\u2019adresse \u00e0 un large public francophone et couvre l\u2019information tunisienne en temps r\u00e9el.\",\"email\":\"redac@webdo.tn\",\"legalName\":\"YNJ SARL\",\"foundingDate\":\"2010-09-06\",\"numberOfEmployees\":{\"@type\":\"QuantitativeValue\",\"minValue\":\"11\",\"maxValue\":\"50\"}},{\"@type\":\"Person\",\"@id\":\"https:\\\/\\\/www.webdo.tn\\\/fr\\\/#\\\/schema\\\/person\\\/9a9c6118d687c117df8ef3cc36a4d175\",\"name\":\"webdo.tn\",\"image\":{\"@type\":\"ImageObject\",\"inLanguage\":\"fr-FR\",\"@id\":\"https:\\\/\\\/secure.gravatar.com\\\/avatar\\\/7ce1f28c0c3bbac99ff550b85ef8e44a6950c6ee24514fb6a5489e51d06f0298?s=96&d=mm&r=g\",\"url\":\"https:\\\/\\\/secure.gravatar.com\\\/avatar\\\/7ce1f28c0c3bbac99ff550b85ef8e44a6950c6ee24514fb6a5489e51d06f0298?s=96&d=mm&r=g\",\"contentUrl\":\"https:\\\/\\\/secure.gravatar.com\\\/avatar\\\/7ce1f28c0c3bbac99ff550b85ef8e44a6950c6ee24514fb6a5489e51d06f0298?s=96&d=mm&r=g\",\"caption\":\"webdo.tn\"},\"url\":\"https:\\\/\\\/www.webdo.tn\\\/fr\\\/actualite\\\/author\\\/webdotn\\\/\"}]}<\/script>\n<!-- \/ Yoast SEO Premium plugin. -->","yoast_head_json":{"title":"Ca\u00efd Essebsi interview\u00e9 par Nessma\u00a0: quel r\u00f4le peut-il jouer sur la sc\u00e8ne politique ?","description":"Ca\u00efd Essebsi interview\u00e9 par Nessma\u00a0: quel r\u00f4le peut-il jouer sur la sc\u00e8ne politique ?","canonical":"https:\/\/www.webdo.tn\/fr\/actualite\/national\/caid-essebsi-interviewe-par-nessma-quel-role-peut-il-jouer-sur-la-scene-politique\/172254\/","og_locale":"fr_FR","og_type":"article","og_title":"Ca\u00efd Essebsi interview\u00e9 par Nessma\u00a0: quel r\u00f4le peut-il jouer sur la sc\u00e8ne politique ?","og_description":"Ca\u00efd Essebsi interview\u00e9 par Nessma\u00a0: quel r\u00f4le peut-il jouer sur la sc\u00e8ne politique ?","og_url":"https:\/\/www.webdo.tn\/fr\/actualite\/national\/caid-essebsi-interviewe-par-nessma-quel-role-peut-il-jouer-sur-la-scene-politique\/172254\/","og_site_name":"webdo","article_publisher":"https:\/\/www.facebook.com\/webdotn","article_published_time":"2012-01-30T13:17:00+00:00","article_modified_time":"2025-06-04T19:01:11+00:00","author":"webdo.tn","twitter_card":"summary_large_image","twitter_creator":"@webdo_tn","twitter_site":"@webdo_tn","twitter_misc":{"\u00c9crit par":"webdo.tn","Dur\u00e9e de lecture estim\u00e9e":"4 minutes"},"schema":{"@context":"https:\/\/schema.org","@graph":[{"@type":"NewsArticle","@id":"https:\/\/www.webdo.tn\/fr\/actualite\/national\/caid-essebsi-interviewe-par-nessma-quel-role-peut-il-jouer-sur-la-scene-politique\/172254\/#article","isPartOf":{"@id":"https:\/\/www.webdo.tn\/fr\/actualite\/national\/caid-essebsi-interviewe-par-nessma-quel-role-peut-il-jouer-sur-la-scene-politique\/172254\/"},"author":{"name":"webdo.tn","@id":"https:\/\/www.webdo.tn\/fr\/#\/schema\/person\/9a9c6118d687c117df8ef3cc36a4d175"},"headline":"Ca\u00efd Essebsi interview\u00e9 par Nessma\u00a0: quel r\u00f4le peut-il jouer sur la sc\u00e8ne politique ?","datePublished":"2012-01-30T13:17:00+00:00","dateModified":"2025-06-04T19:01:11+00:00","mainEntityOfPage":{"@id":"https:\/\/www.webdo.tn\/fr\/actualite\/national\/caid-essebsi-interviewe-par-nessma-quel-role-peut-il-jouer-sur-la-scene-politique\/172254\/"},"wordCount":896,"commentCount":0,"publisher":{"@id":"https:\/\/www.webdo.tn\/fr\/#organization"},"image":{"@id":"https:\/\/www.webdo.tn\/fr\/actualite\/national\/caid-essebsi-interviewe-par-nessma-quel-role-peut-il-jouer-sur-la-scene-politique\/172254\/#primaryimage"},"thumbnailUrl":"https:\/\/www.webdo.tn\/fr\/wp-content\/uploads\/2025\/06\/Caid-Essebsi-interviewe-par-Nessma-29-janvier-2012_172254.jpg","articleSection":["National"],"inLanguage":"fr-FR"},{"@type":"WebPage","@id":"https:\/\/www.webdo.tn\/fr\/actualite\/national\/caid-essebsi-interviewe-par-nessma-quel-role-peut-il-jouer-sur-la-scene-politique\/172254\/","url":"https:\/\/www.webdo.tn\/fr\/actualite\/national\/caid-essebsi-interviewe-par-nessma-quel-role-peut-il-jouer-sur-la-scene-politique\/172254\/","name":"Ca\u00efd Essebsi interview\u00e9 par Nessma\u00a0: quel r\u00f4le peut-il jouer sur la sc\u00e8ne politique ?","isPartOf":{"@id":"https:\/\/www.webdo.tn\/fr\/#website"},"primaryImageOfPage":{"@id":"https:\/\/www.webdo.tn\/fr\/actualite\/national\/caid-essebsi-interviewe-par-nessma-quel-role-peut-il-jouer-sur-la-scene-politique\/172254\/#primaryimage"},"image":{"@id":"https:\/\/www.webdo.tn\/fr\/actualite\/national\/caid-essebsi-interviewe-par-nessma-quel-role-peut-il-jouer-sur-la-scene-politique\/172254\/#primaryimage"},"thumbnailUrl":"https:\/\/www.webdo.tn\/fr\/wp-content\/uploads\/2025\/06\/Caid-Essebsi-interviewe-par-Nessma-29-janvier-2012_172254.jpg","datePublished":"2012-01-30T13:17:00+00:00","dateModified":"2025-06-04T19:01:11+00:00","description":"Ca\u00efd Essebsi interview\u00e9 par Nessma\u00a0: quel r\u00f4le peut-il jouer sur la sc\u00e8ne politique ?","breadcrumb":{"@id":"https:\/\/www.webdo.tn\/fr\/actualite\/national\/caid-essebsi-interviewe-par-nessma-quel-role-peut-il-jouer-sur-la-scene-politique\/172254\/#breadcrumb"},"inLanguage":"fr-FR","potentialAction":[{"@type":"ReadAction","target":["https:\/\/www.webdo.tn\/fr\/actualite\/national\/caid-essebsi-interviewe-par-nessma-quel-role-peut-il-jouer-sur-la-scene-politique\/172254\/"]}]},{"@type":"ImageObject","inLanguage":"fr-FR","@id":"https:\/\/www.webdo.tn\/fr\/actualite\/national\/caid-essebsi-interviewe-par-nessma-quel-role-peut-il-jouer-sur-la-scene-politique\/172254\/#primaryimage","url":"https:\/\/www.webdo.tn\/fr\/wp-content\/uploads\/2025\/06\/Caid-Essebsi-interviewe-par-Nessma-29-janvier-2012_172254.jpg","contentUrl":"https:\/\/www.webdo.tn\/fr\/wp-content\/uploads\/2025\/06\/Caid-Essebsi-interviewe-par-Nessma-29-janvier-2012_172254.jpg","width":316,"height":231,"caption":"Ca\u00efd Essebsi interview\u00e9 par Nessma\u00a0: quel r\u00f4le peut-il jouer sur la sc\u00e8ne politique ?"},{"@type":"BreadcrumbList","@id":"https:\/\/www.webdo.tn\/fr\/actualite\/national\/caid-essebsi-interviewe-par-nessma-quel-role-peut-il-jouer-sur-la-scene-politique\/172254\/#breadcrumb","itemListElement":[{"@type":"ListItem","position":1,"name":"Accueil","item":"https:\/\/www.webdo.tn\/fr\/"},{"@type":"ListItem","position":2,"name":"Ca\u00efd Essebsi interview\u00e9 par Nessma\u00a0: quel r\u00f4le peut-il jouer sur la sc\u00e8ne politique ?"}]},{"@type":"WebSite","@id":"https:\/\/www.webdo.tn\/fr\/#website","url":"https:\/\/www.webdo.tn\/fr\/","name":"webdo","description":"Tunisie - News en Tunisie et \u00e0 l&#039;international sur Webdo.tn","publisher":{"@id":"https:\/\/www.webdo.tn\/fr\/#organization"},"potentialAction":[{"@type":"SearchAction","target":{"@type":"EntryPoint","urlTemplate":"https:\/\/www.webdo.tn\/fr\/?s={search_term_string}"},"query-input":{"@type":"PropertyValueSpecification","valueRequired":true,"valueName":"search_term_string"}}],"inLanguage":"fr-FR"},{"@type":"Organization","@id":"https:\/\/www.webdo.tn\/fr\/#organization","name":"Webdo","alternateName":"Webdo.tn","url":"https:\/\/www.webdo.tn\/fr\/","logo":{"@type":"ImageObject","inLanguage":"fr-FR","@id":"https:\/\/www.webdo.tn\/fr\/#\/schema\/logo\/image\/","url":"https:\/\/www.webdo.tn\/fr\/wp-content\/uploads\/2025\/06\/Webdo-Tunisie_168377.jpg","contentUrl":"https:\/\/www.webdo.tn\/fr\/wp-content\/uploads\/2025\/06\/Webdo-Tunisie_168377.jpg","width":301,"height":301,"caption":"Webdo"},"image":{"@id":"https:\/\/www.webdo.tn\/fr\/#\/schema\/logo\/image\/"},"sameAs":["https:\/\/www.facebook.com\/webdotn","https:\/\/x.com\/webdo_tn"],"description":"Webdo est un m\u00e9dia num\u00e9rique tunisien fond\u00e9 en 2010, sp\u00e9cialis\u00e9 dans l\u2019actualit\u00e9 nationale et internationale, l\u2019\u00e9conomie, la soci\u00e9t\u00e9 et les analyses politiques. Le site s\u2019adresse \u00e0 un large public francophone et couvre l\u2019information tunisienne en temps r\u00e9el.","email":"redac@webdo.tn","legalName":"YNJ SARL","foundingDate":"2010-09-06","numberOfEmployees":{"@type":"QuantitativeValue","minValue":"11","maxValue":"50"}},{"@type":"Person","@id":"https:\/\/www.webdo.tn\/fr\/#\/schema\/person\/9a9c6118d687c117df8ef3cc36a4d175","name":"webdo.tn","image":{"@type":"ImageObject","inLanguage":"fr-FR","@id":"https:\/\/secure.gravatar.com\/avatar\/7ce1f28c0c3bbac99ff550b85ef8e44a6950c6ee24514fb6a5489e51d06f0298?s=96&d=mm&r=g","url":"https:\/\/secure.gravatar.com\/avatar\/7ce1f28c0c3bbac99ff550b85ef8e44a6950c6ee24514fb6a5489e51d06f0298?s=96&d=mm&r=g","contentUrl":"https:\/\/secure.gravatar.com\/avatar\/7ce1f28c0c3bbac99ff550b85ef8e44a6950c6ee24514fb6a5489e51d06f0298?s=96&d=mm&r=g","caption":"webdo.tn"},"url":"https:\/\/www.webdo.tn\/fr\/actualite\/author\/webdotn\/"}]}},"_links":{"self":[{"href":"https:\/\/www.webdo.tn\/fr\/wp-json\/wp\/v2\/posts\/172254","targetHints":{"allow":["GET"]}}],"collection":[{"href":"https:\/\/www.webdo.tn\/fr\/wp-json\/wp\/v2\/posts"}],"about":[{"href":"https:\/\/www.webdo.tn\/fr\/wp-json\/wp\/v2\/types\/post"}],"author":[{"embeddable":true,"href":"https:\/\/www.webdo.tn\/fr\/wp-json\/wp\/v2\/users\/3222"}],"replies":[{"embeddable":true,"href":"https:\/\/www.webdo.tn\/fr\/wp-json\/wp\/v2\/comments?post=172254"}],"version-history":[{"count":0,"href":"https:\/\/www.webdo.tn\/fr\/wp-json\/wp\/v2\/posts\/172254\/revisions"}],"wp:featuredmedia":[{"embeddable":true,"href":"https:\/\/www.webdo.tn\/fr\/wp-json\/wp\/v2\/media\/374533"}],"wp:attachment":[{"href":"https:\/\/www.webdo.tn\/fr\/wp-json\/wp\/v2\/media?parent=172254"}],"wp:term":[{"taxonomy":"category","embeddable":true,"href":"https:\/\/www.webdo.tn\/fr\/wp-json\/wp\/v2\/categories?post=172254"},{"taxonomy":"post_tag","embeddable":true,"href":"https:\/\/www.webdo.tn\/fr\/wp-json\/wp\/v2\/tags?post=172254"}],"curies":[{"name":"wp","href":"https:\/\/api.w.org\/{rel}","templated":true}]}}