{"id":172253,"date":"2012-01-30T13:19:00","date_gmt":"2012-01-30T13:19:00","guid":{"rendered":"https:\/\/www.webdo.tn\/fr\/blog\/hamadi-jebali-a-france-24-le-delai-dun-an-pour-la-constituante-sera-globalement-respecte-et-la-violence-salafiste-pas-vraiment-condamnee\/172253\/"},"modified":"2025-06-04T19:01:13","modified_gmt":"2025-06-04T19:01:13","slug":"hamadi-jebali-a-france-24-le-delai-dun-an-pour-la-constituante-sera-globalement-respecte-et-la-violence-salafiste-pas-vraiment-condamnee","status":"publish","type":"post","link":"https:\/\/www.webdo.tn\/fr\/actualite\/national\/hamadi-jebali-a-france-24-le-delai-dun-an-pour-la-constituante-sera-globalement-respecte-et-la-violence-salafiste-pas-vraiment-condamnee\/172253\/","title":{"rendered":"Hamadi Jebali \u00e0 France 24 : le d\u00e9lai d\u2019un an pour la Constituante sera globalement respect\u00e9 et la violence salafiste pas vraiment condamn\u00e9e !"},"content":{"rendered":"<p>Le Premier ministre Hamadi Jebali vient d\u2019accorder \u00e0 Davos une interview \u00e0 France 24 dans laquelle il r\u00e9pond \u00e0 plusieurs interrogations relatives \u00e0 la situation dans notre pays.<\/p>\n<p>Il a justifi\u00e9 son premier voyage en Europe \u00e0 Davos pour dire qu\u2019il s\u2019agit l\u00e0 d\u2019un symbole et d\u2019un lieu de rencontres politiques et \u00e9conomiques tr\u00e8s important qui lui servira pour pr\u00e9senter le mod\u00e8le tunisien et pour rassurer les investisseurs. Ce mod\u00e8le tunisien serait, selon le premier ministre, celui de la r\u00e9volution, d\u00e9mocratique et qui sera mis en place par le biais d\u2019une nouvelle constitution et de nouvelles institutions le plus vite possible. <\/p>\n<p>\u00c0 ce propos, il a r\u00e9p\u00e9t\u00e9 que le d\u00e9lai d\u2019un an pour l\u2019Assembl\u00e9e Constituante, \u00e0 quelques mois pr\u00e8s soit un peu plus, soit un peu moins, sera respect\u00e9. Il a soulign\u00e9 qu\u2019une instance ind\u00e9pendante pour les \u00e9lections sera bient\u00f4t mise en place de m\u00eame qu\u2019une nouvelle loi \u00e9lectorale. <\/p>\n<p>\u00c9voquant la question de la violence, de la s\u00e9curit\u00e9 et de la stabilit\u00e9, Hamadi Jebali a estim\u00e9 que la loi sera appliqu\u00e9e \u00e0 tous ceux qui adoptent un comportement violent consid\u00e9rant que les Salafistes ne sont pas les seuls extr\u00e9mistes qui s\u00e9vissent dans le pays, mais qu\u2019il y a aussi un extr\u00e9misme de gauche qu\u2019il s\u2019agit de combattre. Encore une fois, les gouvernants actuels n\u2019ont pas condamn\u00e9 la violence exerc\u00e9e par les Salafistes sur les journalistes ou les intellectuels. Le fait de condamner la violence \u00ab quelle que soit son origine \u00bb n\u2019est qu\u2019une \u00e9ni\u00e8me utilisation de la langue de bois devenue pratiquement rituelle. Quant \u00e0 l\u2019extr\u00e9misme de gauche qu\u2019il \u00e9voque, pourquoi n\u2019en a-ton jamais parl\u00e9 ? Est-ce que des militants de gauche ont commis des actes de violence envers des Islamistes ? Autant de \u00ab r\u00e9v\u00e9lations \u00bb dont nous n\u2019avons pas eu vent jusqu\u2019ici\u2026<\/p>\n<p>Il a aussi estim\u00e9 que les citoyens qui subissent la violence peuvent s\u2019adresser \u00e0 la justice qui tranchera. Mais n\u2019est-il pas aussi du devoir de l\u2019\u00c9tat et des institutions de pr\u00e9venir toutes sortes de violence et de prot\u00e9ger ceux qui sont menac\u00e9s ? Il a consid\u00e9r\u00e9 que la justice a dit son mot sur les violences \u00e0 l\u2019\u00e9gard des violences perp\u00e9tr\u00e9es sur le propri\u00e9taire de la Cha\u00eene Nessma\u2026<\/p>\n<p>Toujours \u00e0 propos de la s\u00e9curit\u00e9, Hamdi Jebali a soulign\u00e9 que les sit-in seront combattus aussi par la loi\u2026<\/p>\n","protected":false},"excerpt":{"rendered":"<p>Hamadi Jebali \u00e0 France 24 : le d\u00e9lai d\u2019un an pour la Constituante sera globalement respect\u00e9 et la violence salafiste pas vraiment condamn\u00e9e !<\/p>\n","protected":false},"author":3222,"featured_media":374534,"comment_status":"open","ping_status":"closed","sticky":false,"template":"","format":"standard","meta":{"footnotes":""},"categories":[44],"tags":[],"class_list":["post-172253","post","type-post","status-publish","format-standard","has-post-thumbnail","hentry","category-national"],"yoast_head":"<!-- This site is optimized with the Yoast SEO Premium plugin v27.5 (Yoast SEO v27.5) - https:\/\/yoast.com\/product\/yoast-seo-premium-wordpress\/ -->\n<title>Hamadi Jebali \u00e0 France 24 : le d\u00e9lai d\u2019un an pour la Constituante sera globalement respect\u00e9 et la violence salafiste pas vraiment condamn\u00e9e !<\/title>\n<meta name=\"description\" content=\"Hamadi Jebali \u00e0 France 24 : le d\u00e9lai d\u2019un an pour la Constituante sera globalement respect\u00e9 et la violence salafiste pas vraiment condamn\u00e9e !\" \/>\n<link rel=\"canonical\" href=\"https:\/\/www.webdo.tn\/fr\/actualite\/national\/hamadi-jebali-a-france-24-le-delai-dun-an-pour-la-constituante-sera-globalement-respecte-et-la-violence-salafiste-pas-vraiment-condamnee\/172253\/\" \/>\n<meta property=\"og:locale\" content=\"fr_FR\" \/>\n<meta property=\"og:type\" content=\"article\" \/>\n<meta property=\"og:title\" content=\"Hamadi Jebali \u00e0 France 24 : le d\u00e9lai d\u2019un an pour la Constituante sera globalement respect\u00e9 et la violence salafiste pas vraiment condamn\u00e9e !\" \/>\n<meta property=\"og:description\" content=\"Hamadi Jebali \u00e0 France 24 : le d\u00e9lai d\u2019un an pour la Constituante sera globalement respect\u00e9 et la violence salafiste pas vraiment condamn\u00e9e !\" \/>\n<meta property=\"og:url\" content=\"https:\/\/www.webdo.tn\/fr\/actualite\/national\/hamadi-jebali-a-france-24-le-delai-dun-an-pour-la-constituante-sera-globalement-respecte-et-la-violence-salafiste-pas-vraiment-condamnee\/172253\/\" \/>\n<meta property=\"og:site_name\" content=\"webdo\" \/>\n<meta property=\"article:publisher\" content=\"https:\/\/www.facebook.com\/webdotn\" \/>\n<meta property=\"article:published_time\" content=\"2012-01-30T13:19:00+00:00\" \/>\n<meta property=\"article:modified_time\" content=\"2025-06-04T19:01:13+00:00\" \/>\n<meta name=\"author\" content=\"webdo.tn\" \/>\n<meta name=\"twitter:card\" content=\"summary_large_image\" \/>\n<meta name=\"twitter:creator\" content=\"@webdo_tn\" \/>\n<meta name=\"twitter:site\" content=\"@webdo_tn\" \/>\n<meta name=\"twitter:label1\" content=\"\u00c9crit par\" \/>\n\t<meta name=\"twitter:data1\" content=\"webdo.tn\" \/>\n\t<meta name=\"twitter:label2\" content=\"Dur\u00e9e de lecture estim\u00e9e\" \/>\n\t<meta name=\"twitter:data2\" content=\"2 minutes\" \/>\n<script type=\"application\/ld+json\" class=\"yoast-schema-graph\">{\"@context\":\"https:\\\/\\\/schema.org\",\"@graph\":[{\"@type\":\"NewsArticle\",\"@id\":\"https:\\\/\\\/www.webdo.tn\\\/fr\\\/actualite\\\/national\\\/hamadi-jebali-a-france-24-le-delai-dun-an-pour-la-constituante-sera-globalement-respecte-et-la-violence-salafiste-pas-vraiment-condamnee\\\/172253\\\/#article\",\"isPartOf\":{\"@id\":\"https:\\\/\\\/www.webdo.tn\\\/fr\\\/actualite\\\/national\\\/hamadi-jebali-a-france-24-le-delai-dun-an-pour-la-constituante-sera-globalement-respecte-et-la-violence-salafiste-pas-vraiment-condamnee\\\/172253\\\/\"},\"author\":{\"name\":\"webdo.tn\",\"@id\":\"https:\\\/\\\/www.webdo.tn\\\/fr\\\/#\\\/schema\\\/person\\\/9a9c6118d687c117df8ef3cc36a4d175\"},\"headline\":\"Hamadi Jebali \u00e0 France 24 : le d\u00e9lai d\u2019un an pour la Constituante sera globalement respect\u00e9 et la violence salafiste pas vraiment condamn\u00e9e !\",\"datePublished\":\"2012-01-30T13:19:00+00:00\",\"dateModified\":\"2025-06-04T19:01:13+00:00\",\"mainEntityOfPage\":{\"@id\":\"https:\\\/\\\/www.webdo.tn\\\/fr\\\/actualite\\\/national\\\/hamadi-jebali-a-france-24-le-delai-dun-an-pour-la-constituante-sera-globalement-respecte-et-la-violence-salafiste-pas-vraiment-condamnee\\\/172253\\\/\"},\"wordCount\":444,\"commentCount\":0,\"publisher\":{\"@id\":\"https:\\\/\\\/www.webdo.tn\\\/fr\\\/#organization\"},\"image\":{\"@id\":\"https:\\\/\\\/www.webdo.tn\\\/fr\\\/actualite\\\/national\\\/hamadi-jebali-a-france-24-le-delai-dun-an-pour-la-constituante-sera-globalement-respecte-et-la-violence-salafiste-pas-vraiment-condamnee\\\/172253\\\/#primaryimage\"},\"thumbnailUrl\":\"https:\\\/\\\/www.webdo.tn\\\/fr\\\/wp-content\\\/uploads\\\/2025\\\/06\\\/Hamadi-Jebali-interviewe-par-France-24-photo-France-24_172253.jpg\",\"articleSection\":[\"National\"],\"inLanguage\":\"fr-FR\"},{\"@type\":\"WebPage\",\"@id\":\"https:\\\/\\\/www.webdo.tn\\\/fr\\\/actualite\\\/national\\\/hamadi-jebali-a-france-24-le-delai-dun-an-pour-la-constituante-sera-globalement-respecte-et-la-violence-salafiste-pas-vraiment-condamnee\\\/172253\\\/\",\"url\":\"https:\\\/\\\/www.webdo.tn\\\/fr\\\/actualite\\\/national\\\/hamadi-jebali-a-france-24-le-delai-dun-an-pour-la-constituante-sera-globalement-respecte-et-la-violence-salafiste-pas-vraiment-condamnee\\\/172253\\\/\",\"name\":\"Hamadi Jebali \u00e0 France 24 : le d\u00e9lai d\u2019un an pour la Constituante sera globalement respect\u00e9 et la violence salafiste pas vraiment condamn\u00e9e !\",\"isPartOf\":{\"@id\":\"https:\\\/\\\/www.webdo.tn\\\/fr\\\/#website\"},\"primaryImageOfPage\":{\"@id\":\"https:\\\/\\\/www.webdo.tn\\\/fr\\\/actualite\\\/national\\\/hamadi-jebali-a-france-24-le-delai-dun-an-pour-la-constituante-sera-globalement-respecte-et-la-violence-salafiste-pas-vraiment-condamnee\\\/172253\\\/#primaryimage\"},\"image\":{\"@id\":\"https:\\\/\\\/www.webdo.tn\\\/fr\\\/actualite\\\/national\\\/hamadi-jebali-a-france-24-le-delai-dun-an-pour-la-constituante-sera-globalement-respecte-et-la-violence-salafiste-pas-vraiment-condamnee\\\/172253\\\/#primaryimage\"},\"thumbnailUrl\":\"https:\\\/\\\/www.webdo.tn\\\/fr\\\/wp-content\\\/uploads\\\/2025\\\/06\\\/Hamadi-Jebali-interviewe-par-France-24-photo-France-24_172253.jpg\",\"datePublished\":\"2012-01-30T13:19:00+00:00\",\"dateModified\":\"2025-06-04T19:01:13+00:00\",\"description\":\"Hamadi Jebali \u00e0 France 24 : le d\u00e9lai d\u2019un an pour la Constituante sera globalement respect\u00e9 et la violence salafiste pas vraiment condamn\u00e9e !\",\"breadcrumb\":{\"@id\":\"https:\\\/\\\/www.webdo.tn\\\/fr\\\/actualite\\\/national\\\/hamadi-jebali-a-france-24-le-delai-dun-an-pour-la-constituante-sera-globalement-respecte-et-la-violence-salafiste-pas-vraiment-condamnee\\\/172253\\\/#breadcrumb\"},\"inLanguage\":\"fr-FR\",\"potentialAction\":[{\"@type\":\"ReadAction\",\"target\":[\"https:\\\/\\\/www.webdo.tn\\\/fr\\\/actualite\\\/national\\\/hamadi-jebali-a-france-24-le-delai-dun-an-pour-la-constituante-sera-globalement-respecte-et-la-violence-salafiste-pas-vraiment-condamnee\\\/172253\\\/\"]}]},{\"@type\":\"ImageObject\",\"inLanguage\":\"fr-FR\",\"@id\":\"https:\\\/\\\/www.webdo.tn\\\/fr\\\/actualite\\\/national\\\/hamadi-jebali-a-france-24-le-delai-dun-an-pour-la-constituante-sera-globalement-respecte-et-la-violence-salafiste-pas-vraiment-condamnee\\\/172253\\\/#primaryimage\",\"url\":\"https:\\\/\\\/www.webdo.tn\\\/fr\\\/wp-content\\\/uploads\\\/2025\\\/06\\\/Hamadi-Jebali-interviewe-par-France-24-photo-France-24_172253.jpg\",\"contentUrl\":\"https:\\\/\\\/www.webdo.tn\\\/fr\\\/wp-content\\\/uploads\\\/2025\\\/06\\\/Hamadi-Jebali-interviewe-par-France-24-photo-France-24_172253.jpg\",\"width\":308,\"height\":245,\"caption\":\"Hamadi Jebali \u00e0 France 24 : le d\u00e9lai d\u2019un an pour la Constituante sera globalement respect\u00e9 et la violence salafiste pas vraiment condamn\u00e9e !\"},{\"@type\":\"BreadcrumbList\",\"@id\":\"https:\\\/\\\/www.webdo.tn\\\/fr\\\/actualite\\\/national\\\/hamadi-jebali-a-france-24-le-delai-dun-an-pour-la-constituante-sera-globalement-respecte-et-la-violence-salafiste-pas-vraiment-condamnee\\\/172253\\\/#breadcrumb\",\"itemListElement\":[{\"@type\":\"ListItem\",\"position\":1,\"name\":\"Accueil\",\"item\":\"https:\\\/\\\/www.webdo.tn\\\/fr\\\/\"},{\"@type\":\"ListItem\",\"position\":2,\"name\":\"Hamadi Jebali \u00e0 France 24 : le d\u00e9lai d\u2019un an pour la Constituante sera globalement respect\u00e9 et la violence salafiste pas vraiment condamn\u00e9e !\"}]},{\"@type\":\"WebSite\",\"@id\":\"https:\\\/\\\/www.webdo.tn\\\/fr\\\/#website\",\"url\":\"https:\\\/\\\/www.webdo.tn\\\/fr\\\/\",\"name\":\"webdo\",\"description\":\"Tunisie - News en Tunisie et \u00e0 l&#039;international sur Webdo.tn\",\"publisher\":{\"@id\":\"https:\\\/\\\/www.webdo.tn\\\/fr\\\/#organization\"},\"potentialAction\":[{\"@type\":\"SearchAction\",\"target\":{\"@type\":\"EntryPoint\",\"urlTemplate\":\"https:\\\/\\\/www.webdo.tn\\\/fr\\\/?s={search_term_string}\"},\"query-input\":{\"@type\":\"PropertyValueSpecification\",\"valueRequired\":true,\"valueName\":\"search_term_string\"}}],\"inLanguage\":\"fr-FR\"},{\"@type\":\"Organization\",\"@id\":\"https:\\\/\\\/www.webdo.tn\\\/fr\\\/#organization\",\"name\":\"Webdo\",\"alternateName\":\"Webdo.tn\",\"url\":\"https:\\\/\\\/www.webdo.tn\\\/fr\\\/\",\"logo\":{\"@type\":\"ImageObject\",\"inLanguage\":\"fr-FR\",\"@id\":\"https:\\\/\\\/www.webdo.tn\\\/fr\\\/#\\\/schema\\\/logo\\\/image\\\/\",\"url\":\"https:\\\/\\\/www.webdo.tn\\\/fr\\\/wp-content\\\/uploads\\\/2025\\\/06\\\/Webdo-Tunisie_168377.jpg\",\"contentUrl\":\"https:\\\/\\\/www.webdo.tn\\\/fr\\\/wp-content\\\/uploads\\\/2025\\\/06\\\/Webdo-Tunisie_168377.jpg\",\"width\":301,\"height\":301,\"caption\":\"Webdo\"},\"image\":{\"@id\":\"https:\\\/\\\/www.webdo.tn\\\/fr\\\/#\\\/schema\\\/logo\\\/image\\\/\"},\"sameAs\":[\"https:\\\/\\\/www.facebook.com\\\/webdotn\",\"https:\\\/\\\/x.com\\\/webdo_tn\"],\"description\":\"Webdo est un m\u00e9dia num\u00e9rique tunisien fond\u00e9 en 2010, sp\u00e9cialis\u00e9 dans l\u2019actualit\u00e9 nationale et internationale, l\u2019\u00e9conomie, la soci\u00e9t\u00e9 et les analyses politiques. Le site s\u2019adresse \u00e0 un large public francophone et couvre l\u2019information tunisienne en temps r\u00e9el.\",\"email\":\"redac@webdo.tn\",\"legalName\":\"YNJ SARL\",\"foundingDate\":\"2010-09-06\",\"numberOfEmployees\":{\"@type\":\"QuantitativeValue\",\"minValue\":\"11\",\"maxValue\":\"50\"}},{\"@type\":\"Person\",\"@id\":\"https:\\\/\\\/www.webdo.tn\\\/fr\\\/#\\\/schema\\\/person\\\/9a9c6118d687c117df8ef3cc36a4d175\",\"name\":\"webdo.tn\",\"image\":{\"@type\":\"ImageObject\",\"inLanguage\":\"fr-FR\",\"@id\":\"https:\\\/\\\/secure.gravatar.com\\\/avatar\\\/7ce1f28c0c3bbac99ff550b85ef8e44a6950c6ee24514fb6a5489e51d06f0298?s=96&d=mm&r=g\",\"url\":\"https:\\\/\\\/secure.gravatar.com\\\/avatar\\\/7ce1f28c0c3bbac99ff550b85ef8e44a6950c6ee24514fb6a5489e51d06f0298?s=96&d=mm&r=g\",\"contentUrl\":\"https:\\\/\\\/secure.gravatar.com\\\/avatar\\\/7ce1f28c0c3bbac99ff550b85ef8e44a6950c6ee24514fb6a5489e51d06f0298?s=96&d=mm&r=g\",\"caption\":\"webdo.tn\"},\"url\":\"https:\\\/\\\/www.webdo.tn\\\/fr\\\/actualite\\\/author\\\/webdotn\\\/\"}]}<\/script>\n<!-- \/ Yoast SEO Premium plugin. -->","yoast_head_json":{"title":"Hamadi Jebali \u00e0 France 24 : le d\u00e9lai d\u2019un an pour la Constituante sera globalement respect\u00e9 et la violence salafiste pas vraiment condamn\u00e9e !","description":"Hamadi Jebali \u00e0 France 24 : le d\u00e9lai d\u2019un an pour la Constituante sera globalement respect\u00e9 et la violence salafiste pas vraiment condamn\u00e9e !","canonical":"https:\/\/www.webdo.tn\/fr\/actualite\/national\/hamadi-jebali-a-france-24-le-delai-dun-an-pour-la-constituante-sera-globalement-respecte-et-la-violence-salafiste-pas-vraiment-condamnee\/172253\/","og_locale":"fr_FR","og_type":"article","og_title":"Hamadi Jebali \u00e0 France 24 : le d\u00e9lai d\u2019un an pour la Constituante sera globalement respect\u00e9 et la violence salafiste pas vraiment condamn\u00e9e !","og_description":"Hamadi Jebali \u00e0 France 24 : le d\u00e9lai d\u2019un an pour la Constituante sera globalement respect\u00e9 et la violence salafiste pas vraiment condamn\u00e9e !","og_url":"https:\/\/www.webdo.tn\/fr\/actualite\/national\/hamadi-jebali-a-france-24-le-delai-dun-an-pour-la-constituante-sera-globalement-respecte-et-la-violence-salafiste-pas-vraiment-condamnee\/172253\/","og_site_name":"webdo","article_publisher":"https:\/\/www.facebook.com\/webdotn","article_published_time":"2012-01-30T13:19:00+00:00","article_modified_time":"2025-06-04T19:01:13+00:00","author":"webdo.tn","twitter_card":"summary_large_image","twitter_creator":"@webdo_tn","twitter_site":"@webdo_tn","twitter_misc":{"\u00c9crit par":"webdo.tn","Dur\u00e9e de lecture estim\u00e9e":"2 minutes"},"schema":{"@context":"https:\/\/schema.org","@graph":[{"@type":"NewsArticle","@id":"https:\/\/www.webdo.tn\/fr\/actualite\/national\/hamadi-jebali-a-france-24-le-delai-dun-an-pour-la-constituante-sera-globalement-respecte-et-la-violence-salafiste-pas-vraiment-condamnee\/172253\/#article","isPartOf":{"@id":"https:\/\/www.webdo.tn\/fr\/actualite\/national\/hamadi-jebali-a-france-24-le-delai-dun-an-pour-la-constituante-sera-globalement-respecte-et-la-violence-salafiste-pas-vraiment-condamnee\/172253\/"},"author":{"name":"webdo.tn","@id":"https:\/\/www.webdo.tn\/fr\/#\/schema\/person\/9a9c6118d687c117df8ef3cc36a4d175"},"headline":"Hamadi Jebali \u00e0 France 24 : le d\u00e9lai d\u2019un an pour la Constituante sera globalement respect\u00e9 et la violence salafiste pas vraiment condamn\u00e9e !","datePublished":"2012-01-30T13:19:00+00:00","dateModified":"2025-06-04T19:01:13+00:00","mainEntityOfPage":{"@id":"https:\/\/www.webdo.tn\/fr\/actualite\/national\/hamadi-jebali-a-france-24-le-delai-dun-an-pour-la-constituante-sera-globalement-respecte-et-la-violence-salafiste-pas-vraiment-condamnee\/172253\/"},"wordCount":444,"commentCount":0,"publisher":{"@id":"https:\/\/www.webdo.tn\/fr\/#organization"},"image":{"@id":"https:\/\/www.webdo.tn\/fr\/actualite\/national\/hamadi-jebali-a-france-24-le-delai-dun-an-pour-la-constituante-sera-globalement-respecte-et-la-violence-salafiste-pas-vraiment-condamnee\/172253\/#primaryimage"},"thumbnailUrl":"https:\/\/www.webdo.tn\/fr\/wp-content\/uploads\/2025\/06\/Hamadi-Jebali-interviewe-par-France-24-photo-France-24_172253.jpg","articleSection":["National"],"inLanguage":"fr-FR"},{"@type":"WebPage","@id":"https:\/\/www.webdo.tn\/fr\/actualite\/national\/hamadi-jebali-a-france-24-le-delai-dun-an-pour-la-constituante-sera-globalement-respecte-et-la-violence-salafiste-pas-vraiment-condamnee\/172253\/","url":"https:\/\/www.webdo.tn\/fr\/actualite\/national\/hamadi-jebali-a-france-24-le-delai-dun-an-pour-la-constituante-sera-globalement-respecte-et-la-violence-salafiste-pas-vraiment-condamnee\/172253\/","name":"Hamadi Jebali \u00e0 France 24 : le d\u00e9lai d\u2019un an pour la Constituante sera globalement respect\u00e9 et la violence salafiste pas vraiment condamn\u00e9e !","isPartOf":{"@id":"https:\/\/www.webdo.tn\/fr\/#website"},"primaryImageOfPage":{"@id":"https:\/\/www.webdo.tn\/fr\/actualite\/national\/hamadi-jebali-a-france-24-le-delai-dun-an-pour-la-constituante-sera-globalement-respecte-et-la-violence-salafiste-pas-vraiment-condamnee\/172253\/#primaryimage"},"image":{"@id":"https:\/\/www.webdo.tn\/fr\/actualite\/national\/hamadi-jebali-a-france-24-le-delai-dun-an-pour-la-constituante-sera-globalement-respecte-et-la-violence-salafiste-pas-vraiment-condamnee\/172253\/#primaryimage"},"thumbnailUrl":"https:\/\/www.webdo.tn\/fr\/wp-content\/uploads\/2025\/06\/Hamadi-Jebali-interviewe-par-France-24-photo-France-24_172253.jpg","datePublished":"2012-01-30T13:19:00+00:00","dateModified":"2025-06-04T19:01:13+00:00","description":"Hamadi Jebali \u00e0 France 24 : le d\u00e9lai d\u2019un an pour la Constituante sera globalement respect\u00e9 et la violence salafiste pas vraiment condamn\u00e9e !","breadcrumb":{"@id":"https:\/\/www.webdo.tn\/fr\/actualite\/national\/hamadi-jebali-a-france-24-le-delai-dun-an-pour-la-constituante-sera-globalement-respecte-et-la-violence-salafiste-pas-vraiment-condamnee\/172253\/#breadcrumb"},"inLanguage":"fr-FR","potentialAction":[{"@type":"ReadAction","target":["https:\/\/www.webdo.tn\/fr\/actualite\/national\/hamadi-jebali-a-france-24-le-delai-dun-an-pour-la-constituante-sera-globalement-respecte-et-la-violence-salafiste-pas-vraiment-condamnee\/172253\/"]}]},{"@type":"ImageObject","inLanguage":"fr-FR","@id":"https:\/\/www.webdo.tn\/fr\/actualite\/national\/hamadi-jebali-a-france-24-le-delai-dun-an-pour-la-constituante-sera-globalement-respecte-et-la-violence-salafiste-pas-vraiment-condamnee\/172253\/#primaryimage","url":"https:\/\/www.webdo.tn\/fr\/wp-content\/uploads\/2025\/06\/Hamadi-Jebali-interviewe-par-France-24-photo-France-24_172253.jpg","contentUrl":"https:\/\/www.webdo.tn\/fr\/wp-content\/uploads\/2025\/06\/Hamadi-Jebali-interviewe-par-France-24-photo-France-24_172253.jpg","width":308,"height":245,"caption":"Hamadi Jebali \u00e0 France 24 : le d\u00e9lai d\u2019un an pour la Constituante sera globalement respect\u00e9 et la violence salafiste pas vraiment condamn\u00e9e !"},{"@type":"BreadcrumbList","@id":"https:\/\/www.webdo.tn\/fr\/actualite\/national\/hamadi-jebali-a-france-24-le-delai-dun-an-pour-la-constituante-sera-globalement-respecte-et-la-violence-salafiste-pas-vraiment-condamnee\/172253\/#breadcrumb","itemListElement":[{"@type":"ListItem","position":1,"name":"Accueil","item":"https:\/\/www.webdo.tn\/fr\/"},{"@type":"ListItem","position":2,"name":"Hamadi Jebali \u00e0 France 24 : le d\u00e9lai d\u2019un an pour la Constituante sera globalement respect\u00e9 et la violence salafiste pas vraiment condamn\u00e9e !"}]},{"@type":"WebSite","@id":"https:\/\/www.webdo.tn\/fr\/#website","url":"https:\/\/www.webdo.tn\/fr\/","name":"webdo","description":"Tunisie - News en Tunisie et \u00e0 l&#039;international sur Webdo.tn","publisher":{"@id":"https:\/\/www.webdo.tn\/fr\/#organization"},"potentialAction":[{"@type":"SearchAction","target":{"@type":"EntryPoint","urlTemplate":"https:\/\/www.webdo.tn\/fr\/?s={search_term_string}"},"query-input":{"@type":"PropertyValueSpecification","valueRequired":true,"valueName":"search_term_string"}}],"inLanguage":"fr-FR"},{"@type":"Organization","@id":"https:\/\/www.webdo.tn\/fr\/#organization","name":"Webdo","alternateName":"Webdo.tn","url":"https:\/\/www.webdo.tn\/fr\/","logo":{"@type":"ImageObject","inLanguage":"fr-FR","@id":"https:\/\/www.webdo.tn\/fr\/#\/schema\/logo\/image\/","url":"https:\/\/www.webdo.tn\/fr\/wp-content\/uploads\/2025\/06\/Webdo-Tunisie_168377.jpg","contentUrl":"https:\/\/www.webdo.tn\/fr\/wp-content\/uploads\/2025\/06\/Webdo-Tunisie_168377.jpg","width":301,"height":301,"caption":"Webdo"},"image":{"@id":"https:\/\/www.webdo.tn\/fr\/#\/schema\/logo\/image\/"},"sameAs":["https:\/\/www.facebook.com\/webdotn","https:\/\/x.com\/webdo_tn"],"description":"Webdo est un m\u00e9dia num\u00e9rique tunisien fond\u00e9 en 2010, sp\u00e9cialis\u00e9 dans l\u2019actualit\u00e9 nationale et internationale, l\u2019\u00e9conomie, la soci\u00e9t\u00e9 et les analyses politiques. Le site s\u2019adresse \u00e0 un large public francophone et couvre l\u2019information tunisienne en temps r\u00e9el.","email":"redac@webdo.tn","legalName":"YNJ SARL","foundingDate":"2010-09-06","numberOfEmployees":{"@type":"QuantitativeValue","minValue":"11","maxValue":"50"}},{"@type":"Person","@id":"https:\/\/www.webdo.tn\/fr\/#\/schema\/person\/9a9c6118d687c117df8ef3cc36a4d175","name":"webdo.tn","image":{"@type":"ImageObject","inLanguage":"fr-FR","@id":"https:\/\/secure.gravatar.com\/avatar\/7ce1f28c0c3bbac99ff550b85ef8e44a6950c6ee24514fb6a5489e51d06f0298?s=96&d=mm&r=g","url":"https:\/\/secure.gravatar.com\/avatar\/7ce1f28c0c3bbac99ff550b85ef8e44a6950c6ee24514fb6a5489e51d06f0298?s=96&d=mm&r=g","contentUrl":"https:\/\/secure.gravatar.com\/avatar\/7ce1f28c0c3bbac99ff550b85ef8e44a6950c6ee24514fb6a5489e51d06f0298?s=96&d=mm&r=g","caption":"webdo.tn"},"url":"https:\/\/www.webdo.tn\/fr\/actualite\/author\/webdotn\/"}]}},"_links":{"self":[{"href":"https:\/\/www.webdo.tn\/fr\/wp-json\/wp\/v2\/posts\/172253","targetHints":{"allow":["GET"]}}],"collection":[{"href":"https:\/\/www.webdo.tn\/fr\/wp-json\/wp\/v2\/posts"}],"about":[{"href":"https:\/\/www.webdo.tn\/fr\/wp-json\/wp\/v2\/types\/post"}],"author":[{"embeddable":true,"href":"https:\/\/www.webdo.tn\/fr\/wp-json\/wp\/v2\/users\/3222"}],"replies":[{"embeddable":true,"href":"https:\/\/www.webdo.tn\/fr\/wp-json\/wp\/v2\/comments?post=172253"}],"version-history":[{"count":0,"href":"https:\/\/www.webdo.tn\/fr\/wp-json\/wp\/v2\/posts\/172253\/revisions"}],"wp:featuredmedia":[{"embeddable":true,"href":"https:\/\/www.webdo.tn\/fr\/wp-json\/wp\/v2\/media\/374534"}],"wp:attachment":[{"href":"https:\/\/www.webdo.tn\/fr\/wp-json\/wp\/v2\/media?parent=172253"}],"wp:term":[{"taxonomy":"category","embeddable":true,"href":"https:\/\/www.webdo.tn\/fr\/wp-json\/wp\/v2\/categories?post=172253"},{"taxonomy":"post_tag","embeddable":true,"href":"https:\/\/www.webdo.tn\/fr\/wp-json\/wp\/v2\/tags?post=172253"}],"curies":[{"name":"wp","href":"https:\/\/api.w.org\/{rel}","templated":true}]}}