{"id":172252,"date":"2012-01-31T12:57:00","date_gmt":"2012-01-31T12:57:00","guid":{"rendered":"https:\/\/www.webdo.tn\/fr\/blog\/quand-le-maghreb-decredibilise-tout-le-monde\/172252\/"},"modified":"2025-06-04T19:01:09","modified_gmt":"2025-06-04T19:01:09","slug":"quand-le-maghreb-decredibilise-tout-le-monde","status":"publish","type":"post","link":"https:\/\/www.webdo.tn\/fr\/actualite\/national\/quand-le-maghreb-decredibilise-tout-le-monde\/172252\/","title":{"rendered":"Quand Le Maghreb d\u00e9cr\u00e9dibilise \u00ab\u00a0tout le monde\u00a0\u00bb !"},"content":{"rendered":"<p>Le Maghreb, journal tr\u00e8s contest\u00e9 par la communaut\u00e9 salafiste, vient de faire para\u00eetre dans son num\u00e9ro d\u2019aujourd\u2019hui, mardi 31 janvier, des excuses suite \u00e0 la publication d\u2019une photo \u00e0 la Une de son num\u00e9ro du dimanche 29 janvier.<\/p>\n<p>Le Maghreb, dans ses excuses, incrimine son infographiste qui aurait d\u00e9lib\u00e9r\u00e9ment pris l\u2019initiative de modifier la photo afin d\u2019amplifier le nombre de personnes ayant particip\u00e9 \u00e0 la manifestation de samedi 28 janvier.<\/p>\n<p>Voici, les deux photos c\u00f4te \u00e0 c\u00f4te :<\/p>\n<p>La modification est flagrante : le technicien a rempli les espaces vides.<\/p>\n<p>Certes, la r\u00e9action du Maghreb a \u00e9t\u00e9 tr\u00e8s professionnelle puisque la r\u00e9daction s\u2019est excus\u00e9e et a condamn\u00e9 cette action \u00ab solitaire \u00bb, mais cette manipulation apporte un s\u00e9rieux coup de massue \u00e0 la r\u00e9putation du journal.<\/p>\n<p>Le quotidien est d\u00e9j\u00e0 tr\u00e8s critiqu\u00e9 par les sympathisants de la Tro\u00efka qui l\u2019accusent de m\u00e9dia corrompu contre le r\u00e9gime actuel. A titre de rappel, M. Zyed Krichen, son directeur, a \u00e9t\u00e9 agress\u00e9 par les salafistes pour ses prises de position.<\/p>\n<p>Mais le plus grave c\u2019est que cette photo pol\u00e9mique a atteint la cr\u00e9dibilit\u00e9 de cette manifestation qui a connu une tr\u00e8s forte affluence. Le rassemblement a \u00e9t\u00e9 tr\u00e8s contest\u00e9 et accus\u00e9 d\u2019\u00eatre une manifestation d\u2019opposition pour d\u00e9stabiliser le gouvernement actuel.<\/p>\n<p>Beaucoup de pages Facebook, connues pour leurs appartenances id\u00e9ologiques, commencent d\u2019ores et d\u00e9j\u00e0 \u00e0 \u00ab troller \u00bb Le Maghreb en publiant des photos retouch\u00e9es et en s\u2019appuyant ainsi directement sur ce mot d\u2019excuse et cette photo pour le qualifier de m\u00e9dia corrompu.<\/p>\n","protected":false},"excerpt":{"rendered":"<p>Quand Le Maghreb d\u00e9cr\u00e9dibilise  tout le monde  !  <\/p>\n","protected":false},"author":3222,"featured_media":374658,"comment_status":"open","ping_status":"closed","sticky":false,"template":"","format":"standard","meta":{"footnotes":""},"categories":[44],"tags":[],"class_list":["post-172252","post","type-post","status-publish","format-standard","has-post-thumbnail","hentry","category-national"],"yoast_head":"<!-- This site is optimized with the Yoast SEO Premium plugin v27.5 (Yoast SEO v27.5) - https:\/\/yoast.com\/product\/yoast-seo-premium-wordpress\/ -->\n<title>Quand Le Maghreb d\u00e9cr\u00e9dibilise tout le monde !<\/title>\n<meta name=\"description\" content=\"Quand Le Maghreb d\u00e9cr\u00e9dibilise tout le monde !\" \/>\n<link rel=\"canonical\" href=\"https:\/\/www.webdo.tn\/fr\/actualite\/national\/quand-le-maghreb-decredibilise-tout-le-monde\/172252\/\" \/>\n<meta property=\"og:locale\" content=\"fr_FR\" \/>\n<meta property=\"og:type\" content=\"article\" \/>\n<meta property=\"og:title\" content=\"Quand Le Maghreb d\u00e9cr\u00e9dibilise &quot;tout le monde&quot; !\" \/>\n<meta property=\"og:description\" content=\"Quand Le Maghreb d\u00e9cr\u00e9dibilise tout le monde !\" \/>\n<meta property=\"og:url\" content=\"https:\/\/www.webdo.tn\/fr\/actualite\/national\/quand-le-maghreb-decredibilise-tout-le-monde\/172252\/\" \/>\n<meta property=\"og:site_name\" content=\"webdo\" \/>\n<meta property=\"article:publisher\" content=\"https:\/\/www.facebook.com\/webdotn\" \/>\n<meta property=\"article:published_time\" content=\"2012-01-31T12:57:00+00:00\" \/>\n<meta property=\"article:modified_time\" content=\"2025-06-04T19:01:09+00:00\" \/>\n<meta name=\"author\" content=\"webdo.tn\" \/>\n<meta name=\"twitter:card\" content=\"summary_large_image\" \/>\n<meta name=\"twitter:creator\" content=\"@webdo_tn\" \/>\n<meta name=\"twitter:site\" content=\"@webdo_tn\" \/>\n<meta name=\"twitter:label1\" content=\"\u00c9crit par\" \/>\n\t<meta name=\"twitter:data1\" content=\"webdo.tn\" \/>\n\t<meta name=\"twitter:label2\" content=\"Dur\u00e9e de lecture estim\u00e9e\" \/>\n\t<meta name=\"twitter:data2\" content=\"1 minute\" \/>\n<script type=\"application\/ld+json\" class=\"yoast-schema-graph\">{\"@context\":\"https:\\\/\\\/schema.org\",\"@graph\":[{\"@type\":\"NewsArticle\",\"@id\":\"https:\\\/\\\/www.webdo.tn\\\/fr\\\/actualite\\\/national\\\/quand-le-maghreb-decredibilise-tout-le-monde\\\/172252\\\/#article\",\"isPartOf\":{\"@id\":\"https:\\\/\\\/www.webdo.tn\\\/fr\\\/actualite\\\/national\\\/quand-le-maghreb-decredibilise-tout-le-monde\\\/172252\\\/\"},\"author\":{\"name\":\"webdo.tn\",\"@id\":\"https:\\\/\\\/www.webdo.tn\\\/fr\\\/#\\\/schema\\\/person\\\/9a9c6118d687c117df8ef3cc36a4d175\"},\"headline\":\"Quand Le Maghreb d\u00e9cr\u00e9dibilise \u00ab\u00a0tout le monde\u00a0\u00bb !\",\"datePublished\":\"2012-01-31T12:57:00+00:00\",\"dateModified\":\"2025-06-04T19:01:09+00:00\",\"mainEntityOfPage\":{\"@id\":\"https:\\\/\\\/www.webdo.tn\\\/fr\\\/actualite\\\/national\\\/quand-le-maghreb-decredibilise-tout-le-monde\\\/172252\\\/\"},\"wordCount\":285,\"commentCount\":0,\"publisher\":{\"@id\":\"https:\\\/\\\/www.webdo.tn\\\/fr\\\/#organization\"},\"image\":{\"@id\":\"https:\\\/\\\/www.webdo.tn\\\/fr\\\/actualite\\\/national\\\/quand-le-maghreb-decredibilise-tout-le-monde\\\/172252\\\/#primaryimage\"},\"thumbnailUrl\":\"https:\\\/\\\/www.webdo.tn\\\/fr\\\/wp-content\\\/uploads\\\/2025\\\/06\\\/La-Une-du-quotidien-Le-Maghreb-du-dimanche-29-janvier-avant-et-apres-la-retouche_172252.jpg\",\"articleSection\":[\"National\"],\"inLanguage\":\"fr-FR\"},{\"@type\":\"WebPage\",\"@id\":\"https:\\\/\\\/www.webdo.tn\\\/fr\\\/actualite\\\/national\\\/quand-le-maghreb-decredibilise-tout-le-monde\\\/172252\\\/\",\"url\":\"https:\\\/\\\/www.webdo.tn\\\/fr\\\/actualite\\\/national\\\/quand-le-maghreb-decredibilise-tout-le-monde\\\/172252\\\/\",\"name\":\"Quand Le Maghreb d\u00e9cr\u00e9dibilise tout le monde !\",\"isPartOf\":{\"@id\":\"https:\\\/\\\/www.webdo.tn\\\/fr\\\/#website\"},\"primaryImageOfPage\":{\"@id\":\"https:\\\/\\\/www.webdo.tn\\\/fr\\\/actualite\\\/national\\\/quand-le-maghreb-decredibilise-tout-le-monde\\\/172252\\\/#primaryimage\"},\"image\":{\"@id\":\"https:\\\/\\\/www.webdo.tn\\\/fr\\\/actualite\\\/national\\\/quand-le-maghreb-decredibilise-tout-le-monde\\\/172252\\\/#primaryimage\"},\"thumbnailUrl\":\"https:\\\/\\\/www.webdo.tn\\\/fr\\\/wp-content\\\/uploads\\\/2025\\\/06\\\/La-Une-du-quotidien-Le-Maghreb-du-dimanche-29-janvier-avant-et-apres-la-retouche_172252.jpg\",\"datePublished\":\"2012-01-31T12:57:00+00:00\",\"dateModified\":\"2025-06-04T19:01:09+00:00\",\"description\":\"Quand Le Maghreb d\u00e9cr\u00e9dibilise tout le monde !\",\"breadcrumb\":{\"@id\":\"https:\\\/\\\/www.webdo.tn\\\/fr\\\/actualite\\\/national\\\/quand-le-maghreb-decredibilise-tout-le-monde\\\/172252\\\/#breadcrumb\"},\"inLanguage\":\"fr-FR\",\"potentialAction\":[{\"@type\":\"ReadAction\",\"target\":[\"https:\\\/\\\/www.webdo.tn\\\/fr\\\/actualite\\\/national\\\/quand-le-maghreb-decredibilise-tout-le-monde\\\/172252\\\/\"]}]},{\"@type\":\"ImageObject\",\"inLanguage\":\"fr-FR\",\"@id\":\"https:\\\/\\\/www.webdo.tn\\\/fr\\\/actualite\\\/national\\\/quand-le-maghreb-decredibilise-tout-le-monde\\\/172252\\\/#primaryimage\",\"url\":\"https:\\\/\\\/www.webdo.tn\\\/fr\\\/wp-content\\\/uploads\\\/2025\\\/06\\\/La-Une-du-quotidien-Le-Maghreb-du-dimanche-29-janvier-avant-et-apres-la-retouche_172252.jpg\",\"contentUrl\":\"https:\\\/\\\/www.webdo.tn\\\/fr\\\/wp-content\\\/uploads\\\/2025\\\/06\\\/La-Une-du-quotidien-Le-Maghreb-du-dimanche-29-janvier-avant-et-apres-la-retouche_172252.jpg\",\"width\":651,\"height\":277,\"caption\":\"Quand Le Maghreb d\u00e9cr\u00e9dibilise \\\"tout le monde\\\" !\"},{\"@type\":\"BreadcrumbList\",\"@id\":\"https:\\\/\\\/www.webdo.tn\\\/fr\\\/actualite\\\/national\\\/quand-le-maghreb-decredibilise-tout-le-monde\\\/172252\\\/#breadcrumb\",\"itemListElement\":[{\"@type\":\"ListItem\",\"position\":1,\"name\":\"Accueil\",\"item\":\"https:\\\/\\\/www.webdo.tn\\\/fr\\\/\"},{\"@type\":\"ListItem\",\"position\":2,\"name\":\"Quand Le Maghreb d\u00e9cr\u00e9dibilise \u00ab\u00a0tout le monde\u00a0\u00bb !\"}]},{\"@type\":\"WebSite\",\"@id\":\"https:\\\/\\\/www.webdo.tn\\\/fr\\\/#website\",\"url\":\"https:\\\/\\\/www.webdo.tn\\\/fr\\\/\",\"name\":\"webdo\",\"description\":\"Tunisie - News en Tunisie et \u00e0 l&#039;international sur Webdo.tn\",\"publisher\":{\"@id\":\"https:\\\/\\\/www.webdo.tn\\\/fr\\\/#organization\"},\"potentialAction\":[{\"@type\":\"SearchAction\",\"target\":{\"@type\":\"EntryPoint\",\"urlTemplate\":\"https:\\\/\\\/www.webdo.tn\\\/fr\\\/?s={search_term_string}\"},\"query-input\":{\"@type\":\"PropertyValueSpecification\",\"valueRequired\":true,\"valueName\":\"search_term_string\"}}],\"inLanguage\":\"fr-FR\"},{\"@type\":\"Organization\",\"@id\":\"https:\\\/\\\/www.webdo.tn\\\/fr\\\/#organization\",\"name\":\"Webdo\",\"alternateName\":\"Webdo.tn\",\"url\":\"https:\\\/\\\/www.webdo.tn\\\/fr\\\/\",\"logo\":{\"@type\":\"ImageObject\",\"inLanguage\":\"fr-FR\",\"@id\":\"https:\\\/\\\/www.webdo.tn\\\/fr\\\/#\\\/schema\\\/logo\\\/image\\\/\",\"url\":\"https:\\\/\\\/www.webdo.tn\\\/fr\\\/wp-content\\\/uploads\\\/2025\\\/06\\\/Webdo-Tunisie_168377.jpg\",\"contentUrl\":\"https:\\\/\\\/www.webdo.tn\\\/fr\\\/wp-content\\\/uploads\\\/2025\\\/06\\\/Webdo-Tunisie_168377.jpg\",\"width\":301,\"height\":301,\"caption\":\"Webdo\"},\"image\":{\"@id\":\"https:\\\/\\\/www.webdo.tn\\\/fr\\\/#\\\/schema\\\/logo\\\/image\\\/\"},\"sameAs\":[\"https:\\\/\\\/www.facebook.com\\\/webdotn\",\"https:\\\/\\\/x.com\\\/webdo_tn\"],\"description\":\"Webdo est un m\u00e9dia num\u00e9rique tunisien fond\u00e9 en 2010, sp\u00e9cialis\u00e9 dans l\u2019actualit\u00e9 nationale et internationale, l\u2019\u00e9conomie, la soci\u00e9t\u00e9 et les analyses politiques. Le site s\u2019adresse \u00e0 un large public francophone et couvre l\u2019information tunisienne en temps r\u00e9el.\",\"email\":\"redac@webdo.tn\",\"legalName\":\"YNJ SARL\",\"foundingDate\":\"2010-09-06\",\"numberOfEmployees\":{\"@type\":\"QuantitativeValue\",\"minValue\":\"11\",\"maxValue\":\"50\"}},{\"@type\":\"Person\",\"@id\":\"https:\\\/\\\/www.webdo.tn\\\/fr\\\/#\\\/schema\\\/person\\\/9a9c6118d687c117df8ef3cc36a4d175\",\"name\":\"webdo.tn\",\"image\":{\"@type\":\"ImageObject\",\"inLanguage\":\"fr-FR\",\"@id\":\"https:\\\/\\\/secure.gravatar.com\\\/avatar\\\/7ce1f28c0c3bbac99ff550b85ef8e44a6950c6ee24514fb6a5489e51d06f0298?s=96&d=mm&r=g\",\"url\":\"https:\\\/\\\/secure.gravatar.com\\\/avatar\\\/7ce1f28c0c3bbac99ff550b85ef8e44a6950c6ee24514fb6a5489e51d06f0298?s=96&d=mm&r=g\",\"contentUrl\":\"https:\\\/\\\/secure.gravatar.com\\\/avatar\\\/7ce1f28c0c3bbac99ff550b85ef8e44a6950c6ee24514fb6a5489e51d06f0298?s=96&d=mm&r=g\",\"caption\":\"webdo.tn\"},\"url\":\"https:\\\/\\\/www.webdo.tn\\\/fr\\\/actualite\\\/author\\\/webdotn\\\/\"}]}<\/script>\n<!-- \/ Yoast SEO Premium plugin. -->","yoast_head_json":{"title":"Quand Le Maghreb d\u00e9cr\u00e9dibilise tout le monde !","description":"Quand Le Maghreb d\u00e9cr\u00e9dibilise tout le monde !","canonical":"https:\/\/www.webdo.tn\/fr\/actualite\/national\/quand-le-maghreb-decredibilise-tout-le-monde\/172252\/","og_locale":"fr_FR","og_type":"article","og_title":"Quand Le Maghreb d\u00e9cr\u00e9dibilise \"tout le monde\" !","og_description":"Quand Le Maghreb d\u00e9cr\u00e9dibilise tout le monde !","og_url":"https:\/\/www.webdo.tn\/fr\/actualite\/national\/quand-le-maghreb-decredibilise-tout-le-monde\/172252\/","og_site_name":"webdo","article_publisher":"https:\/\/www.facebook.com\/webdotn","article_published_time":"2012-01-31T12:57:00+00:00","article_modified_time":"2025-06-04T19:01:09+00:00","author":"webdo.tn","twitter_card":"summary_large_image","twitter_creator":"@webdo_tn","twitter_site":"@webdo_tn","twitter_misc":{"\u00c9crit par":"webdo.tn","Dur\u00e9e de lecture estim\u00e9e":"1 minute"},"schema":{"@context":"https:\/\/schema.org","@graph":[{"@type":"NewsArticle","@id":"https:\/\/www.webdo.tn\/fr\/actualite\/national\/quand-le-maghreb-decredibilise-tout-le-monde\/172252\/#article","isPartOf":{"@id":"https:\/\/www.webdo.tn\/fr\/actualite\/national\/quand-le-maghreb-decredibilise-tout-le-monde\/172252\/"},"author":{"name":"webdo.tn","@id":"https:\/\/www.webdo.tn\/fr\/#\/schema\/person\/9a9c6118d687c117df8ef3cc36a4d175"},"headline":"Quand Le Maghreb d\u00e9cr\u00e9dibilise \u00ab\u00a0tout le monde\u00a0\u00bb !","datePublished":"2012-01-31T12:57:00+00:00","dateModified":"2025-06-04T19:01:09+00:00","mainEntityOfPage":{"@id":"https:\/\/www.webdo.tn\/fr\/actualite\/national\/quand-le-maghreb-decredibilise-tout-le-monde\/172252\/"},"wordCount":285,"commentCount":0,"publisher":{"@id":"https:\/\/www.webdo.tn\/fr\/#organization"},"image":{"@id":"https:\/\/www.webdo.tn\/fr\/actualite\/national\/quand-le-maghreb-decredibilise-tout-le-monde\/172252\/#primaryimage"},"thumbnailUrl":"https:\/\/www.webdo.tn\/fr\/wp-content\/uploads\/2025\/06\/La-Une-du-quotidien-Le-Maghreb-du-dimanche-29-janvier-avant-et-apres-la-retouche_172252.jpg","articleSection":["National"],"inLanguage":"fr-FR"},{"@type":"WebPage","@id":"https:\/\/www.webdo.tn\/fr\/actualite\/national\/quand-le-maghreb-decredibilise-tout-le-monde\/172252\/","url":"https:\/\/www.webdo.tn\/fr\/actualite\/national\/quand-le-maghreb-decredibilise-tout-le-monde\/172252\/","name":"Quand Le Maghreb d\u00e9cr\u00e9dibilise tout le monde !","isPartOf":{"@id":"https:\/\/www.webdo.tn\/fr\/#website"},"primaryImageOfPage":{"@id":"https:\/\/www.webdo.tn\/fr\/actualite\/national\/quand-le-maghreb-decredibilise-tout-le-monde\/172252\/#primaryimage"},"image":{"@id":"https:\/\/www.webdo.tn\/fr\/actualite\/national\/quand-le-maghreb-decredibilise-tout-le-monde\/172252\/#primaryimage"},"thumbnailUrl":"https:\/\/www.webdo.tn\/fr\/wp-content\/uploads\/2025\/06\/La-Une-du-quotidien-Le-Maghreb-du-dimanche-29-janvier-avant-et-apres-la-retouche_172252.jpg","datePublished":"2012-01-31T12:57:00+00:00","dateModified":"2025-06-04T19:01:09+00:00","description":"Quand Le Maghreb d\u00e9cr\u00e9dibilise tout le monde !","breadcrumb":{"@id":"https:\/\/www.webdo.tn\/fr\/actualite\/national\/quand-le-maghreb-decredibilise-tout-le-monde\/172252\/#breadcrumb"},"inLanguage":"fr-FR","potentialAction":[{"@type":"ReadAction","target":["https:\/\/www.webdo.tn\/fr\/actualite\/national\/quand-le-maghreb-decredibilise-tout-le-monde\/172252\/"]}]},{"@type":"ImageObject","inLanguage":"fr-FR","@id":"https:\/\/www.webdo.tn\/fr\/actualite\/national\/quand-le-maghreb-decredibilise-tout-le-monde\/172252\/#primaryimage","url":"https:\/\/www.webdo.tn\/fr\/wp-content\/uploads\/2025\/06\/La-Une-du-quotidien-Le-Maghreb-du-dimanche-29-janvier-avant-et-apres-la-retouche_172252.jpg","contentUrl":"https:\/\/www.webdo.tn\/fr\/wp-content\/uploads\/2025\/06\/La-Une-du-quotidien-Le-Maghreb-du-dimanche-29-janvier-avant-et-apres-la-retouche_172252.jpg","width":651,"height":277,"caption":"Quand Le Maghreb d\u00e9cr\u00e9dibilise \"tout le monde\" !"},{"@type":"BreadcrumbList","@id":"https:\/\/www.webdo.tn\/fr\/actualite\/national\/quand-le-maghreb-decredibilise-tout-le-monde\/172252\/#breadcrumb","itemListElement":[{"@type":"ListItem","position":1,"name":"Accueil","item":"https:\/\/www.webdo.tn\/fr\/"},{"@type":"ListItem","position":2,"name":"Quand Le Maghreb d\u00e9cr\u00e9dibilise \u00ab\u00a0tout le monde\u00a0\u00bb !"}]},{"@type":"WebSite","@id":"https:\/\/www.webdo.tn\/fr\/#website","url":"https:\/\/www.webdo.tn\/fr\/","name":"webdo","description":"Tunisie - News en Tunisie et \u00e0 l&#039;international sur Webdo.tn","publisher":{"@id":"https:\/\/www.webdo.tn\/fr\/#organization"},"potentialAction":[{"@type":"SearchAction","target":{"@type":"EntryPoint","urlTemplate":"https:\/\/www.webdo.tn\/fr\/?s={search_term_string}"},"query-input":{"@type":"PropertyValueSpecification","valueRequired":true,"valueName":"search_term_string"}}],"inLanguage":"fr-FR"},{"@type":"Organization","@id":"https:\/\/www.webdo.tn\/fr\/#organization","name":"Webdo","alternateName":"Webdo.tn","url":"https:\/\/www.webdo.tn\/fr\/","logo":{"@type":"ImageObject","inLanguage":"fr-FR","@id":"https:\/\/www.webdo.tn\/fr\/#\/schema\/logo\/image\/","url":"https:\/\/www.webdo.tn\/fr\/wp-content\/uploads\/2025\/06\/Webdo-Tunisie_168377.jpg","contentUrl":"https:\/\/www.webdo.tn\/fr\/wp-content\/uploads\/2025\/06\/Webdo-Tunisie_168377.jpg","width":301,"height":301,"caption":"Webdo"},"image":{"@id":"https:\/\/www.webdo.tn\/fr\/#\/schema\/logo\/image\/"},"sameAs":["https:\/\/www.facebook.com\/webdotn","https:\/\/x.com\/webdo_tn"],"description":"Webdo est un m\u00e9dia num\u00e9rique tunisien fond\u00e9 en 2010, sp\u00e9cialis\u00e9 dans l\u2019actualit\u00e9 nationale et internationale, l\u2019\u00e9conomie, la soci\u00e9t\u00e9 et les analyses politiques. Le site s\u2019adresse \u00e0 un large public francophone et couvre l\u2019information tunisienne en temps r\u00e9el.","email":"redac@webdo.tn","legalName":"YNJ SARL","foundingDate":"2010-09-06","numberOfEmployees":{"@type":"QuantitativeValue","minValue":"11","maxValue":"50"}},{"@type":"Person","@id":"https:\/\/www.webdo.tn\/fr\/#\/schema\/person\/9a9c6118d687c117df8ef3cc36a4d175","name":"webdo.tn","image":{"@type":"ImageObject","inLanguage":"fr-FR","@id":"https:\/\/secure.gravatar.com\/avatar\/7ce1f28c0c3bbac99ff550b85ef8e44a6950c6ee24514fb6a5489e51d06f0298?s=96&d=mm&r=g","url":"https:\/\/secure.gravatar.com\/avatar\/7ce1f28c0c3bbac99ff550b85ef8e44a6950c6ee24514fb6a5489e51d06f0298?s=96&d=mm&r=g","contentUrl":"https:\/\/secure.gravatar.com\/avatar\/7ce1f28c0c3bbac99ff550b85ef8e44a6950c6ee24514fb6a5489e51d06f0298?s=96&d=mm&r=g","caption":"webdo.tn"},"url":"https:\/\/www.webdo.tn\/fr\/actualite\/author\/webdotn\/"}]}},"_links":{"self":[{"href":"https:\/\/www.webdo.tn\/fr\/wp-json\/wp\/v2\/posts\/172252","targetHints":{"allow":["GET"]}}],"collection":[{"href":"https:\/\/www.webdo.tn\/fr\/wp-json\/wp\/v2\/posts"}],"about":[{"href":"https:\/\/www.webdo.tn\/fr\/wp-json\/wp\/v2\/types\/post"}],"author":[{"embeddable":true,"href":"https:\/\/www.webdo.tn\/fr\/wp-json\/wp\/v2\/users\/3222"}],"replies":[{"embeddable":true,"href":"https:\/\/www.webdo.tn\/fr\/wp-json\/wp\/v2\/comments?post=172252"}],"version-history":[{"count":0,"href":"https:\/\/www.webdo.tn\/fr\/wp-json\/wp\/v2\/posts\/172252\/revisions"}],"wp:featuredmedia":[{"embeddable":true,"href":"https:\/\/www.webdo.tn\/fr\/wp-json\/wp\/v2\/media\/374658"}],"wp:attachment":[{"href":"https:\/\/www.webdo.tn\/fr\/wp-json\/wp\/v2\/media?parent=172252"}],"wp:term":[{"taxonomy":"category","embeddable":true,"href":"https:\/\/www.webdo.tn\/fr\/wp-json\/wp\/v2\/categories?post=172252"},{"taxonomy":"post_tag","embeddable":true,"href":"https:\/\/www.webdo.tn\/fr\/wp-json\/wp\/v2\/tags?post=172252"}],"curies":[{"name":"wp","href":"https:\/\/api.w.org\/{rel}","templated":true}]}}