{"id":172251,"date":"2012-01-31T22:31:00","date_gmt":"2012-01-31T22:31:00","guid":{"rendered":"https:\/\/www.webdo.tn\/fr\/blog\/solidarite-daccord-mais-jusqua-quand\/172251\/"},"modified":"2025-06-04T19:01:17","modified_gmt":"2025-06-04T19:01:17","slug":"solidarite-daccord-mais-jusqua-quand","status":"publish","type":"post","link":"https:\/\/www.webdo.tn\/fr\/actualite\/national\/solidarite-daccord-mais-jusqua-quand\/172251\/","title":{"rendered":"Solidarit\u00e9, d&rsquo;accord, mais jusqu&rsquo;\u00e0 quand ?"},"content":{"rendered":"<p>Nous le savons tous, les Tunisiens sont solidaires par essence, et ils r\u00e9pondent toujours pr\u00e9sents quand il s&rsquo;agit de venir en aide \u00e0 leurs concitoyens et m\u00eame aux pays voisins et amis.<br \/>\nC&rsquo;est le cas ces derniers jours quand une forte vague de froid a d\u00e9ferl\u00e9 sur le nord-ouest et le centre du pays. Thala est ensevelie sous un manteau de neige, des appels \u00e0 la solidarit\u00e9 sont lanc\u00e9s par ci et par l\u00e0 et les Tunisiens y r\u00e9pondent favorablement.<\/p>\n<p>Est-ce assez ?<br \/>\nEst-ce le r\u00f4le de la soci\u00e9t\u00e9 civile de se substituer \u00e0 celui de l&rsquo;\u00e9tat ? La r\u00e9ponse est NON !!<\/p>\n<p>Ind\u00e9pendamment des conditions de vie d\u00e9labr\u00e9es dans ces contr\u00e9es recul\u00e9es du pays, en d\u00e9pit du taux de ch\u00f4mage \u00e9lev\u00e9, de la mis\u00e8re, et de l\u2019absence d&rsquo;infrastructure, l&rsquo;\u00e9tat est le grand absent dans cette \u00e9ni\u00e8me crise que vit ce petit village. Les aides tardent \u00e0 arriver, et quand elles arrivent, elles sont insuffisantes, les routes sont bloqu\u00e9es, les citoyens sont livr\u00e9s \u00e0 eux-m\u00eames.<\/p>\n<p>Les habitants de Thala, comme ceux de beaucoup d&rsquo;autres r\u00e9gions, sont-ils condamn\u00e9s \u00e0 toujours \u00eatre des assist\u00e9s ? N&rsquo;y a-t-il donc pas de vraies mesures \u00e0 prendre et pas que dans l&rsquo;urgence ?<\/p>\n<p>Ces r\u00e9gions ont un besoin r\u00e9el de mesures radicales et non de pansement ou d&rsquo;antalgiques \u00e0 chaque fois qu&rsquo;une \u00ab\u00a0blessure \u00a0\u00bb surgit. Dans l&rsquo;imm\u00e9diat, la solidarit\u00e9 est la bienvenue, certes, mais elle ne suffit pas. Ce sont les pouvoirs publics qui doivent intervenir, d\u00e9gager les routes, ouvrir des abris, approvisionner les Thalois en gaz et en carburants, des unit\u00e9s m\u00e9dicales doivent \u00eatre mises en place pour assurer les soins !! D\u00e9clarer Thala zone sinistr\u00e9e, s&rsquo;il le faut, et en l&rsquo;absence d&rsquo;un plan \u00ab\u00a0grand froid\u00a0\u00bb \u00e0 l&rsquo;instar de celui des pays europ\u00e9ens.<\/p>\n<p>Sur le long et moyen terme, c&rsquo;est une autre paire de manches ! Ces r\u00e9gions doivent profiter d&rsquo;un programme de r\u00e9habilitation en profondeur au niveau de l&rsquo;infrastructure et de l&rsquo;industrialisation et d&rsquo;un plan national pour l&#8217;emploi !!La solidarit\u00e9, c&rsquo;est bien beau, le d\u00e9veloppement, c&rsquo;est encore meilleur, et c&rsquo;est le seul moyen de sortir les habitants de ces r\u00e9gions du statut d&rsquo;assist\u00e9s \u00e0 celui de citoyens \u00e0 part enti\u00e8re !!<\/p>\n","protected":false},"excerpt":{"rendered":"<p>Solidarit\u00e9, d&rsquo;accord, mais jusqu&rsquo;\u00e0 quand ? <\/p>\n","protected":false},"author":3222,"featured_media":374660,"comment_status":"open","ping_status":"closed","sticky":false,"template":"","format":"standard","meta":{"footnotes":""},"categories":[44],"tags":[],"class_list":["post-172251","post","type-post","status-publish","format-standard","has-post-thumbnail","hentry","category-national"],"yoast_head":"<!-- This site is optimized with the Yoast SEO Premium plugin v27.5 (Yoast SEO v27.5) - https:\/\/yoast.com\/product\/yoast-seo-premium-wordpress\/ -->\n<title>Solidarit\u00e9, d&#039;accord, mais jusqu&#039;\u00e0 quand ?<\/title>\n<meta name=\"description\" content=\"Solidarit\u00e9, d&#039;accord, mais jusqu&#039;\u00e0 quand ?\" \/>\n<link rel=\"canonical\" href=\"https:\/\/www.webdo.tn\/fr\/actualite\/national\/solidarite-daccord-mais-jusqua-quand\/172251\/\" \/>\n<meta property=\"og:locale\" content=\"fr_FR\" \/>\n<meta property=\"og:type\" content=\"article\" \/>\n<meta property=\"og:title\" content=\"Solidarit\u00e9, d&#039;accord, mais jusqu&#039;\u00e0 quand ?\" \/>\n<meta property=\"og:description\" content=\"Solidarit\u00e9, d&#039;accord, mais jusqu&#039;\u00e0 quand ?\" \/>\n<meta property=\"og:url\" content=\"https:\/\/www.webdo.tn\/fr\/actualite\/national\/solidarite-daccord-mais-jusqua-quand\/172251\/\" \/>\n<meta property=\"og:site_name\" content=\"webdo\" \/>\n<meta property=\"article:publisher\" content=\"https:\/\/www.facebook.com\/webdotn\" \/>\n<meta property=\"article:published_time\" content=\"2012-01-31T22:31:00+00:00\" \/>\n<meta property=\"article:modified_time\" content=\"2025-06-04T19:01:17+00:00\" \/>\n<meta name=\"author\" content=\"webdo.tn\" \/>\n<meta name=\"twitter:card\" content=\"summary_large_image\" \/>\n<meta name=\"twitter:creator\" content=\"@webdo_tn\" \/>\n<meta name=\"twitter:site\" content=\"@webdo_tn\" \/>\n<meta name=\"twitter:label1\" content=\"\u00c9crit par\" \/>\n\t<meta name=\"twitter:data1\" content=\"webdo.tn\" \/>\n\t<meta name=\"twitter:label2\" content=\"Dur\u00e9e de lecture estim\u00e9e\" \/>\n\t<meta name=\"twitter:data2\" content=\"2 minutes\" \/>\n<script type=\"application\/ld+json\" class=\"yoast-schema-graph\">{\"@context\":\"https:\\\/\\\/schema.org\",\"@graph\":[{\"@type\":\"NewsArticle\",\"@id\":\"https:\\\/\\\/www.webdo.tn\\\/fr\\\/actualite\\\/national\\\/solidarite-daccord-mais-jusqua-quand\\\/172251\\\/#article\",\"isPartOf\":{\"@id\":\"https:\\\/\\\/www.webdo.tn\\\/fr\\\/actualite\\\/national\\\/solidarite-daccord-mais-jusqua-quand\\\/172251\\\/\"},\"author\":{\"name\":\"webdo.tn\",\"@id\":\"https:\\\/\\\/www.webdo.tn\\\/fr\\\/#\\\/schema\\\/person\\\/9a9c6118d687c117df8ef3cc36a4d175\"},\"headline\":\"Solidarit\u00e9, d&rsquo;accord, mais jusqu&rsquo;\u00e0 quand ?\",\"datePublished\":\"2012-01-31T22:31:00+00:00\",\"dateModified\":\"2025-06-04T19:01:17+00:00\",\"mainEntityOfPage\":{\"@id\":\"https:\\\/\\\/www.webdo.tn\\\/fr\\\/actualite\\\/national\\\/solidarite-daccord-mais-jusqua-quand\\\/172251\\\/\"},\"wordCount\":409,\"commentCount\":0,\"publisher\":{\"@id\":\"https:\\\/\\\/www.webdo.tn\\\/fr\\\/#organization\"},\"image\":{\"@id\":\"https:\\\/\\\/www.webdo.tn\\\/fr\\\/actualite\\\/national\\\/solidarite-daccord-mais-jusqua-quand\\\/172251\\\/#primaryimage\"},\"thumbnailUrl\":\"https:\\\/\\\/www.webdo.tn\\\/fr\\\/wp-content\\\/uploads\\\/2025\\\/06\\\/Thala-photo-FB-Non-a-lAnarchie-en-Tunisie2_172251.jpg\",\"articleSection\":[\"National\"],\"inLanguage\":\"fr-FR\"},{\"@type\":\"WebPage\",\"@id\":\"https:\\\/\\\/www.webdo.tn\\\/fr\\\/actualite\\\/national\\\/solidarite-daccord-mais-jusqua-quand\\\/172251\\\/\",\"url\":\"https:\\\/\\\/www.webdo.tn\\\/fr\\\/actualite\\\/national\\\/solidarite-daccord-mais-jusqua-quand\\\/172251\\\/\",\"name\":\"Solidarit\u00e9, d'accord, mais jusqu'\u00e0 quand ?\",\"isPartOf\":{\"@id\":\"https:\\\/\\\/www.webdo.tn\\\/fr\\\/#website\"},\"primaryImageOfPage\":{\"@id\":\"https:\\\/\\\/www.webdo.tn\\\/fr\\\/actualite\\\/national\\\/solidarite-daccord-mais-jusqua-quand\\\/172251\\\/#primaryimage\"},\"image\":{\"@id\":\"https:\\\/\\\/www.webdo.tn\\\/fr\\\/actualite\\\/national\\\/solidarite-daccord-mais-jusqua-quand\\\/172251\\\/#primaryimage\"},\"thumbnailUrl\":\"https:\\\/\\\/www.webdo.tn\\\/fr\\\/wp-content\\\/uploads\\\/2025\\\/06\\\/Thala-photo-FB-Non-a-lAnarchie-en-Tunisie2_172251.jpg\",\"datePublished\":\"2012-01-31T22:31:00+00:00\",\"dateModified\":\"2025-06-04T19:01:17+00:00\",\"description\":\"Solidarit\u00e9, d'accord, mais jusqu'\u00e0 quand ?\",\"breadcrumb\":{\"@id\":\"https:\\\/\\\/www.webdo.tn\\\/fr\\\/actualite\\\/national\\\/solidarite-daccord-mais-jusqua-quand\\\/172251\\\/#breadcrumb\"},\"inLanguage\":\"fr-FR\",\"potentialAction\":[{\"@type\":\"ReadAction\",\"target\":[\"https:\\\/\\\/www.webdo.tn\\\/fr\\\/actualite\\\/national\\\/solidarite-daccord-mais-jusqua-quand\\\/172251\\\/\"]}]},{\"@type\":\"ImageObject\",\"inLanguage\":\"fr-FR\",\"@id\":\"https:\\\/\\\/www.webdo.tn\\\/fr\\\/actualite\\\/national\\\/solidarite-daccord-mais-jusqua-quand\\\/172251\\\/#primaryimage\",\"url\":\"https:\\\/\\\/www.webdo.tn\\\/fr\\\/wp-content\\\/uploads\\\/2025\\\/06\\\/Thala-photo-FB-Non-a-lAnarchie-en-Tunisie2_172251.jpg\",\"contentUrl\":\"https:\\\/\\\/www.webdo.tn\\\/fr\\\/wp-content\\\/uploads\\\/2025\\\/06\\\/Thala-photo-FB-Non-a-lAnarchie-en-Tunisie2_172251.jpg\",\"width\":275,\"height\":221,\"caption\":\"Solidarit\u00e9, d'accord, mais jusqu'\u00e0 quand ?\"},{\"@type\":\"BreadcrumbList\",\"@id\":\"https:\\\/\\\/www.webdo.tn\\\/fr\\\/actualite\\\/national\\\/solidarite-daccord-mais-jusqua-quand\\\/172251\\\/#breadcrumb\",\"itemListElement\":[{\"@type\":\"ListItem\",\"position\":1,\"name\":\"Accueil\",\"item\":\"https:\\\/\\\/www.webdo.tn\\\/fr\\\/\"},{\"@type\":\"ListItem\",\"position\":2,\"name\":\"Solidarit\u00e9, d&rsquo;accord, mais jusqu&rsquo;\u00e0 quand ?\"}]},{\"@type\":\"WebSite\",\"@id\":\"https:\\\/\\\/www.webdo.tn\\\/fr\\\/#website\",\"url\":\"https:\\\/\\\/www.webdo.tn\\\/fr\\\/\",\"name\":\"webdo\",\"description\":\"Tunisie - News en Tunisie et \u00e0 l&#039;international sur Webdo.tn\",\"publisher\":{\"@id\":\"https:\\\/\\\/www.webdo.tn\\\/fr\\\/#organization\"},\"potentialAction\":[{\"@type\":\"SearchAction\",\"target\":{\"@type\":\"EntryPoint\",\"urlTemplate\":\"https:\\\/\\\/www.webdo.tn\\\/fr\\\/?s={search_term_string}\"},\"query-input\":{\"@type\":\"PropertyValueSpecification\",\"valueRequired\":true,\"valueName\":\"search_term_string\"}}],\"inLanguage\":\"fr-FR\"},{\"@type\":\"Organization\",\"@id\":\"https:\\\/\\\/www.webdo.tn\\\/fr\\\/#organization\",\"name\":\"Webdo\",\"alternateName\":\"Webdo.tn\",\"url\":\"https:\\\/\\\/www.webdo.tn\\\/fr\\\/\",\"logo\":{\"@type\":\"ImageObject\",\"inLanguage\":\"fr-FR\",\"@id\":\"https:\\\/\\\/www.webdo.tn\\\/fr\\\/#\\\/schema\\\/logo\\\/image\\\/\",\"url\":\"https:\\\/\\\/www.webdo.tn\\\/fr\\\/wp-content\\\/uploads\\\/2025\\\/06\\\/Webdo-Tunisie_168377.jpg\",\"contentUrl\":\"https:\\\/\\\/www.webdo.tn\\\/fr\\\/wp-content\\\/uploads\\\/2025\\\/06\\\/Webdo-Tunisie_168377.jpg\",\"width\":301,\"height\":301,\"caption\":\"Webdo\"},\"image\":{\"@id\":\"https:\\\/\\\/www.webdo.tn\\\/fr\\\/#\\\/schema\\\/logo\\\/image\\\/\"},\"sameAs\":[\"https:\\\/\\\/www.facebook.com\\\/webdotn\",\"https:\\\/\\\/x.com\\\/webdo_tn\"],\"description\":\"Webdo est un m\u00e9dia num\u00e9rique tunisien fond\u00e9 en 2010, sp\u00e9cialis\u00e9 dans l\u2019actualit\u00e9 nationale et internationale, l\u2019\u00e9conomie, la soci\u00e9t\u00e9 et les analyses politiques. Le site s\u2019adresse \u00e0 un large public francophone et couvre l\u2019information tunisienne en temps r\u00e9el.\",\"email\":\"redac@webdo.tn\",\"legalName\":\"YNJ SARL\",\"foundingDate\":\"2010-09-06\",\"numberOfEmployees\":{\"@type\":\"QuantitativeValue\",\"minValue\":\"11\",\"maxValue\":\"50\"}},{\"@type\":\"Person\",\"@id\":\"https:\\\/\\\/www.webdo.tn\\\/fr\\\/#\\\/schema\\\/person\\\/9a9c6118d687c117df8ef3cc36a4d175\",\"name\":\"webdo.tn\",\"image\":{\"@type\":\"ImageObject\",\"inLanguage\":\"fr-FR\",\"@id\":\"https:\\\/\\\/secure.gravatar.com\\\/avatar\\\/7ce1f28c0c3bbac99ff550b85ef8e44a6950c6ee24514fb6a5489e51d06f0298?s=96&d=mm&r=g\",\"url\":\"https:\\\/\\\/secure.gravatar.com\\\/avatar\\\/7ce1f28c0c3bbac99ff550b85ef8e44a6950c6ee24514fb6a5489e51d06f0298?s=96&d=mm&r=g\",\"contentUrl\":\"https:\\\/\\\/secure.gravatar.com\\\/avatar\\\/7ce1f28c0c3bbac99ff550b85ef8e44a6950c6ee24514fb6a5489e51d06f0298?s=96&d=mm&r=g\",\"caption\":\"webdo.tn\"},\"url\":\"https:\\\/\\\/www.webdo.tn\\\/fr\\\/actualite\\\/author\\\/webdotn\\\/\"}]}<\/script>\n<!-- \/ Yoast SEO Premium plugin. -->","yoast_head_json":{"title":"Solidarit\u00e9, d'accord, mais jusqu'\u00e0 quand ?","description":"Solidarit\u00e9, d'accord, mais jusqu'\u00e0 quand ?","canonical":"https:\/\/www.webdo.tn\/fr\/actualite\/national\/solidarite-daccord-mais-jusqua-quand\/172251\/","og_locale":"fr_FR","og_type":"article","og_title":"Solidarit\u00e9, d'accord, mais jusqu'\u00e0 quand ?","og_description":"Solidarit\u00e9, d'accord, mais jusqu'\u00e0 quand ?","og_url":"https:\/\/www.webdo.tn\/fr\/actualite\/national\/solidarite-daccord-mais-jusqua-quand\/172251\/","og_site_name":"webdo","article_publisher":"https:\/\/www.facebook.com\/webdotn","article_published_time":"2012-01-31T22:31:00+00:00","article_modified_time":"2025-06-04T19:01:17+00:00","author":"webdo.tn","twitter_card":"summary_large_image","twitter_creator":"@webdo_tn","twitter_site":"@webdo_tn","twitter_misc":{"\u00c9crit par":"webdo.tn","Dur\u00e9e de lecture estim\u00e9e":"2 minutes"},"schema":{"@context":"https:\/\/schema.org","@graph":[{"@type":"NewsArticle","@id":"https:\/\/www.webdo.tn\/fr\/actualite\/national\/solidarite-daccord-mais-jusqua-quand\/172251\/#article","isPartOf":{"@id":"https:\/\/www.webdo.tn\/fr\/actualite\/national\/solidarite-daccord-mais-jusqua-quand\/172251\/"},"author":{"name":"webdo.tn","@id":"https:\/\/www.webdo.tn\/fr\/#\/schema\/person\/9a9c6118d687c117df8ef3cc36a4d175"},"headline":"Solidarit\u00e9, d&rsquo;accord, mais jusqu&rsquo;\u00e0 quand ?","datePublished":"2012-01-31T22:31:00+00:00","dateModified":"2025-06-04T19:01:17+00:00","mainEntityOfPage":{"@id":"https:\/\/www.webdo.tn\/fr\/actualite\/national\/solidarite-daccord-mais-jusqua-quand\/172251\/"},"wordCount":409,"commentCount":0,"publisher":{"@id":"https:\/\/www.webdo.tn\/fr\/#organization"},"image":{"@id":"https:\/\/www.webdo.tn\/fr\/actualite\/national\/solidarite-daccord-mais-jusqua-quand\/172251\/#primaryimage"},"thumbnailUrl":"https:\/\/www.webdo.tn\/fr\/wp-content\/uploads\/2025\/06\/Thala-photo-FB-Non-a-lAnarchie-en-Tunisie2_172251.jpg","articleSection":["National"],"inLanguage":"fr-FR"},{"@type":"WebPage","@id":"https:\/\/www.webdo.tn\/fr\/actualite\/national\/solidarite-daccord-mais-jusqua-quand\/172251\/","url":"https:\/\/www.webdo.tn\/fr\/actualite\/national\/solidarite-daccord-mais-jusqua-quand\/172251\/","name":"Solidarit\u00e9, d'accord, mais jusqu'\u00e0 quand ?","isPartOf":{"@id":"https:\/\/www.webdo.tn\/fr\/#website"},"primaryImageOfPage":{"@id":"https:\/\/www.webdo.tn\/fr\/actualite\/national\/solidarite-daccord-mais-jusqua-quand\/172251\/#primaryimage"},"image":{"@id":"https:\/\/www.webdo.tn\/fr\/actualite\/national\/solidarite-daccord-mais-jusqua-quand\/172251\/#primaryimage"},"thumbnailUrl":"https:\/\/www.webdo.tn\/fr\/wp-content\/uploads\/2025\/06\/Thala-photo-FB-Non-a-lAnarchie-en-Tunisie2_172251.jpg","datePublished":"2012-01-31T22:31:00+00:00","dateModified":"2025-06-04T19:01:17+00:00","description":"Solidarit\u00e9, d'accord, mais jusqu'\u00e0 quand ?","breadcrumb":{"@id":"https:\/\/www.webdo.tn\/fr\/actualite\/national\/solidarite-daccord-mais-jusqua-quand\/172251\/#breadcrumb"},"inLanguage":"fr-FR","potentialAction":[{"@type":"ReadAction","target":["https:\/\/www.webdo.tn\/fr\/actualite\/national\/solidarite-daccord-mais-jusqua-quand\/172251\/"]}]},{"@type":"ImageObject","inLanguage":"fr-FR","@id":"https:\/\/www.webdo.tn\/fr\/actualite\/national\/solidarite-daccord-mais-jusqua-quand\/172251\/#primaryimage","url":"https:\/\/www.webdo.tn\/fr\/wp-content\/uploads\/2025\/06\/Thala-photo-FB-Non-a-lAnarchie-en-Tunisie2_172251.jpg","contentUrl":"https:\/\/www.webdo.tn\/fr\/wp-content\/uploads\/2025\/06\/Thala-photo-FB-Non-a-lAnarchie-en-Tunisie2_172251.jpg","width":275,"height":221,"caption":"Solidarit\u00e9, d'accord, mais jusqu'\u00e0 quand ?"},{"@type":"BreadcrumbList","@id":"https:\/\/www.webdo.tn\/fr\/actualite\/national\/solidarite-daccord-mais-jusqua-quand\/172251\/#breadcrumb","itemListElement":[{"@type":"ListItem","position":1,"name":"Accueil","item":"https:\/\/www.webdo.tn\/fr\/"},{"@type":"ListItem","position":2,"name":"Solidarit\u00e9, d&rsquo;accord, mais jusqu&rsquo;\u00e0 quand ?"}]},{"@type":"WebSite","@id":"https:\/\/www.webdo.tn\/fr\/#website","url":"https:\/\/www.webdo.tn\/fr\/","name":"webdo","description":"Tunisie - News en Tunisie et \u00e0 l&#039;international sur Webdo.tn","publisher":{"@id":"https:\/\/www.webdo.tn\/fr\/#organization"},"potentialAction":[{"@type":"SearchAction","target":{"@type":"EntryPoint","urlTemplate":"https:\/\/www.webdo.tn\/fr\/?s={search_term_string}"},"query-input":{"@type":"PropertyValueSpecification","valueRequired":true,"valueName":"search_term_string"}}],"inLanguage":"fr-FR"},{"@type":"Organization","@id":"https:\/\/www.webdo.tn\/fr\/#organization","name":"Webdo","alternateName":"Webdo.tn","url":"https:\/\/www.webdo.tn\/fr\/","logo":{"@type":"ImageObject","inLanguage":"fr-FR","@id":"https:\/\/www.webdo.tn\/fr\/#\/schema\/logo\/image\/","url":"https:\/\/www.webdo.tn\/fr\/wp-content\/uploads\/2025\/06\/Webdo-Tunisie_168377.jpg","contentUrl":"https:\/\/www.webdo.tn\/fr\/wp-content\/uploads\/2025\/06\/Webdo-Tunisie_168377.jpg","width":301,"height":301,"caption":"Webdo"},"image":{"@id":"https:\/\/www.webdo.tn\/fr\/#\/schema\/logo\/image\/"},"sameAs":["https:\/\/www.facebook.com\/webdotn","https:\/\/x.com\/webdo_tn"],"description":"Webdo est un m\u00e9dia num\u00e9rique tunisien fond\u00e9 en 2010, sp\u00e9cialis\u00e9 dans l\u2019actualit\u00e9 nationale et internationale, l\u2019\u00e9conomie, la soci\u00e9t\u00e9 et les analyses politiques. Le site s\u2019adresse \u00e0 un large public francophone et couvre l\u2019information tunisienne en temps r\u00e9el.","email":"redac@webdo.tn","legalName":"YNJ SARL","foundingDate":"2010-09-06","numberOfEmployees":{"@type":"QuantitativeValue","minValue":"11","maxValue":"50"}},{"@type":"Person","@id":"https:\/\/www.webdo.tn\/fr\/#\/schema\/person\/9a9c6118d687c117df8ef3cc36a4d175","name":"webdo.tn","image":{"@type":"ImageObject","inLanguage":"fr-FR","@id":"https:\/\/secure.gravatar.com\/avatar\/7ce1f28c0c3bbac99ff550b85ef8e44a6950c6ee24514fb6a5489e51d06f0298?s=96&d=mm&r=g","url":"https:\/\/secure.gravatar.com\/avatar\/7ce1f28c0c3bbac99ff550b85ef8e44a6950c6ee24514fb6a5489e51d06f0298?s=96&d=mm&r=g","contentUrl":"https:\/\/secure.gravatar.com\/avatar\/7ce1f28c0c3bbac99ff550b85ef8e44a6950c6ee24514fb6a5489e51d06f0298?s=96&d=mm&r=g","caption":"webdo.tn"},"url":"https:\/\/www.webdo.tn\/fr\/actualite\/author\/webdotn\/"}]}},"_links":{"self":[{"href":"https:\/\/www.webdo.tn\/fr\/wp-json\/wp\/v2\/posts\/172251","targetHints":{"allow":["GET"]}}],"collection":[{"href":"https:\/\/www.webdo.tn\/fr\/wp-json\/wp\/v2\/posts"}],"about":[{"href":"https:\/\/www.webdo.tn\/fr\/wp-json\/wp\/v2\/types\/post"}],"author":[{"embeddable":true,"href":"https:\/\/www.webdo.tn\/fr\/wp-json\/wp\/v2\/users\/3222"}],"replies":[{"embeddable":true,"href":"https:\/\/www.webdo.tn\/fr\/wp-json\/wp\/v2\/comments?post=172251"}],"version-history":[{"count":0,"href":"https:\/\/www.webdo.tn\/fr\/wp-json\/wp\/v2\/posts\/172251\/revisions"}],"wp:featuredmedia":[{"embeddable":true,"href":"https:\/\/www.webdo.tn\/fr\/wp-json\/wp\/v2\/media\/374660"}],"wp:attachment":[{"href":"https:\/\/www.webdo.tn\/fr\/wp-json\/wp\/v2\/media?parent=172251"}],"wp:term":[{"taxonomy":"category","embeddable":true,"href":"https:\/\/www.webdo.tn\/fr\/wp-json\/wp\/v2\/categories?post=172251"},{"taxonomy":"post_tag","embeddable":true,"href":"https:\/\/www.webdo.tn\/fr\/wp-json\/wp\/v2\/tags?post=172251"}],"curies":[{"name":"wp","href":"https:\/\/api.w.org\/{rel}","templated":true}]}}