{"id":172250,"date":"2012-02-01T12:41:00","date_gmt":"2012-02-01T12:41:00","guid":{"rendered":"https:\/\/www.webdo.tn\/fr\/blog\/nessma-a-caid-essebsi-hannibal-a-ghannouchi-merzouki-aura-t-il-gnet-tv\/172250\/"},"modified":"2025-06-04T19:01:20","modified_gmt":"2025-06-04T19:01:20","slug":"nessma-a-caid-essebsi-hannibal-a-ghannouchi-merzouki-aura-t-il-gnet-tv","status":"publish","type":"post","link":"https:\/\/www.webdo.tn\/fr\/actualite\/national\/nessma-a-caid-essebsi-hannibal-a-ghannouchi-merzouki-aura-t-il-gnet-tv\/172250\/","title":{"rendered":"Nessma \u00e0 Ca\u00efd Essebsi, Hannibal \u00e0 Ghannouchi, Merzouki aura-t-il Gnet TV ?"},"content":{"rendered":"<p>Le paysage audiovisuel tunisien est encore en attente d\u2019une instance qui a pour vocation de veiller \u00e0 la r\u00e9gulation et au bon fonctionnement des cha\u00eenes de radio et de t\u00e9l\u00e9vision. Entretemps et pour peu que l\u2019on se penche sur les programmations, les \u00e9missions, les choix des invit\u00e9s, il se d\u00e9gage des trois principales cha\u00eenes de t\u00e9l\u00e9vision des orientations ou du moins des tendances politiques plus ou moins claires.<\/p>\n<p>Nessma TV semble avoir choisi son camp d\u00e8s le 15 janvier 2011. La ligne \u00e9ditoriale de la cha\u00eene de Nabil Karoui semble tourn\u00e9e r\u00e9solument vers un lib\u00e9ralisme politique. Incarn\u00e9e par le chroniqueur Sofi\u00e8ne Ben Hamida, cette ligne para\u00eet soutenir la la\u00efcit\u00e9 fond\u00e9e sur la s\u00e9paration du politique et du religieux. C\u2019est vraisemblablement cette option qui insupporte et indispose le mouvement Ennahdha. Le torchon a fini par br\u00fbler entre eux \u00e0 l\u2019occasion de la diffusion du film franco-iranien Pers\u00e9polis. Depuis, aucun dirigeant du parti islamiste n\u2019a remis les pieds dans les studios de Nessma. Cependant il appara\u00eet de plus en plus clair que B\u00e9ji Ca\u00efd Essebsi et les valeurs qu\u2019il incarne aient la faveur de la cha\u00eene priv\u00e9e du Grand Maghreb. On ne compte plus le nombre d\u2019interviews de l\u2019ancien Premier Ministre. Le plateau qui lui a \u00e9t\u00e9 r\u00e9serv\u00e9e au lendemain de la fin de sa mission mais aussi l\u2019\u00e9mission qui lui a \u00e9t\u00e9 consacr\u00e9e ne sont pas d\u00e9nu\u00e9s de signification. La tendance politique de Nessma est devenue un secret de polichinelle.<\/p>\n<p>Il en va autrement de Hannibal TV. De proche en proche, le voile tombe et ses \u00ab flirts \u00bb avec le parti de Rached Ghannouchi paraissent une tendance ind\u00e9niable. La part belle que le journaliste Mokdad Mejri accorde au fondateur du parti islamiste tunisien ainsi que les choix de ses invit\u00e9s ne font que corroborer cette esp\u00e8ce de liens tacites. Certes il serait exag\u00e9r\u00e9 de parler de connivence entre Hannibal et Ennhadha, mais la cha\u00eene de Larbi Nasra semble de plus en plus exprimer sa pr\u00e9dilection pour les islamistes. Tour \u00e0 tour et en un laps de temps court, la parole fut donn\u00e9e \u00e0 Rafik Abdesselem, Noureddine Bhiri, Ali La\u00e2rayedh et bien entendu \u00e0 Rached Ghanouchi. Samir El Ouafi, lors de son \u00e9mission avec Moncef Ben Salem, a donn\u00e9, par sa courtoisie inhabituelle ce soir l\u00e0, l\u2019illustration de ce qui ressemble fort \u00e0 un soutien \u00e0 Ennhadha.<\/p>\n<p>Par ailleurs, la cha\u00eene nationale tente peu ou prou de faire de la r\u00e9sistance et \u00e0 garder une forme d\u2019autonomie en d\u00e9pit des d\u00e9signations r\u00e9centes du Gouvernement, et des critiques qui lui sont adress\u00e9es par Lotfi Zitoun, le conseiller de Hammadi Jebali.<\/p>\n<p>D\u2019autre part, comment ne pas parler dans cet ordre id\u00e9e du lancement d\u2019une cha\u00eene priv\u00e9e du fournisseur de service Internet Gnet de Nasr Ali Chakroun, l\u2019ami personnel de l\u2019actuel Pr\u00e9sident de la R\u00e9publique Moncef Marzouki, comme en t\u00e9moigne le blogueur Sami Ben Abdallah ? Ce dernier soup\u00e7onne Chakroun d&rsquo;avoir financ\u00e9 la campagne \u00e9lectorale de Marzouki. Il est \u00e0 rappeler que la fille de l\u2019homme d\u2019affaires tunisien, Meriem Chakroun, fait partie du cabinet de pr\u00e9sident de la R\u00e9publique provisoire, charg\u00e9e de \u00ab suivre les actualit\u00e9s politiques \u00bb, selon le d\u00e9cret pr\u00e9sidentiel n\u00b013.<\/p>\n<p>De telles configurations d\u2019intelligence entre les hommes politiques et les m\u00e9dias laissent entrevoir sinon des lobbys en tout cas des influences sur les lignes \u00e9ditoriales des cha\u00eenes de t\u00e9l\u00e9vision. L\u2019ind\u00e9pendance des m\u00e9dias est-elle condamn\u00e9e \u00e0 subir ces chapes de plomb qui portent pr\u00e9judice \u00e0 leurs libert\u00e9s ? Les objectifs de la R\u00e9volution demeureraient dans ce cas des v\u0153ux pieux.<\/p>\n","protected":false},"excerpt":{"rendered":"<p>Nessma \u00e0 Ca\u00efd Essebsi, Hannibal \u00e0 Ghannouchi, Merzouki aura-t-il Gnet TV ? <\/p>\n","protected":false},"author":3222,"featured_media":334031,"comment_status":"open","ping_status":"closed","sticky":false,"template":"","format":"standard","meta":{"footnotes":""},"categories":[44],"tags":[],"class_list":["post-172250","post","type-post","status-publish","format-standard","has-post-thumbnail","hentry","category-national"],"yoast_head":"<!-- This site is optimized with the Yoast SEO Premium plugin v27.5 (Yoast SEO v27.5) - https:\/\/yoast.com\/product\/yoast-seo-premium-wordpress\/ -->\n<title>Nessma \u00e0 Ca\u00efd Essebsi, Hannibal \u00e0 Ghannouchi, Merzouki aura-t-il Gnet TV ?<\/title>\n<meta name=\"description\" content=\"Nessma \u00e0 Ca\u00efd Essebsi, Hannibal \u00e0 Ghannouchi, Merzouki aura-t-il Gnet TV ?\" \/>\n<link rel=\"canonical\" href=\"https:\/\/www.webdo.tn\/fr\/actualite\/national\/nessma-a-caid-essebsi-hannibal-a-ghannouchi-merzouki-aura-t-il-gnet-tv\/172250\/\" \/>\n<meta property=\"og:locale\" content=\"fr_FR\" \/>\n<meta property=\"og:type\" content=\"article\" \/>\n<meta property=\"og:title\" content=\"Nessma \u00e0 Ca\u00efd Essebsi, Hannibal \u00e0 Ghannouchi, Merzouki aura-t-il Gnet TV ?\" \/>\n<meta property=\"og:description\" content=\"Nessma \u00e0 Ca\u00efd Essebsi, Hannibal \u00e0 Ghannouchi, Merzouki aura-t-il Gnet TV ?\" \/>\n<meta property=\"og:url\" content=\"https:\/\/www.webdo.tn\/fr\/actualite\/national\/nessma-a-caid-essebsi-hannibal-a-ghannouchi-merzouki-aura-t-il-gnet-tv\/172250\/\" \/>\n<meta property=\"og:site_name\" content=\"webdo\" \/>\n<meta property=\"article:publisher\" content=\"https:\/\/www.facebook.com\/webdotn\" \/>\n<meta property=\"article:published_time\" content=\"2012-02-01T12:41:00+00:00\" \/>\n<meta property=\"article:modified_time\" content=\"2025-06-04T19:01:20+00:00\" \/>\n<meta property=\"og:image\" content=\"https:\/\/www.webdo.tn\/fr\/wp-content\/uploads\/2012\/02\/Essebsi-Ghannouchi-Marzouki.jpg\" \/>\n\t<meta property=\"og:image:width\" content=\"336\" \/>\n\t<meta property=\"og:image:height\" content=\"96\" \/>\n\t<meta property=\"og:image:type\" content=\"image\/jpeg\" \/>\n<meta name=\"author\" content=\"webdo.tn\" \/>\n<meta name=\"twitter:card\" content=\"summary_large_image\" \/>\n<meta name=\"twitter:creator\" content=\"@webdo_tn\" \/>\n<meta name=\"twitter:site\" content=\"@webdo_tn\" \/>\n<meta name=\"twitter:label1\" content=\"\u00c9crit par\" \/>\n\t<meta name=\"twitter:data1\" content=\"webdo.tn\" \/>\n\t<meta name=\"twitter:label2\" content=\"Dur\u00e9e de lecture estim\u00e9e\" \/>\n\t<meta name=\"twitter:data2\" content=\"3 minutes\" \/>\n<script type=\"application\/ld+json\" class=\"yoast-schema-graph\">{\"@context\":\"https:\\\/\\\/schema.org\",\"@graph\":[{\"@type\":\"NewsArticle\",\"@id\":\"https:\\\/\\\/www.webdo.tn\\\/fr\\\/actualite\\\/national\\\/nessma-a-caid-essebsi-hannibal-a-ghannouchi-merzouki-aura-t-il-gnet-tv\\\/172250\\\/#article\",\"isPartOf\":{\"@id\":\"https:\\\/\\\/www.webdo.tn\\\/fr\\\/actualite\\\/national\\\/nessma-a-caid-essebsi-hannibal-a-ghannouchi-merzouki-aura-t-il-gnet-tv\\\/172250\\\/\"},\"author\":{\"name\":\"webdo.tn\",\"@id\":\"https:\\\/\\\/www.webdo.tn\\\/fr\\\/#\\\/schema\\\/person\\\/9a9c6118d687c117df8ef3cc36a4d175\"},\"headline\":\"Nessma \u00e0 Ca\u00efd Essebsi, Hannibal \u00e0 Ghannouchi, Merzouki aura-t-il Gnet TV ?\",\"datePublished\":\"2012-02-01T12:41:00+00:00\",\"dateModified\":\"2025-06-04T19:01:20+00:00\",\"mainEntityOfPage\":{\"@id\":\"https:\\\/\\\/www.webdo.tn\\\/fr\\\/actualite\\\/national\\\/nessma-a-caid-essebsi-hannibal-a-ghannouchi-merzouki-aura-t-il-gnet-tv\\\/172250\\\/\"},\"wordCount\":659,\"commentCount\":0,\"publisher\":{\"@id\":\"https:\\\/\\\/www.webdo.tn\\\/fr\\\/#organization\"},\"image\":{\"@id\":\"https:\\\/\\\/www.webdo.tn\\\/fr\\\/actualite\\\/national\\\/nessma-a-caid-essebsi-hannibal-a-ghannouchi-merzouki-aura-t-il-gnet-tv\\\/172250\\\/#primaryimage\"},\"thumbnailUrl\":\"https:\\\/\\\/www.webdo.tn\\\/fr\\\/wp-content\\\/uploads\\\/2012\\\/02\\\/Essebsi-Ghannouchi-Marzouki.jpg\",\"articleSection\":[\"National\"],\"inLanguage\":\"fr-FR\"},{\"@type\":\"WebPage\",\"@id\":\"https:\\\/\\\/www.webdo.tn\\\/fr\\\/actualite\\\/national\\\/nessma-a-caid-essebsi-hannibal-a-ghannouchi-merzouki-aura-t-il-gnet-tv\\\/172250\\\/\",\"url\":\"https:\\\/\\\/www.webdo.tn\\\/fr\\\/actualite\\\/national\\\/nessma-a-caid-essebsi-hannibal-a-ghannouchi-merzouki-aura-t-il-gnet-tv\\\/172250\\\/\",\"name\":\"Nessma \u00e0 Ca\u00efd Essebsi, Hannibal \u00e0 Ghannouchi, Merzouki aura-t-il Gnet TV ?\",\"isPartOf\":{\"@id\":\"https:\\\/\\\/www.webdo.tn\\\/fr\\\/#website\"},\"primaryImageOfPage\":{\"@id\":\"https:\\\/\\\/www.webdo.tn\\\/fr\\\/actualite\\\/national\\\/nessma-a-caid-essebsi-hannibal-a-ghannouchi-merzouki-aura-t-il-gnet-tv\\\/172250\\\/#primaryimage\"},\"image\":{\"@id\":\"https:\\\/\\\/www.webdo.tn\\\/fr\\\/actualite\\\/national\\\/nessma-a-caid-essebsi-hannibal-a-ghannouchi-merzouki-aura-t-il-gnet-tv\\\/172250\\\/#primaryimage\"},\"thumbnailUrl\":\"https:\\\/\\\/www.webdo.tn\\\/fr\\\/wp-content\\\/uploads\\\/2012\\\/02\\\/Essebsi-Ghannouchi-Marzouki.jpg\",\"datePublished\":\"2012-02-01T12:41:00+00:00\",\"dateModified\":\"2025-06-04T19:01:20+00:00\",\"description\":\"Nessma \u00e0 Ca\u00efd Essebsi, Hannibal \u00e0 Ghannouchi, Merzouki aura-t-il Gnet TV ?\",\"breadcrumb\":{\"@id\":\"https:\\\/\\\/www.webdo.tn\\\/fr\\\/actualite\\\/national\\\/nessma-a-caid-essebsi-hannibal-a-ghannouchi-merzouki-aura-t-il-gnet-tv\\\/172250\\\/#breadcrumb\"},\"inLanguage\":\"fr-FR\",\"potentialAction\":[{\"@type\":\"ReadAction\",\"target\":[\"https:\\\/\\\/www.webdo.tn\\\/fr\\\/actualite\\\/national\\\/nessma-a-caid-essebsi-hannibal-a-ghannouchi-merzouki-aura-t-il-gnet-tv\\\/172250\\\/\"]}]},{\"@type\":\"ImageObject\",\"inLanguage\":\"fr-FR\",\"@id\":\"https:\\\/\\\/www.webdo.tn\\\/fr\\\/actualite\\\/national\\\/nessma-a-caid-essebsi-hannibal-a-ghannouchi-merzouki-aura-t-il-gnet-tv\\\/172250\\\/#primaryimage\",\"url\":\"https:\\\/\\\/www.webdo.tn\\\/fr\\\/wp-content\\\/uploads\\\/2012\\\/02\\\/Essebsi-Ghannouchi-Marzouki.jpg\",\"contentUrl\":\"https:\\\/\\\/www.webdo.tn\\\/fr\\\/wp-content\\\/uploads\\\/2012\\\/02\\\/Essebsi-Ghannouchi-Marzouki.jpg\",\"width\":336,\"height\":96,\"caption\":\"Nessma \u00e0 Ca\u00efd Essebsi, Hannibal \u00e0 Ghannouchi, Merzouki aura-t-il Gnet TV ?\"},{\"@type\":\"BreadcrumbList\",\"@id\":\"https:\\\/\\\/www.webdo.tn\\\/fr\\\/actualite\\\/national\\\/nessma-a-caid-essebsi-hannibal-a-ghannouchi-merzouki-aura-t-il-gnet-tv\\\/172250\\\/#breadcrumb\",\"itemListElement\":[{\"@type\":\"ListItem\",\"position\":1,\"name\":\"Accueil\",\"item\":\"https:\\\/\\\/www.webdo.tn\\\/fr\\\/\"},{\"@type\":\"ListItem\",\"position\":2,\"name\":\"Nessma \u00e0 Ca\u00efd Essebsi, Hannibal \u00e0 Ghannouchi, Merzouki aura-t-il Gnet TV ?\"}]},{\"@type\":\"WebSite\",\"@id\":\"https:\\\/\\\/www.webdo.tn\\\/fr\\\/#website\",\"url\":\"https:\\\/\\\/www.webdo.tn\\\/fr\\\/\",\"name\":\"webdo\",\"description\":\"Tunisie - News en Tunisie et \u00e0 l&#039;international sur Webdo.tn\",\"publisher\":{\"@id\":\"https:\\\/\\\/www.webdo.tn\\\/fr\\\/#organization\"},\"potentialAction\":[{\"@type\":\"SearchAction\",\"target\":{\"@type\":\"EntryPoint\",\"urlTemplate\":\"https:\\\/\\\/www.webdo.tn\\\/fr\\\/?s={search_term_string}\"},\"query-input\":{\"@type\":\"PropertyValueSpecification\",\"valueRequired\":true,\"valueName\":\"search_term_string\"}}],\"inLanguage\":\"fr-FR\"},{\"@type\":\"Organization\",\"@id\":\"https:\\\/\\\/www.webdo.tn\\\/fr\\\/#organization\",\"name\":\"Webdo\",\"alternateName\":\"Webdo.tn\",\"url\":\"https:\\\/\\\/www.webdo.tn\\\/fr\\\/\",\"logo\":{\"@type\":\"ImageObject\",\"inLanguage\":\"fr-FR\",\"@id\":\"https:\\\/\\\/www.webdo.tn\\\/fr\\\/#\\\/schema\\\/logo\\\/image\\\/\",\"url\":\"https:\\\/\\\/www.webdo.tn\\\/fr\\\/wp-content\\\/uploads\\\/2025\\\/06\\\/Webdo-Tunisie_168377.jpg\",\"contentUrl\":\"https:\\\/\\\/www.webdo.tn\\\/fr\\\/wp-content\\\/uploads\\\/2025\\\/06\\\/Webdo-Tunisie_168377.jpg\",\"width\":301,\"height\":301,\"caption\":\"Webdo\"},\"image\":{\"@id\":\"https:\\\/\\\/www.webdo.tn\\\/fr\\\/#\\\/schema\\\/logo\\\/image\\\/\"},\"sameAs\":[\"https:\\\/\\\/www.facebook.com\\\/webdotn\",\"https:\\\/\\\/x.com\\\/webdo_tn\"],\"description\":\"Webdo est un m\u00e9dia num\u00e9rique tunisien fond\u00e9 en 2010, sp\u00e9cialis\u00e9 dans l\u2019actualit\u00e9 nationale et internationale, l\u2019\u00e9conomie, la soci\u00e9t\u00e9 et les analyses politiques. Le site s\u2019adresse \u00e0 un large public francophone et couvre l\u2019information tunisienne en temps r\u00e9el.\",\"email\":\"redac@webdo.tn\",\"legalName\":\"YNJ SARL\",\"foundingDate\":\"2010-09-06\",\"numberOfEmployees\":{\"@type\":\"QuantitativeValue\",\"minValue\":\"11\",\"maxValue\":\"50\"}},{\"@type\":\"Person\",\"@id\":\"https:\\\/\\\/www.webdo.tn\\\/fr\\\/#\\\/schema\\\/person\\\/9a9c6118d687c117df8ef3cc36a4d175\",\"name\":\"webdo.tn\",\"image\":{\"@type\":\"ImageObject\",\"inLanguage\":\"fr-FR\",\"@id\":\"https:\\\/\\\/secure.gravatar.com\\\/avatar\\\/7ce1f28c0c3bbac99ff550b85ef8e44a6950c6ee24514fb6a5489e51d06f0298?s=96&d=mm&r=g\",\"url\":\"https:\\\/\\\/secure.gravatar.com\\\/avatar\\\/7ce1f28c0c3bbac99ff550b85ef8e44a6950c6ee24514fb6a5489e51d06f0298?s=96&d=mm&r=g\",\"contentUrl\":\"https:\\\/\\\/secure.gravatar.com\\\/avatar\\\/7ce1f28c0c3bbac99ff550b85ef8e44a6950c6ee24514fb6a5489e51d06f0298?s=96&d=mm&r=g\",\"caption\":\"webdo.tn\"},\"url\":\"https:\\\/\\\/www.webdo.tn\\\/fr\\\/actualite\\\/author\\\/webdotn\\\/\"}]}<\/script>\n<!-- \/ Yoast SEO Premium plugin. -->","yoast_head_json":{"title":"Nessma \u00e0 Ca\u00efd Essebsi, Hannibal \u00e0 Ghannouchi, Merzouki aura-t-il Gnet TV ?","description":"Nessma \u00e0 Ca\u00efd Essebsi, Hannibal \u00e0 Ghannouchi, Merzouki aura-t-il Gnet TV ?","canonical":"https:\/\/www.webdo.tn\/fr\/actualite\/national\/nessma-a-caid-essebsi-hannibal-a-ghannouchi-merzouki-aura-t-il-gnet-tv\/172250\/","og_locale":"fr_FR","og_type":"article","og_title":"Nessma \u00e0 Ca\u00efd Essebsi, Hannibal \u00e0 Ghannouchi, Merzouki aura-t-il Gnet TV ?","og_description":"Nessma \u00e0 Ca\u00efd Essebsi, Hannibal \u00e0 Ghannouchi, Merzouki aura-t-il Gnet TV ?","og_url":"https:\/\/www.webdo.tn\/fr\/actualite\/national\/nessma-a-caid-essebsi-hannibal-a-ghannouchi-merzouki-aura-t-il-gnet-tv\/172250\/","og_site_name":"webdo","article_publisher":"https:\/\/www.facebook.com\/webdotn","article_published_time":"2012-02-01T12:41:00+00:00","article_modified_time":"2025-06-04T19:01:20+00:00","og_image":[{"width":336,"height":96,"url":"https:\/\/www.webdo.tn\/fr\/wp-content\/uploads\/2012\/02\/Essebsi-Ghannouchi-Marzouki.jpg","type":"image\/jpeg"}],"author":"webdo.tn","twitter_card":"summary_large_image","twitter_creator":"@webdo_tn","twitter_site":"@webdo_tn","twitter_misc":{"\u00c9crit par":"webdo.tn","Dur\u00e9e de lecture estim\u00e9e":"3 minutes"},"schema":{"@context":"https:\/\/schema.org","@graph":[{"@type":"NewsArticle","@id":"https:\/\/www.webdo.tn\/fr\/actualite\/national\/nessma-a-caid-essebsi-hannibal-a-ghannouchi-merzouki-aura-t-il-gnet-tv\/172250\/#article","isPartOf":{"@id":"https:\/\/www.webdo.tn\/fr\/actualite\/national\/nessma-a-caid-essebsi-hannibal-a-ghannouchi-merzouki-aura-t-il-gnet-tv\/172250\/"},"author":{"name":"webdo.tn","@id":"https:\/\/www.webdo.tn\/fr\/#\/schema\/person\/9a9c6118d687c117df8ef3cc36a4d175"},"headline":"Nessma \u00e0 Ca\u00efd Essebsi, Hannibal \u00e0 Ghannouchi, Merzouki aura-t-il Gnet TV ?","datePublished":"2012-02-01T12:41:00+00:00","dateModified":"2025-06-04T19:01:20+00:00","mainEntityOfPage":{"@id":"https:\/\/www.webdo.tn\/fr\/actualite\/national\/nessma-a-caid-essebsi-hannibal-a-ghannouchi-merzouki-aura-t-il-gnet-tv\/172250\/"},"wordCount":659,"commentCount":0,"publisher":{"@id":"https:\/\/www.webdo.tn\/fr\/#organization"},"image":{"@id":"https:\/\/www.webdo.tn\/fr\/actualite\/national\/nessma-a-caid-essebsi-hannibal-a-ghannouchi-merzouki-aura-t-il-gnet-tv\/172250\/#primaryimage"},"thumbnailUrl":"https:\/\/www.webdo.tn\/fr\/wp-content\/uploads\/2012\/02\/Essebsi-Ghannouchi-Marzouki.jpg","articleSection":["National"],"inLanguage":"fr-FR"},{"@type":"WebPage","@id":"https:\/\/www.webdo.tn\/fr\/actualite\/national\/nessma-a-caid-essebsi-hannibal-a-ghannouchi-merzouki-aura-t-il-gnet-tv\/172250\/","url":"https:\/\/www.webdo.tn\/fr\/actualite\/national\/nessma-a-caid-essebsi-hannibal-a-ghannouchi-merzouki-aura-t-il-gnet-tv\/172250\/","name":"Nessma \u00e0 Ca\u00efd Essebsi, Hannibal \u00e0 Ghannouchi, Merzouki aura-t-il Gnet TV ?","isPartOf":{"@id":"https:\/\/www.webdo.tn\/fr\/#website"},"primaryImageOfPage":{"@id":"https:\/\/www.webdo.tn\/fr\/actualite\/national\/nessma-a-caid-essebsi-hannibal-a-ghannouchi-merzouki-aura-t-il-gnet-tv\/172250\/#primaryimage"},"image":{"@id":"https:\/\/www.webdo.tn\/fr\/actualite\/national\/nessma-a-caid-essebsi-hannibal-a-ghannouchi-merzouki-aura-t-il-gnet-tv\/172250\/#primaryimage"},"thumbnailUrl":"https:\/\/www.webdo.tn\/fr\/wp-content\/uploads\/2012\/02\/Essebsi-Ghannouchi-Marzouki.jpg","datePublished":"2012-02-01T12:41:00+00:00","dateModified":"2025-06-04T19:01:20+00:00","description":"Nessma \u00e0 Ca\u00efd Essebsi, Hannibal \u00e0 Ghannouchi, Merzouki aura-t-il Gnet TV ?","breadcrumb":{"@id":"https:\/\/www.webdo.tn\/fr\/actualite\/national\/nessma-a-caid-essebsi-hannibal-a-ghannouchi-merzouki-aura-t-il-gnet-tv\/172250\/#breadcrumb"},"inLanguage":"fr-FR","potentialAction":[{"@type":"ReadAction","target":["https:\/\/www.webdo.tn\/fr\/actualite\/national\/nessma-a-caid-essebsi-hannibal-a-ghannouchi-merzouki-aura-t-il-gnet-tv\/172250\/"]}]},{"@type":"ImageObject","inLanguage":"fr-FR","@id":"https:\/\/www.webdo.tn\/fr\/actualite\/national\/nessma-a-caid-essebsi-hannibal-a-ghannouchi-merzouki-aura-t-il-gnet-tv\/172250\/#primaryimage","url":"https:\/\/www.webdo.tn\/fr\/wp-content\/uploads\/2012\/02\/Essebsi-Ghannouchi-Marzouki.jpg","contentUrl":"https:\/\/www.webdo.tn\/fr\/wp-content\/uploads\/2012\/02\/Essebsi-Ghannouchi-Marzouki.jpg","width":336,"height":96,"caption":"Nessma \u00e0 Ca\u00efd Essebsi, Hannibal \u00e0 Ghannouchi, Merzouki aura-t-il Gnet TV ?"},{"@type":"BreadcrumbList","@id":"https:\/\/www.webdo.tn\/fr\/actualite\/national\/nessma-a-caid-essebsi-hannibal-a-ghannouchi-merzouki-aura-t-il-gnet-tv\/172250\/#breadcrumb","itemListElement":[{"@type":"ListItem","position":1,"name":"Accueil","item":"https:\/\/www.webdo.tn\/fr\/"},{"@type":"ListItem","position":2,"name":"Nessma \u00e0 Ca\u00efd Essebsi, Hannibal \u00e0 Ghannouchi, Merzouki aura-t-il Gnet TV ?"}]},{"@type":"WebSite","@id":"https:\/\/www.webdo.tn\/fr\/#website","url":"https:\/\/www.webdo.tn\/fr\/","name":"webdo","description":"Tunisie - News en Tunisie et \u00e0 l&#039;international sur Webdo.tn","publisher":{"@id":"https:\/\/www.webdo.tn\/fr\/#organization"},"potentialAction":[{"@type":"SearchAction","target":{"@type":"EntryPoint","urlTemplate":"https:\/\/www.webdo.tn\/fr\/?s={search_term_string}"},"query-input":{"@type":"PropertyValueSpecification","valueRequired":true,"valueName":"search_term_string"}}],"inLanguage":"fr-FR"},{"@type":"Organization","@id":"https:\/\/www.webdo.tn\/fr\/#organization","name":"Webdo","alternateName":"Webdo.tn","url":"https:\/\/www.webdo.tn\/fr\/","logo":{"@type":"ImageObject","inLanguage":"fr-FR","@id":"https:\/\/www.webdo.tn\/fr\/#\/schema\/logo\/image\/","url":"https:\/\/www.webdo.tn\/fr\/wp-content\/uploads\/2025\/06\/Webdo-Tunisie_168377.jpg","contentUrl":"https:\/\/www.webdo.tn\/fr\/wp-content\/uploads\/2025\/06\/Webdo-Tunisie_168377.jpg","width":301,"height":301,"caption":"Webdo"},"image":{"@id":"https:\/\/www.webdo.tn\/fr\/#\/schema\/logo\/image\/"},"sameAs":["https:\/\/www.facebook.com\/webdotn","https:\/\/x.com\/webdo_tn"],"description":"Webdo est un m\u00e9dia num\u00e9rique tunisien fond\u00e9 en 2010, sp\u00e9cialis\u00e9 dans l\u2019actualit\u00e9 nationale et internationale, l\u2019\u00e9conomie, la soci\u00e9t\u00e9 et les analyses politiques. Le site s\u2019adresse \u00e0 un large public francophone et couvre l\u2019information tunisienne en temps r\u00e9el.","email":"redac@webdo.tn","legalName":"YNJ SARL","foundingDate":"2010-09-06","numberOfEmployees":{"@type":"QuantitativeValue","minValue":"11","maxValue":"50"}},{"@type":"Person","@id":"https:\/\/www.webdo.tn\/fr\/#\/schema\/person\/9a9c6118d687c117df8ef3cc36a4d175","name":"webdo.tn","image":{"@type":"ImageObject","inLanguage":"fr-FR","@id":"https:\/\/secure.gravatar.com\/avatar\/7ce1f28c0c3bbac99ff550b85ef8e44a6950c6ee24514fb6a5489e51d06f0298?s=96&d=mm&r=g","url":"https:\/\/secure.gravatar.com\/avatar\/7ce1f28c0c3bbac99ff550b85ef8e44a6950c6ee24514fb6a5489e51d06f0298?s=96&d=mm&r=g","contentUrl":"https:\/\/secure.gravatar.com\/avatar\/7ce1f28c0c3bbac99ff550b85ef8e44a6950c6ee24514fb6a5489e51d06f0298?s=96&d=mm&r=g","caption":"webdo.tn"},"url":"https:\/\/www.webdo.tn\/fr\/actualite\/author\/webdotn\/"}]}},"_links":{"self":[{"href":"https:\/\/www.webdo.tn\/fr\/wp-json\/wp\/v2\/posts\/172250","targetHints":{"allow":["GET"]}}],"collection":[{"href":"https:\/\/www.webdo.tn\/fr\/wp-json\/wp\/v2\/posts"}],"about":[{"href":"https:\/\/www.webdo.tn\/fr\/wp-json\/wp\/v2\/types\/post"}],"author":[{"embeddable":true,"href":"https:\/\/www.webdo.tn\/fr\/wp-json\/wp\/v2\/users\/3222"}],"replies":[{"embeddable":true,"href":"https:\/\/www.webdo.tn\/fr\/wp-json\/wp\/v2\/comments?post=172250"}],"version-history":[{"count":0,"href":"https:\/\/www.webdo.tn\/fr\/wp-json\/wp\/v2\/posts\/172250\/revisions"}],"wp:featuredmedia":[{"embeddable":true,"href":"https:\/\/www.webdo.tn\/fr\/wp-json\/wp\/v2\/media\/334031"}],"wp:attachment":[{"href":"https:\/\/www.webdo.tn\/fr\/wp-json\/wp\/v2\/media?parent=172250"}],"wp:term":[{"taxonomy":"category","embeddable":true,"href":"https:\/\/www.webdo.tn\/fr\/wp-json\/wp\/v2\/categories?post=172250"},{"taxonomy":"post_tag","embeddable":true,"href":"https:\/\/www.webdo.tn\/fr\/wp-json\/wp\/v2\/tags?post=172250"}],"curies":[{"name":"wp","href":"https:\/\/api.w.org\/{rel}","templated":true}]}}