{"id":172249,"date":"2012-02-01T15:52:00","date_gmt":"2012-02-01T15:52:00","guid":{"rendered":"https:\/\/www.webdo.tn\/fr\/blog\/le-urbi-et-orfi-de-sihem-badi\/172249\/"},"modified":"2025-06-04T19:01:22","modified_gmt":"2025-06-04T19:01:22","slug":"le-urbi-et-orfi-de-sihem-badi","status":"publish","type":"post","link":"https:\/\/www.webdo.tn\/fr\/actualite\/national\/le-urbi-et-orfi-de-sihem-badi\/172249\/","title":{"rendered":"Le \u00ab\u00a0Urbi et Orfi\u00a0\u00bb de Sihem Badi"},"content":{"rendered":"<p>Suscit\u00e9e par un article de presse paru ce matin dans le journal \u00ab\u00a0Achourouk\u00a0\u00bb et dans lequel Mme Sihem Badi, ministre de la Femme dit que le mariage coutumier est une \u00ab\u00a0libert\u00e9 personnelle\u00a0\u00bb, une vive pol\u00e9mique s&rsquo;est install\u00e9e sur les r\u00e9seaux sociaux.<\/p>\n<p>Pour certains, rien de plus normal que le mariage coutumier, dit commun\u00e9ment \u00ab\u00a0Orfi\u00a0\u00bb en dialecte tunisien, et qui n&rsquo;est autre qu&rsquo;un choix personnel. Cette forme de mariage existe depuis longtemps dans la soci\u00e9t\u00e9 tunisienne qui n\u2019y voient que la l\u00e9galisation par le biais de la religion du concubinage.<\/p>\n<p>Sur ce point en particulier, ceux qui applaudissent la d\u00e9claration de madame la ministre, s\u2019indignent du fait que les \u00ab\u00a0progressistes\u00a0\u00bb acceptent plus facilement l&rsquo;id\u00e9e du concubinage que celle du mariage coutumier, et taxent ces derniers de conservatisme mal plac\u00e9.<\/p>\n<p>Pour les autres qui crient au scandale, cette d\u00e9claration n&rsquo;est qu&rsquo;une fa\u00e7on d\u2019institutionnaliser l&rsquo;adult\u00e8re et de l\u00e9galiser les rapports sexuels hors mariage. Ils y voient une atteinte au droit et au code du statut personnel cher aux Tunisiennes !!!<\/p>\n<p>Et \u00e0 d&rsquo;autres encore de se demander pourquoi n&rsquo;autorise-t-on donc pas le concubinage et les unions libres dans ce cas (passible de trois mois de prison, actuellement) ? Pourquoi tol\u00e8re-t-on ce qui revient \u00e0 la m\u00eame chose seulement sous une couverture religieuse ?<\/p>\n<p>\u00c0 regarder de pr\u00e8s cet article, la ministre n&rsquo;a fait qu&rsquo;\u00e9mettre un avis personnel, et a bien annonc\u00e9 que le minist\u00e8re de la Femme ne doit en aucun cas intervenir dans ce sujet.<\/p>\n<p>Mais pourquoi une telle pol\u00e9mique et pourquoi maintenant, alors que tous les regards sont riv\u00e9s vers cette constitution tant attendue ? Y a-t-il une volont\u00e9 de faire fl\u00e9chir les d\u00e9fenseurs les plus f\u00e9roces du code de statut personnel et des droits de la femme ? Une pol\u00e9mique pareille \u00e9tait impensable il y a quelques mois, certains y voient m\u00eame une r\u00e9gression. Tente-t-on par le biais de \u00ab\u00a0petits sujets qui f\u00e2chent\u00a0\u00bb de donner une certaine couleur \u00e0 la constitution ?<\/p>\n<p>D&rsquo;autres se demandent si les propos de Mme la ministre sont vraiment responsables !!! Si notre soci\u00e9t\u00e9 commence \u00e0 tol\u00e9rer de telles pratiques, finira-t-elle par en accepter d&rsquo;autres encore plus graves comme \u00ab\u00a0le mariage de jouissance ou temporaire\u00a0\u00bb, \u00ab\u00a0le mariage des mineurs\u00a0\u00bb, le droit de cuissage (pratiques dont l&rsquo;Islam est totalement innocent et qui ne r\u00e9sultent que d&rsquo;une lecture sectaire et trop fausse des textes)&#8230;<\/p>\n<p>O\u00f9 est le droit dans tout cela quand on sait que la femme qui s&rsquo;unit en dehors d&rsquo;un mariage civil n&rsquo;en a aucun, que les enfants qui en na\u00eetront ne seront pas reconnus ?<\/p>\n<p>Madame la ministre, vous \u00eates en droit de donner votre b\u00e9n\u00e9diction au mariage coutumier. Si cela \u00e9mane d&rsquo;une conviction personnelle, nous l&rsquo;accepterons peut-\u00eatre, mais si vous le faites sous la pression de groupuscules minoritaires dans la soci\u00e9t\u00e9, si vous le faites, au nom de la libert\u00e9 certes, mais aux d\u00e9pens du droit, c&rsquo;est l\u00e0 o\u00f9 nous nous opposerons de toutes nos forces !!!<\/p>\n","protected":false},"excerpt":{"rendered":"<p>Le  Urbi et Orfi  de Sihem Badi <\/p>\n","protected":false},"author":3222,"featured_media":374664,"comment_status":"open","ping_status":"closed","sticky":false,"template":"","format":"standard","meta":{"footnotes":""},"categories":[44],"tags":[],"class_list":["post-172249","post","type-post","status-publish","format-standard","has-post-thumbnail","hentry","category-national"],"yoast_head":"<!-- This site is optimized with the Yoast SEO Premium plugin v27.5 (Yoast SEO v27.5) - https:\/\/yoast.com\/product\/yoast-seo-premium-wordpress\/ -->\n<title>Le Urbi et Orfi de Sihem Badi<\/title>\n<meta name=\"description\" content=\"Le Urbi et Orfi de Sihem Badi\" \/>\n<link rel=\"canonical\" href=\"https:\/\/www.webdo.tn\/fr\/actualite\/national\/le-urbi-et-orfi-de-sihem-badi\/172249\/\" \/>\n<meta property=\"og:locale\" content=\"fr_FR\" \/>\n<meta property=\"og:type\" content=\"article\" \/>\n<meta property=\"og:title\" content=\"Le &quot;Urbi et Orfi&quot; de Sihem Badi\" \/>\n<meta property=\"og:description\" content=\"Le Urbi et Orfi de Sihem Badi\" \/>\n<meta property=\"og:url\" content=\"https:\/\/www.webdo.tn\/fr\/actualite\/national\/le-urbi-et-orfi-de-sihem-badi\/172249\/\" \/>\n<meta property=\"og:site_name\" content=\"webdo\" \/>\n<meta property=\"article:publisher\" content=\"https:\/\/www.facebook.com\/webdotn\" \/>\n<meta property=\"article:published_time\" content=\"2012-02-01T15:52:00+00:00\" \/>\n<meta property=\"article:modified_time\" content=\"2025-06-04T19:01:22+00:00\" \/>\n<meta name=\"author\" content=\"webdo.tn\" \/>\n<meta name=\"twitter:card\" content=\"summary_large_image\" \/>\n<meta name=\"twitter:creator\" content=\"@webdo_tn\" \/>\n<meta name=\"twitter:site\" content=\"@webdo_tn\" \/>\n<meta name=\"twitter:label1\" content=\"\u00c9crit par\" \/>\n\t<meta name=\"twitter:data1\" content=\"webdo.tn\" \/>\n\t<meta name=\"twitter:label2\" content=\"Dur\u00e9e de lecture estim\u00e9e\" \/>\n\t<meta name=\"twitter:data2\" content=\"3 minutes\" \/>\n<script type=\"application\/ld+json\" class=\"yoast-schema-graph\">{\"@context\":\"https:\\\/\\\/schema.org\",\"@graph\":[{\"@type\":\"NewsArticle\",\"@id\":\"https:\\\/\\\/www.webdo.tn\\\/fr\\\/actualite\\\/national\\\/le-urbi-et-orfi-de-sihem-badi\\\/172249\\\/#article\",\"isPartOf\":{\"@id\":\"https:\\\/\\\/www.webdo.tn\\\/fr\\\/actualite\\\/national\\\/le-urbi-et-orfi-de-sihem-badi\\\/172249\\\/\"},\"author\":{\"name\":\"webdo.tn\",\"@id\":\"https:\\\/\\\/www.webdo.tn\\\/fr\\\/#\\\/schema\\\/person\\\/9a9c6118d687c117df8ef3cc36a4d175\"},\"headline\":\"Le \u00ab\u00a0Urbi et Orfi\u00a0\u00bb de Sihem Badi\",\"datePublished\":\"2012-02-01T15:52:00+00:00\",\"dateModified\":\"2025-06-04T19:01:22+00:00\",\"mainEntityOfPage\":{\"@id\":\"https:\\\/\\\/www.webdo.tn\\\/fr\\\/actualite\\\/national\\\/le-urbi-et-orfi-de-sihem-badi\\\/172249\\\/\"},\"wordCount\":536,\"commentCount\":0,\"publisher\":{\"@id\":\"https:\\\/\\\/www.webdo.tn\\\/fr\\\/#organization\"},\"image\":{\"@id\":\"https:\\\/\\\/www.webdo.tn\\\/fr\\\/actualite\\\/national\\\/le-urbi-et-orfi-de-sihem-badi\\\/172249\\\/#primaryimage\"},\"thumbnailUrl\":\"https:\\\/\\\/www.webdo.tn\\\/fr\\\/wp-content\\\/uploads\\\/2025\\\/06\\\/Sihem-Badi-ministre-de-la-Femme-dit-que-le-mariage-coutumier-est-une-liberte-personnelle-journal-Achourouk-_172249-rotated.jpg\",\"articleSection\":[\"National\"],\"inLanguage\":\"fr-FR\"},{\"@type\":\"WebPage\",\"@id\":\"https:\\\/\\\/www.webdo.tn\\\/fr\\\/actualite\\\/national\\\/le-urbi-et-orfi-de-sihem-badi\\\/172249\\\/\",\"url\":\"https:\\\/\\\/www.webdo.tn\\\/fr\\\/actualite\\\/national\\\/le-urbi-et-orfi-de-sihem-badi\\\/172249\\\/\",\"name\":\"Le Urbi et Orfi de Sihem Badi\",\"isPartOf\":{\"@id\":\"https:\\\/\\\/www.webdo.tn\\\/fr\\\/#website\"},\"primaryImageOfPage\":{\"@id\":\"https:\\\/\\\/www.webdo.tn\\\/fr\\\/actualite\\\/national\\\/le-urbi-et-orfi-de-sihem-badi\\\/172249\\\/#primaryimage\"},\"image\":{\"@id\":\"https:\\\/\\\/www.webdo.tn\\\/fr\\\/actualite\\\/national\\\/le-urbi-et-orfi-de-sihem-badi\\\/172249\\\/#primaryimage\"},\"thumbnailUrl\":\"https:\\\/\\\/www.webdo.tn\\\/fr\\\/wp-content\\\/uploads\\\/2025\\\/06\\\/Sihem-Badi-ministre-de-la-Femme-dit-que-le-mariage-coutumier-est-une-liberte-personnelle-journal-Achourouk-_172249-rotated.jpg\",\"datePublished\":\"2012-02-01T15:52:00+00:00\",\"dateModified\":\"2025-06-04T19:01:22+00:00\",\"description\":\"Le Urbi et Orfi de Sihem Badi\",\"breadcrumb\":{\"@id\":\"https:\\\/\\\/www.webdo.tn\\\/fr\\\/actualite\\\/national\\\/le-urbi-et-orfi-de-sihem-badi\\\/172249\\\/#breadcrumb\"},\"inLanguage\":\"fr-FR\",\"potentialAction\":[{\"@type\":\"ReadAction\",\"target\":[\"https:\\\/\\\/www.webdo.tn\\\/fr\\\/actualite\\\/national\\\/le-urbi-et-orfi-de-sihem-badi\\\/172249\\\/\"]}]},{\"@type\":\"ImageObject\",\"inLanguage\":\"fr-FR\",\"@id\":\"https:\\\/\\\/www.webdo.tn\\\/fr\\\/actualite\\\/national\\\/le-urbi-et-orfi-de-sihem-badi\\\/172249\\\/#primaryimage\",\"url\":\"https:\\\/\\\/www.webdo.tn\\\/fr\\\/wp-content\\\/uploads\\\/2025\\\/06\\\/Sihem-Badi-ministre-de-la-Femme-dit-que-le-mariage-coutumier-est-une-liberte-personnelle-journal-Achourouk-_172249-rotated.jpg\",\"contentUrl\":\"https:\\\/\\\/www.webdo.tn\\\/fr\\\/wp-content\\\/uploads\\\/2025\\\/06\\\/Sihem-Badi-ministre-de-la-Femme-dit-que-le-mariage-coutumier-est-une-liberte-personnelle-journal-Achourouk-_172249-rotated.jpg\",\"width\":435,\"height\":333,\"caption\":\"Le \\\"Urbi et Orfi\\\" de Sihem Badi\"},{\"@type\":\"BreadcrumbList\",\"@id\":\"https:\\\/\\\/www.webdo.tn\\\/fr\\\/actualite\\\/national\\\/le-urbi-et-orfi-de-sihem-badi\\\/172249\\\/#breadcrumb\",\"itemListElement\":[{\"@type\":\"ListItem\",\"position\":1,\"name\":\"Accueil\",\"item\":\"https:\\\/\\\/www.webdo.tn\\\/fr\\\/\"},{\"@type\":\"ListItem\",\"position\":2,\"name\":\"Le \u00ab\u00a0Urbi et Orfi\u00a0\u00bb de Sihem Badi\"}]},{\"@type\":\"WebSite\",\"@id\":\"https:\\\/\\\/www.webdo.tn\\\/fr\\\/#website\",\"url\":\"https:\\\/\\\/www.webdo.tn\\\/fr\\\/\",\"name\":\"webdo\",\"description\":\"Tunisie - News en Tunisie et \u00e0 l&#039;international sur Webdo.tn\",\"publisher\":{\"@id\":\"https:\\\/\\\/www.webdo.tn\\\/fr\\\/#organization\"},\"potentialAction\":[{\"@type\":\"SearchAction\",\"target\":{\"@type\":\"EntryPoint\",\"urlTemplate\":\"https:\\\/\\\/www.webdo.tn\\\/fr\\\/?s={search_term_string}\"},\"query-input\":{\"@type\":\"PropertyValueSpecification\",\"valueRequired\":true,\"valueName\":\"search_term_string\"}}],\"inLanguage\":\"fr-FR\"},{\"@type\":\"Organization\",\"@id\":\"https:\\\/\\\/www.webdo.tn\\\/fr\\\/#organization\",\"name\":\"Webdo\",\"alternateName\":\"Webdo.tn\",\"url\":\"https:\\\/\\\/www.webdo.tn\\\/fr\\\/\",\"logo\":{\"@type\":\"ImageObject\",\"inLanguage\":\"fr-FR\",\"@id\":\"https:\\\/\\\/www.webdo.tn\\\/fr\\\/#\\\/schema\\\/logo\\\/image\\\/\",\"url\":\"https:\\\/\\\/www.webdo.tn\\\/fr\\\/wp-content\\\/uploads\\\/2025\\\/06\\\/Webdo-Tunisie_168377.jpg\",\"contentUrl\":\"https:\\\/\\\/www.webdo.tn\\\/fr\\\/wp-content\\\/uploads\\\/2025\\\/06\\\/Webdo-Tunisie_168377.jpg\",\"width\":301,\"height\":301,\"caption\":\"Webdo\"},\"image\":{\"@id\":\"https:\\\/\\\/www.webdo.tn\\\/fr\\\/#\\\/schema\\\/logo\\\/image\\\/\"},\"sameAs\":[\"https:\\\/\\\/www.facebook.com\\\/webdotn\",\"https:\\\/\\\/x.com\\\/webdo_tn\"],\"description\":\"Webdo est un m\u00e9dia num\u00e9rique tunisien fond\u00e9 en 2010, sp\u00e9cialis\u00e9 dans l\u2019actualit\u00e9 nationale et internationale, l\u2019\u00e9conomie, la soci\u00e9t\u00e9 et les analyses politiques. Le site s\u2019adresse \u00e0 un large public francophone et couvre l\u2019information tunisienne en temps r\u00e9el.\",\"email\":\"redac@webdo.tn\",\"legalName\":\"YNJ SARL\",\"foundingDate\":\"2010-09-06\",\"numberOfEmployees\":{\"@type\":\"QuantitativeValue\",\"minValue\":\"11\",\"maxValue\":\"50\"}},{\"@type\":\"Person\",\"@id\":\"https:\\\/\\\/www.webdo.tn\\\/fr\\\/#\\\/schema\\\/person\\\/9a9c6118d687c117df8ef3cc36a4d175\",\"name\":\"webdo.tn\",\"image\":{\"@type\":\"ImageObject\",\"inLanguage\":\"fr-FR\",\"@id\":\"https:\\\/\\\/secure.gravatar.com\\\/avatar\\\/7ce1f28c0c3bbac99ff550b85ef8e44a6950c6ee24514fb6a5489e51d06f0298?s=96&d=mm&r=g\",\"url\":\"https:\\\/\\\/secure.gravatar.com\\\/avatar\\\/7ce1f28c0c3bbac99ff550b85ef8e44a6950c6ee24514fb6a5489e51d06f0298?s=96&d=mm&r=g\",\"contentUrl\":\"https:\\\/\\\/secure.gravatar.com\\\/avatar\\\/7ce1f28c0c3bbac99ff550b85ef8e44a6950c6ee24514fb6a5489e51d06f0298?s=96&d=mm&r=g\",\"caption\":\"webdo.tn\"},\"url\":\"https:\\\/\\\/www.webdo.tn\\\/fr\\\/actualite\\\/author\\\/webdotn\\\/\"}]}<\/script>\n<!-- \/ Yoast SEO Premium plugin. -->","yoast_head_json":{"title":"Le Urbi et Orfi de Sihem Badi","description":"Le Urbi et Orfi de Sihem Badi","canonical":"https:\/\/www.webdo.tn\/fr\/actualite\/national\/le-urbi-et-orfi-de-sihem-badi\/172249\/","og_locale":"fr_FR","og_type":"article","og_title":"Le \"Urbi et Orfi\" de Sihem Badi","og_description":"Le Urbi et Orfi de Sihem Badi","og_url":"https:\/\/www.webdo.tn\/fr\/actualite\/national\/le-urbi-et-orfi-de-sihem-badi\/172249\/","og_site_name":"webdo","article_publisher":"https:\/\/www.facebook.com\/webdotn","article_published_time":"2012-02-01T15:52:00+00:00","article_modified_time":"2025-06-04T19:01:22+00:00","author":"webdo.tn","twitter_card":"summary_large_image","twitter_creator":"@webdo_tn","twitter_site":"@webdo_tn","twitter_misc":{"\u00c9crit par":"webdo.tn","Dur\u00e9e de lecture estim\u00e9e":"3 minutes"},"schema":{"@context":"https:\/\/schema.org","@graph":[{"@type":"NewsArticle","@id":"https:\/\/www.webdo.tn\/fr\/actualite\/national\/le-urbi-et-orfi-de-sihem-badi\/172249\/#article","isPartOf":{"@id":"https:\/\/www.webdo.tn\/fr\/actualite\/national\/le-urbi-et-orfi-de-sihem-badi\/172249\/"},"author":{"name":"webdo.tn","@id":"https:\/\/www.webdo.tn\/fr\/#\/schema\/person\/9a9c6118d687c117df8ef3cc36a4d175"},"headline":"Le \u00ab\u00a0Urbi et Orfi\u00a0\u00bb de Sihem Badi","datePublished":"2012-02-01T15:52:00+00:00","dateModified":"2025-06-04T19:01:22+00:00","mainEntityOfPage":{"@id":"https:\/\/www.webdo.tn\/fr\/actualite\/national\/le-urbi-et-orfi-de-sihem-badi\/172249\/"},"wordCount":536,"commentCount":0,"publisher":{"@id":"https:\/\/www.webdo.tn\/fr\/#organization"},"image":{"@id":"https:\/\/www.webdo.tn\/fr\/actualite\/national\/le-urbi-et-orfi-de-sihem-badi\/172249\/#primaryimage"},"thumbnailUrl":"https:\/\/www.webdo.tn\/fr\/wp-content\/uploads\/2025\/06\/Sihem-Badi-ministre-de-la-Femme-dit-que-le-mariage-coutumier-est-une-liberte-personnelle-journal-Achourouk-_172249-rotated.jpg","articleSection":["National"],"inLanguage":"fr-FR"},{"@type":"WebPage","@id":"https:\/\/www.webdo.tn\/fr\/actualite\/national\/le-urbi-et-orfi-de-sihem-badi\/172249\/","url":"https:\/\/www.webdo.tn\/fr\/actualite\/national\/le-urbi-et-orfi-de-sihem-badi\/172249\/","name":"Le Urbi et Orfi de Sihem Badi","isPartOf":{"@id":"https:\/\/www.webdo.tn\/fr\/#website"},"primaryImageOfPage":{"@id":"https:\/\/www.webdo.tn\/fr\/actualite\/national\/le-urbi-et-orfi-de-sihem-badi\/172249\/#primaryimage"},"image":{"@id":"https:\/\/www.webdo.tn\/fr\/actualite\/national\/le-urbi-et-orfi-de-sihem-badi\/172249\/#primaryimage"},"thumbnailUrl":"https:\/\/www.webdo.tn\/fr\/wp-content\/uploads\/2025\/06\/Sihem-Badi-ministre-de-la-Femme-dit-que-le-mariage-coutumier-est-une-liberte-personnelle-journal-Achourouk-_172249-rotated.jpg","datePublished":"2012-02-01T15:52:00+00:00","dateModified":"2025-06-04T19:01:22+00:00","description":"Le Urbi et Orfi de Sihem Badi","breadcrumb":{"@id":"https:\/\/www.webdo.tn\/fr\/actualite\/national\/le-urbi-et-orfi-de-sihem-badi\/172249\/#breadcrumb"},"inLanguage":"fr-FR","potentialAction":[{"@type":"ReadAction","target":["https:\/\/www.webdo.tn\/fr\/actualite\/national\/le-urbi-et-orfi-de-sihem-badi\/172249\/"]}]},{"@type":"ImageObject","inLanguage":"fr-FR","@id":"https:\/\/www.webdo.tn\/fr\/actualite\/national\/le-urbi-et-orfi-de-sihem-badi\/172249\/#primaryimage","url":"https:\/\/www.webdo.tn\/fr\/wp-content\/uploads\/2025\/06\/Sihem-Badi-ministre-de-la-Femme-dit-que-le-mariage-coutumier-est-une-liberte-personnelle-journal-Achourouk-_172249-rotated.jpg","contentUrl":"https:\/\/www.webdo.tn\/fr\/wp-content\/uploads\/2025\/06\/Sihem-Badi-ministre-de-la-Femme-dit-que-le-mariage-coutumier-est-une-liberte-personnelle-journal-Achourouk-_172249-rotated.jpg","width":435,"height":333,"caption":"Le \"Urbi et Orfi\" de Sihem Badi"},{"@type":"BreadcrumbList","@id":"https:\/\/www.webdo.tn\/fr\/actualite\/national\/le-urbi-et-orfi-de-sihem-badi\/172249\/#breadcrumb","itemListElement":[{"@type":"ListItem","position":1,"name":"Accueil","item":"https:\/\/www.webdo.tn\/fr\/"},{"@type":"ListItem","position":2,"name":"Le \u00ab\u00a0Urbi et Orfi\u00a0\u00bb de Sihem Badi"}]},{"@type":"WebSite","@id":"https:\/\/www.webdo.tn\/fr\/#website","url":"https:\/\/www.webdo.tn\/fr\/","name":"webdo","description":"Tunisie - News en Tunisie et \u00e0 l&#039;international sur Webdo.tn","publisher":{"@id":"https:\/\/www.webdo.tn\/fr\/#organization"},"potentialAction":[{"@type":"SearchAction","target":{"@type":"EntryPoint","urlTemplate":"https:\/\/www.webdo.tn\/fr\/?s={search_term_string}"},"query-input":{"@type":"PropertyValueSpecification","valueRequired":true,"valueName":"search_term_string"}}],"inLanguage":"fr-FR"},{"@type":"Organization","@id":"https:\/\/www.webdo.tn\/fr\/#organization","name":"Webdo","alternateName":"Webdo.tn","url":"https:\/\/www.webdo.tn\/fr\/","logo":{"@type":"ImageObject","inLanguage":"fr-FR","@id":"https:\/\/www.webdo.tn\/fr\/#\/schema\/logo\/image\/","url":"https:\/\/www.webdo.tn\/fr\/wp-content\/uploads\/2025\/06\/Webdo-Tunisie_168377.jpg","contentUrl":"https:\/\/www.webdo.tn\/fr\/wp-content\/uploads\/2025\/06\/Webdo-Tunisie_168377.jpg","width":301,"height":301,"caption":"Webdo"},"image":{"@id":"https:\/\/www.webdo.tn\/fr\/#\/schema\/logo\/image\/"},"sameAs":["https:\/\/www.facebook.com\/webdotn","https:\/\/x.com\/webdo_tn"],"description":"Webdo est un m\u00e9dia num\u00e9rique tunisien fond\u00e9 en 2010, sp\u00e9cialis\u00e9 dans l\u2019actualit\u00e9 nationale et internationale, l\u2019\u00e9conomie, la soci\u00e9t\u00e9 et les analyses politiques. Le site s\u2019adresse \u00e0 un large public francophone et couvre l\u2019information tunisienne en temps r\u00e9el.","email":"redac@webdo.tn","legalName":"YNJ SARL","foundingDate":"2010-09-06","numberOfEmployees":{"@type":"QuantitativeValue","minValue":"11","maxValue":"50"}},{"@type":"Person","@id":"https:\/\/www.webdo.tn\/fr\/#\/schema\/person\/9a9c6118d687c117df8ef3cc36a4d175","name":"webdo.tn","image":{"@type":"ImageObject","inLanguage":"fr-FR","@id":"https:\/\/secure.gravatar.com\/avatar\/7ce1f28c0c3bbac99ff550b85ef8e44a6950c6ee24514fb6a5489e51d06f0298?s=96&d=mm&r=g","url":"https:\/\/secure.gravatar.com\/avatar\/7ce1f28c0c3bbac99ff550b85ef8e44a6950c6ee24514fb6a5489e51d06f0298?s=96&d=mm&r=g","contentUrl":"https:\/\/secure.gravatar.com\/avatar\/7ce1f28c0c3bbac99ff550b85ef8e44a6950c6ee24514fb6a5489e51d06f0298?s=96&d=mm&r=g","caption":"webdo.tn"},"url":"https:\/\/www.webdo.tn\/fr\/actualite\/author\/webdotn\/"}]}},"_links":{"self":[{"href":"https:\/\/www.webdo.tn\/fr\/wp-json\/wp\/v2\/posts\/172249","targetHints":{"allow":["GET"]}}],"collection":[{"href":"https:\/\/www.webdo.tn\/fr\/wp-json\/wp\/v2\/posts"}],"about":[{"href":"https:\/\/www.webdo.tn\/fr\/wp-json\/wp\/v2\/types\/post"}],"author":[{"embeddable":true,"href":"https:\/\/www.webdo.tn\/fr\/wp-json\/wp\/v2\/users\/3222"}],"replies":[{"embeddable":true,"href":"https:\/\/www.webdo.tn\/fr\/wp-json\/wp\/v2\/comments?post=172249"}],"version-history":[{"count":0,"href":"https:\/\/www.webdo.tn\/fr\/wp-json\/wp\/v2\/posts\/172249\/revisions"}],"wp:featuredmedia":[{"embeddable":true,"href":"https:\/\/www.webdo.tn\/fr\/wp-json\/wp\/v2\/media\/374664"}],"wp:attachment":[{"href":"https:\/\/www.webdo.tn\/fr\/wp-json\/wp\/v2\/media?parent=172249"}],"wp:term":[{"taxonomy":"category","embeddable":true,"href":"https:\/\/www.webdo.tn\/fr\/wp-json\/wp\/v2\/categories?post=172249"},{"taxonomy":"post_tag","embeddable":true,"href":"https:\/\/www.webdo.tn\/fr\/wp-json\/wp\/v2\/tags?post=172249"}],"curies":[{"name":"wp","href":"https:\/\/api.w.org\/{rel}","templated":true}]}}