{"id":172248,"date":"2012-02-01T16:07:00","date_gmt":"2012-02-01T16:07:00","guid":{"rendered":"https:\/\/www.webdo.tn\/fr\/blog\/echange-de-coups-de-feu-entre-barbus-avec-kalachnikovs-et-agents-de-la-surete-nationale\/172248\/"},"modified":"2012-02-01T16:07:00","modified_gmt":"2012-02-01T16:07:00","slug":"echange-de-coups-de-feu-entre-barbus-avec-kalachnikovs-et-agents-de-la-surete-nationale","status":"publish","type":"post","link":"https:\/\/www.webdo.tn\/fr\/actualite\/national\/echange-de-coups-de-feu-entre-barbus-avec-kalachnikovs-et-agents-de-la-surete-nationale\/172248\/","title":{"rendered":"\u00c9change de coups de feu entre barbus, avec Kalachnikovs, et agents de la S\u00fbret\u00e9 nationale"},"content":{"rendered":"<p>Un \u00e9change de coups de feu a \u00e9clat\u00e9 ce matin entre des agents de la s\u00fbret\u00e9 nationale et trois individus, dans la localit\u00e9 de Bir Ali Ben Khlifa, nous apprend la TAP.<\/p>\n<p>Selon le secr\u00e9taire g\u00e9n\u00e9ral du syndicat de la Garde nationale \u00e0 Sfax, M. Ahmed Ettounsi, les trois individus \u00e9taient \u00e0 bord d&rsquo;une voiture de marque Renault Clio, avant de prendre la fuite \u00e0 pieds. Le v\u00e9hicule transportait des kalachnikovs et des munitions. Comme caract\u00e9ristiques physiques, M. Ettounsi a d\u00e9clar\u00e9 que les suspects \u00e9taient tous barbus.<\/p>\n<p>Les unit\u00e9s de la Garde nationale ont r\u00e9ussi \u00e0 encercler la voiture gr\u00e2ce notamment \u00e0 l&rsquo;aide de l&rsquo;arm\u00e9e et des unit\u00e9s d&rsquo;intervention, sans pour autant arr\u00eater les individus. Cependant, M. Ettounsi a insist\u00e9 sur le fait que ces \u00e9nergum\u00e8nes \u00e9taient d\u00e9sormais dans un endroit recul\u00e9 o\u00f9 ils ne pr\u00e9sentent plus aucun danger pour les habitants de Bir Ali Ben Khlifa.<\/p>\n<p>Quelques semaines apr\u00e8s le d\u00e9mant\u00e8lement d&rsquo;un large r\u00e9seau de trafic d&rsquo;armes, voil\u00e0 que de nouvelles armes sont saisies en Tunisie&#8230;<\/p>\n","protected":false},"excerpt":{"rendered":"<p>\u00c9change de coups de feu entre barbus, avec Kalachnikovs, et agents de la S\u00fbret\u00e9 nationale<\/p>\n","protected":false},"author":3222,"featured_media":333793,"comment_status":"open","ping_status":"closed","sticky":false,"template":"","format":"standard","meta":{"footnotes":""},"categories":[44],"tags":[2600],"class_list":["post-172248","post","type-post","status-publish","format-standard","has-post-thumbnail","hentry","category-national","tag-guerre"],"yoast_head":"<!-- This site is optimized with the Yoast SEO Premium plugin v27.4 (Yoast SEO v27.5) - https:\/\/yoast.com\/product\/yoast-seo-premium-wordpress\/ -->\n<title>\u00c9change de coups de feu entre barbus, avec Kalachnikovs, et agents de la S\u00fbret\u00e9 nationale<\/title>\n<meta name=\"description\" content=\"\u00c9change de coups de feu entre barbus, avec Kalachnikovs, et agents de la S\u00fbret\u00e9 nationale\" \/>\n<link rel=\"canonical\" href=\"https:\/\/www.webdo.tn\/fr\/actualite\/national-45\/echange-de-coups-de-feu-entre-barbus-avec-kalachnikovs-et-agents-de-la-surete-nationale\/172248\/\" \/>\n<meta property=\"og:locale\" content=\"fr_FR\" \/>\n<meta property=\"og:type\" content=\"article\" \/>\n<meta property=\"og:title\" content=\"\u00c9change de coups de feu entre barbus, avec Kalachnikovs, et agents de la S\u00fbret\u00e9 nationale\" \/>\n<meta property=\"og:description\" content=\"\u00c9change de coups de feu entre barbus, avec Kalachnikovs, et agents de la S\u00fbret\u00e9 nationale\" \/>\n<meta property=\"og:url\" content=\"https:\/\/www.webdo.tn\/fr\/actualite\/national-45\/echange-de-coups-de-feu-entre-barbus-avec-kalachnikovs-et-agents-de-la-surete-nationale\/172248\/\" \/>\n<meta property=\"og:site_name\" content=\"webdo\" \/>\n<meta property=\"article:publisher\" content=\"https:\/\/www.facebook.com\/webdotn\" \/>\n<meta property=\"article:published_time\" content=\"2012-02-01T16:07:00+00:00\" \/>\n<meta property=\"og:image\" content=\"https:\/\/www.webdo.tn\/fr\/wp-content\/uploads\/2012\/02\/sfax-photo-investintunisia.tn_.gif\" \/>\n\t<meta property=\"og:image:width\" content=\"300\" \/>\n\t<meta property=\"og:image:height\" content=\"245\" \/>\n\t<meta property=\"og:image:type\" content=\"image\/gif\" \/>\n<meta name=\"author\" content=\"webdo.tn\" \/>\n<meta name=\"twitter:card\" content=\"summary_large_image\" \/>\n<meta name=\"twitter:creator\" content=\"@webdo_tn\" \/>\n<meta name=\"twitter:site\" content=\"@webdo_tn\" \/>\n<meta name=\"twitter:label1\" content=\"\u00c9crit par\" \/>\n\t<meta name=\"twitter:data1\" content=\"webdo.tn\" \/>\n\t<meta name=\"twitter:label2\" content=\"Dur\u00e9e de lecture estim\u00e9e\" \/>\n\t<meta name=\"twitter:data2\" content=\"1 minute\" \/>\n<script type=\"application\/ld+json\" class=\"yoast-schema-graph\">{\"@context\":\"https:\\\/\\\/schema.org\",\"@graph\":[{\"@type\":\"NewsArticle\",\"@id\":\"https:\\\/\\\/www.webdo.tn\\\/fr\\\/actualite\\\/national-45\\\/echange-de-coups-de-feu-entre-barbus-avec-kalachnikovs-et-agents-de-la-surete-nationale\\\/172248\\\/#article\",\"isPartOf\":{\"@id\":\"https:\\\/\\\/www.webdo.tn\\\/fr\\\/actualite\\\/national-45\\\/echange-de-coups-de-feu-entre-barbus-avec-kalachnikovs-et-agents-de-la-surete-nationale\\\/172248\\\/\"},\"author\":{\"name\":\"webdo.tn\",\"@id\":\"https:\\\/\\\/www.webdo.tn\\\/fr\\\/#\\\/schema\\\/person\\\/9a9c6118d687c117df8ef3cc36a4d175\"},\"headline\":\"\u00c9change de coups de feu entre barbus, avec Kalachnikovs, et agents de la S\u00fbret\u00e9 nationale\",\"datePublished\":\"2012-02-01T16:07:00+00:00\",\"mainEntityOfPage\":{\"@id\":\"https:\\\/\\\/www.webdo.tn\\\/fr\\\/actualite\\\/national-45\\\/echange-de-coups-de-feu-entre-barbus-avec-kalachnikovs-et-agents-de-la-surete-nationale\\\/172248\\\/\"},\"wordCount\":204,\"commentCount\":0,\"publisher\":{\"@id\":\"https:\\\/\\\/www.webdo.tn\\\/fr\\\/#organization\"},\"image\":{\"@id\":\"https:\\\/\\\/www.webdo.tn\\\/fr\\\/actualite\\\/national-45\\\/echange-de-coups-de-feu-entre-barbus-avec-kalachnikovs-et-agents-de-la-surete-nationale\\\/172248\\\/#primaryimage\"},\"thumbnailUrl\":\"https:\\\/\\\/www.webdo.tn\\\/fr\\\/wp-content\\\/uploads\\\/2012\\\/02\\\/sfax-photo-investintunisia.tn_.gif\",\"keywords\":[\"guerre\"],\"articleSection\":[\"National\"],\"inLanguage\":\"fr-FR\"},{\"@type\":\"WebPage\",\"@id\":\"https:\\\/\\\/www.webdo.tn\\\/fr\\\/actualite\\\/national-45\\\/echange-de-coups-de-feu-entre-barbus-avec-kalachnikovs-et-agents-de-la-surete-nationale\\\/172248\\\/\",\"url\":\"https:\\\/\\\/www.webdo.tn\\\/fr\\\/actualite\\\/national-45\\\/echange-de-coups-de-feu-entre-barbus-avec-kalachnikovs-et-agents-de-la-surete-nationale\\\/172248\\\/\",\"name\":\"\u00c9change de coups de feu entre barbus, avec Kalachnikovs, et agents de la S\u00fbret\u00e9 nationale\",\"isPartOf\":{\"@id\":\"https:\\\/\\\/www.webdo.tn\\\/fr\\\/#website\"},\"primaryImageOfPage\":{\"@id\":\"https:\\\/\\\/www.webdo.tn\\\/fr\\\/actualite\\\/national-45\\\/echange-de-coups-de-feu-entre-barbus-avec-kalachnikovs-et-agents-de-la-surete-nationale\\\/172248\\\/#primaryimage\"},\"image\":{\"@id\":\"https:\\\/\\\/www.webdo.tn\\\/fr\\\/actualite\\\/national-45\\\/echange-de-coups-de-feu-entre-barbus-avec-kalachnikovs-et-agents-de-la-surete-nationale\\\/172248\\\/#primaryimage\"},\"thumbnailUrl\":\"https:\\\/\\\/www.webdo.tn\\\/fr\\\/wp-content\\\/uploads\\\/2012\\\/02\\\/sfax-photo-investintunisia.tn_.gif\",\"datePublished\":\"2012-02-01T16:07:00+00:00\",\"description\":\"\u00c9change de coups de feu entre barbus, avec Kalachnikovs, et agents de la S\u00fbret\u00e9 nationale\",\"breadcrumb\":{\"@id\":\"https:\\\/\\\/www.webdo.tn\\\/fr\\\/actualite\\\/national-45\\\/echange-de-coups-de-feu-entre-barbus-avec-kalachnikovs-et-agents-de-la-surete-nationale\\\/172248\\\/#breadcrumb\"},\"inLanguage\":\"fr-FR\",\"potentialAction\":[{\"@type\":\"ReadAction\",\"target\":[\"https:\\\/\\\/www.webdo.tn\\\/fr\\\/actualite\\\/national-45\\\/echange-de-coups-de-feu-entre-barbus-avec-kalachnikovs-et-agents-de-la-surete-nationale\\\/172248\\\/\"]}]},{\"@type\":\"ImageObject\",\"inLanguage\":\"fr-FR\",\"@id\":\"https:\\\/\\\/www.webdo.tn\\\/fr\\\/actualite\\\/national-45\\\/echange-de-coups-de-feu-entre-barbus-avec-kalachnikovs-et-agents-de-la-surete-nationale\\\/172248\\\/#primaryimage\",\"url\":\"https:\\\/\\\/www.webdo.tn\\\/fr\\\/wp-content\\\/uploads\\\/2012\\\/02\\\/sfax-photo-investintunisia.tn_.gif\",\"contentUrl\":\"https:\\\/\\\/www.webdo.tn\\\/fr\\\/wp-content\\\/uploads\\\/2012\\\/02\\\/sfax-photo-investintunisia.tn_.gif\",\"width\":300,\"height\":245,\"caption\":\"\u00c9change de coups de feu entre barbus, avec Kalachnikovs, et agents de la S\u00fbret\u00e9 nationale\"},{\"@type\":\"BreadcrumbList\",\"@id\":\"https:\\\/\\\/www.webdo.tn\\\/fr\\\/actualite\\\/national-45\\\/echange-de-coups-de-feu-entre-barbus-avec-kalachnikovs-et-agents-de-la-surete-nationale\\\/172248\\\/#breadcrumb\",\"itemListElement\":[{\"@type\":\"ListItem\",\"position\":1,\"name\":\"Accueil\",\"item\":\"https:\\\/\\\/www.webdo.tn\\\/fr\\\/\"},{\"@type\":\"ListItem\",\"position\":2,\"name\":\"\u00c9change de coups de feu entre barbus, avec Kalachnikovs, et agents de la S\u00fbret\u00e9 nationale\"}]},{\"@type\":\"WebSite\",\"@id\":\"https:\\\/\\\/www.webdo.tn\\\/fr\\\/#website\",\"url\":\"https:\\\/\\\/www.webdo.tn\\\/fr\\\/\",\"name\":\"webdo\",\"description\":\"Tunisie - News en Tunisie et \u00e0 l&#039;international sur Webdo.tn\",\"publisher\":{\"@id\":\"https:\\\/\\\/www.webdo.tn\\\/fr\\\/#organization\"},\"potentialAction\":[{\"@type\":\"SearchAction\",\"target\":{\"@type\":\"EntryPoint\",\"urlTemplate\":\"https:\\\/\\\/www.webdo.tn\\\/fr\\\/?s={search_term_string}\"},\"query-input\":{\"@type\":\"PropertyValueSpecification\",\"valueRequired\":true,\"valueName\":\"search_term_string\"}}],\"inLanguage\":\"fr-FR\"},{\"@type\":\"Organization\",\"@id\":\"https:\\\/\\\/www.webdo.tn\\\/fr\\\/#organization\",\"name\":\"Webdo\",\"alternateName\":\"Webdo.tn\",\"url\":\"https:\\\/\\\/www.webdo.tn\\\/fr\\\/\",\"logo\":{\"@type\":\"ImageObject\",\"inLanguage\":\"fr-FR\",\"@id\":\"https:\\\/\\\/www.webdo.tn\\\/fr\\\/#\\\/schema\\\/logo\\\/image\\\/\",\"url\":\"https:\\\/\\\/www.webdo.tn\\\/fr\\\/wp-content\\\/uploads\\\/2025\\\/06\\\/Webdo-Tunisie_168377.jpg\",\"contentUrl\":\"https:\\\/\\\/www.webdo.tn\\\/fr\\\/wp-content\\\/uploads\\\/2025\\\/06\\\/Webdo-Tunisie_168377.jpg\",\"width\":301,\"height\":301,\"caption\":\"Webdo\"},\"image\":{\"@id\":\"https:\\\/\\\/www.webdo.tn\\\/fr\\\/#\\\/schema\\\/logo\\\/image\\\/\"},\"sameAs\":[\"https:\\\/\\\/www.facebook.com\\\/webdotn\",\"https:\\\/\\\/x.com\\\/webdo_tn\"],\"description\":\"Webdo est un m\u00e9dia num\u00e9rique tunisien fond\u00e9 en 2010, sp\u00e9cialis\u00e9 dans l\u2019actualit\u00e9 nationale et internationale, l\u2019\u00e9conomie, la soci\u00e9t\u00e9 et les analyses politiques. Le site s\u2019adresse \u00e0 un large public francophone et couvre l\u2019information tunisienne en temps r\u00e9el.\",\"email\":\"redac@webdo.tn\",\"legalName\":\"YNJ SARL\",\"foundingDate\":\"2010-09-06\",\"numberOfEmployees\":{\"@type\":\"QuantitativeValue\",\"minValue\":\"11\",\"maxValue\":\"50\"}},{\"@type\":\"Person\",\"@id\":\"https:\\\/\\\/www.webdo.tn\\\/fr\\\/#\\\/schema\\\/person\\\/9a9c6118d687c117df8ef3cc36a4d175\",\"name\":\"webdo.tn\",\"image\":{\"@type\":\"ImageObject\",\"inLanguage\":\"fr-FR\",\"@id\":\"https:\\\/\\\/secure.gravatar.com\\\/avatar\\\/7ce1f28c0c3bbac99ff550b85ef8e44a6950c6ee24514fb6a5489e51d06f0298?s=96&d=mm&r=g\",\"url\":\"https:\\\/\\\/secure.gravatar.com\\\/avatar\\\/7ce1f28c0c3bbac99ff550b85ef8e44a6950c6ee24514fb6a5489e51d06f0298?s=96&d=mm&r=g\",\"contentUrl\":\"https:\\\/\\\/secure.gravatar.com\\\/avatar\\\/7ce1f28c0c3bbac99ff550b85ef8e44a6950c6ee24514fb6a5489e51d06f0298?s=96&d=mm&r=g\",\"caption\":\"webdo.tn\"},\"url\":\"https:\\\/\\\/www.webdo.tn\\\/fr\\\/actualite\\\/author\\\/webdotn\\\/\"}]}<\/script>\n<!-- \/ Yoast SEO Premium plugin. -->","yoast_head_json":{"title":"\u00c9change de coups de feu entre barbus, avec Kalachnikovs, et agents de la S\u00fbret\u00e9 nationale","description":"\u00c9change de coups de feu entre barbus, avec Kalachnikovs, et agents de la S\u00fbret\u00e9 nationale","canonical":"https:\/\/www.webdo.tn\/fr\/actualite\/national-45\/echange-de-coups-de-feu-entre-barbus-avec-kalachnikovs-et-agents-de-la-surete-nationale\/172248\/","og_locale":"fr_FR","og_type":"article","og_title":"\u00c9change de coups de feu entre barbus, avec Kalachnikovs, et agents de la S\u00fbret\u00e9 nationale","og_description":"\u00c9change de coups de feu entre barbus, avec Kalachnikovs, et agents de la S\u00fbret\u00e9 nationale","og_url":"https:\/\/www.webdo.tn\/fr\/actualite\/national-45\/echange-de-coups-de-feu-entre-barbus-avec-kalachnikovs-et-agents-de-la-surete-nationale\/172248\/","og_site_name":"webdo","article_publisher":"https:\/\/www.facebook.com\/webdotn","article_published_time":"2012-02-01T16:07:00+00:00","og_image":[{"width":300,"height":245,"url":"https:\/\/www.webdo.tn\/fr\/wp-content\/uploads\/2012\/02\/sfax-photo-investintunisia.tn_.gif","type":"image\/gif"}],"author":"webdo.tn","twitter_card":"summary_large_image","twitter_creator":"@webdo_tn","twitter_site":"@webdo_tn","twitter_misc":{"\u00c9crit par":"webdo.tn","Dur\u00e9e de lecture estim\u00e9e":"1 minute"},"schema":{"@context":"https:\/\/schema.org","@graph":[{"@type":"NewsArticle","@id":"https:\/\/www.webdo.tn\/fr\/actualite\/national-45\/echange-de-coups-de-feu-entre-barbus-avec-kalachnikovs-et-agents-de-la-surete-nationale\/172248\/#article","isPartOf":{"@id":"https:\/\/www.webdo.tn\/fr\/actualite\/national-45\/echange-de-coups-de-feu-entre-barbus-avec-kalachnikovs-et-agents-de-la-surete-nationale\/172248\/"},"author":{"name":"webdo.tn","@id":"https:\/\/www.webdo.tn\/fr\/#\/schema\/person\/9a9c6118d687c117df8ef3cc36a4d175"},"headline":"\u00c9change de coups de feu entre barbus, avec Kalachnikovs, et agents de la S\u00fbret\u00e9 nationale","datePublished":"2012-02-01T16:07:00+00:00","mainEntityOfPage":{"@id":"https:\/\/www.webdo.tn\/fr\/actualite\/national-45\/echange-de-coups-de-feu-entre-barbus-avec-kalachnikovs-et-agents-de-la-surete-nationale\/172248\/"},"wordCount":204,"commentCount":0,"publisher":{"@id":"https:\/\/www.webdo.tn\/fr\/#organization"},"image":{"@id":"https:\/\/www.webdo.tn\/fr\/actualite\/national-45\/echange-de-coups-de-feu-entre-barbus-avec-kalachnikovs-et-agents-de-la-surete-nationale\/172248\/#primaryimage"},"thumbnailUrl":"https:\/\/www.webdo.tn\/fr\/wp-content\/uploads\/2012\/02\/sfax-photo-investintunisia.tn_.gif","keywords":["guerre"],"articleSection":["National"],"inLanguage":"fr-FR"},{"@type":"WebPage","@id":"https:\/\/www.webdo.tn\/fr\/actualite\/national-45\/echange-de-coups-de-feu-entre-barbus-avec-kalachnikovs-et-agents-de-la-surete-nationale\/172248\/","url":"https:\/\/www.webdo.tn\/fr\/actualite\/national-45\/echange-de-coups-de-feu-entre-barbus-avec-kalachnikovs-et-agents-de-la-surete-nationale\/172248\/","name":"\u00c9change de coups de feu entre barbus, avec Kalachnikovs, et agents de la S\u00fbret\u00e9 nationale","isPartOf":{"@id":"https:\/\/www.webdo.tn\/fr\/#website"},"primaryImageOfPage":{"@id":"https:\/\/www.webdo.tn\/fr\/actualite\/national-45\/echange-de-coups-de-feu-entre-barbus-avec-kalachnikovs-et-agents-de-la-surete-nationale\/172248\/#primaryimage"},"image":{"@id":"https:\/\/www.webdo.tn\/fr\/actualite\/national-45\/echange-de-coups-de-feu-entre-barbus-avec-kalachnikovs-et-agents-de-la-surete-nationale\/172248\/#primaryimage"},"thumbnailUrl":"https:\/\/www.webdo.tn\/fr\/wp-content\/uploads\/2012\/02\/sfax-photo-investintunisia.tn_.gif","datePublished":"2012-02-01T16:07:00+00:00","description":"\u00c9change de coups de feu entre barbus, avec Kalachnikovs, et agents de la S\u00fbret\u00e9 nationale","breadcrumb":{"@id":"https:\/\/www.webdo.tn\/fr\/actualite\/national-45\/echange-de-coups-de-feu-entre-barbus-avec-kalachnikovs-et-agents-de-la-surete-nationale\/172248\/#breadcrumb"},"inLanguage":"fr-FR","potentialAction":[{"@type":"ReadAction","target":["https:\/\/www.webdo.tn\/fr\/actualite\/national-45\/echange-de-coups-de-feu-entre-barbus-avec-kalachnikovs-et-agents-de-la-surete-nationale\/172248\/"]}]},{"@type":"ImageObject","inLanguage":"fr-FR","@id":"https:\/\/www.webdo.tn\/fr\/actualite\/national-45\/echange-de-coups-de-feu-entre-barbus-avec-kalachnikovs-et-agents-de-la-surete-nationale\/172248\/#primaryimage","url":"https:\/\/www.webdo.tn\/fr\/wp-content\/uploads\/2012\/02\/sfax-photo-investintunisia.tn_.gif","contentUrl":"https:\/\/www.webdo.tn\/fr\/wp-content\/uploads\/2012\/02\/sfax-photo-investintunisia.tn_.gif","width":300,"height":245,"caption":"\u00c9change de coups de feu entre barbus, avec Kalachnikovs, et agents de la S\u00fbret\u00e9 nationale"},{"@type":"BreadcrumbList","@id":"https:\/\/www.webdo.tn\/fr\/actualite\/national-45\/echange-de-coups-de-feu-entre-barbus-avec-kalachnikovs-et-agents-de-la-surete-nationale\/172248\/#breadcrumb","itemListElement":[{"@type":"ListItem","position":1,"name":"Accueil","item":"https:\/\/www.webdo.tn\/fr\/"},{"@type":"ListItem","position":2,"name":"\u00c9change de coups de feu entre barbus, avec Kalachnikovs, et agents de la S\u00fbret\u00e9 nationale"}]},{"@type":"WebSite","@id":"https:\/\/www.webdo.tn\/fr\/#website","url":"https:\/\/www.webdo.tn\/fr\/","name":"webdo","description":"Tunisie - News en Tunisie et \u00e0 l&#039;international sur Webdo.tn","publisher":{"@id":"https:\/\/www.webdo.tn\/fr\/#organization"},"potentialAction":[{"@type":"SearchAction","target":{"@type":"EntryPoint","urlTemplate":"https:\/\/www.webdo.tn\/fr\/?s={search_term_string}"},"query-input":{"@type":"PropertyValueSpecification","valueRequired":true,"valueName":"search_term_string"}}],"inLanguage":"fr-FR"},{"@type":"Organization","@id":"https:\/\/www.webdo.tn\/fr\/#organization","name":"Webdo","alternateName":"Webdo.tn","url":"https:\/\/www.webdo.tn\/fr\/","logo":{"@type":"ImageObject","inLanguage":"fr-FR","@id":"https:\/\/www.webdo.tn\/fr\/#\/schema\/logo\/image\/","url":"https:\/\/www.webdo.tn\/fr\/wp-content\/uploads\/2025\/06\/Webdo-Tunisie_168377.jpg","contentUrl":"https:\/\/www.webdo.tn\/fr\/wp-content\/uploads\/2025\/06\/Webdo-Tunisie_168377.jpg","width":301,"height":301,"caption":"Webdo"},"image":{"@id":"https:\/\/www.webdo.tn\/fr\/#\/schema\/logo\/image\/"},"sameAs":["https:\/\/www.facebook.com\/webdotn","https:\/\/x.com\/webdo_tn"],"description":"Webdo est un m\u00e9dia num\u00e9rique tunisien fond\u00e9 en 2010, sp\u00e9cialis\u00e9 dans l\u2019actualit\u00e9 nationale et internationale, l\u2019\u00e9conomie, la soci\u00e9t\u00e9 et les analyses politiques. Le site s\u2019adresse \u00e0 un large public francophone et couvre l\u2019information tunisienne en temps r\u00e9el.","email":"redac@webdo.tn","legalName":"YNJ SARL","foundingDate":"2010-09-06","numberOfEmployees":{"@type":"QuantitativeValue","minValue":"11","maxValue":"50"}},{"@type":"Person","@id":"https:\/\/www.webdo.tn\/fr\/#\/schema\/person\/9a9c6118d687c117df8ef3cc36a4d175","name":"webdo.tn","image":{"@type":"ImageObject","inLanguage":"fr-FR","@id":"https:\/\/secure.gravatar.com\/avatar\/7ce1f28c0c3bbac99ff550b85ef8e44a6950c6ee24514fb6a5489e51d06f0298?s=96&d=mm&r=g","url":"https:\/\/secure.gravatar.com\/avatar\/7ce1f28c0c3bbac99ff550b85ef8e44a6950c6ee24514fb6a5489e51d06f0298?s=96&d=mm&r=g","contentUrl":"https:\/\/secure.gravatar.com\/avatar\/7ce1f28c0c3bbac99ff550b85ef8e44a6950c6ee24514fb6a5489e51d06f0298?s=96&d=mm&r=g","caption":"webdo.tn"},"url":"https:\/\/www.webdo.tn\/fr\/actualite\/author\/webdotn\/"}]}},"_links":{"self":[{"href":"https:\/\/www.webdo.tn\/fr\/wp-json\/wp\/v2\/posts\/172248","targetHints":{"allow":["GET"]}}],"collection":[{"href":"https:\/\/www.webdo.tn\/fr\/wp-json\/wp\/v2\/posts"}],"about":[{"href":"https:\/\/www.webdo.tn\/fr\/wp-json\/wp\/v2\/types\/post"}],"author":[{"embeddable":true,"href":"https:\/\/www.webdo.tn\/fr\/wp-json\/wp\/v2\/users\/3222"}],"replies":[{"embeddable":true,"href":"https:\/\/www.webdo.tn\/fr\/wp-json\/wp\/v2\/comments?post=172248"}],"version-history":[{"count":0,"href":"https:\/\/www.webdo.tn\/fr\/wp-json\/wp\/v2\/posts\/172248\/revisions"}],"wp:featuredmedia":[{"embeddable":true,"href":"https:\/\/www.webdo.tn\/fr\/wp-json\/wp\/v2\/media\/333793"}],"wp:attachment":[{"href":"https:\/\/www.webdo.tn\/fr\/wp-json\/wp\/v2\/media?parent=172248"}],"wp:term":[{"taxonomy":"category","embeddable":true,"href":"https:\/\/www.webdo.tn\/fr\/wp-json\/wp\/v2\/categories?post=172248"},{"taxonomy":"post_tag","embeddable":true,"href":"https:\/\/www.webdo.tn\/fr\/wp-json\/wp\/v2\/tags?post=172248"}],"curies":[{"name":"wp","href":"https:\/\/api.w.org\/{rel}","templated":true}]}}