{"id":172247,"date":"2012-02-01T16:14:00","date_gmt":"2012-02-01T16:14:00","guid":{"rendered":"https:\/\/www.webdo.tn\/fr\/blog\/quand-lina-ben-mhenni-sort-de-ses-gonds\/172247\/"},"modified":"2012-02-01T16:14:00","modified_gmt":"2012-02-01T16:14:00","slug":"quand-lina-ben-mhenni-sort-de-ses-gonds","status":"publish","type":"post","link":"https:\/\/www.webdo.tn\/fr\/actualite\/national\/quand-lina-ben-mhenni-sort-de-ses-gonds\/172247\/","title":{"rendered":"Quand Lina Ben Mhenni sort de ses gonds !"},"content":{"rendered":"<p>On lui a attribu\u00e9 une interview qu\u2019elle aurait accord\u00e9e \u00e0 un m\u00e9dia isra\u00e9lien\u2026 Elle r\u00e9plique en attaquant \u00ab\u00a0Achourouk\u00a0\u00bb en justice !<\/p>\n<p>Depuis la r\u00e9volution, Lina Ben Mhenni n\u2019est plus une inconnue. La blogueuse s\u2019est fait conna\u00eetre gr\u00e2ce \u00e0 ses prises de position courageuses en pleine dictature au point d\u2019\u00eatre elle-m\u00eame la cible des sbires du pr\u00e9sident d\u00e9chu. S\u2019ensuit un succ\u00e8s et une popularit\u00e9 qui ne cessent de grandir notamment apr\u00e8s sa nomination pour le prix Nobel de la Paix 2011.<\/p>\n<p>Professeur d\u2019anglais de son \u00e9tat, Lina a pourtant des d\u00e9tracteurs qui s\u2019en donnent souvent \u00e0 c\u0153ur joie pour la \u00ab\u00a0descendre\u00a0\u00bb sur Facebook ou d\u2019autres r\u00e9seaux sociaux.<\/p>\n<p>Mais une nouvelle \u00e9tape vient d\u2019\u00eatre franchie par le quotidien en langue arabe \u00ab\u00a0Achourouk\u00a0\u00bb lequel annonce carr\u00e9ment dans son \u00e9dition du 23 janvier que la blogueuse aurait accord\u00e9 une interview \u00e0 un m\u00e9dia isra\u00e9lien dans lequel elle aurait \u00ab\u00a0attaqu\u00e9 au vitriol\u00a0\u00bb le gouvernement provisoire.<\/p>\n<p>Lina Ben Mhenni crie d\u2019ailleurs au scandale, affirmant que cette interview r\u00e9alis\u00e9e le 27 octobre 2011 (et a \u00e9t\u00e9 publi\u00e9e le 2 novembre) a \u00e9t\u00e9, en fait, accord\u00e9e \u00e0 un journal suisse \u00abL&rsquo;Illustr\u00e9\u00bb et non pas \u00e0 un journal isra\u00e9lien.<\/p>\n<p>Contact\u00e9e par Webdo, Lina Ben Mhenni se dit  outr\u00e9e et \u00e9c\u0153ur\u00e9e par de telles all\u00e9gations qui ne font que nuire au journalisme, ajoutant qu\u2019elle n\u2019a jamais rencontr\u00e9 de journalistes isra\u00e9liens pour la simple raison que \u00abses principes lui interdisent de collaborer de pr\u00e8s ou de loin avec des m\u00e9dias isra\u00e9liens\u00bb. Elle ajoute : \u00abje ne suis pas contre les juifs, et apr\u00e8s le 14 janvier, j&rsquo;ai \u00e9t\u00e9 contact\u00e9 \u00e0 de nombreuses reprises par plusieurs m\u00e9dias isra\u00e9liens, mais je ne peux collaborer avec des Isra\u00e9liens et sionistes qui tuent, tous les jours, des Palestiniens\u00bb.<\/p>\n<p>Et de rappeler que le 27 octobre dernier, l\u2019actuel gouvernement n\u2019\u00e9tait pas encore en place d\u2019o\u00f9 l\u2019impossibilit\u00e9 d\u2019avoir pu l\u2019\u00abinsulter\u00bb de quelque mani\u00e8re que ce soit. Son seul fait marquant aura \u00e9t\u00e9 de livrer ses craintes et son malaise face \u00e0 la mont\u00e9e de l\u2019islamisme.<\/p>\n<p>Aujourd\u2019hui, Lina Ben Mhenni ne veut plus se taire. Elle a d\u00e9cid\u00e9 d\u2019attaquer \u00ab\u00a0Achourouk\u00a0\u00bb en justice pour diffamation. Elle a ainsi officiellement port\u00e9 plainte, lundi 30 janvier. Pr\u00e9cisons toutefois que l\u2019interview de Lina est bien parue sur un site isra\u00e9lien, qui a repris des extraits parus dans le journal suisse et qui n\u2019a pas oubli\u00e9 de mentionner la source.<\/p>\n<p>Cette affaire n\u2019est pas sans nous rappeler la pol\u00e9mique qui vient d\u2019\u00e9clater au sujet d\u2019une pr\u00e9sum\u00e9e interview qu&rsquo;aurait accord\u00e9e Rached Ghannouchi \u00e0 un journaliste isra\u00e9lien, lors du forum de Davos. Bien que le leader d&rsquo;Ennahdha ait cat\u00e9goriquement d\u00e9menti avoir donn\u00e9 une interview \u00e0 un m\u00e9dia isra\u00e9lien, la pol\u00e9mique ne semble pas s\u2019\u00eatre apais\u00e9e. Mais \u00e0 Davos, comme dans toute r\u00e9union internationale o\u00f9 les dirigeants politiques du monde entier se m\u00ealent aux centaines de journalistes et photographes accr\u00e9dit\u00e9s, il est parfois difficile de ne pas tomber dans le pi\u00e8ge !<\/p>\n","protected":false},"excerpt":{"rendered":"<p>Quand Lina Ben Mhenni sort de ses gonds !<\/p>\n","protected":false},"author":3222,"featured_media":333794,"comment_status":"open","ping_status":"closed","sticky":false,"template":"","format":"standard","meta":{"footnotes":""},"categories":[44],"tags":[2600],"class_list":["post-172247","post","type-post","status-publish","format-standard","has-post-thumbnail","hentry","category-national","tag-guerre"],"yoast_head":"<!-- This site is optimized with the Yoast SEO Premium plugin v27.5 (Yoast SEO v27.5) - https:\/\/yoast.com\/product\/yoast-seo-premium-wordpress\/ -->\n<title>Quand Lina Ben Mhenni sort de ses gonds !<\/title>\n<meta name=\"description\" content=\"Quand Lina Ben Mhenni sort de ses gonds !\" \/>\n<link rel=\"canonical\" href=\"https:\/\/www.webdo.tn\/fr\/actualite\/national-45\/quand-lina-ben-mhenni-sort-de-ses-gonds\/172247\/\" \/>\n<meta property=\"og:locale\" content=\"fr_FR\" \/>\n<meta property=\"og:type\" content=\"article\" \/>\n<meta property=\"og:title\" content=\"Quand Lina Ben Mhenni sort de ses gonds !\" \/>\n<meta property=\"og:description\" content=\"Quand Lina Ben Mhenni sort de ses gonds !\" \/>\n<meta property=\"og:url\" content=\"https:\/\/www.webdo.tn\/fr\/actualite\/national-45\/quand-lina-ben-mhenni-sort-de-ses-gonds\/172247\/\" \/>\n<meta property=\"og:site_name\" content=\"webdo\" \/>\n<meta property=\"article:publisher\" content=\"https:\/\/www.facebook.com\/webdotn\" \/>\n<meta property=\"article:published_time\" content=\"2012-02-01T16:14:00+00:00\" \/>\n<meta property=\"og:image\" content=\"https:\/\/www.webdo.tn\/fr\/wp-content\/uploads\/2012\/02\/Lina-Ben-Mhenni-photo-tnkhanouff.hautetfort.com_.jpg\" \/>\n\t<meta property=\"og:image:width\" content=\"300\" \/>\n\t<meta property=\"og:image:height\" content=\"294\" \/>\n\t<meta property=\"og:image:type\" content=\"image\/jpeg\" \/>\n<meta name=\"author\" content=\"webdo.tn\" \/>\n<meta name=\"twitter:card\" content=\"summary_large_image\" \/>\n<meta name=\"twitter:creator\" content=\"@webdo_tn\" \/>\n<meta name=\"twitter:site\" content=\"@webdo_tn\" \/>\n<meta name=\"twitter:label1\" content=\"\u00c9crit par\" \/>\n\t<meta name=\"twitter:data1\" content=\"webdo.tn\" \/>\n\t<meta name=\"twitter:label2\" content=\"Dur\u00e9e de lecture estim\u00e9e\" \/>\n\t<meta name=\"twitter:data2\" content=\"3 minutes\" \/>\n<script type=\"application\/ld+json\" class=\"yoast-schema-graph\">{\"@context\":\"https:\\\/\\\/schema.org\",\"@graph\":[{\"@type\":\"NewsArticle\",\"@id\":\"https:\\\/\\\/www.webdo.tn\\\/fr\\\/actualite\\\/national-45\\\/quand-lina-ben-mhenni-sort-de-ses-gonds\\\/172247\\\/#article\",\"isPartOf\":{\"@id\":\"https:\\\/\\\/www.webdo.tn\\\/fr\\\/actualite\\\/national-45\\\/quand-lina-ben-mhenni-sort-de-ses-gonds\\\/172247\\\/\"},\"author\":{\"name\":\"webdo.tn\",\"@id\":\"https:\\\/\\\/www.webdo.tn\\\/fr\\\/#\\\/schema\\\/person\\\/9a9c6118d687c117df8ef3cc36a4d175\"},\"headline\":\"Quand Lina Ben Mhenni sort de ses gonds !\",\"datePublished\":\"2012-02-01T16:14:00+00:00\",\"mainEntityOfPage\":{\"@id\":\"https:\\\/\\\/www.webdo.tn\\\/fr\\\/actualite\\\/national-45\\\/quand-lina-ben-mhenni-sort-de-ses-gonds\\\/172247\\\/\"},\"wordCount\":550,\"commentCount\":0,\"publisher\":{\"@id\":\"https:\\\/\\\/www.webdo.tn\\\/fr\\\/#organization\"},\"image\":{\"@id\":\"https:\\\/\\\/www.webdo.tn\\\/fr\\\/actualite\\\/national-45\\\/quand-lina-ben-mhenni-sort-de-ses-gonds\\\/172247\\\/#primaryimage\"},\"thumbnailUrl\":\"https:\\\/\\\/www.webdo.tn\\\/fr\\\/wp-content\\\/uploads\\\/2012\\\/02\\\/Lina-Ben-Mhenni-photo-tnkhanouff.hautetfort.com_.jpg\",\"keywords\":[\"guerre\"],\"articleSection\":[\"National\"],\"inLanguage\":\"fr-FR\"},{\"@type\":\"WebPage\",\"@id\":\"https:\\\/\\\/www.webdo.tn\\\/fr\\\/actualite\\\/national-45\\\/quand-lina-ben-mhenni-sort-de-ses-gonds\\\/172247\\\/\",\"url\":\"https:\\\/\\\/www.webdo.tn\\\/fr\\\/actualite\\\/national-45\\\/quand-lina-ben-mhenni-sort-de-ses-gonds\\\/172247\\\/\",\"name\":\"Quand Lina Ben Mhenni sort de ses gonds !\",\"isPartOf\":{\"@id\":\"https:\\\/\\\/www.webdo.tn\\\/fr\\\/#website\"},\"primaryImageOfPage\":{\"@id\":\"https:\\\/\\\/www.webdo.tn\\\/fr\\\/actualite\\\/national-45\\\/quand-lina-ben-mhenni-sort-de-ses-gonds\\\/172247\\\/#primaryimage\"},\"image\":{\"@id\":\"https:\\\/\\\/www.webdo.tn\\\/fr\\\/actualite\\\/national-45\\\/quand-lina-ben-mhenni-sort-de-ses-gonds\\\/172247\\\/#primaryimage\"},\"thumbnailUrl\":\"https:\\\/\\\/www.webdo.tn\\\/fr\\\/wp-content\\\/uploads\\\/2012\\\/02\\\/Lina-Ben-Mhenni-photo-tnkhanouff.hautetfort.com_.jpg\",\"datePublished\":\"2012-02-01T16:14:00+00:00\",\"description\":\"Quand Lina Ben Mhenni sort de ses gonds !\",\"breadcrumb\":{\"@id\":\"https:\\\/\\\/www.webdo.tn\\\/fr\\\/actualite\\\/national-45\\\/quand-lina-ben-mhenni-sort-de-ses-gonds\\\/172247\\\/#breadcrumb\"},\"inLanguage\":\"fr-FR\",\"potentialAction\":[{\"@type\":\"ReadAction\",\"target\":[\"https:\\\/\\\/www.webdo.tn\\\/fr\\\/actualite\\\/national-45\\\/quand-lina-ben-mhenni-sort-de-ses-gonds\\\/172247\\\/\"]}]},{\"@type\":\"ImageObject\",\"inLanguage\":\"fr-FR\",\"@id\":\"https:\\\/\\\/www.webdo.tn\\\/fr\\\/actualite\\\/national-45\\\/quand-lina-ben-mhenni-sort-de-ses-gonds\\\/172247\\\/#primaryimage\",\"url\":\"https:\\\/\\\/www.webdo.tn\\\/fr\\\/wp-content\\\/uploads\\\/2012\\\/02\\\/Lina-Ben-Mhenni-photo-tnkhanouff.hautetfort.com_.jpg\",\"contentUrl\":\"https:\\\/\\\/www.webdo.tn\\\/fr\\\/wp-content\\\/uploads\\\/2012\\\/02\\\/Lina-Ben-Mhenni-photo-tnkhanouff.hautetfort.com_.jpg\",\"width\":300,\"height\":294,\"caption\":\"Quand Lina Ben Mhenni sort de ses gonds !\"},{\"@type\":\"BreadcrumbList\",\"@id\":\"https:\\\/\\\/www.webdo.tn\\\/fr\\\/actualite\\\/national-45\\\/quand-lina-ben-mhenni-sort-de-ses-gonds\\\/172247\\\/#breadcrumb\",\"itemListElement\":[{\"@type\":\"ListItem\",\"position\":1,\"name\":\"Accueil\",\"item\":\"https:\\\/\\\/www.webdo.tn\\\/fr\\\/\"},{\"@type\":\"ListItem\",\"position\":2,\"name\":\"Quand Lina Ben Mhenni sort de ses gonds !\"}]},{\"@type\":\"WebSite\",\"@id\":\"https:\\\/\\\/www.webdo.tn\\\/fr\\\/#website\",\"url\":\"https:\\\/\\\/www.webdo.tn\\\/fr\\\/\",\"name\":\"webdo\",\"description\":\"Tunisie - News en Tunisie et \u00e0 l&#039;international sur Webdo.tn\",\"publisher\":{\"@id\":\"https:\\\/\\\/www.webdo.tn\\\/fr\\\/#organization\"},\"potentialAction\":[{\"@type\":\"SearchAction\",\"target\":{\"@type\":\"EntryPoint\",\"urlTemplate\":\"https:\\\/\\\/www.webdo.tn\\\/fr\\\/?s={search_term_string}\"},\"query-input\":{\"@type\":\"PropertyValueSpecification\",\"valueRequired\":true,\"valueName\":\"search_term_string\"}}],\"inLanguage\":\"fr-FR\"},{\"@type\":\"Organization\",\"@id\":\"https:\\\/\\\/www.webdo.tn\\\/fr\\\/#organization\",\"name\":\"Webdo\",\"alternateName\":\"Webdo.tn\",\"url\":\"https:\\\/\\\/www.webdo.tn\\\/fr\\\/\",\"logo\":{\"@type\":\"ImageObject\",\"inLanguage\":\"fr-FR\",\"@id\":\"https:\\\/\\\/www.webdo.tn\\\/fr\\\/#\\\/schema\\\/logo\\\/image\\\/\",\"url\":\"https:\\\/\\\/www.webdo.tn\\\/fr\\\/wp-content\\\/uploads\\\/2025\\\/06\\\/Webdo-Tunisie_168377.jpg\",\"contentUrl\":\"https:\\\/\\\/www.webdo.tn\\\/fr\\\/wp-content\\\/uploads\\\/2025\\\/06\\\/Webdo-Tunisie_168377.jpg\",\"width\":301,\"height\":301,\"caption\":\"Webdo\"},\"image\":{\"@id\":\"https:\\\/\\\/www.webdo.tn\\\/fr\\\/#\\\/schema\\\/logo\\\/image\\\/\"},\"sameAs\":[\"https:\\\/\\\/www.facebook.com\\\/webdotn\",\"https:\\\/\\\/x.com\\\/webdo_tn\"],\"description\":\"Webdo est un m\u00e9dia num\u00e9rique tunisien fond\u00e9 en 2010, sp\u00e9cialis\u00e9 dans l\u2019actualit\u00e9 nationale et internationale, l\u2019\u00e9conomie, la soci\u00e9t\u00e9 et les analyses politiques. Le site s\u2019adresse \u00e0 un large public francophone et couvre l\u2019information tunisienne en temps r\u00e9el.\",\"email\":\"redac@webdo.tn\",\"legalName\":\"YNJ SARL\",\"foundingDate\":\"2010-09-06\",\"numberOfEmployees\":{\"@type\":\"QuantitativeValue\",\"minValue\":\"11\",\"maxValue\":\"50\"}},{\"@type\":\"Person\",\"@id\":\"https:\\\/\\\/www.webdo.tn\\\/fr\\\/#\\\/schema\\\/person\\\/9a9c6118d687c117df8ef3cc36a4d175\",\"name\":\"webdo.tn\",\"image\":{\"@type\":\"ImageObject\",\"inLanguage\":\"fr-FR\",\"@id\":\"https:\\\/\\\/secure.gravatar.com\\\/avatar\\\/7ce1f28c0c3bbac99ff550b85ef8e44a6950c6ee24514fb6a5489e51d06f0298?s=96&d=mm&r=g\",\"url\":\"https:\\\/\\\/secure.gravatar.com\\\/avatar\\\/7ce1f28c0c3bbac99ff550b85ef8e44a6950c6ee24514fb6a5489e51d06f0298?s=96&d=mm&r=g\",\"contentUrl\":\"https:\\\/\\\/secure.gravatar.com\\\/avatar\\\/7ce1f28c0c3bbac99ff550b85ef8e44a6950c6ee24514fb6a5489e51d06f0298?s=96&d=mm&r=g\",\"caption\":\"webdo.tn\"},\"url\":\"https:\\\/\\\/www.webdo.tn\\\/fr\\\/actualite\\\/author\\\/webdotn\\\/\"}]}<\/script>\n<!-- \/ Yoast SEO Premium plugin. -->","yoast_head_json":{"title":"Quand Lina Ben Mhenni sort de ses gonds !","description":"Quand Lina Ben Mhenni sort de ses gonds !","canonical":"https:\/\/www.webdo.tn\/fr\/actualite\/national-45\/quand-lina-ben-mhenni-sort-de-ses-gonds\/172247\/","og_locale":"fr_FR","og_type":"article","og_title":"Quand Lina Ben Mhenni sort de ses gonds !","og_description":"Quand Lina Ben Mhenni sort de ses gonds !","og_url":"https:\/\/www.webdo.tn\/fr\/actualite\/national-45\/quand-lina-ben-mhenni-sort-de-ses-gonds\/172247\/","og_site_name":"webdo","article_publisher":"https:\/\/www.facebook.com\/webdotn","article_published_time":"2012-02-01T16:14:00+00:00","og_image":[{"width":300,"height":294,"url":"https:\/\/www.webdo.tn\/fr\/wp-content\/uploads\/2012\/02\/Lina-Ben-Mhenni-photo-tnkhanouff.hautetfort.com_.jpg","type":"image\/jpeg"}],"author":"webdo.tn","twitter_card":"summary_large_image","twitter_creator":"@webdo_tn","twitter_site":"@webdo_tn","twitter_misc":{"\u00c9crit par":"webdo.tn","Dur\u00e9e de lecture estim\u00e9e":"3 minutes"},"schema":{"@context":"https:\/\/schema.org","@graph":[{"@type":"NewsArticle","@id":"https:\/\/www.webdo.tn\/fr\/actualite\/national-45\/quand-lina-ben-mhenni-sort-de-ses-gonds\/172247\/#article","isPartOf":{"@id":"https:\/\/www.webdo.tn\/fr\/actualite\/national-45\/quand-lina-ben-mhenni-sort-de-ses-gonds\/172247\/"},"author":{"name":"webdo.tn","@id":"https:\/\/www.webdo.tn\/fr\/#\/schema\/person\/9a9c6118d687c117df8ef3cc36a4d175"},"headline":"Quand Lina Ben Mhenni sort de ses gonds !","datePublished":"2012-02-01T16:14:00+00:00","mainEntityOfPage":{"@id":"https:\/\/www.webdo.tn\/fr\/actualite\/national-45\/quand-lina-ben-mhenni-sort-de-ses-gonds\/172247\/"},"wordCount":550,"commentCount":0,"publisher":{"@id":"https:\/\/www.webdo.tn\/fr\/#organization"},"image":{"@id":"https:\/\/www.webdo.tn\/fr\/actualite\/national-45\/quand-lina-ben-mhenni-sort-de-ses-gonds\/172247\/#primaryimage"},"thumbnailUrl":"https:\/\/www.webdo.tn\/fr\/wp-content\/uploads\/2012\/02\/Lina-Ben-Mhenni-photo-tnkhanouff.hautetfort.com_.jpg","keywords":["guerre"],"articleSection":["National"],"inLanguage":"fr-FR"},{"@type":"WebPage","@id":"https:\/\/www.webdo.tn\/fr\/actualite\/national-45\/quand-lina-ben-mhenni-sort-de-ses-gonds\/172247\/","url":"https:\/\/www.webdo.tn\/fr\/actualite\/national-45\/quand-lina-ben-mhenni-sort-de-ses-gonds\/172247\/","name":"Quand Lina Ben Mhenni sort de ses gonds !","isPartOf":{"@id":"https:\/\/www.webdo.tn\/fr\/#website"},"primaryImageOfPage":{"@id":"https:\/\/www.webdo.tn\/fr\/actualite\/national-45\/quand-lina-ben-mhenni-sort-de-ses-gonds\/172247\/#primaryimage"},"image":{"@id":"https:\/\/www.webdo.tn\/fr\/actualite\/national-45\/quand-lina-ben-mhenni-sort-de-ses-gonds\/172247\/#primaryimage"},"thumbnailUrl":"https:\/\/www.webdo.tn\/fr\/wp-content\/uploads\/2012\/02\/Lina-Ben-Mhenni-photo-tnkhanouff.hautetfort.com_.jpg","datePublished":"2012-02-01T16:14:00+00:00","description":"Quand Lina Ben Mhenni sort de ses gonds !","breadcrumb":{"@id":"https:\/\/www.webdo.tn\/fr\/actualite\/national-45\/quand-lina-ben-mhenni-sort-de-ses-gonds\/172247\/#breadcrumb"},"inLanguage":"fr-FR","potentialAction":[{"@type":"ReadAction","target":["https:\/\/www.webdo.tn\/fr\/actualite\/national-45\/quand-lina-ben-mhenni-sort-de-ses-gonds\/172247\/"]}]},{"@type":"ImageObject","inLanguage":"fr-FR","@id":"https:\/\/www.webdo.tn\/fr\/actualite\/national-45\/quand-lina-ben-mhenni-sort-de-ses-gonds\/172247\/#primaryimage","url":"https:\/\/www.webdo.tn\/fr\/wp-content\/uploads\/2012\/02\/Lina-Ben-Mhenni-photo-tnkhanouff.hautetfort.com_.jpg","contentUrl":"https:\/\/www.webdo.tn\/fr\/wp-content\/uploads\/2012\/02\/Lina-Ben-Mhenni-photo-tnkhanouff.hautetfort.com_.jpg","width":300,"height":294,"caption":"Quand Lina Ben Mhenni sort de ses gonds !"},{"@type":"BreadcrumbList","@id":"https:\/\/www.webdo.tn\/fr\/actualite\/national-45\/quand-lina-ben-mhenni-sort-de-ses-gonds\/172247\/#breadcrumb","itemListElement":[{"@type":"ListItem","position":1,"name":"Accueil","item":"https:\/\/www.webdo.tn\/fr\/"},{"@type":"ListItem","position":2,"name":"Quand Lina Ben Mhenni sort de ses gonds !"}]},{"@type":"WebSite","@id":"https:\/\/www.webdo.tn\/fr\/#website","url":"https:\/\/www.webdo.tn\/fr\/","name":"webdo","description":"Tunisie - News en Tunisie et \u00e0 l&#039;international sur Webdo.tn","publisher":{"@id":"https:\/\/www.webdo.tn\/fr\/#organization"},"potentialAction":[{"@type":"SearchAction","target":{"@type":"EntryPoint","urlTemplate":"https:\/\/www.webdo.tn\/fr\/?s={search_term_string}"},"query-input":{"@type":"PropertyValueSpecification","valueRequired":true,"valueName":"search_term_string"}}],"inLanguage":"fr-FR"},{"@type":"Organization","@id":"https:\/\/www.webdo.tn\/fr\/#organization","name":"Webdo","alternateName":"Webdo.tn","url":"https:\/\/www.webdo.tn\/fr\/","logo":{"@type":"ImageObject","inLanguage":"fr-FR","@id":"https:\/\/www.webdo.tn\/fr\/#\/schema\/logo\/image\/","url":"https:\/\/www.webdo.tn\/fr\/wp-content\/uploads\/2025\/06\/Webdo-Tunisie_168377.jpg","contentUrl":"https:\/\/www.webdo.tn\/fr\/wp-content\/uploads\/2025\/06\/Webdo-Tunisie_168377.jpg","width":301,"height":301,"caption":"Webdo"},"image":{"@id":"https:\/\/www.webdo.tn\/fr\/#\/schema\/logo\/image\/"},"sameAs":["https:\/\/www.facebook.com\/webdotn","https:\/\/x.com\/webdo_tn"],"description":"Webdo est un m\u00e9dia num\u00e9rique tunisien fond\u00e9 en 2010, sp\u00e9cialis\u00e9 dans l\u2019actualit\u00e9 nationale et internationale, l\u2019\u00e9conomie, la soci\u00e9t\u00e9 et les analyses politiques. Le site s\u2019adresse \u00e0 un large public francophone et couvre l\u2019information tunisienne en temps r\u00e9el.","email":"redac@webdo.tn","legalName":"YNJ SARL","foundingDate":"2010-09-06","numberOfEmployees":{"@type":"QuantitativeValue","minValue":"11","maxValue":"50"}},{"@type":"Person","@id":"https:\/\/www.webdo.tn\/fr\/#\/schema\/person\/9a9c6118d687c117df8ef3cc36a4d175","name":"webdo.tn","image":{"@type":"ImageObject","inLanguage":"fr-FR","@id":"https:\/\/secure.gravatar.com\/avatar\/7ce1f28c0c3bbac99ff550b85ef8e44a6950c6ee24514fb6a5489e51d06f0298?s=96&d=mm&r=g","url":"https:\/\/secure.gravatar.com\/avatar\/7ce1f28c0c3bbac99ff550b85ef8e44a6950c6ee24514fb6a5489e51d06f0298?s=96&d=mm&r=g","contentUrl":"https:\/\/secure.gravatar.com\/avatar\/7ce1f28c0c3bbac99ff550b85ef8e44a6950c6ee24514fb6a5489e51d06f0298?s=96&d=mm&r=g","caption":"webdo.tn"},"url":"https:\/\/www.webdo.tn\/fr\/actualite\/author\/webdotn\/"}]}},"_links":{"self":[{"href":"https:\/\/www.webdo.tn\/fr\/wp-json\/wp\/v2\/posts\/172247","targetHints":{"allow":["GET"]}}],"collection":[{"href":"https:\/\/www.webdo.tn\/fr\/wp-json\/wp\/v2\/posts"}],"about":[{"href":"https:\/\/www.webdo.tn\/fr\/wp-json\/wp\/v2\/types\/post"}],"author":[{"embeddable":true,"href":"https:\/\/www.webdo.tn\/fr\/wp-json\/wp\/v2\/users\/3222"}],"replies":[{"embeddable":true,"href":"https:\/\/www.webdo.tn\/fr\/wp-json\/wp\/v2\/comments?post=172247"}],"version-history":[{"count":0,"href":"https:\/\/www.webdo.tn\/fr\/wp-json\/wp\/v2\/posts\/172247\/revisions"}],"wp:featuredmedia":[{"embeddable":true,"href":"https:\/\/www.webdo.tn\/fr\/wp-json\/wp\/v2\/media\/333794"}],"wp:attachment":[{"href":"https:\/\/www.webdo.tn\/fr\/wp-json\/wp\/v2\/media?parent=172247"}],"wp:term":[{"taxonomy":"category","embeddable":true,"href":"https:\/\/www.webdo.tn\/fr\/wp-json\/wp\/v2\/categories?post=172247"},{"taxonomy":"post_tag","embeddable":true,"href":"https:\/\/www.webdo.tn\/fr\/wp-json\/wp\/v2\/tags?post=172247"}],"curies":[{"name":"wp","href":"https:\/\/api.w.org\/{rel}","templated":true}]}}