{"id":172245,"date":"2012-02-02T08:30:00","date_gmt":"2012-02-02T08:30:00","guid":{"rendered":"https:\/\/www.webdo.tn\/fr\/blog\/le-gouvernement-n-est-pas-une-affaire-privee-pour-pratiquer-le-parentage\/172245\/"},"modified":"2012-02-02T08:30:00","modified_gmt":"2012-02-02T08:30:00","slug":"le-gouvernement-n-est-pas-une-affaire-privee-pour-pratiquer-le-parentage","status":"publish","type":"post","link":"https:\/\/www.webdo.tn\/fr\/actualite\/national\/le-gouvernement-n-est-pas-une-affaire-privee-pour-pratiquer-le-parentage\/172245\/","title":{"rendered":"Le gouvernement n\u2019est pas une affaire priv\u00e9e pour pratiquer le parentage"},"content":{"rendered":"<p>Dhikrayet Ma\u00e2ter, fille du ministre de l\u2019Emploi, Monsieur Abdelwahab Ma\u00e2ter, vient d\u2019\u00eatre nomm\u00e9e conseiller juridique du ministre de la Femme. Sous d\u2019autres cieux o\u00f9 la d\u00e9mocratie est la pierre angulaire des relations politico-sociales, on aurait cri\u00e9 au scandale. Chez nous et en d\u00e9pit de la nouvelle donne contextuelle, on persiste et signe .<\/p>\n<p>Lorsqu\u2019en 2009 Nicolas Sarkozy avait envisag\u00e9 de d\u00e9signer son fils, alors \u00e2g\u00e9 de 23 ans, \u00e0 la t\u00eate de l\u2019EPAD o\u00f9 il a \u00e9t\u00e9 d\u00e9sign\u00e9 administrateur, la presse fran\u00e7aise tout enti\u00e8re a r\u00e9agi pour d\u00e9noncer ce qu\u2019elle a qualifi\u00e9 de n\u00e9potisme et d\u2019abus de pouvoir. Il a beau \u00eatre comp\u00e9tent, comme certains dans l\u2019entourage de Sarkozy ont essay\u00e9 de faire comprendre, le fait qu\u2019il soit le fils du Pr\u00e9sident de la R\u00e9publique ne plaide pas en faveur de son intronisation \u00e0 la t\u00eate d\u2019une entreprise publique ; en tous les cas, cette d\u00e9cision n\u2019\u00e9tait pas du tout accept\u00e9e dans une soci\u00e9t\u00e9 trop attach\u00e9e aux valeurs r\u00e9publicaines et aux principes de la bonne gouvernance. La vague de protestations \u00e9manant de la gauche et d\u2019une bonne partie de la droite a amen\u00e9 Jean Sarkozy \u00e0 renoncer au poste qui lui a \u00e9t\u00e9 offert. C\u2019\u00e9tait l\u2019effet r\u00e9gulateur de la d\u00e9mocratie qui a permis au 4\u00e8me pouvoir, celui de la presse, d\u2019arr\u00eater le pouvoir ex\u00e9cutif et de le rappeler \u00e0 l\u2019ordre.<\/p>\n<p>Maintenant pour revenir au contexte local qui est en plein chantier pour la construction de la nouvelle r\u00e9publique, la d\u00e9mocratie a fonctionn\u00e9 en sens inverse en imposant une d\u00e9cision surprenante et en mettant tout le monde devant le fait accompli. L\u2019affaire Dhikrayet Ma\u00e2ter, d\u00e9sign\u00e9e conseiller juridique dans le cabinet du ministre de la femme, est un coup s\u00e9rieux port\u00e9 au processus d\u00e9mocratique en gestation. Outre le fait qu\u2019elle soit la fille du ministre de l\u2019Emploi, les d\u00e9clarations de son p\u00e8re , sont , pour le moins qu\u2019on puisse dire, choquantes et provocatrices. Dans une interview qu\u2019il a livr\u00e9e \u00e0 un quotidien de la place, il a avanc\u00e9 que chaque ministre est libre de nommer dans son cabinet les personnes de son choix et que la d\u00e9signation de sa fille est justifi\u00e9e par sa comp\u00e9tence et son militantisme au sein du Congr\u00e8s pour la R\u00e9publique ( CPR )<\/p>\n<p>Ces propos suscitent perplexit\u00e9 et indignation \u00e0 plus d\u2019un titre . Venant d\u2019un militant d\u00e9mocrate et d\u2019un membre du premier gouvernement l\u00e9gitime apr\u00e8s la r\u00e9volte du peuple tunisien , ils ne peuvent qu\u2019inqui\u00e9ter . Un ministre n\u2019a pas la libert\u00e9 de nommer les membres de son cabinet, mais il a plut\u00f4t la responsabilit\u00e9 de se faire assister par des cadres comp\u00e9tents et exp\u00e9riment\u00e9s compte tenu des besoins de son d\u00e9partement et de l\u2019apport qu\u2019ils peuvent fournir. En lui reconnaissant une libert\u00e9 absolue, le ministre confirme qu\u2019on est pas encore sorti de l\u2019auberge et que certaines pratiques qui \u00e9taient reproch\u00e9es \u00e0 la dictature et ses serviteurs sont de retour .<\/p>\n<p>Les jeunes ne peuvent pas faire confiance \u00e0 un ministre de l\u2019emploi qui ne trouve aucun inconv\u00e9nient \u00e0 ce que sa fille soit parachut\u00e9e dans le cabinet d\u2019une cons\u0153ur alors qu\u2019ils sont des centaines de milliers entre dipl\u00f4m\u00e9s et non dipl\u00f4m\u00e9s \u00e0 attendre leur tour pour \u00eatre au bas de l\u2019\u00e9chelle dans la fonction publique. Ils ne peuvent pas croire que cette d\u00e9signation repose sur un CV garni, une exp\u00e9rience vari\u00e9e et une comp\u00e9tence remarquable justifiant l\u2019attribution d\u2019une aussi d\u00e9licate fonction \u00e0 un jeune dipl\u00f4m\u00e9. \u00c0 c\u00f4t\u00e9 de ces appr\u00e9hensions, certains se demandent si le poste de conseiller juridique est ou non pr\u00e9vue dans l\u2019organigramme du minist\u00e8re de la Femme. Si oui qui \u00e9tait son titulaire et qu\u2019est ce qu\u2019il est devenu . Sinon, l\u2019on se demande si en vertu des attributions et de la mission de ce d\u00e9partement, le poste se justifie et s\u2019il a \u00e9t\u00e9 ou non tenu compte de la politique d\u2019aust\u00e9rit\u00e9 annonc\u00e9e dans le cadre de la compression des d\u00e9penses gouvernementales.<\/p>\n<p>Selon le ministre de l\u2019Emploi, sa fille a \u00e9t\u00e9 sollicit\u00e9e par le ministre de la Femme \u00e0 cause de ses comp\u00e9tences et de son militantisme au sein du CPR. Rappelons pour la petite histoire que Sakhr Materi, membre dirigeant dans le Parti de son gendre ( RCD) est pr\u00e9sent\u00e9 comme \u00e9tant l\u2019une des rares comp\u00e9tences talentueuses du pays et ceci ne l\u2019a pas emp\u00each\u00e9 de verser dans la corruption et la malversation et que Jean Sarkozy est lui aussi militant dans le Parti de papa ( l\u2019UMP) et ceci ne l\u2019a pas emp\u00each\u00e9 de se d\u00e9sister sous la pression des m\u00e9dias.<\/p>\n<p>Dans cette affaire et malgr\u00e9 les r\u00e9serves \u00e9mises par les m\u00e9dias et bon nombre de citoyens, la d\u00e9cision sera maintenue et le restera tant que Dhikrayat est la fille du ministre du moins pour le peu de temps que durera son mandat provisoire . Au-del\u00e0, elle sera tributaire de l\u2019humeur de celui qui lui succ\u00e9dera.<br \/>\nLa gravit\u00e9 de la d\u00e9cision ne r\u00e9side pas seulement dans le caract\u00e8re r\u00e9pr\u00e9hensible de la pratique du parentage au regard des exigences de la bonne gouvernance, mais aussi dans les tentations suspicieuses qu\u2019elle peut susciter. Elle est toujours sujette \u00e0 suspicion quelle que soit l&rsquo;exceptionnalit\u00e9 de la comp\u00e9tence de la personne d\u00e9sign\u00e9e. C\u2019est d\u2019ailleurs la raison pour laquelle les responsables gouvernementaux dans les pays d\u00e9mocratiques \u00e9vitent d\u2019y recourir ne serait \u2013ce que par respect \u00e0 l\u2019\u00e9thique politique en vigueur dans ces pays.<\/p>\n<p>En lui donnant une explication au demeurant pas tout \u00e0 fait convaincante, le ministre de l\u2019Emploi montre le mauvais exemple. D\u00e9sormais, les proches et alli\u00e9s des ministres et des premiers responsables gouvernementaux peuvent esp\u00e9rer acc\u00e9der \u00e0 des emplois et des avantages ( autorisations, cr\u00e9dits\u2026). Les militants et les cadres dans les partis en comp\u00e9tition et tous ceux qui concourent \u00e0 la vie publique peuvent trouver dans cette affaire un ant\u00e9c\u00e9dent pour faire profiter les leurs, s\u2019arroger petit \u00e0 petit d\u2019autres privil\u00e8ges et peut-\u00eatre faire revenir l\u2019immunit\u00e9, l&rsquo;intouchabilit\u00e9 et la pr\u00e9sidence \u00e0 vie avec un RCD relook\u00e9 et des miliciens new-look .<\/p>\n","protected":false},"excerpt":{"rendered":"<p>Le gouvernement n\u2019est pas une affaire priv\u00e9e pour pratiquer le parentage<\/p>\n","protected":false},"author":3222,"featured_media":333792,"comment_status":"open","ping_status":"closed","sticky":false,"template":"","format":"standard","meta":{"footnotes":""},"categories":[44],"tags":[2600],"class_list":["post-172245","post","type-post","status-publish","format-standard","has-post-thumbnail","hentry","category-national","tag-guerre"],"yoast_head":"<!-- This site is optimized with the Yoast SEO Premium plugin v27.5 (Yoast SEO v27.5) - https:\/\/yoast.com\/product\/yoast-seo-premium-wordpress\/ -->\n<title>Le gouvernement n\u2019est pas une affaire priv\u00e9e pour pratiquer le parentage<\/title>\n<meta name=\"description\" content=\"Le gouvernement n\u2019est pas une affaire priv\u00e9e pour pratiquer le parentage\" \/>\n<link rel=\"canonical\" href=\"https:\/\/www.webdo.tn\/fr\/actualite\/national-45\/le-gouvernement-n-est-pas-une-affaire-privee-pour-pratiquer-le-parentage\/172245\/\" \/>\n<meta property=\"og:locale\" content=\"fr_FR\" \/>\n<meta property=\"og:type\" content=\"article\" \/>\n<meta property=\"og:title\" content=\"Le gouvernement n\u2019est pas une affaire priv\u00e9e pour pratiquer le parentage\" \/>\n<meta property=\"og:description\" content=\"Le gouvernement n\u2019est pas une affaire priv\u00e9e pour pratiquer le parentage\" \/>\n<meta property=\"og:url\" content=\"https:\/\/www.webdo.tn\/fr\/actualite\/national-45\/le-gouvernement-n-est-pas-une-affaire-privee-pour-pratiquer-le-parentage\/172245\/\" \/>\n<meta property=\"og:site_name\" content=\"webdo\" \/>\n<meta property=\"article:publisher\" content=\"https:\/\/www.facebook.com\/webdotn\" \/>\n<meta property=\"article:published_time\" content=\"2012-02-02T08:30:00+00:00\" \/>\n<meta property=\"og:image\" content=\"https:\/\/www.webdo.tn\/fr\/wp-content\/uploads\/2012\/02\/Gouvernement-de-Jebali-Tunisie-photo-Tap.jpg\" \/>\n\t<meta property=\"og:image:width\" content=\"397\" \/>\n\t<meta property=\"og:image:height\" content=\"252\" \/>\n\t<meta property=\"og:image:type\" content=\"image\/jpeg\" \/>\n<meta name=\"author\" content=\"webdo.tn\" \/>\n<meta name=\"twitter:card\" content=\"summary_large_image\" \/>\n<meta name=\"twitter:creator\" content=\"@webdo_tn\" \/>\n<meta name=\"twitter:site\" content=\"@webdo_tn\" \/>\n<meta name=\"twitter:label1\" content=\"\u00c9crit par\" \/>\n\t<meta name=\"twitter:data1\" content=\"webdo.tn\" \/>\n\t<meta name=\"twitter:label2\" content=\"Dur\u00e9e de lecture estim\u00e9e\" \/>\n\t<meta name=\"twitter:data2\" content=\"6 minutes\" \/>\n<script type=\"application\/ld+json\" class=\"yoast-schema-graph\">{\"@context\":\"https:\\\/\\\/schema.org\",\"@graph\":[{\"@type\":\"NewsArticle\",\"@id\":\"https:\\\/\\\/www.webdo.tn\\\/fr\\\/actualite\\\/national-45\\\/le-gouvernement-n-est-pas-une-affaire-privee-pour-pratiquer-le-parentage\\\/172245\\\/#article\",\"isPartOf\":{\"@id\":\"https:\\\/\\\/www.webdo.tn\\\/fr\\\/actualite\\\/national-45\\\/le-gouvernement-n-est-pas-une-affaire-privee-pour-pratiquer-le-parentage\\\/172245\\\/\"},\"author\":{\"name\":\"webdo.tn\",\"@id\":\"https:\\\/\\\/www.webdo.tn\\\/fr\\\/#\\\/schema\\\/person\\\/9a9c6118d687c117df8ef3cc36a4d175\"},\"headline\":\"Le gouvernement n\u2019est pas une affaire priv\u00e9e pour pratiquer le parentage\",\"datePublished\":\"2012-02-02T08:30:00+00:00\",\"mainEntityOfPage\":{\"@id\":\"https:\\\/\\\/www.webdo.tn\\\/fr\\\/actualite\\\/national-45\\\/le-gouvernement-n-est-pas-une-affaire-privee-pour-pratiquer-le-parentage\\\/172245\\\/\"},\"wordCount\":1120,\"commentCount\":0,\"publisher\":{\"@id\":\"https:\\\/\\\/www.webdo.tn\\\/fr\\\/#organization\"},\"image\":{\"@id\":\"https:\\\/\\\/www.webdo.tn\\\/fr\\\/actualite\\\/national-45\\\/le-gouvernement-n-est-pas-une-affaire-privee-pour-pratiquer-le-parentage\\\/172245\\\/#primaryimage\"},\"thumbnailUrl\":\"https:\\\/\\\/www.webdo.tn\\\/fr\\\/wp-content\\\/uploads\\\/2012\\\/02\\\/Gouvernement-de-Jebali-Tunisie-photo-Tap.jpg\",\"keywords\":[\"guerre\"],\"articleSection\":[\"National\"],\"inLanguage\":\"fr-FR\"},{\"@type\":\"WebPage\",\"@id\":\"https:\\\/\\\/www.webdo.tn\\\/fr\\\/actualite\\\/national-45\\\/le-gouvernement-n-est-pas-une-affaire-privee-pour-pratiquer-le-parentage\\\/172245\\\/\",\"url\":\"https:\\\/\\\/www.webdo.tn\\\/fr\\\/actualite\\\/national-45\\\/le-gouvernement-n-est-pas-une-affaire-privee-pour-pratiquer-le-parentage\\\/172245\\\/\",\"name\":\"Le gouvernement n\u2019est pas une affaire priv\u00e9e pour pratiquer le parentage\",\"isPartOf\":{\"@id\":\"https:\\\/\\\/www.webdo.tn\\\/fr\\\/#website\"},\"primaryImageOfPage\":{\"@id\":\"https:\\\/\\\/www.webdo.tn\\\/fr\\\/actualite\\\/national-45\\\/le-gouvernement-n-est-pas-une-affaire-privee-pour-pratiquer-le-parentage\\\/172245\\\/#primaryimage\"},\"image\":{\"@id\":\"https:\\\/\\\/www.webdo.tn\\\/fr\\\/actualite\\\/national-45\\\/le-gouvernement-n-est-pas-une-affaire-privee-pour-pratiquer-le-parentage\\\/172245\\\/#primaryimage\"},\"thumbnailUrl\":\"https:\\\/\\\/www.webdo.tn\\\/fr\\\/wp-content\\\/uploads\\\/2012\\\/02\\\/Gouvernement-de-Jebali-Tunisie-photo-Tap.jpg\",\"datePublished\":\"2012-02-02T08:30:00+00:00\",\"description\":\"Le gouvernement n\u2019est pas une affaire priv\u00e9e pour pratiquer le parentage\",\"breadcrumb\":{\"@id\":\"https:\\\/\\\/www.webdo.tn\\\/fr\\\/actualite\\\/national-45\\\/le-gouvernement-n-est-pas-une-affaire-privee-pour-pratiquer-le-parentage\\\/172245\\\/#breadcrumb\"},\"inLanguage\":\"fr-FR\",\"potentialAction\":[{\"@type\":\"ReadAction\",\"target\":[\"https:\\\/\\\/www.webdo.tn\\\/fr\\\/actualite\\\/national-45\\\/le-gouvernement-n-est-pas-une-affaire-privee-pour-pratiquer-le-parentage\\\/172245\\\/\"]}]},{\"@type\":\"ImageObject\",\"inLanguage\":\"fr-FR\",\"@id\":\"https:\\\/\\\/www.webdo.tn\\\/fr\\\/actualite\\\/national-45\\\/le-gouvernement-n-est-pas-une-affaire-privee-pour-pratiquer-le-parentage\\\/172245\\\/#primaryimage\",\"url\":\"https:\\\/\\\/www.webdo.tn\\\/fr\\\/wp-content\\\/uploads\\\/2012\\\/02\\\/Gouvernement-de-Jebali-Tunisie-photo-Tap.jpg\",\"contentUrl\":\"https:\\\/\\\/www.webdo.tn\\\/fr\\\/wp-content\\\/uploads\\\/2012\\\/02\\\/Gouvernement-de-Jebali-Tunisie-photo-Tap.jpg\",\"width\":397,\"height\":252,\"caption\":\"Le gouvernement n\u2019est pas une affaire priv\u00e9e pour pratiquer le parentage\"},{\"@type\":\"BreadcrumbList\",\"@id\":\"https:\\\/\\\/www.webdo.tn\\\/fr\\\/actualite\\\/national-45\\\/le-gouvernement-n-est-pas-une-affaire-privee-pour-pratiquer-le-parentage\\\/172245\\\/#breadcrumb\",\"itemListElement\":[{\"@type\":\"ListItem\",\"position\":1,\"name\":\"Accueil\",\"item\":\"https:\\\/\\\/www.webdo.tn\\\/fr\\\/\"},{\"@type\":\"ListItem\",\"position\":2,\"name\":\"Le gouvernement n\u2019est pas une affaire priv\u00e9e pour pratiquer le parentage\"}]},{\"@type\":\"WebSite\",\"@id\":\"https:\\\/\\\/www.webdo.tn\\\/fr\\\/#website\",\"url\":\"https:\\\/\\\/www.webdo.tn\\\/fr\\\/\",\"name\":\"webdo\",\"description\":\"Tunisie - News en Tunisie et \u00e0 l&#039;international sur Webdo.tn\",\"publisher\":{\"@id\":\"https:\\\/\\\/www.webdo.tn\\\/fr\\\/#organization\"},\"potentialAction\":[{\"@type\":\"SearchAction\",\"target\":{\"@type\":\"EntryPoint\",\"urlTemplate\":\"https:\\\/\\\/www.webdo.tn\\\/fr\\\/?s={search_term_string}\"},\"query-input\":{\"@type\":\"PropertyValueSpecification\",\"valueRequired\":true,\"valueName\":\"search_term_string\"}}],\"inLanguage\":\"fr-FR\"},{\"@type\":\"Organization\",\"@id\":\"https:\\\/\\\/www.webdo.tn\\\/fr\\\/#organization\",\"name\":\"Webdo\",\"alternateName\":\"Webdo.tn\",\"url\":\"https:\\\/\\\/www.webdo.tn\\\/fr\\\/\",\"logo\":{\"@type\":\"ImageObject\",\"inLanguage\":\"fr-FR\",\"@id\":\"https:\\\/\\\/www.webdo.tn\\\/fr\\\/#\\\/schema\\\/logo\\\/image\\\/\",\"url\":\"https:\\\/\\\/www.webdo.tn\\\/fr\\\/wp-content\\\/uploads\\\/2025\\\/06\\\/Webdo-Tunisie_168377.jpg\",\"contentUrl\":\"https:\\\/\\\/www.webdo.tn\\\/fr\\\/wp-content\\\/uploads\\\/2025\\\/06\\\/Webdo-Tunisie_168377.jpg\",\"width\":301,\"height\":301,\"caption\":\"Webdo\"},\"image\":{\"@id\":\"https:\\\/\\\/www.webdo.tn\\\/fr\\\/#\\\/schema\\\/logo\\\/image\\\/\"},\"sameAs\":[\"https:\\\/\\\/www.facebook.com\\\/webdotn\",\"https:\\\/\\\/x.com\\\/webdo_tn\"],\"description\":\"Webdo est un m\u00e9dia num\u00e9rique tunisien fond\u00e9 en 2010, sp\u00e9cialis\u00e9 dans l\u2019actualit\u00e9 nationale et internationale, l\u2019\u00e9conomie, la soci\u00e9t\u00e9 et les analyses politiques. Le site s\u2019adresse \u00e0 un large public francophone et couvre l\u2019information tunisienne en temps r\u00e9el.\",\"email\":\"redac@webdo.tn\",\"legalName\":\"YNJ SARL\",\"foundingDate\":\"2010-09-06\",\"numberOfEmployees\":{\"@type\":\"QuantitativeValue\",\"minValue\":\"11\",\"maxValue\":\"50\"}},{\"@type\":\"Person\",\"@id\":\"https:\\\/\\\/www.webdo.tn\\\/fr\\\/#\\\/schema\\\/person\\\/9a9c6118d687c117df8ef3cc36a4d175\",\"name\":\"webdo.tn\",\"image\":{\"@type\":\"ImageObject\",\"inLanguage\":\"fr-FR\",\"@id\":\"https:\\\/\\\/secure.gravatar.com\\\/avatar\\\/7ce1f28c0c3bbac99ff550b85ef8e44a6950c6ee24514fb6a5489e51d06f0298?s=96&d=mm&r=g\",\"url\":\"https:\\\/\\\/secure.gravatar.com\\\/avatar\\\/7ce1f28c0c3bbac99ff550b85ef8e44a6950c6ee24514fb6a5489e51d06f0298?s=96&d=mm&r=g\",\"contentUrl\":\"https:\\\/\\\/secure.gravatar.com\\\/avatar\\\/7ce1f28c0c3bbac99ff550b85ef8e44a6950c6ee24514fb6a5489e51d06f0298?s=96&d=mm&r=g\",\"caption\":\"webdo.tn\"},\"url\":\"https:\\\/\\\/www.webdo.tn\\\/fr\\\/actualite\\\/author\\\/webdotn\\\/\"}]}<\/script>\n<!-- \/ Yoast SEO Premium plugin. -->","yoast_head_json":{"title":"Le gouvernement n\u2019est pas une affaire priv\u00e9e pour pratiquer le parentage","description":"Le gouvernement n\u2019est pas une affaire priv\u00e9e pour pratiquer le parentage","canonical":"https:\/\/www.webdo.tn\/fr\/actualite\/national-45\/le-gouvernement-n-est-pas-une-affaire-privee-pour-pratiquer-le-parentage\/172245\/","og_locale":"fr_FR","og_type":"article","og_title":"Le gouvernement n\u2019est pas une affaire priv\u00e9e pour pratiquer le parentage","og_description":"Le gouvernement n\u2019est pas une affaire priv\u00e9e pour pratiquer le parentage","og_url":"https:\/\/www.webdo.tn\/fr\/actualite\/national-45\/le-gouvernement-n-est-pas-une-affaire-privee-pour-pratiquer-le-parentage\/172245\/","og_site_name":"webdo","article_publisher":"https:\/\/www.facebook.com\/webdotn","article_published_time":"2012-02-02T08:30:00+00:00","og_image":[{"width":397,"height":252,"url":"https:\/\/www.webdo.tn\/fr\/wp-content\/uploads\/2012\/02\/Gouvernement-de-Jebali-Tunisie-photo-Tap.jpg","type":"image\/jpeg"}],"author":"webdo.tn","twitter_card":"summary_large_image","twitter_creator":"@webdo_tn","twitter_site":"@webdo_tn","twitter_misc":{"\u00c9crit par":"webdo.tn","Dur\u00e9e de lecture estim\u00e9e":"6 minutes"},"schema":{"@context":"https:\/\/schema.org","@graph":[{"@type":"NewsArticle","@id":"https:\/\/www.webdo.tn\/fr\/actualite\/national-45\/le-gouvernement-n-est-pas-une-affaire-privee-pour-pratiquer-le-parentage\/172245\/#article","isPartOf":{"@id":"https:\/\/www.webdo.tn\/fr\/actualite\/national-45\/le-gouvernement-n-est-pas-une-affaire-privee-pour-pratiquer-le-parentage\/172245\/"},"author":{"name":"webdo.tn","@id":"https:\/\/www.webdo.tn\/fr\/#\/schema\/person\/9a9c6118d687c117df8ef3cc36a4d175"},"headline":"Le gouvernement n\u2019est pas une affaire priv\u00e9e pour pratiquer le parentage","datePublished":"2012-02-02T08:30:00+00:00","mainEntityOfPage":{"@id":"https:\/\/www.webdo.tn\/fr\/actualite\/national-45\/le-gouvernement-n-est-pas-une-affaire-privee-pour-pratiquer-le-parentage\/172245\/"},"wordCount":1120,"commentCount":0,"publisher":{"@id":"https:\/\/www.webdo.tn\/fr\/#organization"},"image":{"@id":"https:\/\/www.webdo.tn\/fr\/actualite\/national-45\/le-gouvernement-n-est-pas-une-affaire-privee-pour-pratiquer-le-parentage\/172245\/#primaryimage"},"thumbnailUrl":"https:\/\/www.webdo.tn\/fr\/wp-content\/uploads\/2012\/02\/Gouvernement-de-Jebali-Tunisie-photo-Tap.jpg","keywords":["guerre"],"articleSection":["National"],"inLanguage":"fr-FR"},{"@type":"WebPage","@id":"https:\/\/www.webdo.tn\/fr\/actualite\/national-45\/le-gouvernement-n-est-pas-une-affaire-privee-pour-pratiquer-le-parentage\/172245\/","url":"https:\/\/www.webdo.tn\/fr\/actualite\/national-45\/le-gouvernement-n-est-pas-une-affaire-privee-pour-pratiquer-le-parentage\/172245\/","name":"Le gouvernement n\u2019est pas une affaire priv\u00e9e pour pratiquer le parentage","isPartOf":{"@id":"https:\/\/www.webdo.tn\/fr\/#website"},"primaryImageOfPage":{"@id":"https:\/\/www.webdo.tn\/fr\/actualite\/national-45\/le-gouvernement-n-est-pas-une-affaire-privee-pour-pratiquer-le-parentage\/172245\/#primaryimage"},"image":{"@id":"https:\/\/www.webdo.tn\/fr\/actualite\/national-45\/le-gouvernement-n-est-pas-une-affaire-privee-pour-pratiquer-le-parentage\/172245\/#primaryimage"},"thumbnailUrl":"https:\/\/www.webdo.tn\/fr\/wp-content\/uploads\/2012\/02\/Gouvernement-de-Jebali-Tunisie-photo-Tap.jpg","datePublished":"2012-02-02T08:30:00+00:00","description":"Le gouvernement n\u2019est pas une affaire priv\u00e9e pour pratiquer le parentage","breadcrumb":{"@id":"https:\/\/www.webdo.tn\/fr\/actualite\/national-45\/le-gouvernement-n-est-pas-une-affaire-privee-pour-pratiquer-le-parentage\/172245\/#breadcrumb"},"inLanguage":"fr-FR","potentialAction":[{"@type":"ReadAction","target":["https:\/\/www.webdo.tn\/fr\/actualite\/national-45\/le-gouvernement-n-est-pas-une-affaire-privee-pour-pratiquer-le-parentage\/172245\/"]}]},{"@type":"ImageObject","inLanguage":"fr-FR","@id":"https:\/\/www.webdo.tn\/fr\/actualite\/national-45\/le-gouvernement-n-est-pas-une-affaire-privee-pour-pratiquer-le-parentage\/172245\/#primaryimage","url":"https:\/\/www.webdo.tn\/fr\/wp-content\/uploads\/2012\/02\/Gouvernement-de-Jebali-Tunisie-photo-Tap.jpg","contentUrl":"https:\/\/www.webdo.tn\/fr\/wp-content\/uploads\/2012\/02\/Gouvernement-de-Jebali-Tunisie-photo-Tap.jpg","width":397,"height":252,"caption":"Le gouvernement n\u2019est pas une affaire priv\u00e9e pour pratiquer le parentage"},{"@type":"BreadcrumbList","@id":"https:\/\/www.webdo.tn\/fr\/actualite\/national-45\/le-gouvernement-n-est-pas-une-affaire-privee-pour-pratiquer-le-parentage\/172245\/#breadcrumb","itemListElement":[{"@type":"ListItem","position":1,"name":"Accueil","item":"https:\/\/www.webdo.tn\/fr\/"},{"@type":"ListItem","position":2,"name":"Le gouvernement n\u2019est pas une affaire priv\u00e9e pour pratiquer le parentage"}]},{"@type":"WebSite","@id":"https:\/\/www.webdo.tn\/fr\/#website","url":"https:\/\/www.webdo.tn\/fr\/","name":"webdo","description":"Tunisie - News en Tunisie et \u00e0 l&#039;international sur Webdo.tn","publisher":{"@id":"https:\/\/www.webdo.tn\/fr\/#organization"},"potentialAction":[{"@type":"SearchAction","target":{"@type":"EntryPoint","urlTemplate":"https:\/\/www.webdo.tn\/fr\/?s={search_term_string}"},"query-input":{"@type":"PropertyValueSpecification","valueRequired":true,"valueName":"search_term_string"}}],"inLanguage":"fr-FR"},{"@type":"Organization","@id":"https:\/\/www.webdo.tn\/fr\/#organization","name":"Webdo","alternateName":"Webdo.tn","url":"https:\/\/www.webdo.tn\/fr\/","logo":{"@type":"ImageObject","inLanguage":"fr-FR","@id":"https:\/\/www.webdo.tn\/fr\/#\/schema\/logo\/image\/","url":"https:\/\/www.webdo.tn\/fr\/wp-content\/uploads\/2025\/06\/Webdo-Tunisie_168377.jpg","contentUrl":"https:\/\/www.webdo.tn\/fr\/wp-content\/uploads\/2025\/06\/Webdo-Tunisie_168377.jpg","width":301,"height":301,"caption":"Webdo"},"image":{"@id":"https:\/\/www.webdo.tn\/fr\/#\/schema\/logo\/image\/"},"sameAs":["https:\/\/www.facebook.com\/webdotn","https:\/\/x.com\/webdo_tn"],"description":"Webdo est un m\u00e9dia num\u00e9rique tunisien fond\u00e9 en 2010, sp\u00e9cialis\u00e9 dans l\u2019actualit\u00e9 nationale et internationale, l\u2019\u00e9conomie, la soci\u00e9t\u00e9 et les analyses politiques. Le site s\u2019adresse \u00e0 un large public francophone et couvre l\u2019information tunisienne en temps r\u00e9el.","email":"redac@webdo.tn","legalName":"YNJ SARL","foundingDate":"2010-09-06","numberOfEmployees":{"@type":"QuantitativeValue","minValue":"11","maxValue":"50"}},{"@type":"Person","@id":"https:\/\/www.webdo.tn\/fr\/#\/schema\/person\/9a9c6118d687c117df8ef3cc36a4d175","name":"webdo.tn","image":{"@type":"ImageObject","inLanguage":"fr-FR","@id":"https:\/\/secure.gravatar.com\/avatar\/7ce1f28c0c3bbac99ff550b85ef8e44a6950c6ee24514fb6a5489e51d06f0298?s=96&d=mm&r=g","url":"https:\/\/secure.gravatar.com\/avatar\/7ce1f28c0c3bbac99ff550b85ef8e44a6950c6ee24514fb6a5489e51d06f0298?s=96&d=mm&r=g","contentUrl":"https:\/\/secure.gravatar.com\/avatar\/7ce1f28c0c3bbac99ff550b85ef8e44a6950c6ee24514fb6a5489e51d06f0298?s=96&d=mm&r=g","caption":"webdo.tn"},"url":"https:\/\/www.webdo.tn\/fr\/actualite\/author\/webdotn\/"}]}},"_links":{"self":[{"href":"https:\/\/www.webdo.tn\/fr\/wp-json\/wp\/v2\/posts\/172245","targetHints":{"allow":["GET"]}}],"collection":[{"href":"https:\/\/www.webdo.tn\/fr\/wp-json\/wp\/v2\/posts"}],"about":[{"href":"https:\/\/www.webdo.tn\/fr\/wp-json\/wp\/v2\/types\/post"}],"author":[{"embeddable":true,"href":"https:\/\/www.webdo.tn\/fr\/wp-json\/wp\/v2\/users\/3222"}],"replies":[{"embeddable":true,"href":"https:\/\/www.webdo.tn\/fr\/wp-json\/wp\/v2\/comments?post=172245"}],"version-history":[{"count":0,"href":"https:\/\/www.webdo.tn\/fr\/wp-json\/wp\/v2\/posts\/172245\/revisions"}],"wp:featuredmedia":[{"embeddable":true,"href":"https:\/\/www.webdo.tn\/fr\/wp-json\/wp\/v2\/media\/333792"}],"wp:attachment":[{"href":"https:\/\/www.webdo.tn\/fr\/wp-json\/wp\/v2\/media?parent=172245"}],"wp:term":[{"taxonomy":"category","embeddable":true,"href":"https:\/\/www.webdo.tn\/fr\/wp-json\/wp\/v2\/categories?post=172245"},{"taxonomy":"post_tag","embeddable":true,"href":"https:\/\/www.webdo.tn\/fr\/wp-json\/wp\/v2\/tags?post=172245"}],"curies":[{"name":"wp","href":"https:\/\/api.w.org\/{rel}","templated":true}]}}