{"id":172244,"date":"2012-02-02T12:48:00","date_gmt":"2012-02-02T12:48:00","guid":{"rendered":"https:\/\/www.webdo.tn\/fr\/blog\/deux-fugitifs-tues-le-troisieme-arrete\/172244\/"},"modified":"2012-02-02T12:48:00","modified_gmt":"2012-02-02T12:48:00","slug":"deux-fugitifs-tues-le-troisieme-arrete","status":"publish","type":"post","link":"https:\/\/www.webdo.tn\/fr\/actualite\/national\/deux-fugitifs-tues-le-troisieme-arrete\/172244\/","title":{"rendered":"Deux fugitifs tu\u00e9s, le troisi\u00e8me arr\u00eat\u00e9"},"content":{"rendered":"<p>Apr\u00e8s  des heures d\u2019affrontements, un groupe de criminels a \u00e9t\u00e9 finalement mis hors  d\u2019\u00e9tat de nuire par les forces de s\u00e9curit\u00e9 tunisiennes non sans avoir fait des  victimes.<\/p>\n<p>Ils  \u00e9taient en fuite depuis hier, mercredi. Apr\u00e8s des affrontements qui ont dur\u00e9 des  heures, les malfaiteurs en question ont \u00e9t\u00e9 maitris\u00e9s et le bilan d\u00e9finitif de  l\u2019op\u00e9ration s\u2019\u00e9l\u00e8ve \u00e0 deux morts parmi les criminels, cinq bless\u00e9s parmi les  forces de l\u2019ordre et une arrestation.<\/p>\n<p>Dans  la course-poursuite qui s\u2019est engag\u00e9e, les forces de l\u2019arm\u00e9e, de la Garde  nationale et de la police ont encercl\u00e9 la localit\u00e9 de Bir Ali Ben Khelifa, pr\u00e8s  de Sfax, ce qui a pouss\u00e9 les trois fugitifs \u00e0 abandonner la Clio qui les  transportait et son contenu, \u00e0 savoir une demi-douzaine de kalachnikovs et des  munitions.<\/p>\n<p>S\u2019en  est suivi une chasse \u00e0 l\u2019homme qui aura dur\u00e9 une grande partie de la nuit et qui  s\u2019est sold\u00e9e au petit matin par la mort de deux membres de la bande et  l\u2019arrestation du troisi\u00e8me, un \u00e9tudiant de 21 ans, selon Mosaique FM. Toutefois,  il est trop t\u00f4t pour se prononcer sur l\u2019appartenance de ce groupuscule ou sur  ses motivations.<\/p>\n<p>D\u2019apr\u00e8s  Mosaique FM, les forces de l\u2019ordre ont \u00e9galement d\u00e9couvert dans le v\u00e9hicule au  sein duquel \u00e9taient cach\u00e9es les armes, une liste contenant plusieurs noms. Mais  \u00e0 l\u2019heure actuelle, l\u2019enqu\u00eate est encore en cours pour d\u00e9terminer si ces  personnes, dont certaines ont \u00e9t\u00e9 interpell\u00e9es, sont des complices ou des cibles  potentielles.<\/p>\n<p>Il  s\u2019agirait donc, \u00e0 premi\u00e8re vue, d\u2019un r\u00e9seau de trafic d\u2019armes qui a \u00e9t\u00e9  d\u00e9mantel\u00e9 \u00e0 l\u2019instar de celui qui a d\u00e9mont\u00e9 il y a quelques jours.<\/p>\n<p>S\u2019agirait-il  de salafistes, de brigands, de criminels organis\u00e9s en bandes, de trafiquants ?  La police poursuit ses investigations pour d\u00e9terminer la nature de cette bande  sachant que le trafic d\u2019armes est devenu une activit\u00e9 \u00e0 la mode suite au conflit  libyen. Notons, par ailleurs que plus de 600 armes ont d\u00e9j\u00e0 \u00e9t\u00e9 saisies dans  notre pays en une ann\u00e9e.<\/p>\n","protected":false},"excerpt":{"rendered":"<p>Deux fugitifs tu\u00e9s, le troisi\u00e8me arr\u00eat\u00e9<\/p>\n","protected":false},"author":3222,"featured_media":374522,"comment_status":"open","ping_status":"closed","sticky":false,"template":"","format":"standard","meta":{"footnotes":""},"categories":[44],"tags":[2600],"class_list":["post-172244","post","type-post","status-publish","format-standard","has-post-thumbnail","hentry","category-national","tag-guerre"],"yoast_head":"<!-- This site is optimized with the Yoast SEO Premium plugin v27.5 (Yoast SEO v27.5) - https:\/\/yoast.com\/product\/yoast-seo-premium-wordpress\/ -->\n<title>Deux fugitifs tu\u00e9s, le troisi\u00e8me arr\u00eat\u00e9<\/title>\n<meta name=\"description\" content=\"Deux fugitifs tu\u00e9s, le troisi\u00e8me arr\u00eat\u00e9\" \/>\n<link rel=\"canonical\" href=\"https:\/\/www.webdo.tn\/fr\/actualite\/national-45\/deux-fugitifs-tues-le-troisieme-arrete\/172244\/\" \/>\n<meta property=\"og:locale\" content=\"fr_FR\" \/>\n<meta property=\"og:type\" content=\"article\" \/>\n<meta property=\"og:title\" content=\"Deux fugitifs tu\u00e9s, le troisi\u00e8me arr\u00eat\u00e9\" \/>\n<meta property=\"og:description\" content=\"Deux fugitifs tu\u00e9s, le troisi\u00e8me arr\u00eat\u00e9\" \/>\n<meta property=\"og:url\" content=\"https:\/\/www.webdo.tn\/fr\/actualite\/national-45\/deux-fugitifs-tues-le-troisieme-arrete\/172244\/\" \/>\n<meta property=\"og:site_name\" content=\"webdo\" \/>\n<meta property=\"article:publisher\" content=\"https:\/\/www.facebook.com\/webdotn\" \/>\n<meta property=\"article:published_time\" content=\"2012-02-02T12:48:00+00:00\" \/>\n<meta name=\"author\" content=\"webdo.tn\" \/>\n<meta name=\"twitter:card\" content=\"summary_large_image\" \/>\n<meta name=\"twitter:creator\" content=\"@webdo_tn\" \/>\n<meta name=\"twitter:site\" content=\"@webdo_tn\" \/>\n<meta name=\"twitter:label1\" content=\"\u00c9crit par\" \/>\n\t<meta name=\"twitter:data1\" content=\"webdo.tn\" \/>\n\t<meta name=\"twitter:label2\" content=\"Dur\u00e9e de lecture estim\u00e9e\" \/>\n\t<meta name=\"twitter:data2\" content=\"2 minutes\" \/>\n<script type=\"application\/ld+json\" class=\"yoast-schema-graph\">{\"@context\":\"https:\\\/\\\/schema.org\",\"@graph\":[{\"@type\":\"NewsArticle\",\"@id\":\"https:\\\/\\\/www.webdo.tn\\\/fr\\\/actualite\\\/national-45\\\/deux-fugitifs-tues-le-troisieme-arrete\\\/172244\\\/#article\",\"isPartOf\":{\"@id\":\"https:\\\/\\\/www.webdo.tn\\\/fr\\\/actualite\\\/national-45\\\/deux-fugitifs-tues-le-troisieme-arrete\\\/172244\\\/\"},\"author\":{\"name\":\"webdo.tn\",\"@id\":\"https:\\\/\\\/www.webdo.tn\\\/fr\\\/#\\\/schema\\\/person\\\/9a9c6118d687c117df8ef3cc36a4d175\"},\"headline\":\"Deux fugitifs tu\u00e9s, le troisi\u00e8me arr\u00eat\u00e9\",\"datePublished\":\"2012-02-02T12:48:00+00:00\",\"mainEntityOfPage\":{\"@id\":\"https:\\\/\\\/www.webdo.tn\\\/fr\\\/actualite\\\/national-45\\\/deux-fugitifs-tues-le-troisieme-arrete\\\/172244\\\/\"},\"wordCount\":376,\"commentCount\":0,\"publisher\":{\"@id\":\"https:\\\/\\\/www.webdo.tn\\\/fr\\\/#organization\"},\"image\":{\"@id\":\"https:\\\/\\\/www.webdo.tn\\\/fr\\\/actualite\\\/national-45\\\/deux-fugitifs-tues-le-troisieme-arrete\\\/172244\\\/#primaryimage\"},\"thumbnailUrl\":\"https:\\\/\\\/www.webdo.tn\\\/fr\\\/wp-content\\\/uploads\\\/2025\\\/06\\\/Les-trois-fugitifs-ont-abandonne-une-demi-douzaine-de-kalachnikovs-et-des-munitions-photo-archive1_172244.jpg\",\"keywords\":[\"guerre\"],\"articleSection\":[\"National\"],\"inLanguage\":\"fr-FR\"},{\"@type\":\"WebPage\",\"@id\":\"https:\\\/\\\/www.webdo.tn\\\/fr\\\/actualite\\\/national-45\\\/deux-fugitifs-tues-le-troisieme-arrete\\\/172244\\\/\",\"url\":\"https:\\\/\\\/www.webdo.tn\\\/fr\\\/actualite\\\/national-45\\\/deux-fugitifs-tues-le-troisieme-arrete\\\/172244\\\/\",\"name\":\"Deux fugitifs tu\u00e9s, le troisi\u00e8me arr\u00eat\u00e9\",\"isPartOf\":{\"@id\":\"https:\\\/\\\/www.webdo.tn\\\/fr\\\/#website\"},\"primaryImageOfPage\":{\"@id\":\"https:\\\/\\\/www.webdo.tn\\\/fr\\\/actualite\\\/national-45\\\/deux-fugitifs-tues-le-troisieme-arrete\\\/172244\\\/#primaryimage\"},\"image\":{\"@id\":\"https:\\\/\\\/www.webdo.tn\\\/fr\\\/actualite\\\/national-45\\\/deux-fugitifs-tues-le-troisieme-arrete\\\/172244\\\/#primaryimage\"},\"thumbnailUrl\":\"https:\\\/\\\/www.webdo.tn\\\/fr\\\/wp-content\\\/uploads\\\/2025\\\/06\\\/Les-trois-fugitifs-ont-abandonne-une-demi-douzaine-de-kalachnikovs-et-des-munitions-photo-archive1_172244.jpg\",\"datePublished\":\"2012-02-02T12:48:00+00:00\",\"description\":\"Deux fugitifs tu\u00e9s, le troisi\u00e8me arr\u00eat\u00e9\",\"breadcrumb\":{\"@id\":\"https:\\\/\\\/www.webdo.tn\\\/fr\\\/actualite\\\/national-45\\\/deux-fugitifs-tues-le-troisieme-arrete\\\/172244\\\/#breadcrumb\"},\"inLanguage\":\"fr-FR\",\"potentialAction\":[{\"@type\":\"ReadAction\",\"target\":[\"https:\\\/\\\/www.webdo.tn\\\/fr\\\/actualite\\\/national-45\\\/deux-fugitifs-tues-le-troisieme-arrete\\\/172244\\\/\"]}]},{\"@type\":\"ImageObject\",\"inLanguage\":\"fr-FR\",\"@id\":\"https:\\\/\\\/www.webdo.tn\\\/fr\\\/actualite\\\/national-45\\\/deux-fugitifs-tues-le-troisieme-arrete\\\/172244\\\/#primaryimage\",\"url\":\"https:\\\/\\\/www.webdo.tn\\\/fr\\\/wp-content\\\/uploads\\\/2025\\\/06\\\/Les-trois-fugitifs-ont-abandonne-une-demi-douzaine-de-kalachnikovs-et-des-munitions-photo-archive1_172244.jpg\",\"contentUrl\":\"https:\\\/\\\/www.webdo.tn\\\/fr\\\/wp-content\\\/uploads\\\/2025\\\/06\\\/Les-trois-fugitifs-ont-abandonne-une-demi-douzaine-de-kalachnikovs-et-des-munitions-photo-archive1_172244.jpg\",\"width\":234,\"height\":162,\"caption\":\"Deux fugitifs tu\u00e9s, le troisi\u00e8me arr\u00eat\u00e9\"},{\"@type\":\"BreadcrumbList\",\"@id\":\"https:\\\/\\\/www.webdo.tn\\\/fr\\\/actualite\\\/national-45\\\/deux-fugitifs-tues-le-troisieme-arrete\\\/172244\\\/#breadcrumb\",\"itemListElement\":[{\"@type\":\"ListItem\",\"position\":1,\"name\":\"Accueil\",\"item\":\"https:\\\/\\\/www.webdo.tn\\\/fr\\\/\"},{\"@type\":\"ListItem\",\"position\":2,\"name\":\"Deux fugitifs tu\u00e9s, le troisi\u00e8me arr\u00eat\u00e9\"}]},{\"@type\":\"WebSite\",\"@id\":\"https:\\\/\\\/www.webdo.tn\\\/fr\\\/#website\",\"url\":\"https:\\\/\\\/www.webdo.tn\\\/fr\\\/\",\"name\":\"webdo\",\"description\":\"Tunisie - News en Tunisie et \u00e0 l&#039;international sur Webdo.tn\",\"publisher\":{\"@id\":\"https:\\\/\\\/www.webdo.tn\\\/fr\\\/#organization\"},\"potentialAction\":[{\"@type\":\"SearchAction\",\"target\":{\"@type\":\"EntryPoint\",\"urlTemplate\":\"https:\\\/\\\/www.webdo.tn\\\/fr\\\/?s={search_term_string}\"},\"query-input\":{\"@type\":\"PropertyValueSpecification\",\"valueRequired\":true,\"valueName\":\"search_term_string\"}}],\"inLanguage\":\"fr-FR\"},{\"@type\":\"Organization\",\"@id\":\"https:\\\/\\\/www.webdo.tn\\\/fr\\\/#organization\",\"name\":\"Webdo\",\"alternateName\":\"Webdo.tn\",\"url\":\"https:\\\/\\\/www.webdo.tn\\\/fr\\\/\",\"logo\":{\"@type\":\"ImageObject\",\"inLanguage\":\"fr-FR\",\"@id\":\"https:\\\/\\\/www.webdo.tn\\\/fr\\\/#\\\/schema\\\/logo\\\/image\\\/\",\"url\":\"https:\\\/\\\/www.webdo.tn\\\/fr\\\/wp-content\\\/uploads\\\/2025\\\/06\\\/Webdo-Tunisie_168377.jpg\",\"contentUrl\":\"https:\\\/\\\/www.webdo.tn\\\/fr\\\/wp-content\\\/uploads\\\/2025\\\/06\\\/Webdo-Tunisie_168377.jpg\",\"width\":301,\"height\":301,\"caption\":\"Webdo\"},\"image\":{\"@id\":\"https:\\\/\\\/www.webdo.tn\\\/fr\\\/#\\\/schema\\\/logo\\\/image\\\/\"},\"sameAs\":[\"https:\\\/\\\/www.facebook.com\\\/webdotn\",\"https:\\\/\\\/x.com\\\/webdo_tn\"],\"description\":\"Webdo est un m\u00e9dia num\u00e9rique tunisien fond\u00e9 en 2010, sp\u00e9cialis\u00e9 dans l\u2019actualit\u00e9 nationale et internationale, l\u2019\u00e9conomie, la soci\u00e9t\u00e9 et les analyses politiques. Le site s\u2019adresse \u00e0 un large public francophone et couvre l\u2019information tunisienne en temps r\u00e9el.\",\"email\":\"redac@webdo.tn\",\"legalName\":\"YNJ SARL\",\"foundingDate\":\"2010-09-06\",\"numberOfEmployees\":{\"@type\":\"QuantitativeValue\",\"minValue\":\"11\",\"maxValue\":\"50\"}},{\"@type\":\"Person\",\"@id\":\"https:\\\/\\\/www.webdo.tn\\\/fr\\\/#\\\/schema\\\/person\\\/9a9c6118d687c117df8ef3cc36a4d175\",\"name\":\"webdo.tn\",\"image\":{\"@type\":\"ImageObject\",\"inLanguage\":\"fr-FR\",\"@id\":\"https:\\\/\\\/secure.gravatar.com\\\/avatar\\\/7ce1f28c0c3bbac99ff550b85ef8e44a6950c6ee24514fb6a5489e51d06f0298?s=96&d=mm&r=g\",\"url\":\"https:\\\/\\\/secure.gravatar.com\\\/avatar\\\/7ce1f28c0c3bbac99ff550b85ef8e44a6950c6ee24514fb6a5489e51d06f0298?s=96&d=mm&r=g\",\"contentUrl\":\"https:\\\/\\\/secure.gravatar.com\\\/avatar\\\/7ce1f28c0c3bbac99ff550b85ef8e44a6950c6ee24514fb6a5489e51d06f0298?s=96&d=mm&r=g\",\"caption\":\"webdo.tn\"},\"url\":\"https:\\\/\\\/www.webdo.tn\\\/fr\\\/actualite\\\/author\\\/webdotn\\\/\"}]}<\/script>\n<!-- \/ Yoast SEO Premium plugin. -->","yoast_head_json":{"title":"Deux fugitifs tu\u00e9s, le troisi\u00e8me arr\u00eat\u00e9","description":"Deux fugitifs tu\u00e9s, le troisi\u00e8me arr\u00eat\u00e9","canonical":"https:\/\/www.webdo.tn\/fr\/actualite\/national-45\/deux-fugitifs-tues-le-troisieme-arrete\/172244\/","og_locale":"fr_FR","og_type":"article","og_title":"Deux fugitifs tu\u00e9s, le troisi\u00e8me arr\u00eat\u00e9","og_description":"Deux fugitifs tu\u00e9s, le troisi\u00e8me arr\u00eat\u00e9","og_url":"https:\/\/www.webdo.tn\/fr\/actualite\/national-45\/deux-fugitifs-tues-le-troisieme-arrete\/172244\/","og_site_name":"webdo","article_publisher":"https:\/\/www.facebook.com\/webdotn","article_published_time":"2012-02-02T12:48:00+00:00","author":"webdo.tn","twitter_card":"summary_large_image","twitter_creator":"@webdo_tn","twitter_site":"@webdo_tn","twitter_misc":{"\u00c9crit par":"webdo.tn","Dur\u00e9e de lecture estim\u00e9e":"2 minutes"},"schema":{"@context":"https:\/\/schema.org","@graph":[{"@type":"NewsArticle","@id":"https:\/\/www.webdo.tn\/fr\/actualite\/national-45\/deux-fugitifs-tues-le-troisieme-arrete\/172244\/#article","isPartOf":{"@id":"https:\/\/www.webdo.tn\/fr\/actualite\/national-45\/deux-fugitifs-tues-le-troisieme-arrete\/172244\/"},"author":{"name":"webdo.tn","@id":"https:\/\/www.webdo.tn\/fr\/#\/schema\/person\/9a9c6118d687c117df8ef3cc36a4d175"},"headline":"Deux fugitifs tu\u00e9s, le troisi\u00e8me arr\u00eat\u00e9","datePublished":"2012-02-02T12:48:00+00:00","mainEntityOfPage":{"@id":"https:\/\/www.webdo.tn\/fr\/actualite\/national-45\/deux-fugitifs-tues-le-troisieme-arrete\/172244\/"},"wordCount":376,"commentCount":0,"publisher":{"@id":"https:\/\/www.webdo.tn\/fr\/#organization"},"image":{"@id":"https:\/\/www.webdo.tn\/fr\/actualite\/national-45\/deux-fugitifs-tues-le-troisieme-arrete\/172244\/#primaryimage"},"thumbnailUrl":"https:\/\/www.webdo.tn\/fr\/wp-content\/uploads\/2025\/06\/Les-trois-fugitifs-ont-abandonne-une-demi-douzaine-de-kalachnikovs-et-des-munitions-photo-archive1_172244.jpg","keywords":["guerre"],"articleSection":["National"],"inLanguage":"fr-FR"},{"@type":"WebPage","@id":"https:\/\/www.webdo.tn\/fr\/actualite\/national-45\/deux-fugitifs-tues-le-troisieme-arrete\/172244\/","url":"https:\/\/www.webdo.tn\/fr\/actualite\/national-45\/deux-fugitifs-tues-le-troisieme-arrete\/172244\/","name":"Deux fugitifs tu\u00e9s, le troisi\u00e8me arr\u00eat\u00e9","isPartOf":{"@id":"https:\/\/www.webdo.tn\/fr\/#website"},"primaryImageOfPage":{"@id":"https:\/\/www.webdo.tn\/fr\/actualite\/national-45\/deux-fugitifs-tues-le-troisieme-arrete\/172244\/#primaryimage"},"image":{"@id":"https:\/\/www.webdo.tn\/fr\/actualite\/national-45\/deux-fugitifs-tues-le-troisieme-arrete\/172244\/#primaryimage"},"thumbnailUrl":"https:\/\/www.webdo.tn\/fr\/wp-content\/uploads\/2025\/06\/Les-trois-fugitifs-ont-abandonne-une-demi-douzaine-de-kalachnikovs-et-des-munitions-photo-archive1_172244.jpg","datePublished":"2012-02-02T12:48:00+00:00","description":"Deux fugitifs tu\u00e9s, le troisi\u00e8me arr\u00eat\u00e9","breadcrumb":{"@id":"https:\/\/www.webdo.tn\/fr\/actualite\/national-45\/deux-fugitifs-tues-le-troisieme-arrete\/172244\/#breadcrumb"},"inLanguage":"fr-FR","potentialAction":[{"@type":"ReadAction","target":["https:\/\/www.webdo.tn\/fr\/actualite\/national-45\/deux-fugitifs-tues-le-troisieme-arrete\/172244\/"]}]},{"@type":"ImageObject","inLanguage":"fr-FR","@id":"https:\/\/www.webdo.tn\/fr\/actualite\/national-45\/deux-fugitifs-tues-le-troisieme-arrete\/172244\/#primaryimage","url":"https:\/\/www.webdo.tn\/fr\/wp-content\/uploads\/2025\/06\/Les-trois-fugitifs-ont-abandonne-une-demi-douzaine-de-kalachnikovs-et-des-munitions-photo-archive1_172244.jpg","contentUrl":"https:\/\/www.webdo.tn\/fr\/wp-content\/uploads\/2025\/06\/Les-trois-fugitifs-ont-abandonne-une-demi-douzaine-de-kalachnikovs-et-des-munitions-photo-archive1_172244.jpg","width":234,"height":162,"caption":"Deux fugitifs tu\u00e9s, le troisi\u00e8me arr\u00eat\u00e9"},{"@type":"BreadcrumbList","@id":"https:\/\/www.webdo.tn\/fr\/actualite\/national-45\/deux-fugitifs-tues-le-troisieme-arrete\/172244\/#breadcrumb","itemListElement":[{"@type":"ListItem","position":1,"name":"Accueil","item":"https:\/\/www.webdo.tn\/fr\/"},{"@type":"ListItem","position":2,"name":"Deux fugitifs tu\u00e9s, le troisi\u00e8me arr\u00eat\u00e9"}]},{"@type":"WebSite","@id":"https:\/\/www.webdo.tn\/fr\/#website","url":"https:\/\/www.webdo.tn\/fr\/","name":"webdo","description":"Tunisie - News en Tunisie et \u00e0 l&#039;international sur Webdo.tn","publisher":{"@id":"https:\/\/www.webdo.tn\/fr\/#organization"},"potentialAction":[{"@type":"SearchAction","target":{"@type":"EntryPoint","urlTemplate":"https:\/\/www.webdo.tn\/fr\/?s={search_term_string}"},"query-input":{"@type":"PropertyValueSpecification","valueRequired":true,"valueName":"search_term_string"}}],"inLanguage":"fr-FR"},{"@type":"Organization","@id":"https:\/\/www.webdo.tn\/fr\/#organization","name":"Webdo","alternateName":"Webdo.tn","url":"https:\/\/www.webdo.tn\/fr\/","logo":{"@type":"ImageObject","inLanguage":"fr-FR","@id":"https:\/\/www.webdo.tn\/fr\/#\/schema\/logo\/image\/","url":"https:\/\/www.webdo.tn\/fr\/wp-content\/uploads\/2025\/06\/Webdo-Tunisie_168377.jpg","contentUrl":"https:\/\/www.webdo.tn\/fr\/wp-content\/uploads\/2025\/06\/Webdo-Tunisie_168377.jpg","width":301,"height":301,"caption":"Webdo"},"image":{"@id":"https:\/\/www.webdo.tn\/fr\/#\/schema\/logo\/image\/"},"sameAs":["https:\/\/www.facebook.com\/webdotn","https:\/\/x.com\/webdo_tn"],"description":"Webdo est un m\u00e9dia num\u00e9rique tunisien fond\u00e9 en 2010, sp\u00e9cialis\u00e9 dans l\u2019actualit\u00e9 nationale et internationale, l\u2019\u00e9conomie, la soci\u00e9t\u00e9 et les analyses politiques. Le site s\u2019adresse \u00e0 un large public francophone et couvre l\u2019information tunisienne en temps r\u00e9el.","email":"redac@webdo.tn","legalName":"YNJ SARL","foundingDate":"2010-09-06","numberOfEmployees":{"@type":"QuantitativeValue","minValue":"11","maxValue":"50"}},{"@type":"Person","@id":"https:\/\/www.webdo.tn\/fr\/#\/schema\/person\/9a9c6118d687c117df8ef3cc36a4d175","name":"webdo.tn","image":{"@type":"ImageObject","inLanguage":"fr-FR","@id":"https:\/\/secure.gravatar.com\/avatar\/7ce1f28c0c3bbac99ff550b85ef8e44a6950c6ee24514fb6a5489e51d06f0298?s=96&d=mm&r=g","url":"https:\/\/secure.gravatar.com\/avatar\/7ce1f28c0c3bbac99ff550b85ef8e44a6950c6ee24514fb6a5489e51d06f0298?s=96&d=mm&r=g","contentUrl":"https:\/\/secure.gravatar.com\/avatar\/7ce1f28c0c3bbac99ff550b85ef8e44a6950c6ee24514fb6a5489e51d06f0298?s=96&d=mm&r=g","caption":"webdo.tn"},"url":"https:\/\/www.webdo.tn\/fr\/actualite\/author\/webdotn\/"}]}},"_links":{"self":[{"href":"https:\/\/www.webdo.tn\/fr\/wp-json\/wp\/v2\/posts\/172244","targetHints":{"allow":["GET"]}}],"collection":[{"href":"https:\/\/www.webdo.tn\/fr\/wp-json\/wp\/v2\/posts"}],"about":[{"href":"https:\/\/www.webdo.tn\/fr\/wp-json\/wp\/v2\/types\/post"}],"author":[{"embeddable":true,"href":"https:\/\/www.webdo.tn\/fr\/wp-json\/wp\/v2\/users\/3222"}],"replies":[{"embeddable":true,"href":"https:\/\/www.webdo.tn\/fr\/wp-json\/wp\/v2\/comments?post=172244"}],"version-history":[{"count":0,"href":"https:\/\/www.webdo.tn\/fr\/wp-json\/wp\/v2\/posts\/172244\/revisions"}],"wp:featuredmedia":[{"embeddable":true,"href":"https:\/\/www.webdo.tn\/fr\/wp-json\/wp\/v2\/media\/374522"}],"wp:attachment":[{"href":"https:\/\/www.webdo.tn\/fr\/wp-json\/wp\/v2\/media?parent=172244"}],"wp:term":[{"taxonomy":"category","embeddable":true,"href":"https:\/\/www.webdo.tn\/fr\/wp-json\/wp\/v2\/categories?post=172244"},{"taxonomy":"post_tag","embeddable":true,"href":"https:\/\/www.webdo.tn\/fr\/wp-json\/wp\/v2\/tags?post=172244"}],"curies":[{"name":"wp","href":"https:\/\/api.w.org\/{rel}","templated":true}]}}