{"id":172242,"date":"2012-02-03T13:11:00","date_gmt":"2012-02-03T13:11:00","guid":{"rendered":"https:\/\/www.webdo.tn\/fr\/blog\/la-mode-de-limmolation-se-propage-aux-salles-daudience\/172242\/"},"modified":"2012-02-03T13:11:00","modified_gmt":"2012-02-03T13:11:00","slug":"la-mode-de-limmolation-se-propage-aux-salles-daudience","status":"publish","type":"post","link":"https:\/\/www.webdo.tn\/fr\/actualite\/national\/la-mode-de-limmolation-se-propage-aux-salles-daudience\/172242\/","title":{"rendered":"La mode de l\u2019immolation se propage aux salles d&rsquo;audience"},"content":{"rendered":"<p>Un condamn\u00e9 \u00e0 perp\u00e9tuit\u00e9 a tent\u00e9 de s&rsquo;immoler en plein milieu de salle d&rsquo;audience, aujourd&rsquo;hui, nous apprend Mosa\u00efque FM.<br \/>\nLe jeune homme paraissait devant le tribunal de Premi\u00e8re instance de Tunis, en compagnie de son p\u00e8re et de son fr\u00e8re, pour meurtre. C&rsquo;est \u00e0 l\u2019aide d\u2019un briquet qu&rsquo;il a mis le feu \u00e0 ses v\u00eatements, provoquant une sc\u00e8ne surr\u00e9aliste au sein du tribunal. Des pr\u00e9sents au proc\u00e8s ont tent\u00e9 de s&rsquo;enfuir craignant que le feu se propage.<\/p>\n<p>Heureusement pour tous, les agents de l&rsquo;ordre ont rapidement ma\u00eetris\u00e9 le feu qui se propageait sur le corps du jeune homme. Ce dernier a \u00e9t\u00e9 transport\u00e9 \u00e0 l&rsquo;h\u00f4pital et l&rsquo;audience \u00e9videmment lev\u00e9e.<\/p>\n<p>Sachant que m\u00eame dans les stades, les supporters sont fouill\u00e9s et les briquets (notamment) sont confisqu\u00e9s, on est en droit de se demander comment un accus\u00e9 a pu passer un tel objet alors qu\u2019il doit \u00eatre pass\u00e9 au peigne fin avant son entr\u00e9e dans une salle d&rsquo;audience.<\/p>\n<p>En d\u00e9but de cette ann\u00e9e, la Tunisie a connu plusieurs cas d&rsquo;immolation. Les raisons ont pass\u00e9 du simple acte de d\u00e9sespoir \u00e0 un moyen de pression. Faudrait-il, dor\u00e9navant, mettre une pancarte d&rsquo;interdiction de s&rsquo;immoler dans certains endroits publics.<\/p>\n","protected":false},"excerpt":{"rendered":"<p>La mode de l\u2019immolation se propage aux salles d&rsquo;audience<\/p>\n","protected":false},"author":3222,"featured_media":333800,"comment_status":"open","ping_status":"closed","sticky":false,"template":"","format":"standard","meta":{"footnotes":""},"categories":[44],"tags":[2600],"class_list":["post-172242","post","type-post","status-publish","format-standard","has-post-thumbnail","hentry","category-national","tag-guerre"],"yoast_head":"<!-- This site is optimized with the Yoast SEO Premium plugin v27.5 (Yoast SEO v27.5) - https:\/\/yoast.com\/product\/yoast-seo-premium-wordpress\/ -->\n<title>La mode de l\u2019immolation se propage aux salles d&#039;audience<\/title>\n<meta name=\"description\" content=\"La mode de l\u2019immolation se propage aux salles d&#039;audience\" \/>\n<link rel=\"canonical\" href=\"https:\/\/www.webdo.tn\/fr\/actualite\/national-45\/la-mode-de-limmolation-se-propage-aux-salles-daudience\/172242\/\" \/>\n<meta property=\"og:locale\" content=\"fr_FR\" \/>\n<meta property=\"og:type\" content=\"article\" \/>\n<meta property=\"og:title\" content=\"La mode de l\u2019immolation se propage aux salles d&#039;audience\" \/>\n<meta property=\"og:description\" content=\"La mode de l\u2019immolation se propage aux salles d&#039;audience\" \/>\n<meta property=\"og:url\" content=\"https:\/\/www.webdo.tn\/fr\/actualite\/national-45\/la-mode-de-limmolation-se-propage-aux-salles-daudience\/172242\/\" \/>\n<meta property=\"og:site_name\" content=\"webdo\" \/>\n<meta property=\"article:publisher\" content=\"https:\/\/www.facebook.com\/webdotn\" \/>\n<meta property=\"article:published_time\" content=\"2012-02-03T13:11:00+00:00\" \/>\n<meta property=\"og:image\" content=\"https:\/\/www.webdo.tn\/fr\/wp-content\/uploads\/2012\/02\/Une-pancarte-dinterdiction-de-simmoler-photo-non-prophets.net_.jpg\" \/>\n\t<meta property=\"og:image:width\" content=\"203\" \/>\n\t<meta property=\"og:image:height\" content=\"272\" \/>\n\t<meta property=\"og:image:type\" content=\"image\/jpeg\" \/>\n<meta name=\"author\" content=\"webdo.tn\" \/>\n<meta name=\"twitter:card\" content=\"summary_large_image\" \/>\n<meta name=\"twitter:creator\" content=\"@webdo_tn\" \/>\n<meta name=\"twitter:site\" content=\"@webdo_tn\" \/>\n<meta name=\"twitter:label1\" content=\"\u00c9crit par\" \/>\n\t<meta name=\"twitter:data1\" content=\"webdo.tn\" \/>\n\t<meta name=\"twitter:label2\" content=\"Dur\u00e9e de lecture estim\u00e9e\" \/>\n\t<meta name=\"twitter:data2\" content=\"1 minute\" \/>\n<script type=\"application\/ld+json\" class=\"yoast-schema-graph\">{\"@context\":\"https:\\\/\\\/schema.org\",\"@graph\":[{\"@type\":\"NewsArticle\",\"@id\":\"https:\\\/\\\/www.webdo.tn\\\/fr\\\/actualite\\\/national-45\\\/la-mode-de-limmolation-se-propage-aux-salles-daudience\\\/172242\\\/#article\",\"isPartOf\":{\"@id\":\"https:\\\/\\\/www.webdo.tn\\\/fr\\\/actualite\\\/national-45\\\/la-mode-de-limmolation-se-propage-aux-salles-daudience\\\/172242\\\/\"},\"author\":{\"name\":\"webdo.tn\",\"@id\":\"https:\\\/\\\/www.webdo.tn\\\/fr\\\/#\\\/schema\\\/person\\\/9a9c6118d687c117df8ef3cc36a4d175\"},\"headline\":\"La mode de l\u2019immolation se propage aux salles d&rsquo;audience\",\"datePublished\":\"2012-02-03T13:11:00+00:00\",\"mainEntityOfPage\":{\"@id\":\"https:\\\/\\\/www.webdo.tn\\\/fr\\\/actualite\\\/national-45\\\/la-mode-de-limmolation-se-propage-aux-salles-daudience\\\/172242\\\/\"},\"wordCount\":237,\"commentCount\":0,\"publisher\":{\"@id\":\"https:\\\/\\\/www.webdo.tn\\\/fr\\\/#organization\"},\"image\":{\"@id\":\"https:\\\/\\\/www.webdo.tn\\\/fr\\\/actualite\\\/national-45\\\/la-mode-de-limmolation-se-propage-aux-salles-daudience\\\/172242\\\/#primaryimage\"},\"thumbnailUrl\":\"https:\\\/\\\/www.webdo.tn\\\/fr\\\/wp-content\\\/uploads\\\/2012\\\/02\\\/Une-pancarte-dinterdiction-de-simmoler-photo-non-prophets.net_.jpg\",\"keywords\":[\"guerre\"],\"articleSection\":[\"National\"],\"inLanguage\":\"fr-FR\"},{\"@type\":\"WebPage\",\"@id\":\"https:\\\/\\\/www.webdo.tn\\\/fr\\\/actualite\\\/national-45\\\/la-mode-de-limmolation-se-propage-aux-salles-daudience\\\/172242\\\/\",\"url\":\"https:\\\/\\\/www.webdo.tn\\\/fr\\\/actualite\\\/national-45\\\/la-mode-de-limmolation-se-propage-aux-salles-daudience\\\/172242\\\/\",\"name\":\"La mode de l\u2019immolation se propage aux salles d'audience\",\"isPartOf\":{\"@id\":\"https:\\\/\\\/www.webdo.tn\\\/fr\\\/#website\"},\"primaryImageOfPage\":{\"@id\":\"https:\\\/\\\/www.webdo.tn\\\/fr\\\/actualite\\\/national-45\\\/la-mode-de-limmolation-se-propage-aux-salles-daudience\\\/172242\\\/#primaryimage\"},\"image\":{\"@id\":\"https:\\\/\\\/www.webdo.tn\\\/fr\\\/actualite\\\/national-45\\\/la-mode-de-limmolation-se-propage-aux-salles-daudience\\\/172242\\\/#primaryimage\"},\"thumbnailUrl\":\"https:\\\/\\\/www.webdo.tn\\\/fr\\\/wp-content\\\/uploads\\\/2012\\\/02\\\/Une-pancarte-dinterdiction-de-simmoler-photo-non-prophets.net_.jpg\",\"datePublished\":\"2012-02-03T13:11:00+00:00\",\"description\":\"La mode de l\u2019immolation se propage aux salles d'audience\",\"breadcrumb\":{\"@id\":\"https:\\\/\\\/www.webdo.tn\\\/fr\\\/actualite\\\/national-45\\\/la-mode-de-limmolation-se-propage-aux-salles-daudience\\\/172242\\\/#breadcrumb\"},\"inLanguage\":\"fr-FR\",\"potentialAction\":[{\"@type\":\"ReadAction\",\"target\":[\"https:\\\/\\\/www.webdo.tn\\\/fr\\\/actualite\\\/national-45\\\/la-mode-de-limmolation-se-propage-aux-salles-daudience\\\/172242\\\/\"]}]},{\"@type\":\"ImageObject\",\"inLanguage\":\"fr-FR\",\"@id\":\"https:\\\/\\\/www.webdo.tn\\\/fr\\\/actualite\\\/national-45\\\/la-mode-de-limmolation-se-propage-aux-salles-daudience\\\/172242\\\/#primaryimage\",\"url\":\"https:\\\/\\\/www.webdo.tn\\\/fr\\\/wp-content\\\/uploads\\\/2012\\\/02\\\/Une-pancarte-dinterdiction-de-simmoler-photo-non-prophets.net_.jpg\",\"contentUrl\":\"https:\\\/\\\/www.webdo.tn\\\/fr\\\/wp-content\\\/uploads\\\/2012\\\/02\\\/Une-pancarte-dinterdiction-de-simmoler-photo-non-prophets.net_.jpg\",\"width\":203,\"height\":272,\"caption\":\"La mode de l\u2019immolation se propage aux salles d'audience\"},{\"@type\":\"BreadcrumbList\",\"@id\":\"https:\\\/\\\/www.webdo.tn\\\/fr\\\/actualite\\\/national-45\\\/la-mode-de-limmolation-se-propage-aux-salles-daudience\\\/172242\\\/#breadcrumb\",\"itemListElement\":[{\"@type\":\"ListItem\",\"position\":1,\"name\":\"Accueil\",\"item\":\"https:\\\/\\\/www.webdo.tn\\\/fr\\\/\"},{\"@type\":\"ListItem\",\"position\":2,\"name\":\"La mode de l\u2019immolation se propage aux salles d&rsquo;audience\"}]},{\"@type\":\"WebSite\",\"@id\":\"https:\\\/\\\/www.webdo.tn\\\/fr\\\/#website\",\"url\":\"https:\\\/\\\/www.webdo.tn\\\/fr\\\/\",\"name\":\"webdo\",\"description\":\"Tunisie - News en Tunisie et \u00e0 l&#039;international sur Webdo.tn\",\"publisher\":{\"@id\":\"https:\\\/\\\/www.webdo.tn\\\/fr\\\/#organization\"},\"potentialAction\":[{\"@type\":\"SearchAction\",\"target\":{\"@type\":\"EntryPoint\",\"urlTemplate\":\"https:\\\/\\\/www.webdo.tn\\\/fr\\\/?s={search_term_string}\"},\"query-input\":{\"@type\":\"PropertyValueSpecification\",\"valueRequired\":true,\"valueName\":\"search_term_string\"}}],\"inLanguage\":\"fr-FR\"},{\"@type\":\"Organization\",\"@id\":\"https:\\\/\\\/www.webdo.tn\\\/fr\\\/#organization\",\"name\":\"Webdo\",\"alternateName\":\"Webdo.tn\",\"url\":\"https:\\\/\\\/www.webdo.tn\\\/fr\\\/\",\"logo\":{\"@type\":\"ImageObject\",\"inLanguage\":\"fr-FR\",\"@id\":\"https:\\\/\\\/www.webdo.tn\\\/fr\\\/#\\\/schema\\\/logo\\\/image\\\/\",\"url\":\"https:\\\/\\\/www.webdo.tn\\\/fr\\\/wp-content\\\/uploads\\\/2025\\\/06\\\/Webdo-Tunisie_168377.jpg\",\"contentUrl\":\"https:\\\/\\\/www.webdo.tn\\\/fr\\\/wp-content\\\/uploads\\\/2025\\\/06\\\/Webdo-Tunisie_168377.jpg\",\"width\":301,\"height\":301,\"caption\":\"Webdo\"},\"image\":{\"@id\":\"https:\\\/\\\/www.webdo.tn\\\/fr\\\/#\\\/schema\\\/logo\\\/image\\\/\"},\"sameAs\":[\"https:\\\/\\\/www.facebook.com\\\/webdotn\",\"https:\\\/\\\/x.com\\\/webdo_tn\"],\"description\":\"Webdo est un m\u00e9dia num\u00e9rique tunisien fond\u00e9 en 2010, sp\u00e9cialis\u00e9 dans l\u2019actualit\u00e9 nationale et internationale, l\u2019\u00e9conomie, la soci\u00e9t\u00e9 et les analyses politiques. Le site s\u2019adresse \u00e0 un large public francophone et couvre l\u2019information tunisienne en temps r\u00e9el.\",\"email\":\"redac@webdo.tn\",\"legalName\":\"YNJ SARL\",\"foundingDate\":\"2010-09-06\",\"numberOfEmployees\":{\"@type\":\"QuantitativeValue\",\"minValue\":\"11\",\"maxValue\":\"50\"}},{\"@type\":\"Person\",\"@id\":\"https:\\\/\\\/www.webdo.tn\\\/fr\\\/#\\\/schema\\\/person\\\/9a9c6118d687c117df8ef3cc36a4d175\",\"name\":\"webdo.tn\",\"image\":{\"@type\":\"ImageObject\",\"inLanguage\":\"fr-FR\",\"@id\":\"https:\\\/\\\/secure.gravatar.com\\\/avatar\\\/7ce1f28c0c3bbac99ff550b85ef8e44a6950c6ee24514fb6a5489e51d06f0298?s=96&d=mm&r=g\",\"url\":\"https:\\\/\\\/secure.gravatar.com\\\/avatar\\\/7ce1f28c0c3bbac99ff550b85ef8e44a6950c6ee24514fb6a5489e51d06f0298?s=96&d=mm&r=g\",\"contentUrl\":\"https:\\\/\\\/secure.gravatar.com\\\/avatar\\\/7ce1f28c0c3bbac99ff550b85ef8e44a6950c6ee24514fb6a5489e51d06f0298?s=96&d=mm&r=g\",\"caption\":\"webdo.tn\"},\"url\":\"https:\\\/\\\/www.webdo.tn\\\/fr\\\/actualite\\\/author\\\/webdotn\\\/\"}]}<\/script>\n<!-- \/ Yoast SEO Premium plugin. -->","yoast_head_json":{"title":"La mode de l\u2019immolation se propage aux salles d'audience","description":"La mode de l\u2019immolation se propage aux salles d'audience","canonical":"https:\/\/www.webdo.tn\/fr\/actualite\/national-45\/la-mode-de-limmolation-se-propage-aux-salles-daudience\/172242\/","og_locale":"fr_FR","og_type":"article","og_title":"La mode de l\u2019immolation se propage aux salles d'audience","og_description":"La mode de l\u2019immolation se propage aux salles d'audience","og_url":"https:\/\/www.webdo.tn\/fr\/actualite\/national-45\/la-mode-de-limmolation-se-propage-aux-salles-daudience\/172242\/","og_site_name":"webdo","article_publisher":"https:\/\/www.facebook.com\/webdotn","article_published_time":"2012-02-03T13:11:00+00:00","og_image":[{"width":203,"height":272,"url":"https:\/\/www.webdo.tn\/fr\/wp-content\/uploads\/2012\/02\/Une-pancarte-dinterdiction-de-simmoler-photo-non-prophets.net_.jpg","type":"image\/jpeg"}],"author":"webdo.tn","twitter_card":"summary_large_image","twitter_creator":"@webdo_tn","twitter_site":"@webdo_tn","twitter_misc":{"\u00c9crit par":"webdo.tn","Dur\u00e9e de lecture estim\u00e9e":"1 minute"},"schema":{"@context":"https:\/\/schema.org","@graph":[{"@type":"NewsArticle","@id":"https:\/\/www.webdo.tn\/fr\/actualite\/national-45\/la-mode-de-limmolation-se-propage-aux-salles-daudience\/172242\/#article","isPartOf":{"@id":"https:\/\/www.webdo.tn\/fr\/actualite\/national-45\/la-mode-de-limmolation-se-propage-aux-salles-daudience\/172242\/"},"author":{"name":"webdo.tn","@id":"https:\/\/www.webdo.tn\/fr\/#\/schema\/person\/9a9c6118d687c117df8ef3cc36a4d175"},"headline":"La mode de l\u2019immolation se propage aux salles d&rsquo;audience","datePublished":"2012-02-03T13:11:00+00:00","mainEntityOfPage":{"@id":"https:\/\/www.webdo.tn\/fr\/actualite\/national-45\/la-mode-de-limmolation-se-propage-aux-salles-daudience\/172242\/"},"wordCount":237,"commentCount":0,"publisher":{"@id":"https:\/\/www.webdo.tn\/fr\/#organization"},"image":{"@id":"https:\/\/www.webdo.tn\/fr\/actualite\/national-45\/la-mode-de-limmolation-se-propage-aux-salles-daudience\/172242\/#primaryimage"},"thumbnailUrl":"https:\/\/www.webdo.tn\/fr\/wp-content\/uploads\/2012\/02\/Une-pancarte-dinterdiction-de-simmoler-photo-non-prophets.net_.jpg","keywords":["guerre"],"articleSection":["National"],"inLanguage":"fr-FR"},{"@type":"WebPage","@id":"https:\/\/www.webdo.tn\/fr\/actualite\/national-45\/la-mode-de-limmolation-se-propage-aux-salles-daudience\/172242\/","url":"https:\/\/www.webdo.tn\/fr\/actualite\/national-45\/la-mode-de-limmolation-se-propage-aux-salles-daudience\/172242\/","name":"La mode de l\u2019immolation se propage aux salles d'audience","isPartOf":{"@id":"https:\/\/www.webdo.tn\/fr\/#website"},"primaryImageOfPage":{"@id":"https:\/\/www.webdo.tn\/fr\/actualite\/national-45\/la-mode-de-limmolation-se-propage-aux-salles-daudience\/172242\/#primaryimage"},"image":{"@id":"https:\/\/www.webdo.tn\/fr\/actualite\/national-45\/la-mode-de-limmolation-se-propage-aux-salles-daudience\/172242\/#primaryimage"},"thumbnailUrl":"https:\/\/www.webdo.tn\/fr\/wp-content\/uploads\/2012\/02\/Une-pancarte-dinterdiction-de-simmoler-photo-non-prophets.net_.jpg","datePublished":"2012-02-03T13:11:00+00:00","description":"La mode de l\u2019immolation se propage aux salles d'audience","breadcrumb":{"@id":"https:\/\/www.webdo.tn\/fr\/actualite\/national-45\/la-mode-de-limmolation-se-propage-aux-salles-daudience\/172242\/#breadcrumb"},"inLanguage":"fr-FR","potentialAction":[{"@type":"ReadAction","target":["https:\/\/www.webdo.tn\/fr\/actualite\/national-45\/la-mode-de-limmolation-se-propage-aux-salles-daudience\/172242\/"]}]},{"@type":"ImageObject","inLanguage":"fr-FR","@id":"https:\/\/www.webdo.tn\/fr\/actualite\/national-45\/la-mode-de-limmolation-se-propage-aux-salles-daudience\/172242\/#primaryimage","url":"https:\/\/www.webdo.tn\/fr\/wp-content\/uploads\/2012\/02\/Une-pancarte-dinterdiction-de-simmoler-photo-non-prophets.net_.jpg","contentUrl":"https:\/\/www.webdo.tn\/fr\/wp-content\/uploads\/2012\/02\/Une-pancarte-dinterdiction-de-simmoler-photo-non-prophets.net_.jpg","width":203,"height":272,"caption":"La mode de l\u2019immolation se propage aux salles d'audience"},{"@type":"BreadcrumbList","@id":"https:\/\/www.webdo.tn\/fr\/actualite\/national-45\/la-mode-de-limmolation-se-propage-aux-salles-daudience\/172242\/#breadcrumb","itemListElement":[{"@type":"ListItem","position":1,"name":"Accueil","item":"https:\/\/www.webdo.tn\/fr\/"},{"@type":"ListItem","position":2,"name":"La mode de l\u2019immolation se propage aux salles d&rsquo;audience"}]},{"@type":"WebSite","@id":"https:\/\/www.webdo.tn\/fr\/#website","url":"https:\/\/www.webdo.tn\/fr\/","name":"webdo","description":"Tunisie - News en Tunisie et \u00e0 l&#039;international sur Webdo.tn","publisher":{"@id":"https:\/\/www.webdo.tn\/fr\/#organization"},"potentialAction":[{"@type":"SearchAction","target":{"@type":"EntryPoint","urlTemplate":"https:\/\/www.webdo.tn\/fr\/?s={search_term_string}"},"query-input":{"@type":"PropertyValueSpecification","valueRequired":true,"valueName":"search_term_string"}}],"inLanguage":"fr-FR"},{"@type":"Organization","@id":"https:\/\/www.webdo.tn\/fr\/#organization","name":"Webdo","alternateName":"Webdo.tn","url":"https:\/\/www.webdo.tn\/fr\/","logo":{"@type":"ImageObject","inLanguage":"fr-FR","@id":"https:\/\/www.webdo.tn\/fr\/#\/schema\/logo\/image\/","url":"https:\/\/www.webdo.tn\/fr\/wp-content\/uploads\/2025\/06\/Webdo-Tunisie_168377.jpg","contentUrl":"https:\/\/www.webdo.tn\/fr\/wp-content\/uploads\/2025\/06\/Webdo-Tunisie_168377.jpg","width":301,"height":301,"caption":"Webdo"},"image":{"@id":"https:\/\/www.webdo.tn\/fr\/#\/schema\/logo\/image\/"},"sameAs":["https:\/\/www.facebook.com\/webdotn","https:\/\/x.com\/webdo_tn"],"description":"Webdo est un m\u00e9dia num\u00e9rique tunisien fond\u00e9 en 2010, sp\u00e9cialis\u00e9 dans l\u2019actualit\u00e9 nationale et internationale, l\u2019\u00e9conomie, la soci\u00e9t\u00e9 et les analyses politiques. Le site s\u2019adresse \u00e0 un large public francophone et couvre l\u2019information tunisienne en temps r\u00e9el.","email":"redac@webdo.tn","legalName":"YNJ SARL","foundingDate":"2010-09-06","numberOfEmployees":{"@type":"QuantitativeValue","minValue":"11","maxValue":"50"}},{"@type":"Person","@id":"https:\/\/www.webdo.tn\/fr\/#\/schema\/person\/9a9c6118d687c117df8ef3cc36a4d175","name":"webdo.tn","image":{"@type":"ImageObject","inLanguage":"fr-FR","@id":"https:\/\/secure.gravatar.com\/avatar\/7ce1f28c0c3bbac99ff550b85ef8e44a6950c6ee24514fb6a5489e51d06f0298?s=96&d=mm&r=g","url":"https:\/\/secure.gravatar.com\/avatar\/7ce1f28c0c3bbac99ff550b85ef8e44a6950c6ee24514fb6a5489e51d06f0298?s=96&d=mm&r=g","contentUrl":"https:\/\/secure.gravatar.com\/avatar\/7ce1f28c0c3bbac99ff550b85ef8e44a6950c6ee24514fb6a5489e51d06f0298?s=96&d=mm&r=g","caption":"webdo.tn"},"url":"https:\/\/www.webdo.tn\/fr\/actualite\/author\/webdotn\/"}]}},"_links":{"self":[{"href":"https:\/\/www.webdo.tn\/fr\/wp-json\/wp\/v2\/posts\/172242","targetHints":{"allow":["GET"]}}],"collection":[{"href":"https:\/\/www.webdo.tn\/fr\/wp-json\/wp\/v2\/posts"}],"about":[{"href":"https:\/\/www.webdo.tn\/fr\/wp-json\/wp\/v2\/types\/post"}],"author":[{"embeddable":true,"href":"https:\/\/www.webdo.tn\/fr\/wp-json\/wp\/v2\/users\/3222"}],"replies":[{"embeddable":true,"href":"https:\/\/www.webdo.tn\/fr\/wp-json\/wp\/v2\/comments?post=172242"}],"version-history":[{"count":0,"href":"https:\/\/www.webdo.tn\/fr\/wp-json\/wp\/v2\/posts\/172242\/revisions"}],"wp:featuredmedia":[{"embeddable":true,"href":"https:\/\/www.webdo.tn\/fr\/wp-json\/wp\/v2\/media\/333800"}],"wp:attachment":[{"href":"https:\/\/www.webdo.tn\/fr\/wp-json\/wp\/v2\/media?parent=172242"}],"wp:term":[{"taxonomy":"category","embeddable":true,"href":"https:\/\/www.webdo.tn\/fr\/wp-json\/wp\/v2\/categories?post=172242"},{"taxonomy":"post_tag","embeddable":true,"href":"https:\/\/www.webdo.tn\/fr\/wp-json\/wp\/v2\/tags?post=172242"}],"curies":[{"name":"wp","href":"https:\/\/api.w.org\/{rel}","templated":true}]}}