{"id":172241,"date":"2012-02-03T18:24:00","date_gmt":"2012-02-03T18:24:00","guid":{"rendered":"https:\/\/www.webdo.tn\/fr\/blog\/quand-la-police-a-peur-elle-sort-ses-griffes\/172241\/"},"modified":"2012-02-03T18:24:00","modified_gmt":"2012-02-03T18:24:00","slug":"quand-la-police-a-peur-elle-sort-ses-griffes","status":"publish","type":"post","link":"https:\/\/www.webdo.tn\/fr\/actualite\/national\/quand-la-police-a-peur-elle-sort-ses-griffes\/172241\/","title":{"rendered":"Quand la police a peur, elle sort ses griffes !"},"content":{"rendered":"<p>Au lendemain du 14 janvier, la passivit\u00e9 de la police face \u00e0 la mont\u00e9e du crime, \u00e0 l\u2019anarchie et aux menaces contre-r\u00e9volutionnaires a \u00e9t\u00e9 imput\u00e9e au d\u00e9bordement s\u00e9curitaire suscit\u00e9 par les \u00e9v\u00e9nements. Ce n\u2019est que lorsqu\u2019elle a rejoint les manifestants, le 23 janvier 2011, en pleine avenue Habib Bourguiba, que le message a commenc\u00e9 \u00e0 se clarifier.<\/p>\n<p>Clamant leur innocence et r\u00e9clamant la manifestation de la v\u00e9rit\u00e9 pour une v\u00e9ritable justice transitionnelle, les repr\u00e9sentants des forces de police ont fait savoir qu\u2019ils sont eux aussi victimes de la dictature et de ses perversions et qu\u2019ils ont eux aussi droit aux fruits de la r\u00e9volution. Mais la perception n\u00e9gative par le simple citoyen du r\u00f4le qu\u2019ils ont jou\u00e9 avant le 14 janvier pour mater le soul\u00e8vement populaire n\u2019a pas \u00e9t\u00e9 en leur faveur. Il a fallu du temps pour aboutir \u00e0 une r\u00e9conciliation entre le contribuable qui revendique le droit \u00e0 la s\u00e9curit\u00e9 et l\u2019agent de police qui exige la r\u00e9habilitation de la fonction s\u00e9curitaire. Et c\u2019est en partie gr\u00e2ce aux syndicats de police cr\u00e9es apr\u00e8s la r\u00e9volution que les uns et les autres ont \u00e9t\u00e9 rassur\u00e9s et r\u00e9confort\u00e9s.<\/p>\n<p>Cependant, malgr\u00e9 la r\u00e9conciliation, la police n\u2019est pas encore satisfaite des acquis moraux r\u00e9alis\u00e9s jusque-l\u00e0. Elle refuse que ses agents et responsables soient \u00ab le bouc \u00e9missaire \u00bb en les impliquant dans les tueries commises pendant et apr\u00e8s la r\u00e9volution. A chaque proc\u00e8s o\u00f9 compara\u00eet un des leurs, les syndicats de police se mobilisent pour mettre en garde contre les condamnations infond\u00e9es et les verdicts erron\u00e9s. Venant de \u00ab gens d\u2019armes \u00bb cette mise en garde donne des frissons \u00e0 la majorit\u00e9 des Tunisiens qui ont besoin que reviennent la s\u00e9curit\u00e9 et le calme.<\/p>\n<p>L\u2019affaire Moncef Ajimi directeur g\u00e9n\u00e9ral des unit\u00e9s d\u2019intervention en est une illustration flagrante. D\u00e8s qu\u2019il a \u00e9t\u00e9 d\u00e9mis de ses responsabilit\u00e9s \u00e0 la t\u00eate de ces unit\u00e9s suite au mandat d\u2019amener \u00e9mis \u00e0 son encontre par le tribunal militaire du Kef dans le cadre de l\u2019affaire des martyrs de Thala et Kasserine, ses troupes ont menac\u00e9 d\u2019abandonner leur position en guise de protestation. Le 10 janvier 2012, le bureau r\u00e9gional du syndicat des unit\u00e9s d\u2019intervention dans la r\u00e9gion de Sfax n\u2019a pas attendu le feu vert pour mettre la menace \u00e0 ex\u00e9cution ce qui a fait couper le souffle aux habitants de la r\u00e9gion qui redoutaient un regain de criminalit\u00e9 dans le gouvernorat particuli\u00e8rement touch\u00e9 par le rel\u00e2chement s\u00e9curitaire.<\/p>\n<p>Le d\u00e9menti venant le jour m\u00eame du bureau ex\u00e9cutif du syndicat des fonctionnaires de la direction g\u00e9n\u00e9rale des unit\u00e9s d\u2019intervention et de l\u2019union nationale  des syndicats de force de s\u00e9curit\u00e9 n\u2019a pas permis de calmer les esprits dans une \u00e9mission sur Hannibal TV, Moncef Ajimi a d\u00e9clar\u00e9 qu\u2019il ne pouvait emp\u00eacher ses troupes de le soutenir et de se solidariser avec lui. Dans cette \u00e9mission o\u00f9 il n\u2019 a cess\u00e9 de rappeler qu\u2019ils \u00e9taient plus d\u2019une dizaine de milliers \u00e0 avoir \u00e9t\u00e9 \u00e0 son service, l\u2019ancien directeur g\u00e9n\u00e9ral des unit\u00e9s d\u2019intervention s\u2019est vant\u00e9 d\u2019avoir \u00e9t\u00e9 \u00e0 l\u2019origine de la r\u00e9activation de l\u2019appareil de s\u00e9curit\u00e9 qui \u00e9tait en l\u00e9thargie apr\u00e8s les \u00e9v\u00e9nements du 14 janvier. Il a ajout\u00e9 que Ben Ali a \u00e9t\u00e9 \u00e9lu par les Tunisiens !!! Le message \u00e9tait bien clair pour ceux qui doutent encore.<\/p>\n<p>\u00c0 peine l\u2019affaire commen\u00e7a \u00e0 se faire oublier que les syndicats de police se sont mobilis\u00e9s \u00e0 nouveau pour r\u00e9clamer cette fois-ci une protection l\u00e9gislative. Les concitoyens pour bon nombre d\u2019entre eux n\u2019ont rien compris \u00e0 cette revendication o\u00f9 les forces de s\u00e9curit\u00e9 cens\u00e9es prot\u00e9ger la soci\u00e9t\u00e9 et les soci\u00e9taires se d\u00e9clarent menac\u00e9es.<\/p>\n<p>Au fait, cette revendication d\u00e9voile les dessous de la situation qui a pr\u00e9valu apr\u00e8s le 14 janvier. Les ordres re\u00e7us \u00e0 cette date \u00e9taient de m\u00e9nager la susceptibilit\u00e9 des Tunisiens encore sous le choc de la r\u00e9pression polici\u00e8re. Il a \u00e9t\u00e9 ainsi recommand\u00e9 et demand\u00e9 aux forces de l\u2019ordre d\u2019\u00e9viter tout ce qui peut d\u00e9g\u00e9n\u00e9rer en confrontation et de limiter leur pr\u00e9sence sur les lieux publics. Entre temps, la s\u00e9curit\u00e9 de la soci\u00e9t\u00e9 et des personnes a \u00e9t\u00e9 confi\u00e9e aux militaires.<\/p>\n<p>Les consignes ont \u00e9t\u00e9 respect\u00e9es \u00e0 la lettre.Pour certains, il s\u2019\u00e9tait agi d\u2019un acte de subordination \u00e0 saluer de la part des forces de l\u2019ordre qui se sont montr\u00e9es \u00e0 la hauteur de l\u2019\u00e9v\u00e9nement. Pour d\u2019autres, il se serait agi plut\u00f4t d\u2019une r\u00e9action et d\u2019un r\u00e9flexe d\u2019autod\u00e9fense face aux accusations dont ils ont \u00e9t\u00e9 l\u2019objet.<\/p>\n<p>Cependant, malgr\u00e9 le profil adopt\u00e9, les attaques contre les agents de l\u2019ordre et les locaux de police ne cessent de se multiplier surtout apr\u00e8s les interpellations et les arrestations de criminels, de contrebandiers et de redoutables trafiquants d\u2019armes et de stup\u00e9fiants.La derni\u00e8re en date a \u00e9t\u00e9 la lib\u00e9ration sous pression d\u2019un dangereux criminel en d\u00e9tention dans un poste de police \u00e0 Zarzis. La situation est ainsi devenue dangereuse et les citoyens se demandent si notre police est \u00e0 ce point incapable de r\u00e9agir au crime et aux criminels.<\/p>\n<p>Pour les forces de police et leurs repr\u00e9sentants syndicaux, il ne s\u2019agit ni d\u2019une inertie ni d\u2019une d\u00e9mission, mais d\u2019un obstacle de fait et de droit li\u00e9 \u00e0 l\u2019inapplication de la loi et plus pr\u00e9cis\u00e9ment la loi 69-04 du 24 janvier 1969 qui r\u00e9glemente la proc\u00e9dure de dispersion des attroupements, de sommation des manifestants et de l\u2019usage de l\u2019arme \u00e0 feu en cas de refus d\u2019obtemp\u00e9rer.<\/p>\n<p>Malheureusement pour eux, cette loi n\u2019a jamais \u00e9t\u00e9 appliqu\u00e9e pour exiger aujourd\u2019hui son application. Elle a \u00e9t\u00e9 tr\u00e8s mauvaisement appliqu\u00e9e lors des \u00e9v\u00e9nements du 26 janvier 1978, de l\u2019\u00e9meute du pain de janvier 1984, de la r\u00e9volte du bassin minier de Metlaoui en 2008 et tout derni\u00e8rement la r\u00e9volution du 14 janvier o\u00f9 l\u2019on a tir\u00e9 \u00e0 bout portant sur des manifestants.<\/p>\n<p>La loi du 24 janvier 1969 n\u2019\u00e9tait pas la seule \u00e0 ne pas \u00eatre respect\u00e9e dans le domaine de la s\u00e9curit\u00e9 publique et des droits de l\u2019homme. Jusqu\u2019\u00e0 une ann\u00e9e en arri\u00e8re, le moindre attroupement \u00e9tait s\u00e9v\u00e8rement r\u00e9prim\u00e9, les r\u00e9unions autres que celles du parti au pouvoir, de l\u2019opposition complice et des organisations progouvernementales \u00e9taient interdites, les interpellations s\u2019op\u00e9raient sur simple d\u00e9lation de la part des miliciens du RCD et de certains cadres r\u00e9gionaux qui avaient pour mission de quadriller et de surveiller la population<\/p>\n<p>Aujourd\u2019hui, la police ne retrouve ses r\u00e9flexes d\u2019antan que face \u00e0 ses victimes ainsi que le t\u00e9moigne la m\u00e9saventure du blogueur et activiste Zakarya Bouguerra largement partag\u00e9e sur Facebook. Ce jeune \u00e9tudiant en m\u00e9decine a reconnu son agresseur, un certain Issam Dardouri, dans une manifestation de la police organis\u00e9e le 1er f\u00e9vrier 2012. Les faits remontent au 13 novembre 2011 \u00e0 l\u2019a\u00e9roport de Carthage suite \u00e0 un match ayant oppos\u00e9 l\u2019EST \u00e0 El Widady. Dardouri en compagnie d\u2019autres agents se sont ru\u00e9s sur lui alors qu\u2019il filmait l\u2019expulsion muscl\u00e9e de reporters marocains. Zakkarya apr\u00e8s s\u2019\u00eatre fait reconna\u00eetre \u00e0 son agresseur, lors de la\u00a0manifestation de soutien \u00e0 Samir Feriani \u00e0 la Kasbah,\u00a0une dizaine d\u2019agents l\u2019ont encercl\u00e9 pour le conduire, menottes \u00e0 la main, au poste de police de Bab Bnet, le tabasser et lui faire signer sous la menace un engagement de ne pas adresser la parole \u00e0 Dardouri.<\/p>\n<p>C\u2019est ce type de loi que les Tunisiens refusent et non celle qui consiste \u00e0 les prot\u00e9ger et \u00e0 prot\u00e9ger leur s\u00e9curit\u00e9.<\/p>\n","protected":false},"excerpt":{"rendered":"<p>Quand la police a peur, elle sort ses griffes !<\/p>\n","protected":false},"author":3222,"featured_media":334033,"comment_status":"open","ping_status":"closed","sticky":false,"template":"","format":"standard","meta":{"footnotes":""},"categories":[44],"tags":[2600],"class_list":["post-172241","post","type-post","status-publish","format-standard","has-post-thumbnail","hentry","category-national","tag-guerre"],"yoast_head":"<!-- This site is optimized with the Yoast SEO Premium plugin v27.5 (Yoast SEO v27.5) - https:\/\/yoast.com\/product\/yoast-seo-premium-wordpress\/ -->\n<title>Quand la police a peur, elle sort ses griffes !<\/title>\n<meta name=\"description\" content=\"Quand la police a peur, elle sort ses griffes !\" \/>\n<link rel=\"canonical\" href=\"https:\/\/www.webdo.tn\/fr\/actualite\/national-45\/quand-la-police-a-peur-elle-sort-ses-griffes\/172241\/\" \/>\n<meta property=\"og:locale\" content=\"fr_FR\" \/>\n<meta property=\"og:type\" content=\"article\" \/>\n<meta property=\"og:title\" content=\"Quand la police a peur, elle sort ses griffes !\" \/>\n<meta property=\"og:description\" content=\"Quand la police a peur, elle sort ses griffes !\" \/>\n<meta property=\"og:url\" content=\"https:\/\/www.webdo.tn\/fr\/actualite\/national-45\/quand-la-police-a-peur-elle-sort-ses-griffes\/172241\/\" \/>\n<meta property=\"og:site_name\" content=\"webdo\" \/>\n<meta property=\"article:publisher\" content=\"https:\/\/www.facebook.com\/webdotn\" \/>\n<meta property=\"article:published_time\" content=\"2012-02-03T18:24:00+00:00\" \/>\n<meta property=\"og:image\" content=\"https:\/\/www.webdo.tn\/fr\/wp-content\/uploads\/2012\/02\/Police-tunisienne.jpg\" \/>\n\t<meta property=\"og:image:width\" content=\"236\" \/>\n\t<meta property=\"og:image:height\" content=\"193\" \/>\n\t<meta property=\"og:image:type\" content=\"image\/jpeg\" \/>\n<meta name=\"author\" content=\"webdo.tn\" \/>\n<meta name=\"twitter:card\" content=\"summary_large_image\" \/>\n<meta name=\"twitter:creator\" content=\"@webdo_tn\" \/>\n<meta name=\"twitter:site\" content=\"@webdo_tn\" \/>\n<meta name=\"twitter:label1\" content=\"\u00c9crit par\" \/>\n\t<meta name=\"twitter:data1\" content=\"webdo.tn\" \/>\n\t<meta name=\"twitter:label2\" content=\"Dur\u00e9e de lecture estim\u00e9e\" \/>\n\t<meta name=\"twitter:data2\" content=\"7 minutes\" \/>\n<script type=\"application\/ld+json\" class=\"yoast-schema-graph\">{\"@context\":\"https:\\\/\\\/schema.org\",\"@graph\":[{\"@type\":\"NewsArticle\",\"@id\":\"https:\\\/\\\/www.webdo.tn\\\/fr\\\/actualite\\\/national-45\\\/quand-la-police-a-peur-elle-sort-ses-griffes\\\/172241\\\/#article\",\"isPartOf\":{\"@id\":\"https:\\\/\\\/www.webdo.tn\\\/fr\\\/actualite\\\/national-45\\\/quand-la-police-a-peur-elle-sort-ses-griffes\\\/172241\\\/\"},\"author\":{\"name\":\"webdo.tn\",\"@id\":\"https:\\\/\\\/www.webdo.tn\\\/fr\\\/#\\\/schema\\\/person\\\/9a9c6118d687c117df8ef3cc36a4d175\"},\"headline\":\"Quand la police a peur, elle sort ses griffes !\",\"datePublished\":\"2012-02-03T18:24:00+00:00\",\"mainEntityOfPage\":{\"@id\":\"https:\\\/\\\/www.webdo.tn\\\/fr\\\/actualite\\\/national-45\\\/quand-la-police-a-peur-elle-sort-ses-griffes\\\/172241\\\/\"},\"wordCount\":1370,\"commentCount\":0,\"publisher\":{\"@id\":\"https:\\\/\\\/www.webdo.tn\\\/fr\\\/#organization\"},\"image\":{\"@id\":\"https:\\\/\\\/www.webdo.tn\\\/fr\\\/actualite\\\/national-45\\\/quand-la-police-a-peur-elle-sort-ses-griffes\\\/172241\\\/#primaryimage\"},\"thumbnailUrl\":\"https:\\\/\\\/www.webdo.tn\\\/fr\\\/wp-content\\\/uploads\\\/2012\\\/02\\\/Police-tunisienne.jpg\",\"keywords\":[\"guerre\"],\"articleSection\":[\"National\"],\"inLanguage\":\"fr-FR\"},{\"@type\":\"WebPage\",\"@id\":\"https:\\\/\\\/www.webdo.tn\\\/fr\\\/actualite\\\/national-45\\\/quand-la-police-a-peur-elle-sort-ses-griffes\\\/172241\\\/\",\"url\":\"https:\\\/\\\/www.webdo.tn\\\/fr\\\/actualite\\\/national-45\\\/quand-la-police-a-peur-elle-sort-ses-griffes\\\/172241\\\/\",\"name\":\"Quand la police a peur, elle sort ses griffes !\",\"isPartOf\":{\"@id\":\"https:\\\/\\\/www.webdo.tn\\\/fr\\\/#website\"},\"primaryImageOfPage\":{\"@id\":\"https:\\\/\\\/www.webdo.tn\\\/fr\\\/actualite\\\/national-45\\\/quand-la-police-a-peur-elle-sort-ses-griffes\\\/172241\\\/#primaryimage\"},\"image\":{\"@id\":\"https:\\\/\\\/www.webdo.tn\\\/fr\\\/actualite\\\/national-45\\\/quand-la-police-a-peur-elle-sort-ses-griffes\\\/172241\\\/#primaryimage\"},\"thumbnailUrl\":\"https:\\\/\\\/www.webdo.tn\\\/fr\\\/wp-content\\\/uploads\\\/2012\\\/02\\\/Police-tunisienne.jpg\",\"datePublished\":\"2012-02-03T18:24:00+00:00\",\"description\":\"Quand la police a peur, elle sort ses griffes !\",\"breadcrumb\":{\"@id\":\"https:\\\/\\\/www.webdo.tn\\\/fr\\\/actualite\\\/national-45\\\/quand-la-police-a-peur-elle-sort-ses-griffes\\\/172241\\\/#breadcrumb\"},\"inLanguage\":\"fr-FR\",\"potentialAction\":[{\"@type\":\"ReadAction\",\"target\":[\"https:\\\/\\\/www.webdo.tn\\\/fr\\\/actualite\\\/national-45\\\/quand-la-police-a-peur-elle-sort-ses-griffes\\\/172241\\\/\"]}]},{\"@type\":\"ImageObject\",\"inLanguage\":\"fr-FR\",\"@id\":\"https:\\\/\\\/www.webdo.tn\\\/fr\\\/actualite\\\/national-45\\\/quand-la-police-a-peur-elle-sort-ses-griffes\\\/172241\\\/#primaryimage\",\"url\":\"https:\\\/\\\/www.webdo.tn\\\/fr\\\/wp-content\\\/uploads\\\/2012\\\/02\\\/Police-tunisienne.jpg\",\"contentUrl\":\"https:\\\/\\\/www.webdo.tn\\\/fr\\\/wp-content\\\/uploads\\\/2012\\\/02\\\/Police-tunisienne.jpg\",\"width\":236,\"height\":193,\"caption\":\"Quand la police a peur, elle sort ses griffes !\"},{\"@type\":\"BreadcrumbList\",\"@id\":\"https:\\\/\\\/www.webdo.tn\\\/fr\\\/actualite\\\/national-45\\\/quand-la-police-a-peur-elle-sort-ses-griffes\\\/172241\\\/#breadcrumb\",\"itemListElement\":[{\"@type\":\"ListItem\",\"position\":1,\"name\":\"Accueil\",\"item\":\"https:\\\/\\\/www.webdo.tn\\\/fr\\\/\"},{\"@type\":\"ListItem\",\"position\":2,\"name\":\"Quand la police a peur, elle sort ses griffes !\"}]},{\"@type\":\"WebSite\",\"@id\":\"https:\\\/\\\/www.webdo.tn\\\/fr\\\/#website\",\"url\":\"https:\\\/\\\/www.webdo.tn\\\/fr\\\/\",\"name\":\"webdo\",\"description\":\"Tunisie - News en Tunisie et \u00e0 l&#039;international sur Webdo.tn\",\"publisher\":{\"@id\":\"https:\\\/\\\/www.webdo.tn\\\/fr\\\/#organization\"},\"potentialAction\":[{\"@type\":\"SearchAction\",\"target\":{\"@type\":\"EntryPoint\",\"urlTemplate\":\"https:\\\/\\\/www.webdo.tn\\\/fr\\\/?s={search_term_string}\"},\"query-input\":{\"@type\":\"PropertyValueSpecification\",\"valueRequired\":true,\"valueName\":\"search_term_string\"}}],\"inLanguage\":\"fr-FR\"},{\"@type\":\"Organization\",\"@id\":\"https:\\\/\\\/www.webdo.tn\\\/fr\\\/#organization\",\"name\":\"Webdo\",\"alternateName\":\"Webdo.tn\",\"url\":\"https:\\\/\\\/www.webdo.tn\\\/fr\\\/\",\"logo\":{\"@type\":\"ImageObject\",\"inLanguage\":\"fr-FR\",\"@id\":\"https:\\\/\\\/www.webdo.tn\\\/fr\\\/#\\\/schema\\\/logo\\\/image\\\/\",\"url\":\"https:\\\/\\\/www.webdo.tn\\\/fr\\\/wp-content\\\/uploads\\\/2025\\\/06\\\/Webdo-Tunisie_168377.jpg\",\"contentUrl\":\"https:\\\/\\\/www.webdo.tn\\\/fr\\\/wp-content\\\/uploads\\\/2025\\\/06\\\/Webdo-Tunisie_168377.jpg\",\"width\":301,\"height\":301,\"caption\":\"Webdo\"},\"image\":{\"@id\":\"https:\\\/\\\/www.webdo.tn\\\/fr\\\/#\\\/schema\\\/logo\\\/image\\\/\"},\"sameAs\":[\"https:\\\/\\\/www.facebook.com\\\/webdotn\",\"https:\\\/\\\/x.com\\\/webdo_tn\"],\"description\":\"Webdo est un m\u00e9dia num\u00e9rique tunisien fond\u00e9 en 2010, sp\u00e9cialis\u00e9 dans l\u2019actualit\u00e9 nationale et internationale, l\u2019\u00e9conomie, la soci\u00e9t\u00e9 et les analyses politiques. Le site s\u2019adresse \u00e0 un large public francophone et couvre l\u2019information tunisienne en temps r\u00e9el.\",\"email\":\"redac@webdo.tn\",\"legalName\":\"YNJ SARL\",\"foundingDate\":\"2010-09-06\",\"numberOfEmployees\":{\"@type\":\"QuantitativeValue\",\"minValue\":\"11\",\"maxValue\":\"50\"}},{\"@type\":\"Person\",\"@id\":\"https:\\\/\\\/www.webdo.tn\\\/fr\\\/#\\\/schema\\\/person\\\/9a9c6118d687c117df8ef3cc36a4d175\",\"name\":\"webdo.tn\",\"image\":{\"@type\":\"ImageObject\",\"inLanguage\":\"fr-FR\",\"@id\":\"https:\\\/\\\/secure.gravatar.com\\\/avatar\\\/7ce1f28c0c3bbac99ff550b85ef8e44a6950c6ee24514fb6a5489e51d06f0298?s=96&d=mm&r=g\",\"url\":\"https:\\\/\\\/secure.gravatar.com\\\/avatar\\\/7ce1f28c0c3bbac99ff550b85ef8e44a6950c6ee24514fb6a5489e51d06f0298?s=96&d=mm&r=g\",\"contentUrl\":\"https:\\\/\\\/secure.gravatar.com\\\/avatar\\\/7ce1f28c0c3bbac99ff550b85ef8e44a6950c6ee24514fb6a5489e51d06f0298?s=96&d=mm&r=g\",\"caption\":\"webdo.tn\"},\"url\":\"https:\\\/\\\/www.webdo.tn\\\/fr\\\/actualite\\\/author\\\/webdotn\\\/\"}]}<\/script>\n<!-- \/ Yoast SEO Premium plugin. -->","yoast_head_json":{"title":"Quand la police a peur, elle sort ses griffes !","description":"Quand la police a peur, elle sort ses griffes !","canonical":"https:\/\/www.webdo.tn\/fr\/actualite\/national-45\/quand-la-police-a-peur-elle-sort-ses-griffes\/172241\/","og_locale":"fr_FR","og_type":"article","og_title":"Quand la police a peur, elle sort ses griffes !","og_description":"Quand la police a peur, elle sort ses griffes !","og_url":"https:\/\/www.webdo.tn\/fr\/actualite\/national-45\/quand-la-police-a-peur-elle-sort-ses-griffes\/172241\/","og_site_name":"webdo","article_publisher":"https:\/\/www.facebook.com\/webdotn","article_published_time":"2012-02-03T18:24:00+00:00","og_image":[{"width":236,"height":193,"url":"https:\/\/www.webdo.tn\/fr\/wp-content\/uploads\/2012\/02\/Police-tunisienne.jpg","type":"image\/jpeg"}],"author":"webdo.tn","twitter_card":"summary_large_image","twitter_creator":"@webdo_tn","twitter_site":"@webdo_tn","twitter_misc":{"\u00c9crit par":"webdo.tn","Dur\u00e9e de lecture estim\u00e9e":"7 minutes"},"schema":{"@context":"https:\/\/schema.org","@graph":[{"@type":"NewsArticle","@id":"https:\/\/www.webdo.tn\/fr\/actualite\/national-45\/quand-la-police-a-peur-elle-sort-ses-griffes\/172241\/#article","isPartOf":{"@id":"https:\/\/www.webdo.tn\/fr\/actualite\/national-45\/quand-la-police-a-peur-elle-sort-ses-griffes\/172241\/"},"author":{"name":"webdo.tn","@id":"https:\/\/www.webdo.tn\/fr\/#\/schema\/person\/9a9c6118d687c117df8ef3cc36a4d175"},"headline":"Quand la police a peur, elle sort ses griffes !","datePublished":"2012-02-03T18:24:00+00:00","mainEntityOfPage":{"@id":"https:\/\/www.webdo.tn\/fr\/actualite\/national-45\/quand-la-police-a-peur-elle-sort-ses-griffes\/172241\/"},"wordCount":1370,"commentCount":0,"publisher":{"@id":"https:\/\/www.webdo.tn\/fr\/#organization"},"image":{"@id":"https:\/\/www.webdo.tn\/fr\/actualite\/national-45\/quand-la-police-a-peur-elle-sort-ses-griffes\/172241\/#primaryimage"},"thumbnailUrl":"https:\/\/www.webdo.tn\/fr\/wp-content\/uploads\/2012\/02\/Police-tunisienne.jpg","keywords":["guerre"],"articleSection":["National"],"inLanguage":"fr-FR"},{"@type":"WebPage","@id":"https:\/\/www.webdo.tn\/fr\/actualite\/national-45\/quand-la-police-a-peur-elle-sort-ses-griffes\/172241\/","url":"https:\/\/www.webdo.tn\/fr\/actualite\/national-45\/quand-la-police-a-peur-elle-sort-ses-griffes\/172241\/","name":"Quand la police a peur, elle sort ses griffes !","isPartOf":{"@id":"https:\/\/www.webdo.tn\/fr\/#website"},"primaryImageOfPage":{"@id":"https:\/\/www.webdo.tn\/fr\/actualite\/national-45\/quand-la-police-a-peur-elle-sort-ses-griffes\/172241\/#primaryimage"},"image":{"@id":"https:\/\/www.webdo.tn\/fr\/actualite\/national-45\/quand-la-police-a-peur-elle-sort-ses-griffes\/172241\/#primaryimage"},"thumbnailUrl":"https:\/\/www.webdo.tn\/fr\/wp-content\/uploads\/2012\/02\/Police-tunisienne.jpg","datePublished":"2012-02-03T18:24:00+00:00","description":"Quand la police a peur, elle sort ses griffes !","breadcrumb":{"@id":"https:\/\/www.webdo.tn\/fr\/actualite\/national-45\/quand-la-police-a-peur-elle-sort-ses-griffes\/172241\/#breadcrumb"},"inLanguage":"fr-FR","potentialAction":[{"@type":"ReadAction","target":["https:\/\/www.webdo.tn\/fr\/actualite\/national-45\/quand-la-police-a-peur-elle-sort-ses-griffes\/172241\/"]}]},{"@type":"ImageObject","inLanguage":"fr-FR","@id":"https:\/\/www.webdo.tn\/fr\/actualite\/national-45\/quand-la-police-a-peur-elle-sort-ses-griffes\/172241\/#primaryimage","url":"https:\/\/www.webdo.tn\/fr\/wp-content\/uploads\/2012\/02\/Police-tunisienne.jpg","contentUrl":"https:\/\/www.webdo.tn\/fr\/wp-content\/uploads\/2012\/02\/Police-tunisienne.jpg","width":236,"height":193,"caption":"Quand la police a peur, elle sort ses griffes !"},{"@type":"BreadcrumbList","@id":"https:\/\/www.webdo.tn\/fr\/actualite\/national-45\/quand-la-police-a-peur-elle-sort-ses-griffes\/172241\/#breadcrumb","itemListElement":[{"@type":"ListItem","position":1,"name":"Accueil","item":"https:\/\/www.webdo.tn\/fr\/"},{"@type":"ListItem","position":2,"name":"Quand la police a peur, elle sort ses griffes !"}]},{"@type":"WebSite","@id":"https:\/\/www.webdo.tn\/fr\/#website","url":"https:\/\/www.webdo.tn\/fr\/","name":"webdo","description":"Tunisie - News en Tunisie et \u00e0 l&#039;international sur Webdo.tn","publisher":{"@id":"https:\/\/www.webdo.tn\/fr\/#organization"},"potentialAction":[{"@type":"SearchAction","target":{"@type":"EntryPoint","urlTemplate":"https:\/\/www.webdo.tn\/fr\/?s={search_term_string}"},"query-input":{"@type":"PropertyValueSpecification","valueRequired":true,"valueName":"search_term_string"}}],"inLanguage":"fr-FR"},{"@type":"Organization","@id":"https:\/\/www.webdo.tn\/fr\/#organization","name":"Webdo","alternateName":"Webdo.tn","url":"https:\/\/www.webdo.tn\/fr\/","logo":{"@type":"ImageObject","inLanguage":"fr-FR","@id":"https:\/\/www.webdo.tn\/fr\/#\/schema\/logo\/image\/","url":"https:\/\/www.webdo.tn\/fr\/wp-content\/uploads\/2025\/06\/Webdo-Tunisie_168377.jpg","contentUrl":"https:\/\/www.webdo.tn\/fr\/wp-content\/uploads\/2025\/06\/Webdo-Tunisie_168377.jpg","width":301,"height":301,"caption":"Webdo"},"image":{"@id":"https:\/\/www.webdo.tn\/fr\/#\/schema\/logo\/image\/"},"sameAs":["https:\/\/www.facebook.com\/webdotn","https:\/\/x.com\/webdo_tn"],"description":"Webdo est un m\u00e9dia num\u00e9rique tunisien fond\u00e9 en 2010, sp\u00e9cialis\u00e9 dans l\u2019actualit\u00e9 nationale et internationale, l\u2019\u00e9conomie, la soci\u00e9t\u00e9 et les analyses politiques. Le site s\u2019adresse \u00e0 un large public francophone et couvre l\u2019information tunisienne en temps r\u00e9el.","email":"redac@webdo.tn","legalName":"YNJ SARL","foundingDate":"2010-09-06","numberOfEmployees":{"@type":"QuantitativeValue","minValue":"11","maxValue":"50"}},{"@type":"Person","@id":"https:\/\/www.webdo.tn\/fr\/#\/schema\/person\/9a9c6118d687c117df8ef3cc36a4d175","name":"webdo.tn","image":{"@type":"ImageObject","inLanguage":"fr-FR","@id":"https:\/\/secure.gravatar.com\/avatar\/7ce1f28c0c3bbac99ff550b85ef8e44a6950c6ee24514fb6a5489e51d06f0298?s=96&d=mm&r=g","url":"https:\/\/secure.gravatar.com\/avatar\/7ce1f28c0c3bbac99ff550b85ef8e44a6950c6ee24514fb6a5489e51d06f0298?s=96&d=mm&r=g","contentUrl":"https:\/\/secure.gravatar.com\/avatar\/7ce1f28c0c3bbac99ff550b85ef8e44a6950c6ee24514fb6a5489e51d06f0298?s=96&d=mm&r=g","caption":"webdo.tn"},"url":"https:\/\/www.webdo.tn\/fr\/actualite\/author\/webdotn\/"}]}},"_links":{"self":[{"href":"https:\/\/www.webdo.tn\/fr\/wp-json\/wp\/v2\/posts\/172241","targetHints":{"allow":["GET"]}}],"collection":[{"href":"https:\/\/www.webdo.tn\/fr\/wp-json\/wp\/v2\/posts"}],"about":[{"href":"https:\/\/www.webdo.tn\/fr\/wp-json\/wp\/v2\/types\/post"}],"author":[{"embeddable":true,"href":"https:\/\/www.webdo.tn\/fr\/wp-json\/wp\/v2\/users\/3222"}],"replies":[{"embeddable":true,"href":"https:\/\/www.webdo.tn\/fr\/wp-json\/wp\/v2\/comments?post=172241"}],"version-history":[{"count":0,"href":"https:\/\/www.webdo.tn\/fr\/wp-json\/wp\/v2\/posts\/172241\/revisions"}],"wp:featuredmedia":[{"embeddable":true,"href":"https:\/\/www.webdo.tn\/fr\/wp-json\/wp\/v2\/media\/334033"}],"wp:attachment":[{"href":"https:\/\/www.webdo.tn\/fr\/wp-json\/wp\/v2\/media?parent=172241"}],"wp:term":[{"taxonomy":"category","embeddable":true,"href":"https:\/\/www.webdo.tn\/fr\/wp-json\/wp\/v2\/categories?post=172241"},{"taxonomy":"post_tag","embeddable":true,"href":"https:\/\/www.webdo.tn\/fr\/wp-json\/wp\/v2\/tags?post=172241"}],"curies":[{"name":"wp","href":"https:\/\/api.w.org\/{rel}","templated":true}]}}