{"id":172239,"date":"2012-02-05T13:09:00","date_gmt":"2012-02-05T13:09:00","guid":{"rendered":"https:\/\/www.webdo.tn\/fr\/blog\/le-syndicat-national-des-forces-de-securite-publie-la-photo-de-issam-dardouri-accuse-dagression-sur-le-blogueur-zakaria-bouguira\/172239\/"},"modified":"2012-02-05T13:09:00","modified_gmt":"2012-02-05T13:09:00","slug":"le-syndicat-national-des-forces-de-securite-publie-la-photo-de-issam-dardouri-accuse-dagression-sur-le-blogueur-zakaria-bouguira","status":"publish","type":"post","link":"https:\/\/www.webdo.tn\/fr\/actualite\/national\/le-syndicat-national-des-forces-de-securite-publie-la-photo-de-issam-dardouri-accuse-dagression-sur-le-blogueur-zakaria-bouguira\/172239\/","title":{"rendered":"Le Syndicat national des forces de s\u00e9curit\u00e9 publie la photo de Issam Dardouri, accus\u00e9 d&rsquo;agression sur le blogueur Zakaria Bouguira !"},"content":{"rendered":"<p>La page officielle du Syndicat national des forces de s\u00e9curit\u00e9 int\u00e9rieure tunisienne a relay\u00e9, hier, sur son mur Facebook, un message du policier Issam Dardouri, le policier que le blogueur Zakaria Bouguira accuse comme \u00e9tant l&rsquo;un de ses agresseurs.<\/p>\n<p>Les faits remontent au 13 novembre 2011, \u00e0 l\u2019a\u00e9roport de Carthage, suite \u00e0 un match ayant oppos\u00e9 l\u2019EST \u00e0 El Widady. Issam Dardouri, en compagnie d\u2019autres agents, se sont ru\u00e9s sur lui alors qu\u2019il filmait l\u2019expulsion muscl\u00e9e de reporters marocains, raconte Zakaria. En plus de son t\u00e9moignage largement partag\u00e9 sur Facebook, le blogueur avait port\u00e9 plainte contre les forces de l&rsquo;ordre pr\u00e9sentes \u00e0 l&rsquo;a\u00e9roport, ainsi que leur directeur et le ministre de l\u2019Int\u00e9rieur en charge \u00e0 l\u2019\u00e9poque.<\/p>\n<p>Le 20 janvier 2012, alors qu&rsquo;il se trouvait sur l&rsquo;avenue Bourguiba, pas loin du minist\u00e8re de l\u2019Int\u00e9rieur, Zakaria, d\u00e9crit dans un post publi\u00e9 sur sa page Facebook, qu&rsquo;il a revu pour la premi\u00e8re fois Issam Dardouri, et qu&rsquo;il lui a m\u00eame parl\u00e9 et lui a rafraichi la m\u00e9moire !<\/p>\n<p>Le 1er f\u00e9vrier 2012, lors de la manifestation de soutien \u00e0 Samir Feriani \u00e0 la Kasbah, Zakaria revoit  Issam Dardouri, pour la deuxi\u00e8me fois. Ce dernier participait \u00e0 une autre manifestation, celle de la protection des forces de l&rsquo;ordre !! Sans tarder, une dizaine d\u2019agents l\u2019ont encercl\u00e9 pour le conduire, menott\u00e9, au poste de police de Bab Bnet, le tabasser et lui faire signer sous la menace un engagement de ne plus ni adresser la parole \u00e0 Dardouri ni le citer, rapporte le blog collectif Nawaat.<\/p>\n<p>Le 2 f\u00e9vrier 2012, Nawaat publie un article sur les agressions de Zakaria. D\u00e9sormais le nom, Issam Dardouri, est connu, mais il manquait sa photo.<\/p>\n<p>Le 4 f\u00e9vrier 2012, le Syndicat national des forces de s\u00e9curit\u00e9 int\u00e9rieure publie un message de Issam Dardouri, qui fait appel \u00e0 la protection de la police et \u00e0 leur ind\u00e9pendance. La r\u00e9action des internautes ne se fait alors pas attendre ; c&rsquo;est de \u00ab l&rsquo;arrogance et le cynisme sans mesure ce syndicat envers le peuple lui-m\u00eame \u00bb, qualifie Nawaat. Le plus int\u00e9ressant est qu&rsquo;en publiant le message de Dardouri, le syndicat a affich\u00e9 aussi sa photo.<\/p>\n<p>Zakaria Bouguira ne citera plus son nom, mais suite \u00e0 son agression au poste de police de Bab Bnet, il va porter plainte pour la deuxi\u00e8me fois. Ceci dit, en attendant que justice soit faite (si justice il y a), l&rsquo;Internet se charge de l&rsquo;affaire ! La page \u00ab L&rsquo;indic \u00bb a d\u00e9j\u00e0 lanc\u00e9 sur Facebook une affiche o\u00f9 il est inscrit \u00ab Who is Issam Dardouri ? \u00bb.<\/p>\n","protected":false},"excerpt":{"rendered":"<p>Le Syndicat national des forces de s\u00e9curit\u00e9 publie la photo de Issam Dardouri, accus\u00e9 d&rsquo;agression sur le blogueur Zakaria Bouguira !<\/p>\n","protected":false},"author":3222,"featured_media":334035,"comment_status":"open","ping_status":"closed","sticky":false,"template":"","format":"standard","meta":{"footnotes":""},"categories":[44],"tags":[2600],"class_list":["post-172239","post","type-post","status-publish","format-standard","has-post-thumbnail","hentry","category-national","tag-guerre"],"yoast_head":"<!-- This site is optimized with the Yoast SEO Premium plugin v27.5 (Yoast SEO v27.5) - https:\/\/yoast.com\/product\/yoast-seo-premium-wordpress\/ -->\n<title>Le Syndicat national des forces de s\u00e9curit\u00e9 publie la photo de Issam Dardouri, accus\u00e9 d&#039;agression sur le blogueur Zakaria Bouguira !<\/title>\n<meta name=\"description\" content=\"Le Syndicat national des forces de s\u00e9curit\u00e9 publie la photo de Issam Dardouri, accus\u00e9 d&#039;agression sur le blogueur Zakaria Bouguira !\" \/>\n<link rel=\"canonical\" href=\"https:\/\/www.webdo.tn\/fr\/actualite\/national-45\/le-syndicat-national-des-forces-de-securite-publie-la-photo-de-issam-dardouri-accuse-dagression-sur-le-blogueur-zakaria-bouguira\/172239\/\" \/>\n<meta property=\"og:locale\" content=\"fr_FR\" \/>\n<meta property=\"og:type\" content=\"article\" \/>\n<meta property=\"og:title\" content=\"Le Syndicat national des forces de s\u00e9curit\u00e9 publie la photo de Issam Dardouri, accus\u00e9 d&#039;agression sur le blogueur Zakaria Bouguira !\" \/>\n<meta property=\"og:description\" content=\"Le Syndicat national des forces de s\u00e9curit\u00e9 publie la photo de Issam Dardouri, accus\u00e9 d&#039;agression sur le blogueur Zakaria Bouguira !\" \/>\n<meta property=\"og:url\" content=\"https:\/\/www.webdo.tn\/fr\/actualite\/national-45\/le-syndicat-national-des-forces-de-securite-publie-la-photo-de-issam-dardouri-accuse-dagression-sur-le-blogueur-zakaria-bouguira\/172239\/\" \/>\n<meta property=\"og:site_name\" content=\"webdo\" \/>\n<meta property=\"article:publisher\" content=\"https:\/\/www.facebook.com\/webdotn\" \/>\n<meta property=\"article:published_time\" content=\"2012-02-05T13:09:00+00:00\" \/>\n<meta property=\"og:image\" content=\"https:\/\/www.webdo.tn\/fr\/wp-content\/uploads\/2012\/02\/Zakaria-Bouguira.jpg\" \/>\n\t<meta property=\"og:image:width\" content=\"312\" \/>\n\t<meta property=\"og:image:height\" content=\"246\" \/>\n\t<meta property=\"og:image:type\" content=\"image\/jpeg\" \/>\n<meta name=\"author\" content=\"webdo.tn\" \/>\n<meta name=\"twitter:card\" content=\"summary_large_image\" \/>\n<meta name=\"twitter:creator\" content=\"@webdo_tn\" \/>\n<meta name=\"twitter:site\" content=\"@webdo_tn\" \/>\n<meta name=\"twitter:label1\" content=\"\u00c9crit par\" \/>\n\t<meta name=\"twitter:data1\" content=\"webdo.tn\" \/>\n\t<meta name=\"twitter:label2\" content=\"Dur\u00e9e de lecture estim\u00e9e\" \/>\n\t<meta name=\"twitter:data2\" content=\"2 minutes\" \/>\n<script type=\"application\/ld+json\" class=\"yoast-schema-graph\">{\"@context\":\"https:\\\/\\\/schema.org\",\"@graph\":[{\"@type\":\"NewsArticle\",\"@id\":\"https:\\\/\\\/www.webdo.tn\\\/fr\\\/actualite\\\/national-45\\\/le-syndicat-national-des-forces-de-securite-publie-la-photo-de-issam-dardouri-accuse-dagression-sur-le-blogueur-zakaria-bouguira\\\/172239\\\/#article\",\"isPartOf\":{\"@id\":\"https:\\\/\\\/www.webdo.tn\\\/fr\\\/actualite\\\/national-45\\\/le-syndicat-national-des-forces-de-securite-publie-la-photo-de-issam-dardouri-accuse-dagression-sur-le-blogueur-zakaria-bouguira\\\/172239\\\/\"},\"author\":{\"name\":\"webdo.tn\",\"@id\":\"https:\\\/\\\/www.webdo.tn\\\/fr\\\/#\\\/schema\\\/person\\\/9a9c6118d687c117df8ef3cc36a4d175\"},\"headline\":\"Le Syndicat national des forces de s\u00e9curit\u00e9 publie la photo de Issam Dardouri, accus\u00e9 d&rsquo;agression sur le blogueur Zakaria Bouguira !\",\"datePublished\":\"2012-02-05T13:09:00+00:00\",\"mainEntityOfPage\":{\"@id\":\"https:\\\/\\\/www.webdo.tn\\\/fr\\\/actualite\\\/national-45\\\/le-syndicat-national-des-forces-de-securite-publie-la-photo-de-issam-dardouri-accuse-dagression-sur-le-blogueur-zakaria-bouguira\\\/172239\\\/\"},\"wordCount\":464,\"commentCount\":0,\"publisher\":{\"@id\":\"https:\\\/\\\/www.webdo.tn\\\/fr\\\/#organization\"},\"image\":{\"@id\":\"https:\\\/\\\/www.webdo.tn\\\/fr\\\/actualite\\\/national-45\\\/le-syndicat-national-des-forces-de-securite-publie-la-photo-de-issam-dardouri-accuse-dagression-sur-le-blogueur-zakaria-bouguira\\\/172239\\\/#primaryimage\"},\"thumbnailUrl\":\"https:\\\/\\\/www.webdo.tn\\\/fr\\\/wp-content\\\/uploads\\\/2012\\\/02\\\/Zakaria-Bouguira.jpg\",\"keywords\":[\"guerre\"],\"articleSection\":[\"National\"],\"inLanguage\":\"fr-FR\"},{\"@type\":\"WebPage\",\"@id\":\"https:\\\/\\\/www.webdo.tn\\\/fr\\\/actualite\\\/national-45\\\/le-syndicat-national-des-forces-de-securite-publie-la-photo-de-issam-dardouri-accuse-dagression-sur-le-blogueur-zakaria-bouguira\\\/172239\\\/\",\"url\":\"https:\\\/\\\/www.webdo.tn\\\/fr\\\/actualite\\\/national-45\\\/le-syndicat-national-des-forces-de-securite-publie-la-photo-de-issam-dardouri-accuse-dagression-sur-le-blogueur-zakaria-bouguira\\\/172239\\\/\",\"name\":\"Le Syndicat national des forces de s\u00e9curit\u00e9 publie la photo de Issam Dardouri, accus\u00e9 d'agression sur le blogueur Zakaria Bouguira !\",\"isPartOf\":{\"@id\":\"https:\\\/\\\/www.webdo.tn\\\/fr\\\/#website\"},\"primaryImageOfPage\":{\"@id\":\"https:\\\/\\\/www.webdo.tn\\\/fr\\\/actualite\\\/national-45\\\/le-syndicat-national-des-forces-de-securite-publie-la-photo-de-issam-dardouri-accuse-dagression-sur-le-blogueur-zakaria-bouguira\\\/172239\\\/#primaryimage\"},\"image\":{\"@id\":\"https:\\\/\\\/www.webdo.tn\\\/fr\\\/actualite\\\/national-45\\\/le-syndicat-national-des-forces-de-securite-publie-la-photo-de-issam-dardouri-accuse-dagression-sur-le-blogueur-zakaria-bouguira\\\/172239\\\/#primaryimage\"},\"thumbnailUrl\":\"https:\\\/\\\/www.webdo.tn\\\/fr\\\/wp-content\\\/uploads\\\/2012\\\/02\\\/Zakaria-Bouguira.jpg\",\"datePublished\":\"2012-02-05T13:09:00+00:00\",\"description\":\"Le Syndicat national des forces de s\u00e9curit\u00e9 publie la photo de Issam Dardouri, accus\u00e9 d'agression sur le blogueur Zakaria Bouguira !\",\"breadcrumb\":{\"@id\":\"https:\\\/\\\/www.webdo.tn\\\/fr\\\/actualite\\\/national-45\\\/le-syndicat-national-des-forces-de-securite-publie-la-photo-de-issam-dardouri-accuse-dagression-sur-le-blogueur-zakaria-bouguira\\\/172239\\\/#breadcrumb\"},\"inLanguage\":\"fr-FR\",\"potentialAction\":[{\"@type\":\"ReadAction\",\"target\":[\"https:\\\/\\\/www.webdo.tn\\\/fr\\\/actualite\\\/national-45\\\/le-syndicat-national-des-forces-de-securite-publie-la-photo-de-issam-dardouri-accuse-dagression-sur-le-blogueur-zakaria-bouguira\\\/172239\\\/\"]}]},{\"@type\":\"ImageObject\",\"inLanguage\":\"fr-FR\",\"@id\":\"https:\\\/\\\/www.webdo.tn\\\/fr\\\/actualite\\\/national-45\\\/le-syndicat-national-des-forces-de-securite-publie-la-photo-de-issam-dardouri-accuse-dagression-sur-le-blogueur-zakaria-bouguira\\\/172239\\\/#primaryimage\",\"url\":\"https:\\\/\\\/www.webdo.tn\\\/fr\\\/wp-content\\\/uploads\\\/2012\\\/02\\\/Zakaria-Bouguira.jpg\",\"contentUrl\":\"https:\\\/\\\/www.webdo.tn\\\/fr\\\/wp-content\\\/uploads\\\/2012\\\/02\\\/Zakaria-Bouguira.jpg\",\"width\":312,\"height\":246,\"caption\":\"Le Syndicat national des forces de s\u00e9curit\u00e9 publie la photo de Issam Dardouri, accus\u00e9 d'agression sur le blogueur Zakaria Bouguira !\"},{\"@type\":\"BreadcrumbList\",\"@id\":\"https:\\\/\\\/www.webdo.tn\\\/fr\\\/actualite\\\/national-45\\\/le-syndicat-national-des-forces-de-securite-publie-la-photo-de-issam-dardouri-accuse-dagression-sur-le-blogueur-zakaria-bouguira\\\/172239\\\/#breadcrumb\",\"itemListElement\":[{\"@type\":\"ListItem\",\"position\":1,\"name\":\"Accueil\",\"item\":\"https:\\\/\\\/www.webdo.tn\\\/fr\\\/\"},{\"@type\":\"ListItem\",\"position\":2,\"name\":\"Le Syndicat national des forces de s\u00e9curit\u00e9 publie la photo de Issam Dardouri, accus\u00e9 d&rsquo;agression sur le blogueur Zakaria Bouguira !\"}]},{\"@type\":\"WebSite\",\"@id\":\"https:\\\/\\\/www.webdo.tn\\\/fr\\\/#website\",\"url\":\"https:\\\/\\\/www.webdo.tn\\\/fr\\\/\",\"name\":\"webdo\",\"description\":\"Tunisie - News en Tunisie et \u00e0 l&#039;international sur Webdo.tn\",\"publisher\":{\"@id\":\"https:\\\/\\\/www.webdo.tn\\\/fr\\\/#organization\"},\"potentialAction\":[{\"@type\":\"SearchAction\",\"target\":{\"@type\":\"EntryPoint\",\"urlTemplate\":\"https:\\\/\\\/www.webdo.tn\\\/fr\\\/?s={search_term_string}\"},\"query-input\":{\"@type\":\"PropertyValueSpecification\",\"valueRequired\":true,\"valueName\":\"search_term_string\"}}],\"inLanguage\":\"fr-FR\"},{\"@type\":\"Organization\",\"@id\":\"https:\\\/\\\/www.webdo.tn\\\/fr\\\/#organization\",\"name\":\"Webdo\",\"alternateName\":\"Webdo.tn\",\"url\":\"https:\\\/\\\/www.webdo.tn\\\/fr\\\/\",\"logo\":{\"@type\":\"ImageObject\",\"inLanguage\":\"fr-FR\",\"@id\":\"https:\\\/\\\/www.webdo.tn\\\/fr\\\/#\\\/schema\\\/logo\\\/image\\\/\",\"url\":\"https:\\\/\\\/www.webdo.tn\\\/fr\\\/wp-content\\\/uploads\\\/2025\\\/06\\\/Webdo-Tunisie_168377.jpg\",\"contentUrl\":\"https:\\\/\\\/www.webdo.tn\\\/fr\\\/wp-content\\\/uploads\\\/2025\\\/06\\\/Webdo-Tunisie_168377.jpg\",\"width\":301,\"height\":301,\"caption\":\"Webdo\"},\"image\":{\"@id\":\"https:\\\/\\\/www.webdo.tn\\\/fr\\\/#\\\/schema\\\/logo\\\/image\\\/\"},\"sameAs\":[\"https:\\\/\\\/www.facebook.com\\\/webdotn\",\"https:\\\/\\\/x.com\\\/webdo_tn\"],\"description\":\"Webdo est un m\u00e9dia num\u00e9rique tunisien fond\u00e9 en 2010, sp\u00e9cialis\u00e9 dans l\u2019actualit\u00e9 nationale et internationale, l\u2019\u00e9conomie, la soci\u00e9t\u00e9 et les analyses politiques. Le site s\u2019adresse \u00e0 un large public francophone et couvre l\u2019information tunisienne en temps r\u00e9el.\",\"email\":\"redac@webdo.tn\",\"legalName\":\"YNJ SARL\",\"foundingDate\":\"2010-09-06\",\"numberOfEmployees\":{\"@type\":\"QuantitativeValue\",\"minValue\":\"11\",\"maxValue\":\"50\"}},{\"@type\":\"Person\",\"@id\":\"https:\\\/\\\/www.webdo.tn\\\/fr\\\/#\\\/schema\\\/person\\\/9a9c6118d687c117df8ef3cc36a4d175\",\"name\":\"webdo.tn\",\"image\":{\"@type\":\"ImageObject\",\"inLanguage\":\"fr-FR\",\"@id\":\"https:\\\/\\\/secure.gravatar.com\\\/avatar\\\/7ce1f28c0c3bbac99ff550b85ef8e44a6950c6ee24514fb6a5489e51d06f0298?s=96&d=mm&r=g\",\"url\":\"https:\\\/\\\/secure.gravatar.com\\\/avatar\\\/7ce1f28c0c3bbac99ff550b85ef8e44a6950c6ee24514fb6a5489e51d06f0298?s=96&d=mm&r=g\",\"contentUrl\":\"https:\\\/\\\/secure.gravatar.com\\\/avatar\\\/7ce1f28c0c3bbac99ff550b85ef8e44a6950c6ee24514fb6a5489e51d06f0298?s=96&d=mm&r=g\",\"caption\":\"webdo.tn\"},\"url\":\"https:\\\/\\\/www.webdo.tn\\\/fr\\\/actualite\\\/author\\\/webdotn\\\/\"}]}<\/script>\n<!-- \/ Yoast SEO Premium plugin. -->","yoast_head_json":{"title":"Le Syndicat national des forces de s\u00e9curit\u00e9 publie la photo de Issam Dardouri, accus\u00e9 d'agression sur le blogueur Zakaria Bouguira !","description":"Le Syndicat national des forces de s\u00e9curit\u00e9 publie la photo de Issam Dardouri, accus\u00e9 d'agression sur le blogueur Zakaria Bouguira !","canonical":"https:\/\/www.webdo.tn\/fr\/actualite\/national-45\/le-syndicat-national-des-forces-de-securite-publie-la-photo-de-issam-dardouri-accuse-dagression-sur-le-blogueur-zakaria-bouguira\/172239\/","og_locale":"fr_FR","og_type":"article","og_title":"Le Syndicat national des forces de s\u00e9curit\u00e9 publie la photo de Issam Dardouri, accus\u00e9 d'agression sur le blogueur Zakaria Bouguira !","og_description":"Le Syndicat national des forces de s\u00e9curit\u00e9 publie la photo de Issam Dardouri, accus\u00e9 d'agression sur le blogueur Zakaria Bouguira !","og_url":"https:\/\/www.webdo.tn\/fr\/actualite\/national-45\/le-syndicat-national-des-forces-de-securite-publie-la-photo-de-issam-dardouri-accuse-dagression-sur-le-blogueur-zakaria-bouguira\/172239\/","og_site_name":"webdo","article_publisher":"https:\/\/www.facebook.com\/webdotn","article_published_time":"2012-02-05T13:09:00+00:00","og_image":[{"width":312,"height":246,"url":"https:\/\/www.webdo.tn\/fr\/wp-content\/uploads\/2012\/02\/Zakaria-Bouguira.jpg","type":"image\/jpeg"}],"author":"webdo.tn","twitter_card":"summary_large_image","twitter_creator":"@webdo_tn","twitter_site":"@webdo_tn","twitter_misc":{"\u00c9crit par":"webdo.tn","Dur\u00e9e de lecture estim\u00e9e":"2 minutes"},"schema":{"@context":"https:\/\/schema.org","@graph":[{"@type":"NewsArticle","@id":"https:\/\/www.webdo.tn\/fr\/actualite\/national-45\/le-syndicat-national-des-forces-de-securite-publie-la-photo-de-issam-dardouri-accuse-dagression-sur-le-blogueur-zakaria-bouguira\/172239\/#article","isPartOf":{"@id":"https:\/\/www.webdo.tn\/fr\/actualite\/national-45\/le-syndicat-national-des-forces-de-securite-publie-la-photo-de-issam-dardouri-accuse-dagression-sur-le-blogueur-zakaria-bouguira\/172239\/"},"author":{"name":"webdo.tn","@id":"https:\/\/www.webdo.tn\/fr\/#\/schema\/person\/9a9c6118d687c117df8ef3cc36a4d175"},"headline":"Le Syndicat national des forces de s\u00e9curit\u00e9 publie la photo de Issam Dardouri, accus\u00e9 d&rsquo;agression sur le blogueur Zakaria Bouguira !","datePublished":"2012-02-05T13:09:00+00:00","mainEntityOfPage":{"@id":"https:\/\/www.webdo.tn\/fr\/actualite\/national-45\/le-syndicat-national-des-forces-de-securite-publie-la-photo-de-issam-dardouri-accuse-dagression-sur-le-blogueur-zakaria-bouguira\/172239\/"},"wordCount":464,"commentCount":0,"publisher":{"@id":"https:\/\/www.webdo.tn\/fr\/#organization"},"image":{"@id":"https:\/\/www.webdo.tn\/fr\/actualite\/national-45\/le-syndicat-national-des-forces-de-securite-publie-la-photo-de-issam-dardouri-accuse-dagression-sur-le-blogueur-zakaria-bouguira\/172239\/#primaryimage"},"thumbnailUrl":"https:\/\/www.webdo.tn\/fr\/wp-content\/uploads\/2012\/02\/Zakaria-Bouguira.jpg","keywords":["guerre"],"articleSection":["National"],"inLanguage":"fr-FR"},{"@type":"WebPage","@id":"https:\/\/www.webdo.tn\/fr\/actualite\/national-45\/le-syndicat-national-des-forces-de-securite-publie-la-photo-de-issam-dardouri-accuse-dagression-sur-le-blogueur-zakaria-bouguira\/172239\/","url":"https:\/\/www.webdo.tn\/fr\/actualite\/national-45\/le-syndicat-national-des-forces-de-securite-publie-la-photo-de-issam-dardouri-accuse-dagression-sur-le-blogueur-zakaria-bouguira\/172239\/","name":"Le Syndicat national des forces de s\u00e9curit\u00e9 publie la photo de Issam Dardouri, accus\u00e9 d'agression sur le blogueur Zakaria Bouguira !","isPartOf":{"@id":"https:\/\/www.webdo.tn\/fr\/#website"},"primaryImageOfPage":{"@id":"https:\/\/www.webdo.tn\/fr\/actualite\/national-45\/le-syndicat-national-des-forces-de-securite-publie-la-photo-de-issam-dardouri-accuse-dagression-sur-le-blogueur-zakaria-bouguira\/172239\/#primaryimage"},"image":{"@id":"https:\/\/www.webdo.tn\/fr\/actualite\/national-45\/le-syndicat-national-des-forces-de-securite-publie-la-photo-de-issam-dardouri-accuse-dagression-sur-le-blogueur-zakaria-bouguira\/172239\/#primaryimage"},"thumbnailUrl":"https:\/\/www.webdo.tn\/fr\/wp-content\/uploads\/2012\/02\/Zakaria-Bouguira.jpg","datePublished":"2012-02-05T13:09:00+00:00","description":"Le Syndicat national des forces de s\u00e9curit\u00e9 publie la photo de Issam Dardouri, accus\u00e9 d'agression sur le blogueur Zakaria Bouguira !","breadcrumb":{"@id":"https:\/\/www.webdo.tn\/fr\/actualite\/national-45\/le-syndicat-national-des-forces-de-securite-publie-la-photo-de-issam-dardouri-accuse-dagression-sur-le-blogueur-zakaria-bouguira\/172239\/#breadcrumb"},"inLanguage":"fr-FR","potentialAction":[{"@type":"ReadAction","target":["https:\/\/www.webdo.tn\/fr\/actualite\/national-45\/le-syndicat-national-des-forces-de-securite-publie-la-photo-de-issam-dardouri-accuse-dagression-sur-le-blogueur-zakaria-bouguira\/172239\/"]}]},{"@type":"ImageObject","inLanguage":"fr-FR","@id":"https:\/\/www.webdo.tn\/fr\/actualite\/national-45\/le-syndicat-national-des-forces-de-securite-publie-la-photo-de-issam-dardouri-accuse-dagression-sur-le-blogueur-zakaria-bouguira\/172239\/#primaryimage","url":"https:\/\/www.webdo.tn\/fr\/wp-content\/uploads\/2012\/02\/Zakaria-Bouguira.jpg","contentUrl":"https:\/\/www.webdo.tn\/fr\/wp-content\/uploads\/2012\/02\/Zakaria-Bouguira.jpg","width":312,"height":246,"caption":"Le Syndicat national des forces de s\u00e9curit\u00e9 publie la photo de Issam Dardouri, accus\u00e9 d'agression sur le blogueur Zakaria Bouguira !"},{"@type":"BreadcrumbList","@id":"https:\/\/www.webdo.tn\/fr\/actualite\/national-45\/le-syndicat-national-des-forces-de-securite-publie-la-photo-de-issam-dardouri-accuse-dagression-sur-le-blogueur-zakaria-bouguira\/172239\/#breadcrumb","itemListElement":[{"@type":"ListItem","position":1,"name":"Accueil","item":"https:\/\/www.webdo.tn\/fr\/"},{"@type":"ListItem","position":2,"name":"Le Syndicat national des forces de s\u00e9curit\u00e9 publie la photo de Issam Dardouri, accus\u00e9 d&rsquo;agression sur le blogueur Zakaria Bouguira !"}]},{"@type":"WebSite","@id":"https:\/\/www.webdo.tn\/fr\/#website","url":"https:\/\/www.webdo.tn\/fr\/","name":"webdo","description":"Tunisie - News en Tunisie et \u00e0 l&#039;international sur Webdo.tn","publisher":{"@id":"https:\/\/www.webdo.tn\/fr\/#organization"},"potentialAction":[{"@type":"SearchAction","target":{"@type":"EntryPoint","urlTemplate":"https:\/\/www.webdo.tn\/fr\/?s={search_term_string}"},"query-input":{"@type":"PropertyValueSpecification","valueRequired":true,"valueName":"search_term_string"}}],"inLanguage":"fr-FR"},{"@type":"Organization","@id":"https:\/\/www.webdo.tn\/fr\/#organization","name":"Webdo","alternateName":"Webdo.tn","url":"https:\/\/www.webdo.tn\/fr\/","logo":{"@type":"ImageObject","inLanguage":"fr-FR","@id":"https:\/\/www.webdo.tn\/fr\/#\/schema\/logo\/image\/","url":"https:\/\/www.webdo.tn\/fr\/wp-content\/uploads\/2025\/06\/Webdo-Tunisie_168377.jpg","contentUrl":"https:\/\/www.webdo.tn\/fr\/wp-content\/uploads\/2025\/06\/Webdo-Tunisie_168377.jpg","width":301,"height":301,"caption":"Webdo"},"image":{"@id":"https:\/\/www.webdo.tn\/fr\/#\/schema\/logo\/image\/"},"sameAs":["https:\/\/www.facebook.com\/webdotn","https:\/\/x.com\/webdo_tn"],"description":"Webdo est un m\u00e9dia num\u00e9rique tunisien fond\u00e9 en 2010, sp\u00e9cialis\u00e9 dans l\u2019actualit\u00e9 nationale et internationale, l\u2019\u00e9conomie, la soci\u00e9t\u00e9 et les analyses politiques. Le site s\u2019adresse \u00e0 un large public francophone et couvre l\u2019information tunisienne en temps r\u00e9el.","email":"redac@webdo.tn","legalName":"YNJ SARL","foundingDate":"2010-09-06","numberOfEmployees":{"@type":"QuantitativeValue","minValue":"11","maxValue":"50"}},{"@type":"Person","@id":"https:\/\/www.webdo.tn\/fr\/#\/schema\/person\/9a9c6118d687c117df8ef3cc36a4d175","name":"webdo.tn","image":{"@type":"ImageObject","inLanguage":"fr-FR","@id":"https:\/\/secure.gravatar.com\/avatar\/7ce1f28c0c3bbac99ff550b85ef8e44a6950c6ee24514fb6a5489e51d06f0298?s=96&d=mm&r=g","url":"https:\/\/secure.gravatar.com\/avatar\/7ce1f28c0c3bbac99ff550b85ef8e44a6950c6ee24514fb6a5489e51d06f0298?s=96&d=mm&r=g","contentUrl":"https:\/\/secure.gravatar.com\/avatar\/7ce1f28c0c3bbac99ff550b85ef8e44a6950c6ee24514fb6a5489e51d06f0298?s=96&d=mm&r=g","caption":"webdo.tn"},"url":"https:\/\/www.webdo.tn\/fr\/actualite\/author\/webdotn\/"}]}},"_links":{"self":[{"href":"https:\/\/www.webdo.tn\/fr\/wp-json\/wp\/v2\/posts\/172239","targetHints":{"allow":["GET"]}}],"collection":[{"href":"https:\/\/www.webdo.tn\/fr\/wp-json\/wp\/v2\/posts"}],"about":[{"href":"https:\/\/www.webdo.tn\/fr\/wp-json\/wp\/v2\/types\/post"}],"author":[{"embeddable":true,"href":"https:\/\/www.webdo.tn\/fr\/wp-json\/wp\/v2\/users\/3222"}],"replies":[{"embeddable":true,"href":"https:\/\/www.webdo.tn\/fr\/wp-json\/wp\/v2\/comments?post=172239"}],"version-history":[{"count":0,"href":"https:\/\/www.webdo.tn\/fr\/wp-json\/wp\/v2\/posts\/172239\/revisions"}],"wp:featuredmedia":[{"embeddable":true,"href":"https:\/\/www.webdo.tn\/fr\/wp-json\/wp\/v2\/media\/334035"}],"wp:attachment":[{"href":"https:\/\/www.webdo.tn\/fr\/wp-json\/wp\/v2\/media?parent=172239"}],"wp:term":[{"taxonomy":"category","embeddable":true,"href":"https:\/\/www.webdo.tn\/fr\/wp-json\/wp\/v2\/categories?post=172239"},{"taxonomy":"post_tag","embeddable":true,"href":"https:\/\/www.webdo.tn\/fr\/wp-json\/wp\/v2\/tags?post=172239"}],"curies":[{"name":"wp","href":"https:\/\/api.w.org\/{rel}","templated":true}]}}