{"id":172238,"date":"2012-02-05T13:55:00","date_gmt":"2012-02-05T13:55:00","guid":{"rendered":"https:\/\/www.webdo.tn\/fr\/blog\/tunisie-la-bourse-efface-ses-pertes-pour-la-premiere-fois\/172238\/"},"modified":"2025-06-04T19:00:54","modified_gmt":"2025-06-04T19:00:54","slug":"tunisie-la-bourse-efface-ses-pertes-pour-la-premiere-fois","status":"publish","type":"post","link":"https:\/\/www.webdo.tn\/fr\/actualite\/national\/tunisie-la-bourse-efface-ses-pertes-pour-la-premiere-fois\/172238\/","title":{"rendered":"Tunisie: la Bourse efface ses pertes pour la premi\u00e8re fois"},"content":{"rendered":"<p>Apr\u00e8s un premier mois enti\u00e8rement dans le rouge, le march\u00e9 boursier a ouvert la premi\u00e8re semaine de f\u00e9vrier dans le vert \u00e0 l&rsquo;issue d&rsquo;un parcours pourtant n\u00e9gatif lors des 2 premi\u00e8res s\u00e9ances. C&rsquo;est \u00e0 partir de la troisi\u00e8me que la tendance a pu engranger d&rsquo;affil\u00e9 3 cotations positives qui au d\u00e9compte des 5 s\u00e9ances que comprend la semaine ont permis au Tunindex de cl\u00f4turer sur 12 points d&rsquo;\u00e9cart.<\/p>\n<p>Pour la premi\u00e8re fois depuis la fin de 2011, en affichant 4725,23 points, cette performance quoique modeste de 0,25% a suffi \u00e0 effacer toutes les pertes cumul\u00e9es \u00e0 ce jour et a sign\u00e9 un exc\u00e9dent de 0,06% au vendredi 3 f\u00e9vrier.<\/p>\n<p>Il faut cependant savoir que la tendance \u00e0 la r\u00e9cup\u00e9ration se faisait d\u00e9j\u00e0 sentir lors de la deuxi\u00e8me moiti\u00e9 de janvier. Elle a surtout une valeur psychologique pour les intervenants qui auront pass\u00e9 2011 quasi enti\u00e8rement dans le rouge avec des creux allant jusqu&rsquo;\u00e0 -20% en milieu d&rsquo;ann\u00e9e avant de remonter laborieusement la pente et finir avec une perte de quelques -7%.<\/p>\n<p>La rechute des indicateurs d\u00e8s l&rsquo;ouverture de 2012 avait r\u00e9pandu un certain pessimisme autour de la corbeille \u00e9lectronique. En revanche, les r\u00e9sultats des indicateurs \u00e9conomiques des entreprises au 31 d\u00e9cembre 2011, publi\u00e9s vers la deuxi\u00e8me moiti\u00e9 de janvier 2012, semblent susciter un meilleur sentiment aupr\u00e8s des intervenants, sur la perspective boursi\u00e8re. Il est vrai que l&rsquo;annonce de la r\u00e9ussite de l&rsquo;op\u00e9ration de Hexabites, souscrite \u00e0 plus de 46 fois l&rsquo;offre, ainsi que les r\u00e9sultats moins d\u00e9sastreux que ce qu&rsquo;il en \u00e9tait redout\u00e9, notamment \u00e0 l&rsquo;endroit de certains secteurs, par exemple celui des banques ont, avec la confirmation de la volont\u00e9 politique du gouvernement Dj\u00e9bali de soutenir le march\u00e9 et de relancer l&rsquo;investissement, donn\u00e9 un nouvel \u00e9lan en faveur d&rsquo;un retour \u00e0 la normale du march\u00e9 financier.<\/p>\n<p>En tout cas, la balance des variations a nettement pench\u00e9 du c\u00f4t\u00e9 de la hausse avec 29 supports contre 22 \u00e0 la baisse. Amen Bank a d\u00e9croch\u00e9 de loin la palme avec un bond de 9,60% devant l&rsquo;assurance Star qui s&rsquo;est adjug\u00e9 4,93%. A la baisse celle de Somocer a \u00e9t\u00e9 la plus forte avec -5,06%. Moins incisive, aura \u00e9t\u00e9 celle de Al kimia qui a c\u00e9d\u00e9 -4,5%<\/p>\n<p>En fait, mis \u00e0 part les secteurs de l&rsquo;agroalimentaire, la distribution et celui des pharmaceutiques, la plupart des autres ont termin\u00e9 dans le vert. En particulier, les bancaires semblent se consolider. Il faut savoir que ce secteur a quand m\u00eame r\u00e9ussi \u00e0 enregistrer une hausse de 4.3% de ses d\u00e9p\u00f4ts, une performance qu&rsquo;il doit surtout au 2\u00e8me semestre de l\u2019ann\u00e9e (+3.9%) \u00e0 laquelle s&rsquo;ajoute une croissance de 12,7% des cr\u00e9dits, un rebond qui a eu lieu le premier semestre, favoris\u00e9e par la baisse du taux de r\u00e9serves obligatoires \u00e0 3 reprises (de 12.5% \u00e0 2%) et la baisse du taux directeur de la BCT ainsi que la permission aux banques de r\u00e9\u00e9chelonner les cr\u00e9dits en soutien \u00e0 leurs clients.<\/p>\n<p>Ceci dit, les transactions ont enregistr\u00e9 une am\u00e9lioration du volume moyen qui \u00e0 largement d\u00e9pass\u00e9 la barre des 5Md \u00e0 pr\u00e9s de 6Md contre moins de 5 la semaine pr\u00e9c\u00e9dente ce, suite \u00e0 la cession sur bloc portant sur un volume de 8.2Md sur le titre Telnet . Avec 6Md et pas moins de 22% du march\u00e9, Amen Bank a remport\u00e9 ici aussi la meilleure prestation quantitative devant la Banque de Tunisie et l&rsquo;UBCI pour une contribution de quelques 2,2Md chacune.<\/p>\n<p>Aux autres faits saillants, sachez que le Conseil d\u2019Administration de la Bourse a donn\u00e9 son accord de principe pour l\u2019admission de la soci\u00e9t\u00e9 AMS (Ateliers M\u00e9caniques du Sahel ) au march\u00e9 alternatif de la Cote de la Bourse de Tunis. Cette introduction se fera via la cr\u00e9ation de 1 million d\u2019actions nouvelles \u00e0 \u00e9mettre, repr\u00e9sentant 28.9% du capital apr\u00e8s augmentation. Notez aussi que la soci\u00e9t\u00e9 AMS qui est sp\u00e9cialis\u00e9e dans la robinetterie et les articles de m\u00e9nage avait \u00e9t\u00e9 rachet\u00e9e par le groupe Loukil.<br \/>\nMouvements saillants de la semaine au vendredi 3 f\u00e9vrier 2012:<\/p>\n","protected":false},"excerpt":{"rendered":"<p>Tunisie: la Bourse efface ses pertes pour la premi\u00e8re fois <\/p>\n","protected":false},"author":3222,"featured_media":374662,"comment_status":"open","ping_status":"closed","sticky":false,"template":"","format":"standard","meta":{"footnotes":""},"categories":[44],"tags":[],"class_list":["post-172238","post","type-post","status-publish","format-standard","has-post-thumbnail","hentry","category-national"],"yoast_head":"<!-- This site is optimized with the Yoast SEO Premium plugin v27.5 (Yoast SEO v27.5) - https:\/\/yoast.com\/product\/yoast-seo-premium-wordpress\/ -->\n<title>Tunisie: la Bourse efface ses pertes pour la premi\u00e8re fois<\/title>\n<meta name=\"description\" content=\"Tunisie: la Bourse efface ses pertes pour la premi\u00e8re fois\" \/>\n<link rel=\"canonical\" href=\"https:\/\/www.webdo.tn\/fr\/actualite\/national\/tunisie-la-bourse-efface-ses-pertes-pour-la-premiere-fois\/172238\/\" \/>\n<meta property=\"og:locale\" content=\"fr_FR\" \/>\n<meta property=\"og:type\" content=\"article\" \/>\n<meta property=\"og:title\" content=\"Tunisie: la Bourse efface ses pertes pour la premi\u00e8re fois\" \/>\n<meta property=\"og:description\" content=\"Tunisie: la Bourse efface ses pertes pour la premi\u00e8re fois\" \/>\n<meta property=\"og:url\" content=\"https:\/\/www.webdo.tn\/fr\/actualite\/national\/tunisie-la-bourse-efface-ses-pertes-pour-la-premiere-fois\/172238\/\" \/>\n<meta property=\"og:site_name\" content=\"webdo\" \/>\n<meta property=\"article:publisher\" content=\"https:\/\/www.facebook.com\/webdotn\" \/>\n<meta property=\"article:published_time\" content=\"2012-02-05T13:55:00+00:00\" \/>\n<meta property=\"article:modified_time\" content=\"2025-06-04T19:00:54+00:00\" \/>\n<meta name=\"author\" content=\"webdo.tn\" \/>\n<meta name=\"twitter:card\" content=\"summary_large_image\" \/>\n<meta name=\"twitter:creator\" content=\"@webdo_tn\" \/>\n<meta name=\"twitter:site\" content=\"@webdo_tn\" \/>\n<meta name=\"twitter:label1\" content=\"\u00c9crit par\" \/>\n\t<meta name=\"twitter:data1\" content=\"webdo.tn\" \/>\n\t<meta name=\"twitter:label2\" content=\"Dur\u00e9e de lecture estim\u00e9e\" \/>\n\t<meta name=\"twitter:data2\" content=\"3 minutes\" \/>\n<script type=\"application\/ld+json\" class=\"yoast-schema-graph\">{\"@context\":\"https:\\\/\\\/schema.org\",\"@graph\":[{\"@type\":\"NewsArticle\",\"@id\":\"https:\\\/\\\/www.webdo.tn\\\/fr\\\/actualite\\\/national\\\/tunisie-la-bourse-efface-ses-pertes-pour-la-premiere-fois\\\/172238\\\/#article\",\"isPartOf\":{\"@id\":\"https:\\\/\\\/www.webdo.tn\\\/fr\\\/actualite\\\/national\\\/tunisie-la-bourse-efface-ses-pertes-pour-la-premiere-fois\\\/172238\\\/\"},\"author\":{\"name\":\"webdo.tn\",\"@id\":\"https:\\\/\\\/www.webdo.tn\\\/fr\\\/#\\\/schema\\\/person\\\/9a9c6118d687c117df8ef3cc36a4d175\"},\"headline\":\"Tunisie: la Bourse efface ses pertes pour la premi\u00e8re fois\",\"datePublished\":\"2012-02-05T13:55:00+00:00\",\"dateModified\":\"2025-06-04T19:00:54+00:00\",\"mainEntityOfPage\":{\"@id\":\"https:\\\/\\\/www.webdo.tn\\\/fr\\\/actualite\\\/national\\\/tunisie-la-bourse-efface-ses-pertes-pour-la-premiere-fois\\\/172238\\\/\"},\"wordCount\":705,\"commentCount\":0,\"publisher\":{\"@id\":\"https:\\\/\\\/www.webdo.tn\\\/fr\\\/#organization\"},\"image\":{\"@id\":\"https:\\\/\\\/www.webdo.tn\\\/fr\\\/actualite\\\/national\\\/tunisie-la-bourse-efface-ses-pertes-pour-la-premiere-fois\\\/172238\\\/#primaryimage\"},\"thumbnailUrl\":\"https:\\\/\\\/www.webdo.tn\\\/fr\\\/wp-content\\\/uploads\\\/2025\\\/06\\\/Bourse-a-la-hausse_172238.jpg\",\"articleSection\":[\"National\"],\"inLanguage\":\"fr-FR\"},{\"@type\":\"WebPage\",\"@id\":\"https:\\\/\\\/www.webdo.tn\\\/fr\\\/actualite\\\/national\\\/tunisie-la-bourse-efface-ses-pertes-pour-la-premiere-fois\\\/172238\\\/\",\"url\":\"https:\\\/\\\/www.webdo.tn\\\/fr\\\/actualite\\\/national\\\/tunisie-la-bourse-efface-ses-pertes-pour-la-premiere-fois\\\/172238\\\/\",\"name\":\"Tunisie: la Bourse efface ses pertes pour la premi\u00e8re fois\",\"isPartOf\":{\"@id\":\"https:\\\/\\\/www.webdo.tn\\\/fr\\\/#website\"},\"primaryImageOfPage\":{\"@id\":\"https:\\\/\\\/www.webdo.tn\\\/fr\\\/actualite\\\/national\\\/tunisie-la-bourse-efface-ses-pertes-pour-la-premiere-fois\\\/172238\\\/#primaryimage\"},\"image\":{\"@id\":\"https:\\\/\\\/www.webdo.tn\\\/fr\\\/actualite\\\/national\\\/tunisie-la-bourse-efface-ses-pertes-pour-la-premiere-fois\\\/172238\\\/#primaryimage\"},\"thumbnailUrl\":\"https:\\\/\\\/www.webdo.tn\\\/fr\\\/wp-content\\\/uploads\\\/2025\\\/06\\\/Bourse-a-la-hausse_172238.jpg\",\"datePublished\":\"2012-02-05T13:55:00+00:00\",\"dateModified\":\"2025-06-04T19:00:54+00:00\",\"description\":\"Tunisie: la Bourse efface ses pertes pour la premi\u00e8re fois\",\"breadcrumb\":{\"@id\":\"https:\\\/\\\/www.webdo.tn\\\/fr\\\/actualite\\\/national\\\/tunisie-la-bourse-efface-ses-pertes-pour-la-premiere-fois\\\/172238\\\/#breadcrumb\"},\"inLanguage\":\"fr-FR\",\"potentialAction\":[{\"@type\":\"ReadAction\",\"target\":[\"https:\\\/\\\/www.webdo.tn\\\/fr\\\/actualite\\\/national\\\/tunisie-la-bourse-efface-ses-pertes-pour-la-premiere-fois\\\/172238\\\/\"]}]},{\"@type\":\"ImageObject\",\"inLanguage\":\"fr-FR\",\"@id\":\"https:\\\/\\\/www.webdo.tn\\\/fr\\\/actualite\\\/national\\\/tunisie-la-bourse-efface-ses-pertes-pour-la-premiere-fois\\\/172238\\\/#primaryimage\",\"url\":\"https:\\\/\\\/www.webdo.tn\\\/fr\\\/wp-content\\\/uploads\\\/2025\\\/06\\\/Bourse-a-la-hausse_172238.jpg\",\"contentUrl\":\"https:\\\/\\\/www.webdo.tn\\\/fr\\\/wp-content\\\/uploads\\\/2025\\\/06\\\/Bourse-a-la-hausse_172238.jpg\",\"width\":300,\"height\":204,\"caption\":\"Tunisie: la Bourse efface ses pertes pour la premi\u00e8re fois\"},{\"@type\":\"BreadcrumbList\",\"@id\":\"https:\\\/\\\/www.webdo.tn\\\/fr\\\/actualite\\\/national\\\/tunisie-la-bourse-efface-ses-pertes-pour-la-premiere-fois\\\/172238\\\/#breadcrumb\",\"itemListElement\":[{\"@type\":\"ListItem\",\"position\":1,\"name\":\"Accueil\",\"item\":\"https:\\\/\\\/www.webdo.tn\\\/fr\\\/\"},{\"@type\":\"ListItem\",\"position\":2,\"name\":\"Tunisie: la Bourse efface ses pertes pour la premi\u00e8re fois\"}]},{\"@type\":\"WebSite\",\"@id\":\"https:\\\/\\\/www.webdo.tn\\\/fr\\\/#website\",\"url\":\"https:\\\/\\\/www.webdo.tn\\\/fr\\\/\",\"name\":\"webdo\",\"description\":\"Tunisie - News en Tunisie et \u00e0 l&#039;international sur Webdo.tn\",\"publisher\":{\"@id\":\"https:\\\/\\\/www.webdo.tn\\\/fr\\\/#organization\"},\"potentialAction\":[{\"@type\":\"SearchAction\",\"target\":{\"@type\":\"EntryPoint\",\"urlTemplate\":\"https:\\\/\\\/www.webdo.tn\\\/fr\\\/?s={search_term_string}\"},\"query-input\":{\"@type\":\"PropertyValueSpecification\",\"valueRequired\":true,\"valueName\":\"search_term_string\"}}],\"inLanguage\":\"fr-FR\"},{\"@type\":\"Organization\",\"@id\":\"https:\\\/\\\/www.webdo.tn\\\/fr\\\/#organization\",\"name\":\"Webdo\",\"alternateName\":\"Webdo.tn\",\"url\":\"https:\\\/\\\/www.webdo.tn\\\/fr\\\/\",\"logo\":{\"@type\":\"ImageObject\",\"inLanguage\":\"fr-FR\",\"@id\":\"https:\\\/\\\/www.webdo.tn\\\/fr\\\/#\\\/schema\\\/logo\\\/image\\\/\",\"url\":\"https:\\\/\\\/www.webdo.tn\\\/fr\\\/wp-content\\\/uploads\\\/2025\\\/06\\\/Webdo-Tunisie_168377.jpg\",\"contentUrl\":\"https:\\\/\\\/www.webdo.tn\\\/fr\\\/wp-content\\\/uploads\\\/2025\\\/06\\\/Webdo-Tunisie_168377.jpg\",\"width\":301,\"height\":301,\"caption\":\"Webdo\"},\"image\":{\"@id\":\"https:\\\/\\\/www.webdo.tn\\\/fr\\\/#\\\/schema\\\/logo\\\/image\\\/\"},\"sameAs\":[\"https:\\\/\\\/www.facebook.com\\\/webdotn\",\"https:\\\/\\\/x.com\\\/webdo_tn\"],\"description\":\"Webdo est un m\u00e9dia num\u00e9rique tunisien fond\u00e9 en 2010, sp\u00e9cialis\u00e9 dans l\u2019actualit\u00e9 nationale et internationale, l\u2019\u00e9conomie, la soci\u00e9t\u00e9 et les analyses politiques. Le site s\u2019adresse \u00e0 un large public francophone et couvre l\u2019information tunisienne en temps r\u00e9el.\",\"email\":\"redac@webdo.tn\",\"legalName\":\"YNJ SARL\",\"foundingDate\":\"2010-09-06\",\"numberOfEmployees\":{\"@type\":\"QuantitativeValue\",\"minValue\":\"11\",\"maxValue\":\"50\"}},{\"@type\":\"Person\",\"@id\":\"https:\\\/\\\/www.webdo.tn\\\/fr\\\/#\\\/schema\\\/person\\\/9a9c6118d687c117df8ef3cc36a4d175\",\"name\":\"webdo.tn\",\"image\":{\"@type\":\"ImageObject\",\"inLanguage\":\"fr-FR\",\"@id\":\"https:\\\/\\\/secure.gravatar.com\\\/avatar\\\/7ce1f28c0c3bbac99ff550b85ef8e44a6950c6ee24514fb6a5489e51d06f0298?s=96&d=mm&r=g\",\"url\":\"https:\\\/\\\/secure.gravatar.com\\\/avatar\\\/7ce1f28c0c3bbac99ff550b85ef8e44a6950c6ee24514fb6a5489e51d06f0298?s=96&d=mm&r=g\",\"contentUrl\":\"https:\\\/\\\/secure.gravatar.com\\\/avatar\\\/7ce1f28c0c3bbac99ff550b85ef8e44a6950c6ee24514fb6a5489e51d06f0298?s=96&d=mm&r=g\",\"caption\":\"webdo.tn\"},\"url\":\"https:\\\/\\\/www.webdo.tn\\\/fr\\\/actualite\\\/author\\\/webdotn\\\/\"}]}<\/script>\n<!-- \/ Yoast SEO Premium plugin. -->","yoast_head_json":{"title":"Tunisie: la Bourse efface ses pertes pour la premi\u00e8re fois","description":"Tunisie: la Bourse efface ses pertes pour la premi\u00e8re fois","canonical":"https:\/\/www.webdo.tn\/fr\/actualite\/national\/tunisie-la-bourse-efface-ses-pertes-pour-la-premiere-fois\/172238\/","og_locale":"fr_FR","og_type":"article","og_title":"Tunisie: la Bourse efface ses pertes pour la premi\u00e8re fois","og_description":"Tunisie: la Bourse efface ses pertes pour la premi\u00e8re fois","og_url":"https:\/\/www.webdo.tn\/fr\/actualite\/national\/tunisie-la-bourse-efface-ses-pertes-pour-la-premiere-fois\/172238\/","og_site_name":"webdo","article_publisher":"https:\/\/www.facebook.com\/webdotn","article_published_time":"2012-02-05T13:55:00+00:00","article_modified_time":"2025-06-04T19:00:54+00:00","author":"webdo.tn","twitter_card":"summary_large_image","twitter_creator":"@webdo_tn","twitter_site":"@webdo_tn","twitter_misc":{"\u00c9crit par":"webdo.tn","Dur\u00e9e de lecture estim\u00e9e":"3 minutes"},"schema":{"@context":"https:\/\/schema.org","@graph":[{"@type":"NewsArticle","@id":"https:\/\/www.webdo.tn\/fr\/actualite\/national\/tunisie-la-bourse-efface-ses-pertes-pour-la-premiere-fois\/172238\/#article","isPartOf":{"@id":"https:\/\/www.webdo.tn\/fr\/actualite\/national\/tunisie-la-bourse-efface-ses-pertes-pour-la-premiere-fois\/172238\/"},"author":{"name":"webdo.tn","@id":"https:\/\/www.webdo.tn\/fr\/#\/schema\/person\/9a9c6118d687c117df8ef3cc36a4d175"},"headline":"Tunisie: la Bourse efface ses pertes pour la premi\u00e8re fois","datePublished":"2012-02-05T13:55:00+00:00","dateModified":"2025-06-04T19:00:54+00:00","mainEntityOfPage":{"@id":"https:\/\/www.webdo.tn\/fr\/actualite\/national\/tunisie-la-bourse-efface-ses-pertes-pour-la-premiere-fois\/172238\/"},"wordCount":705,"commentCount":0,"publisher":{"@id":"https:\/\/www.webdo.tn\/fr\/#organization"},"image":{"@id":"https:\/\/www.webdo.tn\/fr\/actualite\/national\/tunisie-la-bourse-efface-ses-pertes-pour-la-premiere-fois\/172238\/#primaryimage"},"thumbnailUrl":"https:\/\/www.webdo.tn\/fr\/wp-content\/uploads\/2025\/06\/Bourse-a-la-hausse_172238.jpg","articleSection":["National"],"inLanguage":"fr-FR"},{"@type":"WebPage","@id":"https:\/\/www.webdo.tn\/fr\/actualite\/national\/tunisie-la-bourse-efface-ses-pertes-pour-la-premiere-fois\/172238\/","url":"https:\/\/www.webdo.tn\/fr\/actualite\/national\/tunisie-la-bourse-efface-ses-pertes-pour-la-premiere-fois\/172238\/","name":"Tunisie: la Bourse efface ses pertes pour la premi\u00e8re fois","isPartOf":{"@id":"https:\/\/www.webdo.tn\/fr\/#website"},"primaryImageOfPage":{"@id":"https:\/\/www.webdo.tn\/fr\/actualite\/national\/tunisie-la-bourse-efface-ses-pertes-pour-la-premiere-fois\/172238\/#primaryimage"},"image":{"@id":"https:\/\/www.webdo.tn\/fr\/actualite\/national\/tunisie-la-bourse-efface-ses-pertes-pour-la-premiere-fois\/172238\/#primaryimage"},"thumbnailUrl":"https:\/\/www.webdo.tn\/fr\/wp-content\/uploads\/2025\/06\/Bourse-a-la-hausse_172238.jpg","datePublished":"2012-02-05T13:55:00+00:00","dateModified":"2025-06-04T19:00:54+00:00","description":"Tunisie: la Bourse efface ses pertes pour la premi\u00e8re fois","breadcrumb":{"@id":"https:\/\/www.webdo.tn\/fr\/actualite\/national\/tunisie-la-bourse-efface-ses-pertes-pour-la-premiere-fois\/172238\/#breadcrumb"},"inLanguage":"fr-FR","potentialAction":[{"@type":"ReadAction","target":["https:\/\/www.webdo.tn\/fr\/actualite\/national\/tunisie-la-bourse-efface-ses-pertes-pour-la-premiere-fois\/172238\/"]}]},{"@type":"ImageObject","inLanguage":"fr-FR","@id":"https:\/\/www.webdo.tn\/fr\/actualite\/national\/tunisie-la-bourse-efface-ses-pertes-pour-la-premiere-fois\/172238\/#primaryimage","url":"https:\/\/www.webdo.tn\/fr\/wp-content\/uploads\/2025\/06\/Bourse-a-la-hausse_172238.jpg","contentUrl":"https:\/\/www.webdo.tn\/fr\/wp-content\/uploads\/2025\/06\/Bourse-a-la-hausse_172238.jpg","width":300,"height":204,"caption":"Tunisie: la Bourse efface ses pertes pour la premi\u00e8re fois"},{"@type":"BreadcrumbList","@id":"https:\/\/www.webdo.tn\/fr\/actualite\/national\/tunisie-la-bourse-efface-ses-pertes-pour-la-premiere-fois\/172238\/#breadcrumb","itemListElement":[{"@type":"ListItem","position":1,"name":"Accueil","item":"https:\/\/www.webdo.tn\/fr\/"},{"@type":"ListItem","position":2,"name":"Tunisie: la Bourse efface ses pertes pour la premi\u00e8re fois"}]},{"@type":"WebSite","@id":"https:\/\/www.webdo.tn\/fr\/#website","url":"https:\/\/www.webdo.tn\/fr\/","name":"webdo","description":"Tunisie - News en Tunisie et \u00e0 l&#039;international sur Webdo.tn","publisher":{"@id":"https:\/\/www.webdo.tn\/fr\/#organization"},"potentialAction":[{"@type":"SearchAction","target":{"@type":"EntryPoint","urlTemplate":"https:\/\/www.webdo.tn\/fr\/?s={search_term_string}"},"query-input":{"@type":"PropertyValueSpecification","valueRequired":true,"valueName":"search_term_string"}}],"inLanguage":"fr-FR"},{"@type":"Organization","@id":"https:\/\/www.webdo.tn\/fr\/#organization","name":"Webdo","alternateName":"Webdo.tn","url":"https:\/\/www.webdo.tn\/fr\/","logo":{"@type":"ImageObject","inLanguage":"fr-FR","@id":"https:\/\/www.webdo.tn\/fr\/#\/schema\/logo\/image\/","url":"https:\/\/www.webdo.tn\/fr\/wp-content\/uploads\/2025\/06\/Webdo-Tunisie_168377.jpg","contentUrl":"https:\/\/www.webdo.tn\/fr\/wp-content\/uploads\/2025\/06\/Webdo-Tunisie_168377.jpg","width":301,"height":301,"caption":"Webdo"},"image":{"@id":"https:\/\/www.webdo.tn\/fr\/#\/schema\/logo\/image\/"},"sameAs":["https:\/\/www.facebook.com\/webdotn","https:\/\/x.com\/webdo_tn"],"description":"Webdo est un m\u00e9dia num\u00e9rique tunisien fond\u00e9 en 2010, sp\u00e9cialis\u00e9 dans l\u2019actualit\u00e9 nationale et internationale, l\u2019\u00e9conomie, la soci\u00e9t\u00e9 et les analyses politiques. Le site s\u2019adresse \u00e0 un large public francophone et couvre l\u2019information tunisienne en temps r\u00e9el.","email":"redac@webdo.tn","legalName":"YNJ SARL","foundingDate":"2010-09-06","numberOfEmployees":{"@type":"QuantitativeValue","minValue":"11","maxValue":"50"}},{"@type":"Person","@id":"https:\/\/www.webdo.tn\/fr\/#\/schema\/person\/9a9c6118d687c117df8ef3cc36a4d175","name":"webdo.tn","image":{"@type":"ImageObject","inLanguage":"fr-FR","@id":"https:\/\/secure.gravatar.com\/avatar\/7ce1f28c0c3bbac99ff550b85ef8e44a6950c6ee24514fb6a5489e51d06f0298?s=96&d=mm&r=g","url":"https:\/\/secure.gravatar.com\/avatar\/7ce1f28c0c3bbac99ff550b85ef8e44a6950c6ee24514fb6a5489e51d06f0298?s=96&d=mm&r=g","contentUrl":"https:\/\/secure.gravatar.com\/avatar\/7ce1f28c0c3bbac99ff550b85ef8e44a6950c6ee24514fb6a5489e51d06f0298?s=96&d=mm&r=g","caption":"webdo.tn"},"url":"https:\/\/www.webdo.tn\/fr\/actualite\/author\/webdotn\/"}]}},"_links":{"self":[{"href":"https:\/\/www.webdo.tn\/fr\/wp-json\/wp\/v2\/posts\/172238","targetHints":{"allow":["GET"]}}],"collection":[{"href":"https:\/\/www.webdo.tn\/fr\/wp-json\/wp\/v2\/posts"}],"about":[{"href":"https:\/\/www.webdo.tn\/fr\/wp-json\/wp\/v2\/types\/post"}],"author":[{"embeddable":true,"href":"https:\/\/www.webdo.tn\/fr\/wp-json\/wp\/v2\/users\/3222"}],"replies":[{"embeddable":true,"href":"https:\/\/www.webdo.tn\/fr\/wp-json\/wp\/v2\/comments?post=172238"}],"version-history":[{"count":0,"href":"https:\/\/www.webdo.tn\/fr\/wp-json\/wp\/v2\/posts\/172238\/revisions"}],"wp:featuredmedia":[{"embeddable":true,"href":"https:\/\/www.webdo.tn\/fr\/wp-json\/wp\/v2\/media\/374662"}],"wp:attachment":[{"href":"https:\/\/www.webdo.tn\/fr\/wp-json\/wp\/v2\/media?parent=172238"}],"wp:term":[{"taxonomy":"category","embeddable":true,"href":"https:\/\/www.webdo.tn\/fr\/wp-json\/wp\/v2\/categories?post=172238"},{"taxonomy":"post_tag","embeddable":true,"href":"https:\/\/www.webdo.tn\/fr\/wp-json\/wp\/v2\/tags?post=172238"}],"curies":[{"name":"wp","href":"https:\/\/api.w.org\/{rel}","templated":true}]}}