{"id":172237,"date":"2012-02-05T18:28:00","date_gmt":"2012-02-05T18:28:00","guid":{"rendered":"https:\/\/www.webdo.tn\/fr\/blog\/hechmi-hamdi-dal-aridha-au-secretariat-general-du-pcp\/172237\/"},"modified":"2025-06-04T19:00:47","modified_gmt":"2025-06-04T19:00:47","slug":"hechmi-hamdi-dal-aridha-au-secretariat-general-du-pcp","status":"publish","type":"post","link":"https:\/\/www.webdo.tn\/fr\/actualite\/national\/hechmi-hamdi-dal-aridha-au-secretariat-general-du-pcp\/172237\/","title":{"rendered":"Hechmi Hamdi, d&rsquo;Al Aridha au secr\u00e9tariat g\u00e9n\u00e9ral du PCP"},"content":{"rendered":"<p>Leader de la P\u00e9tition Populaire, qui a cr\u00e9\u00e9 la surprise lors des derni\u00e8res \u00e9lections de l&rsquo;AC, Hechmi Hamdi vient d&rsquo;\u00eatre \u00e9lu secr\u00e9taire g\u00e9n\u00e9ral du Parti des Conservateurs Progressistes (PCP), nous apprend la TAP, qui a cit\u00e9 un communiqu\u00e9 publi\u00e9 par le parti.<\/p>\n<p>L&rsquo;ex-secr\u00e9taire g\u00e9n\u00e9ral du PCP, M. Hadhri Mahmoudi, avait pr\u00e9sent\u00e9 sa d\u00e9mission, pour des raisons de sant\u00e9. Dans la foul\u00e9e, une r\u00e9union du comit\u00e9 constitutif du parti s&rsquo;est tenue, au terme de laquelle Hechmi Hamdi a \u00e9t\u00e9 nomm\u00e9 \u00e0 la t\u00eate du PCP.<\/p>\n<p>D\u00e9nigr\u00e9, critiqu\u00e9, adul\u00e9 parfois, Hechmi Hamdi ne laisse pas indiff\u00e9rent dans le paysage politique tunisien. N\u00e9anmoins, ses derni\u00e8res d\u00e9clarations, dans lesquelles ils lan\u00e7ait un ultimatum \u00e0 l&rsquo;ex-pr\u00e9sident par int\u00e9rim Foued Mbazaa s&rsquo;il ne recevait pas des excuses officielles pour la non-invitation d&rsquo;Al Aridha \u00e0 une r\u00e9union \u00e0 Carthage, sans parler de ses projets de d\u00e9barquer en h\u00e9ros parmi nous laissent para\u00eetre une image de Hechmi Hamdi aussi irresponsable qu&rsquo;inconscient.<\/p>\n<p>Ses discours populistes, sur sa chaine Al Mustakilla, o\u00f9, dans son style caract\u00e9ristique, attise le feu dans le pays en accusant les autorit\u00e9s de ne pas respecter les plus d\u00e9munis du pays, font poser des questions sur cette nomination de Hechmi Hamdi \u00e0 la t\u00eate du PCP.<\/p>\n","protected":false},"excerpt":{"rendered":"<p>Hechmi Hamdi, d&rsquo;Al Aridha au secr\u00e9tariat g\u00e9n\u00e9ral du PCP<\/p>\n","protected":false},"author":3222,"featured_media":334034,"comment_status":"open","ping_status":"closed","sticky":false,"template":"","format":"standard","meta":{"footnotes":""},"categories":[44],"tags":[],"class_list":["post-172237","post","type-post","status-publish","format-standard","has-post-thumbnail","hentry","category-national"],"yoast_head":"<!-- This site is optimized with the Yoast SEO Premium plugin v27.5 (Yoast SEO v27.5) - https:\/\/yoast.com\/product\/yoast-seo-premium-wordpress\/ -->\n<title>Hechmi Hamdi, d&#039;Al Aridha au secr\u00e9tariat g\u00e9n\u00e9ral du PCP<\/title>\n<meta name=\"description\" content=\"Hechmi Hamdi, d&#039;Al Aridha au secr\u00e9tariat g\u00e9n\u00e9ral du PCP\" \/>\n<link rel=\"canonical\" href=\"https:\/\/www.webdo.tn\/fr\/actualite\/national\/hechmi-hamdi-dal-aridha-au-secretariat-general-du-pcp\/172237\/\" \/>\n<meta property=\"og:locale\" content=\"fr_FR\" \/>\n<meta property=\"og:type\" content=\"article\" \/>\n<meta property=\"og:title\" content=\"Hechmi Hamdi, d&#039;Al Aridha au secr\u00e9tariat g\u00e9n\u00e9ral du PCP\" \/>\n<meta property=\"og:description\" content=\"Hechmi Hamdi, d&#039;Al Aridha au secr\u00e9tariat g\u00e9n\u00e9ral du PCP\" \/>\n<meta property=\"og:url\" content=\"https:\/\/www.webdo.tn\/fr\/actualite\/national\/hechmi-hamdi-dal-aridha-au-secretariat-general-du-pcp\/172237\/\" \/>\n<meta property=\"og:site_name\" content=\"webdo\" \/>\n<meta property=\"article:publisher\" content=\"https:\/\/www.facebook.com\/webdotn\" \/>\n<meta property=\"article:published_time\" content=\"2012-02-05T18:28:00+00:00\" \/>\n<meta property=\"article:modified_time\" content=\"2025-06-04T19:00:47+00:00\" \/>\n<meta property=\"og:image\" content=\"https:\/\/www.webdo.tn\/fr\/wp-content\/uploads\/2012\/02\/hechmi_hamdi-150x150-1.jpg\" \/>\n\t<meta property=\"og:image:width\" content=\"150\" \/>\n\t<meta property=\"og:image:height\" content=\"150\" \/>\n\t<meta property=\"og:image:type\" content=\"image\/jpeg\" \/>\n<meta name=\"author\" content=\"webdo.tn\" \/>\n<meta name=\"twitter:card\" content=\"summary_large_image\" \/>\n<meta name=\"twitter:creator\" content=\"@webdo_tn\" \/>\n<meta name=\"twitter:site\" content=\"@webdo_tn\" \/>\n<meta name=\"twitter:label1\" content=\"\u00c9crit par\" \/>\n\t<meta name=\"twitter:data1\" content=\"webdo.tn\" \/>\n\t<meta name=\"twitter:label2\" content=\"Dur\u00e9e de lecture estim\u00e9e\" \/>\n\t<meta name=\"twitter:data2\" content=\"1 minute\" \/>\n<script type=\"application\/ld+json\" class=\"yoast-schema-graph\">{\"@context\":\"https:\\\/\\\/schema.org\",\"@graph\":[{\"@type\":\"NewsArticle\",\"@id\":\"https:\\\/\\\/www.webdo.tn\\\/fr\\\/actualite\\\/national\\\/hechmi-hamdi-dal-aridha-au-secretariat-general-du-pcp\\\/172237\\\/#article\",\"isPartOf\":{\"@id\":\"https:\\\/\\\/www.webdo.tn\\\/fr\\\/actualite\\\/national\\\/hechmi-hamdi-dal-aridha-au-secretariat-general-du-pcp\\\/172237\\\/\"},\"author\":{\"name\":\"webdo.tn\",\"@id\":\"https:\\\/\\\/www.webdo.tn\\\/fr\\\/#\\\/schema\\\/person\\\/9a9c6118d687c117df8ef3cc36a4d175\"},\"headline\":\"Hechmi Hamdi, d&rsquo;Al Aridha au secr\u00e9tariat g\u00e9n\u00e9ral du PCP\",\"datePublished\":\"2012-02-05T18:28:00+00:00\",\"dateModified\":\"2025-06-04T19:00:47+00:00\",\"mainEntityOfPage\":{\"@id\":\"https:\\\/\\\/www.webdo.tn\\\/fr\\\/actualite\\\/national\\\/hechmi-hamdi-dal-aridha-au-secretariat-general-du-pcp\\\/172237\\\/\"},\"wordCount\":245,\"commentCount\":0,\"publisher\":{\"@id\":\"https:\\\/\\\/www.webdo.tn\\\/fr\\\/#organization\"},\"image\":{\"@id\":\"https:\\\/\\\/www.webdo.tn\\\/fr\\\/actualite\\\/national\\\/hechmi-hamdi-dal-aridha-au-secretariat-general-du-pcp\\\/172237\\\/#primaryimage\"},\"thumbnailUrl\":\"https:\\\/\\\/www.webdo.tn\\\/fr\\\/wp-content\\\/uploads\\\/2012\\\/02\\\/hechmi_hamdi-150x150-1.jpg\",\"articleSection\":[\"National\"],\"inLanguage\":\"fr-FR\"},{\"@type\":\"WebPage\",\"@id\":\"https:\\\/\\\/www.webdo.tn\\\/fr\\\/actualite\\\/national\\\/hechmi-hamdi-dal-aridha-au-secretariat-general-du-pcp\\\/172237\\\/\",\"url\":\"https:\\\/\\\/www.webdo.tn\\\/fr\\\/actualite\\\/national\\\/hechmi-hamdi-dal-aridha-au-secretariat-general-du-pcp\\\/172237\\\/\",\"name\":\"Hechmi Hamdi, d'Al Aridha au secr\u00e9tariat g\u00e9n\u00e9ral du PCP\",\"isPartOf\":{\"@id\":\"https:\\\/\\\/www.webdo.tn\\\/fr\\\/#website\"},\"primaryImageOfPage\":{\"@id\":\"https:\\\/\\\/www.webdo.tn\\\/fr\\\/actualite\\\/national\\\/hechmi-hamdi-dal-aridha-au-secretariat-general-du-pcp\\\/172237\\\/#primaryimage\"},\"image\":{\"@id\":\"https:\\\/\\\/www.webdo.tn\\\/fr\\\/actualite\\\/national\\\/hechmi-hamdi-dal-aridha-au-secretariat-general-du-pcp\\\/172237\\\/#primaryimage\"},\"thumbnailUrl\":\"https:\\\/\\\/www.webdo.tn\\\/fr\\\/wp-content\\\/uploads\\\/2012\\\/02\\\/hechmi_hamdi-150x150-1.jpg\",\"datePublished\":\"2012-02-05T18:28:00+00:00\",\"dateModified\":\"2025-06-04T19:00:47+00:00\",\"description\":\"Hechmi Hamdi, d'Al Aridha au secr\u00e9tariat g\u00e9n\u00e9ral du PCP\",\"breadcrumb\":{\"@id\":\"https:\\\/\\\/www.webdo.tn\\\/fr\\\/actualite\\\/national\\\/hechmi-hamdi-dal-aridha-au-secretariat-general-du-pcp\\\/172237\\\/#breadcrumb\"},\"inLanguage\":\"fr-FR\",\"potentialAction\":[{\"@type\":\"ReadAction\",\"target\":[\"https:\\\/\\\/www.webdo.tn\\\/fr\\\/actualite\\\/national\\\/hechmi-hamdi-dal-aridha-au-secretariat-general-du-pcp\\\/172237\\\/\"]}]},{\"@type\":\"ImageObject\",\"inLanguage\":\"fr-FR\",\"@id\":\"https:\\\/\\\/www.webdo.tn\\\/fr\\\/actualite\\\/national\\\/hechmi-hamdi-dal-aridha-au-secretariat-general-du-pcp\\\/172237\\\/#primaryimage\",\"url\":\"https:\\\/\\\/www.webdo.tn\\\/fr\\\/wp-content\\\/uploads\\\/2012\\\/02\\\/hechmi_hamdi-150x150-1.jpg\",\"contentUrl\":\"https:\\\/\\\/www.webdo.tn\\\/fr\\\/wp-content\\\/uploads\\\/2012\\\/02\\\/hechmi_hamdi-150x150-1.jpg\",\"width\":150,\"height\":150,\"caption\":\"Hechmi Hamdi, d'Al Aridha au secr\u00e9tariat g\u00e9n\u00e9ral du PCP\"},{\"@type\":\"BreadcrumbList\",\"@id\":\"https:\\\/\\\/www.webdo.tn\\\/fr\\\/actualite\\\/national\\\/hechmi-hamdi-dal-aridha-au-secretariat-general-du-pcp\\\/172237\\\/#breadcrumb\",\"itemListElement\":[{\"@type\":\"ListItem\",\"position\":1,\"name\":\"Accueil\",\"item\":\"https:\\\/\\\/www.webdo.tn\\\/fr\\\/\"},{\"@type\":\"ListItem\",\"position\":2,\"name\":\"Hechmi Hamdi, d&rsquo;Al Aridha au secr\u00e9tariat g\u00e9n\u00e9ral du PCP\"}]},{\"@type\":\"WebSite\",\"@id\":\"https:\\\/\\\/www.webdo.tn\\\/fr\\\/#website\",\"url\":\"https:\\\/\\\/www.webdo.tn\\\/fr\\\/\",\"name\":\"webdo\",\"description\":\"Tunisie - News en Tunisie et \u00e0 l&#039;international sur Webdo.tn\",\"publisher\":{\"@id\":\"https:\\\/\\\/www.webdo.tn\\\/fr\\\/#organization\"},\"potentialAction\":[{\"@type\":\"SearchAction\",\"target\":{\"@type\":\"EntryPoint\",\"urlTemplate\":\"https:\\\/\\\/www.webdo.tn\\\/fr\\\/?s={search_term_string}\"},\"query-input\":{\"@type\":\"PropertyValueSpecification\",\"valueRequired\":true,\"valueName\":\"search_term_string\"}}],\"inLanguage\":\"fr-FR\"},{\"@type\":\"Organization\",\"@id\":\"https:\\\/\\\/www.webdo.tn\\\/fr\\\/#organization\",\"name\":\"Webdo\",\"alternateName\":\"Webdo.tn\",\"url\":\"https:\\\/\\\/www.webdo.tn\\\/fr\\\/\",\"logo\":{\"@type\":\"ImageObject\",\"inLanguage\":\"fr-FR\",\"@id\":\"https:\\\/\\\/www.webdo.tn\\\/fr\\\/#\\\/schema\\\/logo\\\/image\\\/\",\"url\":\"https:\\\/\\\/www.webdo.tn\\\/fr\\\/wp-content\\\/uploads\\\/2025\\\/06\\\/Webdo-Tunisie_168377.jpg\",\"contentUrl\":\"https:\\\/\\\/www.webdo.tn\\\/fr\\\/wp-content\\\/uploads\\\/2025\\\/06\\\/Webdo-Tunisie_168377.jpg\",\"width\":301,\"height\":301,\"caption\":\"Webdo\"},\"image\":{\"@id\":\"https:\\\/\\\/www.webdo.tn\\\/fr\\\/#\\\/schema\\\/logo\\\/image\\\/\"},\"sameAs\":[\"https:\\\/\\\/www.facebook.com\\\/webdotn\",\"https:\\\/\\\/x.com\\\/webdo_tn\"],\"description\":\"Webdo est un m\u00e9dia num\u00e9rique tunisien fond\u00e9 en 2010, sp\u00e9cialis\u00e9 dans l\u2019actualit\u00e9 nationale et internationale, l\u2019\u00e9conomie, la soci\u00e9t\u00e9 et les analyses politiques. Le site s\u2019adresse \u00e0 un large public francophone et couvre l\u2019information tunisienne en temps r\u00e9el.\",\"email\":\"redac@webdo.tn\",\"legalName\":\"YNJ SARL\",\"foundingDate\":\"2010-09-06\",\"numberOfEmployees\":{\"@type\":\"QuantitativeValue\",\"minValue\":\"11\",\"maxValue\":\"50\"}},{\"@type\":\"Person\",\"@id\":\"https:\\\/\\\/www.webdo.tn\\\/fr\\\/#\\\/schema\\\/person\\\/9a9c6118d687c117df8ef3cc36a4d175\",\"name\":\"webdo.tn\",\"image\":{\"@type\":\"ImageObject\",\"inLanguage\":\"fr-FR\",\"@id\":\"https:\\\/\\\/secure.gravatar.com\\\/avatar\\\/7ce1f28c0c3bbac99ff550b85ef8e44a6950c6ee24514fb6a5489e51d06f0298?s=96&d=mm&r=g\",\"url\":\"https:\\\/\\\/secure.gravatar.com\\\/avatar\\\/7ce1f28c0c3bbac99ff550b85ef8e44a6950c6ee24514fb6a5489e51d06f0298?s=96&d=mm&r=g\",\"contentUrl\":\"https:\\\/\\\/secure.gravatar.com\\\/avatar\\\/7ce1f28c0c3bbac99ff550b85ef8e44a6950c6ee24514fb6a5489e51d06f0298?s=96&d=mm&r=g\",\"caption\":\"webdo.tn\"},\"url\":\"https:\\\/\\\/www.webdo.tn\\\/fr\\\/actualite\\\/author\\\/webdotn\\\/\"}]}<\/script>\n<!-- \/ Yoast SEO Premium plugin. -->","yoast_head_json":{"title":"Hechmi Hamdi, d'Al Aridha au secr\u00e9tariat g\u00e9n\u00e9ral du PCP","description":"Hechmi Hamdi, d'Al Aridha au secr\u00e9tariat g\u00e9n\u00e9ral du PCP","canonical":"https:\/\/www.webdo.tn\/fr\/actualite\/national\/hechmi-hamdi-dal-aridha-au-secretariat-general-du-pcp\/172237\/","og_locale":"fr_FR","og_type":"article","og_title":"Hechmi Hamdi, d'Al Aridha au secr\u00e9tariat g\u00e9n\u00e9ral du PCP","og_description":"Hechmi Hamdi, d'Al Aridha au secr\u00e9tariat g\u00e9n\u00e9ral du PCP","og_url":"https:\/\/www.webdo.tn\/fr\/actualite\/national\/hechmi-hamdi-dal-aridha-au-secretariat-general-du-pcp\/172237\/","og_site_name":"webdo","article_publisher":"https:\/\/www.facebook.com\/webdotn","article_published_time":"2012-02-05T18:28:00+00:00","article_modified_time":"2025-06-04T19:00:47+00:00","og_image":[{"width":150,"height":150,"url":"https:\/\/www.webdo.tn\/fr\/wp-content\/uploads\/2012\/02\/hechmi_hamdi-150x150-1.jpg","type":"image\/jpeg"}],"author":"webdo.tn","twitter_card":"summary_large_image","twitter_creator":"@webdo_tn","twitter_site":"@webdo_tn","twitter_misc":{"\u00c9crit par":"webdo.tn","Dur\u00e9e de lecture estim\u00e9e":"1 minute"},"schema":{"@context":"https:\/\/schema.org","@graph":[{"@type":"NewsArticle","@id":"https:\/\/www.webdo.tn\/fr\/actualite\/national\/hechmi-hamdi-dal-aridha-au-secretariat-general-du-pcp\/172237\/#article","isPartOf":{"@id":"https:\/\/www.webdo.tn\/fr\/actualite\/national\/hechmi-hamdi-dal-aridha-au-secretariat-general-du-pcp\/172237\/"},"author":{"name":"webdo.tn","@id":"https:\/\/www.webdo.tn\/fr\/#\/schema\/person\/9a9c6118d687c117df8ef3cc36a4d175"},"headline":"Hechmi Hamdi, d&rsquo;Al Aridha au secr\u00e9tariat g\u00e9n\u00e9ral du PCP","datePublished":"2012-02-05T18:28:00+00:00","dateModified":"2025-06-04T19:00:47+00:00","mainEntityOfPage":{"@id":"https:\/\/www.webdo.tn\/fr\/actualite\/national\/hechmi-hamdi-dal-aridha-au-secretariat-general-du-pcp\/172237\/"},"wordCount":245,"commentCount":0,"publisher":{"@id":"https:\/\/www.webdo.tn\/fr\/#organization"},"image":{"@id":"https:\/\/www.webdo.tn\/fr\/actualite\/national\/hechmi-hamdi-dal-aridha-au-secretariat-general-du-pcp\/172237\/#primaryimage"},"thumbnailUrl":"https:\/\/www.webdo.tn\/fr\/wp-content\/uploads\/2012\/02\/hechmi_hamdi-150x150-1.jpg","articleSection":["National"],"inLanguage":"fr-FR"},{"@type":"WebPage","@id":"https:\/\/www.webdo.tn\/fr\/actualite\/national\/hechmi-hamdi-dal-aridha-au-secretariat-general-du-pcp\/172237\/","url":"https:\/\/www.webdo.tn\/fr\/actualite\/national\/hechmi-hamdi-dal-aridha-au-secretariat-general-du-pcp\/172237\/","name":"Hechmi Hamdi, d'Al Aridha au secr\u00e9tariat g\u00e9n\u00e9ral du PCP","isPartOf":{"@id":"https:\/\/www.webdo.tn\/fr\/#website"},"primaryImageOfPage":{"@id":"https:\/\/www.webdo.tn\/fr\/actualite\/national\/hechmi-hamdi-dal-aridha-au-secretariat-general-du-pcp\/172237\/#primaryimage"},"image":{"@id":"https:\/\/www.webdo.tn\/fr\/actualite\/national\/hechmi-hamdi-dal-aridha-au-secretariat-general-du-pcp\/172237\/#primaryimage"},"thumbnailUrl":"https:\/\/www.webdo.tn\/fr\/wp-content\/uploads\/2012\/02\/hechmi_hamdi-150x150-1.jpg","datePublished":"2012-02-05T18:28:00+00:00","dateModified":"2025-06-04T19:00:47+00:00","description":"Hechmi Hamdi, d'Al Aridha au secr\u00e9tariat g\u00e9n\u00e9ral du PCP","breadcrumb":{"@id":"https:\/\/www.webdo.tn\/fr\/actualite\/national\/hechmi-hamdi-dal-aridha-au-secretariat-general-du-pcp\/172237\/#breadcrumb"},"inLanguage":"fr-FR","potentialAction":[{"@type":"ReadAction","target":["https:\/\/www.webdo.tn\/fr\/actualite\/national\/hechmi-hamdi-dal-aridha-au-secretariat-general-du-pcp\/172237\/"]}]},{"@type":"ImageObject","inLanguage":"fr-FR","@id":"https:\/\/www.webdo.tn\/fr\/actualite\/national\/hechmi-hamdi-dal-aridha-au-secretariat-general-du-pcp\/172237\/#primaryimage","url":"https:\/\/www.webdo.tn\/fr\/wp-content\/uploads\/2012\/02\/hechmi_hamdi-150x150-1.jpg","contentUrl":"https:\/\/www.webdo.tn\/fr\/wp-content\/uploads\/2012\/02\/hechmi_hamdi-150x150-1.jpg","width":150,"height":150,"caption":"Hechmi Hamdi, d'Al Aridha au secr\u00e9tariat g\u00e9n\u00e9ral du PCP"},{"@type":"BreadcrumbList","@id":"https:\/\/www.webdo.tn\/fr\/actualite\/national\/hechmi-hamdi-dal-aridha-au-secretariat-general-du-pcp\/172237\/#breadcrumb","itemListElement":[{"@type":"ListItem","position":1,"name":"Accueil","item":"https:\/\/www.webdo.tn\/fr\/"},{"@type":"ListItem","position":2,"name":"Hechmi Hamdi, d&rsquo;Al Aridha au secr\u00e9tariat g\u00e9n\u00e9ral du PCP"}]},{"@type":"WebSite","@id":"https:\/\/www.webdo.tn\/fr\/#website","url":"https:\/\/www.webdo.tn\/fr\/","name":"webdo","description":"Tunisie - News en Tunisie et \u00e0 l&#039;international sur Webdo.tn","publisher":{"@id":"https:\/\/www.webdo.tn\/fr\/#organization"},"potentialAction":[{"@type":"SearchAction","target":{"@type":"EntryPoint","urlTemplate":"https:\/\/www.webdo.tn\/fr\/?s={search_term_string}"},"query-input":{"@type":"PropertyValueSpecification","valueRequired":true,"valueName":"search_term_string"}}],"inLanguage":"fr-FR"},{"@type":"Organization","@id":"https:\/\/www.webdo.tn\/fr\/#organization","name":"Webdo","alternateName":"Webdo.tn","url":"https:\/\/www.webdo.tn\/fr\/","logo":{"@type":"ImageObject","inLanguage":"fr-FR","@id":"https:\/\/www.webdo.tn\/fr\/#\/schema\/logo\/image\/","url":"https:\/\/www.webdo.tn\/fr\/wp-content\/uploads\/2025\/06\/Webdo-Tunisie_168377.jpg","contentUrl":"https:\/\/www.webdo.tn\/fr\/wp-content\/uploads\/2025\/06\/Webdo-Tunisie_168377.jpg","width":301,"height":301,"caption":"Webdo"},"image":{"@id":"https:\/\/www.webdo.tn\/fr\/#\/schema\/logo\/image\/"},"sameAs":["https:\/\/www.facebook.com\/webdotn","https:\/\/x.com\/webdo_tn"],"description":"Webdo est un m\u00e9dia num\u00e9rique tunisien fond\u00e9 en 2010, sp\u00e9cialis\u00e9 dans l\u2019actualit\u00e9 nationale et internationale, l\u2019\u00e9conomie, la soci\u00e9t\u00e9 et les analyses politiques. Le site s\u2019adresse \u00e0 un large public francophone et couvre l\u2019information tunisienne en temps r\u00e9el.","email":"redac@webdo.tn","legalName":"YNJ SARL","foundingDate":"2010-09-06","numberOfEmployees":{"@type":"QuantitativeValue","minValue":"11","maxValue":"50"}},{"@type":"Person","@id":"https:\/\/www.webdo.tn\/fr\/#\/schema\/person\/9a9c6118d687c117df8ef3cc36a4d175","name":"webdo.tn","image":{"@type":"ImageObject","inLanguage":"fr-FR","@id":"https:\/\/secure.gravatar.com\/avatar\/7ce1f28c0c3bbac99ff550b85ef8e44a6950c6ee24514fb6a5489e51d06f0298?s=96&d=mm&r=g","url":"https:\/\/secure.gravatar.com\/avatar\/7ce1f28c0c3bbac99ff550b85ef8e44a6950c6ee24514fb6a5489e51d06f0298?s=96&d=mm&r=g","contentUrl":"https:\/\/secure.gravatar.com\/avatar\/7ce1f28c0c3bbac99ff550b85ef8e44a6950c6ee24514fb6a5489e51d06f0298?s=96&d=mm&r=g","caption":"webdo.tn"},"url":"https:\/\/www.webdo.tn\/fr\/actualite\/author\/webdotn\/"}]}},"_links":{"self":[{"href":"https:\/\/www.webdo.tn\/fr\/wp-json\/wp\/v2\/posts\/172237","targetHints":{"allow":["GET"]}}],"collection":[{"href":"https:\/\/www.webdo.tn\/fr\/wp-json\/wp\/v2\/posts"}],"about":[{"href":"https:\/\/www.webdo.tn\/fr\/wp-json\/wp\/v2\/types\/post"}],"author":[{"embeddable":true,"href":"https:\/\/www.webdo.tn\/fr\/wp-json\/wp\/v2\/users\/3222"}],"replies":[{"embeddable":true,"href":"https:\/\/www.webdo.tn\/fr\/wp-json\/wp\/v2\/comments?post=172237"}],"version-history":[{"count":0,"href":"https:\/\/www.webdo.tn\/fr\/wp-json\/wp\/v2\/posts\/172237\/revisions"}],"wp:featuredmedia":[{"embeddable":true,"href":"https:\/\/www.webdo.tn\/fr\/wp-json\/wp\/v2\/media\/334034"}],"wp:attachment":[{"href":"https:\/\/www.webdo.tn\/fr\/wp-json\/wp\/v2\/media?parent=172237"}],"wp:term":[{"taxonomy":"category","embeddable":true,"href":"https:\/\/www.webdo.tn\/fr\/wp-json\/wp\/v2\/categories?post=172237"},{"taxonomy":"post_tag","embeddable":true,"href":"https:\/\/www.webdo.tn\/fr\/wp-json\/wp\/v2\/tags?post=172237"}],"curies":[{"name":"wp","href":"https:\/\/api.w.org\/{rel}","templated":true}]}}