{"id":172236,"date":"2012-02-05T19:24:00","date_gmt":"2012-02-05T19:24:00","guid":{"rendered":"https:\/\/www.webdo.tn\/fr\/blog\/on-parle-dune-nouvelle-amnistie\/172236\/"},"modified":"2025-06-04T19:00:49","modified_gmt":"2025-06-04T19:00:49","slug":"on-parle-dune-nouvelle-amnistie","status":"publish","type":"post","link":"https:\/\/www.webdo.tn\/fr\/actualite\/national\/on-parle-dune-nouvelle-amnistie\/172236\/","title":{"rendered":"On parle d&rsquo;une nouvelle amnistie !?"},"content":{"rendered":"<p>Malgr\u00e9 l\u2019ins\u00e9curit\u00e9 qui paralyse les activit\u00e9s \u00e9conomiques et sociales, l\u2019ann\u00e9e 2012 a d\u00e9but\u00e9 par l\u2019octroi d\u2019une amnistie sp\u00e9ciale et de la libert\u00e9 conditionnelle en faveur de 8844 d\u00e9tenus de droit commun. <\/p>\n<p>Politiquement, la d\u00e9cision est \u00e0 l\u2019actif de la pr\u00e9sidence et du gouvernement provisoire issus des \u00e9lections du 23 octobre 2011 qui peuvent s\u2019en vanter en tant que signe d\u2019ouverture et de lib\u00e9ralisme. Mais sur le terrain, le contrecoup ne s\u2019est pas fait attendre. Dans une \u00e9mission de TV pr\u00e9sent\u00e9e le 4 f\u00e9vrier, l\u2019agression sauvage dont a \u00e9t\u00e9 victime le chanteur Kacem Kefi en plein milieu de la journ\u00e9e, a suscit\u00e9 la question de savoir quelle pourrait \u00eatre la situation s\u00e9curitaire dans le pays lorsque sera d\u00e9cr\u00e9t\u00e9e la nouvelle amnistie annonc\u00e9e tout derni\u00e8rement par le ministre de la Justice. <\/p>\n<p>\u00c0 peine un mois de la date de cette d\u00e9cision,la situation de la criminalit\u00e9 s\u2019est aggrav\u00e9e avec encore plus de violence, de vol et de viol. La corr\u00e9lation est ind\u00e9niable puisque plusieurs personnes arr\u00eat\u00e9es ces derniers temps \u00e9taient parmi les b\u00e9n\u00e9ficiaires de l\u2019amnistie. Certains parlent de centaines de personnes impliqu\u00e9es dans les actes d\u00e9lictueux et criminels commis r\u00e9cemment ce qui en dit long sur la pertinence des crit\u00e8res adopt\u00e9s et l\u2019efficacit\u00e9 de la d\u00e9marche. <\/p>\n<p>Au fait, le ph\u00e9nom\u00e8ne tend \u00e0 \u00eatre cyclique puisqu\u2019\u00e0 chaque vague de lib\u00e9ration s\u2019ensuit une mont\u00e9e en fl\u00e8che de la criminalit\u00e9. Mais cette fois-ci, le danger r\u00e9side en sus dans la complexification de la situation actuelle o\u00f9 l\u2019on a beaucoup de difficult\u00e9s \u00e0 imposer la s\u00e9curit\u00e9 et instaurer une atmosph\u00e8re propice \u00e0 l\u2019investissement et \u00e0 la relance des activit\u00e9s \u00e9conomiques. <\/p>\n<p>L\u2019appr\u00e9hension est partag\u00e9e par grand nombre de citoyens qui s\u2019inqui\u00e8tent face au rel\u00e2chement s\u00e9curitaire. On aurait d\u00fb en profondeur sur le bien-fond\u00e9 de la d\u00e9cision et ses \u00e9ventuelles implications plut\u00f4t que c\u00e9der aux solutions de facilit\u00e9 au nom de la r\u00e9volution et de la l\u00e9gitimit\u00e9 populaire. En effet, la Tunisie a beaucoup mieux \u00e0 faire que de lib\u00e9rer des d\u00e9linquants et des professionnels du crime \u00e0 un moment o\u00f9 le pays n\u2019est pas encore stabilis\u00e9 et que des dangers de toute part le guettent. <\/p>\n<p>L\u2019\u00c9tat doit \u00eatre pr\u00e9sent sur tout le territoire pour faire respecter la loi, apporter la s\u00e9curit\u00e9 aux citoyens qui se sentent menac\u00e9s dans leur int\u00e9grit\u00e9 et dans leur vie de tous les jours et garantir la libert\u00e9 du travail aux milliers de Tunisiens emp\u00each\u00e9s d\u2019exercer leurs activit\u00e9s. <\/p>\n<p>Certes, la situation n\u2019est pas \u00e0 ce point dramatique, mais l\u2019inefficience du traitement pourrait l\u2019enliser dans un cafouillis inextricable. <\/p>\n<p>Dans les circonstances qui pr\u00e9valent, l\u2019amnistie pr\u00e9sidentielle pour des d\u00e9tenus de droit commun ne fait que compliquer la t\u00e2che aux autorit\u00e9s qui tout en prenant au s\u00e9rieux la gravit\u00e9 de la situation ne sont pas encore parvenus \u00e0 y faire face. Au moins, on aurait pu attendre le retour \u00e0 la normale pour prendre le risque de rel\u00e2cher des d\u00e9tenus de droit commun d\u2019autant plus que la gr\u00e2ce pr\u00e9sidentielle n\u2019est ni un droit acquis ni une revendication de masse. Mais le fait de l\u2019avoir pris dans la pr\u00e9cipitation a fait na\u00eetre l\u2019espoir d\u2019en faire profiter un plus grand nombre de personnes surtout apr\u00e8s \u00e9chec de certaines tentatives d\u2019\u00e9vasion. C\u2019est ainsi que des parents de prisonniers et des gens dans leur entourage ont pris d\u2019assaut le minist\u00e8re de la Justice, l\u2019administration p\u00e9nitentiaire et le palais pr\u00e9sidentiel de Carthage pour exiger la lib\u00e9ration de leurs proches et amis. Sous la pression,le ministre de la Justice leur a promis une nouvelle amnistie. Le plus \u00e0 craindre est la lib\u00e9ration dans le cadre de cette nouvelle amnistie de redoutables criminels. En effet si en vertu des crit\u00e8res pris en compte dans le cadre de la premi\u00e8re amnistie, la d\u00e9cision a b\u00e9n\u00e9fici\u00e9 aux moins dangereux, dans le cadre de la nouvelle amnistie, elle pourra profiter aux plus dou\u00e9s dans le domaine du crime et de la d\u00e9linquance.<\/p>\n","protected":false},"excerpt":{"rendered":"<p>On parle d&rsquo;une nouvelle amnistie !? <\/p>\n","protected":false},"author":3222,"featured_media":374663,"comment_status":"open","ping_status":"closed","sticky":false,"template":"","format":"standard","meta":{"footnotes":""},"categories":[44],"tags":[],"class_list":["post-172236","post","type-post","status-publish","format-standard","has-post-thumbnail","hentry","category-national"],"yoast_head":"<!-- This site is optimized with the Yoast SEO Premium plugin v27.5 (Yoast SEO v27.5) - https:\/\/yoast.com\/product\/yoast-seo-premium-wordpress\/ -->\n<title>On parle d&#039;une nouvelle amnistie !?<\/title>\n<meta name=\"description\" content=\"On parle d&#039;une nouvelle amnistie !?\" \/>\n<link rel=\"canonical\" href=\"https:\/\/www.webdo.tn\/fr\/actualite\/national\/on-parle-dune-nouvelle-amnistie\/172236\/\" \/>\n<meta property=\"og:locale\" content=\"fr_FR\" \/>\n<meta property=\"og:type\" content=\"article\" \/>\n<meta property=\"og:title\" content=\"On parle d&#039;une nouvelle amnistie !?\" \/>\n<meta property=\"og:description\" content=\"On parle d&#039;une nouvelle amnistie !?\" \/>\n<meta property=\"og:url\" content=\"https:\/\/www.webdo.tn\/fr\/actualite\/national\/on-parle-dune-nouvelle-amnistie\/172236\/\" \/>\n<meta property=\"og:site_name\" content=\"webdo\" \/>\n<meta property=\"article:publisher\" content=\"https:\/\/www.facebook.com\/webdotn\" \/>\n<meta property=\"article:published_time\" content=\"2012-02-05T19:24:00+00:00\" \/>\n<meta property=\"article:modified_time\" content=\"2025-06-04T19:00:49+00:00\" \/>\n<meta name=\"author\" content=\"webdo.tn\" \/>\n<meta name=\"twitter:card\" content=\"summary_large_image\" \/>\n<meta name=\"twitter:creator\" content=\"@webdo_tn\" \/>\n<meta name=\"twitter:site\" content=\"@webdo_tn\" \/>\n<meta name=\"twitter:label1\" content=\"\u00c9crit par\" \/>\n\t<meta name=\"twitter:data1\" content=\"webdo.tn\" \/>\n\t<meta name=\"twitter:label2\" content=\"Dur\u00e9e de lecture estim\u00e9e\" \/>\n\t<meta name=\"twitter:data2\" content=\"4 minutes\" \/>\n<script type=\"application\/ld+json\" class=\"yoast-schema-graph\">{\"@context\":\"https:\\\/\\\/schema.org\",\"@graph\":[{\"@type\":\"NewsArticle\",\"@id\":\"https:\\\/\\\/www.webdo.tn\\\/fr\\\/actualite\\\/national\\\/on-parle-dune-nouvelle-amnistie\\\/172236\\\/#article\",\"isPartOf\":{\"@id\":\"https:\\\/\\\/www.webdo.tn\\\/fr\\\/actualite\\\/national\\\/on-parle-dune-nouvelle-amnistie\\\/172236\\\/\"},\"author\":{\"name\":\"webdo.tn\",\"@id\":\"https:\\\/\\\/www.webdo.tn\\\/fr\\\/#\\\/schema\\\/person\\\/9a9c6118d687c117df8ef3cc36a4d175\"},\"headline\":\"On parle d&rsquo;une nouvelle amnistie !?\",\"datePublished\":\"2012-02-05T19:24:00+00:00\",\"dateModified\":\"2025-06-04T19:00:49+00:00\",\"mainEntityOfPage\":{\"@id\":\"https:\\\/\\\/www.webdo.tn\\\/fr\\\/actualite\\\/national\\\/on-parle-dune-nouvelle-amnistie\\\/172236\\\/\"},\"wordCount\":746,\"commentCount\":0,\"publisher\":{\"@id\":\"https:\\\/\\\/www.webdo.tn\\\/fr\\\/#organization\"},\"image\":{\"@id\":\"https:\\\/\\\/www.webdo.tn\\\/fr\\\/actualite\\\/national\\\/on-parle-dune-nouvelle-amnistie\\\/172236\\\/#primaryimage\"},\"thumbnailUrl\":\"https:\\\/\\\/www.webdo.tn\\\/fr\\\/wp-content\\\/uploads\\\/2025\\\/06\\\/Prisonnier-gracie-photo-alexandervandergraaf.nl__172236.jpg\",\"articleSection\":[\"National\"],\"inLanguage\":\"fr-FR\"},{\"@type\":\"WebPage\",\"@id\":\"https:\\\/\\\/www.webdo.tn\\\/fr\\\/actualite\\\/national\\\/on-parle-dune-nouvelle-amnistie\\\/172236\\\/\",\"url\":\"https:\\\/\\\/www.webdo.tn\\\/fr\\\/actualite\\\/national\\\/on-parle-dune-nouvelle-amnistie\\\/172236\\\/\",\"name\":\"On parle d'une nouvelle amnistie !?\",\"isPartOf\":{\"@id\":\"https:\\\/\\\/www.webdo.tn\\\/fr\\\/#website\"},\"primaryImageOfPage\":{\"@id\":\"https:\\\/\\\/www.webdo.tn\\\/fr\\\/actualite\\\/national\\\/on-parle-dune-nouvelle-amnistie\\\/172236\\\/#primaryimage\"},\"image\":{\"@id\":\"https:\\\/\\\/www.webdo.tn\\\/fr\\\/actualite\\\/national\\\/on-parle-dune-nouvelle-amnistie\\\/172236\\\/#primaryimage\"},\"thumbnailUrl\":\"https:\\\/\\\/www.webdo.tn\\\/fr\\\/wp-content\\\/uploads\\\/2025\\\/06\\\/Prisonnier-gracie-photo-alexandervandergraaf.nl__172236.jpg\",\"datePublished\":\"2012-02-05T19:24:00+00:00\",\"dateModified\":\"2025-06-04T19:00:49+00:00\",\"description\":\"On parle d'une nouvelle amnistie !?\",\"breadcrumb\":{\"@id\":\"https:\\\/\\\/www.webdo.tn\\\/fr\\\/actualite\\\/national\\\/on-parle-dune-nouvelle-amnistie\\\/172236\\\/#breadcrumb\"},\"inLanguage\":\"fr-FR\",\"potentialAction\":[{\"@type\":\"ReadAction\",\"target\":[\"https:\\\/\\\/www.webdo.tn\\\/fr\\\/actualite\\\/national\\\/on-parle-dune-nouvelle-amnistie\\\/172236\\\/\"]}]},{\"@type\":\"ImageObject\",\"inLanguage\":\"fr-FR\",\"@id\":\"https:\\\/\\\/www.webdo.tn\\\/fr\\\/actualite\\\/national\\\/on-parle-dune-nouvelle-amnistie\\\/172236\\\/#primaryimage\",\"url\":\"https:\\\/\\\/www.webdo.tn\\\/fr\\\/wp-content\\\/uploads\\\/2025\\\/06\\\/Prisonnier-gracie-photo-alexandervandergraaf.nl__172236.jpg\",\"contentUrl\":\"https:\\\/\\\/www.webdo.tn\\\/fr\\\/wp-content\\\/uploads\\\/2025\\\/06\\\/Prisonnier-gracie-photo-alexandervandergraaf.nl__172236.jpg\",\"width\":240,\"height\":180,\"caption\":\"On parle d'une nouvelle amnistie !?\"},{\"@type\":\"BreadcrumbList\",\"@id\":\"https:\\\/\\\/www.webdo.tn\\\/fr\\\/actualite\\\/national\\\/on-parle-dune-nouvelle-amnistie\\\/172236\\\/#breadcrumb\",\"itemListElement\":[{\"@type\":\"ListItem\",\"position\":1,\"name\":\"Accueil\",\"item\":\"https:\\\/\\\/www.webdo.tn\\\/fr\\\/\"},{\"@type\":\"ListItem\",\"position\":2,\"name\":\"On parle d&rsquo;une nouvelle amnistie !?\"}]},{\"@type\":\"WebSite\",\"@id\":\"https:\\\/\\\/www.webdo.tn\\\/fr\\\/#website\",\"url\":\"https:\\\/\\\/www.webdo.tn\\\/fr\\\/\",\"name\":\"webdo\",\"description\":\"Tunisie - News en Tunisie et \u00e0 l&#039;international sur Webdo.tn\",\"publisher\":{\"@id\":\"https:\\\/\\\/www.webdo.tn\\\/fr\\\/#organization\"},\"potentialAction\":[{\"@type\":\"SearchAction\",\"target\":{\"@type\":\"EntryPoint\",\"urlTemplate\":\"https:\\\/\\\/www.webdo.tn\\\/fr\\\/?s={search_term_string}\"},\"query-input\":{\"@type\":\"PropertyValueSpecification\",\"valueRequired\":true,\"valueName\":\"search_term_string\"}}],\"inLanguage\":\"fr-FR\"},{\"@type\":\"Organization\",\"@id\":\"https:\\\/\\\/www.webdo.tn\\\/fr\\\/#organization\",\"name\":\"Webdo\",\"alternateName\":\"Webdo.tn\",\"url\":\"https:\\\/\\\/www.webdo.tn\\\/fr\\\/\",\"logo\":{\"@type\":\"ImageObject\",\"inLanguage\":\"fr-FR\",\"@id\":\"https:\\\/\\\/www.webdo.tn\\\/fr\\\/#\\\/schema\\\/logo\\\/image\\\/\",\"url\":\"https:\\\/\\\/www.webdo.tn\\\/fr\\\/wp-content\\\/uploads\\\/2025\\\/06\\\/Webdo-Tunisie_168377.jpg\",\"contentUrl\":\"https:\\\/\\\/www.webdo.tn\\\/fr\\\/wp-content\\\/uploads\\\/2025\\\/06\\\/Webdo-Tunisie_168377.jpg\",\"width\":301,\"height\":301,\"caption\":\"Webdo\"},\"image\":{\"@id\":\"https:\\\/\\\/www.webdo.tn\\\/fr\\\/#\\\/schema\\\/logo\\\/image\\\/\"},\"sameAs\":[\"https:\\\/\\\/www.facebook.com\\\/webdotn\",\"https:\\\/\\\/x.com\\\/webdo_tn\"],\"description\":\"Webdo est un m\u00e9dia num\u00e9rique tunisien fond\u00e9 en 2010, sp\u00e9cialis\u00e9 dans l\u2019actualit\u00e9 nationale et internationale, l\u2019\u00e9conomie, la soci\u00e9t\u00e9 et les analyses politiques. Le site s\u2019adresse \u00e0 un large public francophone et couvre l\u2019information tunisienne en temps r\u00e9el.\",\"email\":\"redac@webdo.tn\",\"legalName\":\"YNJ SARL\",\"foundingDate\":\"2010-09-06\",\"numberOfEmployees\":{\"@type\":\"QuantitativeValue\",\"minValue\":\"11\",\"maxValue\":\"50\"}},{\"@type\":\"Person\",\"@id\":\"https:\\\/\\\/www.webdo.tn\\\/fr\\\/#\\\/schema\\\/person\\\/9a9c6118d687c117df8ef3cc36a4d175\",\"name\":\"webdo.tn\",\"image\":{\"@type\":\"ImageObject\",\"inLanguage\":\"fr-FR\",\"@id\":\"https:\\\/\\\/secure.gravatar.com\\\/avatar\\\/7ce1f28c0c3bbac99ff550b85ef8e44a6950c6ee24514fb6a5489e51d06f0298?s=96&d=mm&r=g\",\"url\":\"https:\\\/\\\/secure.gravatar.com\\\/avatar\\\/7ce1f28c0c3bbac99ff550b85ef8e44a6950c6ee24514fb6a5489e51d06f0298?s=96&d=mm&r=g\",\"contentUrl\":\"https:\\\/\\\/secure.gravatar.com\\\/avatar\\\/7ce1f28c0c3bbac99ff550b85ef8e44a6950c6ee24514fb6a5489e51d06f0298?s=96&d=mm&r=g\",\"caption\":\"webdo.tn\"},\"url\":\"https:\\\/\\\/www.webdo.tn\\\/fr\\\/actualite\\\/author\\\/webdotn\\\/\"}]}<\/script>\n<!-- \/ Yoast SEO Premium plugin. -->","yoast_head_json":{"title":"On parle d'une nouvelle amnistie !?","description":"On parle d'une nouvelle amnistie !?","canonical":"https:\/\/www.webdo.tn\/fr\/actualite\/national\/on-parle-dune-nouvelle-amnistie\/172236\/","og_locale":"fr_FR","og_type":"article","og_title":"On parle d'une nouvelle amnistie !?","og_description":"On parle d'une nouvelle amnistie !?","og_url":"https:\/\/www.webdo.tn\/fr\/actualite\/national\/on-parle-dune-nouvelle-amnistie\/172236\/","og_site_name":"webdo","article_publisher":"https:\/\/www.facebook.com\/webdotn","article_published_time":"2012-02-05T19:24:00+00:00","article_modified_time":"2025-06-04T19:00:49+00:00","author":"webdo.tn","twitter_card":"summary_large_image","twitter_creator":"@webdo_tn","twitter_site":"@webdo_tn","twitter_misc":{"\u00c9crit par":"webdo.tn","Dur\u00e9e de lecture estim\u00e9e":"4 minutes"},"schema":{"@context":"https:\/\/schema.org","@graph":[{"@type":"NewsArticle","@id":"https:\/\/www.webdo.tn\/fr\/actualite\/national\/on-parle-dune-nouvelle-amnistie\/172236\/#article","isPartOf":{"@id":"https:\/\/www.webdo.tn\/fr\/actualite\/national\/on-parle-dune-nouvelle-amnistie\/172236\/"},"author":{"name":"webdo.tn","@id":"https:\/\/www.webdo.tn\/fr\/#\/schema\/person\/9a9c6118d687c117df8ef3cc36a4d175"},"headline":"On parle d&rsquo;une nouvelle amnistie !?","datePublished":"2012-02-05T19:24:00+00:00","dateModified":"2025-06-04T19:00:49+00:00","mainEntityOfPage":{"@id":"https:\/\/www.webdo.tn\/fr\/actualite\/national\/on-parle-dune-nouvelle-amnistie\/172236\/"},"wordCount":746,"commentCount":0,"publisher":{"@id":"https:\/\/www.webdo.tn\/fr\/#organization"},"image":{"@id":"https:\/\/www.webdo.tn\/fr\/actualite\/national\/on-parle-dune-nouvelle-amnistie\/172236\/#primaryimage"},"thumbnailUrl":"https:\/\/www.webdo.tn\/fr\/wp-content\/uploads\/2025\/06\/Prisonnier-gracie-photo-alexandervandergraaf.nl__172236.jpg","articleSection":["National"],"inLanguage":"fr-FR"},{"@type":"WebPage","@id":"https:\/\/www.webdo.tn\/fr\/actualite\/national\/on-parle-dune-nouvelle-amnistie\/172236\/","url":"https:\/\/www.webdo.tn\/fr\/actualite\/national\/on-parle-dune-nouvelle-amnistie\/172236\/","name":"On parle d'une nouvelle amnistie !?","isPartOf":{"@id":"https:\/\/www.webdo.tn\/fr\/#website"},"primaryImageOfPage":{"@id":"https:\/\/www.webdo.tn\/fr\/actualite\/national\/on-parle-dune-nouvelle-amnistie\/172236\/#primaryimage"},"image":{"@id":"https:\/\/www.webdo.tn\/fr\/actualite\/national\/on-parle-dune-nouvelle-amnistie\/172236\/#primaryimage"},"thumbnailUrl":"https:\/\/www.webdo.tn\/fr\/wp-content\/uploads\/2025\/06\/Prisonnier-gracie-photo-alexandervandergraaf.nl__172236.jpg","datePublished":"2012-02-05T19:24:00+00:00","dateModified":"2025-06-04T19:00:49+00:00","description":"On parle d'une nouvelle amnistie !?","breadcrumb":{"@id":"https:\/\/www.webdo.tn\/fr\/actualite\/national\/on-parle-dune-nouvelle-amnistie\/172236\/#breadcrumb"},"inLanguage":"fr-FR","potentialAction":[{"@type":"ReadAction","target":["https:\/\/www.webdo.tn\/fr\/actualite\/national\/on-parle-dune-nouvelle-amnistie\/172236\/"]}]},{"@type":"ImageObject","inLanguage":"fr-FR","@id":"https:\/\/www.webdo.tn\/fr\/actualite\/national\/on-parle-dune-nouvelle-amnistie\/172236\/#primaryimage","url":"https:\/\/www.webdo.tn\/fr\/wp-content\/uploads\/2025\/06\/Prisonnier-gracie-photo-alexandervandergraaf.nl__172236.jpg","contentUrl":"https:\/\/www.webdo.tn\/fr\/wp-content\/uploads\/2025\/06\/Prisonnier-gracie-photo-alexandervandergraaf.nl__172236.jpg","width":240,"height":180,"caption":"On parle d'une nouvelle amnistie !?"},{"@type":"BreadcrumbList","@id":"https:\/\/www.webdo.tn\/fr\/actualite\/national\/on-parle-dune-nouvelle-amnistie\/172236\/#breadcrumb","itemListElement":[{"@type":"ListItem","position":1,"name":"Accueil","item":"https:\/\/www.webdo.tn\/fr\/"},{"@type":"ListItem","position":2,"name":"On parle d&rsquo;une nouvelle amnistie !?"}]},{"@type":"WebSite","@id":"https:\/\/www.webdo.tn\/fr\/#website","url":"https:\/\/www.webdo.tn\/fr\/","name":"webdo","description":"Tunisie - News en Tunisie et \u00e0 l&#039;international sur Webdo.tn","publisher":{"@id":"https:\/\/www.webdo.tn\/fr\/#organization"},"potentialAction":[{"@type":"SearchAction","target":{"@type":"EntryPoint","urlTemplate":"https:\/\/www.webdo.tn\/fr\/?s={search_term_string}"},"query-input":{"@type":"PropertyValueSpecification","valueRequired":true,"valueName":"search_term_string"}}],"inLanguage":"fr-FR"},{"@type":"Organization","@id":"https:\/\/www.webdo.tn\/fr\/#organization","name":"Webdo","alternateName":"Webdo.tn","url":"https:\/\/www.webdo.tn\/fr\/","logo":{"@type":"ImageObject","inLanguage":"fr-FR","@id":"https:\/\/www.webdo.tn\/fr\/#\/schema\/logo\/image\/","url":"https:\/\/www.webdo.tn\/fr\/wp-content\/uploads\/2025\/06\/Webdo-Tunisie_168377.jpg","contentUrl":"https:\/\/www.webdo.tn\/fr\/wp-content\/uploads\/2025\/06\/Webdo-Tunisie_168377.jpg","width":301,"height":301,"caption":"Webdo"},"image":{"@id":"https:\/\/www.webdo.tn\/fr\/#\/schema\/logo\/image\/"},"sameAs":["https:\/\/www.facebook.com\/webdotn","https:\/\/x.com\/webdo_tn"],"description":"Webdo est un m\u00e9dia num\u00e9rique tunisien fond\u00e9 en 2010, sp\u00e9cialis\u00e9 dans l\u2019actualit\u00e9 nationale et internationale, l\u2019\u00e9conomie, la soci\u00e9t\u00e9 et les analyses politiques. Le site s\u2019adresse \u00e0 un large public francophone et couvre l\u2019information tunisienne en temps r\u00e9el.","email":"redac@webdo.tn","legalName":"YNJ SARL","foundingDate":"2010-09-06","numberOfEmployees":{"@type":"QuantitativeValue","minValue":"11","maxValue":"50"}},{"@type":"Person","@id":"https:\/\/www.webdo.tn\/fr\/#\/schema\/person\/9a9c6118d687c117df8ef3cc36a4d175","name":"webdo.tn","image":{"@type":"ImageObject","inLanguage":"fr-FR","@id":"https:\/\/secure.gravatar.com\/avatar\/7ce1f28c0c3bbac99ff550b85ef8e44a6950c6ee24514fb6a5489e51d06f0298?s=96&d=mm&r=g","url":"https:\/\/secure.gravatar.com\/avatar\/7ce1f28c0c3bbac99ff550b85ef8e44a6950c6ee24514fb6a5489e51d06f0298?s=96&d=mm&r=g","contentUrl":"https:\/\/secure.gravatar.com\/avatar\/7ce1f28c0c3bbac99ff550b85ef8e44a6950c6ee24514fb6a5489e51d06f0298?s=96&d=mm&r=g","caption":"webdo.tn"},"url":"https:\/\/www.webdo.tn\/fr\/actualite\/author\/webdotn\/"}]}},"_links":{"self":[{"href":"https:\/\/www.webdo.tn\/fr\/wp-json\/wp\/v2\/posts\/172236","targetHints":{"allow":["GET"]}}],"collection":[{"href":"https:\/\/www.webdo.tn\/fr\/wp-json\/wp\/v2\/posts"}],"about":[{"href":"https:\/\/www.webdo.tn\/fr\/wp-json\/wp\/v2\/types\/post"}],"author":[{"embeddable":true,"href":"https:\/\/www.webdo.tn\/fr\/wp-json\/wp\/v2\/users\/3222"}],"replies":[{"embeddable":true,"href":"https:\/\/www.webdo.tn\/fr\/wp-json\/wp\/v2\/comments?post=172236"}],"version-history":[{"count":0,"href":"https:\/\/www.webdo.tn\/fr\/wp-json\/wp\/v2\/posts\/172236\/revisions"}],"wp:featuredmedia":[{"embeddable":true,"href":"https:\/\/www.webdo.tn\/fr\/wp-json\/wp\/v2\/media\/374663"}],"wp:attachment":[{"href":"https:\/\/www.webdo.tn\/fr\/wp-json\/wp\/v2\/media?parent=172236"}],"wp:term":[{"taxonomy":"category","embeddable":true,"href":"https:\/\/www.webdo.tn\/fr\/wp-json\/wp\/v2\/categories?post=172236"},{"taxonomy":"post_tag","embeddable":true,"href":"https:\/\/www.webdo.tn\/fr\/wp-json\/wp\/v2\/tags?post=172236"}],"curies":[{"name":"wp","href":"https:\/\/api.w.org\/{rel}","templated":true}]}}