{"id":172235,"date":"2012-02-06T10:30:00","date_gmt":"2012-02-06T10:30:00","guid":{"rendered":"https:\/\/www.webdo.tn\/fr\/blog\/polemique-autour-du-mariage-coutumier-mme-badi-repond-a-ses-detracteurs\/172235\/"},"modified":"2025-06-04T19:00:52","modified_gmt":"2025-06-04T19:00:52","slug":"polemique-autour-du-mariage-coutumier-mme-badi-repond-a-ses-detracteurs","status":"publish","type":"post","link":"https:\/\/www.webdo.tn\/fr\/actualite\/national\/polemique-autour-du-mariage-coutumier-mme-badi-repond-a-ses-detracteurs\/172235\/","title":{"rendered":"Pol\u00e9mique autour du mariage coutumier\u00a0: Mme Badi r\u00e9pond \u00e0 ses d\u00e9tracteurs"},"content":{"rendered":"<p>L\u2019entretien accord\u00e9 par Sihem Badi, la Ministre de la femme et de la famille, au journal \u00ab\u00a0Achourouk\u00a0\u00bb a d\u00e9fray\u00e9 la chronique et fait couler beaucoup d\u2019encre (voir en bas de cette page un fac-simil\u00e9 de l&rsquo;article en question). C\u2019est sur la question du mariage coutumier, objet de la pol\u00e9mique, que Mme Badi a \u00e9t\u00e9 invit\u00e9e ce matin par Shems FM afin d\u2019apporter des \u00e9claircissements sur la teneur de sa d\u00e9claration.<\/p>\n<p>La Ministre a tenu \u00e0 pr\u00e9ciser qu\u2019il y avait un malentendu engendr\u00e9 par les conditions de l\u2019interview. C\u2019est peu de temps avant son voyage qu\u2019elle a re\u00e7u un coup de fil d\u2019une journaliste d\u2019\u00a0\u00ab\u00a0Achourouk\u00a0\u00bb demandant son opinion sur le mariage coutumier (zawaj orfi). En un laps de temps extr\u00eamement court, l\u2019on ne peut selon la Ministre s\u2019\u00e9tendre sur un sujet aussi sensible. Elle regrette le fait que ses propos soient mal rapport\u00e9s par la journaliste, tout en soulignant qu\u2019elle est tout \u00e0 fait contre cette forme de mariage. Ce ph\u00e9nom\u00e8ne qui est en train \u00ab\u00a0de se propager dans les universit\u00e9s et certaines couches sociales, n\u2019a pas de fondement ni sur le plan religieux, ni sur le plan juridique\u00a0\u00bb, note-t-elle. Et de poursuivre que ceux qui pratiquent ce genre d\u2019\u00a0\u00ab\u00a0union\u00a0\u00bb commettent une infraction passible d\u2019une peine de prison. Et la Ministre de poursuivre qu\u2019il faut r\u00e9agir fermement pour mettre un terme \u00e0 cette tendance qui est en train de tromper beaucoup de  nos jeunes.<\/p>\n<p>Interrog\u00e9e sur les critiques qui lui sont adress\u00e9es \u00e0 propos de la rencontre avec Amr Khaled, le pr\u00e9dicateur islamiste, Sihem Badi a soulign\u00e9 qu\u2019il \u00e9tait de son r\u00f4le de recevoir une personnalit\u00e9 qui voulait partager la joie de la R\u00e9volution avec le peuple tunisien. Et la Ministre d\u2019argumenter que Amr Khaled est venu avec des projets d\u2019investissements. Elle a rejet\u00e9 les r\u00e9actions hostiles \u00e0 cette rencontre, pr\u00e9cisant qu\u2019elle entend \u00ab\u00a0se placer au-dessus des consid\u00e9rations id\u00e9ologiques\u00a0\u00bb.<\/p>\n<p>Enfin quant \u00e0 la r\u00e9cente nomination de la fille de Abdelwahab Ma\u00e2ter, Ministre du travail, dans son cabinet, Mme Sihem Badi a mis l\u2019accent sur les comp\u00e9tences de la personne en question qu\u2019elle a charg\u00e9 d\u2019enqu\u00eater sur les mauvaises gestions et la corruption d\u2019associations sous le r\u00e9gime d\u00e9chu. Selon les dires de la Ministre de la femme, cette mission ne sera pas r\u00e9mun\u00e9r\u00e9e.<\/p>\n","protected":false},"excerpt":{"rendered":"<p>Pol\u00e9mique autour du mariage coutumier\u00a0: Mme Badi r\u00e9pond \u00e0 ses d\u00e9tracteurs <\/p>\n","protected":false},"author":3222,"featured_media":334040,"comment_status":"open","ping_status":"closed","sticky":false,"template":"","format":"standard","meta":{"footnotes":""},"categories":[44],"tags":[],"class_list":["post-172235","post","type-post","status-publish","format-standard","has-post-thumbnail","hentry","category-national"],"yoast_head":"<!-- This site is optimized with the Yoast SEO Premium plugin v27.5 (Yoast SEO v27.5) - https:\/\/yoast.com\/product\/yoast-seo-premium-wordpress\/ -->\n<title>Pol\u00e9mique autour du mariage coutumier\u00a0: Mme Badi r\u00e9pond \u00e0 ses d\u00e9tracteurs<\/title>\n<meta name=\"description\" content=\"Pol\u00e9mique autour du mariage coutumier\u00a0: Mme Badi r\u00e9pond \u00e0 ses d\u00e9tracteurs\" \/>\n<link rel=\"canonical\" href=\"https:\/\/www.webdo.tn\/fr\/actualite\/national\/polemique-autour-du-mariage-coutumier-mme-badi-repond-a-ses-detracteurs\/172235\/\" \/>\n<meta property=\"og:locale\" content=\"fr_FR\" \/>\n<meta property=\"og:type\" content=\"article\" \/>\n<meta property=\"og:title\" content=\"Pol\u00e9mique autour du mariage coutumier\u00a0: Mme Badi r\u00e9pond \u00e0 ses d\u00e9tracteurs\" \/>\n<meta property=\"og:description\" content=\"Pol\u00e9mique autour du mariage coutumier\u00a0: Mme Badi r\u00e9pond \u00e0 ses d\u00e9tracteurs\" \/>\n<meta property=\"og:url\" content=\"https:\/\/www.webdo.tn\/fr\/actualite\/national\/polemique-autour-du-mariage-coutumier-mme-badi-repond-a-ses-detracteurs\/172235\/\" \/>\n<meta property=\"og:site_name\" content=\"webdo\" \/>\n<meta property=\"article:publisher\" content=\"https:\/\/www.facebook.com\/webdotn\" \/>\n<meta property=\"article:published_time\" content=\"2012-02-06T10:30:00+00:00\" \/>\n<meta property=\"article:modified_time\" content=\"2025-06-04T19:00:52+00:00\" \/>\n<meta property=\"og:image\" content=\"https:\/\/www.webdo.tn\/fr\/wp-content\/uploads\/2012\/02\/Sihem-Badi-la-Ministre-de-la-femme-et-de-la-famille-photp-FB-Sihem-Badi.jpg\" \/>\n\t<meta property=\"og:image:width\" content=\"237\" \/>\n\t<meta property=\"og:image:height\" content=\"241\" \/>\n\t<meta property=\"og:image:type\" content=\"image\/jpeg\" \/>\n<meta name=\"author\" content=\"webdo.tn\" \/>\n<meta name=\"twitter:card\" content=\"summary_large_image\" \/>\n<meta name=\"twitter:creator\" content=\"@webdo_tn\" \/>\n<meta name=\"twitter:site\" content=\"@webdo_tn\" \/>\n<meta name=\"twitter:label1\" content=\"\u00c9crit par\" \/>\n\t<meta name=\"twitter:data1\" content=\"webdo.tn\" \/>\n\t<meta name=\"twitter:label2\" content=\"Dur\u00e9e de lecture estim\u00e9e\" \/>\n\t<meta name=\"twitter:data2\" content=\"2 minutes\" \/>\n<script type=\"application\/ld+json\" class=\"yoast-schema-graph\">{\"@context\":\"https:\\\/\\\/schema.org\",\"@graph\":[{\"@type\":\"NewsArticle\",\"@id\":\"https:\\\/\\\/www.webdo.tn\\\/fr\\\/actualite\\\/national\\\/polemique-autour-du-mariage-coutumier-mme-badi-repond-a-ses-detracteurs\\\/172235\\\/#article\",\"isPartOf\":{\"@id\":\"https:\\\/\\\/www.webdo.tn\\\/fr\\\/actualite\\\/national\\\/polemique-autour-du-mariage-coutumier-mme-badi-repond-a-ses-detracteurs\\\/172235\\\/\"},\"author\":{\"name\":\"webdo.tn\",\"@id\":\"https:\\\/\\\/www.webdo.tn\\\/fr\\\/#\\\/schema\\\/person\\\/9a9c6118d687c117df8ef3cc36a4d175\"},\"headline\":\"Pol\u00e9mique autour du mariage coutumier\u00a0: Mme Badi r\u00e9pond \u00e0 ses d\u00e9tracteurs\",\"datePublished\":\"2012-02-06T10:30:00+00:00\",\"dateModified\":\"2025-06-04T19:00:52+00:00\",\"mainEntityOfPage\":{\"@id\":\"https:\\\/\\\/www.webdo.tn\\\/fr\\\/actualite\\\/national\\\/polemique-autour-du-mariage-coutumier-mme-badi-repond-a-ses-detracteurs\\\/172235\\\/\"},\"wordCount\":434,\"commentCount\":0,\"publisher\":{\"@id\":\"https:\\\/\\\/www.webdo.tn\\\/fr\\\/#organization\"},\"image\":{\"@id\":\"https:\\\/\\\/www.webdo.tn\\\/fr\\\/actualite\\\/national\\\/polemique-autour-du-mariage-coutumier-mme-badi-repond-a-ses-detracteurs\\\/172235\\\/#primaryimage\"},\"thumbnailUrl\":\"https:\\\/\\\/www.webdo.tn\\\/fr\\\/wp-content\\\/uploads\\\/2012\\\/02\\\/Sihem-Badi-la-Ministre-de-la-femme-et-de-la-famille-photp-FB-Sihem-Badi.jpg\",\"articleSection\":[\"National\"],\"inLanguage\":\"fr-FR\"},{\"@type\":\"WebPage\",\"@id\":\"https:\\\/\\\/www.webdo.tn\\\/fr\\\/actualite\\\/national\\\/polemique-autour-du-mariage-coutumier-mme-badi-repond-a-ses-detracteurs\\\/172235\\\/\",\"url\":\"https:\\\/\\\/www.webdo.tn\\\/fr\\\/actualite\\\/national\\\/polemique-autour-du-mariage-coutumier-mme-badi-repond-a-ses-detracteurs\\\/172235\\\/\",\"name\":\"Pol\u00e9mique autour du mariage coutumier\u00a0: Mme Badi r\u00e9pond \u00e0 ses d\u00e9tracteurs\",\"isPartOf\":{\"@id\":\"https:\\\/\\\/www.webdo.tn\\\/fr\\\/#website\"},\"primaryImageOfPage\":{\"@id\":\"https:\\\/\\\/www.webdo.tn\\\/fr\\\/actualite\\\/national\\\/polemique-autour-du-mariage-coutumier-mme-badi-repond-a-ses-detracteurs\\\/172235\\\/#primaryimage\"},\"image\":{\"@id\":\"https:\\\/\\\/www.webdo.tn\\\/fr\\\/actualite\\\/national\\\/polemique-autour-du-mariage-coutumier-mme-badi-repond-a-ses-detracteurs\\\/172235\\\/#primaryimage\"},\"thumbnailUrl\":\"https:\\\/\\\/www.webdo.tn\\\/fr\\\/wp-content\\\/uploads\\\/2012\\\/02\\\/Sihem-Badi-la-Ministre-de-la-femme-et-de-la-famille-photp-FB-Sihem-Badi.jpg\",\"datePublished\":\"2012-02-06T10:30:00+00:00\",\"dateModified\":\"2025-06-04T19:00:52+00:00\",\"description\":\"Pol\u00e9mique autour du mariage coutumier\u00a0: Mme Badi r\u00e9pond \u00e0 ses d\u00e9tracteurs\",\"breadcrumb\":{\"@id\":\"https:\\\/\\\/www.webdo.tn\\\/fr\\\/actualite\\\/national\\\/polemique-autour-du-mariage-coutumier-mme-badi-repond-a-ses-detracteurs\\\/172235\\\/#breadcrumb\"},\"inLanguage\":\"fr-FR\",\"potentialAction\":[{\"@type\":\"ReadAction\",\"target\":[\"https:\\\/\\\/www.webdo.tn\\\/fr\\\/actualite\\\/national\\\/polemique-autour-du-mariage-coutumier-mme-badi-repond-a-ses-detracteurs\\\/172235\\\/\"]}]},{\"@type\":\"ImageObject\",\"inLanguage\":\"fr-FR\",\"@id\":\"https:\\\/\\\/www.webdo.tn\\\/fr\\\/actualite\\\/national\\\/polemique-autour-du-mariage-coutumier-mme-badi-repond-a-ses-detracteurs\\\/172235\\\/#primaryimage\",\"url\":\"https:\\\/\\\/www.webdo.tn\\\/fr\\\/wp-content\\\/uploads\\\/2012\\\/02\\\/Sihem-Badi-la-Ministre-de-la-femme-et-de-la-famille-photp-FB-Sihem-Badi.jpg\",\"contentUrl\":\"https:\\\/\\\/www.webdo.tn\\\/fr\\\/wp-content\\\/uploads\\\/2012\\\/02\\\/Sihem-Badi-la-Ministre-de-la-femme-et-de-la-famille-photp-FB-Sihem-Badi.jpg\",\"width\":237,\"height\":241,\"caption\":\"Pol\u00e9mique autour du mariage coutumier\u00a0: Mme Badi r\u00e9pond \u00e0 ses d\u00e9tracteurs\"},{\"@type\":\"BreadcrumbList\",\"@id\":\"https:\\\/\\\/www.webdo.tn\\\/fr\\\/actualite\\\/national\\\/polemique-autour-du-mariage-coutumier-mme-badi-repond-a-ses-detracteurs\\\/172235\\\/#breadcrumb\",\"itemListElement\":[{\"@type\":\"ListItem\",\"position\":1,\"name\":\"Accueil\",\"item\":\"https:\\\/\\\/www.webdo.tn\\\/fr\\\/\"},{\"@type\":\"ListItem\",\"position\":2,\"name\":\"Pol\u00e9mique autour du mariage coutumier\u00a0: Mme Badi r\u00e9pond \u00e0 ses d\u00e9tracteurs\"}]},{\"@type\":\"WebSite\",\"@id\":\"https:\\\/\\\/www.webdo.tn\\\/fr\\\/#website\",\"url\":\"https:\\\/\\\/www.webdo.tn\\\/fr\\\/\",\"name\":\"webdo\",\"description\":\"Tunisie - News en Tunisie et \u00e0 l&#039;international sur Webdo.tn\",\"publisher\":{\"@id\":\"https:\\\/\\\/www.webdo.tn\\\/fr\\\/#organization\"},\"potentialAction\":[{\"@type\":\"SearchAction\",\"target\":{\"@type\":\"EntryPoint\",\"urlTemplate\":\"https:\\\/\\\/www.webdo.tn\\\/fr\\\/?s={search_term_string}\"},\"query-input\":{\"@type\":\"PropertyValueSpecification\",\"valueRequired\":true,\"valueName\":\"search_term_string\"}}],\"inLanguage\":\"fr-FR\"},{\"@type\":\"Organization\",\"@id\":\"https:\\\/\\\/www.webdo.tn\\\/fr\\\/#organization\",\"name\":\"Webdo\",\"alternateName\":\"Webdo.tn\",\"url\":\"https:\\\/\\\/www.webdo.tn\\\/fr\\\/\",\"logo\":{\"@type\":\"ImageObject\",\"inLanguage\":\"fr-FR\",\"@id\":\"https:\\\/\\\/www.webdo.tn\\\/fr\\\/#\\\/schema\\\/logo\\\/image\\\/\",\"url\":\"https:\\\/\\\/www.webdo.tn\\\/fr\\\/wp-content\\\/uploads\\\/2025\\\/06\\\/Webdo-Tunisie_168377.jpg\",\"contentUrl\":\"https:\\\/\\\/www.webdo.tn\\\/fr\\\/wp-content\\\/uploads\\\/2025\\\/06\\\/Webdo-Tunisie_168377.jpg\",\"width\":301,\"height\":301,\"caption\":\"Webdo\"},\"image\":{\"@id\":\"https:\\\/\\\/www.webdo.tn\\\/fr\\\/#\\\/schema\\\/logo\\\/image\\\/\"},\"sameAs\":[\"https:\\\/\\\/www.facebook.com\\\/webdotn\",\"https:\\\/\\\/x.com\\\/webdo_tn\"],\"description\":\"Webdo est un m\u00e9dia num\u00e9rique tunisien fond\u00e9 en 2010, sp\u00e9cialis\u00e9 dans l\u2019actualit\u00e9 nationale et internationale, l\u2019\u00e9conomie, la soci\u00e9t\u00e9 et les analyses politiques. Le site s\u2019adresse \u00e0 un large public francophone et couvre l\u2019information tunisienne en temps r\u00e9el.\",\"email\":\"redac@webdo.tn\",\"legalName\":\"YNJ SARL\",\"foundingDate\":\"2010-09-06\",\"numberOfEmployees\":{\"@type\":\"QuantitativeValue\",\"minValue\":\"11\",\"maxValue\":\"50\"}},{\"@type\":\"Person\",\"@id\":\"https:\\\/\\\/www.webdo.tn\\\/fr\\\/#\\\/schema\\\/person\\\/9a9c6118d687c117df8ef3cc36a4d175\",\"name\":\"webdo.tn\",\"image\":{\"@type\":\"ImageObject\",\"inLanguage\":\"fr-FR\",\"@id\":\"https:\\\/\\\/secure.gravatar.com\\\/avatar\\\/7ce1f28c0c3bbac99ff550b85ef8e44a6950c6ee24514fb6a5489e51d06f0298?s=96&d=mm&r=g\",\"url\":\"https:\\\/\\\/secure.gravatar.com\\\/avatar\\\/7ce1f28c0c3bbac99ff550b85ef8e44a6950c6ee24514fb6a5489e51d06f0298?s=96&d=mm&r=g\",\"contentUrl\":\"https:\\\/\\\/secure.gravatar.com\\\/avatar\\\/7ce1f28c0c3bbac99ff550b85ef8e44a6950c6ee24514fb6a5489e51d06f0298?s=96&d=mm&r=g\",\"caption\":\"webdo.tn\"},\"url\":\"https:\\\/\\\/www.webdo.tn\\\/fr\\\/actualite\\\/author\\\/webdotn\\\/\"}]}<\/script>\n<!-- \/ Yoast SEO Premium plugin. -->","yoast_head_json":{"title":"Pol\u00e9mique autour du mariage coutumier\u00a0: Mme Badi r\u00e9pond \u00e0 ses d\u00e9tracteurs","description":"Pol\u00e9mique autour du mariage coutumier\u00a0: Mme Badi r\u00e9pond \u00e0 ses d\u00e9tracteurs","canonical":"https:\/\/www.webdo.tn\/fr\/actualite\/national\/polemique-autour-du-mariage-coutumier-mme-badi-repond-a-ses-detracteurs\/172235\/","og_locale":"fr_FR","og_type":"article","og_title":"Pol\u00e9mique autour du mariage coutumier\u00a0: Mme Badi r\u00e9pond \u00e0 ses d\u00e9tracteurs","og_description":"Pol\u00e9mique autour du mariage coutumier\u00a0: Mme Badi r\u00e9pond \u00e0 ses d\u00e9tracteurs","og_url":"https:\/\/www.webdo.tn\/fr\/actualite\/national\/polemique-autour-du-mariage-coutumier-mme-badi-repond-a-ses-detracteurs\/172235\/","og_site_name":"webdo","article_publisher":"https:\/\/www.facebook.com\/webdotn","article_published_time":"2012-02-06T10:30:00+00:00","article_modified_time":"2025-06-04T19:00:52+00:00","og_image":[{"width":237,"height":241,"url":"https:\/\/www.webdo.tn\/fr\/wp-content\/uploads\/2012\/02\/Sihem-Badi-la-Ministre-de-la-femme-et-de-la-famille-photp-FB-Sihem-Badi.jpg","type":"image\/jpeg"}],"author":"webdo.tn","twitter_card":"summary_large_image","twitter_creator":"@webdo_tn","twitter_site":"@webdo_tn","twitter_misc":{"\u00c9crit par":"webdo.tn","Dur\u00e9e de lecture estim\u00e9e":"2 minutes"},"schema":{"@context":"https:\/\/schema.org","@graph":[{"@type":"NewsArticle","@id":"https:\/\/www.webdo.tn\/fr\/actualite\/national\/polemique-autour-du-mariage-coutumier-mme-badi-repond-a-ses-detracteurs\/172235\/#article","isPartOf":{"@id":"https:\/\/www.webdo.tn\/fr\/actualite\/national\/polemique-autour-du-mariage-coutumier-mme-badi-repond-a-ses-detracteurs\/172235\/"},"author":{"name":"webdo.tn","@id":"https:\/\/www.webdo.tn\/fr\/#\/schema\/person\/9a9c6118d687c117df8ef3cc36a4d175"},"headline":"Pol\u00e9mique autour du mariage coutumier\u00a0: Mme Badi r\u00e9pond \u00e0 ses d\u00e9tracteurs","datePublished":"2012-02-06T10:30:00+00:00","dateModified":"2025-06-04T19:00:52+00:00","mainEntityOfPage":{"@id":"https:\/\/www.webdo.tn\/fr\/actualite\/national\/polemique-autour-du-mariage-coutumier-mme-badi-repond-a-ses-detracteurs\/172235\/"},"wordCount":434,"commentCount":0,"publisher":{"@id":"https:\/\/www.webdo.tn\/fr\/#organization"},"image":{"@id":"https:\/\/www.webdo.tn\/fr\/actualite\/national\/polemique-autour-du-mariage-coutumier-mme-badi-repond-a-ses-detracteurs\/172235\/#primaryimage"},"thumbnailUrl":"https:\/\/www.webdo.tn\/fr\/wp-content\/uploads\/2012\/02\/Sihem-Badi-la-Ministre-de-la-femme-et-de-la-famille-photp-FB-Sihem-Badi.jpg","articleSection":["National"],"inLanguage":"fr-FR"},{"@type":"WebPage","@id":"https:\/\/www.webdo.tn\/fr\/actualite\/national\/polemique-autour-du-mariage-coutumier-mme-badi-repond-a-ses-detracteurs\/172235\/","url":"https:\/\/www.webdo.tn\/fr\/actualite\/national\/polemique-autour-du-mariage-coutumier-mme-badi-repond-a-ses-detracteurs\/172235\/","name":"Pol\u00e9mique autour du mariage coutumier\u00a0: Mme Badi r\u00e9pond \u00e0 ses d\u00e9tracteurs","isPartOf":{"@id":"https:\/\/www.webdo.tn\/fr\/#website"},"primaryImageOfPage":{"@id":"https:\/\/www.webdo.tn\/fr\/actualite\/national\/polemique-autour-du-mariage-coutumier-mme-badi-repond-a-ses-detracteurs\/172235\/#primaryimage"},"image":{"@id":"https:\/\/www.webdo.tn\/fr\/actualite\/national\/polemique-autour-du-mariage-coutumier-mme-badi-repond-a-ses-detracteurs\/172235\/#primaryimage"},"thumbnailUrl":"https:\/\/www.webdo.tn\/fr\/wp-content\/uploads\/2012\/02\/Sihem-Badi-la-Ministre-de-la-femme-et-de-la-famille-photp-FB-Sihem-Badi.jpg","datePublished":"2012-02-06T10:30:00+00:00","dateModified":"2025-06-04T19:00:52+00:00","description":"Pol\u00e9mique autour du mariage coutumier\u00a0: Mme Badi r\u00e9pond \u00e0 ses d\u00e9tracteurs","breadcrumb":{"@id":"https:\/\/www.webdo.tn\/fr\/actualite\/national\/polemique-autour-du-mariage-coutumier-mme-badi-repond-a-ses-detracteurs\/172235\/#breadcrumb"},"inLanguage":"fr-FR","potentialAction":[{"@type":"ReadAction","target":["https:\/\/www.webdo.tn\/fr\/actualite\/national\/polemique-autour-du-mariage-coutumier-mme-badi-repond-a-ses-detracteurs\/172235\/"]}]},{"@type":"ImageObject","inLanguage":"fr-FR","@id":"https:\/\/www.webdo.tn\/fr\/actualite\/national\/polemique-autour-du-mariage-coutumier-mme-badi-repond-a-ses-detracteurs\/172235\/#primaryimage","url":"https:\/\/www.webdo.tn\/fr\/wp-content\/uploads\/2012\/02\/Sihem-Badi-la-Ministre-de-la-femme-et-de-la-famille-photp-FB-Sihem-Badi.jpg","contentUrl":"https:\/\/www.webdo.tn\/fr\/wp-content\/uploads\/2012\/02\/Sihem-Badi-la-Ministre-de-la-femme-et-de-la-famille-photp-FB-Sihem-Badi.jpg","width":237,"height":241,"caption":"Pol\u00e9mique autour du mariage coutumier\u00a0: Mme Badi r\u00e9pond \u00e0 ses d\u00e9tracteurs"},{"@type":"BreadcrumbList","@id":"https:\/\/www.webdo.tn\/fr\/actualite\/national\/polemique-autour-du-mariage-coutumier-mme-badi-repond-a-ses-detracteurs\/172235\/#breadcrumb","itemListElement":[{"@type":"ListItem","position":1,"name":"Accueil","item":"https:\/\/www.webdo.tn\/fr\/"},{"@type":"ListItem","position":2,"name":"Pol\u00e9mique autour du mariage coutumier\u00a0: Mme Badi r\u00e9pond \u00e0 ses d\u00e9tracteurs"}]},{"@type":"WebSite","@id":"https:\/\/www.webdo.tn\/fr\/#website","url":"https:\/\/www.webdo.tn\/fr\/","name":"webdo","description":"Tunisie - News en Tunisie et \u00e0 l&#039;international sur Webdo.tn","publisher":{"@id":"https:\/\/www.webdo.tn\/fr\/#organization"},"potentialAction":[{"@type":"SearchAction","target":{"@type":"EntryPoint","urlTemplate":"https:\/\/www.webdo.tn\/fr\/?s={search_term_string}"},"query-input":{"@type":"PropertyValueSpecification","valueRequired":true,"valueName":"search_term_string"}}],"inLanguage":"fr-FR"},{"@type":"Organization","@id":"https:\/\/www.webdo.tn\/fr\/#organization","name":"Webdo","alternateName":"Webdo.tn","url":"https:\/\/www.webdo.tn\/fr\/","logo":{"@type":"ImageObject","inLanguage":"fr-FR","@id":"https:\/\/www.webdo.tn\/fr\/#\/schema\/logo\/image\/","url":"https:\/\/www.webdo.tn\/fr\/wp-content\/uploads\/2025\/06\/Webdo-Tunisie_168377.jpg","contentUrl":"https:\/\/www.webdo.tn\/fr\/wp-content\/uploads\/2025\/06\/Webdo-Tunisie_168377.jpg","width":301,"height":301,"caption":"Webdo"},"image":{"@id":"https:\/\/www.webdo.tn\/fr\/#\/schema\/logo\/image\/"},"sameAs":["https:\/\/www.facebook.com\/webdotn","https:\/\/x.com\/webdo_tn"],"description":"Webdo est un m\u00e9dia num\u00e9rique tunisien fond\u00e9 en 2010, sp\u00e9cialis\u00e9 dans l\u2019actualit\u00e9 nationale et internationale, l\u2019\u00e9conomie, la soci\u00e9t\u00e9 et les analyses politiques. Le site s\u2019adresse \u00e0 un large public francophone et couvre l\u2019information tunisienne en temps r\u00e9el.","email":"redac@webdo.tn","legalName":"YNJ SARL","foundingDate":"2010-09-06","numberOfEmployees":{"@type":"QuantitativeValue","minValue":"11","maxValue":"50"}},{"@type":"Person","@id":"https:\/\/www.webdo.tn\/fr\/#\/schema\/person\/9a9c6118d687c117df8ef3cc36a4d175","name":"webdo.tn","image":{"@type":"ImageObject","inLanguage":"fr-FR","@id":"https:\/\/secure.gravatar.com\/avatar\/7ce1f28c0c3bbac99ff550b85ef8e44a6950c6ee24514fb6a5489e51d06f0298?s=96&d=mm&r=g","url":"https:\/\/secure.gravatar.com\/avatar\/7ce1f28c0c3bbac99ff550b85ef8e44a6950c6ee24514fb6a5489e51d06f0298?s=96&d=mm&r=g","contentUrl":"https:\/\/secure.gravatar.com\/avatar\/7ce1f28c0c3bbac99ff550b85ef8e44a6950c6ee24514fb6a5489e51d06f0298?s=96&d=mm&r=g","caption":"webdo.tn"},"url":"https:\/\/www.webdo.tn\/fr\/actualite\/author\/webdotn\/"}]}},"_links":{"self":[{"href":"https:\/\/www.webdo.tn\/fr\/wp-json\/wp\/v2\/posts\/172235","targetHints":{"allow":["GET"]}}],"collection":[{"href":"https:\/\/www.webdo.tn\/fr\/wp-json\/wp\/v2\/posts"}],"about":[{"href":"https:\/\/www.webdo.tn\/fr\/wp-json\/wp\/v2\/types\/post"}],"author":[{"embeddable":true,"href":"https:\/\/www.webdo.tn\/fr\/wp-json\/wp\/v2\/users\/3222"}],"replies":[{"embeddable":true,"href":"https:\/\/www.webdo.tn\/fr\/wp-json\/wp\/v2\/comments?post=172235"}],"version-history":[{"count":0,"href":"https:\/\/www.webdo.tn\/fr\/wp-json\/wp\/v2\/posts\/172235\/revisions"}],"wp:featuredmedia":[{"embeddable":true,"href":"https:\/\/www.webdo.tn\/fr\/wp-json\/wp\/v2\/media\/334040"}],"wp:attachment":[{"href":"https:\/\/www.webdo.tn\/fr\/wp-json\/wp\/v2\/media?parent=172235"}],"wp:term":[{"taxonomy":"category","embeddable":true,"href":"https:\/\/www.webdo.tn\/fr\/wp-json\/wp\/v2\/categories?post=172235"},{"taxonomy":"post_tag","embeddable":true,"href":"https:\/\/www.webdo.tn\/fr\/wp-json\/wp\/v2\/tags?post=172235"}],"curies":[{"name":"wp","href":"https:\/\/api.w.org\/{rel}","templated":true}]}}