{"id":172234,"date":"2012-02-06T15:37:00","date_gmt":"2012-02-06T15:37:00","guid":{"rendered":"https:\/\/www.webdo.tn\/fr\/blog\/question-a-jebali-et-si-dieu\/172234\/"},"modified":"2025-06-04T19:00:59","modified_gmt":"2025-06-04T19:00:59","slug":"question-a-jebali-et-si-dieu","status":"publish","type":"post","link":"https:\/\/www.webdo.tn\/fr\/actualite\/national\/question-a-jebali-et-si-dieu\/172234\/","title":{"rendered":"Message \u00e0 Jebali au sujet des Tunisiens au Syrie, \u00ab\u00a0Tuez-les tous, Dieu reconna\u00eetra les siens\u00a0\u00bb !"},"content":{"rendered":"<p>\u00ab Dieu prot\u00e9gera les ressortissants tunisiens en Syrie \u00bb vient de d\u00e9clarer le chef du gouvernement de transition, Hamadi Jebali, ce matin sur les ondes de Shems FM, en r\u00e9ponse \u00e0 la question sur l&rsquo;avenir de nos compatriotes vivant en Syrie. Une question qui a pris une autre dimension suite \u00e0 la d\u00e9cision d\u2019expulser l\u2019ambassadeur syrien en Tunisie.<\/p>\n<p>Avant-hier, samedi 4 f\u00e9vrier 2012, le Pr\u00e9sident provisoire Marzouki avait annonc\u00e9 en \u00ab exclusivit\u00e9 \u00bb sur la page Facebook de la Pr\u00e9sidence tunisienne, la d\u00e9cision de notre gouvernement d&rsquo;expulser l&rsquo;ambassadeur syrien et l&rsquo;abrogation de toute reconnaissance du r\u00e9gime de Bachar Al Assad.<\/p>\n<p>Le lendemain, dimanche 5 f\u00e9vrier 2012, Hamadi Jebali avait appel\u00e9, \u00e0 Munich \u00e0 l&rsquo;occasion de la 48\u00e8me conf\u00e9rence annuelle sur la s\u00e9curit\u00e9, la communaut\u00e9 internationale \u00e0 adopter une position claire vis-\u00e0-vis du r\u00e9gime syrien. Il est m\u00eame all\u00e9 jusqu&rsquo;\u00e0 appeler tous les pays \u00e0 expulser les ambassadeurs syriens et \u00e0 rompre leurs relations avec le r\u00e9gime en place. <\/p>\n<p>Mais Jebali, Marzouki et le gouvernement provisoire ont-ils pens\u00e9 aux retomb\u00e9es d&rsquo;une telle d\u00e9cision sur nos ressortissants, en Syrie, qui sont estim\u00e9s \u00e0 3000 Tunisiens, un chiffre sujet \u00e0 controverse et peut \u00eatre revu \u00e0 la hausse ? Non, ils ont eu droit comme r\u00e9ponse \u00e0 leur s\u00e9curit\u00e9 \u00ab Dieu les prot\u00e9gera \u00bb, car, pour le moment, aucun vrai plan d\u2019\u00e9vacuation n&rsquo; a \u00e9t\u00e9 \u00e9voqu\u00e9 !<\/p>\n<p>Quant \u00e0 la d\u00e9cision d\u2019expulser l\u2019ambassadeur syrien en Tunisie, plusieurs partis ainsi que l&rsquo;UGTT l&rsquo;ont critiqu\u00e9e et consid\u00e9r\u00e9e comme h\u00e2tive. Ce magma diplomatique, qui mettra nos compatriotes en p\u00e9ril, s\u2019av\u00e8re \u00eatre un geste plut\u00f4t symbolique. En effet, l&rsquo;ambassadeur syrien aurait quitt\u00e9 la Tunisie d\u00e9but 2011, comme il vient d\u2019\u00eatre annonc\u00e9 par l&rsquo;ex-diplomate tunisien Taoufik Ouannes, sur les ondes de Mosaique Fm.<\/p>\n<p>N.B : Ce titre nous a \u00e9t\u00e9 propos\u00e9 par notre lecteur Mohamed Sadok Lejri. Le titre pr\u00e9c\u00e9dant \u00e9tait \u00ab Question \u00e0 Jebali : \u201cEt si Dieu\u2026?\u201d \u00bb<\/p>\n","protected":false},"excerpt":{"rendered":"<p>Message \u00e0 Jebali au sujet des Tunisiens au Syrie,  Tuez-les tous, Dieu reconna\u00eetra les siens  !<\/p>\n","protected":false},"author":3222,"featured_media":333780,"comment_status":"open","ping_status":"closed","sticky":false,"template":"","format":"standard","meta":{"footnotes":""},"categories":[44],"tags":[],"class_list":["post-172234","post","type-post","status-publish","format-standard","has-post-thumbnail","hentry","category-national"],"yoast_head":"<!-- This site is optimized with the Yoast SEO Premium plugin v27.5 (Yoast SEO v27.5) - https:\/\/yoast.com\/product\/yoast-seo-premium-wordpress\/ -->\n<title>Message \u00e0 Jebali au sujet des Tunisiens au Syrie, Tuez-les tous, Dieu reconna\u00eetra les siens !<\/title>\n<meta name=\"description\" content=\"Message \u00e0 Jebali au sujet des Tunisiens au Syrie, Tuez-les tous, Dieu reconna\u00eetra les siens !\" \/>\n<link rel=\"canonical\" href=\"https:\/\/www.webdo.tn\/fr\/actualite\/national\/question-a-jebali-et-si-dieu\/172234\/\" \/>\n<meta property=\"og:locale\" content=\"fr_FR\" \/>\n<meta property=\"og:type\" content=\"article\" \/>\n<meta property=\"og:title\" content=\"Message \u00e0 Jebali au sujet des Tunisiens au Syrie, &quot;Tuez-les tous, Dieu reconna\u00eetra les siens&quot; !\" \/>\n<meta property=\"og:description\" content=\"Message \u00e0 Jebali au sujet des Tunisiens au Syrie, Tuez-les tous, Dieu reconna\u00eetra les siens !\" \/>\n<meta property=\"og:url\" content=\"https:\/\/www.webdo.tn\/fr\/actualite\/national\/question-a-jebali-et-si-dieu\/172234\/\" \/>\n<meta property=\"og:site_name\" content=\"webdo\" \/>\n<meta property=\"article:publisher\" content=\"https:\/\/www.facebook.com\/webdotn\" \/>\n<meta property=\"article:published_time\" content=\"2012-02-06T15:37:00+00:00\" \/>\n<meta property=\"article:modified_time\" content=\"2025-06-04T19:00:59+00:00\" \/>\n<meta property=\"og:image\" content=\"https:\/\/www.webdo.tn\/fr\/wp-content\/uploads\/2012\/02\/jebali1-1.jpg\" \/>\n\t<meta property=\"og:image:width\" content=\"220\" \/>\n\t<meta property=\"og:image:height\" content=\"187\" \/>\n\t<meta property=\"og:image:type\" content=\"image\/jpeg\" \/>\n<meta name=\"author\" content=\"webdo.tn\" \/>\n<meta name=\"twitter:card\" content=\"summary_large_image\" \/>\n<meta name=\"twitter:creator\" content=\"@webdo_tn\" \/>\n<meta name=\"twitter:site\" content=\"@webdo_tn\" \/>\n<meta name=\"twitter:label1\" content=\"\u00c9crit par\" \/>\n\t<meta name=\"twitter:data1\" content=\"webdo.tn\" \/>\n\t<meta name=\"twitter:label2\" content=\"Dur\u00e9e de lecture estim\u00e9e\" \/>\n\t<meta name=\"twitter:data2\" content=\"2 minutes\" \/>\n<script type=\"application\/ld+json\" class=\"yoast-schema-graph\">{\"@context\":\"https:\\\/\\\/schema.org\",\"@graph\":[{\"@type\":\"NewsArticle\",\"@id\":\"https:\\\/\\\/www.webdo.tn\\\/fr\\\/actualite\\\/national\\\/question-a-jebali-et-si-dieu\\\/172234\\\/#article\",\"isPartOf\":{\"@id\":\"https:\\\/\\\/www.webdo.tn\\\/fr\\\/actualite\\\/national\\\/question-a-jebali-et-si-dieu\\\/172234\\\/\"},\"author\":{\"name\":\"webdo.tn\",\"@id\":\"https:\\\/\\\/www.webdo.tn\\\/fr\\\/#\\\/schema\\\/person\\\/9a9c6118d687c117df8ef3cc36a4d175\"},\"headline\":\"Message \u00e0 Jebali au sujet des Tunisiens au Syrie, \u00ab\u00a0Tuez-les tous, Dieu reconna\u00eetra les siens\u00a0\u00bb !\",\"datePublished\":\"2012-02-06T15:37:00+00:00\",\"dateModified\":\"2025-06-04T19:00:59+00:00\",\"mainEntityOfPage\":{\"@id\":\"https:\\\/\\\/www.webdo.tn\\\/fr\\\/actualite\\\/national\\\/question-a-jebali-et-si-dieu\\\/172234\\\/\"},\"wordCount\":347,\"commentCount\":0,\"publisher\":{\"@id\":\"https:\\\/\\\/www.webdo.tn\\\/fr\\\/#organization\"},\"image\":{\"@id\":\"https:\\\/\\\/www.webdo.tn\\\/fr\\\/actualite\\\/national\\\/question-a-jebali-et-si-dieu\\\/172234\\\/#primaryimage\"},\"thumbnailUrl\":\"https:\\\/\\\/www.webdo.tn\\\/fr\\\/wp-content\\\/uploads\\\/2012\\\/02\\\/jebali1-1.jpg\",\"articleSection\":[\"National\"],\"inLanguage\":\"fr-FR\"},{\"@type\":\"WebPage\",\"@id\":\"https:\\\/\\\/www.webdo.tn\\\/fr\\\/actualite\\\/national\\\/question-a-jebali-et-si-dieu\\\/172234\\\/\",\"url\":\"https:\\\/\\\/www.webdo.tn\\\/fr\\\/actualite\\\/national\\\/question-a-jebali-et-si-dieu\\\/172234\\\/\",\"name\":\"Message \u00e0 Jebali au sujet des Tunisiens au Syrie, Tuez-les tous, Dieu reconna\u00eetra les siens !\",\"isPartOf\":{\"@id\":\"https:\\\/\\\/www.webdo.tn\\\/fr\\\/#website\"},\"primaryImageOfPage\":{\"@id\":\"https:\\\/\\\/www.webdo.tn\\\/fr\\\/actualite\\\/national\\\/question-a-jebali-et-si-dieu\\\/172234\\\/#primaryimage\"},\"image\":{\"@id\":\"https:\\\/\\\/www.webdo.tn\\\/fr\\\/actualite\\\/national\\\/question-a-jebali-et-si-dieu\\\/172234\\\/#primaryimage\"},\"thumbnailUrl\":\"https:\\\/\\\/www.webdo.tn\\\/fr\\\/wp-content\\\/uploads\\\/2012\\\/02\\\/jebali1-1.jpg\",\"datePublished\":\"2012-02-06T15:37:00+00:00\",\"dateModified\":\"2025-06-04T19:00:59+00:00\",\"description\":\"Message \u00e0 Jebali au sujet des Tunisiens au Syrie, Tuez-les tous, Dieu reconna\u00eetra les siens !\",\"breadcrumb\":{\"@id\":\"https:\\\/\\\/www.webdo.tn\\\/fr\\\/actualite\\\/national\\\/question-a-jebali-et-si-dieu\\\/172234\\\/#breadcrumb\"},\"inLanguage\":\"fr-FR\",\"potentialAction\":[{\"@type\":\"ReadAction\",\"target\":[\"https:\\\/\\\/www.webdo.tn\\\/fr\\\/actualite\\\/national\\\/question-a-jebali-et-si-dieu\\\/172234\\\/\"]}]},{\"@type\":\"ImageObject\",\"inLanguage\":\"fr-FR\",\"@id\":\"https:\\\/\\\/www.webdo.tn\\\/fr\\\/actualite\\\/national\\\/question-a-jebali-et-si-dieu\\\/172234\\\/#primaryimage\",\"url\":\"https:\\\/\\\/www.webdo.tn\\\/fr\\\/wp-content\\\/uploads\\\/2012\\\/02\\\/jebali1-1.jpg\",\"contentUrl\":\"https:\\\/\\\/www.webdo.tn\\\/fr\\\/wp-content\\\/uploads\\\/2012\\\/02\\\/jebali1-1.jpg\",\"width\":220,\"height\":187,\"caption\":\"Message \u00e0 Jebali au sujet des Tunisiens au Syrie, \\\"Tuez-les tous, Dieu reconna\u00eetra les siens\\\" !\"},{\"@type\":\"BreadcrumbList\",\"@id\":\"https:\\\/\\\/www.webdo.tn\\\/fr\\\/actualite\\\/national\\\/question-a-jebali-et-si-dieu\\\/172234\\\/#breadcrumb\",\"itemListElement\":[{\"@type\":\"ListItem\",\"position\":1,\"name\":\"Accueil\",\"item\":\"https:\\\/\\\/www.webdo.tn\\\/fr\\\/\"},{\"@type\":\"ListItem\",\"position\":2,\"name\":\"Message \u00e0 Jebali au sujet des Tunisiens au Syrie, \u00ab\u00a0Tuez-les tous, Dieu reconna\u00eetra les siens\u00a0\u00bb !\"}]},{\"@type\":\"WebSite\",\"@id\":\"https:\\\/\\\/www.webdo.tn\\\/fr\\\/#website\",\"url\":\"https:\\\/\\\/www.webdo.tn\\\/fr\\\/\",\"name\":\"webdo\",\"description\":\"Tunisie - News en Tunisie et \u00e0 l&#039;international sur Webdo.tn\",\"publisher\":{\"@id\":\"https:\\\/\\\/www.webdo.tn\\\/fr\\\/#organization\"},\"potentialAction\":[{\"@type\":\"SearchAction\",\"target\":{\"@type\":\"EntryPoint\",\"urlTemplate\":\"https:\\\/\\\/www.webdo.tn\\\/fr\\\/?s={search_term_string}\"},\"query-input\":{\"@type\":\"PropertyValueSpecification\",\"valueRequired\":true,\"valueName\":\"search_term_string\"}}],\"inLanguage\":\"fr-FR\"},{\"@type\":\"Organization\",\"@id\":\"https:\\\/\\\/www.webdo.tn\\\/fr\\\/#organization\",\"name\":\"Webdo\",\"alternateName\":\"Webdo.tn\",\"url\":\"https:\\\/\\\/www.webdo.tn\\\/fr\\\/\",\"logo\":{\"@type\":\"ImageObject\",\"inLanguage\":\"fr-FR\",\"@id\":\"https:\\\/\\\/www.webdo.tn\\\/fr\\\/#\\\/schema\\\/logo\\\/image\\\/\",\"url\":\"https:\\\/\\\/www.webdo.tn\\\/fr\\\/wp-content\\\/uploads\\\/2025\\\/06\\\/Webdo-Tunisie_168377.jpg\",\"contentUrl\":\"https:\\\/\\\/www.webdo.tn\\\/fr\\\/wp-content\\\/uploads\\\/2025\\\/06\\\/Webdo-Tunisie_168377.jpg\",\"width\":301,\"height\":301,\"caption\":\"Webdo\"},\"image\":{\"@id\":\"https:\\\/\\\/www.webdo.tn\\\/fr\\\/#\\\/schema\\\/logo\\\/image\\\/\"},\"sameAs\":[\"https:\\\/\\\/www.facebook.com\\\/webdotn\",\"https:\\\/\\\/x.com\\\/webdo_tn\"],\"description\":\"Webdo est un m\u00e9dia num\u00e9rique tunisien fond\u00e9 en 2010, sp\u00e9cialis\u00e9 dans l\u2019actualit\u00e9 nationale et internationale, l\u2019\u00e9conomie, la soci\u00e9t\u00e9 et les analyses politiques. Le site s\u2019adresse \u00e0 un large public francophone et couvre l\u2019information tunisienne en temps r\u00e9el.\",\"email\":\"redac@webdo.tn\",\"legalName\":\"YNJ SARL\",\"foundingDate\":\"2010-09-06\",\"numberOfEmployees\":{\"@type\":\"QuantitativeValue\",\"minValue\":\"11\",\"maxValue\":\"50\"}},{\"@type\":\"Person\",\"@id\":\"https:\\\/\\\/www.webdo.tn\\\/fr\\\/#\\\/schema\\\/person\\\/9a9c6118d687c117df8ef3cc36a4d175\",\"name\":\"webdo.tn\",\"image\":{\"@type\":\"ImageObject\",\"inLanguage\":\"fr-FR\",\"@id\":\"https:\\\/\\\/secure.gravatar.com\\\/avatar\\\/7ce1f28c0c3bbac99ff550b85ef8e44a6950c6ee24514fb6a5489e51d06f0298?s=96&d=mm&r=g\",\"url\":\"https:\\\/\\\/secure.gravatar.com\\\/avatar\\\/7ce1f28c0c3bbac99ff550b85ef8e44a6950c6ee24514fb6a5489e51d06f0298?s=96&d=mm&r=g\",\"contentUrl\":\"https:\\\/\\\/secure.gravatar.com\\\/avatar\\\/7ce1f28c0c3bbac99ff550b85ef8e44a6950c6ee24514fb6a5489e51d06f0298?s=96&d=mm&r=g\",\"caption\":\"webdo.tn\"},\"url\":\"https:\\\/\\\/www.webdo.tn\\\/fr\\\/actualite\\\/author\\\/webdotn\\\/\"}]}<\/script>\n<!-- \/ Yoast SEO Premium plugin. -->","yoast_head_json":{"title":"Message \u00e0 Jebali au sujet des Tunisiens au Syrie, Tuez-les tous, Dieu reconna\u00eetra les siens !","description":"Message \u00e0 Jebali au sujet des Tunisiens au Syrie, Tuez-les tous, Dieu reconna\u00eetra les siens !","canonical":"https:\/\/www.webdo.tn\/fr\/actualite\/national\/question-a-jebali-et-si-dieu\/172234\/","og_locale":"fr_FR","og_type":"article","og_title":"Message \u00e0 Jebali au sujet des Tunisiens au Syrie, \"Tuez-les tous, Dieu reconna\u00eetra les siens\" !","og_description":"Message \u00e0 Jebali au sujet des Tunisiens au Syrie, Tuez-les tous, Dieu reconna\u00eetra les siens !","og_url":"https:\/\/www.webdo.tn\/fr\/actualite\/national\/question-a-jebali-et-si-dieu\/172234\/","og_site_name":"webdo","article_publisher":"https:\/\/www.facebook.com\/webdotn","article_published_time":"2012-02-06T15:37:00+00:00","article_modified_time":"2025-06-04T19:00:59+00:00","og_image":[{"width":220,"height":187,"url":"https:\/\/www.webdo.tn\/fr\/wp-content\/uploads\/2012\/02\/jebali1-1.jpg","type":"image\/jpeg"}],"author":"webdo.tn","twitter_card":"summary_large_image","twitter_creator":"@webdo_tn","twitter_site":"@webdo_tn","twitter_misc":{"\u00c9crit par":"webdo.tn","Dur\u00e9e de lecture estim\u00e9e":"2 minutes"},"schema":{"@context":"https:\/\/schema.org","@graph":[{"@type":"NewsArticle","@id":"https:\/\/www.webdo.tn\/fr\/actualite\/national\/question-a-jebali-et-si-dieu\/172234\/#article","isPartOf":{"@id":"https:\/\/www.webdo.tn\/fr\/actualite\/national\/question-a-jebali-et-si-dieu\/172234\/"},"author":{"name":"webdo.tn","@id":"https:\/\/www.webdo.tn\/fr\/#\/schema\/person\/9a9c6118d687c117df8ef3cc36a4d175"},"headline":"Message \u00e0 Jebali au sujet des Tunisiens au Syrie, \u00ab\u00a0Tuez-les tous, Dieu reconna\u00eetra les siens\u00a0\u00bb !","datePublished":"2012-02-06T15:37:00+00:00","dateModified":"2025-06-04T19:00:59+00:00","mainEntityOfPage":{"@id":"https:\/\/www.webdo.tn\/fr\/actualite\/national\/question-a-jebali-et-si-dieu\/172234\/"},"wordCount":347,"commentCount":0,"publisher":{"@id":"https:\/\/www.webdo.tn\/fr\/#organization"},"image":{"@id":"https:\/\/www.webdo.tn\/fr\/actualite\/national\/question-a-jebali-et-si-dieu\/172234\/#primaryimage"},"thumbnailUrl":"https:\/\/www.webdo.tn\/fr\/wp-content\/uploads\/2012\/02\/jebali1-1.jpg","articleSection":["National"],"inLanguage":"fr-FR"},{"@type":"WebPage","@id":"https:\/\/www.webdo.tn\/fr\/actualite\/national\/question-a-jebali-et-si-dieu\/172234\/","url":"https:\/\/www.webdo.tn\/fr\/actualite\/national\/question-a-jebali-et-si-dieu\/172234\/","name":"Message \u00e0 Jebali au sujet des Tunisiens au Syrie, Tuez-les tous, Dieu reconna\u00eetra les siens !","isPartOf":{"@id":"https:\/\/www.webdo.tn\/fr\/#website"},"primaryImageOfPage":{"@id":"https:\/\/www.webdo.tn\/fr\/actualite\/national\/question-a-jebali-et-si-dieu\/172234\/#primaryimage"},"image":{"@id":"https:\/\/www.webdo.tn\/fr\/actualite\/national\/question-a-jebali-et-si-dieu\/172234\/#primaryimage"},"thumbnailUrl":"https:\/\/www.webdo.tn\/fr\/wp-content\/uploads\/2012\/02\/jebali1-1.jpg","datePublished":"2012-02-06T15:37:00+00:00","dateModified":"2025-06-04T19:00:59+00:00","description":"Message \u00e0 Jebali au sujet des Tunisiens au Syrie, Tuez-les tous, Dieu reconna\u00eetra les siens !","breadcrumb":{"@id":"https:\/\/www.webdo.tn\/fr\/actualite\/national\/question-a-jebali-et-si-dieu\/172234\/#breadcrumb"},"inLanguage":"fr-FR","potentialAction":[{"@type":"ReadAction","target":["https:\/\/www.webdo.tn\/fr\/actualite\/national\/question-a-jebali-et-si-dieu\/172234\/"]}]},{"@type":"ImageObject","inLanguage":"fr-FR","@id":"https:\/\/www.webdo.tn\/fr\/actualite\/national\/question-a-jebali-et-si-dieu\/172234\/#primaryimage","url":"https:\/\/www.webdo.tn\/fr\/wp-content\/uploads\/2012\/02\/jebali1-1.jpg","contentUrl":"https:\/\/www.webdo.tn\/fr\/wp-content\/uploads\/2012\/02\/jebali1-1.jpg","width":220,"height":187,"caption":"Message \u00e0 Jebali au sujet des Tunisiens au Syrie, \"Tuez-les tous, Dieu reconna\u00eetra les siens\" !"},{"@type":"BreadcrumbList","@id":"https:\/\/www.webdo.tn\/fr\/actualite\/national\/question-a-jebali-et-si-dieu\/172234\/#breadcrumb","itemListElement":[{"@type":"ListItem","position":1,"name":"Accueil","item":"https:\/\/www.webdo.tn\/fr\/"},{"@type":"ListItem","position":2,"name":"Message \u00e0 Jebali au sujet des Tunisiens au Syrie, \u00ab\u00a0Tuez-les tous, Dieu reconna\u00eetra les siens\u00a0\u00bb !"}]},{"@type":"WebSite","@id":"https:\/\/www.webdo.tn\/fr\/#website","url":"https:\/\/www.webdo.tn\/fr\/","name":"webdo","description":"Tunisie - News en Tunisie et \u00e0 l&#039;international sur Webdo.tn","publisher":{"@id":"https:\/\/www.webdo.tn\/fr\/#organization"},"potentialAction":[{"@type":"SearchAction","target":{"@type":"EntryPoint","urlTemplate":"https:\/\/www.webdo.tn\/fr\/?s={search_term_string}"},"query-input":{"@type":"PropertyValueSpecification","valueRequired":true,"valueName":"search_term_string"}}],"inLanguage":"fr-FR"},{"@type":"Organization","@id":"https:\/\/www.webdo.tn\/fr\/#organization","name":"Webdo","alternateName":"Webdo.tn","url":"https:\/\/www.webdo.tn\/fr\/","logo":{"@type":"ImageObject","inLanguage":"fr-FR","@id":"https:\/\/www.webdo.tn\/fr\/#\/schema\/logo\/image\/","url":"https:\/\/www.webdo.tn\/fr\/wp-content\/uploads\/2025\/06\/Webdo-Tunisie_168377.jpg","contentUrl":"https:\/\/www.webdo.tn\/fr\/wp-content\/uploads\/2025\/06\/Webdo-Tunisie_168377.jpg","width":301,"height":301,"caption":"Webdo"},"image":{"@id":"https:\/\/www.webdo.tn\/fr\/#\/schema\/logo\/image\/"},"sameAs":["https:\/\/www.facebook.com\/webdotn","https:\/\/x.com\/webdo_tn"],"description":"Webdo est un m\u00e9dia num\u00e9rique tunisien fond\u00e9 en 2010, sp\u00e9cialis\u00e9 dans l\u2019actualit\u00e9 nationale et internationale, l\u2019\u00e9conomie, la soci\u00e9t\u00e9 et les analyses politiques. Le site s\u2019adresse \u00e0 un large public francophone et couvre l\u2019information tunisienne en temps r\u00e9el.","email":"redac@webdo.tn","legalName":"YNJ SARL","foundingDate":"2010-09-06","numberOfEmployees":{"@type":"QuantitativeValue","minValue":"11","maxValue":"50"}},{"@type":"Person","@id":"https:\/\/www.webdo.tn\/fr\/#\/schema\/person\/9a9c6118d687c117df8ef3cc36a4d175","name":"webdo.tn","image":{"@type":"ImageObject","inLanguage":"fr-FR","@id":"https:\/\/secure.gravatar.com\/avatar\/7ce1f28c0c3bbac99ff550b85ef8e44a6950c6ee24514fb6a5489e51d06f0298?s=96&d=mm&r=g","url":"https:\/\/secure.gravatar.com\/avatar\/7ce1f28c0c3bbac99ff550b85ef8e44a6950c6ee24514fb6a5489e51d06f0298?s=96&d=mm&r=g","contentUrl":"https:\/\/secure.gravatar.com\/avatar\/7ce1f28c0c3bbac99ff550b85ef8e44a6950c6ee24514fb6a5489e51d06f0298?s=96&d=mm&r=g","caption":"webdo.tn"},"url":"https:\/\/www.webdo.tn\/fr\/actualite\/author\/webdotn\/"}]}},"_links":{"self":[{"href":"https:\/\/www.webdo.tn\/fr\/wp-json\/wp\/v2\/posts\/172234","targetHints":{"allow":["GET"]}}],"collection":[{"href":"https:\/\/www.webdo.tn\/fr\/wp-json\/wp\/v2\/posts"}],"about":[{"href":"https:\/\/www.webdo.tn\/fr\/wp-json\/wp\/v2\/types\/post"}],"author":[{"embeddable":true,"href":"https:\/\/www.webdo.tn\/fr\/wp-json\/wp\/v2\/users\/3222"}],"replies":[{"embeddable":true,"href":"https:\/\/www.webdo.tn\/fr\/wp-json\/wp\/v2\/comments?post=172234"}],"version-history":[{"count":0,"href":"https:\/\/www.webdo.tn\/fr\/wp-json\/wp\/v2\/posts\/172234\/revisions"}],"wp:featuredmedia":[{"embeddable":true,"href":"https:\/\/www.webdo.tn\/fr\/wp-json\/wp\/v2\/media\/333780"}],"wp:attachment":[{"href":"https:\/\/www.webdo.tn\/fr\/wp-json\/wp\/v2\/media?parent=172234"}],"wp:term":[{"taxonomy":"category","embeddable":true,"href":"https:\/\/www.webdo.tn\/fr\/wp-json\/wp\/v2\/categories?post=172234"},{"taxonomy":"post_tag","embeddable":true,"href":"https:\/\/www.webdo.tn\/fr\/wp-json\/wp\/v2\/tags?post=172234"}],"curies":[{"name":"wp","href":"https:\/\/api.w.org\/{rel}","templated":true}]}}