{"id":172233,"date":"2012-02-06T16:49:00","date_gmt":"2012-02-06T16:49:00","guid":{"rendered":"https:\/\/www.webdo.tn\/fr\/blog\/rupture-des-relations-avec-damas-piste-bir-ali-ben-khlifa-ou-agenda-exterieur\/172233\/"},"modified":"2025-06-04T19:01:04","modified_gmt":"2025-06-04T19:01:04","slug":"rupture-des-relations-avec-damas-piste-bir-ali-ben-khlifa-ou-agenda-exterieur","status":"publish","type":"post","link":"https:\/\/www.webdo.tn\/fr\/actualite\/national\/rupture-des-relations-avec-damas-piste-bir-ali-ben-khlifa-ou-agenda-exterieur\/172233\/","title":{"rendered":"Opinion &#8211; Rupture des relations avec Damas : piste Bir Ali Ben Khlifa ou agenda ext\u00e9rieur ?"},"content":{"rendered":"<p>Apparemment rien ne prouve l\u2019existence d\u2019une relation entre la fusillade de Bir Ali Ben Khlifa et la rupture des relations diplomatiques avec la Syrie. Seulement voil\u00e0 que dans un article publi\u00e9 par le Maghreb dans sa livraison du 3 f\u00e9vrier, il a \u00e9t\u00e9 fait savoir d\u2019apr\u00e8s des sources non sp\u00e9cifi\u00e9es que les agresseurs s\u2019appr\u00eataient \u00e0 faire exploser l\u2019ambassade de Syrie en Tunisie. Le 4 f\u00e9vrier 2012, l\u2019annonce de la d\u00e9cision pr\u00e9sidentielle et gouvernementale d\u2019expulser l\u2019ambassadeur de Syrie et de rompre les relations avec le r\u00e9gime du pays \u00e0 cause des violences perp\u00e9tr\u00e9es contre son peuple a pris de court les observateurs.<\/p>\n<p>La soudainet\u00e9 de la d\u00e9cision au m\u00e9pris de la r\u00e8gle de la gradualit\u00e9 qui sous-tend les relations diplomatiques en p\u00e9riode de crise et de tension et sa singularit\u00e9 confirment l\u2019existence d\u2019une raison grave et s\u00e9rieuse en dehors de l\u2019expos\u00e9 officiel des motifs. Il ne peut pas s\u2019agir, comme indiqu\u00e9 dans le communiqu\u00e9, des r\u00e9cents bombardements qui ont fait pr\u00e8s de 200 martyrs dans la ville de Homs car, si c\u2019\u00e9tait le cas, une condamnation \u00e9nergique et un avertissement ferme auraient suffi \u00e0 faire conna\u00eetre la position de la Tunisie. Il ne peut pas s\u2019agir non plus d\u2019une d\u00e9cision qui a bien m\u00fbri dans les coulisses du s\u00e9rail, car rien ne le pr\u00e9sageait.<\/p>\n<p>Et s&rsquo;ajoute \u00e0 cela que l&rsquo;ambassadeur syrien aurait quitt\u00e9 la Tunisie d\u00e9but 2011, comme il vient d\u2019\u00eatre annonc\u00e9 par l&rsquo;ex-diplomate tunisien Taoufik Ouannes, sur les ondes de Mosa\u00efque Fm.<\/p>\n<p>Et donc, il ne peut s\u2019agir que d\u2019une prise de position qui s\u2019est exprim\u00e9e tout d\u2019un coup suite \u00e0 des \u00e9v\u00e9nements en rapport avec des choix et la situation dans le pays.<\/p>\n<p>Le veto sino-russe qui a emp\u00each\u00e9 la mise en vigueur d\u2019une r\u00e9solution punitive peut expliquer que la d\u00e9cision du gouvernement a \u00e9t\u00e9 dict\u00e9e de l\u2019\u00e9tranger pour isoler Damas et apporter ainsi un appui \u00e0 la politique am\u00e9ricaine dans la r\u00e9gion moyen-orientale. L\u2019intervention qatarie pourrait avoir favoris\u00e9 cette d\u00e9cision.<\/p>\n<p>N\u00e9anmoins, cette explication, partag\u00e9e par tous ceux qui ont critiqu\u00e9 la d\u00e9cision et la fa\u00e7on avec laquelle elle a \u00e9t\u00e9 prise, n\u2019exclut pas la piste Bir Ali Ben Khlifa si l\u2019on s\u2019en tient aux premi\u00e8res r\u00e9v\u00e9lations de l\u2019enqu\u00eate en cours. Les kamikazes, qui n\u2019ont pu aller jusqu\u2019au bout gr\u00e2ce \u00e0 la vigilance d\u2019un citoyen et la promptitude de la r\u00e9action des forces de s\u00e9curit\u00e9 et de l\u2019arm\u00e9e, se pr\u00e9paraient \u00e0 attaquer l\u2019ambassade de Syrie suite aux tueries commises dans plusieurs villes de la Syrie. La fermeture de l\u2019ambassade s\u2019est donc impos\u00e9e, car rien ne garantit qu\u2019on est \u00e0 l\u2019abri du danger, et ce, \u00e0 c\u00f4t\u00e9 d\u2019autres mesures versant dans le m\u00eame esprit et s\u2019inscrivant dans le sillage de la politique de l\u2019Etat \u00e0 savoir : l\u2019expulsion de \u00ab l\u2019ambassadeur \u00bb de Syrie et la rupture des relations avec Damas. Ces deux derni\u00e8res mesures peuvent satisfaire les alli\u00e9s de la Tunisie dans les pays du Golfe et en Occident et, par ricochet, peuvent aboutir, \u00e0 calmer les esprits du c\u00f4t\u00e9 de la mouvance jihadiste pour qui le r\u00e9gime de Bachar est un rempart de la m\u00e9cr\u00e9ance.<\/p>\n","protected":false},"excerpt":{"rendered":"<p>Opinion &#8211; Rupture des relations avec Damas : piste Bir Ali Ben Khlifa ou agenda ext\u00e9rieur ? <\/p>\n","protected":false},"author":3222,"featured_media":333782,"comment_status":"open","ping_status":"closed","sticky":false,"template":"","format":"standard","meta":{"footnotes":""},"categories":[44],"tags":[],"class_list":["post-172233","post","type-post","status-publish","format-standard","has-post-thumbnail","hentry","category-national"],"yoast_head":"<!-- This site is optimized with the Yoast SEO Premium plugin v27.5 (Yoast SEO v27.5) - https:\/\/yoast.com\/product\/yoast-seo-premium-wordpress\/ -->\n<title>Opinion - Rupture des relations avec Damas : piste Bir Ali Ben Khlifa ou agenda ext\u00e9rieur ?<\/title>\n<meta name=\"description\" content=\"Opinion - Rupture des relations avec Damas : piste Bir Ali Ben Khlifa ou agenda ext\u00e9rieur ?\" \/>\n<link rel=\"canonical\" href=\"https:\/\/www.webdo.tn\/fr\/actualite\/national\/rupture-des-relations-avec-damas-piste-bir-ali-ben-khlifa-ou-agenda-exterieur\/172233\/\" \/>\n<meta property=\"og:locale\" content=\"fr_FR\" \/>\n<meta property=\"og:type\" content=\"article\" \/>\n<meta property=\"og:title\" content=\"Opinion - Rupture des relations avec Damas : piste Bir Ali Ben Khlifa ou agenda ext\u00e9rieur ?\" \/>\n<meta property=\"og:description\" content=\"Opinion - Rupture des relations avec Damas : piste Bir Ali Ben Khlifa ou agenda ext\u00e9rieur ?\" \/>\n<meta property=\"og:url\" content=\"https:\/\/www.webdo.tn\/fr\/actualite\/national\/rupture-des-relations-avec-damas-piste-bir-ali-ben-khlifa-ou-agenda-exterieur\/172233\/\" \/>\n<meta property=\"og:site_name\" content=\"webdo\" \/>\n<meta property=\"article:publisher\" content=\"https:\/\/www.facebook.com\/webdotn\" \/>\n<meta property=\"article:published_time\" content=\"2012-02-06T16:49:00+00:00\" \/>\n<meta property=\"article:modified_time\" content=\"2025-06-04T19:01:04+00:00\" \/>\n<meta property=\"og:image\" content=\"https:\/\/www.webdo.tn\/fr\/wp-content\/uploads\/2012\/02\/Tunisia-Syria-photo-crossed-flag-pins.com_.jpg\" \/>\n\t<meta property=\"og:image:width\" content=\"240\" \/>\n\t<meta property=\"og:image:height\" content=\"192\" \/>\n\t<meta property=\"og:image:type\" content=\"image\/jpeg\" \/>\n<meta name=\"author\" content=\"webdo.tn\" \/>\n<meta name=\"twitter:card\" content=\"summary_large_image\" \/>\n<meta name=\"twitter:creator\" content=\"@webdo_tn\" \/>\n<meta name=\"twitter:site\" content=\"@webdo_tn\" \/>\n<meta name=\"twitter:label1\" content=\"\u00c9crit par\" \/>\n\t<meta name=\"twitter:data1\" content=\"webdo.tn\" \/>\n\t<meta name=\"twitter:label2\" content=\"Dur\u00e9e de lecture estim\u00e9e\" \/>\n\t<meta name=\"twitter:data2\" content=\"3 minutes\" \/>\n<script type=\"application\/ld+json\" class=\"yoast-schema-graph\">{\"@context\":\"https:\\\/\\\/schema.org\",\"@graph\":[{\"@type\":\"NewsArticle\",\"@id\":\"https:\\\/\\\/www.webdo.tn\\\/fr\\\/actualite\\\/national\\\/rupture-des-relations-avec-damas-piste-bir-ali-ben-khlifa-ou-agenda-exterieur\\\/172233\\\/#article\",\"isPartOf\":{\"@id\":\"https:\\\/\\\/www.webdo.tn\\\/fr\\\/actualite\\\/national\\\/rupture-des-relations-avec-damas-piste-bir-ali-ben-khlifa-ou-agenda-exterieur\\\/172233\\\/\"},\"author\":{\"name\":\"webdo.tn\",\"@id\":\"https:\\\/\\\/www.webdo.tn\\\/fr\\\/#\\\/schema\\\/person\\\/9a9c6118d687c117df8ef3cc36a4d175\"},\"headline\":\"Opinion &#8211; Rupture des relations avec Damas : piste Bir Ali Ben Khlifa ou agenda ext\u00e9rieur ?\",\"datePublished\":\"2012-02-06T16:49:00+00:00\",\"dateModified\":\"2025-06-04T19:01:04+00:00\",\"mainEntityOfPage\":{\"@id\":\"https:\\\/\\\/www.webdo.tn\\\/fr\\\/actualite\\\/national\\\/rupture-des-relations-avec-damas-piste-bir-ali-ben-khlifa-ou-agenda-exterieur\\\/172233\\\/\"},\"wordCount\":603,\"commentCount\":0,\"publisher\":{\"@id\":\"https:\\\/\\\/www.webdo.tn\\\/fr\\\/#organization\"},\"image\":{\"@id\":\"https:\\\/\\\/www.webdo.tn\\\/fr\\\/actualite\\\/national\\\/rupture-des-relations-avec-damas-piste-bir-ali-ben-khlifa-ou-agenda-exterieur\\\/172233\\\/#primaryimage\"},\"thumbnailUrl\":\"https:\\\/\\\/www.webdo.tn\\\/fr\\\/wp-content\\\/uploads\\\/2012\\\/02\\\/Tunisia-Syria-photo-crossed-flag-pins.com_.jpg\",\"articleSection\":[\"National\"],\"inLanguage\":\"fr-FR\"},{\"@type\":\"WebPage\",\"@id\":\"https:\\\/\\\/www.webdo.tn\\\/fr\\\/actualite\\\/national\\\/rupture-des-relations-avec-damas-piste-bir-ali-ben-khlifa-ou-agenda-exterieur\\\/172233\\\/\",\"url\":\"https:\\\/\\\/www.webdo.tn\\\/fr\\\/actualite\\\/national\\\/rupture-des-relations-avec-damas-piste-bir-ali-ben-khlifa-ou-agenda-exterieur\\\/172233\\\/\",\"name\":\"Opinion - Rupture des relations avec Damas : piste Bir Ali Ben Khlifa ou agenda ext\u00e9rieur ?\",\"isPartOf\":{\"@id\":\"https:\\\/\\\/www.webdo.tn\\\/fr\\\/#website\"},\"primaryImageOfPage\":{\"@id\":\"https:\\\/\\\/www.webdo.tn\\\/fr\\\/actualite\\\/national\\\/rupture-des-relations-avec-damas-piste-bir-ali-ben-khlifa-ou-agenda-exterieur\\\/172233\\\/#primaryimage\"},\"image\":{\"@id\":\"https:\\\/\\\/www.webdo.tn\\\/fr\\\/actualite\\\/national\\\/rupture-des-relations-avec-damas-piste-bir-ali-ben-khlifa-ou-agenda-exterieur\\\/172233\\\/#primaryimage\"},\"thumbnailUrl\":\"https:\\\/\\\/www.webdo.tn\\\/fr\\\/wp-content\\\/uploads\\\/2012\\\/02\\\/Tunisia-Syria-photo-crossed-flag-pins.com_.jpg\",\"datePublished\":\"2012-02-06T16:49:00+00:00\",\"dateModified\":\"2025-06-04T19:01:04+00:00\",\"description\":\"Opinion - Rupture des relations avec Damas : piste Bir Ali Ben Khlifa ou agenda ext\u00e9rieur ?\",\"breadcrumb\":{\"@id\":\"https:\\\/\\\/www.webdo.tn\\\/fr\\\/actualite\\\/national\\\/rupture-des-relations-avec-damas-piste-bir-ali-ben-khlifa-ou-agenda-exterieur\\\/172233\\\/#breadcrumb\"},\"inLanguage\":\"fr-FR\",\"potentialAction\":[{\"@type\":\"ReadAction\",\"target\":[\"https:\\\/\\\/www.webdo.tn\\\/fr\\\/actualite\\\/national\\\/rupture-des-relations-avec-damas-piste-bir-ali-ben-khlifa-ou-agenda-exterieur\\\/172233\\\/\"]}]},{\"@type\":\"ImageObject\",\"inLanguage\":\"fr-FR\",\"@id\":\"https:\\\/\\\/www.webdo.tn\\\/fr\\\/actualite\\\/national\\\/rupture-des-relations-avec-damas-piste-bir-ali-ben-khlifa-ou-agenda-exterieur\\\/172233\\\/#primaryimage\",\"url\":\"https:\\\/\\\/www.webdo.tn\\\/fr\\\/wp-content\\\/uploads\\\/2012\\\/02\\\/Tunisia-Syria-photo-crossed-flag-pins.com_.jpg\",\"contentUrl\":\"https:\\\/\\\/www.webdo.tn\\\/fr\\\/wp-content\\\/uploads\\\/2012\\\/02\\\/Tunisia-Syria-photo-crossed-flag-pins.com_.jpg\",\"width\":240,\"height\":192,\"caption\":\"Opinion - Rupture des relations avec Damas : piste Bir Ali Ben Khlifa ou agenda ext\u00e9rieur ?\"},{\"@type\":\"BreadcrumbList\",\"@id\":\"https:\\\/\\\/www.webdo.tn\\\/fr\\\/actualite\\\/national\\\/rupture-des-relations-avec-damas-piste-bir-ali-ben-khlifa-ou-agenda-exterieur\\\/172233\\\/#breadcrumb\",\"itemListElement\":[{\"@type\":\"ListItem\",\"position\":1,\"name\":\"Accueil\",\"item\":\"https:\\\/\\\/www.webdo.tn\\\/fr\\\/\"},{\"@type\":\"ListItem\",\"position\":2,\"name\":\"Opinion &#8211; Rupture des relations avec Damas : piste Bir Ali Ben Khlifa ou agenda ext\u00e9rieur ?\"}]},{\"@type\":\"WebSite\",\"@id\":\"https:\\\/\\\/www.webdo.tn\\\/fr\\\/#website\",\"url\":\"https:\\\/\\\/www.webdo.tn\\\/fr\\\/\",\"name\":\"webdo\",\"description\":\"Tunisie - News en Tunisie et \u00e0 l&#039;international sur Webdo.tn\",\"publisher\":{\"@id\":\"https:\\\/\\\/www.webdo.tn\\\/fr\\\/#organization\"},\"potentialAction\":[{\"@type\":\"SearchAction\",\"target\":{\"@type\":\"EntryPoint\",\"urlTemplate\":\"https:\\\/\\\/www.webdo.tn\\\/fr\\\/?s={search_term_string}\"},\"query-input\":{\"@type\":\"PropertyValueSpecification\",\"valueRequired\":true,\"valueName\":\"search_term_string\"}}],\"inLanguage\":\"fr-FR\"},{\"@type\":\"Organization\",\"@id\":\"https:\\\/\\\/www.webdo.tn\\\/fr\\\/#organization\",\"name\":\"Webdo\",\"alternateName\":\"Webdo.tn\",\"url\":\"https:\\\/\\\/www.webdo.tn\\\/fr\\\/\",\"logo\":{\"@type\":\"ImageObject\",\"inLanguage\":\"fr-FR\",\"@id\":\"https:\\\/\\\/www.webdo.tn\\\/fr\\\/#\\\/schema\\\/logo\\\/image\\\/\",\"url\":\"https:\\\/\\\/www.webdo.tn\\\/fr\\\/wp-content\\\/uploads\\\/2025\\\/06\\\/Webdo-Tunisie_168377.jpg\",\"contentUrl\":\"https:\\\/\\\/www.webdo.tn\\\/fr\\\/wp-content\\\/uploads\\\/2025\\\/06\\\/Webdo-Tunisie_168377.jpg\",\"width\":301,\"height\":301,\"caption\":\"Webdo\"},\"image\":{\"@id\":\"https:\\\/\\\/www.webdo.tn\\\/fr\\\/#\\\/schema\\\/logo\\\/image\\\/\"},\"sameAs\":[\"https:\\\/\\\/www.facebook.com\\\/webdotn\",\"https:\\\/\\\/x.com\\\/webdo_tn\"],\"description\":\"Webdo est un m\u00e9dia num\u00e9rique tunisien fond\u00e9 en 2010, sp\u00e9cialis\u00e9 dans l\u2019actualit\u00e9 nationale et internationale, l\u2019\u00e9conomie, la soci\u00e9t\u00e9 et les analyses politiques. Le site s\u2019adresse \u00e0 un large public francophone et couvre l\u2019information tunisienne en temps r\u00e9el.\",\"email\":\"redac@webdo.tn\",\"legalName\":\"YNJ SARL\",\"foundingDate\":\"2010-09-06\",\"numberOfEmployees\":{\"@type\":\"QuantitativeValue\",\"minValue\":\"11\",\"maxValue\":\"50\"}},{\"@type\":\"Person\",\"@id\":\"https:\\\/\\\/www.webdo.tn\\\/fr\\\/#\\\/schema\\\/person\\\/9a9c6118d687c117df8ef3cc36a4d175\",\"name\":\"webdo.tn\",\"image\":{\"@type\":\"ImageObject\",\"inLanguage\":\"fr-FR\",\"@id\":\"https:\\\/\\\/secure.gravatar.com\\\/avatar\\\/7ce1f28c0c3bbac99ff550b85ef8e44a6950c6ee24514fb6a5489e51d06f0298?s=96&d=mm&r=g\",\"url\":\"https:\\\/\\\/secure.gravatar.com\\\/avatar\\\/7ce1f28c0c3bbac99ff550b85ef8e44a6950c6ee24514fb6a5489e51d06f0298?s=96&d=mm&r=g\",\"contentUrl\":\"https:\\\/\\\/secure.gravatar.com\\\/avatar\\\/7ce1f28c0c3bbac99ff550b85ef8e44a6950c6ee24514fb6a5489e51d06f0298?s=96&d=mm&r=g\",\"caption\":\"webdo.tn\"},\"url\":\"https:\\\/\\\/www.webdo.tn\\\/fr\\\/actualite\\\/author\\\/webdotn\\\/\"}]}<\/script>\n<!-- \/ Yoast SEO Premium plugin. -->","yoast_head_json":{"title":"Opinion - Rupture des relations avec Damas : piste Bir Ali Ben Khlifa ou agenda ext\u00e9rieur ?","description":"Opinion - Rupture des relations avec Damas : piste Bir Ali Ben Khlifa ou agenda ext\u00e9rieur ?","canonical":"https:\/\/www.webdo.tn\/fr\/actualite\/national\/rupture-des-relations-avec-damas-piste-bir-ali-ben-khlifa-ou-agenda-exterieur\/172233\/","og_locale":"fr_FR","og_type":"article","og_title":"Opinion - Rupture des relations avec Damas : piste Bir Ali Ben Khlifa ou agenda ext\u00e9rieur ?","og_description":"Opinion - Rupture des relations avec Damas : piste Bir Ali Ben Khlifa ou agenda ext\u00e9rieur ?","og_url":"https:\/\/www.webdo.tn\/fr\/actualite\/national\/rupture-des-relations-avec-damas-piste-bir-ali-ben-khlifa-ou-agenda-exterieur\/172233\/","og_site_name":"webdo","article_publisher":"https:\/\/www.facebook.com\/webdotn","article_published_time":"2012-02-06T16:49:00+00:00","article_modified_time":"2025-06-04T19:01:04+00:00","og_image":[{"width":240,"height":192,"url":"https:\/\/www.webdo.tn\/fr\/wp-content\/uploads\/2012\/02\/Tunisia-Syria-photo-crossed-flag-pins.com_.jpg","type":"image\/jpeg"}],"author":"webdo.tn","twitter_card":"summary_large_image","twitter_creator":"@webdo_tn","twitter_site":"@webdo_tn","twitter_misc":{"\u00c9crit par":"webdo.tn","Dur\u00e9e de lecture estim\u00e9e":"3 minutes"},"schema":{"@context":"https:\/\/schema.org","@graph":[{"@type":"NewsArticle","@id":"https:\/\/www.webdo.tn\/fr\/actualite\/national\/rupture-des-relations-avec-damas-piste-bir-ali-ben-khlifa-ou-agenda-exterieur\/172233\/#article","isPartOf":{"@id":"https:\/\/www.webdo.tn\/fr\/actualite\/national\/rupture-des-relations-avec-damas-piste-bir-ali-ben-khlifa-ou-agenda-exterieur\/172233\/"},"author":{"name":"webdo.tn","@id":"https:\/\/www.webdo.tn\/fr\/#\/schema\/person\/9a9c6118d687c117df8ef3cc36a4d175"},"headline":"Opinion &#8211; Rupture des relations avec Damas : piste Bir Ali Ben Khlifa ou agenda ext\u00e9rieur ?","datePublished":"2012-02-06T16:49:00+00:00","dateModified":"2025-06-04T19:01:04+00:00","mainEntityOfPage":{"@id":"https:\/\/www.webdo.tn\/fr\/actualite\/national\/rupture-des-relations-avec-damas-piste-bir-ali-ben-khlifa-ou-agenda-exterieur\/172233\/"},"wordCount":603,"commentCount":0,"publisher":{"@id":"https:\/\/www.webdo.tn\/fr\/#organization"},"image":{"@id":"https:\/\/www.webdo.tn\/fr\/actualite\/national\/rupture-des-relations-avec-damas-piste-bir-ali-ben-khlifa-ou-agenda-exterieur\/172233\/#primaryimage"},"thumbnailUrl":"https:\/\/www.webdo.tn\/fr\/wp-content\/uploads\/2012\/02\/Tunisia-Syria-photo-crossed-flag-pins.com_.jpg","articleSection":["National"],"inLanguage":"fr-FR"},{"@type":"WebPage","@id":"https:\/\/www.webdo.tn\/fr\/actualite\/national\/rupture-des-relations-avec-damas-piste-bir-ali-ben-khlifa-ou-agenda-exterieur\/172233\/","url":"https:\/\/www.webdo.tn\/fr\/actualite\/national\/rupture-des-relations-avec-damas-piste-bir-ali-ben-khlifa-ou-agenda-exterieur\/172233\/","name":"Opinion - Rupture des relations avec Damas : piste Bir Ali Ben Khlifa ou agenda ext\u00e9rieur ?","isPartOf":{"@id":"https:\/\/www.webdo.tn\/fr\/#website"},"primaryImageOfPage":{"@id":"https:\/\/www.webdo.tn\/fr\/actualite\/national\/rupture-des-relations-avec-damas-piste-bir-ali-ben-khlifa-ou-agenda-exterieur\/172233\/#primaryimage"},"image":{"@id":"https:\/\/www.webdo.tn\/fr\/actualite\/national\/rupture-des-relations-avec-damas-piste-bir-ali-ben-khlifa-ou-agenda-exterieur\/172233\/#primaryimage"},"thumbnailUrl":"https:\/\/www.webdo.tn\/fr\/wp-content\/uploads\/2012\/02\/Tunisia-Syria-photo-crossed-flag-pins.com_.jpg","datePublished":"2012-02-06T16:49:00+00:00","dateModified":"2025-06-04T19:01:04+00:00","description":"Opinion - Rupture des relations avec Damas : piste Bir Ali Ben Khlifa ou agenda ext\u00e9rieur ?","breadcrumb":{"@id":"https:\/\/www.webdo.tn\/fr\/actualite\/national\/rupture-des-relations-avec-damas-piste-bir-ali-ben-khlifa-ou-agenda-exterieur\/172233\/#breadcrumb"},"inLanguage":"fr-FR","potentialAction":[{"@type":"ReadAction","target":["https:\/\/www.webdo.tn\/fr\/actualite\/national\/rupture-des-relations-avec-damas-piste-bir-ali-ben-khlifa-ou-agenda-exterieur\/172233\/"]}]},{"@type":"ImageObject","inLanguage":"fr-FR","@id":"https:\/\/www.webdo.tn\/fr\/actualite\/national\/rupture-des-relations-avec-damas-piste-bir-ali-ben-khlifa-ou-agenda-exterieur\/172233\/#primaryimage","url":"https:\/\/www.webdo.tn\/fr\/wp-content\/uploads\/2012\/02\/Tunisia-Syria-photo-crossed-flag-pins.com_.jpg","contentUrl":"https:\/\/www.webdo.tn\/fr\/wp-content\/uploads\/2012\/02\/Tunisia-Syria-photo-crossed-flag-pins.com_.jpg","width":240,"height":192,"caption":"Opinion - Rupture des relations avec Damas : piste Bir Ali Ben Khlifa ou agenda ext\u00e9rieur ?"},{"@type":"BreadcrumbList","@id":"https:\/\/www.webdo.tn\/fr\/actualite\/national\/rupture-des-relations-avec-damas-piste-bir-ali-ben-khlifa-ou-agenda-exterieur\/172233\/#breadcrumb","itemListElement":[{"@type":"ListItem","position":1,"name":"Accueil","item":"https:\/\/www.webdo.tn\/fr\/"},{"@type":"ListItem","position":2,"name":"Opinion &#8211; Rupture des relations avec Damas : piste Bir Ali Ben Khlifa ou agenda ext\u00e9rieur ?"}]},{"@type":"WebSite","@id":"https:\/\/www.webdo.tn\/fr\/#website","url":"https:\/\/www.webdo.tn\/fr\/","name":"webdo","description":"Tunisie - News en Tunisie et \u00e0 l&#039;international sur Webdo.tn","publisher":{"@id":"https:\/\/www.webdo.tn\/fr\/#organization"},"potentialAction":[{"@type":"SearchAction","target":{"@type":"EntryPoint","urlTemplate":"https:\/\/www.webdo.tn\/fr\/?s={search_term_string}"},"query-input":{"@type":"PropertyValueSpecification","valueRequired":true,"valueName":"search_term_string"}}],"inLanguage":"fr-FR"},{"@type":"Organization","@id":"https:\/\/www.webdo.tn\/fr\/#organization","name":"Webdo","alternateName":"Webdo.tn","url":"https:\/\/www.webdo.tn\/fr\/","logo":{"@type":"ImageObject","inLanguage":"fr-FR","@id":"https:\/\/www.webdo.tn\/fr\/#\/schema\/logo\/image\/","url":"https:\/\/www.webdo.tn\/fr\/wp-content\/uploads\/2025\/06\/Webdo-Tunisie_168377.jpg","contentUrl":"https:\/\/www.webdo.tn\/fr\/wp-content\/uploads\/2025\/06\/Webdo-Tunisie_168377.jpg","width":301,"height":301,"caption":"Webdo"},"image":{"@id":"https:\/\/www.webdo.tn\/fr\/#\/schema\/logo\/image\/"},"sameAs":["https:\/\/www.facebook.com\/webdotn","https:\/\/x.com\/webdo_tn"],"description":"Webdo est un m\u00e9dia num\u00e9rique tunisien fond\u00e9 en 2010, sp\u00e9cialis\u00e9 dans l\u2019actualit\u00e9 nationale et internationale, l\u2019\u00e9conomie, la soci\u00e9t\u00e9 et les analyses politiques. Le site s\u2019adresse \u00e0 un large public francophone et couvre l\u2019information tunisienne en temps r\u00e9el.","email":"redac@webdo.tn","legalName":"YNJ SARL","foundingDate":"2010-09-06","numberOfEmployees":{"@type":"QuantitativeValue","minValue":"11","maxValue":"50"}},{"@type":"Person","@id":"https:\/\/www.webdo.tn\/fr\/#\/schema\/person\/9a9c6118d687c117df8ef3cc36a4d175","name":"webdo.tn","image":{"@type":"ImageObject","inLanguage":"fr-FR","@id":"https:\/\/secure.gravatar.com\/avatar\/7ce1f28c0c3bbac99ff550b85ef8e44a6950c6ee24514fb6a5489e51d06f0298?s=96&d=mm&r=g","url":"https:\/\/secure.gravatar.com\/avatar\/7ce1f28c0c3bbac99ff550b85ef8e44a6950c6ee24514fb6a5489e51d06f0298?s=96&d=mm&r=g","contentUrl":"https:\/\/secure.gravatar.com\/avatar\/7ce1f28c0c3bbac99ff550b85ef8e44a6950c6ee24514fb6a5489e51d06f0298?s=96&d=mm&r=g","caption":"webdo.tn"},"url":"https:\/\/www.webdo.tn\/fr\/actualite\/author\/webdotn\/"}]}},"_links":{"self":[{"href":"https:\/\/www.webdo.tn\/fr\/wp-json\/wp\/v2\/posts\/172233","targetHints":{"allow":["GET"]}}],"collection":[{"href":"https:\/\/www.webdo.tn\/fr\/wp-json\/wp\/v2\/posts"}],"about":[{"href":"https:\/\/www.webdo.tn\/fr\/wp-json\/wp\/v2\/types\/post"}],"author":[{"embeddable":true,"href":"https:\/\/www.webdo.tn\/fr\/wp-json\/wp\/v2\/users\/3222"}],"replies":[{"embeddable":true,"href":"https:\/\/www.webdo.tn\/fr\/wp-json\/wp\/v2\/comments?post=172233"}],"version-history":[{"count":0,"href":"https:\/\/www.webdo.tn\/fr\/wp-json\/wp\/v2\/posts\/172233\/revisions"}],"wp:featuredmedia":[{"embeddable":true,"href":"https:\/\/www.webdo.tn\/fr\/wp-json\/wp\/v2\/media\/333782"}],"wp:attachment":[{"href":"https:\/\/www.webdo.tn\/fr\/wp-json\/wp\/v2\/media?parent=172233"}],"wp:term":[{"taxonomy":"category","embeddable":true,"href":"https:\/\/www.webdo.tn\/fr\/wp-json\/wp\/v2\/categories?post=172233"},{"taxonomy":"post_tag","embeddable":true,"href":"https:\/\/www.webdo.tn\/fr\/wp-json\/wp\/v2\/tags?post=172233"}],"curies":[{"name":"wp","href":"https:\/\/api.w.org\/{rel}","templated":true}]}}